{"id":10437,"date":"2023-05-17T15:06:37","date_gmt":"2023-05-17T13:06:37","guid":{"rendered":"https:\/\/virtualnimuzej.aspira.hr\/?p=10437"},"modified":"2023-10-11T11:56:55","modified_gmt":"2023-10-11T09:56:55","slug":"wilfred-luis-gutierres-from-lima","status":"publish","type":"post","link":"https:\/\/virtualnimuzej.aspira.hr\/en\/wilfred-luis-gutierres-from-lima\/","title":{"rendered":"WILFRED LUIS GUTIERRES FROM LIMA"},"content":{"rendered":"<p>&nbsp;<\/p>\n<p>LUKA BOROJEVI\u0106, son of Marko and Nediljka Sredli\u0107 Kragi\u0107, was born in Split on October 9, 1860. In 1906, he emigrated to the north in the mountainous part of Peru to the town of Huallanca. He had the El Socorro silver mine there. In Split, he was survived by his brother Mate (born in 1856), who married Marija Matkovi\u0107. Their six children were: Vicko (born in 1885, married to the Czech Barbara Pale\u010dek, they had a son Miljenko 1911 &#8211; 1978, married to Marija with whom he had a son Vinko), Andrijana (1886, unmarried), Ivanica (1888 &#8211; 1890), Stefanija Elizabeta (1890 &#8211; 1958, unmarried), Marko and Antoneta married to Giudica, whose descendants live in the Chicago area.<\/p>\n<p>At the end of the 19th century, the family changed its surname to Borovi\u0107.<\/p>\n<p>The son of Luka Borojevi\u0107 (today Borrovic), Alejandro Borrovic Alonzo married Marciala Gaspar. From this marriage, Helen Borrovic Gaspar was born, who married Carlos Guti\u00e9rrez Pardo, and they had a son, Wilfreddy Lucas Gutierrez Borrovic. His son, a lawyer and doctor of law, Wilfreddy Luis Gutierres Solorzano, sent us information about his family.<\/p>\n<p>&nbsp;<\/p>\n<p><img decoding=\"async\" class=\"alignnone size-full wp-image-10441\" src=\"https:\/\/virtualnimuzej.aspira.hr\/wp-content\/uploads\/2023\/05\/DNI-ACTUAL-2022-WILFREDDY_page-0001-1.jpg\" alt=\"\" width=\"198\" height=\"300\" \/>\u00a0 \u00a0 \u00a0 <img decoding=\"async\" class=\"alignnone size-medium wp-image-10444\" src=\"https:\/\/virtualnimuzej.aspira.hr\/wp-content\/uploads\/2023\/05\/partida-de-nacimiento-2023-wilfreddy_page-0001-1-213x300.jpg\" alt=\"\" width=\"213\" height=\"300\" srcset=\"https:\/\/virtualnimuzej.aspira.hr\/wp-content\/uploads\/2023\/05\/partida-de-nacimiento-2023-wilfreddy_page-0001-1-200x281.jpg 200w, https:\/\/virtualnimuzej.aspira.hr\/wp-content\/uploads\/2023\/05\/partida-de-nacimiento-2023-wilfreddy_page-0001-1-213x300.jpg 213w, https:\/\/virtualnimuzej.aspira.hr\/wp-content\/uploads\/2023\/05\/partida-de-nacimiento-2023-wilfreddy_page-0001-1-400x562.jpg 400w, https:\/\/virtualnimuzej.aspira.hr\/wp-content\/uploads\/2023\/05\/partida-de-nacimiento-2023-wilfreddy_page-0001-1.jpg 569w\" sizes=\"(max-width: 213px) 100vw, 213px\" \/><\/p>\n<p>Wilfred Luis and his birth certificate<\/p>\n<p>&nbsp;<\/p>\n<p><img decoding=\"async\" class=\"alignnone wp-image-10623\" src=\"https:\/\/virtualnimuzej.aspira.hr\/wp-content\/uploads\/2023\/05\/wilfreddy-lucas-gutierrez-borrovic-1-300x293.jpg\" alt=\"\" width=\"235\" height=\"230\" srcset=\"https:\/\/virtualnimuzej.aspira.hr\/wp-content\/uploads\/2023\/05\/wilfreddy-lucas-gutierrez-borrovic-1-66x66.jpg 66w, https:\/\/virtualnimuzej.aspira.hr\/wp-content\/uploads\/2023\/05\/wilfreddy-lucas-gutierrez-borrovic-1-200x195.jpg 200w, https:\/\/virtualnimuzej.aspira.hr\/wp-content\/uploads\/2023\/05\/wilfreddy-lucas-gutierrez-borrovic-1-300x293.jpg 300w, https:\/\/virtualnimuzej.aspira.hr\/wp-content\/uploads\/2023\/05\/wilfreddy-lucas-gutierrez-borrovic-1-400x390.jpg 400w, https:\/\/virtualnimuzej.aspira.hr\/wp-content\/uploads\/2023\/05\/wilfreddy-lucas-gutierrez-borrovic-1-600x585.jpg 600w, https:\/\/virtualnimuzej.aspira.hr\/wp-content\/uploads\/2023\/05\/wilfreddy-lucas-gutierrez-borrovic-1-768x749.jpg 768w, https:\/\/virtualnimuzej.aspira.hr\/wp-content\/uploads\/2023\/05\/wilfreddy-lucas-gutierrez-borrovic-1.jpg 800w\" sizes=\"(max-width: 235px) 100vw, 235px\" \/>\u00a0 <img decoding=\"async\" class=\"alignnone size-medium wp-image-10620\" src=\"https:\/\/virtualnimuzej.aspira.hr\/wp-content\/uploads\/2023\/05\/acta-de-defuncion-wilfreddy-lucas-24-08-2009-300x231.jpg\" alt=\"\" width=\"300\" height=\"231\" srcset=\"https:\/\/virtualnimuzej.aspira.hr\/wp-content\/uploads\/2023\/05\/acta-de-defuncion-wilfreddy-lucas-24-08-2009-200x154.jpg 200w, https:\/\/virtualnimuzej.aspira.hr\/wp-content\/uploads\/2023\/05\/acta-de-defuncion-wilfreddy-lucas-24-08-2009-300x231.jpg 300w, https:\/\/virtualnimuzej.aspira.hr\/wp-content\/uploads\/2023\/05\/acta-de-defuncion-wilfreddy-lucas-24-08-2009-400x308.jpg 400w, https:\/\/virtualnimuzej.aspira.hr\/wp-content\/uploads\/2023\/05\/acta-de-defuncion-wilfreddy-lucas-24-08-2009-600x461.jpg 600w, https:\/\/virtualnimuzej.aspira.hr\/wp-content\/uploads\/2023\/05\/acta-de-defuncion-wilfreddy-lucas-24-08-2009-768x590.jpg 768w, https:\/\/virtualnimuzej.aspira.hr\/wp-content\/uploads\/2023\/05\/acta-de-defuncion-wilfreddy-lucas-24-08-2009.jpg 800w\" sizes=\"(max-width: 300px) 100vw, 300px\" \/><\/p>\n<p>Wilfreddy Lucas Gutierres Borrovic and his death certificate<\/p>\n<p>&nbsp;<\/p>\n<p><img decoding=\"async\" class=\"alignnone size-medium wp-image-10447\" src=\"https:\/\/virtualnimuzej.aspira.hr\/wp-content\/uploads\/2023\/05\/IMG-20230216-WA0048-1-300x66.jpg\" alt=\"\" width=\"300\" height=\"66\" srcset=\"https:\/\/virtualnimuzej.aspira.hr\/wp-content\/uploads\/2023\/05\/IMG-20230216-WA0048-1-200x44.jpg 200w, https:\/\/virtualnimuzej.aspira.hr\/wp-content\/uploads\/2023\/05\/IMG-20230216-WA0048-1-300x66.jpg 300w, https:\/\/virtualnimuzej.aspira.hr\/wp-content\/uploads\/2023\/05\/IMG-20230216-WA0048-1-400x89.jpg 400w, https:\/\/virtualnimuzej.aspira.hr\/wp-content\/uploads\/2023\/05\/IMG-20230216-WA0048-1-600x133.jpg 600w, https:\/\/virtualnimuzej.aspira.hr\/wp-content\/uploads\/2023\/05\/IMG-20230216-WA0048-1-768x170.jpg 768w, https:\/\/virtualnimuzej.aspira.hr\/wp-content\/uploads\/2023\/05\/IMG-20230216-WA0048-1.jpg 800w\" sizes=\"(max-width: 300px) 100vw, 300px\" \/><\/p>\n<p><img decoding=\"async\" class=\"alignnone size-medium wp-image-10450\" src=\"https:\/\/virtualnimuzej.aspira.hr\/wp-content\/uploads\/2023\/05\/izvod-iz-MKR-sv.Duje_-1-300x47.jpg\" alt=\"\" width=\"300\" height=\"47\" srcset=\"https:\/\/virtualnimuzej.aspira.hr\/wp-content\/uploads\/2023\/05\/izvod-iz-MKR-sv.Duje_-1-200x31.jpg 200w, https:\/\/virtualnimuzej.aspira.hr\/wp-content\/uploads\/2023\/05\/izvod-iz-MKR-sv.Duje_-1-300x47.jpg 300w, https:\/\/virtualnimuzej.aspira.hr\/wp-content\/uploads\/2023\/05\/izvod-iz-MKR-sv.Duje_-1-400x62.jpg 400w, https:\/\/virtualnimuzej.aspira.hr\/wp-content\/uploads\/2023\/05\/izvod-iz-MKR-sv.Duje_-1-600x93.jpg 600w, https:\/\/virtualnimuzej.aspira.hr\/wp-content\/uploads\/2023\/05\/izvod-iz-MKR-sv.Duje_-1-768x119.jpg 768w, https:\/\/virtualnimuzej.aspira.hr\/wp-content\/uploads\/2023\/05\/izvod-iz-MKR-sv.Duje_-1.jpg 800w\" sizes=\"(max-width: 300px) 100vw, 300px\" \/><\/p>\n<p>Birth certificate of Wilfred Luis&#8217;s Great grandfather Luka Boroevi\u0107 born in Split in 1860 at sv. Duje parish.<\/p>\n<p>&nbsp;<\/p>\n<p><img decoding=\"async\" class=\"alignnone size-medium wp-image-10453\" src=\"https:\/\/virtualnimuzej.aspira.hr\/wp-content\/uploads\/2023\/05\/IMG-20230216-WA0045-1-173x300.jpg\" alt=\"\" width=\"173\" height=\"300\" srcset=\"https:\/\/virtualnimuzej.aspira.hr\/wp-content\/uploads\/2023\/05\/IMG-20230216-WA0045-1-173x300.jpg 173w, https:\/\/virtualnimuzej.aspira.hr\/wp-content\/uploads\/2023\/05\/IMG-20230216-WA0045-1-200x347.jpg 200w, https:\/\/virtualnimuzej.aspira.hr\/wp-content\/uploads\/2023\/05\/IMG-20230216-WA0045-1-400x694.jpg 400w, https:\/\/virtualnimuzej.aspira.hr\/wp-content\/uploads\/2023\/05\/IMG-20230216-WA0045-1.jpg 461w\" sizes=\"(max-width: 173px) 100vw, 173px\" \/>\u00a0 \u00a0 \u00a0 \u00a0 \u00a0 \u00a0 \u00a0 <img decoding=\"async\" class=\"alignnone size-medium wp-image-10456\" src=\"https:\/\/virtualnimuzej.aspira.hr\/wp-content\/uploads\/2023\/05\/Stefani-Elizabeta-Boroevic-1-218x300.jpg\" alt=\"\" width=\"218\" height=\"300\" srcset=\"https:\/\/virtualnimuzej.aspira.hr\/wp-content\/uploads\/2023\/05\/Stefani-Elizabeta-Boroevic-1-200x275.jpg 200w, https:\/\/virtualnimuzej.aspira.hr\/wp-content\/uploads\/2023\/05\/Stefani-Elizabeta-Boroevic-1-218x300.jpg 218w, https:\/\/virtualnimuzej.aspira.hr\/wp-content\/uploads\/2023\/05\/Stefani-Elizabeta-Boroevic-1-400x551.jpg 400w, https:\/\/virtualnimuzej.aspira.hr\/wp-content\/uploads\/2023\/05\/Stefani-Elizabeta-Boroevic-1.jpg 464w\" sizes=\"(max-width: 218px) 100vw, 218px\" \/><\/p>\n<p>Stefania Elizabeth, Luka&#8217;s sister from Split<\/p>\n","protected":false},"excerpt":{"rendered":"<p>&nbsp; LUKA BOROJEVI\u0106, son of Marko and Nediljka Sredli\u0107 Kragi\u0107, was born in Split on October 9, 1860. In 1906, he emigrated to the north in the mountainous part of [&hellip;]<\/p>\n","protected":false},"author":1,"featured_media":10438,"comment_status":"open","ping_status":"open","sticky":false,"template":"","format":"standard","meta":{"footnotes":""},"categories":[65],"tags":[],"class_list":["post-10437","post","type-post","status-publish","format-standard","has-post-thumbnail","hentry","category-peru-en"],"yoast_head":"<!-- This site is optimized with the Yoast SEO plugin v20.7 - https:\/\/yoast.com\/wordpress\/plugins\/seo\/ -->\n<title>WILFRED LUIS GUTIERRES FROM LIMA - Aspira Virtualni Muzej iseljeni\u0161tva Dalmacije<\/title>\n<meta name=\"robots\" content=\"index, follow, max-snippet:-1, max-image-preview:large, max-video-preview:-1\" \/>\n<link rel=\"canonical\" href=\"https:\/\/virtualnimuzej.aspira.hr\/en\/wilfred-luis-gutierres-from-lima\/\" \/>\n<meta property=\"og:locale\" content=\"en_US\" \/>\n<meta property=\"og:type\" content=\"article\" \/>\n<meta property=\"og:title\" content=\"WILFRED LUIS GUTIERRES FROM LIMA - Aspira Virtualni Muzej iseljeni\u0161tva Dalmacije\" \/>\n<meta property=\"og:description\" content=\"&nbsp; LUKA BOROJEVI\u0106, son of Marko and Nediljka Sredli\u0107 Kragi\u0107, was born in Split on October 9, 1860. In 1906, he emigrated to the north in the mountainous part of [&hellip;]\" \/>\n<meta property=\"og:url\" content=\"https:\/\/virtualnimuzej.aspira.hr\/en\/wilfred-luis-gutierres-from-lima\/\" \/>\n<meta property=\"og:site_name\" content=\"Aspira Virtualni Muzej iseljeni\u0161tva Dalmacije\" \/>\n<meta property=\"article:published_time\" content=\"2023-05-17T13:06:37+00:00\" \/>\n<meta property=\"article:modified_time\" content=\"2023-10-11T09:56:55+00:00\" \/>\n<meta property=\"og:image\" content=\"https:\/\/virtualnimuzej.aspira.hr\/wp-content\/uploads\/2023\/05\/Vista_de_Huallanca_desde_Huamantanga-1.jpg\" \/>\n\t<meta property=\"og:image:width\" content=\"800\" \/>\n\t<meta property=\"og:image:height\" content=\"600\" \/>\n\t<meta property=\"og:image:type\" content=\"image\/jpeg\" \/>\n<meta name=\"author\" content=\"VmuzejAspira\" \/>\n<meta name=\"twitter:card\" content=\"summary_large_image\" \/>\n<meta name=\"twitter:label1\" content=\"Written by\" \/>\n\t<meta name=\"twitter:data1\" content=\"VmuzejAspira\" \/>\n\t<meta name=\"twitter:label2\" content=\"Est. reading time\" \/>\n\t<meta name=\"twitter:data2\" content=\"3 minutes\" \/>\n<script type=\"application\/ld+json\" class=\"yoast-schema-graph\">{\"@context\":\"https:\/\/schema.org\",\"@graph\":[{\"@type\":\"WebPage\",\"@id\":\"https:\/\/virtualnimuzej.aspira.hr\/en\/wilfred-luis-gutierres-from-lima\/\",\"url\":\"https:\/\/virtualnimuzej.aspira.hr\/en\/wilfred-luis-gutierres-from-lima\/\",\"name\":\"WILFRED LUIS GUTIERRES FROM LIMA - Aspira Virtualni Muzej iseljeni\u0161tva Dalmacije\",\"isPartOf\":{\"@id\":\"https:\/\/virtualnimuzej.aspira.hr\/#website\"},\"datePublished\":\"2023-05-17T13:06:37+00:00\",\"dateModified\":\"2023-10-11T09:56:55+00:00\",\"author\":{\"@id\":\"https:\/\/virtualnimuzej.aspira.hr\/#\/schema\/person\/8b28048370e78968988c04d6f1ba104d\"},\"breadcrumb\":{\"@id\":\"https:\/\/virtualnimuzej.aspira.hr\/en\/wilfred-luis-gutierres-from-lima\/#breadcrumb\"},\"inLanguage\":\"en-US\",\"potentialAction\":[{\"@type\":\"ReadAction\",\"target\":[\"https:\/\/virtualnimuzej.aspira.hr\/en\/wilfred-luis-gutierres-from-lima\/\"]}]},{\"@type\":\"BreadcrumbList\",\"@id\":\"https:\/\/virtualnimuzej.aspira.hr\/en\/wilfred-luis-gutierres-from-lima\/#breadcrumb\",\"itemListElement\":[{\"@type\":\"ListItem\",\"position\":1,\"name\":\"Naslovna\",\"item\":\"https:\/\/virtualnimuzej.aspira.hr\/en\/\"},{\"@type\":\"ListItem\",\"position\":2,\"name\":\"WILFRED LUIS GUTIERRES FROM LIMA\"}]},{\"@type\":\"WebSite\",\"@id\":\"https:\/\/virtualnimuzej.aspira.hr\/#website\",\"url\":\"https:\/\/virtualnimuzej.aspira.hr\/\",\"name\":\"Aspira Virtualni Muzej iseljeni\u0161tva Dalmacije\",\"description\":\"Muzej iseljeni\u0161tva je zami\u0161ljen kao mjesto skupljanja i prezentacije gra\u0111e o hrvatskom iseljeni\u0161tvu i povijesti iseljavanja koja nikada nije bila dovoljno istra\u017eena.\",\"potentialAction\":[{\"@type\":\"SearchAction\",\"target\":{\"@type\":\"EntryPoint\",\"urlTemplate\":\"https:\/\/virtualnimuzej.aspira.hr\/?s={search_term_string}\"},\"query-input\":\"required name=search_term_string\"}],\"inLanguage\":\"en-US\"},{\"@type\":\"Person\",\"@id\":\"https:\/\/virtualnimuzej.aspira.hr\/#\/schema\/person\/8b28048370e78968988c04d6f1ba104d\",\"name\":\"VmuzejAspira\",\"image\":{\"@type\":\"ImageObject\",\"inLanguage\":\"en-US\",\"@id\":\"https:\/\/virtualnimuzej.aspira.hr\/#\/schema\/person\/image\/\",\"url\":\"https:\/\/secure.gravatar.com\/avatar\/cfa7124a34eec5233efffe1e8fb23c18bb83abdb6129e8f47c9144109613a228?s=96&d=mm&r=g\",\"contentUrl\":\"https:\/\/secure.gravatar.com\/avatar\/cfa7124a34eec5233efffe1e8fb23c18bb83abdb6129e8f47c9144109613a228?s=96&d=mm&r=g\",\"caption\":\"VmuzejAspira\"},\"sameAs\":[\"http:\/\/virtualnimuzej.aspira.hr\"],\"url\":\"https:\/\/virtualnimuzej.aspira.hr\/en\/author\/vmuzejaspira\/\"}]}<\/script>\n<!-- \/ Yoast SEO plugin. -->","yoast_head_json":{"title":"WILFRED LUIS GUTIERRES FROM LIMA - Aspira Virtualni Muzej iseljeni\u0161tva Dalmacije","robots":{"index":"index","follow":"follow","max-snippet":"max-snippet:-1","max-image-preview":"max-image-preview:large","max-video-preview":"max-video-preview:-1"},"canonical":"https:\/\/virtualnimuzej.aspira.hr\/en\/wilfred-luis-gutierres-from-lima\/","og_locale":"en_US","og_type":"article","og_title":"WILFRED LUIS GUTIERRES FROM LIMA - Aspira Virtualni Muzej iseljeni\u0161tva Dalmacije","og_description":"&nbsp; LUKA BOROJEVI\u0106, son of Marko and Nediljka Sredli\u0107 Kragi\u0107, was born in Split on October 9, 1860. In 1906, he emigrated to the north in the mountainous part of [&hellip;]","og_url":"https:\/\/virtualnimuzej.aspira.hr\/en\/wilfred-luis-gutierres-from-lima\/","og_site_name":"Aspira Virtualni Muzej iseljeni\u0161tva Dalmacije","article_published_time":"2023-05-17T13:06:37+00:00","article_modified_time":"2023-10-11T09:56:55+00:00","og_image":[{"width":800,"height":600,"url":"https:\/\/virtualnimuzej.aspira.hr\/wp-content\/uploads\/2023\/05\/Vista_de_Huallanca_desde_Huamantanga-1.jpg","type":"image\/jpeg"}],"author":"VmuzejAspira","twitter_card":"summary_large_image","twitter_misc":{"Written by":"VmuzejAspira","Est. reading time":"3 minutes"},"schema":{"@context":"https:\/\/schema.org","@graph":[{"@type":"WebPage","@id":"https:\/\/virtualnimuzej.aspira.hr\/en\/wilfred-luis-gutierres-from-lima\/","url":"https:\/\/virtualnimuzej.aspira.hr\/en\/wilfred-luis-gutierres-from-lima\/","name":"WILFRED LUIS GUTIERRES FROM LIMA - Aspira Virtualni Muzej iseljeni\u0161tva Dalmacije","isPartOf":{"@id":"https:\/\/virtualnimuzej.aspira.hr\/#website"},"datePublished":"2023-05-17T13:06:37+00:00","dateModified":"2023-10-11T09:56:55+00:00","author":{"@id":"https:\/\/virtualnimuzej.aspira.hr\/#\/schema\/person\/8b28048370e78968988c04d6f1ba104d"},"breadcrumb":{"@id":"https:\/\/virtualnimuzej.aspira.hr\/en\/wilfred-luis-gutierres-from-lima\/#breadcrumb"},"inLanguage":"en-US","potentialAction":[{"@type":"ReadAction","target":["https:\/\/virtualnimuzej.aspira.hr\/en\/wilfred-luis-gutierres-from-lima\/"]}]},{"@type":"BreadcrumbList","@id":"https:\/\/virtualnimuzej.aspira.hr\/en\/wilfred-luis-gutierres-from-lima\/#breadcrumb","itemListElement":[{"@type":"ListItem","position":1,"name":"Naslovna","item":"https:\/\/virtualnimuzej.aspira.hr\/en\/"},{"@type":"ListItem","position":2,"name":"WILFRED LUIS GUTIERRES FROM LIMA"}]},{"@type":"WebSite","@id":"https:\/\/virtualnimuzej.aspira.hr\/#website","url":"https:\/\/virtualnimuzej.aspira.hr\/","name":"Aspira Virtualni Muzej iseljeni\u0161tva Dalmacije","description":"Muzej iseljeni\u0161tva je zami\u0161ljen kao mjesto skupljanja i prezentacije gra\u0111e o hrvatskom iseljeni\u0161tvu i povijesti iseljavanja koja nikada nije bila dovoljno istra\u017eena.","potentialAction":[{"@type":"SearchAction","target":{"@type":"EntryPoint","urlTemplate":"https:\/\/virtualnimuzej.aspira.hr\/?s={search_term_string}"},"query-input":"required name=search_term_string"}],"inLanguage":"en-US"},{"@type":"Person","@id":"https:\/\/virtualnimuzej.aspira.hr\/#\/schema\/person\/8b28048370e78968988c04d6f1ba104d","name":"VmuzejAspira","image":{"@type":"ImageObject","inLanguage":"en-US","@id":"https:\/\/virtualnimuzej.aspira.hr\/#\/schema\/person\/image\/","url":"https:\/\/secure.gravatar.com\/avatar\/cfa7124a34eec5233efffe1e8fb23c18bb83abdb6129e8f47c9144109613a228?s=96&d=mm&r=g","contentUrl":"https:\/\/secure.gravatar.com\/avatar\/cfa7124a34eec5233efffe1e8fb23c18bb83abdb6129e8f47c9144109613a228?s=96&d=mm&r=g","caption":"VmuzejAspira"},"sameAs":["http:\/\/virtualnimuzej.aspira.hr"],"url":"https:\/\/virtualnimuzej.aspira.hr\/en\/author\/vmuzejaspira\/"}]}},"_links":{"self":[{"href":"https:\/\/virtualnimuzej.aspira.hr\/en\/wp-json\/wp\/v2\/posts\/10437","targetHints":{"allow":["GET"]}}],"collection":[{"href":"https:\/\/virtualnimuzej.aspira.hr\/en\/wp-json\/wp\/v2\/posts"}],"about":[{"href":"https:\/\/virtualnimuzej.aspira.hr\/en\/wp-json\/wp\/v2\/types\/post"}],"author":[{"embeddable":true,"href":"https:\/\/virtualnimuzej.aspira.hr\/en\/wp-json\/wp\/v2\/users\/1"}],"replies":[{"embeddable":true,"href":"https:\/\/virtualnimuzej.aspira.hr\/en\/wp-json\/wp\/v2\/comments?post=10437"}],"version-history":[{"count":5,"href":"https:\/\/virtualnimuzej.aspira.hr\/en\/wp-json\/wp\/v2\/posts\/10437\/revisions"}],"predecessor-version":[{"id":11744,"href":"https:\/\/virtualnimuzej.aspira.hr\/en\/wp-json\/wp\/v2\/posts\/10437\/revisions\/11744"}],"wp:featuredmedia":[{"embeddable":true,"href":"https:\/\/virtualnimuzej.aspira.hr\/en\/wp-json\/wp\/v2\/media\/10438"}],"wp:attachment":[{"href":"https:\/\/virtualnimuzej.aspira.hr\/en\/wp-json\/wp\/v2\/media?parent=10437"}],"wp:term":[{"taxonomy":"category","embeddable":true,"href":"https:\/\/virtualnimuzej.aspira.hr\/en\/wp-json\/wp\/v2\/categories?post=10437"},{"taxonomy":"post_tag","embeddable":true,"href":"https:\/\/virtualnimuzej.aspira.hr\/en\/wp-json\/wp\/v2\/tags?post=10437"}],"curies":[{"name":"wp","href":"https:\/\/api.w.org\/{rel}","templated":true}]}}