{"id":11124,"date":"2023-06-20T16:13:02","date_gmt":"2023-06-20T14:13:02","guid":{"rendered":"https:\/\/virtualnimuzej.aspira.hr\/?p=11124"},"modified":"2023-06-20T16:13:02","modified_gmt":"2023-06-20T14:13:02","slug":"philip-yelavich","status":"publish","type":"post","link":"https:\/\/virtualnimuzej.aspira.hr\/en\/philip-yelavich\/","title":{"rendered":"Philip Yelavich"},"content":{"rendered":"<p>&nbsp;<\/p>\n<p>My name is PHILIP CHARLES YELAVIC, first child of Milan, born 01 November\u00a01947.<\/p>\n<p>I married JENNIFER SHARYN CARTER, 05 February\u00a01972.<\/p>\n<p>We have two children.<\/p>\n<p>&nbsp;<\/p>\n<p>MARK MILAN YELAVIC, born 13 September 1979.<\/p>\n<p>MELISSA LEAH YELAVIC, born 02 April\u00a01982.<\/p>\n<p>&nbsp;<\/p>\n<p>Our grandchildren are:<\/p>\n<p>&nbsp;<\/p>\n<p>LUKA MITCHELL YELAVIC\u00a0 16 years<\/p>\n<p>MATEO WILLIAM YELAVIC\u00a0 12 years<\/p>\n<p>ASHTON MITFORD\/BURGESS 12 years<\/p>\n<p>EMERSON\u00a0MITFORD \/BURGESS 10 years.<\/p>\n<p>&nbsp;<\/p>\n<p>I have a sister, JILL ANNE SHORTT, born 30 August 1949.<\/p>\n<p>Both of us were born in New Zealand, our mother being of English descent.<\/p>\n<p>&nbsp;<\/p>\n<p>My father departed Yugoslavia\u00a0from the port of Split bound for New Zealand.<\/p>\n<p>He was 16 years\u00a0and 4 months old,\u00a0he never spoke nor understood\u00a0the English\u00a0language at that time, and never saw his siblings or parents again.<\/p>\n<p>Contact with home was by mail with his brother Ante, who kept him informed\u00a0of those he left behind.<\/p>\n<p>A huge change for a young boy, to travel to the other side of the world, and start a new life.<\/p>\n<p>&nbsp;<\/p>\n<p>Upon arrival in NZ, at the Port of Wellington\u00a0aboard the SS Maheno, he traveled north to make contact and work with his countrymen, many of whom had come to NZ earlier to work in the Kauri Gum fields,\u00a0digging for Kauri Gum, aka Resin that oozed from the Kauri trees.<\/p>\n<p>The Gum was used for ornate gifts, tables, furniture, medicinal purposes, and had a value and rarity that was sought after.<\/p>\n<p>Much of the substance was exported also, and this added to its value.<\/p>\n<p>&nbsp;<\/p>\n<p>The Kauri tree, native to NZ, covered much of the country, prior to man arriving here.<\/p>\n<p>The first known human occupation was around the 12th Century, and these ancient trees, had laid buried for many thousands of years.<\/p>\n<p>&nbsp;<\/p>\n<p>Hence the trees, buried deep in the ground, needed to be exposed,\u00a0this required digging to do so.<\/p>\n<p>&nbsp;<\/p>\n<p>The Gum attached to the tree was in perfect condition,\u00a0due to being buried for so long, and this gave it, it&#8217;s value.<\/p>\n<p>&nbsp;<\/p>\n<p>An incredibly labour intensive job, long tedious hours on the end of a shovel digging large and deep pits to extricate the Gum was what the Dalmatians did and were very good at.<\/p>\n<p>Their work ethic was second to none.<\/p>\n<p>&nbsp;<\/p>\n<p>The Yugoslav men were known as extremely hard workers. They were peace loving, gentle men, who were\u00a0respected and accepted\u00a0into NZ society<\/p>\n<p>&nbsp;<\/p>\n<p>The first Dalmatians settlers\u00a0arrived in NZ circa 1860 to work in the Gum Fields\u00a0of the North of NZ.<\/p>\n<p>&nbsp;<\/p>\n<p>Many came from the Vrograc\/Ravca area.<\/p>\n<p>Names from there\u00a0such as Rakic, Triln, Yelavic, Vela, Vega and Selak have all left their mark here in NZ.<\/p>\n<p>&nbsp;<\/p>\n<p>They settled into the way of life that it was then, NZ was a very young country, they contributed so much to its culture, married local women, as my father did, and most of the men never returned to their country of birth.<\/p>\n<p>&nbsp;<\/p>\n<p>Many became successful\u00a0businessmen, after the demand for Kauri Gum died, both here and overseas, and diversification of their lives needed to be addressed.<\/p>\n<p>&nbsp;<\/p>\n<p>They turned their talents to Commercial fishing, fruit growing, farming, transport, wine growing, law, and many other occupations.<\/p>\n<p>They became true entrepreneurs, their work ethic never waned, their successes were envied by others,\u00a0and to this day that has not changed.<\/p>\n<p>&nbsp;<\/p>\n<p>An occupation that they excelled at was and is wine growing. Their knowledge gained from their days in Dalmatia.<\/p>\n<p>The names of Delegat, Selak, Fistonich, Nobilo,\u00a0are synonymous to this day with the industry,\u00a0all turning out award winning wines here and overseas.<\/p>\n<p>&nbsp;<\/p>\n<p>My father married at the age of 31, 15 years after arriving in NZ, to ROMA DOROTHY SCOTT, in 1938.<\/p>\n<p>He was an incredibly devoted husband and father, who unfortunately I did not know for long due to him dying when I was 24 years old<\/p>\n<p>I had been married for 6months, his death hit me very hard at the time, due to the suddenness of it.<\/p>\n<p>&nbsp;<\/p>\n<p>Prior to his marriage he moved around the North and Central part of the North Island of NZ, after working in the Gumfields, working in various occupations.<\/p>\n<p>&nbsp;<\/p>\n<p>After getting married,\u00a0his new wife was the daughter of an Orchardist, and this obviously appealed to him,as he went on to purchase his own orchard in 1939<\/p>\n<p>The property was 20 acres big, and was already planted and producing fruit.<\/p>\n<p>&nbsp;<\/p>\n<p>It was situated in a part of Auckland, the main city in NZ, called Henderson.<\/p>\n<p>This area, and land, was an orchard growing area, fertile land suitable for fruit growing.<\/p>\n<p>It was an enclave that was hugely popular\u00a0with the Dalmatian settlers, whom in the main\u00a0were the owners of the properties.<\/p>\n<p>&nbsp;<\/p>\n<p>Sinkovic, Botica, Yelavic, Vodanovic, Mazuran, Mihalevic, Soljan, Erceg, Ozic,\u00a0we&#8217;re some of the names who owned orchards all on the same road that my parents was.<\/p>\n<p>&nbsp;<\/p>\n<p>A number of books have been written about these amazing people, their exploits, achievements,\u00a0the hardships they faced as young single men\u00a0 \u00a0separated from their families, and their ability to fit into and become important members of NZ society.<\/p>\n<p>&nbsp;<\/p>\n<p>As of 2023 there are many of their descendants,\u00a0whom are very successful\u00a0in all ways of life. Their ancestors\u00a0legacy from 100 or more years prior, lives to this day here in NZ.<\/p>\n<p>&nbsp;<\/p>\n<p>He was immensely\u00a0proud of his achievements, from a young boy, voyaging into the unknown,\u00a0to a young man with his own orchard in a foreign land. He had come a long way.<\/p>\n<p>&nbsp;<\/p>\n<p>As young children, my sister and my upbringing were second to none.<\/p>\n<p>Our home was spacious, the orchard was our bread basket, our lives with our parents were perfect back then. My father was a great provider in every way.<\/p>\n<p>&nbsp;<\/p>\n<p>He was successful enough to purchase a beach house and that was our go to place on weekends,\u00a0public holidays and the like, it gave us all a break from orchard life.<\/p>\n<p>&nbsp;<\/p>\n<p>It remained in family ownership for 50 years, and is now back in family hands, after a spell away\u00a0from the family.<\/p>\n<p>&nbsp;<\/p>\n<p>My son is now the owner of the property, back again in Yelavic\u00a0ownership,\u00a0all stemming from my father&#8217;s\u00a0insight many years before.<\/p>\n<p>&nbsp;<\/p>\n<p>In 1958 he sold the orchard and spent the remainder of his short life as a stevedore at the Port of Auckland.<\/p>\n<p>&nbsp;<\/p>\n<p>My father died suddenly one night, and the familie\u2019s lives changed forever.<\/p>\n<p>Our lives were never to be the same.<\/p>\n<p>&nbsp;<\/p>\n<p>My father never reflected on his life as a boy in Ravca, he did not speak of his life in NZ prior to getting married. It was if that it was not important to us.<\/p>\n<p>&nbsp;<\/p>\n<p>We knew he came here to be with his countrymen, to send money back to his family, the financial reward was so much greater than it was in his homeland.<\/p>\n<p>&nbsp;<\/p>\n<p>For me personally I have deep regret that I did not talk with this gentle man about his past.<\/p>\n<p>&nbsp;<\/p>\n<p>Consequently, my wife and I traveled to Croatia\u00a0for the first time in 2006, to seek out his family, and people who are related to me and my family.<\/p>\n<p>They had no idea of us doing this, and so to find them, and spend time with them, was an experience that my wife and I will never forget.<\/p>\n<p>&nbsp;<\/p>\n<p>To that end we have returned from here in NZ 8 further times to spend time with the family in Ravca, and to love the country\u00a0that is Croatia.<\/p>\n<p>Each time we visit we are greeted by the family as members of the greater Yelavic family, of which we are.<\/p>\n<p>He would have been so proud of us doing this, and for me, as his son, it is one of the most emotional times I have experienced.<\/p>\n<p>&nbsp;<\/p>\n<p>Both my wife and I, upon arriving\u00a0in Croatia,\u00a0feel that this is home, spiritually it is where I wish to be forever.<\/p>\n<p>&nbsp;<\/p>\n<p>To my wonderful father, I thank you for being who you were, and for giving me the honor of being a part of you.<\/p>\n<p>&nbsp;<\/p>\n<p>Phil Yelavic.<\/p>\n<p>&nbsp;<\/p>\n\n\t\t<style type=\"text\/css\">\n\t\t\t#gallery-1 {\n\t\t\t\tmargin: auto;\n\t\t\t}\n\t\t\t#gallery-1 .gallery-item {\n\t\t\t\tfloat: left;\n\t\t\t\tmargin-top: 10px;\n\t\t\t\ttext-align: center;\n\t\t\t\twidth: 33%;\n\t\t\t}\n\t\t\t#gallery-1 img {\n\t\t\t\tborder: 2px solid #cfcfcf;\n\t\t\t}\n\t\t\t#gallery-1 .gallery-caption {\n\t\t\t\tmargin-left: 0;\n\t\t\t}\n\t\t\t\/* see gallery_shortcode() in wp-includes\/media.php *\/\n\t\t<\/style>\n\t\t<div id='gallery-1' class='gallery galleryid-11124 gallery-columns-3 gallery-size-thumbnail'><dl class='gallery-item'>\n\t\t\t<dt class='gallery-icon portrait'>\n\t\t\t\t<a data-rel=\"iLightbox[postimages]\" data-title=\"1\" data-caption=\"\" href='https:\/\/virtualnimuzej.aspira.hr\/en\/1-47-2\/'><img decoding=\"async\" width=\"150\" height=\"150\" src=\"https:\/\/virtualnimuzej.aspira.hr\/wp-content\/uploads\/2023\/06\/1-150x150.jpg\" class=\"attachment-thumbnail size-thumbnail\" alt=\"\" srcset=\"https:\/\/virtualnimuzej.aspira.hr\/wp-content\/uploads\/2023\/06\/1-66x66.jpg 66w, https:\/\/virtualnimuzej.aspira.hr\/wp-content\/uploads\/2023\/06\/1-150x150.jpg 150w\" sizes=\"(max-width: 150px) 100vw, 150px\" \/><\/a>\n\t\t\t<\/dt><\/dl><dl class='gallery-item'>\n\t\t\t<dt class='gallery-icon portrait'>\n\t\t\t\t<a data-rel=\"iLightbox[postimages]\" data-title=\"2\" data-caption=\"\" href='https:\/\/virtualnimuzej.aspira.hr\/en\/2-52-2\/'><img decoding=\"async\" width=\"150\" height=\"150\" src=\"https:\/\/virtualnimuzej.aspira.hr\/wp-content\/uploads\/2023\/06\/2-150x150.jpg\" class=\"attachment-thumbnail size-thumbnail\" alt=\"\" srcset=\"https:\/\/virtualnimuzej.aspira.hr\/wp-content\/uploads\/2023\/06\/2-66x66.jpg 66w, https:\/\/virtualnimuzej.aspira.hr\/wp-content\/uploads\/2023\/06\/2-150x150.jpg 150w\" sizes=\"(max-width: 150px) 100vw, 150px\" \/><\/a>\n\t\t\t<\/dt><\/dl><dl class='gallery-item'>\n\t\t\t<dt class='gallery-icon portrait'>\n\t\t\t\t<a data-rel=\"iLightbox[postimages]\" data-title=\"3\" data-caption=\"\" href='https:\/\/virtualnimuzej.aspira.hr\/en\/3-44-2\/'><img decoding=\"async\" width=\"150\" height=\"150\" src=\"https:\/\/virtualnimuzej.aspira.hr\/wp-content\/uploads\/2023\/06\/3-150x150.jpg\" class=\"attachment-thumbnail size-thumbnail\" alt=\"\" srcset=\"https:\/\/virtualnimuzej.aspira.hr\/wp-content\/uploads\/2023\/06\/3-66x66.jpg 66w, https:\/\/virtualnimuzej.aspira.hr\/wp-content\/uploads\/2023\/06\/3-150x150.jpg 150w\" sizes=\"(max-width: 150px) 100vw, 150px\" \/><\/a>\n\t\t\t<\/dt><\/dl><br style=\"clear: both\" \/>\n\t\t<\/div>\n\n<p>&nbsp;<\/p>\n\n\t\t<style type=\"text\/css\">\n\t\t\t#gallery-2 {\n\t\t\t\tmargin: auto;\n\t\t\t}\n\t\t\t#gallery-2 .gallery-item {\n\t\t\t\tfloat: left;\n\t\t\t\tmargin-top: 10px;\n\t\t\t\ttext-align: center;\n\t\t\t\twidth: 33%;\n\t\t\t}\n\t\t\t#gallery-2 img {\n\t\t\t\tborder: 2px solid #cfcfcf;\n\t\t\t}\n\t\t\t#gallery-2 .gallery-caption {\n\t\t\t\tmargin-left: 0;\n\t\t\t}\n\t\t\t\/* see gallery_shortcode() in wp-includes\/media.php *\/\n\t\t<\/style>\n\t\t<div id='gallery-2' class='gallery galleryid-11124 gallery-columns-3 gallery-size-thumbnail'><dl class='gallery-item'>\n\t\t\t<dt class='gallery-icon landscape'>\n\t\t\t\t<a data-rel=\"iLightbox[postimages]\" data-title=\"4\" data-caption=\"\" href='https:\/\/virtualnimuzej.aspira.hr\/en\/4-42-2\/'><img decoding=\"async\" width=\"150\" height=\"150\" src=\"https:\/\/virtualnimuzej.aspira.hr\/wp-content\/uploads\/2023\/06\/4-150x150.jpg\" class=\"attachment-thumbnail size-thumbnail\" alt=\"\" srcset=\"https:\/\/virtualnimuzej.aspira.hr\/wp-content\/uploads\/2023\/06\/4-66x66.jpg 66w, https:\/\/virtualnimuzej.aspira.hr\/wp-content\/uploads\/2023\/06\/4-150x150.jpg 150w\" sizes=\"(max-width: 150px) 100vw, 150px\" \/><\/a>\n\t\t\t<\/dt><\/dl><dl class='gallery-item'>\n\t\t\t<dt class='gallery-icon portrait'>\n\t\t\t\t<a data-rel=\"iLightbox[postimages]\" data-title=\"5\" data-caption=\"\" href='https:\/\/virtualnimuzej.aspira.hr\/en\/5-41-2\/'><img decoding=\"async\" width=\"150\" height=\"150\" src=\"https:\/\/virtualnimuzej.aspira.hr\/wp-content\/uploads\/2023\/06\/5-150x150.jpg\" class=\"attachment-thumbnail size-thumbnail\" alt=\"\" srcset=\"https:\/\/virtualnimuzej.aspira.hr\/wp-content\/uploads\/2023\/06\/5-66x66.jpg 66w, https:\/\/virtualnimuzej.aspira.hr\/wp-content\/uploads\/2023\/06\/5-150x150.jpg 150w\" sizes=\"(max-width: 150px) 100vw, 150px\" \/><\/a>\n\t\t\t<\/dt><\/dl><dl class='gallery-item'>\n\t\t\t<dt class='gallery-icon portrait'>\n\t\t\t\t<a data-rel=\"iLightbox[postimages]\" data-title=\"6\" data-caption=\"\" href='https:\/\/virtualnimuzej.aspira.hr\/en\/6-35-2\/'><img decoding=\"async\" width=\"150\" height=\"150\" src=\"https:\/\/virtualnimuzej.aspira.hr\/wp-content\/uploads\/2023\/06\/6-150x150.jpg\" class=\"attachment-thumbnail size-thumbnail\" alt=\"\" srcset=\"https:\/\/virtualnimuzej.aspira.hr\/wp-content\/uploads\/2023\/06\/6-66x66.jpg 66w, https:\/\/virtualnimuzej.aspira.hr\/wp-content\/uploads\/2023\/06\/6-150x150.jpg 150w\" sizes=\"(max-width: 150px) 100vw, 150px\" \/><\/a>\n\t\t\t<\/dt><\/dl><br style=\"clear: both\" \/>\n\t\t<\/div>\n\n<p>&nbsp;<\/p>\n\n\t\t<style type=\"text\/css\">\n\t\t\t#gallery-3 {\n\t\t\t\tmargin: auto;\n\t\t\t}\n\t\t\t#gallery-3 .gallery-item {\n\t\t\t\tfloat: left;\n\t\t\t\tmargin-top: 10px;\n\t\t\t\ttext-align: center;\n\t\t\t\twidth: 33%;\n\t\t\t}\n\t\t\t#gallery-3 img {\n\t\t\t\tborder: 2px solid #cfcfcf;\n\t\t\t}\n\t\t\t#gallery-3 .gallery-caption {\n\t\t\t\tmargin-left: 0;\n\t\t\t}\n\t\t\t\/* see gallery_shortcode() in wp-includes\/media.php *\/\n\t\t<\/style>\n\t\t<div id='gallery-3' class='gallery galleryid-11124 gallery-columns-3 gallery-size-thumbnail'><dl class='gallery-item'>\n\t\t\t<dt class='gallery-icon portrait'>\n\t\t\t\t<a data-rel=\"iLightbox[postimages]\" data-title=\"7\" data-caption=\"\" href='https:\/\/virtualnimuzej.aspira.hr\/en\/7-34-2\/'><img decoding=\"async\" width=\"150\" height=\"150\" src=\"https:\/\/virtualnimuzej.aspira.hr\/wp-content\/uploads\/2023\/06\/7-150x150.jpg\" class=\"attachment-thumbnail size-thumbnail\" alt=\"\" srcset=\"https:\/\/virtualnimuzej.aspira.hr\/wp-content\/uploads\/2023\/06\/7-66x66.jpg 66w, https:\/\/virtualnimuzej.aspira.hr\/wp-content\/uploads\/2023\/06\/7-150x150.jpg 150w\" sizes=\"(max-width: 150px) 100vw, 150px\" \/><\/a>\n\t\t\t<\/dt><\/dl><dl class='gallery-item'>\n\t\t\t<dt class='gallery-icon portrait'>\n\t\t\t\t<a data-rel=\"iLightbox[postimages]\" data-title=\"8\" data-caption=\"\" href='https:\/\/virtualnimuzej.aspira.hr\/en\/8-29-2\/'><img decoding=\"async\" width=\"150\" height=\"150\" src=\"https:\/\/virtualnimuzej.aspira.hr\/wp-content\/uploads\/2023\/06\/8-150x150.jpg\" class=\"attachment-thumbnail size-thumbnail\" alt=\"\" srcset=\"https:\/\/virtualnimuzej.aspira.hr\/wp-content\/uploads\/2023\/06\/8-66x66.jpg 66w, https:\/\/virtualnimuzej.aspira.hr\/wp-content\/uploads\/2023\/06\/8-150x150.jpg 150w\" sizes=\"(max-width: 150px) 100vw, 150px\" \/><\/a>\n\t\t\t<\/dt><\/dl><dl class='gallery-item'>\n\t\t\t<dt class='gallery-icon portrait'>\n\t\t\t\t<a data-rel=\"iLightbox[postimages]\" data-title=\"9\" data-caption=\"\" href='https:\/\/virtualnimuzej.aspira.hr\/en\/9-24-2\/'><img decoding=\"async\" width=\"150\" height=\"150\" src=\"https:\/\/virtualnimuzej.aspira.hr\/wp-content\/uploads\/2023\/06\/9-150x150.jpg\" class=\"attachment-thumbnail size-thumbnail\" alt=\"\" srcset=\"https:\/\/virtualnimuzej.aspira.hr\/wp-content\/uploads\/2023\/06\/9-66x66.jpg 66w, https:\/\/virtualnimuzej.aspira.hr\/wp-content\/uploads\/2023\/06\/9-150x150.jpg 150w\" sizes=\"(max-width: 150px) 100vw, 150px\" \/><\/a>\n\t\t\t<\/dt><\/dl><br style=\"clear: both\" \/>\n\t\t<\/div>\n\n<p>&nbsp;<\/p>\n<p>Gum digging in New Zealand:<\/p>\n<p>&nbsp;<\/p>\n<p><img decoding=\"async\" class=\"alignnone size-medium wp-image-11111\" src=\"https:\/\/virtualnimuzej.aspira.hr\/wp-content\/uploads\/2023\/06\/20230313_131027-300x165.jpg\" alt=\"\" width=\"300\" height=\"165\" srcset=\"https:\/\/virtualnimuzej.aspira.hr\/wp-content\/uploads\/2023\/06\/20230313_131027-200x110.jpg 200w, https:\/\/virtualnimuzej.aspira.hr\/wp-content\/uploads\/2023\/06\/20230313_131027-300x165.jpg 300w, https:\/\/virtualnimuzej.aspira.hr\/wp-content\/uploads\/2023\/06\/20230313_131027-400x220.jpg 400w, https:\/\/virtualnimuzej.aspira.hr\/wp-content\/uploads\/2023\/06\/20230313_131027-600x330.jpg 600w, https:\/\/virtualnimuzej.aspira.hr\/wp-content\/uploads\/2023\/06\/20230313_131027-768x422.jpg 768w, https:\/\/virtualnimuzej.aspira.hr\/wp-content\/uploads\/2023\/06\/20230313_131027.jpg 800w\" sizes=\"(max-width: 300px) 100vw, 300px\" \/><\/p>\n<p>&nbsp;<\/p>\n<p><img decoding=\"async\" class=\"alignnone size-medium wp-image-11114\" src=\"https:\/\/virtualnimuzej.aspira.hr\/wp-content\/uploads\/2023\/06\/20230605_122738-300x225.jpg\" alt=\"\" width=\"300\" height=\"225\" srcset=\"https:\/\/virtualnimuzej.aspira.hr\/wp-content\/uploads\/2023\/06\/20230605_122738-200x150.jpg 200w, https:\/\/virtualnimuzej.aspira.hr\/wp-content\/uploads\/2023\/06\/20230605_122738-300x225.jpg 300w, https:\/\/virtualnimuzej.aspira.hr\/wp-content\/uploads\/2023\/06\/20230605_122738-400x300.jpg 400w, https:\/\/virtualnimuzej.aspira.hr\/wp-content\/uploads\/2023\/06\/20230605_122738-600x450.jpg 600w, https:\/\/virtualnimuzej.aspira.hr\/wp-content\/uploads\/2023\/06\/20230605_122738-768x576.jpg 768w, https:\/\/virtualnimuzej.aspira.hr\/wp-content\/uploads\/2023\/06\/20230605_122738.jpg 800w\" sizes=\"(max-width: 300px) 100vw, 300px\" \/><\/p>\n<p>&nbsp;<\/p>\n<p><img decoding=\"async\" class=\"alignnone size-medium wp-image-11117\" src=\"https:\/\/virtualnimuzej.aspira.hr\/wp-content\/uploads\/2023\/06\/20230605_122657-300x188.jpg\" alt=\"\" width=\"300\" height=\"188\" srcset=\"https:\/\/virtualnimuzej.aspira.hr\/wp-content\/uploads\/2023\/06\/20230605_122657-200x125.jpg 200w, https:\/\/virtualnimuzej.aspira.hr\/wp-content\/uploads\/2023\/06\/20230605_122657-300x188.jpg 300w, https:\/\/virtualnimuzej.aspira.hr\/wp-content\/uploads\/2023\/06\/20230605_122657-320x202.jpg 320w, https:\/\/virtualnimuzej.aspira.hr\/wp-content\/uploads\/2023\/06\/20230605_122657-400x251.jpg 400w, https:\/\/virtualnimuzej.aspira.hr\/wp-content\/uploads\/2023\/06\/20230605_122657-600x376.jpg 600w, https:\/\/virtualnimuzej.aspira.hr\/wp-content\/uploads\/2023\/06\/20230605_122657-700x441.jpg 700w, https:\/\/virtualnimuzej.aspira.hr\/wp-content\/uploads\/2023\/06\/20230605_122657-768x481.jpg 768w, https:\/\/virtualnimuzej.aspira.hr\/wp-content\/uploads\/2023\/06\/20230605_122657.jpg 800w\" sizes=\"(max-width: 300px) 100vw, 300px\" \/><\/p>\n<p>&nbsp;<\/p>\n<p><img decoding=\"async\" class=\"alignnone size-medium wp-image-11120\" src=\"https:\/\/virtualnimuzej.aspira.hr\/wp-content\/uploads\/2023\/06\/20230605_123119-300x225.jpg\" alt=\"\" width=\"300\" height=\"225\" srcset=\"https:\/\/virtualnimuzej.aspira.hr\/wp-content\/uploads\/2023\/06\/20230605_123119-200x150.jpg 200w, https:\/\/virtualnimuzej.aspira.hr\/wp-content\/uploads\/2023\/06\/20230605_123119-300x225.jpg 300w, https:\/\/virtualnimuzej.aspira.hr\/wp-content\/uploads\/2023\/06\/20230605_123119-400x300.jpg 400w, https:\/\/virtualnimuzej.aspira.hr\/wp-content\/uploads\/2023\/06\/20230605_123119-600x450.jpg 600w, https:\/\/virtualnimuzej.aspira.hr\/wp-content\/uploads\/2023\/06\/20230605_123119-768x576.jpg 768w, https:\/\/virtualnimuzej.aspira.hr\/wp-content\/uploads\/2023\/06\/20230605_123119.jpg 800w\" sizes=\"(max-width: 300px) 100vw, 300px\" \/><\/p>\n","protected":false},"excerpt":{"rendered":"<p>&nbsp; My name is PHILIP CHARLES YELAVIC, first child of Milan, born 01 November\u00a01947. I married JENNIFER SHARYN CARTER, 05 February\u00a01972. We have two children. &nbsp; MARK MILAN YELAVIC, born [&hellip;]<\/p>\n","protected":false},"author":1,"featured_media":11081,"comment_status":"open","ping_status":"open","sticky":false,"template":"","format":"standard","meta":{"footnotes":""},"categories":[45],"tags":[],"class_list":["post-11124","post","type-post","status-publish","format-standard","has-post-thumbnail","hentry","category-new-zealand"],"yoast_head":"<!-- This site is optimized with the Yoast SEO plugin v20.7 - https:\/\/yoast.com\/wordpress\/plugins\/seo\/ -->\n<title>Philip Yelavich - Aspira Virtualni Muzej iseljeni\u0161tva Dalmacije<\/title>\n<meta name=\"robots\" content=\"index, follow, max-snippet:-1, max-image-preview:large, max-video-preview:-1\" \/>\n<link rel=\"canonical\" href=\"https:\/\/virtualnimuzej.aspira.hr\/en\/philip-yelavich\/\" \/>\n<meta property=\"og:locale\" content=\"en_US\" \/>\n<meta property=\"og:type\" content=\"article\" \/>\n<meta property=\"og:title\" content=\"Philip Yelavich - Aspira Virtualni Muzej iseljeni\u0161tva Dalmacije\" \/>\n<meta property=\"og:description\" content=\"&nbsp; My name is PHILIP CHARLES YELAVIC, first child of Milan, born 01 November\u00a01947. I married JENNIFER SHARYN CARTER, 05 February\u00a01972. We have two children. &nbsp; MARK MILAN YELAVIC, born [&hellip;]\" \/>\n<meta property=\"og:url\" content=\"https:\/\/virtualnimuzej.aspira.hr\/en\/philip-yelavich\/\" \/>\n<meta property=\"og:site_name\" content=\"Aspira Virtualni Muzej iseljeni\u0161tva Dalmacije\" \/>\n<meta property=\"article:published_time\" content=\"2023-06-20T14:13:02+00:00\" \/>\n<meta property=\"og:image\" content=\"https:\/\/virtualnimuzej.aspira.hr\/wp-content\/uploads\/2023\/06\/Novi-Zeland-2-1.jpg\" \/>\n\t<meta property=\"og:image:width\" content=\"800\" \/>\n\t<meta property=\"og:image:height\" content=\"437\" \/>\n\t<meta property=\"og:image:type\" content=\"image\/jpeg\" \/>\n<meta name=\"author\" content=\"VmuzejAspira\" \/>\n<meta name=\"twitter:card\" content=\"summary_large_image\" \/>\n<meta name=\"twitter:label1\" content=\"Written by\" \/>\n\t<meta name=\"twitter:data1\" content=\"VmuzejAspira\" \/>\n\t<meta name=\"twitter:label2\" content=\"Est. reading time\" \/>\n\t<meta name=\"twitter:data2\" content=\"9 minutes\" \/>\n<script type=\"application\/ld+json\" class=\"yoast-schema-graph\">{\"@context\":\"https:\/\/schema.org\",\"@graph\":[{\"@type\":\"WebPage\",\"@id\":\"https:\/\/virtualnimuzej.aspira.hr\/en\/philip-yelavich\/\",\"url\":\"https:\/\/virtualnimuzej.aspira.hr\/en\/philip-yelavich\/\",\"name\":\"Philip Yelavich - Aspira Virtualni Muzej iseljeni\u0161tva Dalmacije\",\"isPartOf\":{\"@id\":\"https:\/\/virtualnimuzej.aspira.hr\/#website\"},\"datePublished\":\"2023-06-20T14:13:02+00:00\",\"dateModified\":\"2023-06-20T14:13:02+00:00\",\"author\":{\"@id\":\"https:\/\/virtualnimuzej.aspira.hr\/#\/schema\/person\/8b28048370e78968988c04d6f1ba104d\"},\"breadcrumb\":{\"@id\":\"https:\/\/virtualnimuzej.aspira.hr\/en\/philip-yelavich\/#breadcrumb\"},\"inLanguage\":\"en-US\",\"potentialAction\":[{\"@type\":\"ReadAction\",\"target\":[\"https:\/\/virtualnimuzej.aspira.hr\/en\/philip-yelavich\/\"]}]},{\"@type\":\"BreadcrumbList\",\"@id\":\"https:\/\/virtualnimuzej.aspira.hr\/en\/philip-yelavich\/#breadcrumb\",\"itemListElement\":[{\"@type\":\"ListItem\",\"position\":1,\"name\":\"Naslovna\",\"item\":\"https:\/\/virtualnimuzej.aspira.hr\/en\/\"},{\"@type\":\"ListItem\",\"position\":2,\"name\":\"Philip Yelavich\"}]},{\"@type\":\"WebSite\",\"@id\":\"https:\/\/virtualnimuzej.aspira.hr\/#website\",\"url\":\"https:\/\/virtualnimuzej.aspira.hr\/\",\"name\":\"Aspira Virtualni Muzej iseljeni\u0161tva Dalmacije\",\"description\":\"Muzej iseljeni\u0161tva je zami\u0161ljen kao mjesto skupljanja i prezentacije gra\u0111e o hrvatskom iseljeni\u0161tvu i povijesti iseljavanja koja nikada nije bila dovoljno istra\u017eena.\",\"potentialAction\":[{\"@type\":\"SearchAction\",\"target\":{\"@type\":\"EntryPoint\",\"urlTemplate\":\"https:\/\/virtualnimuzej.aspira.hr\/?s={search_term_string}\"},\"query-input\":\"required name=search_term_string\"}],\"inLanguage\":\"en-US\"},{\"@type\":\"Person\",\"@id\":\"https:\/\/virtualnimuzej.aspira.hr\/#\/schema\/person\/8b28048370e78968988c04d6f1ba104d\",\"name\":\"VmuzejAspira\",\"image\":{\"@type\":\"ImageObject\",\"inLanguage\":\"en-US\",\"@id\":\"https:\/\/virtualnimuzej.aspira.hr\/#\/schema\/person\/image\/\",\"url\":\"https:\/\/secure.gravatar.com\/avatar\/cfa7124a34eec5233efffe1e8fb23c18bb83abdb6129e8f47c9144109613a228?s=96&d=mm&r=g\",\"contentUrl\":\"https:\/\/secure.gravatar.com\/avatar\/cfa7124a34eec5233efffe1e8fb23c18bb83abdb6129e8f47c9144109613a228?s=96&d=mm&r=g\",\"caption\":\"VmuzejAspira\"},\"sameAs\":[\"http:\/\/virtualnimuzej.aspira.hr\"],\"url\":\"https:\/\/virtualnimuzej.aspira.hr\/en\/author\/vmuzejaspira\/\"}]}<\/script>\n<!-- \/ Yoast SEO plugin. -->","yoast_head_json":{"title":"Philip Yelavich - Aspira Virtualni Muzej iseljeni\u0161tva Dalmacije","robots":{"index":"index","follow":"follow","max-snippet":"max-snippet:-1","max-image-preview":"max-image-preview:large","max-video-preview":"max-video-preview:-1"},"canonical":"https:\/\/virtualnimuzej.aspira.hr\/en\/philip-yelavich\/","og_locale":"en_US","og_type":"article","og_title":"Philip Yelavich - Aspira Virtualni Muzej iseljeni\u0161tva Dalmacije","og_description":"&nbsp; My name is PHILIP CHARLES YELAVIC, first child of Milan, born 01 November\u00a01947. I married JENNIFER SHARYN CARTER, 05 February\u00a01972. We have two children. &nbsp; MARK MILAN YELAVIC, born [&hellip;]","og_url":"https:\/\/virtualnimuzej.aspira.hr\/en\/philip-yelavich\/","og_site_name":"Aspira Virtualni Muzej iseljeni\u0161tva Dalmacije","article_published_time":"2023-06-20T14:13:02+00:00","og_image":[{"width":800,"height":437,"url":"https:\/\/virtualnimuzej.aspira.hr\/wp-content\/uploads\/2023\/06\/Novi-Zeland-2-1.jpg","type":"image\/jpeg"}],"author":"VmuzejAspira","twitter_card":"summary_large_image","twitter_misc":{"Written by":"VmuzejAspira","Est. reading time":"9 minutes"},"schema":{"@context":"https:\/\/schema.org","@graph":[{"@type":"WebPage","@id":"https:\/\/virtualnimuzej.aspira.hr\/en\/philip-yelavich\/","url":"https:\/\/virtualnimuzej.aspira.hr\/en\/philip-yelavich\/","name":"Philip Yelavich - Aspira Virtualni Muzej iseljeni\u0161tva Dalmacije","isPartOf":{"@id":"https:\/\/virtualnimuzej.aspira.hr\/#website"},"datePublished":"2023-06-20T14:13:02+00:00","dateModified":"2023-06-20T14:13:02+00:00","author":{"@id":"https:\/\/virtualnimuzej.aspira.hr\/#\/schema\/person\/8b28048370e78968988c04d6f1ba104d"},"breadcrumb":{"@id":"https:\/\/virtualnimuzej.aspira.hr\/en\/philip-yelavich\/#breadcrumb"},"inLanguage":"en-US","potentialAction":[{"@type":"ReadAction","target":["https:\/\/virtualnimuzej.aspira.hr\/en\/philip-yelavich\/"]}]},{"@type":"BreadcrumbList","@id":"https:\/\/virtualnimuzej.aspira.hr\/en\/philip-yelavich\/#breadcrumb","itemListElement":[{"@type":"ListItem","position":1,"name":"Naslovna","item":"https:\/\/virtualnimuzej.aspira.hr\/en\/"},{"@type":"ListItem","position":2,"name":"Philip Yelavich"}]},{"@type":"WebSite","@id":"https:\/\/virtualnimuzej.aspira.hr\/#website","url":"https:\/\/virtualnimuzej.aspira.hr\/","name":"Aspira Virtualni Muzej iseljeni\u0161tva Dalmacije","description":"Muzej iseljeni\u0161tva je zami\u0161ljen kao mjesto skupljanja i prezentacije gra\u0111e o hrvatskom iseljeni\u0161tvu i povijesti iseljavanja koja nikada nije bila dovoljno istra\u017eena.","potentialAction":[{"@type":"SearchAction","target":{"@type":"EntryPoint","urlTemplate":"https:\/\/virtualnimuzej.aspira.hr\/?s={search_term_string}"},"query-input":"required name=search_term_string"}],"inLanguage":"en-US"},{"@type":"Person","@id":"https:\/\/virtualnimuzej.aspira.hr\/#\/schema\/person\/8b28048370e78968988c04d6f1ba104d","name":"VmuzejAspira","image":{"@type":"ImageObject","inLanguage":"en-US","@id":"https:\/\/virtualnimuzej.aspira.hr\/#\/schema\/person\/image\/","url":"https:\/\/secure.gravatar.com\/avatar\/cfa7124a34eec5233efffe1e8fb23c18bb83abdb6129e8f47c9144109613a228?s=96&d=mm&r=g","contentUrl":"https:\/\/secure.gravatar.com\/avatar\/cfa7124a34eec5233efffe1e8fb23c18bb83abdb6129e8f47c9144109613a228?s=96&d=mm&r=g","caption":"VmuzejAspira"},"sameAs":["http:\/\/virtualnimuzej.aspira.hr"],"url":"https:\/\/virtualnimuzej.aspira.hr\/en\/author\/vmuzejaspira\/"}]}},"_links":{"self":[{"href":"https:\/\/virtualnimuzej.aspira.hr\/en\/wp-json\/wp\/v2\/posts\/11124","targetHints":{"allow":["GET"]}}],"collection":[{"href":"https:\/\/virtualnimuzej.aspira.hr\/en\/wp-json\/wp\/v2\/posts"}],"about":[{"href":"https:\/\/virtualnimuzej.aspira.hr\/en\/wp-json\/wp\/v2\/types\/post"}],"author":[{"embeddable":true,"href":"https:\/\/virtualnimuzej.aspira.hr\/en\/wp-json\/wp\/v2\/users\/1"}],"replies":[{"embeddable":true,"href":"https:\/\/virtualnimuzej.aspira.hr\/en\/wp-json\/wp\/v2\/comments?post=11124"}],"version-history":[{"count":1,"href":"https:\/\/virtualnimuzej.aspira.hr\/en\/wp-json\/wp\/v2\/posts\/11124\/revisions"}],"predecessor-version":[{"id":11125,"href":"https:\/\/virtualnimuzej.aspira.hr\/en\/wp-json\/wp\/v2\/posts\/11124\/revisions\/11125"}],"wp:featuredmedia":[{"embeddable":true,"href":"https:\/\/virtualnimuzej.aspira.hr\/en\/wp-json\/wp\/v2\/media\/11081"}],"wp:attachment":[{"href":"https:\/\/virtualnimuzej.aspira.hr\/en\/wp-json\/wp\/v2\/media?parent=11124"}],"wp:term":[{"taxonomy":"category","embeddable":true,"href":"https:\/\/virtualnimuzej.aspira.hr\/en\/wp-json\/wp\/v2\/categories?post=11124"},{"taxonomy":"post_tag","embeddable":true,"href":"https:\/\/virtualnimuzej.aspira.hr\/en\/wp-json\/wp\/v2\/tags?post=11124"}],"curies":[{"name":"wp","href":"https:\/\/api.w.org\/{rel}","templated":true}]}}