{"id":12131,"date":"2023-12-13T16:00:09","date_gmt":"2023-12-13T15:00:09","guid":{"rendered":"https:\/\/virtualnimuzej.aspira.hr\/?p=12131"},"modified":"2024-06-19T10:37:28","modified_gmt":"2024-06-19T08:37:28","slug":"vice-dean-for-international-cooperation-petra-mandac-held-an-invited-lecture-about-aspira-virtual-museum-at-the-professional-meeting-of-the-heritage-institution-with-the-theme-treasure-caves","status":"publish","type":"post","link":"https:\/\/virtualnimuzej.aspira.hr\/en\/vice-dean-for-international-cooperation-petra-mandac-held-an-invited-lecture-about-aspira-virtual-museum-at-the-professional-meeting-of-the-heritage-institution-with-the-theme-treasure-caves\/","title":{"rendered":"Vice-Dean for International Cooperation Petra Mandac held an invited lecture about Aspira Virtual Museum at the Professional Meeting of the Heritage Institution with the theme \u201eTreasure Caves\u201c"},"content":{"rendered":"<p>Expert Meeting on the Heritage Institution as a Treasure Caves was held on Friday, December the 1st, 2023\u00a0 in the Archbishop&#8217;s Castle in Ka\u0161tel Su\u0107urac. The gathering was organized by the City Library of Ka\u0161tela with the support of the Ministry of Culture and Media of the Republic of Croatia and the City of Ka\u0161tela.<\/p>\n<p>The expert Meeting focuses on the preservation of cultural heritage in heritage institutions (libraries, museums and archives). The primary goal of the Meeting is the gathering of employees of heritage institutions, libraries, museums and archives, which deal with native collections and the preservation of cultural heritage, as well as activities and publishing on this topic, but also other institutions, for example educational institutions, associations and national parks or public institutions for nature protection for the purpose of valorising and presenting neglected local heritage.<\/p>\n<p>The meeting was attended by lecturers from Croatian heritage institutions (libraries, museums and archives), as well as lecturers from public and private institutions, institutes and associations dealing with the preservation of cultural heritage and the collection of material for the native collection and publishing, as well as the organization of various events whose is the main goal of increasing the visibility of the native collection in the public.<\/p>\n<p>Read more on: <a href=\"https:\/\/www.gkk.hr\/vijesti\/strucni-skup-bastinske-ustanove-kao-pecine-s-blagom\/\">https:\/\/www.gkk.hr\/vijesti\/strucni-skup-bastinske-ustanove-kao-pecine-s-blagom\/<\/a><\/p>\n<p><img decoding=\"async\" class=\"alignleft wp-image-12113\" src=\"https:\/\/virtualnimuzej.aspira.hr\/wp-content\/uploads\/2024\/06\/gkk_strucni_skup-01.jpg\" alt=\"\" width=\"400\" height=\"267\" \/> <img decoding=\"async\" class=\"wp-image-12116 alignleft\" src=\"https:\/\/virtualnimuzej.aspira.hr\/wp-content\/uploads\/2024\/06\/gkk_strucni_skup-21.jpg\" alt=\"\" width=\"400\" height=\"267\" \/> <img decoding=\"async\" class=\"wp-image-12119 alignleft\" src=\"https:\/\/virtualnimuzej.aspira.hr\/wp-content\/uploads\/2024\/06\/gkk_strucni_skup-22.jpg\" alt=\"\" width=\"400\" height=\"267\" \/> <img decoding=\"async\" class=\"wp-image-12125 alignnone\" src=\"https:\/\/virtualnimuzej.aspira.hr\/wp-content\/uploads\/2024\/06\/IMG-20231201-WA0015.jpg\" alt=\"\" width=\"400\" height=\"533\" data-wp-editing=\"1\" \/><\/p>\n","protected":false},"excerpt":{"rendered":"<p>Expert Meeting on the Heritage Institution as a Treasure Caves was held on Friday, December the 1st, 2023\u00a0 in the Archbishop&#8217;s Castle in Ka\u0161tel Su\u0107urac. The gathering was organized by [&hellip;]<\/p>\n","protected":false},"author":1,"featured_media":12128,"comment_status":"closed","ping_status":"closed","sticky":false,"template":"","format":"standard","meta":{"footnotes":""},"categories":[25],"tags":[],"class_list":["post-12131","post","type-post","status-publish","format-standard","has-post-thumbnail","hentry","category-australia-and-new-zealand"],"yoast_head":"<!-- This site is optimized with the Yoast SEO plugin v20.7 - https:\/\/yoast.com\/wordpress\/plugins\/seo\/ -->\n<title>Vice-Dean for International Cooperation Petra Mandac held an invited lecture about Aspira Virtual Museum at the Professional Meeting of the Heritage Institution with the theme \u201eTreasure Caves\u201c - Aspira Virtualni Muzej iseljeni\u0161tva Dalmacije<\/title>\n<meta name=\"robots\" content=\"index, follow, max-snippet:-1, max-image-preview:large, max-video-preview:-1\" \/>\n<link rel=\"canonical\" href=\"https:\/\/virtualnimuzej.aspira.hr\/en\/vice-dean-for-international-cooperation-petra-mandac-held-an-invited-lecture-about-aspira-virtual-museum-at-the-professional-meeting-of-the-heritage-institution-with-the-theme-treasure-caves\/\" \/>\n<meta property=\"og:locale\" content=\"en_US\" \/>\n<meta property=\"og:type\" content=\"article\" \/>\n<meta property=\"og:title\" content=\"Vice-Dean for International Cooperation Petra Mandac held an invited lecture about Aspira Virtual Museum at the Professional Meeting of the Heritage Institution with the theme \u201eTreasure Caves\u201c - Aspira Virtualni Muzej iseljeni\u0161tva Dalmacije\" \/>\n<meta property=\"og:description\" content=\"Expert Meeting on the Heritage Institution as a Treasure Caves was held on Friday, December the 1st, 2023\u00a0 in the Archbishop&#8217;s Castle in Ka\u0161tel Su\u0107urac. The gathering was organized by [&hellip;]\" \/>\n<meta property=\"og:url\" content=\"https:\/\/virtualnimuzej.aspira.hr\/en\/vice-dean-for-international-cooperation-petra-mandac-held-an-invited-lecture-about-aspira-virtual-museum-at-the-professional-meeting-of-the-heritage-institution-with-the-theme-treasure-caves\/\" \/>\n<meta property=\"og:site_name\" content=\"Aspira Virtualni Muzej iseljeni\u0161tva Dalmacije\" \/>\n<meta property=\"article:published_time\" content=\"2023-12-13T15:00:09+00:00\" \/>\n<meta property=\"article:modified_time\" content=\"2024-06-19T08:37:28+00:00\" \/>\n<meta property=\"og:image\" content=\"https:\/\/virtualnimuzej.aspira.hr\/wp-content\/uploads\/2024\/06\/strucni-skup-bastinske-ustanove-kao-pecine-s-blagom-gradska-knjiznica-kastela.png\" \/>\n\t<meta property=\"og:image:width\" content=\"848\" \/>\n\t<meta property=\"og:image:height\" content=\"1200\" \/>\n\t<meta property=\"og:image:type\" content=\"image\/png\" \/>\n<meta name=\"author\" content=\"VmuzejAspira\" \/>\n<meta name=\"twitter:card\" content=\"summary_large_image\" \/>\n<meta name=\"twitter:label1\" content=\"Written by\" \/>\n\t<meta name=\"twitter:data1\" content=\"VmuzejAspira\" \/>\n\t<meta name=\"twitter:label2\" content=\"Est. reading time\" \/>\n\t<meta name=\"twitter:data2\" content=\"2 minutes\" \/>\n<script type=\"application\/ld+json\" class=\"yoast-schema-graph\">{\"@context\":\"https:\/\/schema.org\",\"@graph\":[{\"@type\":\"WebPage\",\"@id\":\"https:\/\/virtualnimuzej.aspira.hr\/en\/vice-dean-for-international-cooperation-petra-mandac-held-an-invited-lecture-about-aspira-virtual-museum-at-the-professional-meeting-of-the-heritage-institution-with-the-theme-treasure-caves\/\",\"url\":\"https:\/\/virtualnimuzej.aspira.hr\/en\/vice-dean-for-international-cooperation-petra-mandac-held-an-invited-lecture-about-aspira-virtual-museum-at-the-professional-meeting-of-the-heritage-institution-with-the-theme-treasure-caves\/\",\"name\":\"Vice-Dean for International Cooperation Petra Mandac held an invited lecture about Aspira Virtual Museum at the Professional Meeting of the Heritage Institution with the theme \u201eTreasure Caves\u201c - Aspira Virtualni Muzej iseljeni\u0161tva Dalmacije\",\"isPartOf\":{\"@id\":\"https:\/\/virtualnimuzej.aspira.hr\/#website\"},\"datePublished\":\"2023-12-13T15:00:09+00:00\",\"dateModified\":\"2024-06-19T08:37:28+00:00\",\"author\":{\"@id\":\"https:\/\/virtualnimuzej.aspira.hr\/#\/schema\/person\/8b28048370e78968988c04d6f1ba104d\"},\"breadcrumb\":{\"@id\":\"https:\/\/virtualnimuzej.aspira.hr\/en\/vice-dean-for-international-cooperation-petra-mandac-held-an-invited-lecture-about-aspira-virtual-museum-at-the-professional-meeting-of-the-heritage-institution-with-the-theme-treasure-caves\/#breadcrumb\"},\"inLanguage\":\"en-US\",\"potentialAction\":[{\"@type\":\"ReadAction\",\"target\":[\"https:\/\/virtualnimuzej.aspira.hr\/en\/vice-dean-for-international-cooperation-petra-mandac-held-an-invited-lecture-about-aspira-virtual-museum-at-the-professional-meeting-of-the-heritage-institution-with-the-theme-treasure-caves\/\"]}]},{\"@type\":\"BreadcrumbList\",\"@id\":\"https:\/\/virtualnimuzej.aspira.hr\/en\/vice-dean-for-international-cooperation-petra-mandac-held-an-invited-lecture-about-aspira-virtual-museum-at-the-professional-meeting-of-the-heritage-institution-with-the-theme-treasure-caves\/#breadcrumb\",\"itemListElement\":[{\"@type\":\"ListItem\",\"position\":1,\"name\":\"Naslovna\",\"item\":\"https:\/\/virtualnimuzej.aspira.hr\/en\/\"},{\"@type\":\"ListItem\",\"position\":2,\"name\":\"Vice-Dean for International Cooperation Petra Mandac held an invited lecture about Aspira Virtual Museum at the Professional Meeting of the Heritage Institution with the theme \u201eTreasure Caves\u201c\"}]},{\"@type\":\"WebSite\",\"@id\":\"https:\/\/virtualnimuzej.aspira.hr\/#website\",\"url\":\"https:\/\/virtualnimuzej.aspira.hr\/\",\"name\":\"Aspira Virtualni Muzej iseljeni\u0161tva Dalmacije\",\"description\":\"Muzej iseljeni\u0161tva je zami\u0161ljen kao mjesto skupljanja i prezentacije gra\u0111e o hrvatskom iseljeni\u0161tvu i povijesti iseljavanja koja nikada nije bila dovoljno istra\u017eena.\",\"potentialAction\":[{\"@type\":\"SearchAction\",\"target\":{\"@type\":\"EntryPoint\",\"urlTemplate\":\"https:\/\/virtualnimuzej.aspira.hr\/?s={search_term_string}\"},\"query-input\":\"required name=search_term_string\"}],\"inLanguage\":\"en-US\"},{\"@type\":\"Person\",\"@id\":\"https:\/\/virtualnimuzej.aspira.hr\/#\/schema\/person\/8b28048370e78968988c04d6f1ba104d\",\"name\":\"VmuzejAspira\",\"image\":{\"@type\":\"ImageObject\",\"inLanguage\":\"en-US\",\"@id\":\"https:\/\/virtualnimuzej.aspira.hr\/#\/schema\/person\/image\/\",\"url\":\"https:\/\/secure.gravatar.com\/avatar\/cfa7124a34eec5233efffe1e8fb23c18bb83abdb6129e8f47c9144109613a228?s=96&d=mm&r=g\",\"contentUrl\":\"https:\/\/secure.gravatar.com\/avatar\/cfa7124a34eec5233efffe1e8fb23c18bb83abdb6129e8f47c9144109613a228?s=96&d=mm&r=g\",\"caption\":\"VmuzejAspira\"},\"sameAs\":[\"http:\/\/virtualnimuzej.aspira.hr\"],\"url\":\"https:\/\/virtualnimuzej.aspira.hr\/en\/author\/vmuzejaspira\/\"}]}<\/script>\n<!-- \/ Yoast SEO plugin. -->","yoast_head_json":{"title":"Vice-Dean for International Cooperation Petra Mandac held an invited lecture about Aspira Virtual Museum at the Professional Meeting of the Heritage Institution with the theme \u201eTreasure Caves\u201c - Aspira Virtualni Muzej iseljeni\u0161tva Dalmacije","robots":{"index":"index","follow":"follow","max-snippet":"max-snippet:-1","max-image-preview":"max-image-preview:large","max-video-preview":"max-video-preview:-1"},"canonical":"https:\/\/virtualnimuzej.aspira.hr\/en\/vice-dean-for-international-cooperation-petra-mandac-held-an-invited-lecture-about-aspira-virtual-museum-at-the-professional-meeting-of-the-heritage-institution-with-the-theme-treasure-caves\/","og_locale":"en_US","og_type":"article","og_title":"Vice-Dean for International Cooperation Petra Mandac held an invited lecture about Aspira Virtual Museum at the Professional Meeting of the Heritage Institution with the theme \u201eTreasure Caves\u201c - Aspira Virtualni Muzej iseljeni\u0161tva Dalmacije","og_description":"Expert Meeting on the Heritage Institution as a Treasure Caves was held on Friday, December the 1st, 2023\u00a0 in the Archbishop&#8217;s Castle in Ka\u0161tel Su\u0107urac. The gathering was organized by [&hellip;]","og_url":"https:\/\/virtualnimuzej.aspira.hr\/en\/vice-dean-for-international-cooperation-petra-mandac-held-an-invited-lecture-about-aspira-virtual-museum-at-the-professional-meeting-of-the-heritage-institution-with-the-theme-treasure-caves\/","og_site_name":"Aspira Virtualni Muzej iseljeni\u0161tva Dalmacije","article_published_time":"2023-12-13T15:00:09+00:00","article_modified_time":"2024-06-19T08:37:28+00:00","og_image":[{"width":848,"height":1200,"url":"https:\/\/virtualnimuzej.aspira.hr\/wp-content\/uploads\/2024\/06\/strucni-skup-bastinske-ustanove-kao-pecine-s-blagom-gradska-knjiznica-kastela.png","type":"image\/png"}],"author":"VmuzejAspira","twitter_card":"summary_large_image","twitter_misc":{"Written by":"VmuzejAspira","Est. reading time":"2 minutes"},"schema":{"@context":"https:\/\/schema.org","@graph":[{"@type":"WebPage","@id":"https:\/\/virtualnimuzej.aspira.hr\/en\/vice-dean-for-international-cooperation-petra-mandac-held-an-invited-lecture-about-aspira-virtual-museum-at-the-professional-meeting-of-the-heritage-institution-with-the-theme-treasure-caves\/","url":"https:\/\/virtualnimuzej.aspira.hr\/en\/vice-dean-for-international-cooperation-petra-mandac-held-an-invited-lecture-about-aspira-virtual-museum-at-the-professional-meeting-of-the-heritage-institution-with-the-theme-treasure-caves\/","name":"Vice-Dean for International Cooperation Petra Mandac held an invited lecture about Aspira Virtual Museum at the Professional Meeting of the Heritage Institution with the theme \u201eTreasure Caves\u201c - Aspira Virtualni Muzej iseljeni\u0161tva Dalmacije","isPartOf":{"@id":"https:\/\/virtualnimuzej.aspira.hr\/#website"},"datePublished":"2023-12-13T15:00:09+00:00","dateModified":"2024-06-19T08:37:28+00:00","author":{"@id":"https:\/\/virtualnimuzej.aspira.hr\/#\/schema\/person\/8b28048370e78968988c04d6f1ba104d"},"breadcrumb":{"@id":"https:\/\/virtualnimuzej.aspira.hr\/en\/vice-dean-for-international-cooperation-petra-mandac-held-an-invited-lecture-about-aspira-virtual-museum-at-the-professional-meeting-of-the-heritage-institution-with-the-theme-treasure-caves\/#breadcrumb"},"inLanguage":"en-US","potentialAction":[{"@type":"ReadAction","target":["https:\/\/virtualnimuzej.aspira.hr\/en\/vice-dean-for-international-cooperation-petra-mandac-held-an-invited-lecture-about-aspira-virtual-museum-at-the-professional-meeting-of-the-heritage-institution-with-the-theme-treasure-caves\/"]}]},{"@type":"BreadcrumbList","@id":"https:\/\/virtualnimuzej.aspira.hr\/en\/vice-dean-for-international-cooperation-petra-mandac-held-an-invited-lecture-about-aspira-virtual-museum-at-the-professional-meeting-of-the-heritage-institution-with-the-theme-treasure-caves\/#breadcrumb","itemListElement":[{"@type":"ListItem","position":1,"name":"Naslovna","item":"https:\/\/virtualnimuzej.aspira.hr\/en\/"},{"@type":"ListItem","position":2,"name":"Vice-Dean for International Cooperation Petra Mandac held an invited lecture about Aspira Virtual Museum at the Professional Meeting of the Heritage Institution with the theme \u201eTreasure Caves\u201c"}]},{"@type":"WebSite","@id":"https:\/\/virtualnimuzej.aspira.hr\/#website","url":"https:\/\/virtualnimuzej.aspira.hr\/","name":"Aspira Virtualni Muzej iseljeni\u0161tva Dalmacije","description":"Muzej iseljeni\u0161tva je zami\u0161ljen kao mjesto skupljanja i prezentacije gra\u0111e o hrvatskom iseljeni\u0161tvu i povijesti iseljavanja koja nikada nije bila dovoljno istra\u017eena.","potentialAction":[{"@type":"SearchAction","target":{"@type":"EntryPoint","urlTemplate":"https:\/\/virtualnimuzej.aspira.hr\/?s={search_term_string}"},"query-input":"required name=search_term_string"}],"inLanguage":"en-US"},{"@type":"Person","@id":"https:\/\/virtualnimuzej.aspira.hr\/#\/schema\/person\/8b28048370e78968988c04d6f1ba104d","name":"VmuzejAspira","image":{"@type":"ImageObject","inLanguage":"en-US","@id":"https:\/\/virtualnimuzej.aspira.hr\/#\/schema\/person\/image\/","url":"https:\/\/secure.gravatar.com\/avatar\/cfa7124a34eec5233efffe1e8fb23c18bb83abdb6129e8f47c9144109613a228?s=96&d=mm&r=g","contentUrl":"https:\/\/secure.gravatar.com\/avatar\/cfa7124a34eec5233efffe1e8fb23c18bb83abdb6129e8f47c9144109613a228?s=96&d=mm&r=g","caption":"VmuzejAspira"},"sameAs":["http:\/\/virtualnimuzej.aspira.hr"],"url":"https:\/\/virtualnimuzej.aspira.hr\/en\/author\/vmuzejaspira\/"}]}},"_links":{"self":[{"href":"https:\/\/virtualnimuzej.aspira.hr\/en\/wp-json\/wp\/v2\/posts\/12131","targetHints":{"allow":["GET"]}}],"collection":[{"href":"https:\/\/virtualnimuzej.aspira.hr\/en\/wp-json\/wp\/v2\/posts"}],"about":[{"href":"https:\/\/virtualnimuzej.aspira.hr\/en\/wp-json\/wp\/v2\/types\/post"}],"author":[{"embeddable":true,"href":"https:\/\/virtualnimuzej.aspira.hr\/en\/wp-json\/wp\/v2\/users\/1"}],"replies":[{"embeddable":true,"href":"https:\/\/virtualnimuzej.aspira.hr\/en\/wp-json\/wp\/v2\/comments?post=12131"}],"version-history":[{"count":1,"href":"https:\/\/virtualnimuzej.aspira.hr\/en\/wp-json\/wp\/v2\/posts\/12131\/revisions"}],"predecessor-version":[{"id":12132,"href":"https:\/\/virtualnimuzej.aspira.hr\/en\/wp-json\/wp\/v2\/posts\/12131\/revisions\/12132"}],"wp:featuredmedia":[{"embeddable":true,"href":"https:\/\/virtualnimuzej.aspira.hr\/en\/wp-json\/wp\/v2\/media\/12128"}],"wp:attachment":[{"href":"https:\/\/virtualnimuzej.aspira.hr\/en\/wp-json\/wp\/v2\/media?parent=12131"}],"wp:term":[{"taxonomy":"category","embeddable":true,"href":"https:\/\/virtualnimuzej.aspira.hr\/en\/wp-json\/wp\/v2\/categories?post=12131"},{"taxonomy":"post_tag","embeddable":true,"href":"https:\/\/virtualnimuzej.aspira.hr\/en\/wp-json\/wp\/v2\/tags?post=12131"}],"curies":[{"name":"wp","href":"https:\/\/api.w.org\/{rel}","templated":true}]}}