{"id":12465,"date":"2024-09-11T12:12:26","date_gmt":"2024-09-11T10:12:26","guid":{"rendered":"https:\/\/virtualnimuzej.aspira.hr\/?p=12465"},"modified":"2024-09-11T12:16:30","modified_gmt":"2024-09-11T10:16:30","slug":"in-the-land-of-dalmatians","status":"publish","type":"post","link":"https:\/\/virtualnimuzej.aspira.hr\/en\/in-the-land-of-dalmatians\/","title":{"rendered":"IN THE LAND OF DALMATIANS"},"content":{"rendered":"<p>AN AFFECTIVE MAP<\/p>\n<p>IN NEIGHBORHOODS<\/p>\n<p>THE BELENZINHO<\/p>\n<p>AND<\/p>\n<p>MOOCA<\/p>\n<p><strong>\u00a0<\/strong><\/p>\n<p><strong>\u00a0<\/strong><\/p>\n<p><strong>Written in english by: Katia Camargo Gavranich\u00a0<\/strong><\/p>\n<p><strong>\u00a0<\/strong><\/p>\n<p><strong>SESC S\u00c3O PAULO \u2013 CENTER OF RESEARCH AND FORMATION<\/strong><\/p>\n<p><strong>S\u00c3O PAULO<\/strong><\/p>\n<p><strong>2016<\/strong><\/p>\n<p>&nbsp;<\/p>\n<p>&nbsp;<\/p>\n<p>&nbsp;<\/p>\n<p>&nbsp;<\/p>\n<p>\u201cPeople love the maps because they lie, they prevent access to the truth of the people. Generously extended on the table, good-humored, they map the smile of a world that is not of this world. &#8221;<\/p>\n<p><strong>Wislawa Szymborska<\/strong><\/p>\n<p>&nbsp;<\/p>\n<p>&nbsp;<\/p>\n<p><strong>Resume<\/strong><\/p>\n<p>This work aims to rescue the cultural identity of the Croatian-Dalmatian immigration, the 20s of last century, through affective mapping of the territory inhabited, the S\u00e3o Paulo districts of Belenzinho and Mo\u00f3ca. With this, we intend to study the dynamics of the city, under the gaze of a large and important community in S\u00e3o Paulo, whose history remains completely unknown.<\/p>\n<p>&nbsp;<\/p>\n<p>Immigrants from different regions of Croatia began to arrive in Brazil in the late nineteenth century, compelled by various economic crises that culminated in the First World War. At that time, Croatia was part of the Austro-Hungarian empire, which was divided after the war, giving rise to what is called &#8220;The First Yugoslavia,&#8221; formed by the Kingdom of Serbs, Croats and Slovenes. For this reason, we do not have in Brazil no record of the arrival of Croats until the late twentieth century. They were registered as Yugoslavs, Austrians, Hungarians or even Italian, depending on their region of origin. (PUH, 2016)<\/p>\n<p>&nbsp;<\/p>\n<p><img decoding=\"async\" class=\"alignnone size-full wp-image-12419\" src=\"https:\/\/virtualnimuzej.aspira.hr\/wp-content\/uploads\/2024\/09\/1-2.jpg\" alt=\"\" width=\"766\" height=\"615\" \/><\/p>\n<p>Family Passport, 1925.<\/p>\n<p>Fonte: CAMARGO, 2014<\/p>\n<p>&nbsp;<\/p>\n<p>Even today it is difficult to quantify precisely, the number of Croats and Croatian descendants of existing in Brazil. It is estimated that between Croats and their descendants, this number is greater than 45,000, considering the two most significant moments of the Croatian diaspora to Brazil, first in the &#8217;20s, the second time after 1945.<\/p>\n<p>For this work, we propose the study of the relations of the first diaspora Croatian with the territory in which they settled, the districts of Belenzinho and Mo\u00f3ca, in order to rescue the cultural identity of this very specific group and allow reflection on the dynamics the cities and their population.<\/p>\n<p>The story begins here approach more precisely in the years 1924-1926, when more and more concentrated wave of outbound migrants from the villages of Blato and Vela Luka on the island of Korcula, arrived in Brazil. This island is located in the coastal region further south of Croatia. This territory was part of various empires and countries throughout its history, but as a region has always been known as Dalmatia, that since the times of the Illyrians, about 1000 years BC For this reason, the inhabitants of the region call themselves Dalmatians even in today&#8217;s Croatia. As immigration that this work is well concentrated in two villages of Dalmatia, we will call these immigrants Dalmatian or Croatian Dalmatians.<\/p>\n<p>&nbsp;<\/p>\n<p><img decoding=\"async\" class=\"alignnone size-full wp-image-12425\" src=\"https:\/\/virtualnimuzej.aspira.hr\/wp-content\/uploads\/2024\/09\/2-2.jpg\" alt=\"\" width=\"738\" height=\"618\" \/><\/p>\n<p>Dalmacija<\/p>\n<p>Fonte: Wikipedia, 2016<\/p>\n<p>&nbsp;<\/p>\n<p>Dalmatians came again, driven by economic crises generated at the end of the First World War and due to the presence in those villages the parasite insect vines known for Filoxsera that for nearly half a century destroyed the grape plantations worldwide. This plague devastated the economy of the small island of Korcula, forcing its inhabitants to seek better living conditions in other countries (DORO, 1985).<\/p>\n<p>Precisely in that period, Brazil introduced a new immigration policy, to strengthen the hand of replacing slave labor and people inside the country, promoting in 1924, an intense campaign for the systematic migration of European and Japanese.<\/p>\n<p>In Europe, this Brazilian campaign was promoted by the company Lloyd Regius Dutch. According to a pamphlet published by the branch to its branch in Zagreb, capital of Croatia, could emigrate to Brazil every family that had minimally three members, none of which have over fifty years of age. (TALAN, 1998)<\/p>\n<p>&nbsp;<\/p>\n<p>&nbsp;<\/p>\n<p><img decoding=\"async\" class=\"alignnone size-full wp-image-12428\" src=\"https:\/\/virtualnimuzej.aspira.hr\/wp-content\/uploads\/2024\/09\/3-1.jpg\" alt=\"\" width=\"762\" height=\"573\" \/><\/p>\n<p>Lloyd&#8217;s outreach to travel to Brazil.<\/p>\n<p>Fonte: DORO,1985.<\/p>\n<p>&nbsp;<\/p>\n<p>The emigrants were generally deceived by emissaries of Lloyd. They said the stakeholders come to Brazil to work on coffee plantations in the state of S\u00e3o Paulo and soon have their own farms.<\/p>\n<p>The leaflet distributed in the villages, joining the reporting successful few immigrants who had returned from &#8220;America&#8221; as they called the United States, aroused great interest among the population. Thus, only the island of Korcula, hundreds of families, about 300 enlisted for emigration to Brazil. (TALAN, 1998)<\/p>\n<p>Each of the departures of these families respected an emotional ritual described by Ivo \u0160i\u0161evi\u0107, in the article &#8220;Kako su nasi isljenici putovali u Ameriku&#8221; (As our emigrants traveled to America): &#8220;Farewells before departure abroad were very moving. That it was for the &#8220;new world&#8221; visited the neighbors house, and according to ancient custom, saying goodbye to everyone. On the eve of departure, the people in the house preparing dinner called &#8216;pir&#8217; &#8230; The next day, when the steam outlet, the whole village gathered to say goodbye. These were painful goodbyes. (TALAN, 1998).<\/p>\n<p>Emigrants were saying goodbye, especially their mothers, fathers and girlfriends. Debulhavam into tears. As the steam was moving away from the dock, waving white scarves, waving to the emigrants. This scene was accompanied by singing and crying, the calls from relatives and citizens present there. By the time the steam began to take direction, the siren of the ship whistled three times and emigrants sent their last nods. similar rite was when the inhabitants of Blato and Vela Luka left, only in this case, were not only a few individuals, but hundreds of people. The consequences of this emigration were felt for decades. &#8221; (TALAN, 1998)<\/p>\n<p>&nbsp;<\/p>\n<p>&nbsp;<\/p>\n<p><img decoding=\"async\" class=\"alignnone size-full wp-image-12431\" src=\"https:\/\/virtualnimuzej.aspira.hr\/wp-content\/uploads\/2024\/09\/4.jpg\" alt=\"\" width=\"758\" height=\"528\" \/><\/p>\n<p>Prigradica\u2019s departure, 1925.<\/p>\n<p>Fonte: Blatski Fizuli Ustanova i Kulture, autor: desconhecido<\/p>\n<p>&nbsp;<\/p>\n<p>&nbsp;<\/p>\n<p>The trauma caused by this journey tells us the epic written by Ivan Dragojevic Bo\u0161ko &#8220;odlazak u Brazilj LUCANA i Bla\u0107ana&#8221; (The departure of Vela Luka inhabitants and Blato to Brazil). It is a poem consisting of 130 stanzas, which describes in detail the course of the journey, until the installation of families in coffee-growing farms and their subsequent flight to the city of S\u00e3o Paulo. (TALAN, 1998)<\/p>\n<p>According to historian Norma Marinovic Doro (1987), this epic was written by Sir Ivan, passed orally from farm to farm (immigrants sang his verse while working in the fields) and copied in so-called &#8220;farm notebooks,&#8221; where immigrants were the accounting (always negative) of their shopping in the sale of the owner of the farm.<\/p>\n<p>It is believed that even spread throughout the state, immigrants kept intense exchange of correspondence through the railways.<\/p>\n<p>&nbsp;<\/p>\n<p>&nbsp;<\/p>\n<p><img decoding=\"async\" class=\"alignnone size-full wp-image-12434\" src=\"https:\/\/virtualnimuzej.aspira.hr\/wp-content\/uploads\/2024\/09\/5.jpg\" alt=\"\" width=\"767\" height=\"546\" \/><\/p>\n<p>Map of the State Railways of S\u00e3o Paulo, 1930.<br \/>\nFonte: Blog Esta\u00e7\u00f5es Ferrovi\u00e1rias, 2016<\/p>\n<p>&nbsp;<\/p>\n<p>The poems of Mr. Dragojevic can be considered a valuable historical archive and detailed how was the Croatian-Dalmatian immigration in Brazil. This epic was deposited the collective memory of Kor\u010dula emigrants. This document is now scanned at the Museum of Immigration in Sao Paulo.<\/p>\n<p>In many reports of immigrants are often present sadness and disappointment: not found on farms anything they expected. There were no houses to accommodate families, only shacks or old slave quarters. The work on the coffee harvest was hard and the little they received every month was for the warehouse, owned by the owner of the farm, which made the settlement regime, in fact a semi-slavery. (DORO, 1987).<\/p>\n<p>Another important report is Mr. Gabriel Santilli, in a letter to his granddaughter in 1979: \u201c<em>Ficamos na Imigra\u00e7\u00e3o na rua Visconde de Parna\u00edba, 24, para no dia seguinte irmos pra fazenda de trem&#8230;eu moso de 15 anos&#8230;Corri depressa, como na guerra. Para todos tinha lugar no trem, menos para mim e minha fam\u00edlia, ent\u00e3o, entramos no trem vazio, no lugar dos bois&#8230;o trem viajou 12 horas sem parar. Chegamos na fazenda Canana, me lembro bem. Era hora da janta, jantemo bem \u00e9 verdade. Na hora do descanso, cada fam\u00edlia com seus filho, escuite bem, foram para uma casa grande e no ch\u00e3o bastante capim seco. Tudus juntos mesmo como boiada<\/em>\u201d<\/p>\n<p>&nbsp;<\/p>\n<p><img decoding=\"async\" class=\"alignnone size-full wp-image-12437\" src=\"https:\/\/virtualnimuzej.aspira.hr\/wp-content\/uploads\/2024\/09\/7.jpg\" alt=\"\" width=\"751\" height=\"607\" \/><\/p>\n<p>Coffee farm.<\/p>\n<p>Fonte: Acervo do Museu do caf\u00e9, 1930.<\/p>\n<p>&nbsp;<\/p>\n<p>&nbsp;<\/p>\n<p>Those who did not support fled to the capital in search of decent work and better living conditions. There is no record of any immigrant stay on the farms after the coffee crisis in 1929. All came to S\u00e3o Paulo, settling in slums in the industrial districts of Mooca and Belenzinho, which operated textile and tobacco industries. Thus, eventually rebuild, geographically, the old villages of origin. Entire streets were occupied by Croatian Dalmatians of Blato and Vela Luka, known in time as &#8220;Yugoslavs&#8221; or &#8220;bichos d\u2019\u00e1gua&#8221;, the latter a pejorative name that the local referred to the immigrants from Eastern Europe, who crossed seas and spoke strange and incomprehensible languages. (TALAN, 1998)<\/p>\n<p>&nbsp;<\/p>\n<p>&nbsp;<\/p>\n<p><img decoding=\"async\" class=\"alignnone size-full wp-image-12440\" src=\"https:\/\/virtualnimuzej.aspira.hr\/wp-content\/uploads\/2024\/09\/8.jpg\" alt=\"\" width=\"800\" height=\"642\" \/><\/p>\n<p>Mo\u00f3ca\u2019s District.<\/p>\n<p>Fonte: site\u00a0 da Prefeitura Municipal de S\u00e3o Paulo, 2016<\/p>\n<p>&nbsp;<\/p>\n<p>Getting to S\u00e3o Paulo, many of them had little or no expertise, even though most literate. They were of peasant stock and had to adapt to the harsh life of the beginning of industrialization in S\u00e3o Paulo. They worked about 12 hours a day, men, women and children, those from 6 years old. Why have small and delicate hands, the children were destined to lighter work, but no less strenuous. For example, cigarette packaging in the former Sudan industry.<\/p>\n<p>The industries which concentrated a large number of Dalmatians were Cotonif\u00edcio Crespi, LANIFICIO Fileppo, Matarazzo Industries, Santista Mill, Textile Industry Gasparian and Coffee select. Today, the buildings of these industries have given way to other activities. For example, the Cotonif\u00edcio Crespi, was transformed into supermarket, but its facade, the style of the industries of the 40&#8217;s, has been preserved. The selected coffee building has recently become a major center of telemarketing and the building of Industries Gasparian has been renovated to house a large private university. The old building of Santista mill, renovated, now houses the regional headquarters of the SESC S\u00e3o Paulo.<\/p>\n<p>&nbsp;<\/p>\n<p>&nbsp;<\/p>\n<p><img decoding=\"async\" class=\"alignnone size-full wp-image-12452\" src=\"https:\/\/virtualnimuzej.aspira.hr\/wp-content\/uploads\/2024\/09\/9.jpg\" alt=\"\" width=\"566\" height=\"800\" \/><\/p>\n<p>Moinho Santista Industry, were worked<\/p>\n<p>Fonte: site da Bunge<\/p>\n<p>&nbsp;<\/p>\n<p>&nbsp;<\/p>\n<p>In those districts of the old suburbs east of the city, then he gave a real reunion between Dalmatians families until then distributed to various farms in the countryside of the state and of course the reestablishment of social relationships experienced in their Dalmatians home villages Blato and Vela Luka. (DORO, 1987)<\/p>\n<p>A &#8220;village Dalmatian&#8221; in S\u00e3o Paulo formed around its central institutions: the work (in the weavings and construction), the two Catholic churches (the St. Paul the Apostle and St. Joseph of Bethlehem) and the cemetery (the fourth stop). In this &#8220;village&#8221; neighbors Dalmatians tilled their cultural identity without fanfare through the language (the dialect spoken on the island of Korcula), gastronomy, music, folk dancing and singing in the streets by the religious parties (P\u00e1scoa e Natal).<\/p>\n<p><em>\u201cIn the 30s and 40s, the Belenzinho district could be considered a Croatian-Dalmatian district, such the presence of these immigrants, gathered in up to three local associations. Highlight the existence in the neighborhood at that time the Sport Club Dalmatia, carnival blocks formed only by community youth and the creation of groups of folk dances, a choir and a typical musical ensemble strings. As you see, own gatherings of earlier generations of immigrants, destined to disappear with time, when grandchildren and great-grandchildren, as characters in a new local culture, did not feel safe on the strange land that grandparents and great-grandparents stumbled one day ahead. <\/em>(CAMARGO, p\u00e1g 23, 2014)<\/p>\n<p>&nbsp;<\/p>\n<p>&nbsp;<\/p>\n<p><img decoding=\"async\" class=\"alignnone size-full wp-image-12443\" src=\"https:\/\/virtualnimuzej.aspira.hr\/wp-content\/uploads\/2024\/09\/8-1.jpg\" alt=\"\" width=\"756\" height=\"431\" \/><\/p>\n<p>Rua Irm\u00e3 \u00darsula, where they lived.<\/p>\n<p>Autor: Greg\u00f3rio Bacic,<\/p>\n<p>&nbsp;<\/p>\n<p>But as represented culturally foreign body in a room that coexisted Italian migrants, Portuguese and Spanish, tried to communicate with these groups in the only language that dominated beyond Dalmatian: Italian, proximity arising from Croatia to Italy and the various dominations of their country of origin by Romans and Venetians. This identification with the Italians practically diluted their brands in those neighborhoods where the Italians predominated. (DORO, 1987)<\/p>\n<p>This reunification behavior and the proximity to the Italian community explained the fact that the communities of a diaspora or immigration would tend to maintain liaison with other groups that invoke similar identity. This bond can come in different forms, through families, religious communities, socio-political and economic ties or the shared memory of a disaster or trauma suffered by members of the diaspora or their ancestors. (BRUNEU, 2010).<\/p>\n<p>In the process of gradual absorption of Brazilian cultural identity, Dalmatians immigrants arrived to create a football club, Sport Dalmatian Club and carnival blocks as record pictures of the 30s and 40s.<\/p>\n<p>&nbsp;<\/p>\n<p>&nbsp;<\/p>\n<p><img decoding=\"async\" class=\"alignnone size-full wp-image-12446\" src=\"https:\/\/virtualnimuzej.aspira.hr\/wp-content\/uploads\/2024\/09\/10.jpg\" alt=\"\" width=\"735\" height=\"544\" \/><\/p>\n<p>Esporte Clube Dalm\u00e1cia, 1937, how they played.<\/p>\n<p>Fonte: CAMARGO, 2014<\/p>\n<p>&nbsp;<\/p>\n<p>&nbsp;<\/p>\n<p><img decoding=\"async\" class=\"alignnone size-full wp-image-12449\" src=\"https:\/\/virtualnimuzej.aspira.hr\/wp-content\/uploads\/2024\/09\/11.jpg\" alt=\"\" width=\"744\" height=\"557\" \/><\/p>\n<p>Turma d\u2019Amor, 1942, how they danced.<\/p>\n<p>Fonte: CAMARGO, 2014<\/p>\n<p>&nbsp;<\/p>\n<p>&nbsp;<\/p>\n<p>Affective map can be a new form of engagement of the population in relation to the history of the city. It aims to encourage conservation initiatives paulistanos goods by small groups that can mobilize people or groups in support of a cause. As the Polish poet Szymborska Wyslava (2013), &#8220;the maps lie&#8221;, speak of &#8220;a world that is not of this world.&#8221; Already affective mapping of this work aims to reveal the occupation at a given moment by a large and unknown group of immigrants from two neighboring villages located on an island far from Dalmatia, the coastal region of Croatia. The cause in question is made visible as specific as particular group, arrived in the 1920s directly to the Paulista coffee plantations and then moved to textile, in the neighborhoods of Mooca and Belenzinho in the early industrialization of the city of Sao Paulo.<\/p>\n<p>From 1930 until the present day, these neighborhoods have undergone various transformations. Large factories and workers from villages to large real estate projects. What makes these changes produced in immigrant communities and its surroundings?<\/p>\n<p>One of the possibilities to investigate the contemporary social and cultural dynamics to traces of other times is to create integration of places where the various memories intersect and intertwine.<\/p>\n<p>According Lewgoy (1997), paths and circuits appear as reflection and research tools to account for the multiple appropriations differential of urban space, where seats and city roads only make sense if referred to specific cultural practices of groups such as the leisure and religion. After all sociabilities not spring from the void, but arise in areas already rooted in the city&#8217;s memory.<\/p>\n<p>A curious fact is that walking around the city you can see that the most recent immigrants, ended up occupying the same areas that immigrants of the early twentieth century. That is, we can study the past and still see their reflections in the present. At that time, immigrants kept in touch with each other despite being spread across the interior of the coffee farms of S\u00e3o Paulo. When the first immigrants began to flee the farms due to poor living conditions, then settled near the textile industries were emerging.<\/p>\n<p>In this paper I propose to map the presence of Croatian Dalmatians in the neighborhoods of Mooca and Belenzinho, in order to uncover aspects of cultural diversity in these neighborhoods and learn more about the cultural identity of these immigrants. It will be possible to build an affective cartography with visits to the main reference points for the Croatian-Dalmatian community.<\/p>\n<p><strong>\u00a0<\/strong><\/p>\n<p><strong>AFFECTIVE MAP OF DALMATIANS<\/strong><\/p>\n<p><strong>\u00a0<\/strong><\/p>\n<p>&nbsp;<\/p>\n<p>The route to be traveled by minibus or van with participants guided by guide provides visits:<\/p>\n<ol>\n<li>Immigration Museum, at Rua Visconde de Parnaiba, for knowledge of its permanent collection, where there are reports, documents, photographs and pieces that refer to the time of immigration.<\/li>\n<li>Area of ancient textile industries Mo\u00f3ca, through the streets of the Hippodrome and the rails and early Paes de Barros Avenue. There is the unique architectural ensemble of LANIFICIO Crespi, who worked in many Dalmatians, today transformed into a large supermarket chain<\/li>\n<li>Surrounding the Taquari Street, area where he lived most Dalmatians and where there were large warehouses immigrants; today, there, the process of gentrification, there are high-rise condominiums, from the most popular to the average standard.<\/li>\n<li>Largo Ubirajara, one of the points of known meeting of the Dalmatian community where, in bars that do not exist, the first immigrants were after work to drink and talk.<\/li>\n<li>Largo Sao Jose do Belem, where the St. Joseph Church of Bethlehem, in which they gave the highest number of marriages, baptisms and masses of the seventh day of the Dalmatian community. Beside it is the school where many Dalmatians studied, the College Amadeu Amaral, which still preserves the 30s architecture.<\/li>\n<li>Rua Cidade de S\u00e3o Sim\u00e3o, cul de sac, which still preserves a few houses built in joint effort by Dalmatians and where they resided.<\/li>\n<li>Rua Tobias Barreto, where the St. Paul the Apostle Church, building dating from the end of 30 years (that appears motivated by the presence in the Dalmatian area). Is there a statue of the Virgin of Blato, Santa Vicenca, donated by Dalmatian immigrants. This church is celebrated every year on April 28 the day of Santa Vicenca, with the presence of members of the Croatian-Dalmatian community<\/li>\n<li>Cemetery 4th Parade. Where they are buried about 90% of Dalmatians immigrants. The ratio of Dalmatians with death is a cultural identity trait peculiar. To date, visit cemeteries in search of names of immigrants relatives around the world is their habit. When a descendant visit the village of Blato, also sites are keen to show you the graves of relatives who were. In the 40, 50 and 60 was still possible to find people&#8217;s homes, photos of relatives in coffins and processions, always accompanied by a band.<\/li>\n<li>SESC Belenzinho, the old building Santista Mill, where worked many Dalmatians immigrants. One of them used to say that one side of the street if working-hard to earn a living and that the rest would just across the street (at the cemetery). The visit to the SESC.<\/li>\n<\/ol>\n<ul>\n<li>Sociedade Amigos da Dalm\u00e1cia, cultural association with building built in joint effort by Dalmatians, founded in 1959. There, a visit to a permanent exhibition of photos, documents and books and film projection on the Dalmatian immigration, may include tasting tidbits Croatians.<\/li>\n<\/ul>\n<p>&nbsp;<\/p>\n<p>&nbsp;<\/p>\n<p><img decoding=\"async\" class=\"alignnone size-full wp-image-12455\" src=\"https:\/\/virtualnimuzej.aspira.hr\/wp-content\/uploads\/2024\/09\/14.jpg\" alt=\"\" width=\"800\" height=\"556\" \/><\/p>\n<p>Affective Map of Dalmatians.<\/p>\n<p>Fonte: Google Maps, 2016<\/p>\n<p>&nbsp;<\/p>\n<p>This work provides numerous developments, including the elaboration of a map of the region, comparing the addresses of the cultural association Friends Society Dalmatian 60s with current address; recording testimonials from current residents of memories of former residents and how the district is today.<\/p>\n<p>&nbsp;<\/p>\n<p>&nbsp;<\/p>\n<p><img decoding=\"async\" class=\"alignnone size-full wp-image-12458\" src=\"https:\/\/virtualnimuzej.aspira.hr\/wp-content\/uploads\/2024\/09\/12.jpg\" alt=\"\" width=\"800\" height=\"620\" \/><\/p>\n<p>&nbsp;<\/p>\n<p><img decoding=\"async\" class=\"alignnone size-full wp-image-12461\" src=\"https:\/\/virtualnimuzej.aspira.hr\/wp-content\/uploads\/2024\/09\/13.jpg\" alt=\"\" width=\"800\" height=\"554\" \/><\/p>\n<p>&nbsp;<\/p>\n<p>In addition to this mapping of the territory of the Dalmatians, is underway to scan the entire document collection on the Croatian-Dalmatian immigration for future available on the Dalmatian Friends Society website. Also provided are permanent and traveling exhibitions for increased circulation of this collection. That is, there is much work ahead &#8230;<\/p>\n<p>&nbsp;<\/p>\n<p>&nbsp;<\/p>\n<p><strong>\u00a0<\/strong><\/p>\n<p><strong>REFER\u00caNCIAS BIBLIOGR\u00c1FICAS<\/strong><\/p>\n<p>&nbsp;<\/p>\n<p>BRUNEAU, Michel. Diasporas, transnacional spaces and communities, in <strong>Diaspora and Transnacionalism, Concepts Theories and Methods<\/strong>. IMISCOE Research. Amsterdam University Press 2010.<\/p>\n<p>&nbsp;<\/p>\n<p>CAMARGO, Katia Gavranich. <strong>Cro\u00e1cia \u2013 Cozinha e Mem\u00f3ria D\u00e1lmata<\/strong>, Editora Escrituras, S\u00e3o Paulo, 2014.<\/p>\n<p>&nbsp;<\/p>\n<p>CC BY-AS 3. Mapa da Cro\u00e1cia, com destaque para a Dalm\u00e1cia, <a href=\"https:\/\/commons.wikimedia.org\/w\/index.php?curid=130798\">https:\/\/commons.wikimedia.org\/w\/index.php?curid=130798<\/a><\/p>\n<p>&nbsp;<\/p>\n<p>DORO, Norma Marinovic. <strong>A Imigra\u00e7\u00e3o Iugoslava no Brasil<\/strong> (tese de doutorado), Universidade de S\u00e3o Paulo, 1987.<\/p>\n<p>&nbsp;<\/p>\n<p>ESTA\u00c7\u00d5ES FERROVI\u00c1RIAS DO BRASIL: dispon\u00edvel em: <a href=\"http:\/\/www.estacoesferroviarias.com.br\/ramais\/efs-tronco.jpg\">http:\/\/www.estacoesferroviarias.com.br\/ramais\/efs-tronco.jpg<\/a><\/p>\n<p>&nbsp;<\/p>\n<h3><strong>LEWGOY. Bernardo Jos\u00e9 Guilherme Magnani &amp; Lillian de Lucca Torres (org.).\u00a0Na metr\u00f3pole: textos de antropologia urbana. S\u00e3o Paulo, DUSP\/FAPESP,1996, 319p. Rev. Antropol.\u00a0vol.40\u00a0n.2\u00a0S\u00e3o Paulo\u00a0\u00a01997. Dispon\u00edvel em <a href=\"http:\/\/www.scielo.br\/scielo.php?pid=S0034-77011997000200009&amp;script=sci_arttext&amp;tlng=es\">http:\/\/www.scielo.br\/scielo.php?pid=S0034-77011997000200009&amp;script=sci_arttext&amp;tlng=es<\/a><\/strong><\/h3>\n<p>&nbsp;<\/p>\n<p>MAPA AFETIVO DOS D\u00c1LMATAS. <strong>Google Maps<\/strong>, dispon\u00edvel em:\u00a0 https:\/\/www.google.com\/maps\/d\/edit?mid=1SpQ6xAJEFLjdpgP-o2VakQ6a6y0<\/p>\n<p>&nbsp;<\/p>\n<p>MUSEU DO CAF\u00c9: dispon\u00edvel em <a href=\"http:\/\/www.museudocafe.org.br\/wp-content\/uploads\/2015\/08\/colheita-do-caf--theodor-preising-dc-1930--acervo-museu-do-caf-.jpg\">http:\/\/www.museudocafe.org.br\/wp-content\/uploads\/2015\/08\/colheita-do-caf&#8211;theodor-preising-dc-1930&#8211;acervo-museu-do-caf-.jpg<\/a><\/p>\n<p>&nbsp;<\/p>\n<p>PREFEITURA MUNICIPAL DE S\u00c3O PAULO: dispon\u00edvel em: <a href=\"http:\/\/www.prefeitura.sp.gov.br\/cidade\/secretarias\/subprefeituras\/upload\/mooca\/imagens\/mapa_sub_mooca.jpg\">http:\/\/www.prefeitura.sp.gov.br\/cidade\/secretarias\/subprefeituras\/upload\/Mo\u00f3ca\/imagens\/mapa_sub_Mo\u00f3ca.jpg<\/a><\/p>\n<p>&nbsp;<\/p>\n<p>PUH, Milan, <strong>A Croacia no Brasil \u2013 Hist\u00f3rias de uma Imigra\u00e7\u00e3o. <\/strong>Crotia Sacra Paulistana<strong>, <\/strong>\u00a02015.<\/p>\n<p>&nbsp;<\/p>\n<p>SZYMBORSKA Wislawa, in <strong>Provoca\u00e7\u00f5es<\/strong>, 19\/11\/2013, dispon\u00edvel em <a href=\"https:\/\/www.youtube.com\/watch?v=YnC0a7aCff4\">https:\/\/www.youtube.com\/watch?v=YnC0a7aCff4<\/a>.<\/p>\n<p>&nbsp;<\/p>\n<p>TALAN, Nikica <strong>Hrvatska\/Brazil (Ikulturno-pvijesne veze) Cro\u00e1cia\/Brasil (rela\u00e7\u00f5es culturais)<\/strong>, edi\u00e7\u00e3o bil\u00edngue, Most\/The Bridge, Zagreb, 1998.<\/p>\n<p>&nbsp;<\/p>\n","protected":false},"excerpt":{"rendered":"<p>AN AFFECTIVE MAP IN NEIGHBORHOODS THE BELENZINHO AND MOOCA \u00a0 \u00a0 Written in english by: Katia Camargo Gavranich\u00a0 \u00a0 SESC S\u00c3O PAULO \u2013 CENTER OF RESEARCH AND FORMATION S\u00c3O PAULO [&hellip;]<\/p>\n","protected":false},"author":1,"featured_media":12413,"comment_status":"open","ping_status":"open","sticky":false,"template":"","format":"standard","meta":{"footnotes":""},"categories":[57],"tags":[],"class_list":["post-12465","post","type-post","status-publish","format-standard","has-post-thumbnail","hentry","category-brazil-en"],"yoast_head":"<!-- This site is optimized with the Yoast SEO plugin v20.7 - https:\/\/yoast.com\/wordpress\/plugins\/seo\/ -->\n<title>IN THE LAND OF DALMATIANS - Aspira Virtualni Muzej iseljeni\u0161tva Dalmacije<\/title>\n<meta name=\"robots\" content=\"index, follow, max-snippet:-1, max-image-preview:large, max-video-preview:-1\" \/>\n<link rel=\"canonical\" href=\"https:\/\/virtualnimuzej.aspira.hr\/en\/in-the-land-of-dalmatians\/\" \/>\n<meta property=\"og:locale\" content=\"en_US\" \/>\n<meta property=\"og:type\" content=\"article\" \/>\n<meta property=\"og:title\" content=\"IN THE LAND OF DALMATIANS - Aspira Virtualni Muzej iseljeni\u0161tva Dalmacije\" \/>\n<meta property=\"og:description\" content=\"AN AFFECTIVE MAP IN NEIGHBORHOODS THE BELENZINHO AND MOOCA \u00a0 \u00a0 Written in english by: Katia Camargo Gavranich\u00a0 \u00a0 SESC S\u00c3O PAULO \u2013 CENTER OF RESEARCH AND FORMATION S\u00c3O PAULO [&hellip;]\" \/>\n<meta property=\"og:url\" content=\"https:\/\/virtualnimuzej.aspira.hr\/en\/in-the-land-of-dalmatians\/\" \/>\n<meta property=\"og:site_name\" content=\"Aspira Virtualni Muzej iseljeni\u0161tva Dalmacije\" \/>\n<meta property=\"article:published_time\" content=\"2024-09-11T10:12:26+00:00\" \/>\n<meta property=\"article:modified_time\" content=\"2024-09-11T10:16:30+00:00\" \/>\n<meta property=\"og:image\" content=\"https:\/\/virtualnimuzej.aspira.hr\/wp-content\/uploads\/2024\/09\/IMG_1304.jpg\" \/>\n\t<meta property=\"og:image:width\" content=\"669\" \/>\n\t<meta property=\"og:image:height\" content=\"800\" \/>\n\t<meta property=\"og:image:type\" content=\"image\/jpeg\" \/>\n<meta name=\"author\" content=\"VmuzejAspira\" \/>\n<meta name=\"twitter:card\" content=\"summary_large_image\" \/>\n<meta name=\"twitter:label1\" content=\"Written by\" \/>\n\t<meta name=\"twitter:data1\" content=\"VmuzejAspira\" \/>\n\t<meta name=\"twitter:label2\" content=\"Est. reading time\" \/>\n\t<meta name=\"twitter:data2\" content=\"21 minutes\" \/>\n<script type=\"application\/ld+json\" class=\"yoast-schema-graph\">{\"@context\":\"https:\/\/schema.org\",\"@graph\":[{\"@type\":\"WebPage\",\"@id\":\"https:\/\/virtualnimuzej.aspira.hr\/en\/in-the-land-of-dalmatians\/\",\"url\":\"https:\/\/virtualnimuzej.aspira.hr\/en\/in-the-land-of-dalmatians\/\",\"name\":\"IN THE LAND OF DALMATIANS - Aspira Virtualni Muzej iseljeni\u0161tva Dalmacije\",\"isPartOf\":{\"@id\":\"https:\/\/virtualnimuzej.aspira.hr\/#website\"},\"datePublished\":\"2024-09-11T10:12:26+00:00\",\"dateModified\":\"2024-09-11T10:16:30+00:00\",\"author\":{\"@id\":\"https:\/\/virtualnimuzej.aspira.hr\/#\/schema\/person\/8b28048370e78968988c04d6f1ba104d\"},\"breadcrumb\":{\"@id\":\"https:\/\/virtualnimuzej.aspira.hr\/en\/in-the-land-of-dalmatians\/#breadcrumb\"},\"inLanguage\":\"en-US\",\"potentialAction\":[{\"@type\":\"ReadAction\",\"target\":[\"https:\/\/virtualnimuzej.aspira.hr\/en\/in-the-land-of-dalmatians\/\"]}]},{\"@type\":\"BreadcrumbList\",\"@id\":\"https:\/\/virtualnimuzej.aspira.hr\/en\/in-the-land-of-dalmatians\/#breadcrumb\",\"itemListElement\":[{\"@type\":\"ListItem\",\"position\":1,\"name\":\"Naslovna\",\"item\":\"https:\/\/virtualnimuzej.aspira.hr\/en\/\"},{\"@type\":\"ListItem\",\"position\":2,\"name\":\"IN THE LAND OF DALMATIANS\"}]},{\"@type\":\"WebSite\",\"@id\":\"https:\/\/virtualnimuzej.aspira.hr\/#website\",\"url\":\"https:\/\/virtualnimuzej.aspira.hr\/\",\"name\":\"Aspira Virtualni Muzej iseljeni\u0161tva Dalmacije\",\"description\":\"Muzej iseljeni\u0161tva je zami\u0161ljen kao mjesto skupljanja i prezentacije gra\u0111e o hrvatskom iseljeni\u0161tvu i povijesti iseljavanja koja nikada nije bila dovoljno istra\u017eena.\",\"potentialAction\":[{\"@type\":\"SearchAction\",\"target\":{\"@type\":\"EntryPoint\",\"urlTemplate\":\"https:\/\/virtualnimuzej.aspira.hr\/?s={search_term_string}\"},\"query-input\":\"required name=search_term_string\"}],\"inLanguage\":\"en-US\"},{\"@type\":\"Person\",\"@id\":\"https:\/\/virtualnimuzej.aspira.hr\/#\/schema\/person\/8b28048370e78968988c04d6f1ba104d\",\"name\":\"VmuzejAspira\",\"image\":{\"@type\":\"ImageObject\",\"inLanguage\":\"en-US\",\"@id\":\"https:\/\/virtualnimuzej.aspira.hr\/#\/schema\/person\/image\/\",\"url\":\"https:\/\/secure.gravatar.com\/avatar\/cfa7124a34eec5233efffe1e8fb23c18bb83abdb6129e8f47c9144109613a228?s=96&d=mm&r=g\",\"contentUrl\":\"https:\/\/secure.gravatar.com\/avatar\/cfa7124a34eec5233efffe1e8fb23c18bb83abdb6129e8f47c9144109613a228?s=96&d=mm&r=g\",\"caption\":\"VmuzejAspira\"},\"sameAs\":[\"http:\/\/virtualnimuzej.aspira.hr\"],\"url\":\"https:\/\/virtualnimuzej.aspira.hr\/en\/author\/vmuzejaspira\/\"}]}<\/script>\n<!-- \/ Yoast SEO plugin. -->","yoast_head_json":{"title":"IN THE LAND OF DALMATIANS - Aspira Virtualni Muzej iseljeni\u0161tva Dalmacije","robots":{"index":"index","follow":"follow","max-snippet":"max-snippet:-1","max-image-preview":"max-image-preview:large","max-video-preview":"max-video-preview:-1"},"canonical":"https:\/\/virtualnimuzej.aspira.hr\/en\/in-the-land-of-dalmatians\/","og_locale":"en_US","og_type":"article","og_title":"IN THE LAND OF DALMATIANS - Aspira Virtualni Muzej iseljeni\u0161tva Dalmacije","og_description":"AN AFFECTIVE MAP IN NEIGHBORHOODS THE BELENZINHO AND MOOCA \u00a0 \u00a0 Written in english by: Katia Camargo Gavranich\u00a0 \u00a0 SESC S\u00c3O PAULO \u2013 CENTER OF RESEARCH AND FORMATION S\u00c3O PAULO [&hellip;]","og_url":"https:\/\/virtualnimuzej.aspira.hr\/en\/in-the-land-of-dalmatians\/","og_site_name":"Aspira Virtualni Muzej iseljeni\u0161tva Dalmacije","article_published_time":"2024-09-11T10:12:26+00:00","article_modified_time":"2024-09-11T10:16:30+00:00","og_image":[{"width":669,"height":800,"url":"https:\/\/virtualnimuzej.aspira.hr\/wp-content\/uploads\/2024\/09\/IMG_1304.jpg","type":"image\/jpeg"}],"author":"VmuzejAspira","twitter_card":"summary_large_image","twitter_misc":{"Written by":"VmuzejAspira","Est. reading time":"21 minutes"},"schema":{"@context":"https:\/\/schema.org","@graph":[{"@type":"WebPage","@id":"https:\/\/virtualnimuzej.aspira.hr\/en\/in-the-land-of-dalmatians\/","url":"https:\/\/virtualnimuzej.aspira.hr\/en\/in-the-land-of-dalmatians\/","name":"IN THE LAND OF DALMATIANS - Aspira Virtualni Muzej iseljeni\u0161tva Dalmacije","isPartOf":{"@id":"https:\/\/virtualnimuzej.aspira.hr\/#website"},"datePublished":"2024-09-11T10:12:26+00:00","dateModified":"2024-09-11T10:16:30+00:00","author":{"@id":"https:\/\/virtualnimuzej.aspira.hr\/#\/schema\/person\/8b28048370e78968988c04d6f1ba104d"},"breadcrumb":{"@id":"https:\/\/virtualnimuzej.aspira.hr\/en\/in-the-land-of-dalmatians\/#breadcrumb"},"inLanguage":"en-US","potentialAction":[{"@type":"ReadAction","target":["https:\/\/virtualnimuzej.aspira.hr\/en\/in-the-land-of-dalmatians\/"]}]},{"@type":"BreadcrumbList","@id":"https:\/\/virtualnimuzej.aspira.hr\/en\/in-the-land-of-dalmatians\/#breadcrumb","itemListElement":[{"@type":"ListItem","position":1,"name":"Naslovna","item":"https:\/\/virtualnimuzej.aspira.hr\/en\/"},{"@type":"ListItem","position":2,"name":"IN THE LAND OF DALMATIANS"}]},{"@type":"WebSite","@id":"https:\/\/virtualnimuzej.aspira.hr\/#website","url":"https:\/\/virtualnimuzej.aspira.hr\/","name":"Aspira Virtualni Muzej iseljeni\u0161tva Dalmacije","description":"Muzej iseljeni\u0161tva je zami\u0161ljen kao mjesto skupljanja i prezentacije gra\u0111e o hrvatskom iseljeni\u0161tvu i povijesti iseljavanja koja nikada nije bila dovoljno istra\u017eena.","potentialAction":[{"@type":"SearchAction","target":{"@type":"EntryPoint","urlTemplate":"https:\/\/virtualnimuzej.aspira.hr\/?s={search_term_string}"},"query-input":"required name=search_term_string"}],"inLanguage":"en-US"},{"@type":"Person","@id":"https:\/\/virtualnimuzej.aspira.hr\/#\/schema\/person\/8b28048370e78968988c04d6f1ba104d","name":"VmuzejAspira","image":{"@type":"ImageObject","inLanguage":"en-US","@id":"https:\/\/virtualnimuzej.aspira.hr\/#\/schema\/person\/image\/","url":"https:\/\/secure.gravatar.com\/avatar\/cfa7124a34eec5233efffe1e8fb23c18bb83abdb6129e8f47c9144109613a228?s=96&d=mm&r=g","contentUrl":"https:\/\/secure.gravatar.com\/avatar\/cfa7124a34eec5233efffe1e8fb23c18bb83abdb6129e8f47c9144109613a228?s=96&d=mm&r=g","caption":"VmuzejAspira"},"sameAs":["http:\/\/virtualnimuzej.aspira.hr"],"url":"https:\/\/virtualnimuzej.aspira.hr\/en\/author\/vmuzejaspira\/"}]}},"_links":{"self":[{"href":"https:\/\/virtualnimuzej.aspira.hr\/en\/wp-json\/wp\/v2\/posts\/12465","targetHints":{"allow":["GET"]}}],"collection":[{"href":"https:\/\/virtualnimuzej.aspira.hr\/en\/wp-json\/wp\/v2\/posts"}],"about":[{"href":"https:\/\/virtualnimuzej.aspira.hr\/en\/wp-json\/wp\/v2\/types\/post"}],"author":[{"embeddable":true,"href":"https:\/\/virtualnimuzej.aspira.hr\/en\/wp-json\/wp\/v2\/users\/1"}],"replies":[{"embeddable":true,"href":"https:\/\/virtualnimuzej.aspira.hr\/en\/wp-json\/wp\/v2\/comments?post=12465"}],"version-history":[{"count":3,"href":"https:\/\/virtualnimuzej.aspira.hr\/en\/wp-json\/wp\/v2\/posts\/12465\/revisions"}],"predecessor-version":[{"id":12468,"href":"https:\/\/virtualnimuzej.aspira.hr\/en\/wp-json\/wp\/v2\/posts\/12465\/revisions\/12468"}],"wp:featuredmedia":[{"embeddable":true,"href":"https:\/\/virtualnimuzej.aspira.hr\/en\/wp-json\/wp\/v2\/media\/12413"}],"wp:attachment":[{"href":"https:\/\/virtualnimuzej.aspira.hr\/en\/wp-json\/wp\/v2\/media?parent=12465"}],"wp:term":[{"taxonomy":"category","embeddable":true,"href":"https:\/\/virtualnimuzej.aspira.hr\/en\/wp-json\/wp\/v2\/categories?post=12465"},{"taxonomy":"post_tag","embeddable":true,"href":"https:\/\/virtualnimuzej.aspira.hr\/en\/wp-json\/wp\/v2\/tags?post=12465"}],"curies":[{"name":"wp","href":"https:\/\/api.w.org\/{rel}","templated":true}]}}