{"id":2015,"date":"2022-08-20T17:54:08","date_gmt":"2022-08-20T15:54:08","guid":{"rendered":"https:\/\/virtualnimuzej.aspira.hr\/?p=2015"},"modified":"2022-08-21T08:47:26","modified_gmt":"2022-08-21T06:47:26","slug":"croats-in-the-province-of-santa-fe","status":"publish","type":"post","link":"https:\/\/virtualnimuzej.aspira.hr\/en\/croats-in-the-province-of-santa-fe\/","title":{"rendered":"Croats in the Province of Santa Fe"},"content":{"rendered":"<p>The province of Santa Fe, located in Argentina&#8217;s interior, about 400 km from Buenos Aires, is estimated to be home to about 46,000 Croats. The landscape is dominated by pampa and is colloquially called Pampa Gringa due to many foreigners, mostly Italians, Spaniards, and Croats.<\/p>\n<p>&nbsp;<\/p>\n<p>The capital <strong>Rosario<\/strong>, located on the Parana River, is the largest city in the Argentine province of Santa Fe, with its 1,200,000 inhabitants. The estimate is that about 30,000 Croats and their descendants live in the area, who gather in Croatian societies. Radio Bar Croata has been operating there for fifteen years and is watched on StreamYard all over South America and in other parts of the world. The hosts Javier Santich, Faustina Zarich, and Ivan Grbac work on familiarizing Croatian topics to their audience.<\/p>\n<p>&nbsp;<\/p>\n<p><img decoding=\"async\" class=\"alignnone size-medium wp-image-2019\" src=\"https:\/\/virtualnimuzej.aspira.hr\/wp-content\/uploads\/2022\/08\/1-4-300x194.jpg\" alt=\"\" width=\"300\" height=\"194\" srcset=\"https:\/\/virtualnimuzej.aspira.hr\/wp-content\/uploads\/2022\/08\/1-4-200x129.jpg 200w, https:\/\/virtualnimuzej.aspira.hr\/wp-content\/uploads\/2022\/08\/1-4-300x194.jpg 300w, https:\/\/virtualnimuzej.aspira.hr\/wp-content\/uploads\/2022\/08\/1-4-400x258.jpg 400w, https:\/\/virtualnimuzej.aspira.hr\/wp-content\/uploads\/2022\/08\/1-4-600x387.jpg 600w, https:\/\/virtualnimuzej.aspira.hr\/wp-content\/uploads\/2022\/08\/1-4-768x495.jpg 768w, https:\/\/virtualnimuzej.aspira.hr\/wp-content\/uploads\/2022\/08\/1-4.jpg 800w\" sizes=\"(max-width: 300px) 100vw, 300px\" \/><\/p>\n<p>Faustina Zarich, Ivan Grbac and Javier Santich<\/p>\n<p>&nbsp;<\/p>\n<p>The Croatian language can be studied at the University of Rosario, and the department was opened thanks to the pioneering work of Maria Galian decades ago. She remembered those days:\u00a0<em>My children grew up and left, so I was on my own, and then said to myself: &#8220;I will teach the Croatian language.&#8221; So I started traveling to villages where there were Croatian communities. A couple of years passed when I heard that German, Italian, Russian, and a few other languages \u200b\u200bwere being taught at the university in Rosario. I decided that I would also teach Croatian there. After a year, I received a call and was told I could get this university position. I was thrilled. I asked for books from Croatia, and the Croatian Heritage Foundation sent books and dictionaries. I traveled to Croatia, where I met with President Stipe Mesic. He congratulated me and also advised me I would have a hard time getting paid for this. Despite that, I started teaching in 2005. I had 62 students during my first year; however, difficulties occurred. Everything went well until the students asked me to explain declension, and I did not know how to. I promised to do it next week. I contemplated what to do since I got myself into this. I cried with distress, did not sleep at night until I figured out how to explain everything to the students. In the end, I received an award from the Republic of Croatia for my work, and so I completed my job.<\/em><\/p>\n<p><img decoding=\"async\" class=\"alignnone size-medium wp-image-2022\" src=\"https:\/\/virtualnimuzej.aspira.hr\/wp-content\/uploads\/2022\/08\/2-6-300x204.jpg\" alt=\"\" width=\"300\" height=\"204\" srcset=\"https:\/\/virtualnimuzej.aspira.hr\/wp-content\/uploads\/2022\/08\/2-6-200x136.jpg 200w, https:\/\/virtualnimuzej.aspira.hr\/wp-content\/uploads\/2022\/08\/2-6-300x204.jpg 300w, https:\/\/virtualnimuzej.aspira.hr\/wp-content\/uploads\/2022\/08\/2-6-400x272.jpg 400w, https:\/\/virtualnimuzej.aspira.hr\/wp-content\/uploads\/2022\/08\/2-6-600x407.jpg 600w, https:\/\/virtualnimuzej.aspira.hr\/wp-content\/uploads\/2022\/08\/2-6-768x521.jpg 768w, https:\/\/virtualnimuzej.aspira.hr\/wp-content\/uploads\/2022\/08\/2-6.jpg 800w\" sizes=\"(max-width: 300px) 100vw, 300px\" \/> Maria Galian and president Stjepan Mesi\u0107<\/p>\n<p>&nbsp;<\/p>\n<p>In Rosario, one can also study at the Juan Vucetich Institute of Criminology, named after Juan Vucetich, who originated from Hvar and is the founder of dactyloscopy or fingerprint identification.<\/p>\n<p>One of the first Croats to come to Rosario was Matija Nikolori\u0107 from Bol. It was in 1812 when Rosario was still a tiny village. Nikolori\u0107 was the first post office owner, he was also the first to own a house with several floors, and he was elected mayor.<\/p>\n<p>A square in Rosario is named Plaza Buratovich, after Major Buratovich. The monument of Zvonimir&#8217;s ship or La Nave de Zvonimir is in a visible place in the city, located in the park in front of the Flag Monument&#8217;s magnificent building. The ship is a small tugboat and built in 1902. The Italian owners ceded to raise a monument to the Croatian community and Argentina, a country that accepted many Croats. The monument was designed by architect Dra\u017een Juraga, the then Honorary Consul of the Republic of Croatia in Rosario. Thanks to him and Alfred, and Domingo Kova\u010devi\u0107, the idea was actualized. The grand opening was held on May 30, 1997. The plaque next to the ship, below Vladimir Nazor&#8217;s verses, was signed by the then Ambassador of the Republic of Croatia to Argentina Neda Rosandi\u0107 \u0160ari\u0107 and the Prefect Hermes Binner.<\/p>\n<p>&nbsp;<\/p>\n<p><img decoding=\"async\" class=\"alignnone size-medium wp-image-2025\" src=\"https:\/\/virtualnimuzej.aspira.hr\/wp-content\/uploads\/2022\/08\/4-5-300x225.jpg\" alt=\"\" width=\"300\" height=\"225\" srcset=\"https:\/\/virtualnimuzej.aspira.hr\/wp-content\/uploads\/2022\/08\/4-5-200x150.jpg 200w, https:\/\/virtualnimuzej.aspira.hr\/wp-content\/uploads\/2022\/08\/4-5-300x225.jpg 300w, https:\/\/virtualnimuzej.aspira.hr\/wp-content\/uploads\/2022\/08\/4-5-400x300.jpg 400w, https:\/\/virtualnimuzej.aspira.hr\/wp-content\/uploads\/2022\/08\/4-5-600x450.jpg 600w, https:\/\/virtualnimuzej.aspira.hr\/wp-content\/uploads\/2022\/08\/4-5-768x576.jpg 768w, https:\/\/virtualnimuzej.aspira.hr\/wp-content\/uploads\/2022\/08\/4-5.jpg 800w\" sizes=\"(max-width: 300px) 100vw, 300px\" \/><\/p>\n<p>Goran Bor\u010di\u0107 from Split (director of the Civic Museum of Split)<\/p>\n<p>&nbsp;<\/p>\n<p>One of the oldest Croatian settlements in Argentina is <strong>Villa Mugueta<\/strong>, where about 2550 inhabitants live. At the very entrance to the city is a monument with three flags, and one of which is Croatian. Croats&#8217; presence in this place is very noticeable because they have been here since the 19th century. They gather in the society Sociedad Croata de Socorros Mutuos (Croatian Beneficial Society), founded in 1925.<\/p>\n<p>&nbsp;<\/p>\n<p><img decoding=\"async\" class=\"alignnone size-medium wp-image-2031\" src=\"https:\/\/virtualnimuzej.aspira.hr\/wp-content\/uploads\/2022\/08\/1-5-300x225.jpg\" alt=\"\" width=\"300\" height=\"225\" srcset=\"https:\/\/virtualnimuzej.aspira.hr\/wp-content\/uploads\/2022\/08\/1-5-200x150.jpg 200w, https:\/\/virtualnimuzej.aspira.hr\/wp-content\/uploads\/2022\/08\/1-5-300x225.jpg 300w, https:\/\/virtualnimuzej.aspira.hr\/wp-content\/uploads\/2022\/08\/1-5-400x300.jpg 400w, https:\/\/virtualnimuzej.aspira.hr\/wp-content\/uploads\/2022\/08\/1-5-600x450.jpg 600w, https:\/\/virtualnimuzej.aspira.hr\/wp-content\/uploads\/2022\/08\/1-5-768x576.jpg 768w, https:\/\/virtualnimuzej.aspira.hr\/wp-content\/uploads\/2022\/08\/1-5.jpg 800w\" sizes=\"(max-width: 300px) 100vw, 300px\" \/>\u00a0 \u00a0 <img decoding=\"async\" class=\"alignnone size-medium wp-image-2034\" src=\"https:\/\/virtualnimuzej.aspira.hr\/wp-content\/uploads\/2022\/08\/4-6-300x225.jpg\" alt=\"\" width=\"300\" height=\"225\" srcset=\"https:\/\/virtualnimuzej.aspira.hr\/wp-content\/uploads\/2022\/08\/4-6-200x150.jpg 200w, https:\/\/virtualnimuzej.aspira.hr\/wp-content\/uploads\/2022\/08\/4-6-300x225.jpg 300w, https:\/\/virtualnimuzej.aspira.hr\/wp-content\/uploads\/2022\/08\/4-6-400x300.jpg 400w, https:\/\/virtualnimuzej.aspira.hr\/wp-content\/uploads\/2022\/08\/4-6-600x450.jpg 600w, https:\/\/virtualnimuzej.aspira.hr\/wp-content\/uploads\/2022\/08\/4-6-768x576.jpg 768w, https:\/\/virtualnimuzej.aspira.hr\/wp-content\/uploads\/2022\/08\/4-6.jpg 800w\" sizes=\"(max-width: 300px) 100vw, 300px\" \/>\u00a0 \u00a0 <img decoding=\"async\" class=\"alignnone  wp-image-2037\" src=\"https:\/\/virtualnimuzej.aspira.hr\/wp-content\/uploads\/2022\/08\/5-6-252x300.jpg\" alt=\"\" width=\"189\" height=\"225\" srcset=\"https:\/\/virtualnimuzej.aspira.hr\/wp-content\/uploads\/2022\/08\/5-6-200x238.jpg 200w, https:\/\/virtualnimuzej.aspira.hr\/wp-content\/uploads\/2022\/08\/5-6-252x300.jpg 252w, https:\/\/virtualnimuzej.aspira.hr\/wp-content\/uploads\/2022\/08\/5-6-400x476.jpg 400w, https:\/\/virtualnimuzej.aspira.hr\/wp-content\/uploads\/2022\/08\/5-6.jpg 466w\" sizes=\"(max-width: 189px) 100vw, 189px\" \/><\/p>\n<p>&nbsp;<\/p>\n<p>Today, the society is called the Croatian Sports and Cultural Society. Calle croacia \u2013 Croatian Street is also located there, and one of the mayors in recent history was Esteban Bogdanich, originally from Stari Grad.<\/p>\n<p>&nbsp;<\/p>\n<p><img decoding=\"async\" class=\"alignnone  wp-image-2041\" src=\"https:\/\/virtualnimuzej.aspira.hr\/wp-content\/uploads\/2022\/08\/2-7-300x225.jpg\" alt=\"\" width=\"399\" height=\"299\" srcset=\"https:\/\/virtualnimuzej.aspira.hr\/wp-content\/uploads\/2022\/08\/2-7-200x150.jpg 200w, https:\/\/virtualnimuzej.aspira.hr\/wp-content\/uploads\/2022\/08\/2-7-300x225.jpg 300w, https:\/\/virtualnimuzej.aspira.hr\/wp-content\/uploads\/2022\/08\/2-7-400x300.jpg 400w, https:\/\/virtualnimuzej.aspira.hr\/wp-content\/uploads\/2022\/08\/2-7-600x450.jpg 600w, https:\/\/virtualnimuzej.aspira.hr\/wp-content\/uploads\/2022\/08\/2-7-768x576.jpg 768w, https:\/\/virtualnimuzej.aspira.hr\/wp-content\/uploads\/2022\/08\/2-7.jpg 800w\" sizes=\"(max-width: 399px) 100vw, 399px\" \/>\u00a0 \u00a0 \u00a0 \u00a0 <img decoding=\"async\" class=\"alignnone size-medium wp-image-2047\" src=\"https:\/\/virtualnimuzej.aspira.hr\/wp-content\/uploads\/2022\/08\/3-4-207x300.jpg\" alt=\"\" width=\"207\" height=\"300\" srcset=\"https:\/\/virtualnimuzej.aspira.hr\/wp-content\/uploads\/2022\/08\/3-4-200x290.jpg 200w, https:\/\/virtualnimuzej.aspira.hr\/wp-content\/uploads\/2022\/08\/3-4-207x300.jpg 207w, https:\/\/virtualnimuzej.aspira.hr\/wp-content\/uploads\/2022\/08\/3-4-400x580.jpg 400w, https:\/\/virtualnimuzej.aspira.hr\/wp-content\/uploads\/2022\/08\/3-4-600x869.jpg 600w, https:\/\/virtualnimuzej.aspira.hr\/wp-content\/uploads\/2022\/08\/3-4-707x1024.jpg 707w, https:\/\/virtualnimuzej.aspira.hr\/wp-content\/uploads\/2022\/08\/3-4-768x1113.jpg 768w, https:\/\/virtualnimuzej.aspira.hr\/wp-content\/uploads\/2022\/08\/3-4.jpg 800w\" sizes=\"(max-width: 207px) 100vw, 207px\" \/><\/p>\n<p>&nbsp;<\/p>\n<p>An interesting part of Villa Mugueta is Our Lady of Health&#8217;s statue, the only one in Argentina because it is not traditional Argentinian worship. However, in 1927, Stipe Gamulin from Jelsa came there, and before his arrival, his fellow countrymen from Villa Mugueta wrote to him to bring a statue of the Lady.<\/p>\n<p>&nbsp;<\/p>\n<p><img decoding=\"async\" class=\"alignnone  wp-image-2050\" src=\"https:\/\/virtualnimuzej.aspira.hr\/wp-content\/uploads\/2022\/08\/6-5-225x300.jpg\" alt=\"\" width=\"189\" height=\"252\" srcset=\"https:\/\/virtualnimuzej.aspira.hr\/wp-content\/uploads\/2022\/08\/6-5-200x267.jpg 200w, https:\/\/virtualnimuzej.aspira.hr\/wp-content\/uploads\/2022\/08\/6-5-225x300.jpg 225w, https:\/\/virtualnimuzej.aspira.hr\/wp-content\/uploads\/2022\/08\/6-5-400x534.jpg 400w, https:\/\/virtualnimuzej.aspira.hr\/wp-content\/uploads\/2022\/08\/6-5-600x800.jpg 600w, https:\/\/virtualnimuzej.aspira.hr\/wp-content\/uploads\/2022\/08\/6-5-768x1024.jpg 768w, https:\/\/virtualnimuzej.aspira.hr\/wp-content\/uploads\/2022\/08\/6-5.jpg 800w\" sizes=\"(max-width: 189px) 100vw, 189px\" \/>\u00a0 \u00a0 <img decoding=\"async\" class=\"alignnone size-medium wp-image-2053\" src=\"https:\/\/virtualnimuzej.aspira.hr\/wp-content\/uploads\/2022\/08\/8-3-300x170.jpg\" alt=\"\" width=\"300\" height=\"170\" srcset=\"https:\/\/virtualnimuzej.aspira.hr\/wp-content\/uploads\/2022\/08\/8-3-200x114.jpg 200w, https:\/\/virtualnimuzej.aspira.hr\/wp-content\/uploads\/2022\/08\/8-3-300x170.jpg 300w, https:\/\/virtualnimuzej.aspira.hr\/wp-content\/uploads\/2022\/08\/8-3-400x227.jpg 400w, https:\/\/virtualnimuzej.aspira.hr\/wp-content\/uploads\/2022\/08\/8-3-600x341.jpg 600w, https:\/\/virtualnimuzej.aspira.hr\/wp-content\/uploads\/2022\/08\/8-3-768x436.jpg 768w, https:\/\/virtualnimuzej.aspira.hr\/wp-content\/uploads\/2022\/08\/8-3.jpg 800w\" sizes=\"(max-width: 300px) 100vw, 300px\" \/>\u00a0 \u00a0 <img decoding=\"async\" class=\"alignnone size-medium wp-image-2056\" src=\"https:\/\/virtualnimuzej.aspira.hr\/wp-content\/uploads\/2022\/08\/9-3-300x228.jpg\" alt=\"\" width=\"300\" height=\"228\" srcset=\"https:\/\/virtualnimuzej.aspira.hr\/wp-content\/uploads\/2022\/08\/9-3-200x152.jpg 200w, https:\/\/virtualnimuzej.aspira.hr\/wp-content\/uploads\/2022\/08\/9-3-300x228.jpg 300w, https:\/\/virtualnimuzej.aspira.hr\/wp-content\/uploads\/2022\/08\/9-3-400x303.jpg 400w, https:\/\/virtualnimuzej.aspira.hr\/wp-content\/uploads\/2022\/08\/9-3-600x455.jpg 600w, https:\/\/virtualnimuzej.aspira.hr\/wp-content\/uploads\/2022\/08\/9-3-768x583.jpg 768w, https:\/\/virtualnimuzej.aspira.hr\/wp-content\/uploads\/2022\/08\/9-3-800x607.jpg 800w, https:\/\/virtualnimuzej.aspira.hr\/wp-content\/uploads\/2022\/08\/9-3-1024x777.jpg 1024w, https:\/\/virtualnimuzej.aspira.hr\/wp-content\/uploads\/2022\/08\/9-3-1200x910.jpg 1200w, https:\/\/virtualnimuzej.aspira.hr\/wp-content\/uploads\/2022\/08\/9-3-1536x1165.jpg 1536w\" sizes=\"(max-width: 300px) 100vw, 300px\" \/><\/p>\n<p>&nbsp;<\/p>\n<p>In the 1960s, a little girl became seriously ill. Her mother vowed to Our Lady of Health that she would give her, her little girl&#8217;s hair if she recovered, and that is what happened. The girl recovered, and the Lady&#8217;s statue was given natural hair. Many years later, when the little girl became a woman and married, she cut her then long curly hair and put it on the Lady&#8217;s statue again. Thus the only Lady of Health in Argentina has the natural curls of a grateful devotee.<\/p>\n<p>&nbsp;<\/p>\n<p><img decoding=\"async\" class=\"alignnone  wp-image-2059\" src=\"https:\/\/virtualnimuzej.aspira.hr\/wp-content\/uploads\/2022\/08\/10-2-300x183.jpg\" alt=\"\" width=\"367\" height=\"224\" srcset=\"https:\/\/virtualnimuzej.aspira.hr\/wp-content\/uploads\/2022\/08\/10-2-200x122.jpg 200w, https:\/\/virtualnimuzej.aspira.hr\/wp-content\/uploads\/2022\/08\/10-2-300x183.jpg 300w, https:\/\/virtualnimuzej.aspira.hr\/wp-content\/uploads\/2022\/08\/10-2-400x245.jpg 400w, https:\/\/virtualnimuzej.aspira.hr\/wp-content\/uploads\/2022\/08\/10-2-600x367.jpg 600w, https:\/\/virtualnimuzej.aspira.hr\/wp-content\/uploads\/2022\/08\/10-2-768x469.jpg 768w, https:\/\/virtualnimuzej.aspira.hr\/wp-content\/uploads\/2022\/08\/10-2.jpg 800w\" sizes=\"(max-width: 367px) 100vw, 367px\" \/>\u00a0 \u00a0 \u00a0 \u00a0 \u00a0 \u00a0<img decoding=\"async\" class=\"alignnone size-medium wp-image-2062\" src=\"https:\/\/virtualnimuzej.aspira.hr\/wp-content\/uploads\/2022\/08\/12-1-300x225.jpg\" alt=\"\" width=\"300\" height=\"225\" srcset=\"https:\/\/virtualnimuzej.aspira.hr\/wp-content\/uploads\/2022\/08\/12-1-200x150.jpg 200w, https:\/\/virtualnimuzej.aspira.hr\/wp-content\/uploads\/2022\/08\/12-1-300x225.jpg 300w, https:\/\/virtualnimuzej.aspira.hr\/wp-content\/uploads\/2022\/08\/12-1-400x300.jpg 400w, https:\/\/virtualnimuzej.aspira.hr\/wp-content\/uploads\/2022\/08\/12-1-600x450.jpg 600w, https:\/\/virtualnimuzej.aspira.hr\/wp-content\/uploads\/2022\/08\/12-1-768x576.jpg 768w, https:\/\/virtualnimuzej.aspira.hr\/wp-content\/uploads\/2022\/08\/12-1.jpg 800w\" sizes=\"(max-width: 300px) 100vw, 300px\" \/><\/p>\n<p>Sponsor&#8217;s name in the church\u00a0 \u00a0 \u00a0 \u00a0 \u00a0 \u00a0 \u00a0 \u00a0 \u00a0 \u00a0 \u00a0 \u00a0 \u00a0 \u00a0 \u00a0 \u00a0 \u00a0 \u00a0 \u00a0 \u00a0 \u00a0 \u00a0 \u00a0 \u00a0 \u00a0 \u00a0 Lady of Health with real curls<\/p>\n<p>&nbsp;<\/p>\n<p>In the nearby <strong>Bigand<\/strong>, Kokic, Jakas, and Ivanisevic have wheat processing plants. Ten years ago, this company was presented at the Dalmatian Chamber of Commerce in Split.<\/p>\n<p>&nbsp;<\/p>\n<p>A significant Croatian community lives in <strong>Chovet<\/strong>, a town with about 2,500 inhabitants, located about 400 km from Buenos Aires. The town was founded in 1923, and the estimate is that 50% of the population is of Croatian origin. The beginning of Croats&#8217; arrival in Chovet is connected to the first years of building the city and when 7,000 Croats came to Argentina every year. The Croatian community in Chovet is homogeneous, but they do not have a Croatian society, and they gather in a church dedicated to St. Ante Padovanski. The church was built from 1936 to 1940 thanks to the priest Leonard Ruskovic, followed by Lino Pedisic and Amadeo Di Illio. The stained glass in the church is dedicated to them.<\/p>\n<p>&nbsp;<\/p>\n<p><img decoding=\"async\" class=\"alignnone  wp-image-2065\" src=\"https:\/\/virtualnimuzej.aspira.hr\/wp-content\/uploads\/2022\/08\/2-8-300x150.jpg\" alt=\"\" width=\"530\" height=\"265\" srcset=\"https:\/\/virtualnimuzej.aspira.hr\/wp-content\/uploads\/2022\/08\/2-8-200x100.jpg 200w, https:\/\/virtualnimuzej.aspira.hr\/wp-content\/uploads\/2022\/08\/2-8-300x150.jpg 300w, https:\/\/virtualnimuzej.aspira.hr\/wp-content\/uploads\/2022\/08\/2-8-400x200.jpg 400w, https:\/\/virtualnimuzej.aspira.hr\/wp-content\/uploads\/2022\/08\/2-8-600x300.jpg 600w, https:\/\/virtualnimuzej.aspira.hr\/wp-content\/uploads\/2022\/08\/2-8-768x384.jpg 768w, https:\/\/virtualnimuzej.aspira.hr\/wp-content\/uploads\/2022\/08\/2-8.jpg 800w\" sizes=\"(max-width: 530px) 100vw, 530px\" \/>\u00a0 \u00a0 \u00a0<img decoding=\"async\" class=\"alignnone  wp-image-2068\" src=\"https:\/\/virtualnimuzej.aspira.hr\/wp-content\/uploads\/2022\/08\/3-5-273x300.jpg\" alt=\"\" width=\"243\" height=\"267\" srcset=\"https:\/\/virtualnimuzej.aspira.hr\/wp-content\/uploads\/2022\/08\/3-5-200x220.jpg 200w, https:\/\/virtualnimuzej.aspira.hr\/wp-content\/uploads\/2022\/08\/3-5-273x300.jpg 273w, https:\/\/virtualnimuzej.aspira.hr\/wp-content\/uploads\/2022\/08\/3-5-400x440.jpg 400w, https:\/\/virtualnimuzej.aspira.hr\/wp-content\/uploads\/2022\/08\/3-5-600x660.jpg 600w, https:\/\/virtualnimuzej.aspira.hr\/wp-content\/uploads\/2022\/08\/3-5.jpg 605w\" sizes=\"(max-width: 243px) 100vw, 243px\" \/><\/p>\n<p>&nbsp;<\/p>\n<p>The Croatian language is not used often; however, it is somewhat preserved. The population is engaged in agriculture and also sports development. Soccer players Ivan Gabri\u0107 (his cousin is Ton\u010di Gabri\u0107, Hajduk&#8217;s goalkeeper), Lucijano Pocrnji\u0107, and volleyball player Federico Franetovi\u0107 are from Chovet.<\/p>\n<p>There is also Calle Croacia \u2013 Croatian Street in Chovet and a flying Croatian flag at the entrance to the city. 80% of gravestones at the local cemetery have Croatian surnames.<\/p>\n<p>In 2019, Chovet City Council honored me with an award for my work with expatriates, which beautifully rewarded my preceding work.<\/p>\n<p>&nbsp;<\/p>\n<p><img decoding=\"async\" class=\"alignnone  wp-image-2071\" src=\"https:\/\/virtualnimuzej.aspira.hr\/wp-content\/uploads\/2022\/08\/7-3-225x300.jpg\" alt=\"\" width=\"206\" height=\"275\" srcset=\"https:\/\/virtualnimuzej.aspira.hr\/wp-content\/uploads\/2022\/08\/7-3-200x267.jpg 200w, https:\/\/virtualnimuzej.aspira.hr\/wp-content\/uploads\/2022\/08\/7-3-225x300.jpg 225w, https:\/\/virtualnimuzej.aspira.hr\/wp-content\/uploads\/2022\/08\/7-3-400x533.jpg 400w, https:\/\/virtualnimuzej.aspira.hr\/wp-content\/uploads\/2022\/08\/7-3.jpg 600w\" sizes=\"(max-width: 206px) 100vw, 206px\" \/>\u00a0 \u00a0 <img decoding=\"async\" class=\"alignnone  wp-image-2074\" src=\"https:\/\/virtualnimuzej.aspira.hr\/wp-content\/uploads\/2022\/08\/8-4-300x132.jpg\" alt=\"\" width=\"620\" height=\"273\" srcset=\"https:\/\/virtualnimuzej.aspira.hr\/wp-content\/uploads\/2022\/08\/8-4-200x88.jpg 200w, https:\/\/virtualnimuzej.aspira.hr\/wp-content\/uploads\/2022\/08\/8-4-300x132.jpg 300w, https:\/\/virtualnimuzej.aspira.hr\/wp-content\/uploads\/2022\/08\/8-4-400x176.jpg 400w, https:\/\/virtualnimuzej.aspira.hr\/wp-content\/uploads\/2022\/08\/8-4-600x263.jpg 600w, https:\/\/virtualnimuzej.aspira.hr\/wp-content\/uploads\/2022\/08\/8-4-768x337.jpg 768w, https:\/\/virtualnimuzej.aspira.hr\/wp-content\/uploads\/2022\/08\/8-4.jpg 800w\" sizes=\"(max-width: 620px) 100vw, 620px\" \/><\/p>\n<p>Branka Bezi\u0107 Filipovi\u0107 and Javier Batistoni Luetic and the audience in the City Hall<\/p>\n<p>&nbsp;<\/p>\n<p>Not far from Chovet is <strong>Venado Tuerto<\/strong>, with 80,000 residents, founded in the late 19th century. There is another Calle Croacia \u2013 Croatian street there as well. The Croatian community gathers in Matea and Dominga Kujund\u017ei\u0107 families&#8217; house, where they offer a Croatian language course (Escuela de Idioma Croata). As this area is highly agricultural, there is an Agricultural School, at which the Croatian flag can be seen at the entrance. The reason for this is that the school is twinned with the agricultural secondary school Bra\u0107a Radi\u0107 in Ka\u0161tel \u0160tafili\u0107. The deputy director is Jose Ban, Argentinian of Croatian origin.<\/p>\n<p>&nbsp;<\/p>\n<p><img decoding=\"async\" class=\"alignnone  wp-image-2077\" src=\"https:\/\/virtualnimuzej.aspira.hr\/wp-content\/uploads\/2022\/08\/3-6-300x150.jpg\" alt=\"\" width=\"394\" height=\"197\" srcset=\"https:\/\/virtualnimuzej.aspira.hr\/wp-content\/uploads\/2022\/08\/3-6-200x100.jpg 200w, https:\/\/virtualnimuzej.aspira.hr\/wp-content\/uploads\/2022\/08\/3-6-300x150.jpg 300w, https:\/\/virtualnimuzej.aspira.hr\/wp-content\/uploads\/2022\/08\/3-6-400x200.jpg 400w, https:\/\/virtualnimuzej.aspira.hr\/wp-content\/uploads\/2022\/08\/3-6-540x272.jpg 540w, https:\/\/virtualnimuzej.aspira.hr\/wp-content\/uploads\/2022\/08\/3-6-600x300.jpg 600w, https:\/\/virtualnimuzej.aspira.hr\/wp-content\/uploads\/2022\/08\/3-6-768x384.jpg 768w, https:\/\/virtualnimuzej.aspira.hr\/wp-content\/uploads\/2022\/08\/3-6.jpg 800w\" sizes=\"(max-width: 394px) 100vw, 394px\" \/>\u00a0 \u00a0 \u00a0 \u00a0<img decoding=\"async\" class=\"alignnone  wp-image-2080\" src=\"https:\/\/virtualnimuzej.aspira.hr\/wp-content\/uploads\/2022\/08\/4-7-300x150.jpg\" alt=\"\" width=\"394\" height=\"197\" srcset=\"https:\/\/virtualnimuzej.aspira.hr\/wp-content\/uploads\/2022\/08\/4-7-200x100.jpg 200w, https:\/\/virtualnimuzej.aspira.hr\/wp-content\/uploads\/2022\/08\/4-7-300x150.jpg 300w, https:\/\/virtualnimuzej.aspira.hr\/wp-content\/uploads\/2022\/08\/4-7-400x200.jpg 400w, https:\/\/virtualnimuzej.aspira.hr\/wp-content\/uploads\/2022\/08\/4-7-540x272.jpg 540w, https:\/\/virtualnimuzej.aspira.hr\/wp-content\/uploads\/2022\/08\/4-7-600x300.jpg 600w, https:\/\/virtualnimuzej.aspira.hr\/wp-content\/uploads\/2022\/08\/4-7-768x384.jpg 768w, https:\/\/virtualnimuzej.aspira.hr\/wp-content\/uploads\/2022\/08\/4-7.jpg 800w\" sizes=\"(max-width: 394px) 100vw, 394px\" \/><\/p>\n<p>&nbsp;<\/p>\n<p><img decoding=\"async\" class=\"alignnone  wp-image-2083\" src=\"https:\/\/virtualnimuzej.aspira.hr\/wp-content\/uploads\/2022\/08\/5-8-300x150.jpg\" alt=\"\" width=\"420\" height=\"210\" srcset=\"https:\/\/virtualnimuzej.aspira.hr\/wp-content\/uploads\/2022\/08\/5-8-200x100.jpg 200w, https:\/\/virtualnimuzej.aspira.hr\/wp-content\/uploads\/2022\/08\/5-8-300x150.jpg 300w, https:\/\/virtualnimuzej.aspira.hr\/wp-content\/uploads\/2022\/08\/5-8-400x200.jpg 400w, https:\/\/virtualnimuzej.aspira.hr\/wp-content\/uploads\/2022\/08\/5-8-600x300.jpg 600w, https:\/\/virtualnimuzej.aspira.hr\/wp-content\/uploads\/2022\/08\/5-8-768x384.jpg 768w, https:\/\/virtualnimuzej.aspira.hr\/wp-content\/uploads\/2022\/08\/5-8.jpg 800w\" sizes=\"(max-width: 420px) 100vw, 420px\" \/>\u00a0 \u00a0 \u00a0 <img decoding=\"async\" class=\"alignnone  wp-image-2086\" src=\"https:\/\/virtualnimuzej.aspira.hr\/wp-content\/uploads\/2022\/08\/7-4-300x169.jpg\" alt=\"\" width=\"373\" height=\"210\" srcset=\"https:\/\/virtualnimuzej.aspira.hr\/wp-content\/uploads\/2022\/08\/7-4-200x113.jpg 200w, https:\/\/virtualnimuzej.aspira.hr\/wp-content\/uploads\/2022\/08\/7-4-300x169.jpg 300w, https:\/\/virtualnimuzej.aspira.hr\/wp-content\/uploads\/2022\/08\/7-4-400x225.jpg 400w, https:\/\/virtualnimuzej.aspira.hr\/wp-content\/uploads\/2022\/08\/7-4-600x338.jpg 600w, https:\/\/virtualnimuzej.aspira.hr\/wp-content\/uploads\/2022\/08\/7-4-768x432.jpg 768w, https:\/\/virtualnimuzej.aspira.hr\/wp-content\/uploads\/2022\/08\/7-4.jpg 800w\" sizes=\"(max-width: 373px) 100vw, 373px\" \/><\/p>\n<p>Mateo Kujundzic and gathering at his home<\/p>\n<p>&nbsp;<\/p>\n<p><img decoding=\"async\" class=\"alignnone  wp-image-2089\" src=\"https:\/\/virtualnimuzej.aspira.hr\/wp-content\/uploads\/2022\/08\/8-5-300x150.jpg\" alt=\"\" width=\"562\" height=\"281\" srcset=\"https:\/\/virtualnimuzej.aspira.hr\/wp-content\/uploads\/2022\/08\/8-5-200x100.jpg 200w, https:\/\/virtualnimuzej.aspira.hr\/wp-content\/uploads\/2022\/08\/8-5-300x150.jpg 300w, https:\/\/virtualnimuzej.aspira.hr\/wp-content\/uploads\/2022\/08\/8-5-400x200.jpg 400w, https:\/\/virtualnimuzej.aspira.hr\/wp-content\/uploads\/2022\/08\/8-5-600x300.jpg 600w, https:\/\/virtualnimuzej.aspira.hr\/wp-content\/uploads\/2022\/08\/8-5-768x384.jpg 768w, https:\/\/virtualnimuzej.aspira.hr\/wp-content\/uploads\/2022\/08\/8-5.jpg 800w\" sizes=\"(max-width: 562px) 100vw, 562px\" \/>\u00a0 \u00a0 <img decoding=\"async\" class=\"alignnone  wp-image-2092\" src=\"https:\/\/virtualnimuzej.aspira.hr\/wp-content\/uploads\/2022\/08\/2-9-242x300.jpg\" alt=\"\" width=\"225\" height=\"279\" srcset=\"https:\/\/virtualnimuzej.aspira.hr\/wp-content\/uploads\/2022\/08\/2-9-200x248.jpg 200w, https:\/\/virtualnimuzej.aspira.hr\/wp-content\/uploads\/2022\/08\/2-9-242x300.jpg 242w, https:\/\/virtualnimuzej.aspira.hr\/wp-content\/uploads\/2022\/08\/2-9-400x497.jpg 400w, https:\/\/virtualnimuzej.aspira.hr\/wp-content\/uploads\/2022\/08\/2-9-600x745.jpg 600w, https:\/\/virtualnimuzej.aspira.hr\/wp-content\/uploads\/2022\/08\/2-9.jpg 644w\" sizes=\"(max-width: 225px) 100vw, 225px\" \/><\/p>\n<p>Agricultural school in Venado Tuerto and Dean of Aspira Alen Jerkunica and Jose Ban after signing the asignment<\/p>\n<p>&nbsp;<\/p>\n<p>Author: Branka Bezi\u0107 Filipovi\u0107<\/p>\n<p>Translated by: Petra Filipovi\u0107<\/p>\n<p>Sponsored by: Juroslav Buljuba\u0161i\u0107, Honorary Consul of Chile in Split<\/p>\n","protected":false},"excerpt":{"rendered":"<p>The province of Santa Fe, located in Argentina&#8217;s interior, about 400 km from Buenos Aires, is estimated to be home to about 46,000 Croats. The landscape is dominated by pampa [&hellip;]<\/p>\n","protected":false},"author":1,"featured_media":2016,"comment_status":"open","ping_status":"open","sticky":false,"template":"","format":"standard","meta":{"footnotes":""},"categories":[47],"tags":[],"class_list":["post-2015","post","type-post","status-publish","format-standard","has-post-thumbnail","hentry","category-argentina-en"],"yoast_head":"<!-- This site is optimized with the Yoast SEO plugin v20.7 - https:\/\/yoast.com\/wordpress\/plugins\/seo\/ -->\n<title>Croats in the Province of Santa Fe - Aspira Virtualni Muzej iseljeni\u0161tva Dalmacije<\/title>\n<meta name=\"robots\" content=\"index, follow, max-snippet:-1, max-image-preview:large, max-video-preview:-1\" \/>\n<link rel=\"canonical\" href=\"https:\/\/virtualnimuzej.aspira.hr\/en\/croats-in-the-province-of-santa-fe\/\" \/>\n<meta property=\"og:locale\" content=\"en_US\" \/>\n<meta property=\"og:type\" content=\"article\" \/>\n<meta property=\"og:title\" content=\"Croats in the Province of Santa Fe - Aspira Virtualni Muzej iseljeni\u0161tva Dalmacije\" \/>\n<meta property=\"og:description\" content=\"The province of Santa Fe, located in Argentina&#8217;s interior, about 400 km from Buenos Aires, is estimated to be home to about 46,000 Croats. The landscape is dominated by pampa [&hellip;]\" \/>\n<meta property=\"og:url\" content=\"https:\/\/virtualnimuzej.aspira.hr\/en\/croats-in-the-province-of-santa-fe\/\" \/>\n<meta property=\"og:site_name\" content=\"Aspira Virtualni Muzej iseljeni\u0161tva Dalmacije\" \/>\n<meta property=\"article:published_time\" content=\"2022-08-20T15:54:08+00:00\" \/>\n<meta property=\"article:modified_time\" content=\"2022-08-21T06:47:26+00:00\" \/>\n<meta property=\"og:image\" content=\"https:\/\/virtualnimuzej.aspira.hr\/wp-content\/uploads\/2022\/08\/10-1.jpg\" \/>\n\t<meta property=\"og:image:width\" content=\"800\" \/>\n\t<meta property=\"og:image:height\" content=\"400\" \/>\n\t<meta property=\"og:image:type\" content=\"image\/jpeg\" \/>\n<meta name=\"author\" content=\"VmuzejAspira\" \/>\n<meta name=\"twitter:card\" content=\"summary_large_image\" \/>\n<meta name=\"twitter:label1\" content=\"Written by\" \/>\n\t<meta name=\"twitter:data1\" content=\"VmuzejAspira\" \/>\n\t<meta name=\"twitter:label2\" content=\"Est. reading time\" \/>\n\t<meta name=\"twitter:data2\" content=\"12 minutes\" \/>\n<script type=\"application\/ld+json\" class=\"yoast-schema-graph\">{\"@context\":\"https:\/\/schema.org\",\"@graph\":[{\"@type\":\"WebPage\",\"@id\":\"https:\/\/virtualnimuzej.aspira.hr\/en\/croats-in-the-province-of-santa-fe\/\",\"url\":\"https:\/\/virtualnimuzej.aspira.hr\/en\/croats-in-the-province-of-santa-fe\/\",\"name\":\"Croats in the Province of Santa Fe - Aspira Virtualni Muzej iseljeni\u0161tva Dalmacije\",\"isPartOf\":{\"@id\":\"https:\/\/virtualnimuzej.aspira.hr\/#website\"},\"datePublished\":\"2022-08-20T15:54:08+00:00\",\"dateModified\":\"2022-08-21T06:47:26+00:00\",\"author\":{\"@id\":\"https:\/\/virtualnimuzej.aspira.hr\/#\/schema\/person\/8b28048370e78968988c04d6f1ba104d\"},\"breadcrumb\":{\"@id\":\"https:\/\/virtualnimuzej.aspira.hr\/en\/croats-in-the-province-of-santa-fe\/#breadcrumb\"},\"inLanguage\":\"en-US\",\"potentialAction\":[{\"@type\":\"ReadAction\",\"target\":[\"https:\/\/virtualnimuzej.aspira.hr\/en\/croats-in-the-province-of-santa-fe\/\"]}]},{\"@type\":\"BreadcrumbList\",\"@id\":\"https:\/\/virtualnimuzej.aspira.hr\/en\/croats-in-the-province-of-santa-fe\/#breadcrumb\",\"itemListElement\":[{\"@type\":\"ListItem\",\"position\":1,\"name\":\"Naslovna\",\"item\":\"https:\/\/virtualnimuzej.aspira.hr\/en\/\"},{\"@type\":\"ListItem\",\"position\":2,\"name\":\"Croats in the Province of Santa Fe\"}]},{\"@type\":\"WebSite\",\"@id\":\"https:\/\/virtualnimuzej.aspira.hr\/#website\",\"url\":\"https:\/\/virtualnimuzej.aspira.hr\/\",\"name\":\"Aspira Virtualni Muzej iseljeni\u0161tva Dalmacije\",\"description\":\"Muzej iseljeni\u0161tva je zami\u0161ljen kao mjesto skupljanja i prezentacije gra\u0111e o hrvatskom iseljeni\u0161tvu i povijesti iseljavanja koja nikada nije bila dovoljno istra\u017eena.\",\"potentialAction\":[{\"@type\":\"SearchAction\",\"target\":{\"@type\":\"EntryPoint\",\"urlTemplate\":\"https:\/\/virtualnimuzej.aspira.hr\/?s={search_term_string}\"},\"query-input\":\"required name=search_term_string\"}],\"inLanguage\":\"en-US\"},{\"@type\":\"Person\",\"@id\":\"https:\/\/virtualnimuzej.aspira.hr\/#\/schema\/person\/8b28048370e78968988c04d6f1ba104d\",\"name\":\"VmuzejAspira\",\"image\":{\"@type\":\"ImageObject\",\"inLanguage\":\"en-US\",\"@id\":\"https:\/\/virtualnimuzej.aspira.hr\/#\/schema\/person\/image\/\",\"url\":\"https:\/\/secure.gravatar.com\/avatar\/cfa7124a34eec5233efffe1e8fb23c18bb83abdb6129e8f47c9144109613a228?s=96&d=mm&r=g\",\"contentUrl\":\"https:\/\/secure.gravatar.com\/avatar\/cfa7124a34eec5233efffe1e8fb23c18bb83abdb6129e8f47c9144109613a228?s=96&d=mm&r=g\",\"caption\":\"VmuzejAspira\"},\"sameAs\":[\"http:\/\/virtualnimuzej.aspira.hr\"],\"url\":\"https:\/\/virtualnimuzej.aspira.hr\/en\/author\/vmuzejaspira\/\"}]}<\/script>\n<!-- \/ Yoast SEO plugin. -->","yoast_head_json":{"title":"Croats in the Province of Santa Fe - Aspira Virtualni Muzej iseljeni\u0161tva Dalmacije","robots":{"index":"index","follow":"follow","max-snippet":"max-snippet:-1","max-image-preview":"max-image-preview:large","max-video-preview":"max-video-preview:-1"},"canonical":"https:\/\/virtualnimuzej.aspira.hr\/en\/croats-in-the-province-of-santa-fe\/","og_locale":"en_US","og_type":"article","og_title":"Croats in the Province of Santa Fe - Aspira Virtualni Muzej iseljeni\u0161tva Dalmacije","og_description":"The province of Santa Fe, located in Argentina&#8217;s interior, about 400 km from Buenos Aires, is estimated to be home to about 46,000 Croats. The landscape is dominated by pampa [&hellip;]","og_url":"https:\/\/virtualnimuzej.aspira.hr\/en\/croats-in-the-province-of-santa-fe\/","og_site_name":"Aspira Virtualni Muzej iseljeni\u0161tva Dalmacije","article_published_time":"2022-08-20T15:54:08+00:00","article_modified_time":"2022-08-21T06:47:26+00:00","og_image":[{"width":800,"height":400,"url":"https:\/\/virtualnimuzej.aspira.hr\/wp-content\/uploads\/2022\/08\/10-1.jpg","type":"image\/jpeg"}],"author":"VmuzejAspira","twitter_card":"summary_large_image","twitter_misc":{"Written by":"VmuzejAspira","Est. reading time":"12 minutes"},"schema":{"@context":"https:\/\/schema.org","@graph":[{"@type":"WebPage","@id":"https:\/\/virtualnimuzej.aspira.hr\/en\/croats-in-the-province-of-santa-fe\/","url":"https:\/\/virtualnimuzej.aspira.hr\/en\/croats-in-the-province-of-santa-fe\/","name":"Croats in the Province of Santa Fe - Aspira Virtualni Muzej iseljeni\u0161tva Dalmacije","isPartOf":{"@id":"https:\/\/virtualnimuzej.aspira.hr\/#website"},"datePublished":"2022-08-20T15:54:08+00:00","dateModified":"2022-08-21T06:47:26+00:00","author":{"@id":"https:\/\/virtualnimuzej.aspira.hr\/#\/schema\/person\/8b28048370e78968988c04d6f1ba104d"},"breadcrumb":{"@id":"https:\/\/virtualnimuzej.aspira.hr\/en\/croats-in-the-province-of-santa-fe\/#breadcrumb"},"inLanguage":"en-US","potentialAction":[{"@type":"ReadAction","target":["https:\/\/virtualnimuzej.aspira.hr\/en\/croats-in-the-province-of-santa-fe\/"]}]},{"@type":"BreadcrumbList","@id":"https:\/\/virtualnimuzej.aspira.hr\/en\/croats-in-the-province-of-santa-fe\/#breadcrumb","itemListElement":[{"@type":"ListItem","position":1,"name":"Naslovna","item":"https:\/\/virtualnimuzej.aspira.hr\/en\/"},{"@type":"ListItem","position":2,"name":"Croats in the Province of Santa Fe"}]},{"@type":"WebSite","@id":"https:\/\/virtualnimuzej.aspira.hr\/#website","url":"https:\/\/virtualnimuzej.aspira.hr\/","name":"Aspira Virtualni Muzej iseljeni\u0161tva Dalmacije","description":"Muzej iseljeni\u0161tva je zami\u0161ljen kao mjesto skupljanja i prezentacije gra\u0111e o hrvatskom iseljeni\u0161tvu i povijesti iseljavanja koja nikada nije bila dovoljno istra\u017eena.","potentialAction":[{"@type":"SearchAction","target":{"@type":"EntryPoint","urlTemplate":"https:\/\/virtualnimuzej.aspira.hr\/?s={search_term_string}"},"query-input":"required name=search_term_string"}],"inLanguage":"en-US"},{"@type":"Person","@id":"https:\/\/virtualnimuzej.aspira.hr\/#\/schema\/person\/8b28048370e78968988c04d6f1ba104d","name":"VmuzejAspira","image":{"@type":"ImageObject","inLanguage":"en-US","@id":"https:\/\/virtualnimuzej.aspira.hr\/#\/schema\/person\/image\/","url":"https:\/\/secure.gravatar.com\/avatar\/cfa7124a34eec5233efffe1e8fb23c18bb83abdb6129e8f47c9144109613a228?s=96&d=mm&r=g","contentUrl":"https:\/\/secure.gravatar.com\/avatar\/cfa7124a34eec5233efffe1e8fb23c18bb83abdb6129e8f47c9144109613a228?s=96&d=mm&r=g","caption":"VmuzejAspira"},"sameAs":["http:\/\/virtualnimuzej.aspira.hr"],"url":"https:\/\/virtualnimuzej.aspira.hr\/en\/author\/vmuzejaspira\/"}]}},"_links":{"self":[{"href":"https:\/\/virtualnimuzej.aspira.hr\/en\/wp-json\/wp\/v2\/posts\/2015","targetHints":{"allow":["GET"]}}],"collection":[{"href":"https:\/\/virtualnimuzej.aspira.hr\/en\/wp-json\/wp\/v2\/posts"}],"about":[{"href":"https:\/\/virtualnimuzej.aspira.hr\/en\/wp-json\/wp\/v2\/types\/post"}],"author":[{"embeddable":true,"href":"https:\/\/virtualnimuzej.aspira.hr\/en\/wp-json\/wp\/v2\/users\/1"}],"replies":[{"embeddable":true,"href":"https:\/\/virtualnimuzej.aspira.hr\/en\/wp-json\/wp\/v2\/comments?post=2015"}],"version-history":[{"count":3,"href":"https:\/\/virtualnimuzej.aspira.hr\/en\/wp-json\/wp\/v2\/posts\/2015\/revisions"}],"predecessor-version":[{"id":2095,"href":"https:\/\/virtualnimuzej.aspira.hr\/en\/wp-json\/wp\/v2\/posts\/2015\/revisions\/2095"}],"wp:featuredmedia":[{"embeddable":true,"href":"https:\/\/virtualnimuzej.aspira.hr\/en\/wp-json\/wp\/v2\/media\/2016"}],"wp:attachment":[{"href":"https:\/\/virtualnimuzej.aspira.hr\/en\/wp-json\/wp\/v2\/media?parent=2015"}],"wp:term":[{"taxonomy":"category","embeddable":true,"href":"https:\/\/virtualnimuzej.aspira.hr\/en\/wp-json\/wp\/v2\/categories?post=2015"},{"taxonomy":"post_tag","embeddable":true,"href":"https:\/\/virtualnimuzej.aspira.hr\/en\/wp-json\/wp\/v2\/tags?post=2015"}],"curies":[{"name":"wp","href":"https:\/\/api.w.org\/{rel}","templated":true}]}}