{"id":3023,"date":"2022-08-29T18:03:24","date_gmt":"2022-08-29T16:03:24","guid":{"rendered":"https:\/\/virtualnimuzej.aspira.hr\/?p=3023"},"modified":"2022-08-29T18:03:24","modified_gmt":"2022-08-29T16:03:24","slug":"santa-cruz-de-la-sierra","status":"publish","type":"post","link":"https:\/\/virtualnimuzej.aspira.hr\/en\/santa-cruz-de-la-sierra\/","title":{"rendered":"Santa Cruz de la Sierra"},"content":{"rendered":"<p>Santa Cruz de la Sierra is the largest city in Bolivia, with about 1,900,000 inhabitants, and it is located at only 400 meters above sea level, so unlike other cities, it is not located in the Andes, but the Andes can be seen from its streets.<br \/>\nThe Croatian community in Santa Cruz is the youngest in the country. Mateo Kulji\u0161 from La Paz is believed to have been the first to arrive in that city in 1945, where he joined his uncles Juri and Stipe in 1938. Kulji\u0161 was born on Vis in the family of Rada and Katica, n\u00e9e Ili\u0107.<br \/>\nIt is said that he loved football, especially &#8220;Hajduk&#8221; from Split, but also the local club &#8220;Blooming&#8221;.<br \/>\nKulji\u0161 opened a shoe store in Santa Cruz. His business was going well, so he became the owner of a tannery he named &#8220;Vis Kulji\u0161&#8221;. Over time, he also established a medical service for his workers, which expanded to the entire city. He then opened a company for electrification and telecommunications and a bank, which he headed for 15 years, and was appointed honorary consul of Yugoslavia in 1964.<br \/>\nToday, the position of honorary consul of the Republic of Croatia in Santa Cruz de la Sierra is held by Robert Jakubek from Zagreb, who came to live there after marrying Jasminka Marinkovi\u0107, and met her when she came to study in Croatia from her native Bolivia and they were colleagues at the Faculty of Civil Engineering. Her parents met in the same way, father Silvo (born in 1926) and mother Rajko, who in 1952 joined his father Marinko (born in 1904), who went to Bolivia from Donji Humac on Bra\u010d in 1928. years. As an agronomist, Silvo became a successful owner of thousands of cattle.<br \/>\nCroats in Santa Cruz gather around two priests, in the diocese where the Dominican missionary Fr Karlo \u0106avar has been working for over half a century and in the Capuchin mission Minero where the Capuchin missionary Fr Ivica Vrbi\u0107 has been working. Both celebrated the Holy Mass in the Church of the Immaculate Heart of Mary before the meeting of Croats of South America, which was held from April 28 to 30, 2016 in Santa Cruz.<br \/>\nOn that occasion, a special working commission was assembled to analyze the social and political issues of Croatian emigration in South America. The commission members were: Sandro Zlatar from Peru, Rosa Simunovic, Kathia Sapunar Pavlov, Pedro Marinov Martinic, Mateo Radnic Franulic, Ljubo Radnic Franulic and Marcial Barbosa Sfarcic from Chile and Drago Muzevic, Visnja Domic, Brayan Nigoevic and Robert Jakubek from Bolivia.<br \/>\nAt the end of the meeting, the following conclusions and requests were made to the Government and institutions of the Republic of Croatia:<\/p>\n<p>1. We ask the Government of the Republic of Croatia to amend the relevant law so that Croats living abroad can vote by mail and\/or electronically (Internet).<br \/>\n2. If there really is a desire to include hundreds of thousands of Croats from emigration in Croatian political and social life, which is guaranteed by Article 44 of the Law on Relations of the Republic of Croatia with Croats outside the Republic of Croatia, then it is necessary to enable us to have our real representatives enter the Parliament Republic of Croatia.<br \/>\nThe representatives of the Croatian diaspora, gathered at this meeting, expect the Government of the Republic of Croatia to enable us to realize this constitutional right, and we propose that there be two (2) of our parliamentary representatives in the Parliament, one for America and the other for Australia, New Zealand and South Africa.<br \/>\n3. We invite all the Croatian people, inside and outside Croatia, to work and care for the general interests of Croatia, as well as the preservation of our free and independent Republic of Croatia, united in harmony and mutual respect.<br \/>\n4. We suggest that the Croatian Registry of Emigrants establish an online Croatian language school and that it be free for everyone.<br \/>\n5. The competent institutions in the Republic of Croatia are requested to speed up the resolution of applications for acquiring Croatian citizenship and to put into use an online form for administrative monitoring of case processing that would be available to foreigners.<br \/>\n6. We recommend the Croatian Registry of Emigrants to establish a training program in Croatia for young people from emigration who are willing to work and on their return could be leaders in the environment they come from.<br \/>\n7. We recommend the Croatian emigrant registry to establish a student exchange program between Croatia and South American countries so that Croats can come to South America, live with families and practice Spanish, but also vice versa so that our children go to Croatia in the same way.<br \/>\n8. We recommend the Ministry of Education to introduce enrollment quotas at Croatian universities for students from emigration, as stated in art. 60 of the Act on the relations of the Republic of Croatia with Croats outside the Republic of Croatia.<br \/>\n9. We recommend to the Government of the Republic of Croatia and the Ministry of Foreign and European Affairs that the position of attache for relations with the Croatian emigration be established in the diplomatic missions of the Republic of Croatia in the world, if a large number of emigrant Croats live in the territory they cover.<\/p>\n<p>Such meetings have become a tradition over time. The first was organized in Lima at the instigation of Franjo Kurtovich, a Peruvian businessman, and Robert Jakubek, Honorary Consul of the Republic of Croatia in Santa Cruz. The next meeting was held in Santaiago de Chile and later in Buenos Aires and Asuncion. The next one is to be in Montevideo in 2023.<\/p>\n<p>&nbsp;<\/p>\n\n\t\t<style type=\"text\/css\">\n\t\t\t#gallery-1 {\n\t\t\t\tmargin: auto;\n\t\t\t}\n\t\t\t#gallery-1 .gallery-item {\n\t\t\t\tfloat: left;\n\t\t\t\tmargin-top: 10px;\n\t\t\t\ttext-align: center;\n\t\t\t\twidth: 33%;\n\t\t\t}\n\t\t\t#gallery-1 img {\n\t\t\t\tborder: 2px solid #cfcfcf;\n\t\t\t}\n\t\t\t#gallery-1 .gallery-caption {\n\t\t\t\tmargin-left: 0;\n\t\t\t}\n\t\t\t\/* see gallery_shortcode() in wp-includes\/media.php *\/\n\t\t<\/style>\n\t\t<div id='gallery-1' class='gallery galleryid-3023 gallery-columns-3 gallery-size-thumbnail'><dl class='gallery-item'>\n\t\t\t<dt class='gallery-icon landscape'>\n\t\t\t\t<a data-rel=\"iLightbox[postimages]\" data-title=\"IMG_3723\" data-caption=\"\" href='https:\/\/virtualnimuzej.aspira.hr\/en\/img_3723-2\/'><img decoding=\"async\" width=\"150\" height=\"150\" src=\"https:\/\/virtualnimuzej.aspira.hr\/wp-content\/uploads\/2022\/08\/IMG_3723-150x150.jpg\" class=\"attachment-thumbnail size-thumbnail\" alt=\"\" srcset=\"https:\/\/virtualnimuzej.aspira.hr\/wp-content\/uploads\/2022\/08\/IMG_3723-66x66.jpg 66w, https:\/\/virtualnimuzej.aspira.hr\/wp-content\/uploads\/2022\/08\/IMG_3723-150x150.jpg 150w\" sizes=\"(max-width: 150px) 100vw, 150px\" \/><\/a>\n\t\t\t<\/dt><\/dl><dl class='gallery-item'>\n\t\t\t<dt class='gallery-icon landscape'>\n\t\t\t\t<a data-rel=\"iLightbox[postimages]\" data-title=\"IMG_3686\" data-caption=\"\" href='https:\/\/virtualnimuzej.aspira.hr\/en\/img_3686-2\/'><img decoding=\"async\" width=\"150\" height=\"150\" src=\"https:\/\/virtualnimuzej.aspira.hr\/wp-content\/uploads\/2022\/08\/IMG_3686-150x150.jpg\" class=\"attachment-thumbnail size-thumbnail\" alt=\"\" srcset=\"https:\/\/virtualnimuzej.aspira.hr\/wp-content\/uploads\/2022\/08\/IMG_3686-66x66.jpg 66w, https:\/\/virtualnimuzej.aspira.hr\/wp-content\/uploads\/2022\/08\/IMG_3686-150x150.jpg 150w\" sizes=\"(max-width: 150px) 100vw, 150px\" \/><\/a>\n\t\t\t<\/dt><\/dl><dl class='gallery-item'>\n\t\t\t<dt class='gallery-icon portrait'>\n\t\t\t\t<a data-rel=\"iLightbox[postimages]\" data-title=\"IMG_3684\" data-caption=\"\" href='https:\/\/virtualnimuzej.aspira.hr\/en\/img_3684-2\/'><img decoding=\"async\" width=\"150\" height=\"150\" src=\"https:\/\/virtualnimuzej.aspira.hr\/wp-content\/uploads\/2022\/08\/IMG_3684-150x150.jpg\" class=\"attachment-thumbnail size-thumbnail\" alt=\"\" srcset=\"https:\/\/virtualnimuzej.aspira.hr\/wp-content\/uploads\/2022\/08\/IMG_3684-66x66.jpg 66w, https:\/\/virtualnimuzej.aspira.hr\/wp-content\/uploads\/2022\/08\/IMG_3684-150x150.jpg 150w, https:\/\/virtualnimuzej.aspira.hr\/wp-content\/uploads\/2022\/08\/IMG_3684-397x400.jpg 397w\" sizes=\"(max-width: 150px) 100vw, 150px\" \/><\/a>\n\t\t\t<\/dt><\/dl><br style=\"clear: both\" \/><dl class='gallery-item'>\n\t\t\t<dt class='gallery-icon landscape'>\n\t\t\t\t<a data-rel=\"iLightbox[postimages]\" data-title=\"IMG_3678\" data-caption=\"\" href='https:\/\/virtualnimuzej.aspira.hr\/en\/img_3678-2\/'><img decoding=\"async\" width=\"150\" height=\"150\" src=\"https:\/\/virtualnimuzej.aspira.hr\/wp-content\/uploads\/2022\/08\/IMG_3678-150x150.jpg\" class=\"attachment-thumbnail size-thumbnail\" alt=\"\" srcset=\"https:\/\/virtualnimuzej.aspira.hr\/wp-content\/uploads\/2022\/08\/IMG_3678-66x66.jpg 66w, https:\/\/virtualnimuzej.aspira.hr\/wp-content\/uploads\/2022\/08\/IMG_3678-150x150.jpg 150w\" sizes=\"(max-width: 150px) 100vw, 150px\" \/><\/a>\n\t\t\t<\/dt><\/dl><dl class='gallery-item'>\n\t\t\t<dt class='gallery-icon landscape'>\n\t\t\t\t<a data-rel=\"iLightbox[postimages]\" data-title=\"IMG_3658\" data-caption=\"\" href='https:\/\/virtualnimuzej.aspira.hr\/en\/img_3658-2\/'><img decoding=\"async\" width=\"150\" height=\"150\" src=\"https:\/\/virtualnimuzej.aspira.hr\/wp-content\/uploads\/2022\/08\/IMG_3658-150x150.jpg\" class=\"attachment-thumbnail size-thumbnail\" alt=\"\" srcset=\"https:\/\/virtualnimuzej.aspira.hr\/wp-content\/uploads\/2022\/08\/IMG_3658-66x66.jpg 66w, https:\/\/virtualnimuzej.aspira.hr\/wp-content\/uploads\/2022\/08\/IMG_3658-150x150.jpg 150w\" sizes=\"(max-width: 150px) 100vw, 150px\" \/><\/a>\n\t\t\t<\/dt><\/dl><dl class='gallery-item'>\n\t\t\t<dt class='gallery-icon landscape'>\n\t\t\t\t<a data-rel=\"iLightbox[postimages]\" data-title=\"IMG_3645\" data-caption=\"\" href='https:\/\/virtualnimuzej.aspira.hr\/en\/img_3645-2\/'><img decoding=\"async\" width=\"150\" height=\"150\" src=\"https:\/\/virtualnimuzej.aspira.hr\/wp-content\/uploads\/2022\/08\/IMG_3645-150x150.jpg\" class=\"attachment-thumbnail size-thumbnail\" alt=\"\" srcset=\"https:\/\/virtualnimuzej.aspira.hr\/wp-content\/uploads\/2022\/08\/IMG_3645-66x66.jpg 66w, https:\/\/virtualnimuzej.aspira.hr\/wp-content\/uploads\/2022\/08\/IMG_3645-150x150.jpg 150w\" sizes=\"(max-width: 150px) 100vw, 150px\" \/><\/a>\n\t\t\t<\/dt><\/dl><br style=\"clear: both\" \/><dl class='gallery-item'>\n\t\t\t<dt class='gallery-icon landscape'>\n\t\t\t\t<a data-rel=\"iLightbox[postimages]\" data-title=\"IMG_3562\" data-caption=\"\" href='https:\/\/virtualnimuzej.aspira.hr\/en\/img_3562-2\/'><img decoding=\"async\" width=\"150\" height=\"150\" src=\"https:\/\/virtualnimuzej.aspira.hr\/wp-content\/uploads\/2022\/08\/IMG_3562-150x150.jpg\" class=\"attachment-thumbnail size-thumbnail\" alt=\"\" srcset=\"https:\/\/virtualnimuzej.aspira.hr\/wp-content\/uploads\/2022\/08\/IMG_3562-66x66.jpg 66w, https:\/\/virtualnimuzej.aspira.hr\/wp-content\/uploads\/2022\/08\/IMG_3562-150x150.jpg 150w\" sizes=\"(max-width: 150px) 100vw, 150px\" \/><\/a>\n\t\t\t<\/dt><\/dl><dl class='gallery-item'>\n\t\t\t<dt class='gallery-icon landscape'>\n\t\t\t\t<a data-rel=\"iLightbox[postimages]\" data-title=\"IMG_3554\" data-caption=\"\" href='https:\/\/virtualnimuzej.aspira.hr\/en\/img_3554-2\/'><img decoding=\"async\" width=\"150\" height=\"150\" src=\"https:\/\/virtualnimuzej.aspira.hr\/wp-content\/uploads\/2022\/08\/IMG_3554-150x150.jpg\" class=\"attachment-thumbnail size-thumbnail\" alt=\"\" srcset=\"https:\/\/virtualnimuzej.aspira.hr\/wp-content\/uploads\/2022\/08\/IMG_3554-66x66.jpg 66w, https:\/\/virtualnimuzej.aspira.hr\/wp-content\/uploads\/2022\/08\/IMG_3554-150x150.jpg 150w\" sizes=\"(max-width: 150px) 100vw, 150px\" \/><\/a>\n\t\t\t<\/dt><\/dl><dl class='gallery-item'>\n\t\t\t<dt class='gallery-icon landscape'>\n\t\t\t\t<a data-rel=\"iLightbox[postimages]\" data-title=\"IMG_3539\" data-caption=\"\" href='https:\/\/virtualnimuzej.aspira.hr\/en\/img_3539-2\/'><img decoding=\"async\" width=\"150\" height=\"150\" src=\"https:\/\/virtualnimuzej.aspira.hr\/wp-content\/uploads\/2022\/08\/IMG_3539-150x150.jpg\" class=\"attachment-thumbnail size-thumbnail\" alt=\"\" srcset=\"https:\/\/virtualnimuzej.aspira.hr\/wp-content\/uploads\/2022\/08\/IMG_3539-66x66.jpg 66w, https:\/\/virtualnimuzej.aspira.hr\/wp-content\/uploads\/2022\/08\/IMG_3539-150x150.jpg 150w\" sizes=\"(max-width: 150px) 100vw, 150px\" \/><\/a>\n\t\t\t<\/dt><\/dl><br style=\"clear: both\" \/><dl class='gallery-item'>\n\t\t\t<dt class='gallery-icon landscape'>\n\t\t\t\t<a data-rel=\"iLightbox[postimages]\" data-title=\"IMG_3503\" data-caption=\"\" href='https:\/\/virtualnimuzej.aspira.hr\/en\/img_3503-2\/'><img decoding=\"async\" width=\"150\" height=\"150\" src=\"https:\/\/virtualnimuzej.aspira.hr\/wp-content\/uploads\/2022\/08\/IMG_3503-150x150.jpg\" class=\"attachment-thumbnail size-thumbnail\" alt=\"\" srcset=\"https:\/\/virtualnimuzej.aspira.hr\/wp-content\/uploads\/2022\/08\/IMG_3503-66x66.jpg 66w, https:\/\/virtualnimuzej.aspira.hr\/wp-content\/uploads\/2022\/08\/IMG_3503-150x150.jpg 150w\" sizes=\"(max-width: 150px) 100vw, 150px\" \/><\/a>\n\t\t\t<\/dt><\/dl><dl class='gallery-item'>\n\t\t\t<dt class='gallery-icon landscape'>\n\t\t\t\t<a data-rel=\"iLightbox[postimages]\" data-title=\"IMG_3477\" data-caption=\"\" href='https:\/\/virtualnimuzej.aspira.hr\/en\/img_3477-2\/'><img decoding=\"async\" width=\"150\" height=\"150\" src=\"https:\/\/virtualnimuzej.aspira.hr\/wp-content\/uploads\/2022\/08\/IMG_3477-150x150.jpg\" class=\"attachment-thumbnail size-thumbnail\" alt=\"\" srcset=\"https:\/\/virtualnimuzej.aspira.hr\/wp-content\/uploads\/2022\/08\/IMG_3477-66x66.jpg 66w, https:\/\/virtualnimuzej.aspira.hr\/wp-content\/uploads\/2022\/08\/IMG_3477-150x150.jpg 150w\" sizes=\"(max-width: 150px) 100vw, 150px\" \/><\/a>\n\t\t\t<\/dt><\/dl><dl class='gallery-item'>\n\t\t\t<dt class='gallery-icon landscape'>\n\t\t\t\t<a data-rel=\"iLightbox[postimages]\" data-title=\"IMG_2144\" data-caption=\"\" href='https:\/\/virtualnimuzej.aspira.hr\/en\/img_2144-2\/'><img decoding=\"async\" width=\"150\" height=\"150\" src=\"https:\/\/virtualnimuzej.aspira.hr\/wp-content\/uploads\/2022\/08\/IMG_2144-150x150.jpg\" class=\"attachment-thumbnail size-thumbnail\" alt=\"\" srcset=\"https:\/\/virtualnimuzej.aspira.hr\/wp-content\/uploads\/2022\/08\/IMG_2144-66x66.jpg 66w, https:\/\/virtualnimuzej.aspira.hr\/wp-content\/uploads\/2022\/08\/IMG_2144-150x150.jpg 150w\" sizes=\"(max-width: 150px) 100vw, 150px\" \/><\/a>\n\t\t\t<\/dt><\/dl><br style=\"clear: both\" \/>\n\t\t<\/div>\n\n<p>&nbsp;<\/p>\n<p>Branka Bezi\u0107 Filipovi\u0107<\/p>\n","protected":false},"excerpt":{"rendered":"<p>Santa Cruz de la Sierra is the largest city in Bolivia, with about 1,900,000 inhabitants, and it is located at only 400 meters above sea level, so unlike other cities, [&hellip;]<\/p>\n","protected":false},"author":1,"featured_media":3017,"comment_status":"open","ping_status":"open","sticky":false,"template":"","format":"standard","meta":{"footnotes":""},"categories":[56],"tags":[],"class_list":["post-3023","post","type-post","status-publish","format-standard","has-post-thumbnail","hentry","category-bolivia"],"yoast_head":"<!-- This site is optimized with the Yoast SEO plugin v20.7 - https:\/\/yoast.com\/wordpress\/plugins\/seo\/ -->\n<title>Santa Cruz de la Sierra - Aspira Virtualni Muzej iseljeni\u0161tva Dalmacije<\/title>\n<meta name=\"robots\" content=\"index, follow, max-snippet:-1, max-image-preview:large, max-video-preview:-1\" \/>\n<link rel=\"canonical\" href=\"https:\/\/virtualnimuzej.aspira.hr\/en\/santa-cruz-de-la-sierra\/\" \/>\n<meta property=\"og:locale\" content=\"en_US\" \/>\n<meta property=\"og:type\" content=\"article\" \/>\n<meta property=\"og:title\" content=\"Santa Cruz de la Sierra - Aspira Virtualni Muzej iseljeni\u0161tva Dalmacije\" \/>\n<meta property=\"og:description\" content=\"Santa Cruz de la Sierra is the largest city in Bolivia, with about 1,900,000 inhabitants, and it is located at only 400 meters above sea level, so unlike other cities, [&hellip;]\" \/>\n<meta property=\"og:url\" content=\"https:\/\/virtualnimuzej.aspira.hr\/en\/santa-cruz-de-la-sierra\/\" \/>\n<meta property=\"og:site_name\" content=\"Aspira Virtualni Muzej iseljeni\u0161tva Dalmacije\" \/>\n<meta property=\"article:published_time\" content=\"2022-08-29T16:03:24+00:00\" \/>\n<meta property=\"og:image\" content=\"https:\/\/virtualnimuzej.aspira.hr\/wp-content\/uploads\/2022\/08\/IMG_2186-768x512.jpg\" \/>\n\t<meta property=\"og:image:width\" content=\"768\" \/>\n\t<meta property=\"og:image:height\" content=\"512\" \/>\n\t<meta property=\"og:image:type\" content=\"image\/jpeg\" \/>\n<meta name=\"author\" content=\"VmuzejAspira\" \/>\n<meta name=\"twitter:card\" content=\"summary_large_image\" \/>\n<meta name=\"twitter:label1\" content=\"Written by\" \/>\n\t<meta name=\"twitter:data1\" content=\"VmuzejAspira\" \/>\n\t<meta name=\"twitter:label2\" content=\"Est. reading time\" \/>\n\t<meta name=\"twitter:data2\" content=\"6 minutes\" \/>\n<script type=\"application\/ld+json\" class=\"yoast-schema-graph\">{\"@context\":\"https:\/\/schema.org\",\"@graph\":[{\"@type\":\"WebPage\",\"@id\":\"https:\/\/virtualnimuzej.aspira.hr\/en\/santa-cruz-de-la-sierra\/\",\"url\":\"https:\/\/virtualnimuzej.aspira.hr\/en\/santa-cruz-de-la-sierra\/\",\"name\":\"Santa Cruz de la Sierra - Aspira Virtualni Muzej iseljeni\u0161tva Dalmacije\",\"isPartOf\":{\"@id\":\"https:\/\/virtualnimuzej.aspira.hr\/#website\"},\"datePublished\":\"2022-08-29T16:03:24+00:00\",\"dateModified\":\"2022-08-29T16:03:24+00:00\",\"author\":{\"@id\":\"https:\/\/virtualnimuzej.aspira.hr\/#\/schema\/person\/8b28048370e78968988c04d6f1ba104d\"},\"breadcrumb\":{\"@id\":\"https:\/\/virtualnimuzej.aspira.hr\/en\/santa-cruz-de-la-sierra\/#breadcrumb\"},\"inLanguage\":\"en-US\",\"potentialAction\":[{\"@type\":\"ReadAction\",\"target\":[\"https:\/\/virtualnimuzej.aspira.hr\/en\/santa-cruz-de-la-sierra\/\"]}]},{\"@type\":\"BreadcrumbList\",\"@id\":\"https:\/\/virtualnimuzej.aspira.hr\/en\/santa-cruz-de-la-sierra\/#breadcrumb\",\"itemListElement\":[{\"@type\":\"ListItem\",\"position\":1,\"name\":\"Naslovna\",\"item\":\"https:\/\/virtualnimuzej.aspira.hr\/en\/\"},{\"@type\":\"ListItem\",\"position\":2,\"name\":\"Santa Cruz de la Sierra\"}]},{\"@type\":\"WebSite\",\"@id\":\"https:\/\/virtualnimuzej.aspira.hr\/#website\",\"url\":\"https:\/\/virtualnimuzej.aspira.hr\/\",\"name\":\"Aspira Virtualni Muzej iseljeni\u0161tva Dalmacije\",\"description\":\"Muzej iseljeni\u0161tva je zami\u0161ljen kao mjesto skupljanja i prezentacije gra\u0111e o hrvatskom iseljeni\u0161tvu i povijesti iseljavanja koja nikada nije bila dovoljno istra\u017eena.\",\"potentialAction\":[{\"@type\":\"SearchAction\",\"target\":{\"@type\":\"EntryPoint\",\"urlTemplate\":\"https:\/\/virtualnimuzej.aspira.hr\/?s={search_term_string}\"},\"query-input\":\"required name=search_term_string\"}],\"inLanguage\":\"en-US\"},{\"@type\":\"Person\",\"@id\":\"https:\/\/virtualnimuzej.aspira.hr\/#\/schema\/person\/8b28048370e78968988c04d6f1ba104d\",\"name\":\"VmuzejAspira\",\"image\":{\"@type\":\"ImageObject\",\"inLanguage\":\"en-US\",\"@id\":\"https:\/\/virtualnimuzej.aspira.hr\/#\/schema\/person\/image\/\",\"url\":\"https:\/\/secure.gravatar.com\/avatar\/cfa7124a34eec5233efffe1e8fb23c18bb83abdb6129e8f47c9144109613a228?s=96&d=mm&r=g\",\"contentUrl\":\"https:\/\/secure.gravatar.com\/avatar\/cfa7124a34eec5233efffe1e8fb23c18bb83abdb6129e8f47c9144109613a228?s=96&d=mm&r=g\",\"caption\":\"VmuzejAspira\"},\"sameAs\":[\"http:\/\/virtualnimuzej.aspira.hr\"],\"url\":\"https:\/\/virtualnimuzej.aspira.hr\/en\/author\/vmuzejaspira\/\"}]}<\/script>\n<!-- \/ Yoast SEO plugin. -->","yoast_head_json":{"title":"Santa Cruz de la Sierra - Aspira Virtualni Muzej iseljeni\u0161tva Dalmacije","robots":{"index":"index","follow":"follow","max-snippet":"max-snippet:-1","max-image-preview":"max-image-preview:large","max-video-preview":"max-video-preview:-1"},"canonical":"https:\/\/virtualnimuzej.aspira.hr\/en\/santa-cruz-de-la-sierra\/","og_locale":"en_US","og_type":"article","og_title":"Santa Cruz de la Sierra - Aspira Virtualni Muzej iseljeni\u0161tva Dalmacije","og_description":"Santa Cruz de la Sierra is the largest city in Bolivia, with about 1,900,000 inhabitants, and it is located at only 400 meters above sea level, so unlike other cities, [&hellip;]","og_url":"https:\/\/virtualnimuzej.aspira.hr\/en\/santa-cruz-de-la-sierra\/","og_site_name":"Aspira Virtualni Muzej iseljeni\u0161tva Dalmacije","article_published_time":"2022-08-29T16:03:24+00:00","og_image":[{"width":768,"height":512,"url":"https:\/\/virtualnimuzej.aspira.hr\/wp-content\/uploads\/2022\/08\/IMG_2186-768x512.jpg","type":"image\/jpeg"}],"author":"VmuzejAspira","twitter_card":"summary_large_image","twitter_misc":{"Written by":"VmuzejAspira","Est. reading time":"6 minutes"},"schema":{"@context":"https:\/\/schema.org","@graph":[{"@type":"WebPage","@id":"https:\/\/virtualnimuzej.aspira.hr\/en\/santa-cruz-de-la-sierra\/","url":"https:\/\/virtualnimuzej.aspira.hr\/en\/santa-cruz-de-la-sierra\/","name":"Santa Cruz de la Sierra - Aspira Virtualni Muzej iseljeni\u0161tva Dalmacije","isPartOf":{"@id":"https:\/\/virtualnimuzej.aspira.hr\/#website"},"datePublished":"2022-08-29T16:03:24+00:00","dateModified":"2022-08-29T16:03:24+00:00","author":{"@id":"https:\/\/virtualnimuzej.aspira.hr\/#\/schema\/person\/8b28048370e78968988c04d6f1ba104d"},"breadcrumb":{"@id":"https:\/\/virtualnimuzej.aspira.hr\/en\/santa-cruz-de-la-sierra\/#breadcrumb"},"inLanguage":"en-US","potentialAction":[{"@type":"ReadAction","target":["https:\/\/virtualnimuzej.aspira.hr\/en\/santa-cruz-de-la-sierra\/"]}]},{"@type":"BreadcrumbList","@id":"https:\/\/virtualnimuzej.aspira.hr\/en\/santa-cruz-de-la-sierra\/#breadcrumb","itemListElement":[{"@type":"ListItem","position":1,"name":"Naslovna","item":"https:\/\/virtualnimuzej.aspira.hr\/en\/"},{"@type":"ListItem","position":2,"name":"Santa Cruz de la Sierra"}]},{"@type":"WebSite","@id":"https:\/\/virtualnimuzej.aspira.hr\/#website","url":"https:\/\/virtualnimuzej.aspira.hr\/","name":"Aspira Virtualni Muzej iseljeni\u0161tva Dalmacije","description":"Muzej iseljeni\u0161tva je zami\u0161ljen kao mjesto skupljanja i prezentacije gra\u0111e o hrvatskom iseljeni\u0161tvu i povijesti iseljavanja koja nikada nije bila dovoljno istra\u017eena.","potentialAction":[{"@type":"SearchAction","target":{"@type":"EntryPoint","urlTemplate":"https:\/\/virtualnimuzej.aspira.hr\/?s={search_term_string}"},"query-input":"required name=search_term_string"}],"inLanguage":"en-US"},{"@type":"Person","@id":"https:\/\/virtualnimuzej.aspira.hr\/#\/schema\/person\/8b28048370e78968988c04d6f1ba104d","name":"VmuzejAspira","image":{"@type":"ImageObject","inLanguage":"en-US","@id":"https:\/\/virtualnimuzej.aspira.hr\/#\/schema\/person\/image\/","url":"https:\/\/secure.gravatar.com\/avatar\/cfa7124a34eec5233efffe1e8fb23c18bb83abdb6129e8f47c9144109613a228?s=96&d=mm&r=g","contentUrl":"https:\/\/secure.gravatar.com\/avatar\/cfa7124a34eec5233efffe1e8fb23c18bb83abdb6129e8f47c9144109613a228?s=96&d=mm&r=g","caption":"VmuzejAspira"},"sameAs":["http:\/\/virtualnimuzej.aspira.hr"],"url":"https:\/\/virtualnimuzej.aspira.hr\/en\/author\/vmuzejaspira\/"}]}},"_links":{"self":[{"href":"https:\/\/virtualnimuzej.aspira.hr\/en\/wp-json\/wp\/v2\/posts\/3023","targetHints":{"allow":["GET"]}}],"collection":[{"href":"https:\/\/virtualnimuzej.aspira.hr\/en\/wp-json\/wp\/v2\/posts"}],"about":[{"href":"https:\/\/virtualnimuzej.aspira.hr\/en\/wp-json\/wp\/v2\/types\/post"}],"author":[{"embeddable":true,"href":"https:\/\/virtualnimuzej.aspira.hr\/en\/wp-json\/wp\/v2\/users\/1"}],"replies":[{"embeddable":true,"href":"https:\/\/virtualnimuzej.aspira.hr\/en\/wp-json\/wp\/v2\/comments?post=3023"}],"version-history":[{"count":1,"href":"https:\/\/virtualnimuzej.aspira.hr\/en\/wp-json\/wp\/v2\/posts\/3023\/revisions"}],"predecessor-version":[{"id":3024,"href":"https:\/\/virtualnimuzej.aspira.hr\/en\/wp-json\/wp\/v2\/posts\/3023\/revisions\/3024"}],"wp:featuredmedia":[{"embeddable":true,"href":"https:\/\/virtualnimuzej.aspira.hr\/en\/wp-json\/wp\/v2\/media\/3017"}],"wp:attachment":[{"href":"https:\/\/virtualnimuzej.aspira.hr\/en\/wp-json\/wp\/v2\/media?parent=3023"}],"wp:term":[{"taxonomy":"category","embeddable":true,"href":"https:\/\/virtualnimuzej.aspira.hr\/en\/wp-json\/wp\/v2\/categories?post=3023"},{"taxonomy":"post_tag","embeddable":true,"href":"https:\/\/virtualnimuzej.aspira.hr\/en\/wp-json\/wp\/v2\/tags?post=3023"}],"curies":[{"name":"wp","href":"https:\/\/api.w.org\/{rel}","templated":true}]}}