{"id":3025,"date":"2022-08-29T18:34:40","date_gmt":"2022-08-29T16:34:40","guid":{"rendered":"https:\/\/virtualnimuzej.aspira.hr\/?p=3025"},"modified":"2022-08-29T19:48:41","modified_gmt":"2022-08-29T17:48:41","slug":"album-of-santa-cruz-de-la-sierra","status":"publish","type":"post","link":"https:\/\/virtualnimuzej.aspira.hr\/en\/album-of-santa-cruz-de-la-sierra\/","title":{"rendered":"Album of Santa Cruz de la Sierra"},"content":{"rendered":"<p>Croatian community in Santa Cruz is very active. They like to learn Croatian and they have a great teacher: Snjezana Dedic Conchi (the 4th from the left in the first photo).<\/p>\n<p>&nbsp;<\/p>\n\n\t\t<style type=\"text\/css\">\n\t\t\t#gallery-1 {\n\t\t\t\tmargin: auto;\n\t\t\t}\n\t\t\t#gallery-1 .gallery-item {\n\t\t\t\tfloat: left;\n\t\t\t\tmargin-top: 10px;\n\t\t\t\ttext-align: center;\n\t\t\t\twidth: 33%;\n\t\t\t}\n\t\t\t#gallery-1 img {\n\t\t\t\tborder: 2px solid #cfcfcf;\n\t\t\t}\n\t\t\t#gallery-1 .gallery-caption {\n\t\t\t\tmargin-left: 0;\n\t\t\t}\n\t\t\t\/* see gallery_shortcode() in wp-includes\/media.php *\/\n\t\t<\/style>\n\t\t<div id='gallery-1' class='gallery galleryid-3025 gallery-columns-3 gallery-size-thumbnail'><dl class='gallery-item'>\n\t\t\t<dt class='gallery-icon landscape'>\n\t\t\t\t<a data-rel=\"iLightbox[postimages]\" data-title=\"WP_20160427_003\" data-caption=\"\" href='https:\/\/virtualnimuzej.aspira.hr\/en\/album-of-santa-cruz-de-la-sierra\/wp_20160427_003\/'><img decoding=\"async\" width=\"150\" height=\"150\" src=\"https:\/\/virtualnimuzej.aspira.hr\/wp-content\/uploads\/2022\/08\/WP_20160427_003-150x150.jpg\" class=\"attachment-thumbnail size-thumbnail\" alt=\"\" srcset=\"https:\/\/virtualnimuzej.aspira.hr\/wp-content\/uploads\/2022\/08\/WP_20160427_003-66x66.jpg 66w, https:\/\/virtualnimuzej.aspira.hr\/wp-content\/uploads\/2022\/08\/WP_20160427_003-150x150.jpg 150w\" sizes=\"(max-width: 150px) 100vw, 150px\" \/><\/a>\n\t\t\t<\/dt><\/dl><dl class='gallery-item'>\n\t\t\t<dt class='gallery-icon landscape'>\n\t\t\t\t<a data-rel=\"iLightbox[postimages]\" data-title=\"IMG_2087\" data-caption=\"\" href='https:\/\/virtualnimuzej.aspira.hr\/en\/album-of-santa-cruz-de-la-sierra\/img_2087\/'><img decoding=\"async\" width=\"150\" height=\"150\" src=\"https:\/\/virtualnimuzej.aspira.hr\/wp-content\/uploads\/2022\/08\/IMG_2087-150x150.jpg\" class=\"attachment-thumbnail size-thumbnail\" alt=\"\" srcset=\"https:\/\/virtualnimuzej.aspira.hr\/wp-content\/uploads\/2022\/08\/IMG_2087-66x66.jpg 66w, https:\/\/virtualnimuzej.aspira.hr\/wp-content\/uploads\/2022\/08\/IMG_2087-150x150.jpg 150w\" sizes=\"(max-width: 150px) 100vw, 150px\" \/><\/a>\n\t\t\t<\/dt><\/dl><dl class='gallery-item'>\n\t\t\t<dt class='gallery-icon landscape'>\n\t\t\t\t<a data-rel=\"iLightbox[postimages]\" data-title=\"IMG_2084\" data-caption=\"\" href='https:\/\/virtualnimuzej.aspira.hr\/en\/album-of-santa-cruz-de-la-sierra\/img_2084\/'><img decoding=\"async\" width=\"150\" height=\"150\" src=\"https:\/\/virtualnimuzej.aspira.hr\/wp-content\/uploads\/2022\/08\/IMG_2084-150x150.jpg\" class=\"attachment-thumbnail size-thumbnail\" alt=\"\" srcset=\"https:\/\/virtualnimuzej.aspira.hr\/wp-content\/uploads\/2022\/08\/IMG_2084-66x66.jpg 66w, https:\/\/virtualnimuzej.aspira.hr\/wp-content\/uploads\/2022\/08\/IMG_2084-150x150.jpg 150w\" sizes=\"(max-width: 150px) 100vw, 150px\" \/><\/a>\n\t\t\t<\/dt><\/dl><br style=\"clear: both\" \/>\n\t\t<\/div>\n\n<p>&nbsp;<\/p>\n<p>&nbsp;<\/p>\n<p>They celebrate the Independance Day of the Republic of Croatia (from the third photo from the left Jorge Kuljis, Visnja Domic, Robert Jakubek, Jasminka Jakubek and Snjezana Dedic Cocnchi)<\/p>\n<p>&nbsp;<\/p>\n<p><img decoding=\"async\" class=\"alignnone wp-image-3038\" src=\"https:\/\/virtualnimuzej.aspira.hr\/wp-content\/uploads\/2022\/08\/pozivnica-Roberta-Jakubeka-pocasnog-konzula-RH-u-Santa-Cruz-de-la-Sierra-300x227.jpg\" alt=\"\" width=\"345\" height=\"261\" srcset=\"https:\/\/virtualnimuzej.aspira.hr\/wp-content\/uploads\/2022\/08\/pozivnica-Roberta-Jakubeka-pocasnog-konzula-RH-u-Santa-Cruz-de-la-Sierra-200x151.jpg 200w, https:\/\/virtualnimuzej.aspira.hr\/wp-content\/uploads\/2022\/08\/pozivnica-Roberta-Jakubeka-pocasnog-konzula-RH-u-Santa-Cruz-de-la-Sierra-300x227.jpg 300w, https:\/\/virtualnimuzej.aspira.hr\/wp-content\/uploads\/2022\/08\/pozivnica-Roberta-Jakubeka-pocasnog-konzula-RH-u-Santa-Cruz-de-la-Sierra-400x302.jpg 400w, https:\/\/virtualnimuzej.aspira.hr\/wp-content\/uploads\/2022\/08\/pozivnica-Roberta-Jakubeka-pocasnog-konzula-RH-u-Santa-Cruz-de-la-Sierra-600x453.jpg 600w, https:\/\/virtualnimuzej.aspira.hr\/wp-content\/uploads\/2022\/08\/pozivnica-Roberta-Jakubeka-pocasnog-konzula-RH-u-Santa-Cruz-de-la-Sierra-768x580.jpg 768w, https:\/\/virtualnimuzej.aspira.hr\/wp-content\/uploads\/2022\/08\/pozivnica-Roberta-Jakubeka-pocasnog-konzula-RH-u-Santa-Cruz-de-la-Sierra.jpg 800w\" sizes=\"(max-width: 345px) 100vw, 345px\" \/>\u00a0 <img decoding=\"async\" class=\"alignnone size-medium wp-image-3041\" src=\"https:\/\/virtualnimuzej.aspira.hr\/wp-content\/uploads\/2022\/08\/Hrvatska-zajednica-u-Santa-Cruz-de-la-Sierra-na-obiljezavanju-Dana-drzavnosti-RH-2017-300x168.jpg\" alt=\"\" width=\"300\" height=\"168\" srcset=\"https:\/\/virtualnimuzej.aspira.hr\/wp-content\/uploads\/2022\/08\/Hrvatska-zajednica-u-Santa-Cruz-de-la-Sierra-na-obiljezavanju-Dana-drzavnosti-RH-2017-200x112.jpg 200w, https:\/\/virtualnimuzej.aspira.hr\/wp-content\/uploads\/2022\/08\/Hrvatska-zajednica-u-Santa-Cruz-de-la-Sierra-na-obiljezavanju-Dana-drzavnosti-RH-2017-300x168.jpg 300w, https:\/\/virtualnimuzej.aspira.hr\/wp-content\/uploads\/2022\/08\/Hrvatska-zajednica-u-Santa-Cruz-de-la-Sierra-na-obiljezavanju-Dana-drzavnosti-RH-2017-400x225.jpg 400w, https:\/\/virtualnimuzej.aspira.hr\/wp-content\/uploads\/2022\/08\/Hrvatska-zajednica-u-Santa-Cruz-de-la-Sierra-na-obiljezavanju-Dana-drzavnosti-RH-2017-600x337.jpg 600w, https:\/\/virtualnimuzej.aspira.hr\/wp-content\/uploads\/2022\/08\/Hrvatska-zajednica-u-Santa-Cruz-de-la-Sierra-na-obiljezavanju-Dana-drzavnosti-RH-2017-768x431.jpg 768w, https:\/\/virtualnimuzej.aspira.hr\/wp-content\/uploads\/2022\/08\/Hrvatska-zajednica-u-Santa-Cruz-de-la-Sierra-na-obiljezavanju-Dana-drzavnosti-RH-2017.jpg 800w\" sizes=\"(max-width: 300px) 100vw, 300px\" \/>\u00a0 <img decoding=\"async\" class=\"alignnone size-medium wp-image-3044\" src=\"https:\/\/virtualnimuzej.aspira.hr\/wp-content\/uploads\/2022\/08\/s-lijeva-Jorge-KuljisVisnja-Domic-Robert-i-Jasminka-Jakubek-Snjezana-Dedic-300x255.jpg\" alt=\"\" width=\"300\" height=\"255\" srcset=\"https:\/\/virtualnimuzej.aspira.hr\/wp-content\/uploads\/2022\/08\/s-lijeva-Jorge-KuljisVisnja-Domic-Robert-i-Jasminka-Jakubek-Snjezana-Dedic-200x170.jpg 200w, https:\/\/virtualnimuzej.aspira.hr\/wp-content\/uploads\/2022\/08\/s-lijeva-Jorge-KuljisVisnja-Domic-Robert-i-Jasminka-Jakubek-Snjezana-Dedic-300x255.jpg 300w, https:\/\/virtualnimuzej.aspira.hr\/wp-content\/uploads\/2022\/08\/s-lijeva-Jorge-KuljisVisnja-Domic-Robert-i-Jasminka-Jakubek-Snjezana-Dedic-400x340.jpg 400w, https:\/\/virtualnimuzej.aspira.hr\/wp-content\/uploads\/2022\/08\/s-lijeva-Jorge-KuljisVisnja-Domic-Robert-i-Jasminka-Jakubek-Snjezana-Dedic-600x509.jpg 600w, https:\/\/virtualnimuzej.aspira.hr\/wp-content\/uploads\/2022\/08\/s-lijeva-Jorge-KuljisVisnja-Domic-Robert-i-Jasminka-Jakubek-Snjezana-Dedic-768x652.jpg 768w, https:\/\/virtualnimuzej.aspira.hr\/wp-content\/uploads\/2022\/08\/s-lijeva-Jorge-KuljisVisnja-Domic-Robert-i-Jasminka-Jakubek-Snjezana-Dedic.jpg 800w\" sizes=\"(max-width: 300px) 100vw, 300px\" \/><\/p>\n<p>&nbsp;<\/p>\n<p>&nbsp;<\/p>\n<p>Their favorite priest is fra Ivica Vrbi\u0107:<\/p>\n<p>&nbsp;<\/p>\n<p><img decoding=\"async\" class=\"alignnone size-medium wp-image-3047\" src=\"https:\/\/virtualnimuzej.aspira.hr\/wp-content\/uploads\/2022\/08\/IMG-20181013-WA0001-300x225.jpg\" alt=\"\" width=\"300\" height=\"225\" srcset=\"https:\/\/virtualnimuzej.aspira.hr\/wp-content\/uploads\/2022\/08\/IMG-20181013-WA0001-200x150.jpg 200w, https:\/\/virtualnimuzej.aspira.hr\/wp-content\/uploads\/2022\/08\/IMG-20181013-WA0001-300x225.jpg 300w, https:\/\/virtualnimuzej.aspira.hr\/wp-content\/uploads\/2022\/08\/IMG-20181013-WA0001-400x300.jpg 400w, https:\/\/virtualnimuzej.aspira.hr\/wp-content\/uploads\/2022\/08\/IMG-20181013-WA0001-600x450.jpg 600w, https:\/\/virtualnimuzej.aspira.hr\/wp-content\/uploads\/2022\/08\/IMG-20181013-WA0001-768x576.jpg 768w, https:\/\/virtualnimuzej.aspira.hr\/wp-content\/uploads\/2022\/08\/IMG-20181013-WA0001.jpg 800w\" sizes=\"(max-width: 300px) 100vw, 300px\" \/>\u00a0 \u00a0<img decoding=\"async\" class=\"alignnone size-medium wp-image-3050\" src=\"https:\/\/virtualnimuzej.aspira.hr\/wp-content\/uploads\/2022\/08\/IMG-20181013-WA0002-300x225.jpg\" alt=\"\" width=\"300\" height=\"225\" srcset=\"https:\/\/virtualnimuzej.aspira.hr\/wp-content\/uploads\/2022\/08\/IMG-20181013-WA0002-200x150.jpg 200w, https:\/\/virtualnimuzej.aspira.hr\/wp-content\/uploads\/2022\/08\/IMG-20181013-WA0002-300x225.jpg 300w, https:\/\/virtualnimuzej.aspira.hr\/wp-content\/uploads\/2022\/08\/IMG-20181013-WA0002-400x300.jpg 400w, https:\/\/virtualnimuzej.aspira.hr\/wp-content\/uploads\/2022\/08\/IMG-20181013-WA0002-600x450.jpg 600w, https:\/\/virtualnimuzej.aspira.hr\/wp-content\/uploads\/2022\/08\/IMG-20181013-WA0002-768x576.jpg 768w, https:\/\/virtualnimuzej.aspira.hr\/wp-content\/uploads\/2022\/08\/IMG-20181013-WA0002.jpg 800w\" sizes=\"(max-width: 300px) 100vw, 300px\" \/>\u00a0 <img decoding=\"async\" class=\"alignnone size-medium wp-image-3053\" src=\"https:\/\/virtualnimuzej.aspira.hr\/wp-content\/uploads\/2022\/08\/IMG-20181013-WA0003-300x225.jpg\" alt=\"\" width=\"300\" height=\"225\" srcset=\"https:\/\/virtualnimuzej.aspira.hr\/wp-content\/uploads\/2022\/08\/IMG-20181013-WA0003-200x150.jpg 200w, https:\/\/virtualnimuzej.aspira.hr\/wp-content\/uploads\/2022\/08\/IMG-20181013-WA0003-300x225.jpg 300w, https:\/\/virtualnimuzej.aspira.hr\/wp-content\/uploads\/2022\/08\/IMG-20181013-WA0003-400x300.jpg 400w, https:\/\/virtualnimuzej.aspira.hr\/wp-content\/uploads\/2022\/08\/IMG-20181013-WA0003-600x450.jpg 600w, https:\/\/virtualnimuzej.aspira.hr\/wp-content\/uploads\/2022\/08\/IMG-20181013-WA0003-768x576.jpg 768w, https:\/\/virtualnimuzej.aspira.hr\/wp-content\/uploads\/2022\/08\/IMG-20181013-WA0003.jpg 800w\" sizes=\"(max-width: 300px) 100vw, 300px\" \/><\/p>\n<p>&nbsp;<\/p>\n<p>Some came to Santa Cruz from the island of Bra\u010d:<\/p>\n<p>&nbsp;<\/p>\n<p><img decoding=\"async\" class=\"alignnone wp-image-3057\" src=\"https:\/\/virtualnimuzej.aspira.hr\/wp-content\/uploads\/2022\/08\/Skrip-1927.-tri-generacije-Juricevica-dobili-sliku-od-Claudie-de-UgarteAntica-koja-je-beba-u-rukama-majke-Dinke-jer-Claudijina-baka.Te-godine-je-pradjed-vec-dosao-u-Boliviju-300x231.jpg\" alt=\"\" width=\"391\" height=\"301\" srcset=\"https:\/\/virtualnimuzej.aspira.hr\/wp-content\/uploads\/2022\/08\/Skrip-1927.-tri-generacije-Juricevica-dobili-sliku-od-Claudie-de-UgarteAntica-koja-je-beba-u-rukama-majke-Dinke-jer-Claudijina-baka.Te-godine-je-pradjed-vec-dosao-u-Boliviju-200x154.jpg 200w, https:\/\/virtualnimuzej.aspira.hr\/wp-content\/uploads\/2022\/08\/Skrip-1927.-tri-generacije-Juricevica-dobili-sliku-od-Claudie-de-UgarteAntica-koja-je-beba-u-rukama-majke-Dinke-jer-Claudijina-baka.Te-godine-je-pradjed-vec-dosao-u-Boliviju-300x231.jpg 300w, https:\/\/virtualnimuzej.aspira.hr\/wp-content\/uploads\/2022\/08\/Skrip-1927.-tri-generacije-Juricevica-dobili-sliku-od-Claudie-de-UgarteAntica-koja-je-beba-u-rukama-majke-Dinke-jer-Claudijina-baka.Te-godine-je-pradjed-vec-dosao-u-Boliviju-400x308.jpg 400w, https:\/\/virtualnimuzej.aspira.hr\/wp-content\/uploads\/2022\/08\/Skrip-1927.-tri-generacije-Juricevica-dobili-sliku-od-Claudie-de-UgarteAntica-koja-je-beba-u-rukama-majke-Dinke-jer-Claudijina-baka.Te-godine-je-pradjed-vec-dosao-u-Boliviju.jpg 480w\" sizes=\"(max-width: 391px) 100vw, 391px\" \/><\/p>\n<p>The Juri\u010devi\u0107 family from \u0160krip (1927). The photo is courtesy of Claudia de Ugarte, whose grandmother Antica is a baby in the lap of her mother Dinka. Later that year Grandfather came to Bolivia with Margarita, born in 1900.<\/p>\n<p>&nbsp;<\/p>\n<p><img decoding=\"async\" class=\"alignnone size-medium wp-image-3060\" src=\"https:\/\/virtualnimuzej.aspira.hr\/wp-content\/uploads\/2022\/08\/1952.Petar-rod.-1903.-Marko-1902.-i-Ivan1906.-a-sjedi-majka-Antica-Dasencic-rod-1877.-i-udana-za-Antu-Dubravcica-Gospodnetica-i-sestra-Margarita-rod.1900.-202x300.jpg\" alt=\"\" width=\"202\" height=\"300\" srcset=\"https:\/\/virtualnimuzej.aspira.hr\/wp-content\/uploads\/2022\/08\/1952.Petar-rod.-1903.-Marko-1902.-i-Ivan1906.-a-sjedi-majka-Antica-Dasencic-rod-1877.-i-udana-za-Antu-Dubravcica-Gospodnetica-i-sestra-Margarita-rod.1900.-200x297.jpg 200w, https:\/\/virtualnimuzej.aspira.hr\/wp-content\/uploads\/2022\/08\/1952.Petar-rod.-1903.-Marko-1902.-i-Ivan1906.-a-sjedi-majka-Antica-Dasencic-rod-1877.-i-udana-za-Antu-Dubravcica-Gospodnetica-i-sestra-Margarita-rod.1900.-202x300.jpg 202w, https:\/\/virtualnimuzej.aspira.hr\/wp-content\/uploads\/2022\/08\/1952.Petar-rod.-1903.-Marko-1902.-i-Ivan1906.-a-sjedi-majka-Antica-Dasencic-rod-1877.-i-udana-za-Antu-Dubravcica-Gospodnetica-i-sestra-Margarita-rod.1900.-400x594.jpg 400w, https:\/\/virtualnimuzej.aspira.hr\/wp-content\/uploads\/2022\/08\/1952.Petar-rod.-1903.-Marko-1902.-i-Ivan1906.-a-sjedi-majka-Antica-Dasencic-rod-1877.-i-udana-za-Antu-Dubravcica-Gospodnetica-i-sestra-Margarita-rod.1900.-600x891.jpg 600w, https:\/\/virtualnimuzej.aspira.hr\/wp-content\/uploads\/2022\/08\/1952.Petar-rod.-1903.-Marko-1902.-i-Ivan1906.-a-sjedi-majka-Antica-Dasencic-rod-1877.-i-udana-za-Antu-Dubravcica-Gospodnetica-i-sestra-Margarita-rod.1900..jpg 643w\" sizes=\"(max-width: 202px) 100vw, 202px\" \/>\u00a0 \u00a0 \u00a0 \u00a0 \u00a0 \u00a0 \u00a0 \u00a0 \u00a0 \u00a0 \u00a0 \u00a0 \u00a0 \u00a0 \u00a0 \u00a0 \u00a0 \u00a0 \u00a0 \u00a0 \u00a0 \u00a0 \u00a0 \u00a0 \u00a0 \u00a0 <img decoding=\"async\" class=\"alignnone size-medium wp-image-3063\" src=\"https:\/\/virtualnimuzej.aspira.hr\/wp-content\/uploads\/2022\/08\/Ivan-Dubravcic-Dasencic-oko-1959.-godine-192x300.jpg\" alt=\"\" width=\"192\" height=\"300\" srcset=\"https:\/\/virtualnimuzej.aspira.hr\/wp-content\/uploads\/2022\/08\/Ivan-Dubravcic-Dasencic-oko-1959.-godine-192x300.jpg 192w, https:\/\/virtualnimuzej.aspira.hr\/wp-content\/uploads\/2022\/08\/Ivan-Dubravcic-Dasencic-oko-1959.-godine-200x313.jpg 200w, https:\/\/virtualnimuzej.aspira.hr\/wp-content\/uploads\/2022\/08\/Ivan-Dubravcic-Dasencic-oko-1959.-godine-400x625.jpg 400w, https:\/\/virtualnimuzej.aspira.hr\/wp-content\/uploads\/2022\/08\/Ivan-Dubravcic-Dasencic-oko-1959.-godine.jpg 586w\" sizes=\"(max-width: 192px) 100vw, 192px\" \/><\/p>\n<p>Around 1952.: standing from the left\u00a0 \u00a0 \u00a0 \u00a0 \u00a0 \u00a0 \u00a0 \u00a0 \u00a0 \u00a0 \u00a0 \u00a0 \u00a0 \u00a0 \u00a0 \u00a0 \u00a0 \u00a0 \u00a0Ivan Dubrav\u010di\u0107 Dasen\u010di\u0107 (born in 1906) around 1959<\/p>\n<p>Petar (1903), Marko (1902) and Ivan (1906)<\/p>\n<p>and sister Margarita (1900) with their mother<\/p>\n<p>Antica Dasen\u010di\u0107 (1877) married to Ante Dubrav\u010di\u0107 Gospodneti\u0107<\/p>\n<p>&nbsp;<\/p>\n<p>Some came to Santa Cruz from the island of Hvar:<\/p>\n<p><img decoding=\"async\" class=\"alignnone wp-image-3067\" src=\"https:\/\/virtualnimuzej.aspira.hr\/wp-content\/uploads\/2022\/08\/Katica-Vranjican-sa-sinovima-lijevo-je-Ivo-a-desno-Vjeko-Santa-Cruz-aerodrom-Trompillo-1953-ili-55-300x237.jpg\" alt=\"\" width=\"380\" height=\"300\" srcset=\"https:\/\/virtualnimuzej.aspira.hr\/wp-content\/uploads\/2022\/08\/Katica-Vranjican-sa-sinovima-lijevo-je-Ivo-a-desno-Vjeko-Santa-Cruz-aerodrom-Trompillo-1953-ili-55-200x158.jpg 200w, https:\/\/virtualnimuzej.aspira.hr\/wp-content\/uploads\/2022\/08\/Katica-Vranjican-sa-sinovima-lijevo-je-Ivo-a-desno-Vjeko-Santa-Cruz-aerodrom-Trompillo-1953-ili-55-300x237.jpg 300w, https:\/\/virtualnimuzej.aspira.hr\/wp-content\/uploads\/2022\/08\/Katica-Vranjican-sa-sinovima-lijevo-je-Ivo-a-desno-Vjeko-Santa-Cruz-aerodrom-Trompillo-1953-ili-55-400x317.jpg 400w, https:\/\/virtualnimuzej.aspira.hr\/wp-content\/uploads\/2022\/08\/Katica-Vranjican-sa-sinovima-lijevo-je-Ivo-a-desno-Vjeko-Santa-Cruz-aerodrom-Trompillo-1953-ili-55-600x475.jpg 600w, https:\/\/virtualnimuzej.aspira.hr\/wp-content\/uploads\/2022\/08\/Katica-Vranjican-sa-sinovima-lijevo-je-Ivo-a-desno-Vjeko-Santa-Cruz-aerodrom-Trompillo-1953-ili-55-768x608.jpg 768w, https:\/\/virtualnimuzej.aspira.hr\/wp-content\/uploads\/2022\/08\/Katica-Vranjican-sa-sinovima-lijevo-je-Ivo-a-desno-Vjeko-Santa-Cruz-aerodrom-Trompillo-1953-ili-55.jpg 800w\" sizes=\"(max-width: 380px) 100vw, 380px\" \/>\u00a0 \u00a0 \u00a0 \u00a0 \u00a0 \u00a0 \u00a0 \u00a0 \u00a0 \u00a0 \u00a0 \u00a0 \u00a0 \u00a0<img decoding=\"async\" class=\"alignnone size-medium wp-image-3070\" src=\"https:\/\/virtualnimuzej.aspira.hr\/wp-content\/uploads\/2022\/08\/Katica-Vranjican-rodjena-Dominis-s-unucima-Damirom-Goranom-Nenadom-i-Sekom-u-Santa-Cruzu-1960-225x300.jpg\" alt=\"\" width=\"225\" height=\"300\" srcset=\"https:\/\/virtualnimuzej.aspira.hr\/wp-content\/uploads\/2022\/08\/Katica-Vranjican-rodjena-Dominis-s-unucima-Damirom-Goranom-Nenadom-i-Sekom-u-Santa-Cruzu-1960-200x267.jpg 200w, https:\/\/virtualnimuzej.aspira.hr\/wp-content\/uploads\/2022\/08\/Katica-Vranjican-rodjena-Dominis-s-unucima-Damirom-Goranom-Nenadom-i-Sekom-u-Santa-Cruzu-1960-225x300.jpg 225w, https:\/\/virtualnimuzej.aspira.hr\/wp-content\/uploads\/2022\/08\/Katica-Vranjican-rodjena-Dominis-s-unucima-Damirom-Goranom-Nenadom-i-Sekom-u-Santa-Cruzu-1960-400x533.jpg 400w, https:\/\/virtualnimuzej.aspira.hr\/wp-content\/uploads\/2022\/08\/Katica-Vranjican-rodjena-Dominis-s-unucima-Damirom-Goranom-Nenadom-i-Sekom-u-Santa-Cruzu-1960-600x800.jpg 600w, https:\/\/virtualnimuzej.aspira.hr\/wp-content\/uploads\/2022\/08\/Katica-Vranjican-rodjena-Dominis-s-unucima-Damirom-Goranom-Nenadom-i-Sekom-u-Santa-Cruzu-1960.jpg 768w\" sizes=\"(max-width: 225px) 100vw, 225px\" \/><\/p>\n<p>Santa Cruz, airport Trompillo, 1953 or 1955:\u00a0 \u00a0 \u00a0 \u00a0 \u00a0 \u00a0 \u00a0 \u00a0 \u00a0 \u00a0 \u00a0 \u00a0 \u00a0 \u00a0 \u00a0 \u00a0 \u00a0 \u00a0 \u00a0 \u00a0 \u00a0 \u00a0 Katica with her grandchildren: Damir, Goran, Nenad and Seka<\/p>\n<p>Katica Vranjican nee Dominis, with her sons Ivo on\u00a0 \u00a0 \u00a0 \u00a0 \u00a0 \u00a0 \u00a0 \u00a0 \u00a0 \u00a0 \u00a0 \u00a0 \u00a0 \u00a0 \u00a0 \u00a0around 1960<\/p>\n<p>the left and Vjeko on the right<\/p>\n<p>&nbsp;<\/p>\n<p>Branka Bezi\u0107 Filipovi\u0107<\/p>\n<p>Courtesy: Snje\u017eana Dedi\u0107 Conchi<\/p>\n<p>&nbsp;<\/p>\n","protected":false},"excerpt":{"rendered":"<p>Croatian community in Santa Cruz is very active. They like to learn Croatian and they have a great teacher: Snjezana Dedic Conchi (the 4th from the left in the first [&hellip;]<\/p>\n","protected":false},"author":1,"featured_media":3078,"comment_status":"open","ping_status":"open","sticky":false,"template":"","format":"standard","meta":{"footnotes":""},"categories":[56],"tags":[],"class_list":["post-3025","post","type-post","status-publish","format-standard","has-post-thumbnail","hentry","category-bolivia"],"yoast_head":"<!-- This site is optimized with the Yoast SEO plugin v20.7 - https:\/\/yoast.com\/wordpress\/plugins\/seo\/ -->\n<title>Album of Santa Cruz de la Sierra - Aspira Virtualni Muzej iseljeni\u0161tva Dalmacije<\/title>\n<meta name=\"robots\" content=\"index, follow, max-snippet:-1, max-image-preview:large, max-video-preview:-1\" \/>\n<link rel=\"canonical\" href=\"https:\/\/virtualnimuzej.aspira.hr\/en\/album-of-santa-cruz-de-la-sierra\/\" \/>\n<meta property=\"og:locale\" content=\"en_US\" \/>\n<meta property=\"og:type\" content=\"article\" \/>\n<meta property=\"og:title\" content=\"Album of Santa Cruz de la Sierra - Aspira Virtualni Muzej iseljeni\u0161tva Dalmacije\" \/>\n<meta property=\"og:description\" content=\"Croatian community in Santa Cruz is very active. They like to learn Croatian and they have a great teacher: Snjezana Dedic Conchi (the 4th from the left in the first [&hellip;]\" \/>\n<meta property=\"og:url\" content=\"https:\/\/virtualnimuzej.aspira.hr\/en\/album-of-santa-cruz-de-la-sierra\/\" \/>\n<meta property=\"og:site_name\" content=\"Aspira Virtualni Muzej iseljeni\u0161tva Dalmacije\" \/>\n<meta property=\"article:published_time\" content=\"2022-08-29T16:34:40+00:00\" \/>\n<meta property=\"article:modified_time\" content=\"2022-08-29T17:48:41+00:00\" \/>\n<meta property=\"og:image\" content=\"https:\/\/virtualnimuzej.aspira.hr\/wp-content\/uploads\/2022\/08\/ovako-su-me-docekali-u-zracnoj-luci.jpg\" \/>\n\t<meta property=\"og:image:width\" content=\"800\" \/>\n\t<meta property=\"og:image:height\" content=\"449\" \/>\n\t<meta property=\"og:image:type\" content=\"image\/jpeg\" \/>\n<meta name=\"author\" content=\"VmuzejAspira\" \/>\n<meta name=\"twitter:card\" content=\"summary_large_image\" \/>\n<meta name=\"twitter:label1\" content=\"Written by\" \/>\n\t<meta name=\"twitter:data1\" content=\"VmuzejAspira\" \/>\n\t<meta name=\"twitter:label2\" content=\"Est. reading time\" \/>\n\t<meta name=\"twitter:data2\" content=\"4 minutes\" \/>\n<script type=\"application\/ld+json\" class=\"yoast-schema-graph\">{\"@context\":\"https:\/\/schema.org\",\"@graph\":[{\"@type\":\"WebPage\",\"@id\":\"https:\/\/virtualnimuzej.aspira.hr\/en\/album-of-santa-cruz-de-la-sierra\/\",\"url\":\"https:\/\/virtualnimuzej.aspira.hr\/en\/album-of-santa-cruz-de-la-sierra\/\",\"name\":\"Album of Santa Cruz de la Sierra - Aspira Virtualni Muzej iseljeni\u0161tva Dalmacije\",\"isPartOf\":{\"@id\":\"https:\/\/virtualnimuzej.aspira.hr\/#website\"},\"datePublished\":\"2022-08-29T16:34:40+00:00\",\"dateModified\":\"2022-08-29T17:48:41+00:00\",\"author\":{\"@id\":\"https:\/\/virtualnimuzej.aspira.hr\/#\/schema\/person\/8b28048370e78968988c04d6f1ba104d\"},\"breadcrumb\":{\"@id\":\"https:\/\/virtualnimuzej.aspira.hr\/en\/album-of-santa-cruz-de-la-sierra\/#breadcrumb\"},\"inLanguage\":\"en-US\",\"potentialAction\":[{\"@type\":\"ReadAction\",\"target\":[\"https:\/\/virtualnimuzej.aspira.hr\/en\/album-of-santa-cruz-de-la-sierra\/\"]}]},{\"@type\":\"BreadcrumbList\",\"@id\":\"https:\/\/virtualnimuzej.aspira.hr\/en\/album-of-santa-cruz-de-la-sierra\/#breadcrumb\",\"itemListElement\":[{\"@type\":\"ListItem\",\"position\":1,\"name\":\"Naslovna\",\"item\":\"https:\/\/virtualnimuzej.aspira.hr\/en\/\"},{\"@type\":\"ListItem\",\"position\":2,\"name\":\"Album of Santa Cruz de la Sierra\"}]},{\"@type\":\"WebSite\",\"@id\":\"https:\/\/virtualnimuzej.aspira.hr\/#website\",\"url\":\"https:\/\/virtualnimuzej.aspira.hr\/\",\"name\":\"Aspira Virtualni Muzej iseljeni\u0161tva Dalmacije\",\"description\":\"Muzej iseljeni\u0161tva je zami\u0161ljen kao mjesto skupljanja i prezentacije gra\u0111e o hrvatskom iseljeni\u0161tvu i povijesti iseljavanja koja nikada nije bila dovoljno istra\u017eena.\",\"potentialAction\":[{\"@type\":\"SearchAction\",\"target\":{\"@type\":\"EntryPoint\",\"urlTemplate\":\"https:\/\/virtualnimuzej.aspira.hr\/?s={search_term_string}\"},\"query-input\":\"required name=search_term_string\"}],\"inLanguage\":\"en-US\"},{\"@type\":\"Person\",\"@id\":\"https:\/\/virtualnimuzej.aspira.hr\/#\/schema\/person\/8b28048370e78968988c04d6f1ba104d\",\"name\":\"VmuzejAspira\",\"image\":{\"@type\":\"ImageObject\",\"inLanguage\":\"en-US\",\"@id\":\"https:\/\/virtualnimuzej.aspira.hr\/#\/schema\/person\/image\/\",\"url\":\"https:\/\/secure.gravatar.com\/avatar\/cfa7124a34eec5233efffe1e8fb23c18bb83abdb6129e8f47c9144109613a228?s=96&d=mm&r=g\",\"contentUrl\":\"https:\/\/secure.gravatar.com\/avatar\/cfa7124a34eec5233efffe1e8fb23c18bb83abdb6129e8f47c9144109613a228?s=96&d=mm&r=g\",\"caption\":\"VmuzejAspira\"},\"sameAs\":[\"http:\/\/virtualnimuzej.aspira.hr\"],\"url\":\"https:\/\/virtualnimuzej.aspira.hr\/en\/author\/vmuzejaspira\/\"}]}<\/script>\n<!-- \/ Yoast SEO plugin. -->","yoast_head_json":{"title":"Album of Santa Cruz de la Sierra - Aspira Virtualni Muzej iseljeni\u0161tva Dalmacije","robots":{"index":"index","follow":"follow","max-snippet":"max-snippet:-1","max-image-preview":"max-image-preview:large","max-video-preview":"max-video-preview:-1"},"canonical":"https:\/\/virtualnimuzej.aspira.hr\/en\/album-of-santa-cruz-de-la-sierra\/","og_locale":"en_US","og_type":"article","og_title":"Album of Santa Cruz de la Sierra - Aspira Virtualni Muzej iseljeni\u0161tva Dalmacije","og_description":"Croatian community in Santa Cruz is very active. They like to learn Croatian and they have a great teacher: Snjezana Dedic Conchi (the 4th from the left in the first [&hellip;]","og_url":"https:\/\/virtualnimuzej.aspira.hr\/en\/album-of-santa-cruz-de-la-sierra\/","og_site_name":"Aspira Virtualni Muzej iseljeni\u0161tva Dalmacije","article_published_time":"2022-08-29T16:34:40+00:00","article_modified_time":"2022-08-29T17:48:41+00:00","og_image":[{"width":800,"height":449,"url":"https:\/\/virtualnimuzej.aspira.hr\/wp-content\/uploads\/2022\/08\/ovako-su-me-docekali-u-zracnoj-luci.jpg","type":"image\/jpeg"}],"author":"VmuzejAspira","twitter_card":"summary_large_image","twitter_misc":{"Written by":"VmuzejAspira","Est. reading time":"4 minutes"},"schema":{"@context":"https:\/\/schema.org","@graph":[{"@type":"WebPage","@id":"https:\/\/virtualnimuzej.aspira.hr\/en\/album-of-santa-cruz-de-la-sierra\/","url":"https:\/\/virtualnimuzej.aspira.hr\/en\/album-of-santa-cruz-de-la-sierra\/","name":"Album of Santa Cruz de la Sierra - Aspira Virtualni Muzej iseljeni\u0161tva Dalmacije","isPartOf":{"@id":"https:\/\/virtualnimuzej.aspira.hr\/#website"},"datePublished":"2022-08-29T16:34:40+00:00","dateModified":"2022-08-29T17:48:41+00:00","author":{"@id":"https:\/\/virtualnimuzej.aspira.hr\/#\/schema\/person\/8b28048370e78968988c04d6f1ba104d"},"breadcrumb":{"@id":"https:\/\/virtualnimuzej.aspira.hr\/en\/album-of-santa-cruz-de-la-sierra\/#breadcrumb"},"inLanguage":"en-US","potentialAction":[{"@type":"ReadAction","target":["https:\/\/virtualnimuzej.aspira.hr\/en\/album-of-santa-cruz-de-la-sierra\/"]}]},{"@type":"BreadcrumbList","@id":"https:\/\/virtualnimuzej.aspira.hr\/en\/album-of-santa-cruz-de-la-sierra\/#breadcrumb","itemListElement":[{"@type":"ListItem","position":1,"name":"Naslovna","item":"https:\/\/virtualnimuzej.aspira.hr\/en\/"},{"@type":"ListItem","position":2,"name":"Album of Santa Cruz de la Sierra"}]},{"@type":"WebSite","@id":"https:\/\/virtualnimuzej.aspira.hr\/#website","url":"https:\/\/virtualnimuzej.aspira.hr\/","name":"Aspira Virtualni Muzej iseljeni\u0161tva Dalmacije","description":"Muzej iseljeni\u0161tva je zami\u0161ljen kao mjesto skupljanja i prezentacije gra\u0111e o hrvatskom iseljeni\u0161tvu i povijesti iseljavanja koja nikada nije bila dovoljno istra\u017eena.","potentialAction":[{"@type":"SearchAction","target":{"@type":"EntryPoint","urlTemplate":"https:\/\/virtualnimuzej.aspira.hr\/?s={search_term_string}"},"query-input":"required name=search_term_string"}],"inLanguage":"en-US"},{"@type":"Person","@id":"https:\/\/virtualnimuzej.aspira.hr\/#\/schema\/person\/8b28048370e78968988c04d6f1ba104d","name":"VmuzejAspira","image":{"@type":"ImageObject","inLanguage":"en-US","@id":"https:\/\/virtualnimuzej.aspira.hr\/#\/schema\/person\/image\/","url":"https:\/\/secure.gravatar.com\/avatar\/cfa7124a34eec5233efffe1e8fb23c18bb83abdb6129e8f47c9144109613a228?s=96&d=mm&r=g","contentUrl":"https:\/\/secure.gravatar.com\/avatar\/cfa7124a34eec5233efffe1e8fb23c18bb83abdb6129e8f47c9144109613a228?s=96&d=mm&r=g","caption":"VmuzejAspira"},"sameAs":["http:\/\/virtualnimuzej.aspira.hr"],"url":"https:\/\/virtualnimuzej.aspira.hr\/en\/author\/vmuzejaspira\/"}]}},"_links":{"self":[{"href":"https:\/\/virtualnimuzej.aspira.hr\/en\/wp-json\/wp\/v2\/posts\/3025","targetHints":{"allow":["GET"]}}],"collection":[{"href":"https:\/\/virtualnimuzej.aspira.hr\/en\/wp-json\/wp\/v2\/posts"}],"about":[{"href":"https:\/\/virtualnimuzej.aspira.hr\/en\/wp-json\/wp\/v2\/types\/post"}],"author":[{"embeddable":true,"href":"https:\/\/virtualnimuzej.aspira.hr\/en\/wp-json\/wp\/v2\/users\/1"}],"replies":[{"embeddable":true,"href":"https:\/\/virtualnimuzej.aspira.hr\/en\/wp-json\/wp\/v2\/comments?post=3025"}],"version-history":[{"count":5,"href":"https:\/\/virtualnimuzej.aspira.hr\/en\/wp-json\/wp\/v2\/posts\/3025\/revisions"}],"predecessor-version":[{"id":3089,"href":"https:\/\/virtualnimuzej.aspira.hr\/en\/wp-json\/wp\/v2\/posts\/3025\/revisions\/3089"}],"wp:featuredmedia":[{"embeddable":true,"href":"https:\/\/virtualnimuzej.aspira.hr\/en\/wp-json\/wp\/v2\/media\/3078"}],"wp:attachment":[{"href":"https:\/\/virtualnimuzej.aspira.hr\/en\/wp-json\/wp\/v2\/media?parent=3025"}],"wp:term":[{"taxonomy":"category","embeddable":true,"href":"https:\/\/virtualnimuzej.aspira.hr\/en\/wp-json\/wp\/v2\/categories?post=3025"},{"taxonomy":"post_tag","embeddable":true,"href":"https:\/\/virtualnimuzej.aspira.hr\/en\/wp-json\/wp\/v2\/tags?post=3025"}],"curies":[{"name":"wp","href":"https:\/\/api.w.org\/{rel}","templated":true}]}}