{"id":3239,"date":"2022-09-05T17:48:40","date_gmt":"2022-09-05T15:48:40","guid":{"rendered":"https:\/\/virtualnimuzej.aspira.hr\/?p=3239"},"modified":"2022-09-05T22:08:30","modified_gmt":"2022-09-05T20:08:30","slug":"the-story-of-david-boskovic-from-san-jeronimo-del-sauce-santa-fe","status":"publish","type":"post","link":"https:\/\/virtualnimuzej.aspira.hr\/en\/the-story-of-david-boskovic-from-san-jeronimo-del-sauce-santa-fe\/","title":{"rendered":"The Story of David Bo\u0161kovi\u0107 from San Jeronimo del Sauce, Santa Fe"},"content":{"rendered":"<p>Pedro Jos\u00e9 Boskovic (Petar Josip Boskovic), was born in Selca, Island of Brac, Yugoslavia on September 14, 1906. Son of Mateo Boskovic (Palalela) and Catalina Vukovic, farmers by profession. Due to the disease of the vines they lost everything so his father decides to send him somewhere to look for better future in 1928. Everything indicates that he arrived in Argentina in 1929, after passing through France, on the ship \u2018\u2019Lutetia\u2019\u2019 that departed from the port of Bordeaux.<\/p>\n<p>&nbsp;<\/p>\n<p><img decoding=\"async\" class=\"alignnone wp-image-3204\" src=\"https:\/\/virtualnimuzej.aspira.hr\/wp-content\/uploads\/2022\/09\/Familia-Selca-1929-3-300x214.jpg\" alt=\"\" width=\"416\" height=\"297\" srcset=\"https:\/\/virtualnimuzej.aspira.hr\/wp-content\/uploads\/2022\/09\/Familia-Selca-1929-3-200x143.jpg 200w, https:\/\/virtualnimuzej.aspira.hr\/wp-content\/uploads\/2022\/09\/Familia-Selca-1929-3-300x214.jpg 300w, https:\/\/virtualnimuzej.aspira.hr\/wp-content\/uploads\/2022\/09\/Familia-Selca-1929-3-400x285.jpg 400w, https:\/\/virtualnimuzej.aspira.hr\/wp-content\/uploads\/2022\/09\/Familia-Selca-1929-3-600x428.jpg 600w, https:\/\/virtualnimuzej.aspira.hr\/wp-content\/uploads\/2022\/09\/Familia-Selca-1929-3-768x547.jpg 768w, https:\/\/virtualnimuzej.aspira.hr\/wp-content\/uploads\/2022\/09\/Familia-Selca-1929-3.jpg 800w\" sizes=\"(max-width: 416px) 100vw, 416px\" \/>\u00a0 \u00a0 \u00a0 <img decoding=\"async\" class=\"alignnone size-medium wp-image-3207\" src=\"https:\/\/virtualnimuzej.aspira.hr\/wp-content\/uploads\/2022\/09\/118882671_10157882538138195_8730202369716706768_n-3-214x300.jpg\" alt=\"\" width=\"214\" height=\"300\" srcset=\"https:\/\/virtualnimuzej.aspira.hr\/wp-content\/uploads\/2022\/09\/118882671_10157882538138195_8730202369716706768_n-3-200x280.jpg 200w, https:\/\/virtualnimuzej.aspira.hr\/wp-content\/uploads\/2022\/09\/118882671_10157882538138195_8730202369716706768_n-3-214x300.jpg 214w, https:\/\/virtualnimuzej.aspira.hr\/wp-content\/uploads\/2022\/09\/118882671_10157882538138195_8730202369716706768_n-3-400x560.jpg 400w, https:\/\/virtualnimuzej.aspira.hr\/wp-content\/uploads\/2022\/09\/118882671_10157882538138195_8730202369716706768_n-3.jpg 571w\" sizes=\"(max-width: 214px) 100vw, 214px\" \/><\/p>\n<p>Bo\u0161kovi\u0107 Family in Selca in 1929\u00a0 \u00a0 \u00a0 \u00a0 \u00a0 \u00a0 \u00a0 \u00a0 \u00a0 \u00a0 \u00a0 \u00a0 \u00a0 \u00a0 \u00a0 \u00a0 \u00a0 \u00a0 \u00a0 \u00a0 \u00a0 \u00a0 \u00a0 \u00a0 \u00a0 \u00a0 \u00a0 Bepi&#8217;s birth certificate<\/p>\n<p>&nbsp;<\/p>\n<p><img decoding=\"async\" class=\"alignnone size-medium wp-image-3210\" src=\"https:\/\/virtualnimuzej.aspira.hr\/wp-content\/uploads\/2022\/09\/Petar-Boskovic-4-300x120.jpg\" alt=\"\" width=\"300\" height=\"120\" srcset=\"https:\/\/virtualnimuzej.aspira.hr\/wp-content\/uploads\/2022\/09\/Petar-Boskovic-4-200x80.jpg 200w, https:\/\/virtualnimuzej.aspira.hr\/wp-content\/uploads\/2022\/09\/Petar-Boskovic-4-300x120.jpg 300w, https:\/\/virtualnimuzej.aspira.hr\/wp-content\/uploads\/2022\/09\/Petar-Boskovic-4-400x160.jpg 400w, https:\/\/virtualnimuzej.aspira.hr\/wp-content\/uploads\/2022\/09\/Petar-Boskovic-4-600x240.jpg 600w, https:\/\/virtualnimuzej.aspira.hr\/wp-content\/uploads\/2022\/09\/Petar-Boskovic-4-768x307.jpg 768w, https:\/\/virtualnimuzej.aspira.hr\/wp-content\/uploads\/2022\/09\/Petar-Boskovic-4.jpg 800w\" sizes=\"(max-width: 300px) 100vw, 300px\" \/><\/p>\n<p>Passanger&#8217;s list of &#8221;Lutetia&#8221;<\/p>\n<p>&nbsp;<\/p>\n<p>Like all immigrants, without knowing the new language, he started looking for work. What he found was in the field of construction, in companies responsible for building routes. Gathering some money he brought cousin from Selca in 1930 to work with him. His name was also Pedro Boskovic (Jerko Mariner).<\/p>\n<p>&nbsp;<\/p>\n<p><img decoding=\"async\" class=\"alignnone size-medium wp-image-3213\" src=\"https:\/\/virtualnimuzej.aspira.hr\/wp-content\/uploads\/2022\/09\/Bepi-y-Pedro-1-2-207x300.jpg\" alt=\"\" width=\"207\" height=\"300\" srcset=\"https:\/\/virtualnimuzej.aspira.hr\/wp-content\/uploads\/2022\/09\/Bepi-y-Pedro-1-2-200x290.jpg 200w, https:\/\/virtualnimuzej.aspira.hr\/wp-content\/uploads\/2022\/09\/Bepi-y-Pedro-1-2-207x300.jpg 207w, https:\/\/virtualnimuzej.aspira.hr\/wp-content\/uploads\/2022\/09\/Bepi-y-Pedro-1-2-400x581.jpg 400w, https:\/\/virtualnimuzej.aspira.hr\/wp-content\/uploads\/2022\/09\/Bepi-y-Pedro-1-2.jpg 551w\" sizes=\"(max-width: 207px) 100vw, 207px\" \/> Bo\u0161kovi\u0107 cousins: Bepi (on the left) and Pedro<\/p>\n<p>&nbsp;<\/p>\n<p>When the construction of the National Route No. 19 that connects Santa Fe with C\u00f3rdoba began, the cousins \u200b\u200bwere employees. The section that crosses through San Jer\u00f3nimo del Sauce was opened in 1939, from Santa Fe to Sa Pereira the works were in charge of the Pagani company and from there to San Francisco in charge of the Garasino road company. But my grandfather \u201cBepi\u201d fell in love with a local Creole and decided to stay permanently in San Jer\u00f3nimo del Sauce, Province of Santa Fe, where that same year, 1939, his first son, Bernab\u00e9 Mateo, my father, was born.<\/p>\n<p>&nbsp;<\/p>\n<p><img decoding=\"async\" class=\"alignnone size-medium wp-image-3216\" src=\"https:\/\/virtualnimuzej.aspira.hr\/wp-content\/uploads\/2022\/09\/bepo-rosa-i-chungi-2-300x184.jpg\" alt=\"\" width=\"300\" height=\"184\" srcset=\"https:\/\/virtualnimuzej.aspira.hr\/wp-content\/uploads\/2022\/09\/bepo-rosa-i-chungi-2-200x123.jpg 200w, https:\/\/virtualnimuzej.aspira.hr\/wp-content\/uploads\/2022\/09\/bepo-rosa-i-chungi-2-300x184.jpg 300w, https:\/\/virtualnimuzej.aspira.hr\/wp-content\/uploads\/2022\/09\/bepo-rosa-i-chungi-2-400x246.jpg 400w, https:\/\/virtualnimuzej.aspira.hr\/wp-content\/uploads\/2022\/09\/bepo-rosa-i-chungi-2-600x368.jpg 600w, https:\/\/virtualnimuzej.aspira.hr\/wp-content\/uploads\/2022\/09\/bepo-rosa-i-chungi-2-768x471.jpg 768w, https:\/\/virtualnimuzej.aspira.hr\/wp-content\/uploads\/2022\/09\/bepo-rosa-i-chungi-2.jpg 800w\" sizes=\"(max-width: 300px) 100vw, 300px\" \/><\/p>\n<p>Bepi and Rosa with their first born<\/p>\n<p>&nbsp;<\/p>\n<p>The book III Roots of San Jer\u00f3nimo del Sauce, by Lance and Pedroni, says: \u201cTwo Yugoslavs stayed after the work was finished, such is the case of the cousins \u200b\u200bPedro and Pedro Jos\u00e9 Boscovich who opened a bar in front of the Plaza del Sauce. Then they bought a truck with which they carried out freight. Later they acquired another, precisely with which they made the first crossing of the Santo Tom\u00e9-Santa Fe Highway Bridge, under the command of Pedro Boscovich. According to \u201cChurriente\u201d Welchen from San Jer\u00f3nimo Norte, the truck was moved forward and stopped every fifty meters, so that the engineers could carry out the resistance calculations. The mentioned truck was heading to Entre R\u00edos with a load of bones, but I willingly participated in such maneuvers. These Yugoslavs formed their own families, and without forgetting their homeland, they learned to love, respect and love ours, which gave them the opportunity to work and to see their children and grandchildren grow up in peace.\u201d<\/p>\n<p>The highway bridge was inaugurated in 1939 with the assistance of the President of Argentina, Agust\u00edn P. Justo.<\/p>\n<p>Later they sold the trucks and each one dedicated himself to other jobs. Bepi continued working at the town&#8217;s Fuel Station. The Argentine poet Jos\u00e9 Pedroni called it \u2018\u2019La Bella del Sauce\u2019\u2019 for being one of the most modern in the province. My grandfather worked the land too, until he retired. Bepi, as she was affectionately called, had eight children, (three boys and five girls) there are currently four deceased, three live in my home town and another in Ca\u00f1ada de G\u00f3mez. Many grandchildren are the current preservers of the Boskovic surname. They are all common people, working and have their families on the same path. Bepi lived to give them the best and that they be good people, he did not care about material things, he always relied on the strength of his family, he died in 1989 when he was 83 years old.<\/p>\n<p>&nbsp;<\/p>\n<p><img decoding=\"async\" class=\"alignnone size-medium wp-image-3219\" src=\"https:\/\/virtualnimuzej.aspira.hr\/wp-content\/uploads\/2022\/09\/118780602_10157882538008195_7235255234198673596_n-2-120x300.jpg\" alt=\"\" width=\"120\" height=\"300\" srcset=\"https:\/\/virtualnimuzej.aspira.hr\/wp-content\/uploads\/2022\/09\/118780602_10157882538008195_7235255234198673596_n-2-120x300.jpg 120w, https:\/\/virtualnimuzej.aspira.hr\/wp-content\/uploads\/2022\/09\/118780602_10157882538008195_7235255234198673596_n-2-200x502.jpg 200w, https:\/\/virtualnimuzej.aspira.hr\/wp-content\/uploads\/2022\/09\/118780602_10157882538008195_7235255234198673596_n-2.jpg 305w\" sizes=\"(max-width: 120px) 100vw, 120px\" \/>\u00a0 \u00a0 <img decoding=\"async\" class=\"alignnone wp-image-3222\" src=\"https:\/\/virtualnimuzej.aspira.hr\/wp-content\/uploads\/2022\/09\/Bepi-camion-1-2-300x182.jpg\" alt=\"\" width=\"493\" height=\"299\" srcset=\"https:\/\/virtualnimuzej.aspira.hr\/wp-content\/uploads\/2022\/09\/Bepi-camion-1-2-200x121.jpg 200w, https:\/\/virtualnimuzej.aspira.hr\/wp-content\/uploads\/2022\/09\/Bepi-camion-1-2-300x182.jpg 300w, https:\/\/virtualnimuzej.aspira.hr\/wp-content\/uploads\/2022\/09\/Bepi-camion-1-2-400x242.jpg 400w, https:\/\/virtualnimuzej.aspira.hr\/wp-content\/uploads\/2022\/09\/Bepi-camion-1-2-600x363.jpg 600w, https:\/\/virtualnimuzej.aspira.hr\/wp-content\/uploads\/2022\/09\/Bepi-camion-1-2-768x465.jpg 768w, https:\/\/virtualnimuzej.aspira.hr\/wp-content\/uploads\/2022\/09\/Bepi-camion-1-2.jpg 800w\" sizes=\"(max-width: 493px) 100vw, 493px\" \/><\/p>\n<p>Bepi at the Gas station and in front of his truck playing violin<\/p>\n<p>&nbsp;<\/p>\n<p>He didn&#8217;t talk much about his past and his land, he only wrote to one of his sisters named Karmela, married to Stancic who lived in Sarajevo, at the end of his life he received letters that he had a hard time reading, I&#8217;ll never know why he didn&#8217;t contact the other sisters (she had three more), her children were never able to find out about her roots and all kinds of documentation was lost. (Passport\/letters\/etc.).<\/p>\n<p>All the children were noted Boscovich, one of the many changes that were put on when immigrants entered. After my research and collection of documentation I was able to correct and change my last name to be like the original of grandfather Bepi and be Boskovic. I am proud of my grandfather and hopefully one day I can meet Selca.<\/p>\n<p>&nbsp;<\/p>\n<p><img decoding=\"async\" class=\"alignnone size-medium wp-image-3225\" src=\"https:\/\/virtualnimuzej.aspira.hr\/wp-content\/uploads\/2022\/09\/Bepi-y-yo-1-1-221x300.jpg\" alt=\"\" width=\"221\" height=\"300\" srcset=\"https:\/\/virtualnimuzej.aspira.hr\/wp-content\/uploads\/2022\/09\/Bepi-y-yo-1-1-200x271.jpg 200w, https:\/\/virtualnimuzej.aspira.hr\/wp-content\/uploads\/2022\/09\/Bepi-y-yo-1-1-221x300.jpg 221w, https:\/\/virtualnimuzej.aspira.hr\/wp-content\/uploads\/2022\/09\/Bepi-y-yo-1-1-400x542.jpg 400w, https:\/\/virtualnimuzej.aspira.hr\/wp-content\/uploads\/2022\/09\/Bepi-y-yo-1-1.jpg 590w\" sizes=\"(max-width: 221px) 100vw, 221px\" \/>\u00a0 \u00a0 \u00a0 \u00a0 \u00a0 \u00a0 \u00a0 \u00a0<img decoding=\"async\" class=\"alignnone size-medium wp-image-3191\" src=\"https:\/\/virtualnimuzej.aspira.hr\/wp-content\/uploads\/2022\/09\/Revista-Oblutak-2-210x300.jpg\" alt=\"\" width=\"210\" height=\"300\" srcset=\"https:\/\/virtualnimuzej.aspira.hr\/wp-content\/uploads\/2022\/09\/Revista-Oblutak-2-200x285.jpg 200w, https:\/\/virtualnimuzej.aspira.hr\/wp-content\/uploads\/2022\/09\/Revista-Oblutak-2-210x300.jpg 210w, https:\/\/virtualnimuzej.aspira.hr\/wp-content\/uploads\/2022\/09\/Revista-Oblutak-2-400x571.jpg 400w, https:\/\/virtualnimuzej.aspira.hr\/wp-content\/uploads\/2022\/09\/Revista-Oblutak-2-600x856.jpg 600w, https:\/\/virtualnimuzej.aspira.hr\/wp-content\/uploads\/2022\/09\/Revista-Oblutak-2-718x1024.jpg 718w, https:\/\/virtualnimuzej.aspira.hr\/wp-content\/uploads\/2022\/09\/Revista-Oblutak-2-768x1096.jpg 768w, https:\/\/virtualnimuzej.aspira.hr\/wp-content\/uploads\/2022\/09\/Revista-Oblutak-2-800x1141.jpg 800w, https:\/\/virtualnimuzej.aspira.hr\/wp-content\/uploads\/2022\/09\/Revista-Oblutak-2-1077x1536.jpg 1077w, https:\/\/virtualnimuzej.aspira.hr\/wp-content\/uploads\/2022\/09\/Revista-Oblutak-2-1200x1712.jpg 1200w, https:\/\/virtualnimuzej.aspira.hr\/wp-content\/uploads\/2022\/09\/Revista-Oblutak-2-1435x2048.jpg 1435w, https:\/\/virtualnimuzej.aspira.hr\/wp-content\/uploads\/2022\/09\/Revista-Oblutak-2.jpg 1474w\" sizes=\"(max-width: 210px) 100vw, 210px\" \/><\/p>\n<p>Bepi with his grandson David\u00a0 \u00a0 \u00a0 \u00a0 \u00a0 \u00a0 \u00a0 \u00a0 \u00a0 \u00a0David in &#8221;Oblutak&#8221; the magazine from Split, Croatia<\/p>\n<p>&nbsp;<\/p>\n<p><img decoding=\"async\" class=\"alignnone size-medium wp-image-3194\" src=\"https:\/\/virtualnimuzej.aspira.hr\/wp-content\/uploads\/2022\/09\/David-i-Vanina-2008.-godine-1-224x300.jpg\" alt=\"\" width=\"224\" height=\"300\" srcset=\"https:\/\/virtualnimuzej.aspira.hr\/wp-content\/uploads\/2022\/09\/David-i-Vanina-2008.-godine-1-200x268.jpg 200w, https:\/\/virtualnimuzej.aspira.hr\/wp-content\/uploads\/2022\/09\/David-i-Vanina-2008.-godine-1-224x300.jpg 224w, https:\/\/virtualnimuzej.aspira.hr\/wp-content\/uploads\/2022\/09\/David-i-Vanina-2008.-godine-1-400x535.jpg 400w, https:\/\/virtualnimuzej.aspira.hr\/wp-content\/uploads\/2022\/09\/David-i-Vanina-2008.-godine-1.jpg 598w\" sizes=\"(max-width: 224px) 100vw, 224px\" \/>\u00a0 \u00a0 \u00a0 \u00a0 \u00a0 \u00a0 <img decoding=\"async\" class=\"alignnone size-medium wp-image-3197\" src=\"https:\/\/virtualnimuzej.aspira.hr\/wp-content\/uploads\/2022\/09\/20220815_172216-1-1-225x300.jpg\" alt=\"\" width=\"225\" height=\"300\" srcset=\"https:\/\/virtualnimuzej.aspira.hr\/wp-content\/uploads\/2022\/09\/20220815_172216-1-1-200x267.jpg 200w, https:\/\/virtualnimuzej.aspira.hr\/wp-content\/uploads\/2022\/09\/20220815_172216-1-1-225x300.jpg 225w, https:\/\/virtualnimuzej.aspira.hr\/wp-content\/uploads\/2022\/09\/20220815_172216-1-1-400x533.jpg 400w, https:\/\/virtualnimuzej.aspira.hr\/wp-content\/uploads\/2022\/09\/20220815_172216-1-1.jpg 600w\" sizes=\"(max-width: 225px) 100vw, 225px\" \/><\/p>\n<p>David and Vanina at their wedding\u00a0 \u00a0 \u00a0 David (now 45) and Vanina with their sons Lucas (10) and<\/p>\n<p>Alex (6)<\/p>\n<p>&nbsp;<\/p>\n<p>Courtesy of: David Boskovic, San Jeronimo del Sauce, Santa Fe, Argentina.<\/p>\n","protected":false},"excerpt":{"rendered":"<p>Pedro Jos\u00e9 Boskovic (Petar Josip Boskovic), was born in Selca, Island of Brac, Yugoslavia on September 14, 1906. Son of Mateo Boskovic (Palalela) and Catalina Vukovic, farmers by profession. Due [&hellip;]<\/p>\n","protected":false},"author":1,"featured_media":3240,"comment_status":"open","ping_status":"open","sticky":false,"template":"","format":"standard","meta":{"footnotes":""},"categories":[47],"tags":[],"class_list":["post-3239","post","type-post","status-publish","format-standard","has-post-thumbnail","hentry","category-argentina-en"],"yoast_head":"<!-- This site is optimized with the Yoast SEO plugin v20.7 - https:\/\/yoast.com\/wordpress\/plugins\/seo\/ -->\n<title>The Story of David Bo\u0161kovi\u0107 from San Jeronimo del Sauce, Santa Fe - Aspira Virtualni Muzej iseljeni\u0161tva Dalmacije<\/title>\n<meta name=\"robots\" content=\"index, follow, max-snippet:-1, max-image-preview:large, max-video-preview:-1\" \/>\n<link rel=\"canonical\" href=\"https:\/\/virtualnimuzej.aspira.hr\/en\/the-story-of-david-boskovic-from-san-jeronimo-del-sauce-santa-fe\/\" \/>\n<meta property=\"og:locale\" content=\"en_US\" \/>\n<meta property=\"og:type\" content=\"article\" \/>\n<meta property=\"og:title\" content=\"The Story of David Bo\u0161kovi\u0107 from San Jeronimo del Sauce, Santa Fe - Aspira Virtualni Muzej iseljeni\u0161tva Dalmacije\" \/>\n<meta property=\"og:description\" content=\"Pedro Jos\u00e9 Boskovic (Petar Josip Boskovic), was born in Selca, Island of Brac, Yugoslavia on September 14, 1906. Son of Mateo Boskovic (Palalela) and Catalina Vukovic, farmers by profession. Due [&hellip;]\" \/>\n<meta property=\"og:url\" content=\"https:\/\/virtualnimuzej.aspira.hr\/en\/the-story-of-david-boskovic-from-san-jeronimo-del-sauce-santa-fe\/\" \/>\n<meta property=\"og:site_name\" content=\"Aspira Virtualni Muzej iseljeni\u0161tva Dalmacije\" \/>\n<meta property=\"article:published_time\" content=\"2022-09-05T15:48:40+00:00\" \/>\n<meta property=\"article:modified_time\" content=\"2022-09-05T20:08:30+00:00\" \/>\n<meta property=\"og:image\" content=\"https:\/\/virtualnimuzej.aspira.hr\/wp-content\/uploads\/2022\/09\/download-2.jpg\" \/>\n\t<meta property=\"og:image:width\" content=\"400\" \/>\n\t<meta property=\"og:image:height\" content=\"266\" \/>\n\t<meta property=\"og:image:type\" content=\"image\/jpeg\" \/>\n<meta name=\"author\" content=\"VmuzejAspira\" \/>\n<meta name=\"twitter:card\" content=\"summary_large_image\" \/>\n<meta name=\"twitter:label1\" content=\"Written by\" \/>\n\t<meta name=\"twitter:data1\" content=\"VmuzejAspira\" \/>\n\t<meta name=\"twitter:label2\" content=\"Est. reading time\" \/>\n\t<meta name=\"twitter:data2\" content=\"7 minutes\" \/>\n<script type=\"application\/ld+json\" class=\"yoast-schema-graph\">{\"@context\":\"https:\/\/schema.org\",\"@graph\":[{\"@type\":\"WebPage\",\"@id\":\"https:\/\/virtualnimuzej.aspira.hr\/en\/the-story-of-david-boskovic-from-san-jeronimo-del-sauce-santa-fe\/\",\"url\":\"https:\/\/virtualnimuzej.aspira.hr\/en\/the-story-of-david-boskovic-from-san-jeronimo-del-sauce-santa-fe\/\",\"name\":\"The Story of David Bo\u0161kovi\u0107 from San Jeronimo del Sauce, Santa Fe - Aspira Virtualni Muzej iseljeni\u0161tva Dalmacije\",\"isPartOf\":{\"@id\":\"https:\/\/virtualnimuzej.aspira.hr\/#website\"},\"datePublished\":\"2022-09-05T15:48:40+00:00\",\"dateModified\":\"2022-09-05T20:08:30+00:00\",\"author\":{\"@id\":\"https:\/\/virtualnimuzej.aspira.hr\/#\/schema\/person\/8b28048370e78968988c04d6f1ba104d\"},\"breadcrumb\":{\"@id\":\"https:\/\/virtualnimuzej.aspira.hr\/en\/the-story-of-david-boskovic-from-san-jeronimo-del-sauce-santa-fe\/#breadcrumb\"},\"inLanguage\":\"en-US\",\"potentialAction\":[{\"@type\":\"ReadAction\",\"target\":[\"https:\/\/virtualnimuzej.aspira.hr\/en\/the-story-of-david-boskovic-from-san-jeronimo-del-sauce-santa-fe\/\"]}]},{\"@type\":\"BreadcrumbList\",\"@id\":\"https:\/\/virtualnimuzej.aspira.hr\/en\/the-story-of-david-boskovic-from-san-jeronimo-del-sauce-santa-fe\/#breadcrumb\",\"itemListElement\":[{\"@type\":\"ListItem\",\"position\":1,\"name\":\"Naslovna\",\"item\":\"https:\/\/virtualnimuzej.aspira.hr\/en\/\"},{\"@type\":\"ListItem\",\"position\":2,\"name\":\"The Story of David Bo\u0161kovi\u0107 from San Jeronimo del Sauce, Santa Fe\"}]},{\"@type\":\"WebSite\",\"@id\":\"https:\/\/virtualnimuzej.aspira.hr\/#website\",\"url\":\"https:\/\/virtualnimuzej.aspira.hr\/\",\"name\":\"Aspira Virtualni Muzej iseljeni\u0161tva Dalmacije\",\"description\":\"Muzej iseljeni\u0161tva je zami\u0161ljen kao mjesto skupljanja i prezentacije gra\u0111e o hrvatskom iseljeni\u0161tvu i povijesti iseljavanja koja nikada nije bila dovoljno istra\u017eena.\",\"potentialAction\":[{\"@type\":\"SearchAction\",\"target\":{\"@type\":\"EntryPoint\",\"urlTemplate\":\"https:\/\/virtualnimuzej.aspira.hr\/?s={search_term_string}\"},\"query-input\":\"required name=search_term_string\"}],\"inLanguage\":\"en-US\"},{\"@type\":\"Person\",\"@id\":\"https:\/\/virtualnimuzej.aspira.hr\/#\/schema\/person\/8b28048370e78968988c04d6f1ba104d\",\"name\":\"VmuzejAspira\",\"image\":{\"@type\":\"ImageObject\",\"inLanguage\":\"en-US\",\"@id\":\"https:\/\/virtualnimuzej.aspira.hr\/#\/schema\/person\/image\/\",\"url\":\"https:\/\/secure.gravatar.com\/avatar\/cfa7124a34eec5233efffe1e8fb23c18bb83abdb6129e8f47c9144109613a228?s=96&d=mm&r=g\",\"contentUrl\":\"https:\/\/secure.gravatar.com\/avatar\/cfa7124a34eec5233efffe1e8fb23c18bb83abdb6129e8f47c9144109613a228?s=96&d=mm&r=g\",\"caption\":\"VmuzejAspira\"},\"sameAs\":[\"http:\/\/virtualnimuzej.aspira.hr\"],\"url\":\"https:\/\/virtualnimuzej.aspira.hr\/en\/author\/vmuzejaspira\/\"}]}<\/script>\n<!-- \/ Yoast SEO plugin. -->","yoast_head_json":{"title":"The Story of David Bo\u0161kovi\u0107 from San Jeronimo del Sauce, Santa Fe - Aspira Virtualni Muzej iseljeni\u0161tva Dalmacije","robots":{"index":"index","follow":"follow","max-snippet":"max-snippet:-1","max-image-preview":"max-image-preview:large","max-video-preview":"max-video-preview:-1"},"canonical":"https:\/\/virtualnimuzej.aspira.hr\/en\/the-story-of-david-boskovic-from-san-jeronimo-del-sauce-santa-fe\/","og_locale":"en_US","og_type":"article","og_title":"The Story of David Bo\u0161kovi\u0107 from San Jeronimo del Sauce, Santa Fe - Aspira Virtualni Muzej iseljeni\u0161tva Dalmacije","og_description":"Pedro Jos\u00e9 Boskovic (Petar Josip Boskovic), was born in Selca, Island of Brac, Yugoslavia on September 14, 1906. Son of Mateo Boskovic (Palalela) and Catalina Vukovic, farmers by profession. Due [&hellip;]","og_url":"https:\/\/virtualnimuzej.aspira.hr\/en\/the-story-of-david-boskovic-from-san-jeronimo-del-sauce-santa-fe\/","og_site_name":"Aspira Virtualni Muzej iseljeni\u0161tva Dalmacije","article_published_time":"2022-09-05T15:48:40+00:00","article_modified_time":"2022-09-05T20:08:30+00:00","og_image":[{"width":400,"height":266,"url":"https:\/\/virtualnimuzej.aspira.hr\/wp-content\/uploads\/2022\/09\/download-2.jpg","type":"image\/jpeg"}],"author":"VmuzejAspira","twitter_card":"summary_large_image","twitter_misc":{"Written by":"VmuzejAspira","Est. reading time":"7 minutes"},"schema":{"@context":"https:\/\/schema.org","@graph":[{"@type":"WebPage","@id":"https:\/\/virtualnimuzej.aspira.hr\/en\/the-story-of-david-boskovic-from-san-jeronimo-del-sauce-santa-fe\/","url":"https:\/\/virtualnimuzej.aspira.hr\/en\/the-story-of-david-boskovic-from-san-jeronimo-del-sauce-santa-fe\/","name":"The Story of David Bo\u0161kovi\u0107 from San Jeronimo del Sauce, Santa Fe - Aspira Virtualni Muzej iseljeni\u0161tva Dalmacije","isPartOf":{"@id":"https:\/\/virtualnimuzej.aspira.hr\/#website"},"datePublished":"2022-09-05T15:48:40+00:00","dateModified":"2022-09-05T20:08:30+00:00","author":{"@id":"https:\/\/virtualnimuzej.aspira.hr\/#\/schema\/person\/8b28048370e78968988c04d6f1ba104d"},"breadcrumb":{"@id":"https:\/\/virtualnimuzej.aspira.hr\/en\/the-story-of-david-boskovic-from-san-jeronimo-del-sauce-santa-fe\/#breadcrumb"},"inLanguage":"en-US","potentialAction":[{"@type":"ReadAction","target":["https:\/\/virtualnimuzej.aspira.hr\/en\/the-story-of-david-boskovic-from-san-jeronimo-del-sauce-santa-fe\/"]}]},{"@type":"BreadcrumbList","@id":"https:\/\/virtualnimuzej.aspira.hr\/en\/the-story-of-david-boskovic-from-san-jeronimo-del-sauce-santa-fe\/#breadcrumb","itemListElement":[{"@type":"ListItem","position":1,"name":"Naslovna","item":"https:\/\/virtualnimuzej.aspira.hr\/en\/"},{"@type":"ListItem","position":2,"name":"The Story of David Bo\u0161kovi\u0107 from San Jeronimo del Sauce, Santa Fe"}]},{"@type":"WebSite","@id":"https:\/\/virtualnimuzej.aspira.hr\/#website","url":"https:\/\/virtualnimuzej.aspira.hr\/","name":"Aspira Virtualni Muzej iseljeni\u0161tva Dalmacije","description":"Muzej iseljeni\u0161tva je zami\u0161ljen kao mjesto skupljanja i prezentacije gra\u0111e o hrvatskom iseljeni\u0161tvu i povijesti iseljavanja koja nikada nije bila dovoljno istra\u017eena.","potentialAction":[{"@type":"SearchAction","target":{"@type":"EntryPoint","urlTemplate":"https:\/\/virtualnimuzej.aspira.hr\/?s={search_term_string}"},"query-input":"required name=search_term_string"}],"inLanguage":"en-US"},{"@type":"Person","@id":"https:\/\/virtualnimuzej.aspira.hr\/#\/schema\/person\/8b28048370e78968988c04d6f1ba104d","name":"VmuzejAspira","image":{"@type":"ImageObject","inLanguage":"en-US","@id":"https:\/\/virtualnimuzej.aspira.hr\/#\/schema\/person\/image\/","url":"https:\/\/secure.gravatar.com\/avatar\/cfa7124a34eec5233efffe1e8fb23c18bb83abdb6129e8f47c9144109613a228?s=96&d=mm&r=g","contentUrl":"https:\/\/secure.gravatar.com\/avatar\/cfa7124a34eec5233efffe1e8fb23c18bb83abdb6129e8f47c9144109613a228?s=96&d=mm&r=g","caption":"VmuzejAspira"},"sameAs":["http:\/\/virtualnimuzej.aspira.hr"],"url":"https:\/\/virtualnimuzej.aspira.hr\/en\/author\/vmuzejaspira\/"}]}},"_links":{"self":[{"href":"https:\/\/virtualnimuzej.aspira.hr\/en\/wp-json\/wp\/v2\/posts\/3239","targetHints":{"allow":["GET"]}}],"collection":[{"href":"https:\/\/virtualnimuzej.aspira.hr\/en\/wp-json\/wp\/v2\/posts"}],"about":[{"href":"https:\/\/virtualnimuzej.aspira.hr\/en\/wp-json\/wp\/v2\/types\/post"}],"author":[{"embeddable":true,"href":"https:\/\/virtualnimuzej.aspira.hr\/en\/wp-json\/wp\/v2\/users\/1"}],"replies":[{"embeddable":true,"href":"https:\/\/virtualnimuzej.aspira.hr\/en\/wp-json\/wp\/v2\/comments?post=3239"}],"version-history":[{"count":2,"href":"https:\/\/virtualnimuzej.aspira.hr\/en\/wp-json\/wp\/v2\/posts\/3239\/revisions"}],"predecessor-version":[{"id":3247,"href":"https:\/\/virtualnimuzej.aspira.hr\/en\/wp-json\/wp\/v2\/posts\/3239\/revisions\/3247"}],"wp:featuredmedia":[{"embeddable":true,"href":"https:\/\/virtualnimuzej.aspira.hr\/en\/wp-json\/wp\/v2\/media\/3240"}],"wp:attachment":[{"href":"https:\/\/virtualnimuzej.aspira.hr\/en\/wp-json\/wp\/v2\/media?parent=3239"}],"wp:term":[{"taxonomy":"category","embeddable":true,"href":"https:\/\/virtualnimuzej.aspira.hr\/en\/wp-json\/wp\/v2\/categories?post=3239"},{"taxonomy":"post_tag","embeddable":true,"href":"https:\/\/virtualnimuzej.aspira.hr\/en\/wp-json\/wp\/v2\/tags?post=3239"}],"curies":[{"name":"wp","href":"https:\/\/api.w.org\/{rel}","templated":true}]}}