{"id":3309,"date":"2022-09-09T19:35:00","date_gmt":"2022-09-09T17:35:00","guid":{"rendered":"https:\/\/virtualnimuzej.aspira.hr\/?p=3309"},"modified":"2022-09-09T19:35:00","modified_gmt":"2022-09-09T17:35:00","slug":"the-gerkes-grkes-family-from-callao-peru","status":"publish","type":"post","link":"https:\/\/virtualnimuzej.aspira.hr\/en\/the-gerkes-grkes-family-from-callao-peru\/","title":{"rendered":"The Gerkes (Grke\u0161) Family from Callao, Peru"},"content":{"rendered":"<p>&nbsp;<\/p>\n<p style=\"text-align: center;\"><img decoding=\"async\" class=\"alignnone  wp-image-3300\" src=\"https:\/\/virtualnimuzej.aspira.hr\/wp-content\/uploads\/2022\/09\/IMG_4352-2-300x241.jpg\" alt=\"\" width=\"368\" height=\"296\" srcset=\"https:\/\/virtualnimuzej.aspira.hr\/wp-content\/uploads\/2022\/09\/IMG_4352-2-177x142.jpg 177w, https:\/\/virtualnimuzej.aspira.hr\/wp-content\/uploads\/2022\/09\/IMG_4352-2-200x161.jpg 200w, https:\/\/virtualnimuzej.aspira.hr\/wp-content\/uploads\/2022\/09\/IMG_4352-2-300x241.jpg 300w, https:\/\/virtualnimuzej.aspira.hr\/wp-content\/uploads\/2022\/09\/IMG_4352-2-400x322.jpg 400w, https:\/\/virtualnimuzej.aspira.hr\/wp-content\/uploads\/2022\/09\/IMG_4352-2-600x482.jpg 600w, https:\/\/virtualnimuzej.aspira.hr\/wp-content\/uploads\/2022\/09\/IMG_4352-2-768x617.jpg 768w, https:\/\/virtualnimuzej.aspira.hr\/wp-content\/uploads\/2022\/09\/IMG_4352-2.jpg 800w\" sizes=\"(max-width: 368px) 100vw, 368px\" \/><\/p>\n<p style=\"text-align: center;\">Monument in Callao<\/p>\n<p>&nbsp;<\/p>\n<p>My name is Camila Mej\u00eda and I am 23 years old. My migration story begins with my great-grandmother Francisca Gerkes Violich, born in 1902. She was the daughter of Esteban Gerkes and Francisca Violich Mulanovich de Gerkes. They lived in Dubrovnik and he was a merchant seaman, so he made constant trips to South America, reaching North America trading merchandise.<\/p>\n<p>&nbsp;<\/p>\n<p><img decoding=\"async\" class=\"alignnone size-medium wp-image-3303\" src=\"https:\/\/virtualnimuzej.aspira.hr\/wp-content\/uploads\/2022\/09\/Francisca-Violic-i-Esteban-Gerkes-2-230x300.jpg\" alt=\"\" width=\"230\" height=\"300\" srcset=\"https:\/\/virtualnimuzej.aspira.hr\/wp-content\/uploads\/2022\/09\/Francisca-Violic-i-Esteban-Gerkes-2-200x261.jpg 200w, https:\/\/virtualnimuzej.aspira.hr\/wp-content\/uploads\/2022\/09\/Francisca-Violic-i-Esteban-Gerkes-2-230x300.jpg 230w, https:\/\/virtualnimuzej.aspira.hr\/wp-content\/uploads\/2022\/09\/Francisca-Violic-i-Esteban-Gerkes-2-400x522.jpg 400w, https:\/\/virtualnimuzej.aspira.hr\/wp-content\/uploads\/2022\/09\/Francisca-Violic-i-Esteban-Gerkes-2-600x783.jpg 600w, https:\/\/virtualnimuzej.aspira.hr\/wp-content\/uploads\/2022\/09\/Francisca-Violic-i-Esteban-Gerkes-2.jpg 613w\" sizes=\"(max-width: 230px) 100vw, 230px\" \/>\u00a0 Francisca and Esteban<\/p>\n<p>&nbsp;<\/p>\n<p>On one of the trips made, my great-grandmother Frane along with her cousins \u200b\u200bdecide to accompany Esteban Gerkes on one of his journeys to America. In a customs port my great-grandmother Frane meets my great-grandfather Julio Rosasco who worked there. They struck up a friendship and began to date, the communication between them was in Italian, since my great-grandmother spoke Croatian as her native language, Italian and German, and on the other hand my great-grandfather spoke Spanish as a native idiot and Italian since his father was Italian, for which communication was not a barrier for both. They continued to go out and my great-grandmother expressed her wishes to settle in Peru, because my great-grandfather Julio had multiple properties in the port of Callao, Lima, so the ninth Francisca did not hesitate to marry and settle with him in the port of Shut up. However, she asked him to bring with her her family, her mother, her brothers and cousins, to which my great-grandfather Julio did not hesitate for a moment and in the next boat my great-great-grandmother Francisca Violich undertook her trip to America along with other relatives such as the Mulanoviches.<\/p>\n<p>&nbsp;<\/p>\n<p><img decoding=\"async\" class=\"alignnone size-medium wp-image-3306\" src=\"https:\/\/virtualnimuzej.aspira.hr\/wp-content\/uploads\/2022\/09\/Francisca-s-majkom-i-bratom-2-300x173.jpg\" alt=\"\" width=\"300\" height=\"173\" srcset=\"https:\/\/virtualnimuzej.aspira.hr\/wp-content\/uploads\/2022\/09\/Francisca-s-majkom-i-bratom-2-200x115.jpg 200w, https:\/\/virtualnimuzej.aspira.hr\/wp-content\/uploads\/2022\/09\/Francisca-s-majkom-i-bratom-2-300x173.jpg 300w, https:\/\/virtualnimuzej.aspira.hr\/wp-content\/uploads\/2022\/09\/Francisca-s-majkom-i-bratom-2-400x231.jpg 400w, https:\/\/virtualnimuzej.aspira.hr\/wp-content\/uploads\/2022\/09\/Francisca-s-majkom-i-bratom-2-600x346.jpg 600w, https:\/\/virtualnimuzej.aspira.hr\/wp-content\/uploads\/2022\/09\/Francisca-s-majkom-i-bratom-2.jpg 710w\" sizes=\"(max-width: 300px) 100vw, 300px\" \/>\u00a0 \u00a0Francisca with her mother and brother<\/p>\n<p>&nbsp;<\/p>\n<p>&nbsp;<\/p>\n<p>After settling in the port of Callao, my great-grandparents had children, including my grandmother Mirella Sonia Rosasco Gerkes who was raised by her mother in Italian and Croatian along with her brothers and her cousins.<\/p>\n<p>&nbsp;<\/p>\n<p><img decoding=\"async\" class=\"alignnone size-medium wp-image-3290\" src=\"https:\/\/virtualnimuzej.aspira.hr\/wp-content\/uploads\/2022\/09\/Francisca-1-119x300.jpg\" alt=\"\" width=\"119\" height=\"300\" srcset=\"https:\/\/virtualnimuzej.aspira.hr\/wp-content\/uploads\/2022\/09\/Francisca-1-119x300.jpg 119w, https:\/\/virtualnimuzej.aspira.hr\/wp-content\/uploads\/2022\/09\/Francisca-1-200x503.jpg 200w, https:\/\/virtualnimuzej.aspira.hr\/wp-content\/uploads\/2022\/09\/Francisca-1.jpg 318w\" sizes=\"(max-width: 119px) 100vw, 119px\" \/>\u00a0 \u00a0Francisca<\/p>\n<p>&nbsp;<\/p>\n<p>Currently my great-grandparents have already passed away, but the Croatian culture has left us latent, we still maintain communication with our relatives who arrived together with my great-grandmother and we try to pass through our generations the love for our culture and our roots.<\/p>\n<p>Author: Camila Mej\u00eda<\/p>\n<p>&nbsp;<\/p>\n","protected":false},"excerpt":{"rendered":"<p>&nbsp; Monument in Callao &nbsp; My name is Camila Mej\u00eda and I am 23 years old. My migration story begins with my great-grandmother Francisca Gerkes Violich, born in 1902. She [&hellip;]<\/p>\n","protected":false},"author":1,"featured_media":3310,"comment_status":"open","ping_status":"open","sticky":false,"template":"","format":"standard","meta":{"footnotes":""},"categories":[65],"tags":[],"class_list":["post-3309","post","type-post","status-publish","format-standard","has-post-thumbnail","hentry","category-peru-en"],"yoast_head":"<!-- This site is optimized with the Yoast SEO plugin v20.7 - https:\/\/yoast.com\/wordpress\/plugins\/seo\/ -->\n<title>The Gerkes (Grke\u0161) Family from Callao, Peru - Aspira Virtualni Muzej iseljeni\u0161tva Dalmacije<\/title>\n<meta name=\"robots\" content=\"index, follow, max-snippet:-1, max-image-preview:large, max-video-preview:-1\" \/>\n<link rel=\"canonical\" href=\"https:\/\/virtualnimuzej.aspira.hr\/en\/the-gerkes-grkes-family-from-callao-peru\/\" \/>\n<meta property=\"og:locale\" content=\"en_US\" \/>\n<meta property=\"og:type\" content=\"article\" \/>\n<meta property=\"og:title\" content=\"The Gerkes (Grke\u0161) Family from Callao, Peru - Aspira Virtualni Muzej iseljeni\u0161tva Dalmacije\" \/>\n<meta property=\"og:description\" content=\"&nbsp; Monument in Callao &nbsp; My name is Camila Mej\u00eda and I am 23 years old. My migration story begins with my great-grandmother Francisca Gerkes Violich, born in 1902. She [&hellip;]\" \/>\n<meta property=\"og:url\" content=\"https:\/\/virtualnimuzej.aspira.hr\/en\/the-gerkes-grkes-family-from-callao-peru\/\" \/>\n<meta property=\"og:site_name\" content=\"Aspira Virtualni Muzej iseljeni\u0161tva Dalmacije\" \/>\n<meta property=\"article:published_time\" content=\"2022-09-09T17:35:00+00:00\" \/>\n<meta property=\"og:image\" content=\"https:\/\/virtualnimuzej.aspira.hr\/wp-content\/uploads\/2022\/09\/IMG_4726-2.jpg\" \/>\n\t<meta property=\"og:image:width\" content=\"623\" \/>\n\t<meta property=\"og:image:height\" content=\"800\" \/>\n\t<meta property=\"og:image:type\" content=\"image\/jpeg\" \/>\n<meta name=\"author\" content=\"VmuzejAspira\" \/>\n<meta name=\"twitter:card\" content=\"summary_large_image\" \/>\n<meta name=\"twitter:label1\" content=\"Written by\" \/>\n\t<meta name=\"twitter:data1\" content=\"VmuzejAspira\" \/>\n\t<meta name=\"twitter:label2\" content=\"Est. reading time\" \/>\n\t<meta name=\"twitter:data2\" content=\"3 minutes\" \/>\n<script type=\"application\/ld+json\" class=\"yoast-schema-graph\">{\"@context\":\"https:\/\/schema.org\",\"@graph\":[{\"@type\":\"WebPage\",\"@id\":\"https:\/\/virtualnimuzej.aspira.hr\/en\/the-gerkes-grkes-family-from-callao-peru\/\",\"url\":\"https:\/\/virtualnimuzej.aspira.hr\/en\/the-gerkes-grkes-family-from-callao-peru\/\",\"name\":\"The Gerkes (Grke\u0161) Family from Callao, Peru - Aspira Virtualni Muzej iseljeni\u0161tva Dalmacije\",\"isPartOf\":{\"@id\":\"https:\/\/virtualnimuzej.aspira.hr\/#website\"},\"datePublished\":\"2022-09-09T17:35:00+00:00\",\"dateModified\":\"2022-09-09T17:35:00+00:00\",\"author\":{\"@id\":\"https:\/\/virtualnimuzej.aspira.hr\/#\/schema\/person\/8b28048370e78968988c04d6f1ba104d\"},\"breadcrumb\":{\"@id\":\"https:\/\/virtualnimuzej.aspira.hr\/en\/the-gerkes-grkes-family-from-callao-peru\/#breadcrumb\"},\"inLanguage\":\"en-US\",\"potentialAction\":[{\"@type\":\"ReadAction\",\"target\":[\"https:\/\/virtualnimuzej.aspira.hr\/en\/the-gerkes-grkes-family-from-callao-peru\/\"]}]},{\"@type\":\"BreadcrumbList\",\"@id\":\"https:\/\/virtualnimuzej.aspira.hr\/en\/the-gerkes-grkes-family-from-callao-peru\/#breadcrumb\",\"itemListElement\":[{\"@type\":\"ListItem\",\"position\":1,\"name\":\"Naslovna\",\"item\":\"https:\/\/virtualnimuzej.aspira.hr\/en\/\"},{\"@type\":\"ListItem\",\"position\":2,\"name\":\"The Gerkes (Grke\u0161) Family from Callao, Peru\"}]},{\"@type\":\"WebSite\",\"@id\":\"https:\/\/virtualnimuzej.aspira.hr\/#website\",\"url\":\"https:\/\/virtualnimuzej.aspira.hr\/\",\"name\":\"Aspira Virtualni Muzej iseljeni\u0161tva Dalmacije\",\"description\":\"Muzej iseljeni\u0161tva je zami\u0161ljen kao mjesto skupljanja i prezentacije gra\u0111e o hrvatskom iseljeni\u0161tvu i povijesti iseljavanja koja nikada nije bila dovoljno istra\u017eena.\",\"potentialAction\":[{\"@type\":\"SearchAction\",\"target\":{\"@type\":\"EntryPoint\",\"urlTemplate\":\"https:\/\/virtualnimuzej.aspira.hr\/?s={search_term_string}\"},\"query-input\":\"required name=search_term_string\"}],\"inLanguage\":\"en-US\"},{\"@type\":\"Person\",\"@id\":\"https:\/\/virtualnimuzej.aspira.hr\/#\/schema\/person\/8b28048370e78968988c04d6f1ba104d\",\"name\":\"VmuzejAspira\",\"image\":{\"@type\":\"ImageObject\",\"inLanguage\":\"en-US\",\"@id\":\"https:\/\/virtualnimuzej.aspira.hr\/#\/schema\/person\/image\/\",\"url\":\"https:\/\/secure.gravatar.com\/avatar\/cfa7124a34eec5233efffe1e8fb23c18bb83abdb6129e8f47c9144109613a228?s=96&d=mm&r=g\",\"contentUrl\":\"https:\/\/secure.gravatar.com\/avatar\/cfa7124a34eec5233efffe1e8fb23c18bb83abdb6129e8f47c9144109613a228?s=96&d=mm&r=g\",\"caption\":\"VmuzejAspira\"},\"sameAs\":[\"http:\/\/virtualnimuzej.aspira.hr\"],\"url\":\"https:\/\/virtualnimuzej.aspira.hr\/en\/author\/vmuzejaspira\/\"}]}<\/script>\n<!-- \/ Yoast SEO plugin. -->","yoast_head_json":{"title":"The Gerkes (Grke\u0161) Family from Callao, Peru - Aspira Virtualni Muzej iseljeni\u0161tva Dalmacije","robots":{"index":"index","follow":"follow","max-snippet":"max-snippet:-1","max-image-preview":"max-image-preview:large","max-video-preview":"max-video-preview:-1"},"canonical":"https:\/\/virtualnimuzej.aspira.hr\/en\/the-gerkes-grkes-family-from-callao-peru\/","og_locale":"en_US","og_type":"article","og_title":"The Gerkes (Grke\u0161) Family from Callao, Peru - Aspira Virtualni Muzej iseljeni\u0161tva Dalmacije","og_description":"&nbsp; Monument in Callao &nbsp; My name is Camila Mej\u00eda and I am 23 years old. My migration story begins with my great-grandmother Francisca Gerkes Violich, born in 1902. She [&hellip;]","og_url":"https:\/\/virtualnimuzej.aspira.hr\/en\/the-gerkes-grkes-family-from-callao-peru\/","og_site_name":"Aspira Virtualni Muzej iseljeni\u0161tva Dalmacije","article_published_time":"2022-09-09T17:35:00+00:00","og_image":[{"width":623,"height":800,"url":"https:\/\/virtualnimuzej.aspira.hr\/wp-content\/uploads\/2022\/09\/IMG_4726-2.jpg","type":"image\/jpeg"}],"author":"VmuzejAspira","twitter_card":"summary_large_image","twitter_misc":{"Written by":"VmuzejAspira","Est. reading time":"3 minutes"},"schema":{"@context":"https:\/\/schema.org","@graph":[{"@type":"WebPage","@id":"https:\/\/virtualnimuzej.aspira.hr\/en\/the-gerkes-grkes-family-from-callao-peru\/","url":"https:\/\/virtualnimuzej.aspira.hr\/en\/the-gerkes-grkes-family-from-callao-peru\/","name":"The Gerkes (Grke\u0161) Family from Callao, Peru - Aspira Virtualni Muzej iseljeni\u0161tva Dalmacije","isPartOf":{"@id":"https:\/\/virtualnimuzej.aspira.hr\/#website"},"datePublished":"2022-09-09T17:35:00+00:00","dateModified":"2022-09-09T17:35:00+00:00","author":{"@id":"https:\/\/virtualnimuzej.aspira.hr\/#\/schema\/person\/8b28048370e78968988c04d6f1ba104d"},"breadcrumb":{"@id":"https:\/\/virtualnimuzej.aspira.hr\/en\/the-gerkes-grkes-family-from-callao-peru\/#breadcrumb"},"inLanguage":"en-US","potentialAction":[{"@type":"ReadAction","target":["https:\/\/virtualnimuzej.aspira.hr\/en\/the-gerkes-grkes-family-from-callao-peru\/"]}]},{"@type":"BreadcrumbList","@id":"https:\/\/virtualnimuzej.aspira.hr\/en\/the-gerkes-grkes-family-from-callao-peru\/#breadcrumb","itemListElement":[{"@type":"ListItem","position":1,"name":"Naslovna","item":"https:\/\/virtualnimuzej.aspira.hr\/en\/"},{"@type":"ListItem","position":2,"name":"The Gerkes (Grke\u0161) Family from Callao, Peru"}]},{"@type":"WebSite","@id":"https:\/\/virtualnimuzej.aspira.hr\/#website","url":"https:\/\/virtualnimuzej.aspira.hr\/","name":"Aspira Virtualni Muzej iseljeni\u0161tva Dalmacije","description":"Muzej iseljeni\u0161tva je zami\u0161ljen kao mjesto skupljanja i prezentacije gra\u0111e o hrvatskom iseljeni\u0161tvu i povijesti iseljavanja koja nikada nije bila dovoljno istra\u017eena.","potentialAction":[{"@type":"SearchAction","target":{"@type":"EntryPoint","urlTemplate":"https:\/\/virtualnimuzej.aspira.hr\/?s={search_term_string}"},"query-input":"required name=search_term_string"}],"inLanguage":"en-US"},{"@type":"Person","@id":"https:\/\/virtualnimuzej.aspira.hr\/#\/schema\/person\/8b28048370e78968988c04d6f1ba104d","name":"VmuzejAspira","image":{"@type":"ImageObject","inLanguage":"en-US","@id":"https:\/\/virtualnimuzej.aspira.hr\/#\/schema\/person\/image\/","url":"https:\/\/secure.gravatar.com\/avatar\/cfa7124a34eec5233efffe1e8fb23c18bb83abdb6129e8f47c9144109613a228?s=96&d=mm&r=g","contentUrl":"https:\/\/secure.gravatar.com\/avatar\/cfa7124a34eec5233efffe1e8fb23c18bb83abdb6129e8f47c9144109613a228?s=96&d=mm&r=g","caption":"VmuzejAspira"},"sameAs":["http:\/\/virtualnimuzej.aspira.hr"],"url":"https:\/\/virtualnimuzej.aspira.hr\/en\/author\/vmuzejaspira\/"}]}},"_links":{"self":[{"href":"https:\/\/virtualnimuzej.aspira.hr\/en\/wp-json\/wp\/v2\/posts\/3309","targetHints":{"allow":["GET"]}}],"collection":[{"href":"https:\/\/virtualnimuzej.aspira.hr\/en\/wp-json\/wp\/v2\/posts"}],"about":[{"href":"https:\/\/virtualnimuzej.aspira.hr\/en\/wp-json\/wp\/v2\/types\/post"}],"author":[{"embeddable":true,"href":"https:\/\/virtualnimuzej.aspira.hr\/en\/wp-json\/wp\/v2\/users\/1"}],"replies":[{"embeddable":true,"href":"https:\/\/virtualnimuzej.aspira.hr\/en\/wp-json\/wp\/v2\/comments?post=3309"}],"version-history":[{"count":1,"href":"https:\/\/virtualnimuzej.aspira.hr\/en\/wp-json\/wp\/v2\/posts\/3309\/revisions"}],"predecessor-version":[{"id":3313,"href":"https:\/\/virtualnimuzej.aspira.hr\/en\/wp-json\/wp\/v2\/posts\/3309\/revisions\/3313"}],"wp:featuredmedia":[{"embeddable":true,"href":"https:\/\/virtualnimuzej.aspira.hr\/en\/wp-json\/wp\/v2\/media\/3310"}],"wp:attachment":[{"href":"https:\/\/virtualnimuzej.aspira.hr\/en\/wp-json\/wp\/v2\/media?parent=3309"}],"wp:term":[{"taxonomy":"category","embeddable":true,"href":"https:\/\/virtualnimuzej.aspira.hr\/en\/wp-json\/wp\/v2\/categories?post=3309"},{"taxonomy":"post_tag","embeddable":true,"href":"https:\/\/virtualnimuzej.aspira.hr\/en\/wp-json\/wp\/v2\/tags?post=3309"}],"curies":[{"name":"wp","href":"https:\/\/api.w.org\/{rel}","templated":true}]}}