{"id":3574,"date":"2022-09-16T12:42:43","date_gmt":"2022-09-16T10:42:43","guid":{"rendered":"https:\/\/virtualnimuzej.aspira.hr\/?p=3574"},"modified":"2022-09-16T12:43:53","modified_gmt":"2022-09-16T10:43:53","slug":"mateo-vuscovic-in-antofagasta","status":"publish","type":"post","link":"https:\/\/virtualnimuzej.aspira.hr\/en\/mateo-vuscovic-in-antofagasta\/","title":{"rendered":"Mateo Vuscovic in Antofagasta"},"content":{"rendered":"<p>This is a story of Dusan Vuskovic about his grandfather:<\/p>\n<p>My Grandfather Mate was a son of Petar Vuskovic and Dominga Sanseovic.<\/p>\n<p>He was born on December 28, 1900 in San Pedro according to the Enrollment Book record (it means Supetar, island of Brac, Croatia).<\/p>\n<p>From what my father told me years ago, my grandfather Mate left Brac on a merchant ship for Argentina. He arrived with part of his family (mother, 3 brothers and a cousin). He lived in the Santa Fe Province in town of San Eduardo.<\/p>\n<p>He also did military service in the Argentine Army.<\/p>\n<p>My grandfather moved to Chile in the late 1920s, arriving in the north (Antofagasta) to have a better future.<\/p>\n<p>On July 31, 1929, he married my grandmother, Candelaria Huerta, whom he met and married in Antofagasta (attached document).<\/p>\n<p>I have very few memories of my grandfather when as I was very young, only a couple of photos where I am sitting on his knee.<\/p>\n<p>He died in Santiago de Chile in 1978.<\/p>\n<p>&nbsp;<\/p>\n<p><img decoding=\"async\" class=\"alignnone size-medium wp-image-3555\" src=\"https:\/\/virtualnimuzej.aspira.hr\/wp-content\/uploads\/2022\/09\/IMG_20210322_223719-1-206x300.jpg\" alt=\"\" width=\"206\" height=\"300\" srcset=\"https:\/\/virtualnimuzej.aspira.hr\/wp-content\/uploads\/2022\/09\/IMG_20210322_223719-1-200x291.jpg 200w, https:\/\/virtualnimuzej.aspira.hr\/wp-content\/uploads\/2022\/09\/IMG_20210322_223719-1-206x300.jpg 206w, https:\/\/virtualnimuzej.aspira.hr\/wp-content\/uploads\/2022\/09\/IMG_20210322_223719-1-400x582.jpg 400w, https:\/\/virtualnimuzej.aspira.hr\/wp-content\/uploads\/2022\/09\/IMG_20210322_223719-1.jpg 495w\" sizes=\"(max-width: 206px) 100vw, 206px\" \/>\u00a0 \u00a0 \u00a0<img decoding=\"async\" class=\"alignnone size-medium wp-image-3558\" src=\"https:\/\/virtualnimuzej.aspira.hr\/wp-content\/uploads\/2022\/09\/FB_IMG_1503888635364-colorized-1-218x300.jpg\" alt=\"\" width=\"218\" height=\"300\" srcset=\"https:\/\/virtualnimuzej.aspira.hr\/wp-content\/uploads\/2022\/09\/FB_IMG_1503888635364-colorized-1-200x276.jpg 200w, https:\/\/virtualnimuzej.aspira.hr\/wp-content\/uploads\/2022\/09\/FB_IMG_1503888635364-colorized-1-218x300.jpg 218w, https:\/\/virtualnimuzej.aspira.hr\/wp-content\/uploads\/2022\/09\/FB_IMG_1503888635364-colorized-1-400x552.jpg 400w, https:\/\/virtualnimuzej.aspira.hr\/wp-content\/uploads\/2022\/09\/FB_IMG_1503888635364-colorized-1.jpg 522w\" sizes=\"(max-width: 218px) 100vw, 218px\" \/><\/p>\n<p><img decoding=\"async\" class=\"alignnone size-medium wp-image-3561\" src=\"https:\/\/virtualnimuzej.aspira.hr\/wp-content\/uploads\/2022\/09\/escanear0005-1-193x300.jpg\" alt=\"\" width=\"193\" height=\"300\" srcset=\"https:\/\/virtualnimuzej.aspira.hr\/wp-content\/uploads\/2022\/09\/escanear0005-1-193x300.jpg 193w, https:\/\/virtualnimuzej.aspira.hr\/wp-content\/uploads\/2022\/09\/escanear0005-1-200x312.jpg 200w, https:\/\/virtualnimuzej.aspira.hr\/wp-content\/uploads\/2022\/09\/escanear0005-1-400x623.jpg 400w, https:\/\/virtualnimuzej.aspira.hr\/wp-content\/uploads\/2022\/09\/escanear0005-1-600x935.jpg 600w, https:\/\/virtualnimuzej.aspira.hr\/wp-content\/uploads\/2022\/09\/escanear0005-1-657x1024.jpg 657w, https:\/\/virtualnimuzej.aspira.hr\/wp-content\/uploads\/2022\/09\/escanear0005-1-768x1196.jpg 768w, https:\/\/virtualnimuzej.aspira.hr\/wp-content\/uploads\/2022\/09\/escanear0005-1-800x1246.jpg 800w, https:\/\/virtualnimuzej.aspira.hr\/wp-content\/uploads\/2022\/09\/escanear0005-1-986x1536.jpg 986w, https:\/\/virtualnimuzej.aspira.hr\/wp-content\/uploads\/2022\/09\/escanear0005-1-1200x1869.jpg 1200w, https:\/\/virtualnimuzej.aspira.hr\/wp-content\/uploads\/2022\/09\/escanear0005-1-1315x2048.jpg 1315w, https:\/\/virtualnimuzej.aspira.hr\/wp-content\/uploads\/2022\/09\/escanear0005-1.jpg 1372w\" sizes=\"(max-width: 193px) 100vw, 193px\" \/>\u00a0 \u00a0 \u00a0 \u00a0 \u00a0 \u00a0 \u00a0<img decoding=\"async\" class=\"alignnone size-medium wp-image-3564\" src=\"https:\/\/virtualnimuzej.aspira.hr\/wp-content\/uploads\/2022\/09\/IMG_20220915_110700-1-201x300.jpg\" alt=\"\" width=\"201\" height=\"300\" srcset=\"https:\/\/virtualnimuzej.aspira.hr\/wp-content\/uploads\/2022\/09\/IMG_20220915_110700-1-200x299.jpg 200w, https:\/\/virtualnimuzej.aspira.hr\/wp-content\/uploads\/2022\/09\/IMG_20220915_110700-1-201x300.jpg 201w, https:\/\/virtualnimuzej.aspira.hr\/wp-content\/uploads\/2022\/09\/IMG_20220915_110700-1-400x598.jpg 400w, https:\/\/virtualnimuzej.aspira.hr\/wp-content\/uploads\/2022\/09\/IMG_20220915_110700-1-600x897.jpg 600w, https:\/\/virtualnimuzej.aspira.hr\/wp-content\/uploads\/2022\/09\/IMG_20220915_110700-1-685x1024.jpg 685w, https:\/\/virtualnimuzej.aspira.hr\/wp-content\/uploads\/2022\/09\/IMG_20220915_110700-1-768x1148.jpg 768w, https:\/\/virtualnimuzej.aspira.hr\/wp-content\/uploads\/2022\/09\/IMG_20220915_110700-1-800x1196.jpg 800w, https:\/\/virtualnimuzej.aspira.hr\/wp-content\/uploads\/2022\/09\/IMG_20220915_110700-1-1028x1536.jpg 1028w, https:\/\/virtualnimuzej.aspira.hr\/wp-content\/uploads\/2022\/09\/IMG_20220915_110700-1-1200x1794.jpg 1200w, https:\/\/virtualnimuzej.aspira.hr\/wp-content\/uploads\/2022\/09\/IMG_20220915_110700-1-1370x2048.jpg 1370w, https:\/\/virtualnimuzej.aspira.hr\/wp-content\/uploads\/2022\/09\/IMG_20220915_110700-1-scaled.jpg 1713w\" sizes=\"(max-width: 201px) 100vw, 201px\" \/><\/p>\n<p><img decoding=\"async\" class=\"alignnone size-medium wp-image-3567\" src=\"https:\/\/virtualnimuzej.aspira.hr\/wp-content\/uploads\/2022\/09\/IMG_20220915_111130-2-197x300.jpg\" alt=\"\" width=\"197\" height=\"300\" srcset=\"https:\/\/virtualnimuzej.aspira.hr\/wp-content\/uploads\/2022\/09\/IMG_20220915_111130-2-197x300.jpg 197w, https:\/\/virtualnimuzej.aspira.hr\/wp-content\/uploads\/2022\/09\/IMG_20220915_111130-2-200x304.jpg 200w, https:\/\/virtualnimuzej.aspira.hr\/wp-content\/uploads\/2022\/09\/IMG_20220915_111130-2-400x608.jpg 400w, https:\/\/virtualnimuzej.aspira.hr\/wp-content\/uploads\/2022\/09\/IMG_20220915_111130-2.jpg 526w\" sizes=\"(max-width: 197px) 100vw, 197px\" \/>\u00a0 \u00a0 \u00a0 <img decoding=\"async\" class=\"alignnone size-medium wp-image-3570\" src=\"https:\/\/virtualnimuzej.aspira.hr\/wp-content\/uploads\/2022\/09\/IMG_20220915_111107-1-225x300.jpg\" alt=\"\" width=\"225\" height=\"300\" srcset=\"https:\/\/virtualnimuzej.aspira.hr\/wp-content\/uploads\/2022\/09\/IMG_20220915_111107-1-200x267.jpg 200w, https:\/\/virtualnimuzej.aspira.hr\/wp-content\/uploads\/2022\/09\/IMG_20220915_111107-1-225x300.jpg 225w, https:\/\/virtualnimuzej.aspira.hr\/wp-content\/uploads\/2022\/09\/IMG_20220915_111107-1-400x533.jpg 400w, https:\/\/virtualnimuzej.aspira.hr\/wp-content\/uploads\/2022\/09\/IMG_20220915_111107-1-600x800.jpg 600w, https:\/\/virtualnimuzej.aspira.hr\/wp-content\/uploads\/2022\/09\/IMG_20220915_111107-1-768x1024.jpg 768w, https:\/\/virtualnimuzej.aspira.hr\/wp-content\/uploads\/2022\/09\/IMG_20220915_111107-1-800x1067.jpg 800w, https:\/\/virtualnimuzej.aspira.hr\/wp-content\/uploads\/2022\/09\/IMG_20220915_111107-1-1152x1536.jpg 1152w, https:\/\/virtualnimuzej.aspira.hr\/wp-content\/uploads\/2022\/09\/IMG_20220915_111107-1-1200x1600.jpg 1200w, https:\/\/virtualnimuzej.aspira.hr\/wp-content\/uploads\/2022\/09\/IMG_20220915_111107-1-1536x2048.jpg 1536w, https:\/\/virtualnimuzej.aspira.hr\/wp-content\/uploads\/2022\/09\/IMG_20220915_111107-1-scaled.jpg 1920w\" sizes=\"(max-width: 225px) 100vw, 225px\" \/><\/p>\n<p>Branka Bezi\u0107 Filipovi\u0107<\/p>\n<p>&nbsp;<\/p>\n","protected":false},"excerpt":{"rendered":"<p>This is a story of Dusan Vuskovic about his grandfather: My Grandfather Mate was a son of Petar Vuskovic and Dominga Sanseovic. He was born on December 28, 1900 in [&hellip;]<\/p>\n","protected":false},"author":1,"featured_media":3550,"comment_status":"open","ping_status":"open","sticky":false,"template":"","format":"standard","meta":{"footnotes":""},"categories":[61],"tags":[],"class_list":["post-3574","post","type-post","status-publish","format-standard","has-post-thumbnail","hentry","category-chile-north"],"yoast_head":"<!-- This site is optimized with the Yoast SEO plugin v20.7 - https:\/\/yoast.com\/wordpress\/plugins\/seo\/ -->\n<title>Mateo Vuscovic in Antofagasta - Aspira Virtualni Muzej iseljeni\u0161tva Dalmacije<\/title>\n<meta name=\"robots\" content=\"index, follow, max-snippet:-1, max-image-preview:large, max-video-preview:-1\" \/>\n<link rel=\"canonical\" href=\"https:\/\/virtualnimuzej.aspira.hr\/en\/mateo-vuscovic-in-antofagasta\/\" \/>\n<meta property=\"og:locale\" content=\"en_US\" \/>\n<meta property=\"og:type\" content=\"article\" \/>\n<meta property=\"og:title\" content=\"Mateo Vuscovic in Antofagasta - Aspira Virtualni Muzej iseljeni\u0161tva Dalmacije\" \/>\n<meta property=\"og:description\" content=\"This is a story of Dusan Vuskovic about his grandfather: My Grandfather Mate was a son of Petar Vuskovic and Dominga Sanseovic. He was born on December 28, 1900 in [&hellip;]\" \/>\n<meta property=\"og:url\" content=\"https:\/\/virtualnimuzej.aspira.hr\/en\/mateo-vuscovic-in-antofagasta\/\" \/>\n<meta property=\"og:site_name\" content=\"Aspira Virtualni Muzej iseljeni\u0161tva Dalmacije\" \/>\n<meta property=\"article:published_time\" content=\"2022-09-16T10:42:43+00:00\" \/>\n<meta property=\"article:modified_time\" content=\"2022-09-16T10:43:53+00:00\" \/>\n<meta property=\"og:image\" content=\"https:\/\/virtualnimuzej.aspira.hr\/wp-content\/uploads\/2022\/09\/IMG_5299-1.jpg\" \/>\n\t<meta property=\"og:image:width\" content=\"800\" \/>\n\t<meta property=\"og:image:height\" content=\"368\" \/>\n\t<meta property=\"og:image:type\" content=\"image\/jpeg\" \/>\n<meta name=\"author\" content=\"VmuzejAspira\" \/>\n<meta name=\"twitter:card\" content=\"summary_large_image\" \/>\n<meta name=\"twitter:label1\" content=\"Written by\" \/>\n\t<meta name=\"twitter:data1\" content=\"VmuzejAspira\" \/>\n\t<meta name=\"twitter:label2\" content=\"Est. reading time\" \/>\n\t<meta name=\"twitter:data2\" content=\"3 minutes\" \/>\n<script type=\"application\/ld+json\" class=\"yoast-schema-graph\">{\"@context\":\"https:\/\/schema.org\",\"@graph\":[{\"@type\":\"WebPage\",\"@id\":\"https:\/\/virtualnimuzej.aspira.hr\/en\/mateo-vuscovic-in-antofagasta\/\",\"url\":\"https:\/\/virtualnimuzej.aspira.hr\/en\/mateo-vuscovic-in-antofagasta\/\",\"name\":\"Mateo Vuscovic in Antofagasta - Aspira Virtualni Muzej iseljeni\u0161tva Dalmacije\",\"isPartOf\":{\"@id\":\"https:\/\/virtualnimuzej.aspira.hr\/#website\"},\"datePublished\":\"2022-09-16T10:42:43+00:00\",\"dateModified\":\"2022-09-16T10:43:53+00:00\",\"author\":{\"@id\":\"https:\/\/virtualnimuzej.aspira.hr\/#\/schema\/person\/8b28048370e78968988c04d6f1ba104d\"},\"breadcrumb\":{\"@id\":\"https:\/\/virtualnimuzej.aspira.hr\/en\/mateo-vuscovic-in-antofagasta\/#breadcrumb\"},\"inLanguage\":\"en-US\",\"potentialAction\":[{\"@type\":\"ReadAction\",\"target\":[\"https:\/\/virtualnimuzej.aspira.hr\/en\/mateo-vuscovic-in-antofagasta\/\"]}]},{\"@type\":\"BreadcrumbList\",\"@id\":\"https:\/\/virtualnimuzej.aspira.hr\/en\/mateo-vuscovic-in-antofagasta\/#breadcrumb\",\"itemListElement\":[{\"@type\":\"ListItem\",\"position\":1,\"name\":\"Naslovna\",\"item\":\"https:\/\/virtualnimuzej.aspira.hr\/en\/\"},{\"@type\":\"ListItem\",\"position\":2,\"name\":\"Mateo Vuscovic in Antofagasta\"}]},{\"@type\":\"WebSite\",\"@id\":\"https:\/\/virtualnimuzej.aspira.hr\/#website\",\"url\":\"https:\/\/virtualnimuzej.aspira.hr\/\",\"name\":\"Aspira Virtualni Muzej iseljeni\u0161tva Dalmacije\",\"description\":\"Muzej iseljeni\u0161tva je zami\u0161ljen kao mjesto skupljanja i prezentacije gra\u0111e o hrvatskom iseljeni\u0161tvu i povijesti iseljavanja koja nikada nije bila dovoljno istra\u017eena.\",\"potentialAction\":[{\"@type\":\"SearchAction\",\"target\":{\"@type\":\"EntryPoint\",\"urlTemplate\":\"https:\/\/virtualnimuzej.aspira.hr\/?s={search_term_string}\"},\"query-input\":\"required name=search_term_string\"}],\"inLanguage\":\"en-US\"},{\"@type\":\"Person\",\"@id\":\"https:\/\/virtualnimuzej.aspira.hr\/#\/schema\/person\/8b28048370e78968988c04d6f1ba104d\",\"name\":\"VmuzejAspira\",\"image\":{\"@type\":\"ImageObject\",\"inLanguage\":\"en-US\",\"@id\":\"https:\/\/virtualnimuzej.aspira.hr\/#\/schema\/person\/image\/\",\"url\":\"https:\/\/secure.gravatar.com\/avatar\/cfa7124a34eec5233efffe1e8fb23c18bb83abdb6129e8f47c9144109613a228?s=96&d=mm&r=g\",\"contentUrl\":\"https:\/\/secure.gravatar.com\/avatar\/cfa7124a34eec5233efffe1e8fb23c18bb83abdb6129e8f47c9144109613a228?s=96&d=mm&r=g\",\"caption\":\"VmuzejAspira\"},\"sameAs\":[\"http:\/\/virtualnimuzej.aspira.hr\"],\"url\":\"https:\/\/virtualnimuzej.aspira.hr\/en\/author\/vmuzejaspira\/\"}]}<\/script>\n<!-- \/ Yoast SEO plugin. -->","yoast_head_json":{"title":"Mateo Vuscovic in Antofagasta - Aspira Virtualni Muzej iseljeni\u0161tva Dalmacije","robots":{"index":"index","follow":"follow","max-snippet":"max-snippet:-1","max-image-preview":"max-image-preview:large","max-video-preview":"max-video-preview:-1"},"canonical":"https:\/\/virtualnimuzej.aspira.hr\/en\/mateo-vuscovic-in-antofagasta\/","og_locale":"en_US","og_type":"article","og_title":"Mateo Vuscovic in Antofagasta - Aspira Virtualni Muzej iseljeni\u0161tva Dalmacije","og_description":"This is a story of Dusan Vuskovic about his grandfather: My Grandfather Mate was a son of Petar Vuskovic and Dominga Sanseovic. He was born on December 28, 1900 in [&hellip;]","og_url":"https:\/\/virtualnimuzej.aspira.hr\/en\/mateo-vuscovic-in-antofagasta\/","og_site_name":"Aspira Virtualni Muzej iseljeni\u0161tva Dalmacije","article_published_time":"2022-09-16T10:42:43+00:00","article_modified_time":"2022-09-16T10:43:53+00:00","og_image":[{"width":800,"height":368,"url":"https:\/\/virtualnimuzej.aspira.hr\/wp-content\/uploads\/2022\/09\/IMG_5299-1.jpg","type":"image\/jpeg"}],"author":"VmuzejAspira","twitter_card":"summary_large_image","twitter_misc":{"Written by":"VmuzejAspira","Est. reading time":"3 minutes"},"schema":{"@context":"https:\/\/schema.org","@graph":[{"@type":"WebPage","@id":"https:\/\/virtualnimuzej.aspira.hr\/en\/mateo-vuscovic-in-antofagasta\/","url":"https:\/\/virtualnimuzej.aspira.hr\/en\/mateo-vuscovic-in-antofagasta\/","name":"Mateo Vuscovic in Antofagasta - Aspira Virtualni Muzej iseljeni\u0161tva Dalmacije","isPartOf":{"@id":"https:\/\/virtualnimuzej.aspira.hr\/#website"},"datePublished":"2022-09-16T10:42:43+00:00","dateModified":"2022-09-16T10:43:53+00:00","author":{"@id":"https:\/\/virtualnimuzej.aspira.hr\/#\/schema\/person\/8b28048370e78968988c04d6f1ba104d"},"breadcrumb":{"@id":"https:\/\/virtualnimuzej.aspira.hr\/en\/mateo-vuscovic-in-antofagasta\/#breadcrumb"},"inLanguage":"en-US","potentialAction":[{"@type":"ReadAction","target":["https:\/\/virtualnimuzej.aspira.hr\/en\/mateo-vuscovic-in-antofagasta\/"]}]},{"@type":"BreadcrumbList","@id":"https:\/\/virtualnimuzej.aspira.hr\/en\/mateo-vuscovic-in-antofagasta\/#breadcrumb","itemListElement":[{"@type":"ListItem","position":1,"name":"Naslovna","item":"https:\/\/virtualnimuzej.aspira.hr\/en\/"},{"@type":"ListItem","position":2,"name":"Mateo Vuscovic in Antofagasta"}]},{"@type":"WebSite","@id":"https:\/\/virtualnimuzej.aspira.hr\/#website","url":"https:\/\/virtualnimuzej.aspira.hr\/","name":"Aspira Virtualni Muzej iseljeni\u0161tva Dalmacije","description":"Muzej iseljeni\u0161tva je zami\u0161ljen kao mjesto skupljanja i prezentacije gra\u0111e o hrvatskom iseljeni\u0161tvu i povijesti iseljavanja koja nikada nije bila dovoljno istra\u017eena.","potentialAction":[{"@type":"SearchAction","target":{"@type":"EntryPoint","urlTemplate":"https:\/\/virtualnimuzej.aspira.hr\/?s={search_term_string}"},"query-input":"required name=search_term_string"}],"inLanguage":"en-US"},{"@type":"Person","@id":"https:\/\/virtualnimuzej.aspira.hr\/#\/schema\/person\/8b28048370e78968988c04d6f1ba104d","name":"VmuzejAspira","image":{"@type":"ImageObject","inLanguage":"en-US","@id":"https:\/\/virtualnimuzej.aspira.hr\/#\/schema\/person\/image\/","url":"https:\/\/secure.gravatar.com\/avatar\/cfa7124a34eec5233efffe1e8fb23c18bb83abdb6129e8f47c9144109613a228?s=96&d=mm&r=g","contentUrl":"https:\/\/secure.gravatar.com\/avatar\/cfa7124a34eec5233efffe1e8fb23c18bb83abdb6129e8f47c9144109613a228?s=96&d=mm&r=g","caption":"VmuzejAspira"},"sameAs":["http:\/\/virtualnimuzej.aspira.hr"],"url":"https:\/\/virtualnimuzej.aspira.hr\/en\/author\/vmuzejaspira\/"}]}},"_links":{"self":[{"href":"https:\/\/virtualnimuzej.aspira.hr\/en\/wp-json\/wp\/v2\/posts\/3574","targetHints":{"allow":["GET"]}}],"collection":[{"href":"https:\/\/virtualnimuzej.aspira.hr\/en\/wp-json\/wp\/v2\/posts"}],"about":[{"href":"https:\/\/virtualnimuzej.aspira.hr\/en\/wp-json\/wp\/v2\/types\/post"}],"author":[{"embeddable":true,"href":"https:\/\/virtualnimuzej.aspira.hr\/en\/wp-json\/wp\/v2\/users\/1"}],"replies":[{"embeddable":true,"href":"https:\/\/virtualnimuzej.aspira.hr\/en\/wp-json\/wp\/v2\/comments?post=3574"}],"version-history":[{"count":2,"href":"https:\/\/virtualnimuzej.aspira.hr\/en\/wp-json\/wp\/v2\/posts\/3574\/revisions"}],"predecessor-version":[{"id":3576,"href":"https:\/\/virtualnimuzej.aspira.hr\/en\/wp-json\/wp\/v2\/posts\/3574\/revisions\/3576"}],"wp:featuredmedia":[{"embeddable":true,"href":"https:\/\/virtualnimuzej.aspira.hr\/en\/wp-json\/wp\/v2\/media\/3550"}],"wp:attachment":[{"href":"https:\/\/virtualnimuzej.aspira.hr\/en\/wp-json\/wp\/v2\/media?parent=3574"}],"wp:term":[{"taxonomy":"category","embeddable":true,"href":"https:\/\/virtualnimuzej.aspira.hr\/en\/wp-json\/wp\/v2\/categories?post=3574"},{"taxonomy":"post_tag","embeddable":true,"href":"https:\/\/virtualnimuzej.aspira.hr\/en\/wp-json\/wp\/v2\/tags?post=3574"}],"curies":[{"name":"wp","href":"https:\/\/api.w.org\/{rel}","templated":true}]}}