{"id":6550,"date":"2022-10-27T18:09:43","date_gmt":"2022-10-27T16:09:43","guid":{"rendered":"https:\/\/virtualnimuzej.aspira.hr\/?p=6550"},"modified":"2022-10-27T18:09:43","modified_gmt":"2022-10-27T16:09:43","slug":"jose-ban-received-croatian-citizenship","status":"publish","type":"post","link":"https:\/\/virtualnimuzej.aspira.hr\/en\/jose-ban-received-croatian-citizenship\/","title":{"rendered":"Jose Ban received Croatian citizenship"},"content":{"rendered":"<p>&nbsp;<\/p>\n<p>&nbsp;<\/p>\n<p>Jose Ban, a friend and associate of Aspira, with whose school from Venado Tuerto, Argentina signed a cooperation agreement in the summer of 2022, proudly announced that he had received Croatian citizenship. This Argentinian from the Province of Santa Fe is a descendant of both Croatian parents, so he himself wanted to be closer to the homeland of his ancestors even if he had a Croatian passport.<\/p>\n<p>&nbsp;<\/p>\n<p><img decoding=\"async\" class=\"alignnone size-medium wp-image-6554\" src=\"https:\/\/virtualnimuzej.aspira.hr\/wp-content\/uploads\/2022\/10\/IMG-20220512-WA0001-1-214x300.jpg\" alt=\"\" width=\"214\" height=\"300\" srcset=\"https:\/\/virtualnimuzej.aspira.hr\/wp-content\/uploads\/2022\/10\/IMG-20220512-WA0001-1-200x281.jpg 200w, https:\/\/virtualnimuzej.aspira.hr\/wp-content\/uploads\/2022\/10\/IMG-20220512-WA0001-1-214x300.jpg 214w, https:\/\/virtualnimuzej.aspira.hr\/wp-content\/uploads\/2022\/10\/IMG-20220512-WA0001-1-400x561.jpg 400w, https:\/\/virtualnimuzej.aspira.hr\/wp-content\/uploads\/2022\/10\/IMG-20220512-WA0001-1.jpg 570w\" sizes=\"(max-width: 214px) 100vw, 214px\" \/>\u00a0 \u00a0 \u00a0 \u00a0 <img decoding=\"async\" class=\"alignnone size-medium wp-image-6540\" src=\"https:\/\/virtualnimuzej.aspira.hr\/wp-content\/uploads\/2022\/10\/IMG-20220512-WA0002-142x300.jpg\" alt=\"\" width=\"142\" height=\"300\" srcset=\"https:\/\/virtualnimuzej.aspira.hr\/wp-content\/uploads\/2022\/10\/IMG-20220512-WA0002-142x300.jpg 142w, https:\/\/virtualnimuzej.aspira.hr\/wp-content\/uploads\/2022\/10\/IMG-20220512-WA0002-200x422.jpg 200w, https:\/\/virtualnimuzej.aspira.hr\/wp-content\/uploads\/2022\/10\/IMG-20220512-WA0002.jpg 379w\" sizes=\"(max-width: 142px) 100vw, 142px\" \/><\/p>\n<p>Jose Ban in front of Croatian Embassy in Buenos Aires<\/p>\n<p>&nbsp;<\/p>\n<p><img decoding=\"async\" class=\"alignnone  wp-image-6543\" src=\"https:\/\/virtualnimuzej.aspira.hr\/wp-content\/uploads\/2022\/10\/IMG-20220529-WA0008-300x167.jpg\" alt=\"\" width=\"388\" height=\"216\" srcset=\"https:\/\/virtualnimuzej.aspira.hr\/wp-content\/uploads\/2022\/10\/IMG-20220529-WA0008-200x111.jpg 200w, https:\/\/virtualnimuzej.aspira.hr\/wp-content\/uploads\/2022\/10\/IMG-20220529-WA0008-300x167.jpg 300w, https:\/\/virtualnimuzej.aspira.hr\/wp-content\/uploads\/2022\/10\/IMG-20220529-WA0008-400x223.jpg 400w, https:\/\/virtualnimuzej.aspira.hr\/wp-content\/uploads\/2022\/10\/IMG-20220529-WA0008-600x334.jpg 600w, https:\/\/virtualnimuzej.aspira.hr\/wp-content\/uploads\/2022\/10\/IMG-20220529-WA0008.jpg 661w\" sizes=\"(max-width: 388px) 100vw, 388px\" \/><\/p>\n<p>Jose&#8217;s sister, Adriana Smajic from Buenos Aires, Jose, his mother and Adriana&#8217;s husband Joza Vrljicak<\/p>\n<p>&nbsp;<\/p>\n<p><img decoding=\"async\" class=\"alignnone  wp-image-6546\" src=\"https:\/\/virtualnimuzej.aspira.hr\/wp-content\/uploads\/2022\/10\/IMG-20220529-WA0009-300x190.jpg\" alt=\"\" width=\"387\" height=\"245\" srcset=\"https:\/\/virtualnimuzej.aspira.hr\/wp-content\/uploads\/2022\/10\/IMG-20220529-WA0009-200x127.jpg 200w, https:\/\/virtualnimuzej.aspira.hr\/wp-content\/uploads\/2022\/10\/IMG-20220529-WA0009-300x190.jpg 300w, https:\/\/virtualnimuzej.aspira.hr\/wp-content\/uploads\/2022\/10\/IMG-20220529-WA0009-320x202.jpg 320w, https:\/\/virtualnimuzej.aspira.hr\/wp-content\/uploads\/2022\/10\/IMG-20220529-WA0009-400x254.jpg 400w, https:\/\/virtualnimuzej.aspira.hr\/wp-content\/uploads\/2022\/10\/IMG-20220529-WA0009-600x380.jpg 600w, https:\/\/virtualnimuzej.aspira.hr\/wp-content\/uploads\/2022\/10\/IMG-20220529-WA0009-700x441.jpg 700w, https:\/\/virtualnimuzej.aspira.hr\/wp-content\/uploads\/2022\/10\/IMG-20220529-WA0009-768x487.jpg 768w, https:\/\/virtualnimuzej.aspira.hr\/wp-content\/uploads\/2022\/10\/IMG-20220529-WA0009.jpg 800w\" sizes=\"(max-width: 387px) 100vw, 387px\" \/><\/p>\n<p>Jose with Smajic \/ Vrljicak family<\/p>\n<p>&nbsp;<\/p>\n<p>&nbsp;<\/p>\n","protected":false},"excerpt":{"rendered":"<p>&nbsp; &nbsp; Jose Ban, a friend and associate of Aspira, with whose school from Venado Tuerto, Argentina signed a cooperation agreement in the summer of 2022, proudly announced that he [&hellip;]<\/p>\n","protected":false},"author":1,"featured_media":6551,"comment_status":"open","ping_status":"open","sticky":false,"template":"","format":"standard","meta":{"footnotes":""},"categories":[40],"tags":[],"class_list":["post-6550","post","type-post","status-publish","format-standard","has-post-thumbnail","hentry","category-news"],"yoast_head":"<!-- This site is optimized with the Yoast SEO plugin v20.7 - https:\/\/yoast.com\/wordpress\/plugins\/seo\/ -->\n<title>Jose Ban received Croatian citizenship - Aspira Virtualni Muzej iseljeni\u0161tva Dalmacije<\/title>\n<meta name=\"robots\" content=\"index, follow, max-snippet:-1, max-image-preview:large, max-video-preview:-1\" \/>\n<link rel=\"canonical\" href=\"https:\/\/virtualnimuzej.aspira.hr\/en\/jose-ban-received-croatian-citizenship\/\" \/>\n<meta property=\"og:locale\" content=\"en_US\" \/>\n<meta property=\"og:type\" content=\"article\" \/>\n<meta property=\"og:title\" content=\"Jose Ban received Croatian citizenship - Aspira Virtualni Muzej iseljeni\u0161tva Dalmacije\" \/>\n<meta property=\"og:description\" content=\"&nbsp; &nbsp; Jose Ban, a friend and associate of Aspira, with whose school from Venado Tuerto, Argentina signed a cooperation agreement in the summer of 2022, proudly announced that he [&hellip;]\" \/>\n<meta property=\"og:url\" content=\"https:\/\/virtualnimuzej.aspira.hr\/en\/jose-ban-received-croatian-citizenship\/\" \/>\n<meta property=\"og:site_name\" content=\"Aspira Virtualni Muzej iseljeni\u0161tva Dalmacije\" \/>\n<meta property=\"article:published_time\" content=\"2022-10-27T16:09:43+00:00\" \/>\n<meta property=\"og:image\" content=\"https:\/\/virtualnimuzej.aspira.hr\/wp-content\/uploads\/2022\/10\/current-time-in-venado-tuerto-santa-fe-argentina-320x300-1.jpg\" \/>\n\t<meta property=\"og:image:width\" content=\"320\" \/>\n\t<meta property=\"og:image:height\" content=\"300\" \/>\n\t<meta property=\"og:image:type\" content=\"image\/jpeg\" \/>\n<meta name=\"author\" content=\"VmuzejAspira\" \/>\n<meta name=\"twitter:card\" content=\"summary_large_image\" \/>\n<meta name=\"twitter:label1\" content=\"Written by\" \/>\n\t<meta name=\"twitter:data1\" content=\"VmuzejAspira\" \/>\n\t<meta name=\"twitter:label2\" content=\"Est. reading time\" \/>\n\t<meta name=\"twitter:data2\" content=\"2 minutes\" \/>\n<script type=\"application\/ld+json\" class=\"yoast-schema-graph\">{\"@context\":\"https:\/\/schema.org\",\"@graph\":[{\"@type\":\"WebPage\",\"@id\":\"https:\/\/virtualnimuzej.aspira.hr\/en\/jose-ban-received-croatian-citizenship\/\",\"url\":\"https:\/\/virtualnimuzej.aspira.hr\/en\/jose-ban-received-croatian-citizenship\/\",\"name\":\"Jose Ban received Croatian citizenship - Aspira Virtualni Muzej iseljeni\u0161tva Dalmacije\",\"isPartOf\":{\"@id\":\"https:\/\/virtualnimuzej.aspira.hr\/#website\"},\"datePublished\":\"2022-10-27T16:09:43+00:00\",\"dateModified\":\"2022-10-27T16:09:43+00:00\",\"author\":{\"@id\":\"https:\/\/virtualnimuzej.aspira.hr\/#\/schema\/person\/8b28048370e78968988c04d6f1ba104d\"},\"breadcrumb\":{\"@id\":\"https:\/\/virtualnimuzej.aspira.hr\/en\/jose-ban-received-croatian-citizenship\/#breadcrumb\"},\"inLanguage\":\"en-US\",\"potentialAction\":[{\"@type\":\"ReadAction\",\"target\":[\"https:\/\/virtualnimuzej.aspira.hr\/en\/jose-ban-received-croatian-citizenship\/\"]}]},{\"@type\":\"BreadcrumbList\",\"@id\":\"https:\/\/virtualnimuzej.aspira.hr\/en\/jose-ban-received-croatian-citizenship\/#breadcrumb\",\"itemListElement\":[{\"@type\":\"ListItem\",\"position\":1,\"name\":\"Naslovna\",\"item\":\"https:\/\/virtualnimuzej.aspira.hr\/en\/\"},{\"@type\":\"ListItem\",\"position\":2,\"name\":\"Jose Ban received Croatian citizenship\"}]},{\"@type\":\"WebSite\",\"@id\":\"https:\/\/virtualnimuzej.aspira.hr\/#website\",\"url\":\"https:\/\/virtualnimuzej.aspira.hr\/\",\"name\":\"Aspira Virtualni Muzej iseljeni\u0161tva Dalmacije\",\"description\":\"Muzej iseljeni\u0161tva je zami\u0161ljen kao mjesto skupljanja i prezentacije gra\u0111e o hrvatskom iseljeni\u0161tvu i povijesti iseljavanja koja nikada nije bila dovoljno istra\u017eena.\",\"potentialAction\":[{\"@type\":\"SearchAction\",\"target\":{\"@type\":\"EntryPoint\",\"urlTemplate\":\"https:\/\/virtualnimuzej.aspira.hr\/?s={search_term_string}\"},\"query-input\":\"required name=search_term_string\"}],\"inLanguage\":\"en-US\"},{\"@type\":\"Person\",\"@id\":\"https:\/\/virtualnimuzej.aspira.hr\/#\/schema\/person\/8b28048370e78968988c04d6f1ba104d\",\"name\":\"VmuzejAspira\",\"image\":{\"@type\":\"ImageObject\",\"inLanguage\":\"en-US\",\"@id\":\"https:\/\/virtualnimuzej.aspira.hr\/#\/schema\/person\/image\/\",\"url\":\"https:\/\/secure.gravatar.com\/avatar\/cfa7124a34eec5233efffe1e8fb23c18bb83abdb6129e8f47c9144109613a228?s=96&d=mm&r=g\",\"contentUrl\":\"https:\/\/secure.gravatar.com\/avatar\/cfa7124a34eec5233efffe1e8fb23c18bb83abdb6129e8f47c9144109613a228?s=96&d=mm&r=g\",\"caption\":\"VmuzejAspira\"},\"sameAs\":[\"http:\/\/virtualnimuzej.aspira.hr\"],\"url\":\"https:\/\/virtualnimuzej.aspira.hr\/en\/author\/vmuzejaspira\/\"}]}<\/script>\n<!-- \/ Yoast SEO plugin. -->","yoast_head_json":{"title":"Jose Ban received Croatian citizenship - Aspira Virtualni Muzej iseljeni\u0161tva Dalmacije","robots":{"index":"index","follow":"follow","max-snippet":"max-snippet:-1","max-image-preview":"max-image-preview:large","max-video-preview":"max-video-preview:-1"},"canonical":"https:\/\/virtualnimuzej.aspira.hr\/en\/jose-ban-received-croatian-citizenship\/","og_locale":"en_US","og_type":"article","og_title":"Jose Ban received Croatian citizenship - Aspira Virtualni Muzej iseljeni\u0161tva Dalmacije","og_description":"&nbsp; &nbsp; Jose Ban, a friend and associate of Aspira, with whose school from Venado Tuerto, Argentina signed a cooperation agreement in the summer of 2022, proudly announced that he [&hellip;]","og_url":"https:\/\/virtualnimuzej.aspira.hr\/en\/jose-ban-received-croatian-citizenship\/","og_site_name":"Aspira Virtualni Muzej iseljeni\u0161tva Dalmacije","article_published_time":"2022-10-27T16:09:43+00:00","og_image":[{"width":320,"height":300,"url":"https:\/\/virtualnimuzej.aspira.hr\/wp-content\/uploads\/2022\/10\/current-time-in-venado-tuerto-santa-fe-argentina-320x300-1.jpg","type":"image\/jpeg"}],"author":"VmuzejAspira","twitter_card":"summary_large_image","twitter_misc":{"Written by":"VmuzejAspira","Est. reading time":"2 minutes"},"schema":{"@context":"https:\/\/schema.org","@graph":[{"@type":"WebPage","@id":"https:\/\/virtualnimuzej.aspira.hr\/en\/jose-ban-received-croatian-citizenship\/","url":"https:\/\/virtualnimuzej.aspira.hr\/en\/jose-ban-received-croatian-citizenship\/","name":"Jose Ban received Croatian citizenship - Aspira Virtualni Muzej iseljeni\u0161tva Dalmacije","isPartOf":{"@id":"https:\/\/virtualnimuzej.aspira.hr\/#website"},"datePublished":"2022-10-27T16:09:43+00:00","dateModified":"2022-10-27T16:09:43+00:00","author":{"@id":"https:\/\/virtualnimuzej.aspira.hr\/#\/schema\/person\/8b28048370e78968988c04d6f1ba104d"},"breadcrumb":{"@id":"https:\/\/virtualnimuzej.aspira.hr\/en\/jose-ban-received-croatian-citizenship\/#breadcrumb"},"inLanguage":"en-US","potentialAction":[{"@type":"ReadAction","target":["https:\/\/virtualnimuzej.aspira.hr\/en\/jose-ban-received-croatian-citizenship\/"]}]},{"@type":"BreadcrumbList","@id":"https:\/\/virtualnimuzej.aspira.hr\/en\/jose-ban-received-croatian-citizenship\/#breadcrumb","itemListElement":[{"@type":"ListItem","position":1,"name":"Naslovna","item":"https:\/\/virtualnimuzej.aspira.hr\/en\/"},{"@type":"ListItem","position":2,"name":"Jose Ban received Croatian citizenship"}]},{"@type":"WebSite","@id":"https:\/\/virtualnimuzej.aspira.hr\/#website","url":"https:\/\/virtualnimuzej.aspira.hr\/","name":"Aspira Virtualni Muzej iseljeni\u0161tva Dalmacije","description":"Muzej iseljeni\u0161tva je zami\u0161ljen kao mjesto skupljanja i prezentacije gra\u0111e o hrvatskom iseljeni\u0161tvu i povijesti iseljavanja koja nikada nije bila dovoljno istra\u017eena.","potentialAction":[{"@type":"SearchAction","target":{"@type":"EntryPoint","urlTemplate":"https:\/\/virtualnimuzej.aspira.hr\/?s={search_term_string}"},"query-input":"required name=search_term_string"}],"inLanguage":"en-US"},{"@type":"Person","@id":"https:\/\/virtualnimuzej.aspira.hr\/#\/schema\/person\/8b28048370e78968988c04d6f1ba104d","name":"VmuzejAspira","image":{"@type":"ImageObject","inLanguage":"en-US","@id":"https:\/\/virtualnimuzej.aspira.hr\/#\/schema\/person\/image\/","url":"https:\/\/secure.gravatar.com\/avatar\/cfa7124a34eec5233efffe1e8fb23c18bb83abdb6129e8f47c9144109613a228?s=96&d=mm&r=g","contentUrl":"https:\/\/secure.gravatar.com\/avatar\/cfa7124a34eec5233efffe1e8fb23c18bb83abdb6129e8f47c9144109613a228?s=96&d=mm&r=g","caption":"VmuzejAspira"},"sameAs":["http:\/\/virtualnimuzej.aspira.hr"],"url":"https:\/\/virtualnimuzej.aspira.hr\/en\/author\/vmuzejaspira\/"}]}},"_links":{"self":[{"href":"https:\/\/virtualnimuzej.aspira.hr\/en\/wp-json\/wp\/v2\/posts\/6550","targetHints":{"allow":["GET"]}}],"collection":[{"href":"https:\/\/virtualnimuzej.aspira.hr\/en\/wp-json\/wp\/v2\/posts"}],"about":[{"href":"https:\/\/virtualnimuzej.aspira.hr\/en\/wp-json\/wp\/v2\/types\/post"}],"author":[{"embeddable":true,"href":"https:\/\/virtualnimuzej.aspira.hr\/en\/wp-json\/wp\/v2\/users\/1"}],"replies":[{"embeddable":true,"href":"https:\/\/virtualnimuzej.aspira.hr\/en\/wp-json\/wp\/v2\/comments?post=6550"}],"version-history":[{"count":1,"href":"https:\/\/virtualnimuzej.aspira.hr\/en\/wp-json\/wp\/v2\/posts\/6550\/revisions"}],"predecessor-version":[{"id":6562,"href":"https:\/\/virtualnimuzej.aspira.hr\/en\/wp-json\/wp\/v2\/posts\/6550\/revisions\/6562"}],"wp:featuredmedia":[{"embeddable":true,"href":"https:\/\/virtualnimuzej.aspira.hr\/en\/wp-json\/wp\/v2\/media\/6551"}],"wp:attachment":[{"href":"https:\/\/virtualnimuzej.aspira.hr\/en\/wp-json\/wp\/v2\/media?parent=6550"}],"wp:term":[{"taxonomy":"category","embeddable":true,"href":"https:\/\/virtualnimuzej.aspira.hr\/en\/wp-json\/wp\/v2\/categories?post=6550"},{"taxonomy":"post_tag","embeddable":true,"href":"https:\/\/virtualnimuzej.aspira.hr\/en\/wp-json\/wp\/v2\/tags?post=6550"}],"curies":[{"name":"wp","href":"https:\/\/api.w.org\/{rel}","templated":true}]}}