{"id":7662,"date":"2022-11-21T18:24:28","date_gmt":"2022-11-21T17:24:28","guid":{"rendered":"https:\/\/virtualnimuzej.aspira.hr\/?p=7662"},"modified":"2022-11-21T18:24:28","modified_gmt":"2022-11-21T17:24:28","slug":"the-budrovich-family-from-the-province-of-santa-fe","status":"publish","type":"post","link":"https:\/\/virtualnimuzej.aspira.hr\/en\/the-budrovich-family-from-the-province-of-santa-fe\/","title":{"rendered":"The Budrovich Family from the Province of Santa Fe"},"content":{"rendered":"<p>&nbsp;<\/p>\n<p>The surname Budrovi\u0107 has been originally from Vrbanj (Hvar), since the 15th century. It is probably a hypocoristic of the name Budimir or Budislav.<\/p>\n<p>My ancestors were born in Velo Grablje (Hvar). Nikola Budrovi\u0107 states that in the year 1469 his ancestors raised cattle there.<\/p>\n<p>Josip Budrovi\u0107 was my great-great-grandfather, one of the youngest of 8 siblings, who was born on September 26, 1852 in Velo Grablje. He was the son of Juraj Budrovi\u0107 and Petra Zaninovi\u0107, the grandson of Jakov Budrovi\u0107 and \u0160ima \u0160eperica.<\/p>\n<p>On November 12, 1878 he married Magdalena Tudor, a 21-year-old girl from Malo Grablje, daughter of Dinko Tudor and Katarina Tudor. They are all Tudors in Malo Grablje.<\/p>\n<p>Their first child was born on June 23, 1880, and was named Juraj in honor of his grandfather. Unfortunately, he died on August 14, 1881 when Magdalena was already pregnant with her second son, who was born on December 5, 1881 and to respect tradition they also called him Juraj. He died in 1898 at the age of 16.<\/p>\n<p>On August 13, 1883, Dinko Budrovi\u0107 came into this world. On October 29, 1884, their first daughter Petra was born. She also suddenly died at the age of 16.<\/p>\n<p>In 1887 Kata was born and in 1888 Jakov Pro\u0161per, my great-grandfather. On May 25, 1891, Ivana arrived and later in 1893 Marija was born.<\/p>\n<p>Difficult times were in the old continent, many diseases, bad political decisions and the American phylloxera wreaking havoc on the wine, so the family had to try their luck in America.<\/p>\n<p>Josip packed their luggage with what little he had, leaving behind his roots, his family, with his head bowed and his pride aside. He took Dinko, his son of 19 with him.<\/p>\n<p>They arrived in Buenos Aires on June 1, 1902. After being quarantined at the Hotel de los Inmigrantes, they continued their course and settled in the town of Villada in the Province of Santa Fe.<\/p>\n<p>Dinko, with his name translated as Domingo, stayed in Villada while his father returned to the island of Hvar to look for his wife and his other children. The outlook on the island was not encouraging, his wife Magdalena had died on August 5, 1905 from a heart attack and his children were in terrible condition, malnourished.<\/p>\n<p>In 1906, Josip and his children Ivana (Juana), Jakov (Santiago), Kata (Catalina) and Marija (Mar\u00eda) arrived in the port of Buenos Aires, heading to Villada where their older brother, Domingo, was waiting for them.<\/p>\n<p>With the passage of time everything seemed to settle, an unknown language, but plenty of work and the desire to progress. On June 28, 1913, fate united my great-grandfather Santiago Budrovich in marriage with Mar\u00eda Kovacevich, from Stari Grad (Hvar), practically neighbors. Marija was the daughter of \u0160imun Kovacevich and Katarina \u0160oljan. Her older brother, Vinko or Vicente, married Maria Budrovich and her sister \u0160ima or Simona Kovacevich married Domingo Budrovich.<\/p>\n<p>&nbsp;<\/p>\n<p>&nbsp;<\/p>\n<p><img decoding=\"async\" class=\"alignnone size-medium wp-image-7666\" src=\"https:\/\/virtualnimuzej.aspira.hr\/wp-content\/uploads\/2022\/11\/Familia-Budrovic-en-Santa-Fe_1-1-170x300.jpg\" alt=\"\" width=\"170\" height=\"300\" srcset=\"https:\/\/virtualnimuzej.aspira.hr\/wp-content\/uploads\/2022\/11\/Familia-Budrovic-en-Santa-Fe_1-1-170x300.jpg 170w, https:\/\/virtualnimuzej.aspira.hr\/wp-content\/uploads\/2022\/11\/Familia-Budrovic-en-Santa-Fe_1-1-200x354.jpg 200w, https:\/\/virtualnimuzej.aspira.hr\/wp-content\/uploads\/2022\/11\/Familia-Budrovic-en-Santa-Fe_1-1-400x708.jpg 400w, https:\/\/virtualnimuzej.aspira.hr\/wp-content\/uploads\/2022\/11\/Familia-Budrovic-en-Santa-Fe_1-1.jpg 452w\" sizes=\"(max-width: 170px) 100vw, 170px\" \/>\u00a0 \u00a0 \u00a0 <img decoding=\"async\" class=\"alignnone size-medium wp-image-7658\" src=\"https:\/\/virtualnimuzej.aspira.hr\/wp-content\/uploads\/2022\/11\/Familia-Budrovic-en-Santa-Fe_3-300x297.jpg\" alt=\"\" width=\"300\" height=\"297\" srcset=\"https:\/\/virtualnimuzej.aspira.hr\/wp-content\/uploads\/2022\/11\/Familia-Budrovic-en-Santa-Fe_3-66x66.jpg 66w, https:\/\/virtualnimuzej.aspira.hr\/wp-content\/uploads\/2022\/11\/Familia-Budrovic-en-Santa-Fe_3-150x150.jpg 150w, https:\/\/virtualnimuzej.aspira.hr\/wp-content\/uploads\/2022\/11\/Familia-Budrovic-en-Santa-Fe_3-200x198.jpg 200w, https:\/\/virtualnimuzej.aspira.hr\/wp-content\/uploads\/2022\/11\/Familia-Budrovic-en-Santa-Fe_3-300x297.jpg 300w, https:\/\/virtualnimuzej.aspira.hr\/wp-content\/uploads\/2022\/11\/Familia-Budrovic-en-Santa-Fe_3-400x396.jpg 400w, https:\/\/virtualnimuzej.aspira.hr\/wp-content\/uploads\/2022\/11\/Familia-Budrovic-en-Santa-Fe_3-600x593.jpg 600w, https:\/\/virtualnimuzej.aspira.hr\/wp-content\/uploads\/2022\/11\/Familia-Budrovic-en-Santa-Fe_3-768x759.jpg 768w, https:\/\/virtualnimuzej.aspira.hr\/wp-content\/uploads\/2022\/11\/Familia-Budrovic-en-Santa-Fe_3.jpg 800w\" sizes=\"(max-width: 300px) 100vw, 300px\" \/><\/p>\n<p>&nbsp;<\/p>\n<p>&nbsp;<\/p>\n<p>A worn-out Josip Budrovi\u0107 died on December 5, 1919 in the city of Rosario, Santa Fe, at the age of 67, due to prostate cancer.<\/p>\n<p>Conflicts had continued in the old continent, so the young Luka and Stjepan Budrovi\u0107 arrived in Villada, our distant cousins, from the Budrovi\u0107 Lukini branch, leaving a large family in Grablje that today lives in the town of Hvar.<\/p>\n<p>The Budrovich Kovacevich families lease a field in Cha\u00f1ar Ladeado, a small town in the south of Santa Fe, 60 kilometers from Villada where they settled permanently, currently most of the descendants live there.<\/p>\n<p>&nbsp;<\/p>\n<p>Leonel Budrovich<\/p>\n<p>Chanar Ladeado, Santa Fe, Argentina<\/p>\n<p>Larenga_leo_12@hotmail.com<\/p>\n<p>&nbsp;<\/p>\n","protected":false},"excerpt":{"rendered":"<p>&nbsp; The surname Budrovi\u0107 has been originally from Vrbanj (Hvar), since the 15th century. It is probably a hypocoristic of the name Budimir or Budislav. My ancestors were born in [&hellip;]<\/p>\n","protected":false},"author":1,"featured_media":7663,"comment_status":"open","ping_status":"open","sticky":false,"template":"","format":"standard","meta":{"footnotes":""},"categories":[47],"tags":[],"class_list":["post-7662","post","type-post","status-publish","format-standard","has-post-thumbnail","hentry","category-argentina-en"],"yoast_head":"<!-- This site is optimized with the Yoast SEO plugin v20.7 - https:\/\/yoast.com\/wordpress\/plugins\/seo\/ -->\n<title>The Budrovich Family from the Province of Santa Fe - Aspira Virtualni Muzej iseljeni\u0161tva Dalmacije<\/title>\n<meta name=\"robots\" content=\"index, follow, max-snippet:-1, max-image-preview:large, max-video-preview:-1\" \/>\n<link rel=\"canonical\" href=\"https:\/\/virtualnimuzej.aspira.hr\/en\/the-budrovich-family-from-the-province-of-santa-fe\/\" \/>\n<meta property=\"og:locale\" content=\"en_US\" \/>\n<meta property=\"og:type\" content=\"article\" \/>\n<meta property=\"og:title\" content=\"The Budrovich Family from the Province of Santa Fe - Aspira Virtualni Muzej iseljeni\u0161tva Dalmacije\" \/>\n<meta property=\"og:description\" content=\"&nbsp; The surname Budrovi\u0107 has been originally from Vrbanj (Hvar), since the 15th century. It is probably a hypocoristic of the name Budimir or Budislav. My ancestors were born in [&hellip;]\" \/>\n<meta property=\"og:url\" content=\"https:\/\/virtualnimuzej.aspira.hr\/en\/the-budrovich-family-from-the-province-of-santa-fe\/\" \/>\n<meta property=\"og:site_name\" content=\"Aspira Virtualni Muzej iseljeni\u0161tva Dalmacije\" \/>\n<meta property=\"article:published_time\" content=\"2022-11-21T17:24:28+00:00\" \/>\n<meta property=\"og:image\" content=\"https:\/\/virtualnimuzej.aspira.hr\/wp-content\/uploads\/2022\/11\/file-1.jpg\" \/>\n\t<meta property=\"og:image:width\" content=\"800\" \/>\n\t<meta property=\"og:image:height\" content=\"600\" \/>\n\t<meta property=\"og:image:type\" content=\"image\/jpeg\" \/>\n<meta name=\"author\" content=\"VmuzejAspira\" \/>\n<meta name=\"twitter:card\" content=\"summary_large_image\" \/>\n<meta name=\"twitter:label1\" content=\"Written by\" \/>\n\t<meta name=\"twitter:data1\" content=\"VmuzejAspira\" \/>\n\t<meta name=\"twitter:label2\" content=\"Est. reading time\" \/>\n\t<meta name=\"twitter:data2\" content=\"4 minutes\" \/>\n<script type=\"application\/ld+json\" class=\"yoast-schema-graph\">{\"@context\":\"https:\/\/schema.org\",\"@graph\":[{\"@type\":\"WebPage\",\"@id\":\"https:\/\/virtualnimuzej.aspira.hr\/en\/the-budrovich-family-from-the-province-of-santa-fe\/\",\"url\":\"https:\/\/virtualnimuzej.aspira.hr\/en\/the-budrovich-family-from-the-province-of-santa-fe\/\",\"name\":\"The Budrovich Family from the Province of Santa Fe - Aspira Virtualni Muzej iseljeni\u0161tva Dalmacije\",\"isPartOf\":{\"@id\":\"https:\/\/virtualnimuzej.aspira.hr\/#website\"},\"datePublished\":\"2022-11-21T17:24:28+00:00\",\"dateModified\":\"2022-11-21T17:24:28+00:00\",\"author\":{\"@id\":\"https:\/\/virtualnimuzej.aspira.hr\/#\/schema\/person\/8b28048370e78968988c04d6f1ba104d\"},\"breadcrumb\":{\"@id\":\"https:\/\/virtualnimuzej.aspira.hr\/en\/the-budrovich-family-from-the-province-of-santa-fe\/#breadcrumb\"},\"inLanguage\":\"en-US\",\"potentialAction\":[{\"@type\":\"ReadAction\",\"target\":[\"https:\/\/virtualnimuzej.aspira.hr\/en\/the-budrovich-family-from-the-province-of-santa-fe\/\"]}]},{\"@type\":\"BreadcrumbList\",\"@id\":\"https:\/\/virtualnimuzej.aspira.hr\/en\/the-budrovich-family-from-the-province-of-santa-fe\/#breadcrumb\",\"itemListElement\":[{\"@type\":\"ListItem\",\"position\":1,\"name\":\"Naslovna\",\"item\":\"https:\/\/virtualnimuzej.aspira.hr\/en\/\"},{\"@type\":\"ListItem\",\"position\":2,\"name\":\"The Budrovich Family from the Province of Santa Fe\"}]},{\"@type\":\"WebSite\",\"@id\":\"https:\/\/virtualnimuzej.aspira.hr\/#website\",\"url\":\"https:\/\/virtualnimuzej.aspira.hr\/\",\"name\":\"Aspira Virtualni Muzej iseljeni\u0161tva Dalmacije\",\"description\":\"Muzej iseljeni\u0161tva je zami\u0161ljen kao mjesto skupljanja i prezentacije gra\u0111e o hrvatskom iseljeni\u0161tvu i povijesti iseljavanja koja nikada nije bila dovoljno istra\u017eena.\",\"potentialAction\":[{\"@type\":\"SearchAction\",\"target\":{\"@type\":\"EntryPoint\",\"urlTemplate\":\"https:\/\/virtualnimuzej.aspira.hr\/?s={search_term_string}\"},\"query-input\":\"required name=search_term_string\"}],\"inLanguage\":\"en-US\"},{\"@type\":\"Person\",\"@id\":\"https:\/\/virtualnimuzej.aspira.hr\/#\/schema\/person\/8b28048370e78968988c04d6f1ba104d\",\"name\":\"VmuzejAspira\",\"image\":{\"@type\":\"ImageObject\",\"inLanguage\":\"en-US\",\"@id\":\"https:\/\/virtualnimuzej.aspira.hr\/#\/schema\/person\/image\/\",\"url\":\"https:\/\/secure.gravatar.com\/avatar\/cfa7124a34eec5233efffe1e8fb23c18bb83abdb6129e8f47c9144109613a228?s=96&d=mm&r=g\",\"contentUrl\":\"https:\/\/secure.gravatar.com\/avatar\/cfa7124a34eec5233efffe1e8fb23c18bb83abdb6129e8f47c9144109613a228?s=96&d=mm&r=g\",\"caption\":\"VmuzejAspira\"},\"sameAs\":[\"http:\/\/virtualnimuzej.aspira.hr\"],\"url\":\"https:\/\/virtualnimuzej.aspira.hr\/en\/author\/vmuzejaspira\/\"}]}<\/script>\n<!-- \/ Yoast SEO plugin. -->","yoast_head_json":{"title":"The Budrovich Family from the Province of Santa Fe - Aspira Virtualni Muzej iseljeni\u0161tva Dalmacije","robots":{"index":"index","follow":"follow","max-snippet":"max-snippet:-1","max-image-preview":"max-image-preview:large","max-video-preview":"max-video-preview:-1"},"canonical":"https:\/\/virtualnimuzej.aspira.hr\/en\/the-budrovich-family-from-the-province-of-santa-fe\/","og_locale":"en_US","og_type":"article","og_title":"The Budrovich Family from the Province of Santa Fe - Aspira Virtualni Muzej iseljeni\u0161tva Dalmacije","og_description":"&nbsp; The surname Budrovi\u0107 has been originally from Vrbanj (Hvar), since the 15th century. It is probably a hypocoristic of the name Budimir or Budislav. My ancestors were born in [&hellip;]","og_url":"https:\/\/virtualnimuzej.aspira.hr\/en\/the-budrovich-family-from-the-province-of-santa-fe\/","og_site_name":"Aspira Virtualni Muzej iseljeni\u0161tva Dalmacije","article_published_time":"2022-11-21T17:24:28+00:00","og_image":[{"width":800,"height":600,"url":"https:\/\/virtualnimuzej.aspira.hr\/wp-content\/uploads\/2022\/11\/file-1.jpg","type":"image\/jpeg"}],"author":"VmuzejAspira","twitter_card":"summary_large_image","twitter_misc":{"Written by":"VmuzejAspira","Est. reading time":"4 minutes"},"schema":{"@context":"https:\/\/schema.org","@graph":[{"@type":"WebPage","@id":"https:\/\/virtualnimuzej.aspira.hr\/en\/the-budrovich-family-from-the-province-of-santa-fe\/","url":"https:\/\/virtualnimuzej.aspira.hr\/en\/the-budrovich-family-from-the-province-of-santa-fe\/","name":"The Budrovich Family from the Province of Santa Fe - Aspira Virtualni Muzej iseljeni\u0161tva Dalmacije","isPartOf":{"@id":"https:\/\/virtualnimuzej.aspira.hr\/#website"},"datePublished":"2022-11-21T17:24:28+00:00","dateModified":"2022-11-21T17:24:28+00:00","author":{"@id":"https:\/\/virtualnimuzej.aspira.hr\/#\/schema\/person\/8b28048370e78968988c04d6f1ba104d"},"breadcrumb":{"@id":"https:\/\/virtualnimuzej.aspira.hr\/en\/the-budrovich-family-from-the-province-of-santa-fe\/#breadcrumb"},"inLanguage":"en-US","potentialAction":[{"@type":"ReadAction","target":["https:\/\/virtualnimuzej.aspira.hr\/en\/the-budrovich-family-from-the-province-of-santa-fe\/"]}]},{"@type":"BreadcrumbList","@id":"https:\/\/virtualnimuzej.aspira.hr\/en\/the-budrovich-family-from-the-province-of-santa-fe\/#breadcrumb","itemListElement":[{"@type":"ListItem","position":1,"name":"Naslovna","item":"https:\/\/virtualnimuzej.aspira.hr\/en\/"},{"@type":"ListItem","position":2,"name":"The Budrovich Family from the Province of Santa Fe"}]},{"@type":"WebSite","@id":"https:\/\/virtualnimuzej.aspira.hr\/#website","url":"https:\/\/virtualnimuzej.aspira.hr\/","name":"Aspira Virtualni Muzej iseljeni\u0161tva Dalmacije","description":"Muzej iseljeni\u0161tva je zami\u0161ljen kao mjesto skupljanja i prezentacije gra\u0111e o hrvatskom iseljeni\u0161tvu i povijesti iseljavanja koja nikada nije bila dovoljno istra\u017eena.","potentialAction":[{"@type":"SearchAction","target":{"@type":"EntryPoint","urlTemplate":"https:\/\/virtualnimuzej.aspira.hr\/?s={search_term_string}"},"query-input":"required name=search_term_string"}],"inLanguage":"en-US"},{"@type":"Person","@id":"https:\/\/virtualnimuzej.aspira.hr\/#\/schema\/person\/8b28048370e78968988c04d6f1ba104d","name":"VmuzejAspira","image":{"@type":"ImageObject","inLanguage":"en-US","@id":"https:\/\/virtualnimuzej.aspira.hr\/#\/schema\/person\/image\/","url":"https:\/\/secure.gravatar.com\/avatar\/cfa7124a34eec5233efffe1e8fb23c18bb83abdb6129e8f47c9144109613a228?s=96&d=mm&r=g","contentUrl":"https:\/\/secure.gravatar.com\/avatar\/cfa7124a34eec5233efffe1e8fb23c18bb83abdb6129e8f47c9144109613a228?s=96&d=mm&r=g","caption":"VmuzejAspira"},"sameAs":["http:\/\/virtualnimuzej.aspira.hr"],"url":"https:\/\/virtualnimuzej.aspira.hr\/en\/author\/vmuzejaspira\/"}]}},"_links":{"self":[{"href":"https:\/\/virtualnimuzej.aspira.hr\/en\/wp-json\/wp\/v2\/posts\/7662","targetHints":{"allow":["GET"]}}],"collection":[{"href":"https:\/\/virtualnimuzej.aspira.hr\/en\/wp-json\/wp\/v2\/posts"}],"about":[{"href":"https:\/\/virtualnimuzej.aspira.hr\/en\/wp-json\/wp\/v2\/types\/post"}],"author":[{"embeddable":true,"href":"https:\/\/virtualnimuzej.aspira.hr\/en\/wp-json\/wp\/v2\/users\/1"}],"replies":[{"embeddable":true,"href":"https:\/\/virtualnimuzej.aspira.hr\/en\/wp-json\/wp\/v2\/comments?post=7662"}],"version-history":[{"count":1,"href":"https:\/\/virtualnimuzej.aspira.hr\/en\/wp-json\/wp\/v2\/posts\/7662\/revisions"}],"predecessor-version":[{"id":7669,"href":"https:\/\/virtualnimuzej.aspira.hr\/en\/wp-json\/wp\/v2\/posts\/7662\/revisions\/7669"}],"wp:featuredmedia":[{"embeddable":true,"href":"https:\/\/virtualnimuzej.aspira.hr\/en\/wp-json\/wp\/v2\/media\/7663"}],"wp:attachment":[{"href":"https:\/\/virtualnimuzej.aspira.hr\/en\/wp-json\/wp\/v2\/media?parent=7662"}],"wp:term":[{"taxonomy":"category","embeddable":true,"href":"https:\/\/virtualnimuzej.aspira.hr\/en\/wp-json\/wp\/v2\/categories?post=7662"},{"taxonomy":"post_tag","embeddable":true,"href":"https:\/\/virtualnimuzej.aspira.hr\/en\/wp-json\/wp\/v2\/tags?post=7662"}],"curies":[{"name":"wp","href":"https:\/\/api.w.org\/{rel}","templated":true}]}}