{"id":9455,"date":"2023-03-19T14:26:10","date_gmt":"2023-03-19T13:26:10","guid":{"rendered":"https:\/\/virtualnimuzej.aspira.hr\/?p=9455"},"modified":"2023-03-21T14:29:56","modified_gmt":"2023-03-21T13:29:56","slug":"gregory-yuretich","status":"publish","type":"post","link":"https:\/\/virtualnimuzej.aspira.hr\/en\/gregory-yuretich\/","title":{"rendered":"GREGORY YURETICH"},"content":{"rendered":"<p>&nbsp;<\/p>\n<p><strong>GREGORY YURETICH<\/strong> is the President of Kaitaia Dalmatian Cultural Club and Indoor Bowls Club. He was born in Kaitaia in 1962, son of Ivan (1933 -2019) and grandson of Marijan (1896 \u2013 1974) and Nelly Milich (1906 \u2013 1979) daughter of Kleme and Mare nee Jakich from Podgora. Marijan settled in the Far North, worked as a gum digger and developed a trucking business. Greg married Helen Cossar and is a cattle farmer as was his father.<\/p>\n<p>&nbsp;<\/p>\n<p><img decoding=\"async\" class=\"alignnone size-medium wp-image-9456\" src=\"https:\/\/virtualnimuzej.aspira.hr\/wp-content\/uploads\/2023\/03\/Greg-300x225.jpg\" alt=\"\" width=\"300\" height=\"225\" srcset=\"https:\/\/virtualnimuzej.aspira.hr\/wp-content\/uploads\/2023\/03\/Greg-200x150.jpg 200w, https:\/\/virtualnimuzej.aspira.hr\/wp-content\/uploads\/2023\/03\/Greg-300x225.jpg 300w, https:\/\/virtualnimuzej.aspira.hr\/wp-content\/uploads\/2023\/03\/Greg-400x300.jpg 400w, https:\/\/virtualnimuzej.aspira.hr\/wp-content\/uploads\/2023\/03\/Greg-600x450.jpg 600w, https:\/\/virtualnimuzej.aspira.hr\/wp-content\/uploads\/2023\/03\/Greg-768x576.jpg 768w, https:\/\/virtualnimuzej.aspira.hr\/wp-content\/uploads\/2023\/03\/Greg-800x600.jpg 800w, https:\/\/virtualnimuzej.aspira.hr\/wp-content\/uploads\/2023\/03\/Greg-1024x768.jpg 1024w, https:\/\/virtualnimuzej.aspira.hr\/wp-content\/uploads\/2023\/03\/Greg-1200x900.jpg 1200w, https:\/\/virtualnimuzej.aspira.hr\/wp-content\/uploads\/2023\/03\/Greg-1536x1152.jpg 1536w\" sizes=\"(max-width: 300px) 100vw, 300px\" \/><\/p>\n<p>&nbsp;<\/p>\n<p>Courtesy: Kaya Dragicevich<\/p>\n","protected":false},"excerpt":{"rendered":"<p>&nbsp; GREGORY YURETICH is the President of Kaitaia Dalmatian Cultural Club and Indoor Bowls Club. He was born in Kaitaia in 1962, son of Ivan (1933 -2019) and grandson of [&hellip;]<\/p>\n","protected":false},"author":1,"featured_media":9459,"comment_status":"open","ping_status":"open","sticky":false,"template":"","format":"standard","meta":{"footnotes":""},"categories":[45],"tags":[],"class_list":["post-9455","post","type-post","status-publish","format-standard","has-post-thumbnail","hentry","category-new-zealand"],"yoast_head":"<!-- This site is optimized with the Yoast SEO plugin v20.7 - https:\/\/yoast.com\/wordpress\/plugins\/seo\/ -->\n<title>GREGORY YURETICH - Aspira Virtualni Muzej iseljeni\u0161tva Dalmacije<\/title>\n<meta name=\"robots\" content=\"index, follow, max-snippet:-1, max-image-preview:large, max-video-preview:-1\" \/>\n<link rel=\"canonical\" href=\"https:\/\/virtualnimuzej.aspira.hr\/en\/gregory-yuretich\/\" \/>\n<meta property=\"og:locale\" content=\"en_US\" \/>\n<meta property=\"og:type\" content=\"article\" \/>\n<meta property=\"og:title\" content=\"GREGORY YURETICH - Aspira Virtualni Muzej iseljeni\u0161tva Dalmacije\" \/>\n<meta property=\"og:description\" content=\"&nbsp; GREGORY YURETICH is the President of Kaitaia Dalmatian Cultural Club and Indoor Bowls Club. He was born in Kaitaia in 1962, son of Ivan (1933 -2019) and grandson of [&hellip;]\" \/>\n<meta property=\"og:url\" content=\"https:\/\/virtualnimuzej.aspira.hr\/en\/gregory-yuretich\/\" \/>\n<meta property=\"og:site_name\" content=\"Aspira Virtualni Muzej iseljeni\u0161tva Dalmacije\" \/>\n<meta property=\"article:published_time\" content=\"2023-03-19T13:26:10+00:00\" \/>\n<meta property=\"article:modified_time\" content=\"2023-03-21T13:29:56+00:00\" \/>\n<meta property=\"og:image\" content=\"https:\/\/virtualnimuzej.aspira.hr\/wp-content\/uploads\/2023\/03\/IMG-20230316-WA0007.jpg\" \/>\n\t<meta property=\"og:image:width\" content=\"2048\" \/>\n\t<meta property=\"og:image:height\" content=\"1536\" \/>\n\t<meta property=\"og:image:type\" content=\"image\/jpeg\" \/>\n<meta name=\"author\" content=\"VmuzejAspira\" \/>\n<meta name=\"twitter:card\" content=\"summary_large_image\" \/>\n<meta name=\"twitter:label1\" content=\"Written by\" \/>\n\t<meta name=\"twitter:data1\" content=\"VmuzejAspira\" \/>\n\t<meta name=\"twitter:label2\" content=\"Est. reading time\" \/>\n\t<meta name=\"twitter:data2\" content=\"1 minute\" \/>\n<script type=\"application\/ld+json\" class=\"yoast-schema-graph\">{\"@context\":\"https:\/\/schema.org\",\"@graph\":[{\"@type\":\"WebPage\",\"@id\":\"https:\/\/virtualnimuzej.aspira.hr\/en\/gregory-yuretich\/\",\"url\":\"https:\/\/virtualnimuzej.aspira.hr\/en\/gregory-yuretich\/\",\"name\":\"GREGORY YURETICH - Aspira Virtualni Muzej iseljeni\u0161tva Dalmacije\",\"isPartOf\":{\"@id\":\"https:\/\/virtualnimuzej.aspira.hr\/#website\"},\"datePublished\":\"2023-03-19T13:26:10+00:00\",\"dateModified\":\"2023-03-21T13:29:56+00:00\",\"author\":{\"@id\":\"https:\/\/virtualnimuzej.aspira.hr\/#\/schema\/person\/8b28048370e78968988c04d6f1ba104d\"},\"breadcrumb\":{\"@id\":\"https:\/\/virtualnimuzej.aspira.hr\/en\/gregory-yuretich\/#breadcrumb\"},\"inLanguage\":\"en-US\",\"potentialAction\":[{\"@type\":\"ReadAction\",\"target\":[\"https:\/\/virtualnimuzej.aspira.hr\/en\/gregory-yuretich\/\"]}]},{\"@type\":\"BreadcrumbList\",\"@id\":\"https:\/\/virtualnimuzej.aspira.hr\/en\/gregory-yuretich\/#breadcrumb\",\"itemListElement\":[{\"@type\":\"ListItem\",\"position\":1,\"name\":\"Naslovna\",\"item\":\"https:\/\/virtualnimuzej.aspira.hr\/en\/\"},{\"@type\":\"ListItem\",\"position\":2,\"name\":\"GREGORY YURETICH\"}]},{\"@type\":\"WebSite\",\"@id\":\"https:\/\/virtualnimuzej.aspira.hr\/#website\",\"url\":\"https:\/\/virtualnimuzej.aspira.hr\/\",\"name\":\"Aspira Virtualni Muzej iseljeni\u0161tva Dalmacije\",\"description\":\"Muzej iseljeni\u0161tva je zami\u0161ljen kao mjesto skupljanja i prezentacije gra\u0111e o hrvatskom iseljeni\u0161tvu i povijesti iseljavanja koja nikada nije bila dovoljno istra\u017eena.\",\"potentialAction\":[{\"@type\":\"SearchAction\",\"target\":{\"@type\":\"EntryPoint\",\"urlTemplate\":\"https:\/\/virtualnimuzej.aspira.hr\/?s={search_term_string}\"},\"query-input\":\"required name=search_term_string\"}],\"inLanguage\":\"en-US\"},{\"@type\":\"Person\",\"@id\":\"https:\/\/virtualnimuzej.aspira.hr\/#\/schema\/person\/8b28048370e78968988c04d6f1ba104d\",\"name\":\"VmuzejAspira\",\"image\":{\"@type\":\"ImageObject\",\"inLanguage\":\"en-US\",\"@id\":\"https:\/\/virtualnimuzej.aspira.hr\/#\/schema\/person\/image\/\",\"url\":\"https:\/\/secure.gravatar.com\/avatar\/cfa7124a34eec5233efffe1e8fb23c18bb83abdb6129e8f47c9144109613a228?s=96&d=mm&r=g\",\"contentUrl\":\"https:\/\/secure.gravatar.com\/avatar\/cfa7124a34eec5233efffe1e8fb23c18bb83abdb6129e8f47c9144109613a228?s=96&d=mm&r=g\",\"caption\":\"VmuzejAspira\"},\"sameAs\":[\"http:\/\/virtualnimuzej.aspira.hr\"],\"url\":\"https:\/\/virtualnimuzej.aspira.hr\/en\/author\/vmuzejaspira\/\"}]}<\/script>\n<!-- \/ Yoast SEO plugin. -->","yoast_head_json":{"title":"GREGORY YURETICH - Aspira Virtualni Muzej iseljeni\u0161tva Dalmacije","robots":{"index":"index","follow":"follow","max-snippet":"max-snippet:-1","max-image-preview":"max-image-preview:large","max-video-preview":"max-video-preview:-1"},"canonical":"https:\/\/virtualnimuzej.aspira.hr\/en\/gregory-yuretich\/","og_locale":"en_US","og_type":"article","og_title":"GREGORY YURETICH - Aspira Virtualni Muzej iseljeni\u0161tva Dalmacije","og_description":"&nbsp; GREGORY YURETICH is the President of Kaitaia Dalmatian Cultural Club and Indoor Bowls Club. He was born in Kaitaia in 1962, son of Ivan (1933 -2019) and grandson of [&hellip;]","og_url":"https:\/\/virtualnimuzej.aspira.hr\/en\/gregory-yuretich\/","og_site_name":"Aspira Virtualni Muzej iseljeni\u0161tva Dalmacije","article_published_time":"2023-03-19T13:26:10+00:00","article_modified_time":"2023-03-21T13:29:56+00:00","og_image":[{"width":2048,"height":1536,"url":"https:\/\/virtualnimuzej.aspira.hr\/wp-content\/uploads\/2023\/03\/IMG-20230316-WA0007.jpg","type":"image\/jpeg"}],"author":"VmuzejAspira","twitter_card":"summary_large_image","twitter_misc":{"Written by":"VmuzejAspira","Est. reading time":"1 minute"},"schema":{"@context":"https:\/\/schema.org","@graph":[{"@type":"WebPage","@id":"https:\/\/virtualnimuzej.aspira.hr\/en\/gregory-yuretich\/","url":"https:\/\/virtualnimuzej.aspira.hr\/en\/gregory-yuretich\/","name":"GREGORY YURETICH - Aspira Virtualni Muzej iseljeni\u0161tva Dalmacije","isPartOf":{"@id":"https:\/\/virtualnimuzej.aspira.hr\/#website"},"datePublished":"2023-03-19T13:26:10+00:00","dateModified":"2023-03-21T13:29:56+00:00","author":{"@id":"https:\/\/virtualnimuzej.aspira.hr\/#\/schema\/person\/8b28048370e78968988c04d6f1ba104d"},"breadcrumb":{"@id":"https:\/\/virtualnimuzej.aspira.hr\/en\/gregory-yuretich\/#breadcrumb"},"inLanguage":"en-US","potentialAction":[{"@type":"ReadAction","target":["https:\/\/virtualnimuzej.aspira.hr\/en\/gregory-yuretich\/"]}]},{"@type":"BreadcrumbList","@id":"https:\/\/virtualnimuzej.aspira.hr\/en\/gregory-yuretich\/#breadcrumb","itemListElement":[{"@type":"ListItem","position":1,"name":"Naslovna","item":"https:\/\/virtualnimuzej.aspira.hr\/en\/"},{"@type":"ListItem","position":2,"name":"GREGORY YURETICH"}]},{"@type":"WebSite","@id":"https:\/\/virtualnimuzej.aspira.hr\/#website","url":"https:\/\/virtualnimuzej.aspira.hr\/","name":"Aspira Virtualni Muzej iseljeni\u0161tva Dalmacije","description":"Muzej iseljeni\u0161tva je zami\u0161ljen kao mjesto skupljanja i prezentacije gra\u0111e o hrvatskom iseljeni\u0161tvu i povijesti iseljavanja koja nikada nije bila dovoljno istra\u017eena.","potentialAction":[{"@type":"SearchAction","target":{"@type":"EntryPoint","urlTemplate":"https:\/\/virtualnimuzej.aspira.hr\/?s={search_term_string}"},"query-input":"required name=search_term_string"}],"inLanguage":"en-US"},{"@type":"Person","@id":"https:\/\/virtualnimuzej.aspira.hr\/#\/schema\/person\/8b28048370e78968988c04d6f1ba104d","name":"VmuzejAspira","image":{"@type":"ImageObject","inLanguage":"en-US","@id":"https:\/\/virtualnimuzej.aspira.hr\/#\/schema\/person\/image\/","url":"https:\/\/secure.gravatar.com\/avatar\/cfa7124a34eec5233efffe1e8fb23c18bb83abdb6129e8f47c9144109613a228?s=96&d=mm&r=g","contentUrl":"https:\/\/secure.gravatar.com\/avatar\/cfa7124a34eec5233efffe1e8fb23c18bb83abdb6129e8f47c9144109613a228?s=96&d=mm&r=g","caption":"VmuzejAspira"},"sameAs":["http:\/\/virtualnimuzej.aspira.hr"],"url":"https:\/\/virtualnimuzej.aspira.hr\/en\/author\/vmuzejaspira\/"}]}},"_links":{"self":[{"href":"https:\/\/virtualnimuzej.aspira.hr\/en\/wp-json\/wp\/v2\/posts\/9455","targetHints":{"allow":["GET"]}}],"collection":[{"href":"https:\/\/virtualnimuzej.aspira.hr\/en\/wp-json\/wp\/v2\/posts"}],"about":[{"href":"https:\/\/virtualnimuzej.aspira.hr\/en\/wp-json\/wp\/v2\/types\/post"}],"author":[{"embeddable":true,"href":"https:\/\/virtualnimuzej.aspira.hr\/en\/wp-json\/wp\/v2\/users\/1"}],"replies":[{"embeddable":true,"href":"https:\/\/virtualnimuzej.aspira.hr\/en\/wp-json\/wp\/v2\/comments?post=9455"}],"version-history":[{"count":2,"href":"https:\/\/virtualnimuzej.aspira.hr\/en\/wp-json\/wp\/v2\/posts\/9455\/revisions"}],"predecessor-version":[{"id":9593,"href":"https:\/\/virtualnimuzej.aspira.hr\/en\/wp-json\/wp\/v2\/posts\/9455\/revisions\/9593"}],"wp:featuredmedia":[{"embeddable":true,"href":"https:\/\/virtualnimuzej.aspira.hr\/en\/wp-json\/wp\/v2\/media\/9459"}],"wp:attachment":[{"href":"https:\/\/virtualnimuzej.aspira.hr\/en\/wp-json\/wp\/v2\/media?parent=9455"}],"wp:term":[{"taxonomy":"category","embeddable":true,"href":"https:\/\/virtualnimuzej.aspira.hr\/en\/wp-json\/wp\/v2\/categories?post=9455"},{"taxonomy":"post_tag","embeddable":true,"href":"https:\/\/virtualnimuzej.aspira.hr\/en\/wp-json\/wp\/v2\/tags?post=9455"}],"curies":[{"name":"wp","href":"https:\/\/api.w.org\/{rel}","templated":true}]}}