{"id":9722,"date":"2023-03-26T13:38:39","date_gmt":"2023-03-26T11:38:39","guid":{"rendered":"https:\/\/virtualnimuzej.aspira.hr\/?p=9722"},"modified":"2023-03-26T13:58:10","modified_gmt":"2023-03-26T11:58:10","slug":"cushla-and-venessa-from-the-anich-family","status":"publish","type":"post","link":"https:\/\/virtualnimuzej.aspira.hr\/en\/cushla-and-venessa-from-the-anich-family\/","title":{"rendered":"CUSHLA AND VENESSA FROM THE ANICH FAMILY"},"content":{"rendered":"<p>&nbsp;<\/p>\n<p>Anich, Tony (Tex), was born in Su\u0107uraj (island of Hvar) in 1919. His father Ivan was from Slivno (in the mainland), and he came to Su\u0107uraj with his brother Josip. Both married local girls, Ivan Lucija Vuljan and Josip Ana Kumari\u0107. Ivan went to New Zealand. In 1929, at the age of 10, Tony followed his father. They both worked hard, because they wanted to create the conditions to bring the rest of the family from Hvar. Ivan went to get them in 1936, and Tony stayed to wait for them in New Zealand. He did not know that then, at the age of 17, he saw his father for the last time. Namely, when he came to Su\u0107uraj, Ivan could no longer go back. The Second World War began, and Ivan died in 1941. His wife Lucija died in 1945 in the refugee camp in Valpovo. It was to be 20 years before Tony saw his brothers.<\/p>\n<p>Tony started a family in New Zealand. He married Darinka (Dot) Alach from Dra\u0161nice, who came to New Zealand in 1946 with parents Ante and Kata and sister Firmina. They had seven children: Ivan, Steven, Zeta, Sonja, Peter, Cushla and Venessa.<\/p>\n<p>&nbsp;<\/p>\n<p><img decoding=\"async\" class=\"alignnone size-medium wp-image-9726\" src=\"https:\/\/virtualnimuzej.aspira.hr\/wp-content\/uploads\/2023\/03\/333-1-300x257.jpg\" alt=\"\" width=\"300\" height=\"257\" srcset=\"https:\/\/virtualnimuzej.aspira.hr\/wp-content\/uploads\/2023\/03\/333-1-200x171.jpg 200w, https:\/\/virtualnimuzej.aspira.hr\/wp-content\/uploads\/2023\/03\/333-1-300x257.jpg 300w, https:\/\/virtualnimuzej.aspira.hr\/wp-content\/uploads\/2023\/03\/333-1-400x343.jpg 400w, https:\/\/virtualnimuzej.aspira.hr\/wp-content\/uploads\/2023\/03\/333-1-600x514.jpg 600w, https:\/\/virtualnimuzej.aspira.hr\/wp-content\/uploads\/2023\/03\/333-1-768x658.jpg 768w, https:\/\/virtualnimuzej.aspira.hr\/wp-content\/uploads\/2023\/03\/333-1-800x686.jpg 800w, https:\/\/virtualnimuzej.aspira.hr\/wp-content\/uploads\/2023\/03\/333-1-1024x878.jpg 1024w, https:\/\/virtualnimuzej.aspira.hr\/wp-content\/uploads\/2023\/03\/333-1-1200x1028.jpg 1200w, https:\/\/virtualnimuzej.aspira.hr\/wp-content\/uploads\/2023\/03\/333-1-1536x1316.jpg 1536w\" sizes=\"(max-width: 300px) 100vw, 300px\" \/><\/p>\n<p>Tony and Darinka with childern around 1969. Standing: Sonja, Ivan, Steven i Zeta, sitting: Peter, Tony, Venessa, Darinka and Cushla.<\/p>\n<p>&nbsp;<\/p>\n<p><img decoding=\"async\" class=\"alignnone wp-image-9729\" src=\"https:\/\/virtualnimuzej.aspira.hr\/wp-content\/uploads\/2023\/03\/096-1-228x300.png\" alt=\"\" width=\"300\" height=\"394\" srcset=\"https:\/\/virtualnimuzej.aspira.hr\/wp-content\/uploads\/2023\/03\/096-1-200x264.png 200w, https:\/\/virtualnimuzej.aspira.hr\/wp-content\/uploads\/2023\/03\/096-1-228x300.png 228w, https:\/\/virtualnimuzej.aspira.hr\/wp-content\/uploads\/2023\/03\/096-1-400x527.png 400w, https:\/\/virtualnimuzej.aspira.hr\/wp-content\/uploads\/2023\/03\/096-1-768x1012.png 768w, https:\/\/virtualnimuzej.aspira.hr\/wp-content\/uploads\/2023\/03\/096-1-777x1024.png 777w, https:\/\/virtualnimuzej.aspira.hr\/wp-content\/uploads\/2023\/03\/096-1.png 1213w\" sizes=\"(max-width: 300px) 100vw, 300px\" \/><\/p>\n<p>The Aniches in the late 1960s, from the left: Steven, Ivan, Darinka, Tony, Zeta, Sonja, Venessa, Peter and Cushla.<\/p>\n<p>&nbsp;<\/p>\n<p>A young couple, Tony and Dot, started life in Warkworth, 60 km north of Auckland. They opened Tony&#8217;s Fish Shop, Cafe De Lux coffee shop and teahouse. They expanded their business in 1952 by opening Tony&#8217;s restaurant, where they offered fish specialties. They were widely known for their delicious food and affordable prices. Their fish market was also popular with the locals as well as those passing by. They procured fish from fishermen in the ports of Leigh and Mahurangi. The government then introduced the so-called Quoter Management System, which changed the way of doing business. An individual could no longer work alone, and besides there was more paperwork.<\/p>\n<p>Tony used to fillet and prepare the fish himself. Dot cooked and served, and they also made their own chips. He was a master at smoking fish, which he offered on Thursdays, which the customers remembered well. For dinner, the family ate what was prepared that day.<\/p>\n<p>For a short time Tony-Tex had his own fishing boat. He hired a skipper and a crew. They hunted at the Sandspit location.<\/p>\n<p>The Anich couple ran Tony&#8217;s Fish Shop for 31 years, until 1977. Then they took it up again in the early 1990s, but only for two years. They worked 7 days a week, with only one day off a year, and that only at Christmas.<\/p>\n<p>Anich brought two nephews from Su\u0107uraj, brothers Ante and Ivan Kumarich, as well as niece Antica &#8211; Tonka Jelicich. Ante married Dragica, and Ivan married Cvita. Tonka married Paul Marinovich. They all lived with Tex and Dot and worked in the fish market until they became independent. Over time, Joe Jelicich, a relative from Auckland, started coming to help them when it was the season and there was a lot of work, but also when Tony and Dot wanted to go to Hvar. It was like that until Tony died in 1992.<\/p>\n<p>&nbsp;<\/p>\n\n\t\t<style type=\"text\/css\">\n\t\t\t#gallery-1 {\n\t\t\t\tmargin: auto;\n\t\t\t}\n\t\t\t#gallery-1 .gallery-item {\n\t\t\t\tfloat: left;\n\t\t\t\tmargin-top: 10px;\n\t\t\t\ttext-align: center;\n\t\t\t\twidth: 33%;\n\t\t\t}\n\t\t\t#gallery-1 img {\n\t\t\t\tborder: 2px solid #cfcfcf;\n\t\t\t}\n\t\t\t#gallery-1 .gallery-caption {\n\t\t\t\tmargin-left: 0;\n\t\t\t}\n\t\t\t\/* see gallery_shortcode() in wp-includes\/media.php *\/\n\t\t<\/style>\n\t\t<div id='gallery-1' class='gallery galleryid-9722 gallery-columns-3 gallery-size-thumbnail'><dl class='gallery-item'>\n\t\t\t<dt class='gallery-icon landscape'>\n\t\t\t\t<a data-rel=\"iLightbox[postimages]\" data-title=\"335\" data-caption=\"\" href='https:\/\/virtualnimuzej.aspira.hr\/en\/cushla-and-venessa-from-the-anich-family\/attachment\/335\/'><img decoding=\"async\" width=\"150\" height=\"150\" src=\"https:\/\/virtualnimuzej.aspira.hr\/wp-content\/uploads\/2023\/03\/335-1-150x150.jpg\" class=\"attachment-thumbnail size-thumbnail\" alt=\"\" srcset=\"https:\/\/virtualnimuzej.aspira.hr\/wp-content\/uploads\/2023\/03\/335-1-66x66.jpg 66w, https:\/\/virtualnimuzej.aspira.hr\/wp-content\/uploads\/2023\/03\/335-1-150x150.jpg 150w\" sizes=\"(max-width: 150px) 100vw, 150px\" \/><\/a>\n\t\t\t<\/dt><\/dl><dl class='gallery-item'>\n\t\t\t<dt class='gallery-icon landscape'>\n\t\t\t\t<a data-rel=\"iLightbox[postimages]\" data-title=\"2023-02-05\" data-caption=\"\" href='https:\/\/virtualnimuzej.aspira.hr\/en\/cushla-and-venessa-from-the-anich-family\/2023-02-05\/'><img decoding=\"async\" width=\"150\" height=\"150\" src=\"https:\/\/virtualnimuzej.aspira.hr\/wp-content\/uploads\/2023\/03\/2023-02-05-1-150x150.jpg\" class=\"attachment-thumbnail size-thumbnail\" alt=\"\" srcset=\"https:\/\/virtualnimuzej.aspira.hr\/wp-content\/uploads\/2023\/03\/2023-02-05-1-66x66.jpg 66w, https:\/\/virtualnimuzej.aspira.hr\/wp-content\/uploads\/2023\/03\/2023-02-05-1-150x150.jpg 150w\" sizes=\"(max-width: 150px) 100vw, 150px\" \/><\/a>\n\t\t\t<\/dt><\/dl><dl class='gallery-item'>\n\t\t\t<dt class='gallery-icon portrait'>\n\t\t\t\t<a data-rel=\"iLightbox[postimages]\" data-title=\"VenessaAnich w scarf and Drasnice\" data-caption=\"\" href='https:\/\/virtualnimuzej.aspira.hr\/en\/cushla-and-venessa-from-the-anich-family\/venessaanich-w-scarf-and-drasnice\/'><img decoding=\"async\" width=\"150\" height=\"150\" src=\"https:\/\/virtualnimuzej.aspira.hr\/wp-content\/uploads\/2023\/03\/VenessaAnich-w-scarf-and-Drasnice-1-150x150.jpg\" class=\"attachment-thumbnail size-thumbnail\" alt=\"\" srcset=\"https:\/\/virtualnimuzej.aspira.hr\/wp-content\/uploads\/2023\/03\/VenessaAnich-w-scarf-and-Drasnice-1-66x66.jpg 66w, https:\/\/virtualnimuzej.aspira.hr\/wp-content\/uploads\/2023\/03\/VenessaAnich-w-scarf-and-Drasnice-1-150x150.jpg 150w\" sizes=\"(max-width: 150px) 100vw, 150px\" \/><\/a>\n\t\t\t<\/dt><\/dl><br style=\"clear: both\" \/>\n\t\t<\/div>\n\n<p>Venessa, born in Warkworth in 1965, resource management planner and president of Dargaville Dalmatian Cultural Club. Photo on the left was taken in 1992 when Venessa was helping her father to smoke fish.<\/p>\n<p>&nbsp;<\/p>\n<p><img decoding=\"async\" class=\"alignnone wp-image-9741\" src=\"https:\/\/virtualnimuzej.aspira.hr\/wp-content\/uploads\/2023\/03\/Cushla-with-scarf-March-2023-1-225x300.jpg\" alt=\"\" width=\"223\" height=\"297\" srcset=\"https:\/\/virtualnimuzej.aspira.hr\/wp-content\/uploads\/2023\/03\/Cushla-with-scarf-March-2023-1-200x267.jpg 200w, https:\/\/virtualnimuzej.aspira.hr\/wp-content\/uploads\/2023\/03\/Cushla-with-scarf-March-2023-1-225x300.jpg 225w, https:\/\/virtualnimuzej.aspira.hr\/wp-content\/uploads\/2023\/03\/Cushla-with-scarf-March-2023-1-400x533.jpg 400w, https:\/\/virtualnimuzej.aspira.hr\/wp-content\/uploads\/2023\/03\/Cushla-with-scarf-March-2023-1.jpg 480w\" sizes=\"(max-width: 223px) 100vw, 223px\" \/>\u00a0 \u00a0\u00a0 <img decoding=\"async\" class=\"alignnone wp-image-9744\" src=\"https:\/\/virtualnimuzej.aspira.hr\/wp-content\/uploads\/2023\/03\/093-2-300x283.jpg\" alt=\"\" width=\"316\" height=\"298\" srcset=\"https:\/\/virtualnimuzej.aspira.hr\/wp-content\/uploads\/2023\/03\/093-2-200x188.jpg 200w, https:\/\/virtualnimuzej.aspira.hr\/wp-content\/uploads\/2023\/03\/093-2-300x283.jpg 300w, https:\/\/virtualnimuzej.aspira.hr\/wp-content\/uploads\/2023\/03\/093-2-400x377.jpg 400w, https:\/\/virtualnimuzej.aspira.hr\/wp-content\/uploads\/2023\/03\/093-2.jpg 467w\" sizes=\"(max-width: 316px) 100vw, 316px\" \/><\/p>\n<p>Cushla, born in Warkworth in 1964, civil engineer, and her son Mark with her mother Dot<\/p>\n<p>&nbsp;<\/p>\n<p>Some Anich&#8217;s family photos:<\/p>\n\n\t\t<style type=\"text\/css\">\n\t\t\t#gallery-2 {\n\t\t\t\tmargin: auto;\n\t\t\t}\n\t\t\t#gallery-2 .gallery-item {\n\t\t\t\tfloat: left;\n\t\t\t\tmargin-top: 10px;\n\t\t\t\ttext-align: center;\n\t\t\t\twidth: 33%;\n\t\t\t}\n\t\t\t#gallery-2 img {\n\t\t\t\tborder: 2px solid #cfcfcf;\n\t\t\t}\n\t\t\t#gallery-2 .gallery-caption {\n\t\t\t\tmargin-left: 0;\n\t\t\t}\n\t\t\t\/* see gallery_shortcode() in wp-includes\/media.php *\/\n\t\t<\/style>\n\t\t<div id='gallery-2' class='gallery galleryid-9722 gallery-columns-3 gallery-size-thumbnail'><dl class='gallery-item'>\n\t\t\t<dt class='gallery-icon landscape'>\n\t\t\t\t<a data-rel=\"iLightbox[postimages]\" data-title=\"338\" data-caption=\"\" href='https:\/\/virtualnimuzej.aspira.hr\/en\/cushla-and-venessa-from-the-anich-family\/attachment\/338\/'><img decoding=\"async\" width=\"150\" height=\"150\" src=\"https:\/\/virtualnimuzej.aspira.hr\/wp-content\/uploads\/2023\/03\/338-3-150x150.jpg\" class=\"attachment-thumbnail size-thumbnail\" alt=\"\" srcset=\"https:\/\/virtualnimuzej.aspira.hr\/wp-content\/uploads\/2023\/03\/338-3-66x66.jpg 66w, https:\/\/virtualnimuzej.aspira.hr\/wp-content\/uploads\/2023\/03\/338-3-150x150.jpg 150w\" sizes=\"(max-width: 150px) 100vw, 150px\" \/><\/a>\n\t\t\t<\/dt><\/dl><dl class='gallery-item'>\n\t\t\t<dt class='gallery-icon landscape'>\n\t\t\t\t<a data-rel=\"iLightbox[postimages]\" data-title=\"342\" data-caption=\"\" href='https:\/\/virtualnimuzej.aspira.hr\/en\/cushla-and-venessa-from-the-anich-family\/attachment\/342\/'><img decoding=\"async\" width=\"150\" height=\"150\" src=\"https:\/\/virtualnimuzej.aspira.hr\/wp-content\/uploads\/2023\/03\/342-4-150x150.png\" class=\"attachment-thumbnail size-thumbnail\" alt=\"\" srcset=\"https:\/\/virtualnimuzej.aspira.hr\/wp-content\/uploads\/2023\/03\/342-4-66x66.png 66w, https:\/\/virtualnimuzej.aspira.hr\/wp-content\/uploads\/2023\/03\/342-4-150x150.png 150w\" sizes=\"(max-width: 150px) 100vw, 150px\" \/><\/a>\n\t\t\t<\/dt><\/dl><dl class='gallery-item'>\n\t\t\t<dt class='gallery-icon landscape'>\n\t\t\t\t<a data-rel=\"iLightbox[postimages]\" data-title=\"334\" data-caption=\"\" href='https:\/\/virtualnimuzej.aspira.hr\/en\/cushla-and-venessa-from-the-anich-family\/attachment\/334\/'><img decoding=\"async\" width=\"150\" height=\"150\" src=\"https:\/\/virtualnimuzej.aspira.hr\/wp-content\/uploads\/2023\/03\/334-1-150x150.jpg\" class=\"attachment-thumbnail size-thumbnail\" alt=\"\" srcset=\"https:\/\/virtualnimuzej.aspira.hr\/wp-content\/uploads\/2023\/03\/334-1-66x66.jpg 66w, https:\/\/virtualnimuzej.aspira.hr\/wp-content\/uploads\/2023\/03\/334-1-150x150.jpg 150w\" sizes=\"(max-width: 150px) 100vw, 150px\" \/><\/a>\n\t\t\t<\/dt><\/dl><br style=\"clear: both\" \/><dl class='gallery-item'>\n\t\t\t<dt class='gallery-icon landscape'>\n\t\t\t\t<a data-rel=\"iLightbox[postimages]\" data-title=\"341\" data-caption=\"\" href='https:\/\/virtualnimuzej.aspira.hr\/en\/cushla-and-venessa-from-the-anich-family\/attachment\/341\/'><img decoding=\"async\" width=\"150\" height=\"150\" src=\"https:\/\/virtualnimuzej.aspira.hr\/wp-content\/uploads\/2023\/03\/341-4-150x150.jpg\" class=\"attachment-thumbnail size-thumbnail\" alt=\"\" srcset=\"https:\/\/virtualnimuzej.aspira.hr\/wp-content\/uploads\/2023\/03\/341-4-66x66.jpg 66w, https:\/\/virtualnimuzej.aspira.hr\/wp-content\/uploads\/2023\/03\/341-4-150x150.jpg 150w\" sizes=\"(max-width: 150px) 100vw, 150px\" \/><\/a>\n\t\t\t<\/dt><\/dl><dl class='gallery-item'>\n\t\t\t<dt class='gallery-icon landscape'>\n\t\t\t\t<a data-rel=\"iLightbox[postimages]\" data-title=\"097\" data-caption=\"\" href='https:\/\/virtualnimuzej.aspira.hr\/en\/cushla-and-venessa-from-the-anich-family\/attachment\/097\/'><img decoding=\"async\" width=\"150\" height=\"150\" src=\"https:\/\/virtualnimuzej.aspira.hr\/wp-content\/uploads\/2023\/03\/097-1-150x150.png\" class=\"attachment-thumbnail size-thumbnail\" alt=\"\" srcset=\"https:\/\/virtualnimuzej.aspira.hr\/wp-content\/uploads\/2023\/03\/097-1-66x66.png 66w, https:\/\/virtualnimuzej.aspira.hr\/wp-content\/uploads\/2023\/03\/097-1-150x150.png 150w\" sizes=\"(max-width: 150px) 100vw, 150px\" \/><\/a>\n\t\t\t<\/dt><\/dl><dl class='gallery-item'>\n\t\t\t<dt class='gallery-icon landscape'>\n\t\t\t\t<a data-rel=\"iLightbox[postimages]\" data-title=\"336\" data-caption=\"\" href='https:\/\/virtualnimuzej.aspira.hr\/en\/cushla-and-venessa-from-the-anich-family\/attachment\/336\/'><img decoding=\"async\" width=\"150\" height=\"150\" src=\"https:\/\/virtualnimuzej.aspira.hr\/wp-content\/uploads\/2023\/03\/336-1-150x150.jpg\" class=\"attachment-thumbnail size-thumbnail\" alt=\"\" srcset=\"https:\/\/virtualnimuzej.aspira.hr\/wp-content\/uploads\/2023\/03\/336-1-66x66.jpg 66w, https:\/\/virtualnimuzej.aspira.hr\/wp-content\/uploads\/2023\/03\/336-1-150x150.jpg 150w\" sizes=\"(max-width: 150px) 100vw, 150px\" \/><\/a>\n\t\t\t<\/dt><\/dl><br style=\"clear: both\" \/>\n\t\t<\/div>\n\n<p>&nbsp;<\/p>\n<p>Branka Bezi\u0107 Filipovi\u0107<\/p>\n<p>&nbsp;<\/p>\n","protected":false},"excerpt":{"rendered":"<p>&nbsp; Anich, Tony (Tex), was born in Su\u0107uraj (island of Hvar) in 1919. His father Ivan was from Slivno (in the mainland), and he came to Su\u0107uraj with his brother [&hellip;]<\/p>\n","protected":false},"author":1,"featured_media":9723,"comment_status":"open","ping_status":"open","sticky":false,"template":"","format":"standard","meta":{"footnotes":""},"categories":[45],"tags":[],"class_list":["post-9722","post","type-post","status-publish","format-standard","has-post-thumbnail","hentry","category-new-zealand"],"yoast_head":"<!-- This site is optimized with the Yoast SEO plugin v20.7 - https:\/\/yoast.com\/wordpress\/plugins\/seo\/ -->\n<title>CUSHLA AND VENESSA FROM THE ANICH FAMILY - Aspira Virtualni Muzej iseljeni\u0161tva Dalmacije<\/title>\n<meta name=\"robots\" content=\"index, follow, max-snippet:-1, max-image-preview:large, max-video-preview:-1\" \/>\n<link rel=\"canonical\" href=\"https:\/\/virtualnimuzej.aspira.hr\/en\/cushla-and-venessa-from-the-anich-family\/\" \/>\n<meta property=\"og:locale\" content=\"en_US\" \/>\n<meta property=\"og:type\" content=\"article\" \/>\n<meta property=\"og:title\" content=\"CUSHLA AND VENESSA FROM THE ANICH FAMILY - Aspira Virtualni Muzej iseljeni\u0161tva Dalmacije\" \/>\n<meta property=\"og:description\" content=\"&nbsp; Anich, Tony (Tex), was born in Su\u0107uraj (island of Hvar) in 1919. His father Ivan was from Slivno (in the mainland), and he came to Su\u0107uraj with his brother [&hellip;]\" \/>\n<meta property=\"og:url\" content=\"https:\/\/virtualnimuzej.aspira.hr\/en\/cushla-and-venessa-from-the-anich-family\/\" \/>\n<meta property=\"og:site_name\" content=\"Aspira Virtualni Muzej iseljeni\u0161tva Dalmacije\" \/>\n<meta property=\"article:published_time\" content=\"2023-03-26T11:38:39+00:00\" \/>\n<meta property=\"article:modified_time\" content=\"2023-03-26T11:58:10+00:00\" \/>\n<meta property=\"og:image\" content=\"https:\/\/virtualnimuzej.aspira.hr\/wp-content\/uploads\/2023\/03\/photo0jpg-1.jpg\" \/>\n\t<meta property=\"og:image:width\" content=\"400\" \/>\n\t<meta property=\"og:image:height\" content=\"300\" \/>\n\t<meta property=\"og:image:type\" content=\"image\/jpeg\" \/>\n<meta name=\"author\" content=\"VmuzejAspira\" \/>\n<meta name=\"twitter:card\" content=\"summary_large_image\" \/>\n<meta name=\"twitter:label1\" content=\"Written by\" \/>\n\t<meta name=\"twitter:data1\" content=\"VmuzejAspira\" \/>\n\t<meta name=\"twitter:label2\" content=\"Est. reading time\" \/>\n\t<meta name=\"twitter:data2\" content=\"5 minutes\" \/>\n<script type=\"application\/ld+json\" class=\"yoast-schema-graph\">{\"@context\":\"https:\/\/schema.org\",\"@graph\":[{\"@type\":\"WebPage\",\"@id\":\"https:\/\/virtualnimuzej.aspira.hr\/en\/cushla-and-venessa-from-the-anich-family\/\",\"url\":\"https:\/\/virtualnimuzej.aspira.hr\/en\/cushla-and-venessa-from-the-anich-family\/\",\"name\":\"CUSHLA AND VENESSA FROM THE ANICH FAMILY - Aspira Virtualni Muzej iseljeni\u0161tva Dalmacije\",\"isPartOf\":{\"@id\":\"https:\/\/virtualnimuzej.aspira.hr\/#website\"},\"datePublished\":\"2023-03-26T11:38:39+00:00\",\"dateModified\":\"2023-03-26T11:58:10+00:00\",\"author\":{\"@id\":\"https:\/\/virtualnimuzej.aspira.hr\/#\/schema\/person\/8b28048370e78968988c04d6f1ba104d\"},\"breadcrumb\":{\"@id\":\"https:\/\/virtualnimuzej.aspira.hr\/en\/cushla-and-venessa-from-the-anich-family\/#breadcrumb\"},\"inLanguage\":\"en-US\",\"potentialAction\":[{\"@type\":\"ReadAction\",\"target\":[\"https:\/\/virtualnimuzej.aspira.hr\/en\/cushla-and-venessa-from-the-anich-family\/\"]}]},{\"@type\":\"BreadcrumbList\",\"@id\":\"https:\/\/virtualnimuzej.aspira.hr\/en\/cushla-and-venessa-from-the-anich-family\/#breadcrumb\",\"itemListElement\":[{\"@type\":\"ListItem\",\"position\":1,\"name\":\"Naslovna\",\"item\":\"https:\/\/virtualnimuzej.aspira.hr\/en\/\"},{\"@type\":\"ListItem\",\"position\":2,\"name\":\"CUSHLA AND VENESSA FROM THE ANICH FAMILY\"}]},{\"@type\":\"WebSite\",\"@id\":\"https:\/\/virtualnimuzej.aspira.hr\/#website\",\"url\":\"https:\/\/virtualnimuzej.aspira.hr\/\",\"name\":\"Aspira Virtualni Muzej iseljeni\u0161tva Dalmacije\",\"description\":\"Muzej iseljeni\u0161tva je zami\u0161ljen kao mjesto skupljanja i prezentacije gra\u0111e o hrvatskom iseljeni\u0161tvu i povijesti iseljavanja koja nikada nije bila dovoljno istra\u017eena.\",\"potentialAction\":[{\"@type\":\"SearchAction\",\"target\":{\"@type\":\"EntryPoint\",\"urlTemplate\":\"https:\/\/virtualnimuzej.aspira.hr\/?s={search_term_string}\"},\"query-input\":\"required name=search_term_string\"}],\"inLanguage\":\"en-US\"},{\"@type\":\"Person\",\"@id\":\"https:\/\/virtualnimuzej.aspira.hr\/#\/schema\/person\/8b28048370e78968988c04d6f1ba104d\",\"name\":\"VmuzejAspira\",\"image\":{\"@type\":\"ImageObject\",\"inLanguage\":\"en-US\",\"@id\":\"https:\/\/virtualnimuzej.aspira.hr\/#\/schema\/person\/image\/\",\"url\":\"https:\/\/secure.gravatar.com\/avatar\/cfa7124a34eec5233efffe1e8fb23c18bb83abdb6129e8f47c9144109613a228?s=96&d=mm&r=g\",\"contentUrl\":\"https:\/\/secure.gravatar.com\/avatar\/cfa7124a34eec5233efffe1e8fb23c18bb83abdb6129e8f47c9144109613a228?s=96&d=mm&r=g\",\"caption\":\"VmuzejAspira\"},\"sameAs\":[\"http:\/\/virtualnimuzej.aspira.hr\"],\"url\":\"https:\/\/virtualnimuzej.aspira.hr\/en\/author\/vmuzejaspira\/\"}]}<\/script>\n<!-- \/ Yoast SEO plugin. -->","yoast_head_json":{"title":"CUSHLA AND VENESSA FROM THE ANICH FAMILY - Aspira Virtualni Muzej iseljeni\u0161tva Dalmacije","robots":{"index":"index","follow":"follow","max-snippet":"max-snippet:-1","max-image-preview":"max-image-preview:large","max-video-preview":"max-video-preview:-1"},"canonical":"https:\/\/virtualnimuzej.aspira.hr\/en\/cushla-and-venessa-from-the-anich-family\/","og_locale":"en_US","og_type":"article","og_title":"CUSHLA AND VENESSA FROM THE ANICH FAMILY - Aspira Virtualni Muzej iseljeni\u0161tva Dalmacije","og_description":"&nbsp; Anich, Tony (Tex), was born in Su\u0107uraj (island of Hvar) in 1919. His father Ivan was from Slivno (in the mainland), and he came to Su\u0107uraj with his brother [&hellip;]","og_url":"https:\/\/virtualnimuzej.aspira.hr\/en\/cushla-and-venessa-from-the-anich-family\/","og_site_name":"Aspira Virtualni Muzej iseljeni\u0161tva Dalmacije","article_published_time":"2023-03-26T11:38:39+00:00","article_modified_time":"2023-03-26T11:58:10+00:00","og_image":[{"width":400,"height":300,"url":"https:\/\/virtualnimuzej.aspira.hr\/wp-content\/uploads\/2023\/03\/photo0jpg-1.jpg","type":"image\/jpeg"}],"author":"VmuzejAspira","twitter_card":"summary_large_image","twitter_misc":{"Written by":"VmuzejAspira","Est. reading time":"5 minutes"},"schema":{"@context":"https:\/\/schema.org","@graph":[{"@type":"WebPage","@id":"https:\/\/virtualnimuzej.aspira.hr\/en\/cushla-and-venessa-from-the-anich-family\/","url":"https:\/\/virtualnimuzej.aspira.hr\/en\/cushla-and-venessa-from-the-anich-family\/","name":"CUSHLA AND VENESSA FROM THE ANICH FAMILY - Aspira Virtualni Muzej iseljeni\u0161tva Dalmacije","isPartOf":{"@id":"https:\/\/virtualnimuzej.aspira.hr\/#website"},"datePublished":"2023-03-26T11:38:39+00:00","dateModified":"2023-03-26T11:58:10+00:00","author":{"@id":"https:\/\/virtualnimuzej.aspira.hr\/#\/schema\/person\/8b28048370e78968988c04d6f1ba104d"},"breadcrumb":{"@id":"https:\/\/virtualnimuzej.aspira.hr\/en\/cushla-and-venessa-from-the-anich-family\/#breadcrumb"},"inLanguage":"en-US","potentialAction":[{"@type":"ReadAction","target":["https:\/\/virtualnimuzej.aspira.hr\/en\/cushla-and-venessa-from-the-anich-family\/"]}]},{"@type":"BreadcrumbList","@id":"https:\/\/virtualnimuzej.aspira.hr\/en\/cushla-and-venessa-from-the-anich-family\/#breadcrumb","itemListElement":[{"@type":"ListItem","position":1,"name":"Naslovna","item":"https:\/\/virtualnimuzej.aspira.hr\/en\/"},{"@type":"ListItem","position":2,"name":"CUSHLA AND VENESSA FROM THE ANICH FAMILY"}]},{"@type":"WebSite","@id":"https:\/\/virtualnimuzej.aspira.hr\/#website","url":"https:\/\/virtualnimuzej.aspira.hr\/","name":"Aspira Virtualni Muzej iseljeni\u0161tva Dalmacije","description":"Muzej iseljeni\u0161tva je zami\u0161ljen kao mjesto skupljanja i prezentacije gra\u0111e o hrvatskom iseljeni\u0161tvu i povijesti iseljavanja koja nikada nije bila dovoljno istra\u017eena.","potentialAction":[{"@type":"SearchAction","target":{"@type":"EntryPoint","urlTemplate":"https:\/\/virtualnimuzej.aspira.hr\/?s={search_term_string}"},"query-input":"required name=search_term_string"}],"inLanguage":"en-US"},{"@type":"Person","@id":"https:\/\/virtualnimuzej.aspira.hr\/#\/schema\/person\/8b28048370e78968988c04d6f1ba104d","name":"VmuzejAspira","image":{"@type":"ImageObject","inLanguage":"en-US","@id":"https:\/\/virtualnimuzej.aspira.hr\/#\/schema\/person\/image\/","url":"https:\/\/secure.gravatar.com\/avatar\/cfa7124a34eec5233efffe1e8fb23c18bb83abdb6129e8f47c9144109613a228?s=96&d=mm&r=g","contentUrl":"https:\/\/secure.gravatar.com\/avatar\/cfa7124a34eec5233efffe1e8fb23c18bb83abdb6129e8f47c9144109613a228?s=96&d=mm&r=g","caption":"VmuzejAspira"},"sameAs":["http:\/\/virtualnimuzej.aspira.hr"],"url":"https:\/\/virtualnimuzej.aspira.hr\/en\/author\/vmuzejaspira\/"}]}},"_links":{"self":[{"href":"https:\/\/virtualnimuzej.aspira.hr\/en\/wp-json\/wp\/v2\/posts\/9722","targetHints":{"allow":["GET"]}}],"collection":[{"href":"https:\/\/virtualnimuzej.aspira.hr\/en\/wp-json\/wp\/v2\/posts"}],"about":[{"href":"https:\/\/virtualnimuzej.aspira.hr\/en\/wp-json\/wp\/v2\/types\/post"}],"author":[{"embeddable":true,"href":"https:\/\/virtualnimuzej.aspira.hr\/en\/wp-json\/wp\/v2\/users\/1"}],"replies":[{"embeddable":true,"href":"https:\/\/virtualnimuzej.aspira.hr\/en\/wp-json\/wp\/v2\/comments?post=9722"}],"version-history":[{"count":2,"href":"https:\/\/virtualnimuzej.aspira.hr\/en\/wp-json\/wp\/v2\/posts\/9722\/revisions"}],"predecessor-version":[{"id":9839,"href":"https:\/\/virtualnimuzej.aspira.hr\/en\/wp-json\/wp\/v2\/posts\/9722\/revisions\/9839"}],"wp:featuredmedia":[{"embeddable":true,"href":"https:\/\/virtualnimuzej.aspira.hr\/en\/wp-json\/wp\/v2\/media\/9723"}],"wp:attachment":[{"href":"https:\/\/virtualnimuzej.aspira.hr\/en\/wp-json\/wp\/v2\/media?parent=9722"}],"wp:term":[{"taxonomy":"category","embeddable":true,"href":"https:\/\/virtualnimuzej.aspira.hr\/en\/wp-json\/wp\/v2\/categories?post=9722"},{"taxonomy":"post_tag","embeddable":true,"href":"https:\/\/virtualnimuzej.aspira.hr\/en\/wp-json\/wp\/v2\/tags?post=9722"}],"curies":[{"name":"wp","href":"https:\/\/api.w.org\/{rel}","templated":true}]}}