{"id":10000,"date":"2023-05-02T17:24:26","date_gmt":"2023-05-02T15:24:26","guid":{"rendered":"https:\/\/virtualnimuzej.aspira.hr\/?p=10000"},"modified":"2023-05-02T17:24:26","modified_gmt":"2023-05-02T15:24:26","slug":"steve-ravic","status":"publish","type":"post","link":"https:\/\/virtualnimuzej.aspira.hr\/es\/steve-ravic\/","title":{"rendered":"STEVE RAVIC"},"content":{"rendered":"<p>&nbsp;<\/p>\n<p>STEVE RAVIC (Stipe Ravi\u0107) es un director de cine, productor y escritor australiano-croata reconocido internacionalmente de Australia que tambi\u00e9n se ocupa de hablar en p\u00fablico, tutor\u00eda, administraci\u00f3n y periodismo de investigaci\u00f3n.<\/p>\n<p>Naci\u00f3 en una familia croata en Melbourne, Australia en 1973. Creci\u00f3 en los suburbios del oeste de Melbourne, en St. Albans, conocido enclave de la di\u00e1spora croata, de la que es miembro activo desde su juventud. Hoy, escribe activamente para los peri\u00f3dicos m\u00e1s famosos de la di\u00e1spora croata, como \u00abVjesnik\u00bb (Croatian Herald) de Australia.<\/p>\n<p>En sus diversos proyectos, tambi\u00e9n colabora con numerosos croatas destacados de todo el mundo, como Charles Billich y Marko Perkovi\u0107 Thompson. Comenz\u00f3 su carrera como creador de producciones innovadoras de videos musicales y documentales de rock para artistas consagrados y populares a nivel internacional, y como organizador de espect\u00e1culos y eventos musicales, pero tambi\u00e9n como actor, aunque ocasionalmente cuando le intriga.<\/p>\n<p>Como propietario de la empresa Metal Warriors Pty. Ltd.\u00bb trabaj\u00f3 en la escena musical como promotor, productor, manager y particip\u00f3 en varias giras y festivales con bandas internacionales de Rock \/ Heavy Metal como Dungeon, MYSTERY (la banda de su hijo Rocky), Vanishing Point, ManOwar, Alice Cooper, Doro, Motorhead, Destruction, Edguy, Saxon, Iron Maiden, Twisted Sister, Guns &#8216;n&#8217; Roses, Scorpions, The Poodles, Europe, Gamma Ray, The Sweet, Angra, Nightwish, Rhapsody, Megadeth y muchos m\u00e1s.<\/p>\n<p>Como director, prob\u00f3 suerte en diferentes estilos y g\u00e9neros cinematogr\u00e1ficos, desde videos musicales populares y documentales de rock hasta largometrajes en los que respiraba su firma art\u00edstica \u00fanica. Algunos de los proyectos bajo su liderazgo o gracias a su participaci\u00f3n lograron distribuci\u00f3n a trav\u00e9s de empresas como Universal Music, Sony, Warner\/East West, Nuclear Blast, y fueron transmitidos por grandes cadenas comerciales de televisi\u00f3n como RTL europea, ABC en Australia y televisi\u00f3n por cable. alrededor del mundo.<\/p>\n<p>Su primer largometraje, \u00abWarrior\u00bb (tambi\u00e9n conocido como \u00abMetal Warriors\u00bb), un drama callejero inusual que \u00e9l mismo dirigi\u00f3, escribi\u00f3 y actu\u00f3, se proyect\u00f3 en los cines australianos en 2010\/11. a\u00f1o, despu\u00e9s del estreno en el festival de cine m\u00e1s prestigioso de Cannes bajo los auspicios de la Australian Film Commission.<\/p>\n<p>En 2010, Frontiers Records lanz\u00f3 el documental y concierto de Ravi\u0107 \u00abThe Poodles: In The Flesh\u00bb sobre la banda sueca m\u00e1s popular en ese momento, The Poodles. Un documental que ha sido galardonado con numerosos premios y elogios. Ravi\u0107 tambi\u00e9n produjo varios proyectos con varias bandas internacionales muy populares como Doro (Alemania), Manowar (EE. UU.) y Rhapsody (Italia). Entre otras varias producciones, en 2006, Ravi\u0107 complet\u00f3 la pel\u00edcula \u00bbDiary of a Fatman\u00bb, una comedia que tambi\u00e9n gan\u00f3 varios premios internacionales en Los \u00c1ngeles y recibi\u00f3 el premio Hollywood Dreams como mejor director en el festival AOF despu\u00e9s de su estreno. en el festival de cine de Cannes en 2016.<\/p>\n<p>En 2019, regresa al Festival de Cine de Cannes como director y productor con el estreno mundial de su pel\u00edcula documental \u00abBillich: Beyond The Canvas\u00bb, dedicada al mundialmente famoso pintor, el croata australiano Charles Billich.<\/p>\n<p>En 2022, su thriller de acci\u00f3n Hotel Underground se proyecta en el Festival de Cine de Cannes, protagonizado por James Storm de EE. UU., el campe\u00f3n mundial de lucha libre profesional de TNA y el popular actor australiano Andy McPhee. Su pel\u00edcula gan\u00f3 una gran cantidad de premios internacionales en el Festival de Cine de Los \u00c1ngeles, y el propio Ravi\u0107 gan\u00f3 el premio de oro como mejor director.<\/p>\n<p>&nbsp;<\/p>\n\n\t\t<style type=\"text\/css\">\n\t\t\t#gallery-1 {\n\t\t\t\tmargin: auto;\n\t\t\t}\n\t\t\t#gallery-1 .gallery-item {\n\t\t\t\tfloat: left;\n\t\t\t\tmargin-top: 10px;\n\t\t\t\ttext-align: center;\n\t\t\t\twidth: 33%;\n\t\t\t}\n\t\t\t#gallery-1 img {\n\t\t\t\tborder: 2px solid #cfcfcf;\n\t\t\t}\n\t\t\t#gallery-1 .gallery-caption {\n\t\t\t\tmargin-left: 0;\n\t\t\t}\n\t\t\t\/* see gallery_shortcode() in wp-includes\/media.php *\/\n\t\t<\/style>\n\t\t<div id='gallery-1' class='gallery galleryid-10000 gallery-columns-3 gallery-size-thumbnail'><dl class='gallery-item'>\n\t\t\t<dt class='gallery-icon portrait'>\n\t\t\t\t<a data-rel=\"iLightbox[postimages]\" data-title=\"ravic 1\" data-caption=\"\" href='https:\/\/virtualnimuzej.aspira.hr\/es\/ravic-1-2\/'><img decoding=\"async\" width=\"150\" height=\"150\" src=\"https:\/\/virtualnimuzej.aspira.hr\/wp-content\/uploads\/2023\/05\/ravic-1-150x150.jpg\" class=\"attachment-thumbnail size-thumbnail\" alt=\"\" srcset=\"https:\/\/virtualnimuzej.aspira.hr\/wp-content\/uploads\/2023\/05\/ravic-1-66x66.jpg 66w, https:\/\/virtualnimuzej.aspira.hr\/wp-content\/uploads\/2023\/05\/ravic-1-150x150.jpg 150w\" sizes=\"(max-width: 150px) 100vw, 150px\" \/><\/a>\n\t\t\t<\/dt><\/dl><dl class='gallery-item'>\n\t\t\t<dt class='gallery-icon portrait'>\n\t\t\t\t<a data-rel=\"iLightbox[postimages]\" data-title=\"ravic 3\" data-caption=\"\" href='https:\/\/virtualnimuzej.aspira.hr\/es\/ravic-3-2\/'><img decoding=\"async\" width=\"150\" height=\"150\" src=\"https:\/\/virtualnimuzej.aspira.hr\/wp-content\/uploads\/2023\/05\/ravic-3-150x150.jpg\" class=\"attachment-thumbnail size-thumbnail\" alt=\"\" srcset=\"https:\/\/virtualnimuzej.aspira.hr\/wp-content\/uploads\/2023\/05\/ravic-3-66x66.jpg 66w, https:\/\/virtualnimuzej.aspira.hr\/wp-content\/uploads\/2023\/05\/ravic-3-150x150.jpg 150w\" sizes=\"(max-width: 150px) 100vw, 150px\" \/><\/a>\n\t\t\t<\/dt><\/dl><dl class='gallery-item'>\n\t\t\t<dt class='gallery-icon portrait'>\n\t\t\t\t<a data-rel=\"iLightbox[postimages]\" data-title=\"ravic 2\" data-caption=\"\" href='https:\/\/virtualnimuzej.aspira.hr\/es\/ravic-2-2\/'><img decoding=\"async\" width=\"150\" height=\"150\" src=\"https:\/\/virtualnimuzej.aspira.hr\/wp-content\/uploads\/2023\/05\/ravic-2-150x150.jpg\" class=\"attachment-thumbnail size-thumbnail\" alt=\"\" srcset=\"https:\/\/virtualnimuzej.aspira.hr\/wp-content\/uploads\/2023\/05\/ravic-2-66x66.jpg 66w, https:\/\/virtualnimuzej.aspira.hr\/wp-content\/uploads\/2023\/05\/ravic-2-150x150.jpg 150w\" sizes=\"(max-width: 150px) 100vw, 150px\" \/><\/a>\n\t\t\t<\/dt><\/dl><br style=\"clear: both\" \/>\n\t\t<\/div>\n\n<p>&nbsp;<\/p>\n","protected":false},"excerpt":{"rendered":"<p>&nbsp; STEVE RAVIC (Stipe Ravi\u0107) es un director de cine, productor y escritor australiano-croata reconocido internacionalmente de Australia que tambi\u00e9n se ocupa de hablar en p\u00fablico, tutor\u00eda, administraci\u00f3n y periodismo [&hellip;]<\/p>\n","protected":false},"author":1,"featured_media":9998,"comment_status":"open","ping_status":"open","sticky":false,"template":"","format":"standard","meta":{"footnotes":""},"categories":[71],"tags":[],"class_list":["post-10000","post","type-post","status-publish","format-standard","has-post-thumbnail","hentry","category-australia-es"],"yoast_head":"<!-- This site is optimized with the Yoast SEO plugin v20.7 - https:\/\/yoast.com\/wordpress\/plugins\/seo\/ -->\n<title>STEVE RAVIC - Aspira Virtualni Muzej iseljeni\u0161tva Dalmacije<\/title>\n<meta name=\"robots\" content=\"index, follow, max-snippet:-1, max-image-preview:large, max-video-preview:-1\" \/>\n<link rel=\"canonical\" href=\"https:\/\/virtualnimuzej.aspira.hr\/es\/steve-ravic\/\" \/>\n<meta property=\"og:locale\" content=\"es_ES\" \/>\n<meta property=\"og:type\" content=\"article\" \/>\n<meta property=\"og:title\" content=\"STEVE RAVIC - Aspira Virtualni Muzej iseljeni\u0161tva Dalmacije\" \/>\n<meta property=\"og:description\" content=\"&nbsp; STEVE RAVIC (Stipe Ravi\u0107) es un director de cine, productor y escritor australiano-croata reconocido internacionalmente de Australia que tambi\u00e9n se ocupa de hablar en p\u00fablico, tutor\u00eda, administraci\u00f3n y periodismo [&hellip;]\" \/>\n<meta property=\"og:url\" content=\"https:\/\/virtualnimuzej.aspira.hr\/es\/steve-ravic\/\" \/>\n<meta property=\"og:site_name\" content=\"Aspira Virtualni Muzej iseljeni\u0161tva Dalmacije\" \/>\n<meta property=\"article:published_time\" content=\"2023-05-02T15:24:26+00:00\" \/>\n<meta property=\"og:image\" content=\"https:\/\/virtualnimuzej.aspira.hr\/wp-content\/uploads\/2023\/05\/download-1-2.jpg\" \/>\n\t<meta property=\"og:image:width\" content=\"500\" \/>\n\t<meta property=\"og:image:height\" content=\"281\" \/>\n\t<meta property=\"og:image:type\" content=\"image\/jpeg\" \/>\n<meta name=\"author\" content=\"VmuzejAspira\" \/>\n<meta name=\"twitter:card\" content=\"summary_large_image\" \/>\n<meta name=\"twitter:label1\" content=\"Escrito por\" \/>\n\t<meta name=\"twitter:data1\" content=\"VmuzejAspira\" \/>\n\t<meta name=\"twitter:label2\" content=\"Tiempo de lectura\" \/>\n\t<meta name=\"twitter:data2\" content=\"3 minutos\" \/>\n<script type=\"application\/ld+json\" class=\"yoast-schema-graph\">{\"@context\":\"https:\/\/schema.org\",\"@graph\":[{\"@type\":\"WebPage\",\"@id\":\"https:\/\/virtualnimuzej.aspira.hr\/es\/steve-ravic\/\",\"url\":\"https:\/\/virtualnimuzej.aspira.hr\/es\/steve-ravic\/\",\"name\":\"STEVE RAVIC - Aspira Virtualni Muzej iseljeni\u0161tva Dalmacije\",\"isPartOf\":{\"@id\":\"https:\/\/virtualnimuzej.aspira.hr\/#website\"},\"datePublished\":\"2023-05-02T15:24:26+00:00\",\"dateModified\":\"2023-05-02T15:24:26+00:00\",\"author\":{\"@id\":\"https:\/\/virtualnimuzej.aspira.hr\/#\/schema\/person\/8b28048370e78968988c04d6f1ba104d\"},\"breadcrumb\":{\"@id\":\"https:\/\/virtualnimuzej.aspira.hr\/es\/steve-ravic\/#breadcrumb\"},\"inLanguage\":\"es\",\"potentialAction\":[{\"@type\":\"ReadAction\",\"target\":[\"https:\/\/virtualnimuzej.aspira.hr\/es\/steve-ravic\/\"]}]},{\"@type\":\"BreadcrumbList\",\"@id\":\"https:\/\/virtualnimuzej.aspira.hr\/es\/steve-ravic\/#breadcrumb\",\"itemListElement\":[{\"@type\":\"ListItem\",\"position\":1,\"name\":\"Naslovna\",\"item\":\"https:\/\/virtualnimuzej.aspira.hr\/es\/\"},{\"@type\":\"ListItem\",\"position\":2,\"name\":\"STEVE RAVIC\"}]},{\"@type\":\"WebSite\",\"@id\":\"https:\/\/virtualnimuzej.aspira.hr\/#website\",\"url\":\"https:\/\/virtualnimuzej.aspira.hr\/\",\"name\":\"Aspira Virtualni Muzej iseljeni\u0161tva Dalmacije\",\"description\":\"Muzej iseljeni\u0161tva je zami\u0161ljen kao mjesto skupljanja i prezentacije gra\u0111e o hrvatskom iseljeni\u0161tvu i povijesti iseljavanja koja nikada nije bila dovoljno istra\u017eena.\",\"potentialAction\":[{\"@type\":\"SearchAction\",\"target\":{\"@type\":\"EntryPoint\",\"urlTemplate\":\"https:\/\/virtualnimuzej.aspira.hr\/?s={search_term_string}\"},\"query-input\":\"required name=search_term_string\"}],\"inLanguage\":\"es\"},{\"@type\":\"Person\",\"@id\":\"https:\/\/virtualnimuzej.aspira.hr\/#\/schema\/person\/8b28048370e78968988c04d6f1ba104d\",\"name\":\"VmuzejAspira\",\"image\":{\"@type\":\"ImageObject\",\"inLanguage\":\"es\",\"@id\":\"https:\/\/virtualnimuzej.aspira.hr\/#\/schema\/person\/image\/\",\"url\":\"https:\/\/secure.gravatar.com\/avatar\/cfa7124a34eec5233efffe1e8fb23c18bb83abdb6129e8f47c9144109613a228?s=96&d=mm&r=g\",\"contentUrl\":\"https:\/\/secure.gravatar.com\/avatar\/cfa7124a34eec5233efffe1e8fb23c18bb83abdb6129e8f47c9144109613a228?s=96&d=mm&r=g\",\"caption\":\"VmuzejAspira\"},\"sameAs\":[\"http:\/\/virtualnimuzej.aspira.hr\"],\"url\":\"https:\/\/virtualnimuzej.aspira.hr\/es\/author\/vmuzejaspira\/\"}]}<\/script>\n<!-- \/ Yoast SEO plugin. -->","yoast_head_json":{"title":"STEVE RAVIC - Aspira Virtualni Muzej iseljeni\u0161tva Dalmacije","robots":{"index":"index","follow":"follow","max-snippet":"max-snippet:-1","max-image-preview":"max-image-preview:large","max-video-preview":"max-video-preview:-1"},"canonical":"https:\/\/virtualnimuzej.aspira.hr\/es\/steve-ravic\/","og_locale":"es_ES","og_type":"article","og_title":"STEVE RAVIC - Aspira Virtualni Muzej iseljeni\u0161tva Dalmacije","og_description":"&nbsp; STEVE RAVIC (Stipe Ravi\u0107) es un director de cine, productor y escritor australiano-croata reconocido internacionalmente de Australia que tambi\u00e9n se ocupa de hablar en p\u00fablico, tutor\u00eda, administraci\u00f3n y periodismo [&hellip;]","og_url":"https:\/\/virtualnimuzej.aspira.hr\/es\/steve-ravic\/","og_site_name":"Aspira Virtualni Muzej iseljeni\u0161tva Dalmacije","article_published_time":"2023-05-02T15:24:26+00:00","og_image":[{"width":500,"height":281,"url":"https:\/\/virtualnimuzej.aspira.hr\/wp-content\/uploads\/2023\/05\/download-1-2.jpg","type":"image\/jpeg"}],"author":"VmuzejAspira","twitter_card":"summary_large_image","twitter_misc":{"Escrito por":"VmuzejAspira","Tiempo de lectura":"3 minutos"},"schema":{"@context":"https:\/\/schema.org","@graph":[{"@type":"WebPage","@id":"https:\/\/virtualnimuzej.aspira.hr\/es\/steve-ravic\/","url":"https:\/\/virtualnimuzej.aspira.hr\/es\/steve-ravic\/","name":"STEVE RAVIC - Aspira Virtualni Muzej iseljeni\u0161tva Dalmacije","isPartOf":{"@id":"https:\/\/virtualnimuzej.aspira.hr\/#website"},"datePublished":"2023-05-02T15:24:26+00:00","dateModified":"2023-05-02T15:24:26+00:00","author":{"@id":"https:\/\/virtualnimuzej.aspira.hr\/#\/schema\/person\/8b28048370e78968988c04d6f1ba104d"},"breadcrumb":{"@id":"https:\/\/virtualnimuzej.aspira.hr\/es\/steve-ravic\/#breadcrumb"},"inLanguage":"es","potentialAction":[{"@type":"ReadAction","target":["https:\/\/virtualnimuzej.aspira.hr\/es\/steve-ravic\/"]}]},{"@type":"BreadcrumbList","@id":"https:\/\/virtualnimuzej.aspira.hr\/es\/steve-ravic\/#breadcrumb","itemListElement":[{"@type":"ListItem","position":1,"name":"Naslovna","item":"https:\/\/virtualnimuzej.aspira.hr\/es\/"},{"@type":"ListItem","position":2,"name":"STEVE RAVIC"}]},{"@type":"WebSite","@id":"https:\/\/virtualnimuzej.aspira.hr\/#website","url":"https:\/\/virtualnimuzej.aspira.hr\/","name":"Aspira Virtualni Muzej iseljeni\u0161tva Dalmacije","description":"Muzej iseljeni\u0161tva je zami\u0161ljen kao mjesto skupljanja i prezentacije gra\u0111e o hrvatskom iseljeni\u0161tvu i povijesti iseljavanja koja nikada nije bila dovoljno istra\u017eena.","potentialAction":[{"@type":"SearchAction","target":{"@type":"EntryPoint","urlTemplate":"https:\/\/virtualnimuzej.aspira.hr\/?s={search_term_string}"},"query-input":"required name=search_term_string"}],"inLanguage":"es"},{"@type":"Person","@id":"https:\/\/virtualnimuzej.aspira.hr\/#\/schema\/person\/8b28048370e78968988c04d6f1ba104d","name":"VmuzejAspira","image":{"@type":"ImageObject","inLanguage":"es","@id":"https:\/\/virtualnimuzej.aspira.hr\/#\/schema\/person\/image\/","url":"https:\/\/secure.gravatar.com\/avatar\/cfa7124a34eec5233efffe1e8fb23c18bb83abdb6129e8f47c9144109613a228?s=96&d=mm&r=g","contentUrl":"https:\/\/secure.gravatar.com\/avatar\/cfa7124a34eec5233efffe1e8fb23c18bb83abdb6129e8f47c9144109613a228?s=96&d=mm&r=g","caption":"VmuzejAspira"},"sameAs":["http:\/\/virtualnimuzej.aspira.hr"],"url":"https:\/\/virtualnimuzej.aspira.hr\/es\/author\/vmuzejaspira\/"}]}},"_links":{"self":[{"href":"https:\/\/virtualnimuzej.aspira.hr\/es\/wp-json\/wp\/v2\/posts\/10000","targetHints":{"allow":["GET"]}}],"collection":[{"href":"https:\/\/virtualnimuzej.aspira.hr\/es\/wp-json\/wp\/v2\/posts"}],"about":[{"href":"https:\/\/virtualnimuzej.aspira.hr\/es\/wp-json\/wp\/v2\/types\/post"}],"author":[{"embeddable":true,"href":"https:\/\/virtualnimuzej.aspira.hr\/es\/wp-json\/wp\/v2\/users\/1"}],"replies":[{"embeddable":true,"href":"https:\/\/virtualnimuzej.aspira.hr\/es\/wp-json\/wp\/v2\/comments?post=10000"}],"version-history":[{"count":1,"href":"https:\/\/virtualnimuzej.aspira.hr\/es\/wp-json\/wp\/v2\/posts\/10000\/revisions"}],"predecessor-version":[{"id":10001,"href":"https:\/\/virtualnimuzej.aspira.hr\/es\/wp-json\/wp\/v2\/posts\/10000\/revisions\/10001"}],"wp:featuredmedia":[{"embeddable":true,"href":"https:\/\/virtualnimuzej.aspira.hr\/es\/wp-json\/wp\/v2\/media\/9998"}],"wp:attachment":[{"href":"https:\/\/virtualnimuzej.aspira.hr\/es\/wp-json\/wp\/v2\/media?parent=10000"}],"wp:term":[{"taxonomy":"category","embeddable":true,"href":"https:\/\/virtualnimuzej.aspira.hr\/es\/wp-json\/wp\/v2\/categories?post=10000"},{"taxonomy":"post_tag","embeddable":true,"href":"https:\/\/virtualnimuzej.aspira.hr\/es\/wp-json\/wp\/v2\/tags?post=10000"}],"curies":[{"name":"wp","href":"https:\/\/api.w.org\/{rel}","templated":true}]}}