{"id":10113,"date":"2023-05-04T19:24:02","date_gmt":"2023-05-04T17:24:02","guid":{"rendered":"https:\/\/virtualnimuzej.aspira.hr\/?p=10113"},"modified":"2025-04-21T17:45:57","modified_gmt":"2025-04-21T15:45:57","slug":"javier-santich-de-rosario","status":"publish","type":"post","link":"https:\/\/virtualnimuzej.aspira.hr\/es\/javier-santich-de-rosario\/","title":{"rendered":"JAVIER SANTICH DE ROSARIO"},"content":{"rendered":"<p>&nbsp;<\/p>\n<p>Mi nombre es Javier Santich y nac\u00ed el 3 de febrero de 1971 en la ciudad de Rosario, en la sure\u00f1a provincia de Santa Fe en Argentina. Soy nieto de croatas nacido en Jelsa en la isla de Hvar en Dalmacia. De profesi\u00f3n, soy contador y profesor de econom\u00eda en varias facultades. Estoy casado con Evangelina Sfilio.<\/p>\n<p>Mis abuelos, Ivan Santi\u0107 y Franka Ivani\u0161evi\u0107, vinieron de la hermosa Jelsa. En busca de nuevos horizontes, se instalaron en el sur de la provincia de Santa Fe a principios de 1900. Vivieron en varios pueblos, como Pav\u00f3n Arriba, Peyrano, Villa Mugueta, Villa Ca\u00f1as, y luego pasaron sus \u00faltimos a\u00f1os en Rosario. Tuvieron dos hijos. Uno era Tadeo mi padre y el padre de mi hermano Mauricio, y el otro era Vicente el padre de Juan Carlos.<\/p>\n<p>Comparto mi pasi\u00f3n por Croacia con mis amigos de la comunidad croata de Rosario y alrededores.<\/p>\n<p>En 2002, con mi madre y mi padre, hice una bandera croata gigante de 9 metros de largo y 4,5 metros de ancho, hecha completamente de tela, hasta los detalles del escudo. Es realmente hermoso y lo guardo como uno de mis tesoros.<\/p>\n<p>Junto con dos de mis mejores amigos, a saber, Ivan Grbac y Jorge Vukovic, particip\u00e9 en el lanzamiento del programa de radio llamado \u00abBar Croata\u00bb. Fue en 2005 tras la visita del futbolista Aloj\u0161a Asanovi\u0107 y el periodista Kaci\u0107 Karlin y la presentaci\u00f3n de su libro \u00abVatreni lakat\u00bb, sobre la historia del f\u00fatbol croata (la carrera de Asanovi\u0107). Con gran motivaci\u00f3n y amor por nuestra querida Croacia, llevamos m\u00e1s de una d\u00e9cada y media realizando un programa de radio todos los viernes. Con el tiempo, se sumaron otros miembros, como Carlos Bukovac, Branka Bezi\u0107 Filipovi\u0107, Faustina Zari\u0107, Oscar \u010cu\u010dkovi\u0107, Carlos Santamaria Morezuelas, Patricia Avila Kulji\u0161, Petar \u0160ari\u0107 y Zvonko Jelovina.<\/p>\n<p>La radio es emocionante, y el hecho de que no solo se transmita en una frecuencia modulada sino tambi\u00e9n en las redes sociales, en Facebook y YouTube, nos permite comunicarnos con nuestra patria Croacia y todas sus di\u00e1sporas en todo el mundo. Durante la transmisi\u00f3n, recibimos mensajes de Croacia, Herzegovina y otros pa\u00edses de Europa, Am\u00e9rica del Norte y del Sur, Australia, Nueva Zelanda, Sud\u00e1frica y de todas partes del mundo donde hay croatas y eso es maravilloso.<\/p>\n<p>El programa croata \u00abRadio Bar Croata\u00bb recibi\u00f3 tres premios nacionales en Argentina: Lanin de Oro, Cuna de la Bandera y Reyna del Plata.<\/p>\n<p>Viaj\u00e9 a Croacia con una delegaci\u00f3n de deportistas argentinos, descendientes de croatas, en 2006 para participar en los primeros Juegos Mundiales de Croacia, que se celebraron en Zadar, organizados por el Congreso Mundial de Croacia.<\/p>\n<p>Tuve tiempo de conocer la belleza de mi segunda patria, Croacia, pero tambi\u00e9n de mi familia y parientes en Split y Jelsa en la isla de Hvar. Ese viaje qued\u00f3 para siempre en lo m\u00e1s profundo de mi coraz\u00f3n. Nunca olvidar\u00e9 los recuerdos croatas y la calidez de mis familiares que me recibieron con mucho amor.<\/p>\n<p>Tambi\u00e9n me gustar\u00eda contarles sobre un pasatiempo especial, la colecci\u00f3n de camisetas de f\u00fatbol croatas que mi amigo Ivan Grbac y yo comenzamos a coleccionar hace unos a\u00f1os. Tenemos m\u00e1s de 400 camisetas de f\u00fatbol de Croacia. La colecci\u00f3n consta de tres categor\u00edas principales:<\/p>\n<p>El equipo nacional HNS, equipos de liga (Primera, Segunda, Tercera Liga y Ligas Locales) y clubes de la di\u00e1spora croata de todo el mundo.<\/p>\n<p>Tambi\u00e9n quiero se\u00f1alar que recib\u00ed la ciudadan\u00eda croata porque me siento parte de mi naci\u00f3n, como un croata en la gran di\u00e1spora de esa noble naci\u00f3n.<\/p>\n<p>Javier Santich<\/p>\n<p>&nbsp;<\/p>\n\n\t\t<style type=\"text\/css\">\n\t\t\t#gallery-1 {\n\t\t\t\tmargin: auto;\n\t\t\t}\n\t\t\t#gallery-1 .gallery-item {\n\t\t\t\tfloat: left;\n\t\t\t\tmargin-top: 10px;\n\t\t\t\ttext-align: center;\n\t\t\t\twidth: 33%;\n\t\t\t}\n\t\t\t#gallery-1 img {\n\t\t\t\tborder: 2px solid #cfcfcf;\n\t\t\t}\n\t\t\t#gallery-1 .gallery-caption {\n\t\t\t\tmargin-left: 0;\n\t\t\t}\n\t\t\t\/* see gallery_shortcode() in wp-includes\/media.php *\/\n\t\t<\/style>\n\t\t<div id='gallery-1' class='gallery galleryid-10113 gallery-columns-3 gallery-size-thumbnail'><dl class='gallery-item'>\n\t\t\t<dt class='gallery-icon portrait'>\n\t\t\t\t<a data-rel=\"iLightbox[postimages]\" data-title=\"santich\" data-caption=\"\" href='https:\/\/virtualnimuzej.aspira.hr\/es\/javier-santich-de-rosario\/santich\/'><img decoding=\"async\" width=\"150\" height=\"150\" src=\"https:\/\/virtualnimuzej.aspira.hr\/wp-content\/uploads\/2023\/05\/santich-150x150.jpg\" class=\"attachment-thumbnail size-thumbnail\" alt=\"\" srcset=\"https:\/\/virtualnimuzej.aspira.hr\/wp-content\/uploads\/2023\/05\/santich-66x66.jpg 66w, https:\/\/virtualnimuzej.aspira.hr\/wp-content\/uploads\/2023\/05\/santich-150x150.jpg 150w\" sizes=\"(max-width: 150px) 100vw, 150px\" \/><\/a>\n\t\t\t<\/dt><\/dl><dl class='gallery-item'>\n\t\t\t<dt class='gallery-icon landscape'>\n\t\t\t\t<a data-rel=\"iLightbox[postimages]\" data-title=\"IMG-20221022-WA0019\" data-caption=\"\" href='https:\/\/virtualnimuzej.aspira.hr\/es\/javier-santich-de-rosario\/img-20221022-wa0019\/'><img decoding=\"async\" width=\"150\" height=\"150\" src=\"https:\/\/virtualnimuzej.aspira.hr\/wp-content\/uploads\/2023\/05\/IMG-20221022-WA0019-150x150.jpg\" class=\"attachment-thumbnail size-thumbnail\" alt=\"\" srcset=\"https:\/\/virtualnimuzej.aspira.hr\/wp-content\/uploads\/2023\/05\/IMG-20221022-WA0019-66x66.jpg 66w, https:\/\/virtualnimuzej.aspira.hr\/wp-content\/uploads\/2023\/05\/IMG-20221022-WA0019-150x150.jpg 150w\" sizes=\"(max-width: 150px) 100vw, 150px\" \/><\/a>\n\t\t\t<\/dt><\/dl><dl class='gallery-item'>\n\t\t\t<dt class='gallery-icon landscape'>\n\t\t\t\t<a data-rel=\"iLightbox[postimages]\" data-title=\"santich cv\" data-caption=\"\" href='https:\/\/virtualnimuzej.aspira.hr\/es\/javier-santich-de-rosario\/santich-cv\/'><img decoding=\"async\" width=\"150\" height=\"150\" src=\"https:\/\/virtualnimuzej.aspira.hr\/wp-content\/uploads\/2023\/05\/santich-cv-150x150.jpg\" class=\"attachment-thumbnail size-thumbnail\" alt=\"\" srcset=\"https:\/\/virtualnimuzej.aspira.hr\/wp-content\/uploads\/2023\/05\/santich-cv-66x66.jpg 66w, https:\/\/virtualnimuzej.aspira.hr\/wp-content\/uploads\/2023\/05\/santich-cv-150x150.jpg 150w\" sizes=\"(max-width: 150px) 100vw, 150px\" \/><\/a>\n\t\t\t<\/dt><\/dl><br style=\"clear: both\" \/>\n\t\t<\/div>\n\n<p>&nbsp;<\/p>\n\n\t\t<style type=\"text\/css\">\n\t\t\t#gallery-2 {\n\t\t\t\tmargin: auto;\n\t\t\t}\n\t\t\t#gallery-2 .gallery-item {\n\t\t\t\tfloat: left;\n\t\t\t\tmargin-top: 10px;\n\t\t\t\ttext-align: center;\n\t\t\t\twidth: 33%;\n\t\t\t}\n\t\t\t#gallery-2 img {\n\t\t\t\tborder: 2px solid #cfcfcf;\n\t\t\t}\n\t\t\t#gallery-2 .gallery-caption {\n\t\t\t\tmargin-left: 0;\n\t\t\t}\n\t\t\t\/* see gallery_shortcode() in wp-includes\/media.php *\/\n\t\t<\/style>\n\t\t<div id='gallery-2' class='gallery galleryid-10113 gallery-columns-3 gallery-size-thumbnail'><dl class='gallery-item'>\n\t\t\t<dt class='gallery-icon portrait'>\n\t\t\t\t<a data-rel=\"iLightbox[postimages]\" data-title=\"1. La Bella Croacia &#8211; Javier Santich\" data-caption=\"\" href='https:\/\/virtualnimuzej.aspira.hr\/es\/1-la-bella-croacia-javier-santich-2\/'><img decoding=\"async\" width=\"104\" height=\"150\" src=\"https:\/\/virtualnimuzej.aspira.hr\/wp-content\/uploads\/2023\/05\/1.-La-Bella-Croacia-Javier-Santich.jpg\" class=\"attachment-thumbnail size-thumbnail\" alt=\"\" \/><\/a>\n\t\t\t<\/dt><\/dl><dl class='gallery-item'>\n\t\t\t<dt class='gallery-icon portrait'>\n\t\t\t\t<a data-rel=\"iLightbox[postimages]\" data-title=\"2. La Bella Croacia &#8211; Javier Santich\" data-caption=\"\" href='https:\/\/virtualnimuzej.aspira.hr\/es\/2-la-bella-croacia-javier-santich-2\/'><img decoding=\"async\" width=\"95\" height=\"150\" src=\"https:\/\/virtualnimuzej.aspira.hr\/wp-content\/uploads\/2023\/05\/2.-La-Bella-Croacia-Javier-Santich.jpg\" class=\"attachment-thumbnail size-thumbnail\" alt=\"\" \/><\/a>\n\t\t\t<\/dt><\/dl><dl class='gallery-item'>\n\t\t\t<dt class='gallery-icon portrait'>\n\t\t\t\t<a data-rel=\"iLightbox[postimages]\" data-title=\"3. La Bella Croacia &#8211; Javier Santich\" data-caption=\"\" href='https:\/\/virtualnimuzej.aspira.hr\/es\/3-la-bella-croacia-javier-santich-2\/'><img decoding=\"async\" width=\"106\" height=\"150\" src=\"https:\/\/virtualnimuzej.aspira.hr\/wp-content\/uploads\/2023\/05\/3.-La-Bella-Croacia-Javier-Santich.jpg\" class=\"attachment-thumbnail size-thumbnail\" alt=\"\" \/><\/a>\n\t\t\t<\/dt><\/dl><br style=\"clear: both\" \/>\n\t\t<\/div>\n\n","protected":false},"excerpt":{"rendered":"<p>&nbsp; Mi nombre es Javier Santich y nac\u00ed el 3 de febrero de 1971 en la ciudad de Rosario, en la sure\u00f1a provincia de Santa Fe en Argentina. Soy nieto [&hellip;]<\/p>\n","protected":false},"author":1,"featured_media":10114,"comment_status":"open","ping_status":"open","sticky":false,"template":"","format":"standard","meta":{"footnotes":""},"categories":[75],"tags":[],"class_list":["post-10113","post","type-post","status-publish","format-standard","has-post-thumbnail","hentry","category-argentina-es"],"yoast_head":"<!-- This site is optimized with the Yoast SEO plugin v20.7 - https:\/\/yoast.com\/wordpress\/plugins\/seo\/ -->\n<title>JAVIER SANTICH DE ROSARIO - Aspira Virtualni Muzej iseljeni\u0161tva Dalmacije<\/title>\n<meta name=\"robots\" content=\"index, follow, max-snippet:-1, max-image-preview:large, max-video-preview:-1\" \/>\n<link rel=\"canonical\" href=\"https:\/\/virtualnimuzej.aspira.hr\/es\/javier-santich-de-rosario\/\" \/>\n<meta property=\"og:locale\" content=\"es_ES\" \/>\n<meta property=\"og:type\" content=\"article\" \/>\n<meta property=\"og:title\" content=\"JAVIER SANTICH DE ROSARIO - Aspira Virtualni Muzej iseljeni\u0161tva Dalmacije\" \/>\n<meta property=\"og:description\" content=\"&nbsp; Mi nombre es Javier Santich y nac\u00ed el 3 de febrero de 1971 en la ciudad de Rosario, en la sure\u00f1a provincia de Santa Fe en Argentina. Soy nieto [&hellip;]\" \/>\n<meta property=\"og:url\" content=\"https:\/\/virtualnimuzej.aspira.hr\/es\/javier-santich-de-rosario\/\" \/>\n<meta property=\"og:site_name\" content=\"Aspira Virtualni Muzej iseljeni\u0161tva Dalmacije\" \/>\n<meta property=\"article:published_time\" content=\"2023-05-04T17:24:02+00:00\" \/>\n<meta property=\"article:modified_time\" content=\"2025-04-21T15:45:57+00:00\" \/>\n<meta property=\"og:image\" content=\"https:\/\/virtualnimuzej.aspira.hr\/wp-content\/uploads\/2023\/05\/from-above.jpg\" \/>\n\t<meta property=\"og:image:width\" content=\"800\" \/>\n\t<meta property=\"og:image:height\" content=\"536\" \/>\n\t<meta property=\"og:image:type\" content=\"image\/jpeg\" \/>\n<meta name=\"author\" content=\"VmuzejAspira\" \/>\n<meta name=\"twitter:card\" content=\"summary_large_image\" \/>\n<meta name=\"twitter:label1\" content=\"Escrito por\" \/>\n\t<meta name=\"twitter:data1\" content=\"VmuzejAspira\" \/>\n\t<meta name=\"twitter:label2\" content=\"Tiempo de lectura\" \/>\n\t<meta name=\"twitter:data2\" content=\"4 minutos\" \/>\n<script type=\"application\/ld+json\" class=\"yoast-schema-graph\">{\"@context\":\"https:\/\/schema.org\",\"@graph\":[{\"@type\":\"WebPage\",\"@id\":\"https:\/\/virtualnimuzej.aspira.hr\/es\/javier-santich-de-rosario\/\",\"url\":\"https:\/\/virtualnimuzej.aspira.hr\/es\/javier-santich-de-rosario\/\",\"name\":\"JAVIER SANTICH DE ROSARIO - Aspira Virtualni Muzej iseljeni\u0161tva Dalmacije\",\"isPartOf\":{\"@id\":\"https:\/\/virtualnimuzej.aspira.hr\/#website\"},\"datePublished\":\"2023-05-04T17:24:02+00:00\",\"dateModified\":\"2025-04-21T15:45:57+00:00\",\"author\":{\"@id\":\"https:\/\/virtualnimuzej.aspira.hr\/#\/schema\/person\/8b28048370e78968988c04d6f1ba104d\"},\"breadcrumb\":{\"@id\":\"https:\/\/virtualnimuzej.aspira.hr\/es\/javier-santich-de-rosario\/#breadcrumb\"},\"inLanguage\":\"es\",\"potentialAction\":[{\"@type\":\"ReadAction\",\"target\":[\"https:\/\/virtualnimuzej.aspira.hr\/es\/javier-santich-de-rosario\/\"]}]},{\"@type\":\"BreadcrumbList\",\"@id\":\"https:\/\/virtualnimuzej.aspira.hr\/es\/javier-santich-de-rosario\/#breadcrumb\",\"itemListElement\":[{\"@type\":\"ListItem\",\"position\":1,\"name\":\"Naslovna\",\"item\":\"https:\/\/virtualnimuzej.aspira.hr\/es\/\"},{\"@type\":\"ListItem\",\"position\":2,\"name\":\"JAVIER SANTICH DE ROSARIO\"}]},{\"@type\":\"WebSite\",\"@id\":\"https:\/\/virtualnimuzej.aspira.hr\/#website\",\"url\":\"https:\/\/virtualnimuzej.aspira.hr\/\",\"name\":\"Aspira Virtualni Muzej iseljeni\u0161tva Dalmacije\",\"description\":\"Muzej iseljeni\u0161tva je zami\u0161ljen kao mjesto skupljanja i prezentacije gra\u0111e o hrvatskom iseljeni\u0161tvu i povijesti iseljavanja koja nikada nije bila dovoljno istra\u017eena.\",\"potentialAction\":[{\"@type\":\"SearchAction\",\"target\":{\"@type\":\"EntryPoint\",\"urlTemplate\":\"https:\/\/virtualnimuzej.aspira.hr\/?s={search_term_string}\"},\"query-input\":\"required name=search_term_string\"}],\"inLanguage\":\"es\"},{\"@type\":\"Person\",\"@id\":\"https:\/\/virtualnimuzej.aspira.hr\/#\/schema\/person\/8b28048370e78968988c04d6f1ba104d\",\"name\":\"VmuzejAspira\",\"image\":{\"@type\":\"ImageObject\",\"inLanguage\":\"es\",\"@id\":\"https:\/\/virtualnimuzej.aspira.hr\/#\/schema\/person\/image\/\",\"url\":\"https:\/\/secure.gravatar.com\/avatar\/cfa7124a34eec5233efffe1e8fb23c18bb83abdb6129e8f47c9144109613a228?s=96&d=mm&r=g\",\"contentUrl\":\"https:\/\/secure.gravatar.com\/avatar\/cfa7124a34eec5233efffe1e8fb23c18bb83abdb6129e8f47c9144109613a228?s=96&d=mm&r=g\",\"caption\":\"VmuzejAspira\"},\"sameAs\":[\"http:\/\/virtualnimuzej.aspira.hr\"],\"url\":\"https:\/\/virtualnimuzej.aspira.hr\/es\/author\/vmuzejaspira\/\"}]}<\/script>\n<!-- \/ Yoast SEO plugin. -->","yoast_head_json":{"title":"JAVIER SANTICH DE ROSARIO - Aspira Virtualni Muzej iseljeni\u0161tva Dalmacije","robots":{"index":"index","follow":"follow","max-snippet":"max-snippet:-1","max-image-preview":"max-image-preview:large","max-video-preview":"max-video-preview:-1"},"canonical":"https:\/\/virtualnimuzej.aspira.hr\/es\/javier-santich-de-rosario\/","og_locale":"es_ES","og_type":"article","og_title":"JAVIER SANTICH DE ROSARIO - Aspira Virtualni Muzej iseljeni\u0161tva Dalmacije","og_description":"&nbsp; Mi nombre es Javier Santich y nac\u00ed el 3 de febrero de 1971 en la ciudad de Rosario, en la sure\u00f1a provincia de Santa Fe en Argentina. Soy nieto [&hellip;]","og_url":"https:\/\/virtualnimuzej.aspira.hr\/es\/javier-santich-de-rosario\/","og_site_name":"Aspira Virtualni Muzej iseljeni\u0161tva Dalmacije","article_published_time":"2023-05-04T17:24:02+00:00","article_modified_time":"2025-04-21T15:45:57+00:00","og_image":[{"width":800,"height":536,"url":"https:\/\/virtualnimuzej.aspira.hr\/wp-content\/uploads\/2023\/05\/from-above.jpg","type":"image\/jpeg"}],"author":"VmuzejAspira","twitter_card":"summary_large_image","twitter_misc":{"Escrito por":"VmuzejAspira","Tiempo de lectura":"4 minutos"},"schema":{"@context":"https:\/\/schema.org","@graph":[{"@type":"WebPage","@id":"https:\/\/virtualnimuzej.aspira.hr\/es\/javier-santich-de-rosario\/","url":"https:\/\/virtualnimuzej.aspira.hr\/es\/javier-santich-de-rosario\/","name":"JAVIER SANTICH DE ROSARIO - Aspira Virtualni Muzej iseljeni\u0161tva Dalmacije","isPartOf":{"@id":"https:\/\/virtualnimuzej.aspira.hr\/#website"},"datePublished":"2023-05-04T17:24:02+00:00","dateModified":"2025-04-21T15:45:57+00:00","author":{"@id":"https:\/\/virtualnimuzej.aspira.hr\/#\/schema\/person\/8b28048370e78968988c04d6f1ba104d"},"breadcrumb":{"@id":"https:\/\/virtualnimuzej.aspira.hr\/es\/javier-santich-de-rosario\/#breadcrumb"},"inLanguage":"es","potentialAction":[{"@type":"ReadAction","target":["https:\/\/virtualnimuzej.aspira.hr\/es\/javier-santich-de-rosario\/"]}]},{"@type":"BreadcrumbList","@id":"https:\/\/virtualnimuzej.aspira.hr\/es\/javier-santich-de-rosario\/#breadcrumb","itemListElement":[{"@type":"ListItem","position":1,"name":"Naslovna","item":"https:\/\/virtualnimuzej.aspira.hr\/es\/"},{"@type":"ListItem","position":2,"name":"JAVIER SANTICH DE ROSARIO"}]},{"@type":"WebSite","@id":"https:\/\/virtualnimuzej.aspira.hr\/#website","url":"https:\/\/virtualnimuzej.aspira.hr\/","name":"Aspira Virtualni Muzej iseljeni\u0161tva Dalmacije","description":"Muzej iseljeni\u0161tva je zami\u0161ljen kao mjesto skupljanja i prezentacije gra\u0111e o hrvatskom iseljeni\u0161tvu i povijesti iseljavanja koja nikada nije bila dovoljno istra\u017eena.","potentialAction":[{"@type":"SearchAction","target":{"@type":"EntryPoint","urlTemplate":"https:\/\/virtualnimuzej.aspira.hr\/?s={search_term_string}"},"query-input":"required name=search_term_string"}],"inLanguage":"es"},{"@type":"Person","@id":"https:\/\/virtualnimuzej.aspira.hr\/#\/schema\/person\/8b28048370e78968988c04d6f1ba104d","name":"VmuzejAspira","image":{"@type":"ImageObject","inLanguage":"es","@id":"https:\/\/virtualnimuzej.aspira.hr\/#\/schema\/person\/image\/","url":"https:\/\/secure.gravatar.com\/avatar\/cfa7124a34eec5233efffe1e8fb23c18bb83abdb6129e8f47c9144109613a228?s=96&d=mm&r=g","contentUrl":"https:\/\/secure.gravatar.com\/avatar\/cfa7124a34eec5233efffe1e8fb23c18bb83abdb6129e8f47c9144109613a228?s=96&d=mm&r=g","caption":"VmuzejAspira"},"sameAs":["http:\/\/virtualnimuzej.aspira.hr"],"url":"https:\/\/virtualnimuzej.aspira.hr\/es\/author\/vmuzejaspira\/"}]}},"_links":{"self":[{"href":"https:\/\/virtualnimuzej.aspira.hr\/es\/wp-json\/wp\/v2\/posts\/10113","targetHints":{"allow":["GET"]}}],"collection":[{"href":"https:\/\/virtualnimuzej.aspira.hr\/es\/wp-json\/wp\/v2\/posts"}],"about":[{"href":"https:\/\/virtualnimuzej.aspira.hr\/es\/wp-json\/wp\/v2\/types\/post"}],"author":[{"embeddable":true,"href":"https:\/\/virtualnimuzej.aspira.hr\/es\/wp-json\/wp\/v2\/users\/1"}],"replies":[{"embeddable":true,"href":"https:\/\/virtualnimuzej.aspira.hr\/es\/wp-json\/wp\/v2\/comments?post=10113"}],"version-history":[{"count":3,"href":"https:\/\/virtualnimuzej.aspira.hr\/es\/wp-json\/wp\/v2\/posts\/10113\/revisions"}],"predecessor-version":[{"id":13575,"href":"https:\/\/virtualnimuzej.aspira.hr\/es\/wp-json\/wp\/v2\/posts\/10113\/revisions\/13575"}],"wp:featuredmedia":[{"embeddable":true,"href":"https:\/\/virtualnimuzej.aspira.hr\/es\/wp-json\/wp\/v2\/media\/10114"}],"wp:attachment":[{"href":"https:\/\/virtualnimuzej.aspira.hr\/es\/wp-json\/wp\/v2\/media?parent=10113"}],"wp:term":[{"taxonomy":"category","embeddable":true,"href":"https:\/\/virtualnimuzej.aspira.hr\/es\/wp-json\/wp\/v2\/categories?post=10113"},{"taxonomy":"post_tag","embeddable":true,"href":"https:\/\/virtualnimuzej.aspira.hr\/es\/wp-json\/wp\/v2\/tags?post=10113"}],"curies":[{"name":"wp","href":"https:\/\/api.w.org\/{rel}","templated":true}]}}