{"id":10339,"date":"2023-05-11T16:27:49","date_gmt":"2023-05-11T14:27:49","guid":{"rendered":"https:\/\/virtualnimuzej.aspira.hr\/?p=10339"},"modified":"2023-05-11T16:28:42","modified_gmt":"2023-05-11T14:28:42","slug":"obitelj-vrdoljak","status":"publish","type":"post","link":"https:\/\/virtualnimuzej.aspira.hr\/es\/obitelj-vrdoljak\/","title":{"rendered":"FAMILIA VRDOLJAK"},"content":{"rendered":"<p>&nbsp;<\/p>\n<p>El siguiente es un breve resumen sobre mis padres Nikola y Jelena Vrdoljak.<\/p>\n<p>&nbsp;<\/p>\n<p>Mi pap\u00e1 bail\u00f3 para \u2018\u2019Joza Vlahovic\u2019\u2019 (conjunto folcl\u00f3rico) en Zagreb antes de mudarse a Imotski para trabajar como dentista. Imotski es donde conoci\u00f3 y se cas\u00f3 con mi mam\u00e1, y donde comenzaron nuestra familia. Debido al clima pol\u00edtico en la entonces Yugoslavia, mis padres se mudaron a Canad\u00e1 en 1968 con la esperanza de una vida mejor para nuestra familia. Dos a\u00f1os despu\u00e9s, en 1970, Djuka Haramustek contact\u00e9 a mi pap\u00e1 para pedirle ayuda para ense\u00f1ar y dirigir un peque\u00f1o grupo folcl\u00f3rico en la calle Dupont en Toronto, Ontario. Este grupo creci\u00f3 durante los dos a\u00f1os siguientes y se estableci\u00f3 en 1972 como el Conjunto de folclore canadiense croata \u2018\u2019Zrinski Frankopan\u2019\u2019 formado oficialmente (y m\u00e1s tarde incorporado) grupo de voluntarios. CCFE \u2018\u2019Zrinski Frankopan\u2019\u2019 actu\u00f3 en centros croatas de la \u00e1rea metropolitana de Toronto y, a medida que ganaron popularidad en toda la comunidad de Ontario, se hizo conocido como el \u00abFlying Zrinski\u00bb (volador).<\/p>\n<p>El profundo conocimiento de la cultura y el folclore croata que ten\u00eda mi padre fue un gran catalizador de su \u00e9xito, pero \u00e9l siempre dec\u00eda que no habr\u00eda sido capaz de hacer nada de eso sin el apoyo de mi mam\u00e1 Jelena. Siempre estuvo activa entre bastidores con preparaci\u00f3n, vestuario, y el seguidor m\u00e1s ruidoso del grupo en cada actuaci\u00f3n. Tuvimos el privilegio de actuar en muchos lugares en Canad\u00e1 y en el extranjero. Algunas actuaciones notables incluyen Bi-centenario de Canad\u00e1, en La Casa Blanca, en Juegos Ol\u00edmpicos de 1976 en Montreal, Caravana, D\u00eda de Canad\u00e1 en el Ayuntamiento, Semana Santa alrededor el mundo y la Navidad en todo el mundo. El alto est\u00e1ndar de actuaci\u00f3n de \u2018\u2019Zrinski Frankopan\u2019\u2019 abri\u00f3 la puerta para presentaciones globales en Croacia, Alemania, Estados Unidos y por supuesto desde de costa a costa en Canad\u00e1.<\/p>\n<p>La importancia de la familia, los amigos, Canad\u00e1, Croacia y el amor que ten\u00edan por el CCFE \u2018\u2019Zrinski Frankopan Inc.\u2019\u2019 (su tercer hijo) prevaleci\u00f3 durante toda su vida. Mis padres Nikola y Jelena ya no est\u00e1 con nosotros, pero dej\u00f3 un legado que sigue influenciando a la canadiense comunidad croata!<\/p>\n<p>Ivana Ferenac<\/p>\n<p>&nbsp;<\/p>\n<p><img decoding=\"async\" class=\"alignnone size-medium wp-image-10343\" src=\"https:\/\/virtualnimuzej.aspira.hr\/wp-content\/uploads\/2023\/05\/Nikica-i-Jelena-2-247x300.jpg\" alt=\"\" width=\"247\" height=\"300\" srcset=\"https:\/\/virtualnimuzej.aspira.hr\/wp-content\/uploads\/2023\/05\/Nikica-i-Jelena-2-200x242.jpg 200w, https:\/\/virtualnimuzej.aspira.hr\/wp-content\/uploads\/2023\/05\/Nikica-i-Jelena-2-247x300.jpg 247w, https:\/\/virtualnimuzej.aspira.hr\/wp-content\/uploads\/2023\/05\/Nikica-i-Jelena-2-400x485.jpg 400w, https:\/\/virtualnimuzej.aspira.hr\/wp-content\/uploads\/2023\/05\/Nikica-i-Jelena-2-600x727.jpg 600w, https:\/\/virtualnimuzej.aspira.hr\/wp-content\/uploads\/2023\/05\/Nikica-i-Jelena-2-768x931.jpg 768w, https:\/\/virtualnimuzej.aspira.hr\/wp-content\/uploads\/2023\/05\/Nikica-i-Jelena-2-800x970.jpg 800w, https:\/\/virtualnimuzej.aspira.hr\/wp-content\/uploads\/2023\/05\/Nikica-i-Jelena-2-845x1024.jpg 845w, https:\/\/virtualnimuzej.aspira.hr\/wp-content\/uploads\/2023\/05\/Nikica-i-Jelena-2-1200x1455.jpg 1200w, https:\/\/virtualnimuzej.aspira.hr\/wp-content\/uploads\/2023\/05\/Nikica-i-Jelena-2-1267x1536.jpg 1267w, https:\/\/virtualnimuzej.aspira.hr\/wp-content\/uploads\/2023\/05\/Nikica-i-Jelena-2-1689x2048.jpg 1689w\" sizes=\"(max-width: 247px) 100vw, 247px\" \/><\/p>\n","protected":false},"excerpt":{"rendered":"<p>&nbsp; El siguiente es un breve resumen sobre mis padres Nikola y Jelena Vrdoljak. &nbsp; Mi pap\u00e1 bail\u00f3 para \u2018\u2019Joza Vlahovic\u2019\u2019 (conjunto folcl\u00f3rico) en Zagreb antes de mudarse a Imotski [&hellip;]<\/p>\n","protected":false},"author":1,"featured_media":10340,"comment_status":"open","ping_status":"open","sticky":false,"template":"","format":"standard","meta":{"footnotes":""},"categories":[88],"tags":[],"class_list":["post-10339","post","type-post","status-publish","format-standard","has-post-thumbnail","hentry","category-canada-es"],"yoast_head":"<!-- This site is optimized with the Yoast SEO plugin v20.7 - https:\/\/yoast.com\/wordpress\/plugins\/seo\/ -->\n<title>FAMILIA VRDOLJAK - Aspira Virtualni Muzej iseljeni\u0161tva Dalmacije<\/title>\n<meta name=\"robots\" content=\"index, follow, max-snippet:-1, max-image-preview:large, max-video-preview:-1\" \/>\n<link rel=\"canonical\" href=\"https:\/\/virtualnimuzej.aspira.hr\/es\/obitelj-vrdoljak\/\" \/>\n<meta property=\"og:locale\" content=\"es_ES\" \/>\n<meta property=\"og:type\" content=\"article\" \/>\n<meta property=\"og:title\" content=\"FAMILIA VRDOLJAK - Aspira Virtualni Muzej iseljeni\u0161tva Dalmacije\" \/>\n<meta property=\"og:description\" content=\"&nbsp; El siguiente es un breve resumen sobre mis padres Nikola y Jelena Vrdoljak. &nbsp; Mi pap\u00e1 bail\u00f3 para \u2018\u2019Joza Vlahovic\u2019\u2019 (conjunto folcl\u00f3rico) en Zagreb antes de mudarse a Imotski [&hellip;]\" \/>\n<meta property=\"og:url\" content=\"https:\/\/virtualnimuzej.aspira.hr\/es\/obitelj-vrdoljak\/\" \/>\n<meta property=\"og:site_name\" content=\"Aspira Virtualni Muzej iseljeni\u0161tva Dalmacije\" \/>\n<meta property=\"article:published_time\" content=\"2023-05-11T14:27:49+00:00\" \/>\n<meta property=\"article:modified_time\" content=\"2023-05-11T14:28:42+00:00\" \/>\n<meta property=\"og:image\" content=\"https:\/\/virtualnimuzej.aspira.hr\/wp-content\/uploads\/2023\/05\/Toronto-2-1-scaled.jpg\" \/>\n\t<meta property=\"og:image:width\" content=\"2560\" \/>\n\t<meta property=\"og:image:height\" content=\"1596\" \/>\n\t<meta property=\"og:image:type\" content=\"image\/jpeg\" \/>\n<meta name=\"author\" content=\"VmuzejAspira\" \/>\n<meta name=\"twitter:card\" content=\"summary_large_image\" \/>\n<meta name=\"twitter:label1\" content=\"Escrito por\" \/>\n\t<meta name=\"twitter:data1\" content=\"VmuzejAspira\" \/>\n\t<meta name=\"twitter:label2\" content=\"Tiempo de lectura\" \/>\n\t<meta name=\"twitter:data2\" content=\"2 minutos\" \/>\n<script type=\"application\/ld+json\" class=\"yoast-schema-graph\">{\"@context\":\"https:\/\/schema.org\",\"@graph\":[{\"@type\":\"WebPage\",\"@id\":\"https:\/\/virtualnimuzej.aspira.hr\/es\/obitelj-vrdoljak\/\",\"url\":\"https:\/\/virtualnimuzej.aspira.hr\/es\/obitelj-vrdoljak\/\",\"name\":\"FAMILIA VRDOLJAK - Aspira Virtualni Muzej iseljeni\u0161tva Dalmacije\",\"isPartOf\":{\"@id\":\"https:\/\/virtualnimuzej.aspira.hr\/#website\"},\"datePublished\":\"2023-05-11T14:27:49+00:00\",\"dateModified\":\"2023-05-11T14:28:42+00:00\",\"author\":{\"@id\":\"https:\/\/virtualnimuzej.aspira.hr\/#\/schema\/person\/8b28048370e78968988c04d6f1ba104d\"},\"breadcrumb\":{\"@id\":\"https:\/\/virtualnimuzej.aspira.hr\/es\/obitelj-vrdoljak\/#breadcrumb\"},\"inLanguage\":\"es\",\"potentialAction\":[{\"@type\":\"ReadAction\",\"target\":[\"https:\/\/virtualnimuzej.aspira.hr\/es\/obitelj-vrdoljak\/\"]}]},{\"@type\":\"BreadcrumbList\",\"@id\":\"https:\/\/virtualnimuzej.aspira.hr\/es\/obitelj-vrdoljak\/#breadcrumb\",\"itemListElement\":[{\"@type\":\"ListItem\",\"position\":1,\"name\":\"Naslovna\",\"item\":\"https:\/\/virtualnimuzej.aspira.hr\/es\/\"},{\"@type\":\"ListItem\",\"position\":2,\"name\":\"FAMILIA VRDOLJAK\"}]},{\"@type\":\"WebSite\",\"@id\":\"https:\/\/virtualnimuzej.aspira.hr\/#website\",\"url\":\"https:\/\/virtualnimuzej.aspira.hr\/\",\"name\":\"Aspira Virtualni Muzej iseljeni\u0161tva Dalmacije\",\"description\":\"Muzej iseljeni\u0161tva je zami\u0161ljen kao mjesto skupljanja i prezentacije gra\u0111e o hrvatskom iseljeni\u0161tvu i povijesti iseljavanja koja nikada nije bila dovoljno istra\u017eena.\",\"potentialAction\":[{\"@type\":\"SearchAction\",\"target\":{\"@type\":\"EntryPoint\",\"urlTemplate\":\"https:\/\/virtualnimuzej.aspira.hr\/?s={search_term_string}\"},\"query-input\":\"required name=search_term_string\"}],\"inLanguage\":\"es\"},{\"@type\":\"Person\",\"@id\":\"https:\/\/virtualnimuzej.aspira.hr\/#\/schema\/person\/8b28048370e78968988c04d6f1ba104d\",\"name\":\"VmuzejAspira\",\"image\":{\"@type\":\"ImageObject\",\"inLanguage\":\"es\",\"@id\":\"https:\/\/virtualnimuzej.aspira.hr\/#\/schema\/person\/image\/\",\"url\":\"https:\/\/secure.gravatar.com\/avatar\/cfa7124a34eec5233efffe1e8fb23c18bb83abdb6129e8f47c9144109613a228?s=96&d=mm&r=g\",\"contentUrl\":\"https:\/\/secure.gravatar.com\/avatar\/cfa7124a34eec5233efffe1e8fb23c18bb83abdb6129e8f47c9144109613a228?s=96&d=mm&r=g\",\"caption\":\"VmuzejAspira\"},\"sameAs\":[\"http:\/\/virtualnimuzej.aspira.hr\"],\"url\":\"https:\/\/virtualnimuzej.aspira.hr\/es\/author\/vmuzejaspira\/\"}]}<\/script>\n<!-- \/ Yoast SEO plugin. -->","yoast_head_json":{"title":"FAMILIA VRDOLJAK - Aspira Virtualni Muzej iseljeni\u0161tva Dalmacije","robots":{"index":"index","follow":"follow","max-snippet":"max-snippet:-1","max-image-preview":"max-image-preview:large","max-video-preview":"max-video-preview:-1"},"canonical":"https:\/\/virtualnimuzej.aspira.hr\/es\/obitelj-vrdoljak\/","og_locale":"es_ES","og_type":"article","og_title":"FAMILIA VRDOLJAK - Aspira Virtualni Muzej iseljeni\u0161tva Dalmacije","og_description":"&nbsp; El siguiente es un breve resumen sobre mis padres Nikola y Jelena Vrdoljak. &nbsp; Mi pap\u00e1 bail\u00f3 para \u2018\u2019Joza Vlahovic\u2019\u2019 (conjunto folcl\u00f3rico) en Zagreb antes de mudarse a Imotski [&hellip;]","og_url":"https:\/\/virtualnimuzej.aspira.hr\/es\/obitelj-vrdoljak\/","og_site_name":"Aspira Virtualni Muzej iseljeni\u0161tva Dalmacije","article_published_time":"2023-05-11T14:27:49+00:00","article_modified_time":"2023-05-11T14:28:42+00:00","og_image":[{"width":2560,"height":1596,"url":"https:\/\/virtualnimuzej.aspira.hr\/wp-content\/uploads\/2023\/05\/Toronto-2-1-scaled.jpg","type":"image\/jpeg"}],"author":"VmuzejAspira","twitter_card":"summary_large_image","twitter_misc":{"Escrito por":"VmuzejAspira","Tiempo de lectura":"2 minutos"},"schema":{"@context":"https:\/\/schema.org","@graph":[{"@type":"WebPage","@id":"https:\/\/virtualnimuzej.aspira.hr\/es\/obitelj-vrdoljak\/","url":"https:\/\/virtualnimuzej.aspira.hr\/es\/obitelj-vrdoljak\/","name":"FAMILIA VRDOLJAK - Aspira Virtualni Muzej iseljeni\u0161tva Dalmacije","isPartOf":{"@id":"https:\/\/virtualnimuzej.aspira.hr\/#website"},"datePublished":"2023-05-11T14:27:49+00:00","dateModified":"2023-05-11T14:28:42+00:00","author":{"@id":"https:\/\/virtualnimuzej.aspira.hr\/#\/schema\/person\/8b28048370e78968988c04d6f1ba104d"},"breadcrumb":{"@id":"https:\/\/virtualnimuzej.aspira.hr\/es\/obitelj-vrdoljak\/#breadcrumb"},"inLanguage":"es","potentialAction":[{"@type":"ReadAction","target":["https:\/\/virtualnimuzej.aspira.hr\/es\/obitelj-vrdoljak\/"]}]},{"@type":"BreadcrumbList","@id":"https:\/\/virtualnimuzej.aspira.hr\/es\/obitelj-vrdoljak\/#breadcrumb","itemListElement":[{"@type":"ListItem","position":1,"name":"Naslovna","item":"https:\/\/virtualnimuzej.aspira.hr\/es\/"},{"@type":"ListItem","position":2,"name":"FAMILIA VRDOLJAK"}]},{"@type":"WebSite","@id":"https:\/\/virtualnimuzej.aspira.hr\/#website","url":"https:\/\/virtualnimuzej.aspira.hr\/","name":"Aspira Virtualni Muzej iseljeni\u0161tva Dalmacije","description":"Muzej iseljeni\u0161tva je zami\u0161ljen kao mjesto skupljanja i prezentacije gra\u0111e o hrvatskom iseljeni\u0161tvu i povijesti iseljavanja koja nikada nije bila dovoljno istra\u017eena.","potentialAction":[{"@type":"SearchAction","target":{"@type":"EntryPoint","urlTemplate":"https:\/\/virtualnimuzej.aspira.hr\/?s={search_term_string}"},"query-input":"required name=search_term_string"}],"inLanguage":"es"},{"@type":"Person","@id":"https:\/\/virtualnimuzej.aspira.hr\/#\/schema\/person\/8b28048370e78968988c04d6f1ba104d","name":"VmuzejAspira","image":{"@type":"ImageObject","inLanguage":"es","@id":"https:\/\/virtualnimuzej.aspira.hr\/#\/schema\/person\/image\/","url":"https:\/\/secure.gravatar.com\/avatar\/cfa7124a34eec5233efffe1e8fb23c18bb83abdb6129e8f47c9144109613a228?s=96&d=mm&r=g","contentUrl":"https:\/\/secure.gravatar.com\/avatar\/cfa7124a34eec5233efffe1e8fb23c18bb83abdb6129e8f47c9144109613a228?s=96&d=mm&r=g","caption":"VmuzejAspira"},"sameAs":["http:\/\/virtualnimuzej.aspira.hr"],"url":"https:\/\/virtualnimuzej.aspira.hr\/es\/author\/vmuzejaspira\/"}]}},"_links":{"self":[{"href":"https:\/\/virtualnimuzej.aspira.hr\/es\/wp-json\/wp\/v2\/posts\/10339","targetHints":{"allow":["GET"]}}],"collection":[{"href":"https:\/\/virtualnimuzej.aspira.hr\/es\/wp-json\/wp\/v2\/posts"}],"about":[{"href":"https:\/\/virtualnimuzej.aspira.hr\/es\/wp-json\/wp\/v2\/types\/post"}],"author":[{"embeddable":true,"href":"https:\/\/virtualnimuzej.aspira.hr\/es\/wp-json\/wp\/v2\/users\/1"}],"replies":[{"embeddable":true,"href":"https:\/\/virtualnimuzej.aspira.hr\/es\/wp-json\/wp\/v2\/comments?post=10339"}],"version-history":[{"count":2,"href":"https:\/\/virtualnimuzej.aspira.hr\/es\/wp-json\/wp\/v2\/posts\/10339\/revisions"}],"predecessor-version":[{"id":10347,"href":"https:\/\/virtualnimuzej.aspira.hr\/es\/wp-json\/wp\/v2\/posts\/10339\/revisions\/10347"}],"wp:featuredmedia":[{"embeddable":true,"href":"https:\/\/virtualnimuzej.aspira.hr\/es\/wp-json\/wp\/v2\/media\/10340"}],"wp:attachment":[{"href":"https:\/\/virtualnimuzej.aspira.hr\/es\/wp-json\/wp\/v2\/media?parent=10339"}],"wp:term":[{"taxonomy":"category","embeddable":true,"href":"https:\/\/virtualnimuzej.aspira.hr\/es\/wp-json\/wp\/v2\/categories?post=10339"},{"taxonomy":"post_tag","embeddable":true,"href":"https:\/\/virtualnimuzej.aspira.hr\/es\/wp-json\/wp\/v2\/tags?post=10339"}],"curies":[{"name":"wp","href":"https:\/\/api.w.org\/{rel}","templated":true}]}}