{"id":10367,"date":"2023-05-12T14:02:02","date_gmt":"2023-05-12T12:02:02","guid":{"rendered":"https:\/\/virtualnimuzej.aspira.hr\/?p=10367"},"modified":"2023-05-12T14:02:02","modified_gmt":"2023-05-12T12:02:02","slug":"ivan-grbesic","status":"publish","type":"post","link":"https:\/\/virtualnimuzej.aspira.hr\/es\/ivan-grbesic\/","title":{"rendered":"IVAN GRBE\u0160I\u0106"},"content":{"rendered":"<p>&nbsp;<\/p>\n<p>Nacido en 1975 en Sudbury, una ciudad del norte de Ontario (Canad\u00e1) conocida, entre otras cosas, por la nieve, el fr\u00edo, el hockey y las minas. Creci\u00f3 en una familia con ra\u00edces de \u0160iroki Brijeg (BiH). Casado y padre de cuatro hijos.<\/p>\n<p>Se gradu\u00f3 en Ciencias Pol\u00edticas y Relaciones Internacionales (1994-1997) y Derecho en la Universidad de Ottawa (1997-2000).<\/p>\n<p>Aunque pens\u00f3 en una carrera en la diplomacia, el camino de su vida lo llev\u00f3 al centro financiero de Canad\u00e1, en \u00abBay Street\u00bb en Toronto. Despu\u00e9s de mucho esfuerzo, a la edad de 34 a\u00f1os, se convirti\u00f3 en socio de una de las firmas de abogados m\u00e1s s\u00f3lida y conocida de Canad\u00e1, \u2018\u2019Stikeman Elliott LLP\u2019\u2019, que cuenta con m\u00e1s de 500 abogados y tiene una participaci\u00f3n significativa en asuntos corporativos de alto perfil en Canad\u00e1. Como codirector del grupo minero de la compa\u00f1\u00eda, es reconocido en el mercado nacional e internacional por su especializaci\u00f3n en transacciones internacionales, financiamiento de capital y procesos de fusiones y adquisiciones (M&amp;A) de empresas, principalmente relacionadas con la miner\u00eda y por su participaci\u00f3n en transacciones de alto perfil hasta un valor estimado de 20 mil millones de d\u00f3lares. A menudo se encuentra en centros financieros de todo el mundo y ubicaciones mineras en Canad\u00e1, EE. UU., Am\u00e9rica del Sur (Argentina, Brasil, Chile y Per\u00fa) y \u00c1frica.<\/p>\n<p>Desde temprana edad fue part\u00edcipante del folclore croata, el f\u00fatbol y la escuela croata. A medida que madur\u00f3, se convirti\u00f3 en un miembro cada vez m\u00e1s activo de las comunidades en las que viv\u00eda, ya sea en Sudbury a trav\u00e9s de la radio y las noticias croatas durante la guerra en la d\u00e9cada de 1990, la junta directiva del Centro croata y el Consejo parroquial de St. Mark, e investigando la historia de los croatas en el norte de Ontario, o en Toronto a trav\u00e9s de la junta directiva de la C\u00e1mara de comercio canadiense-croata, el Fondo de becas canadiense-croata, el Fondo canadiense de reconocimiento de internamiento de la Primera guerra mundial (incluidos los croatas en Canad\u00e1) , el Tribute to liberty sociedad (que est\u00e1 erigiendo un monumento a las v\u00edctimas del comunismo en el centro de Ottawa) y la junta directiva de St. Jos\u00e9, entre otras actividades. Junto con su esposa Iva y sus hijos (Gabriela, Maks, Nikola y Luka) es un orgulloso miembro de la comunidad parroquial de Kraljica Mira en Norval. En 2013, fue nombrado miembro del Consejo del gobierno de la Rep\u00fablica de Croacia para los croatas fuera de la Rep\u00fablica de Croacia como uno de los representantes de Canad\u00e1 y luego fue elegido y se desempe\u00f1\u00f3 como Presidente del Consejo desde 2017. -2021.<\/p>\n<p>Un mensaje a los croatas de todo el mundo: Es importante recordar las palabras de S. Juan Pablo II, gran amigo del pueblo croata; un hombre que tuvo una gran influencia en la independencia croata y un papel especial en el reconocimiento internacional del estado croata; quien, entre otros, beatific\u00f3 al Beato Cardenal Alojzije Stepinac y canoniz\u00f3 a S. Leopold Bogdan Mandi\u0107 y St. Marko Kri\u017eev\u010danin durante su pontificado: \u00abPor favor, nunca, nunca pierdas la esperanza, nunca dudes, nunca te rindas y nunca te desanimes. \u00a1No tengas miedo!\u00bb<\/p>\n<p>Cuando pienso, entre otras cosas, en mis padres (desde d\u00f3nde y con qu\u00e9 empezaron en el mundo en los a\u00f1os 60\/70), en su renuncia y sacrificio por nuestra familia y en el amor y el orgullo inculcados en nuestros corazones y a todos aquellos que contribuyeron, lucharon y se sacrificaron de cualquier manera, especialmente aquellos que dieron su vida por nuestro pueblo croata, nuestra patria croata y nuestra religi\u00f3n (incluidos todos los guardianes de Croacia y el cristianismo a lo largo de los siglos), que \u00e9l no quiera todo eso?; \u00bfQui\u00e9n traicionar\u00e1 todo eso? Hermosa nuestra, esperamos, queremos y lucharemos por ti para que seas lo antes posible como te so\u00f1aron nuestros antepasados \u200b\u200by como tu pueblo lo merec\u00eda. \u00a1Sin rendici\u00f3n!<\/p>\n<p>Ivan Tomislav Grbe\u0161i\u0107<\/p>\n<p>&nbsp;<\/p>\n<p><img decoding=\"async\" class=\"alignnone size-medium wp-image-10365\" src=\"https:\/\/virtualnimuzej.aspira.hr\/wp-content\/uploads\/2023\/05\/ivan-grbesic-1-300x193.jpg\" alt=\"\" width=\"300\" height=\"193\" srcset=\"https:\/\/virtualnimuzej.aspira.hr\/wp-content\/uploads\/2023\/05\/ivan-grbesic-1-200x129.jpg 200w, https:\/\/virtualnimuzej.aspira.hr\/wp-content\/uploads\/2023\/05\/ivan-grbesic-1-300x193.jpg 300w, https:\/\/virtualnimuzej.aspira.hr\/wp-content\/uploads\/2023\/05\/ivan-grbesic-1-400x258.jpg 400w, https:\/\/virtualnimuzej.aspira.hr\/wp-content\/uploads\/2023\/05\/ivan-grbesic-1-460x295.jpg 460w, https:\/\/virtualnimuzej.aspira.hr\/wp-content\/uploads\/2023\/05\/ivan-grbesic-1-600x386.jpg 600w, https:\/\/virtualnimuzej.aspira.hr\/wp-content\/uploads\/2023\/05\/ivan-grbesic-1-768x494.jpg 768w, https:\/\/virtualnimuzej.aspira.hr\/wp-content\/uploads\/2023\/05\/ivan-grbesic-1.jpg 800w\" sizes=\"(max-width: 300px) 100vw, 300px\" \/><\/p>\n<p>&nbsp;<\/p>\n","protected":false},"excerpt":{"rendered":"<p>&nbsp; Nacido en 1975 en Sudbury, una ciudad del norte de Ontario (Canad\u00e1) conocida, entre otras cosas, por la nieve, el fr\u00edo, el hockey y las minas. Creci\u00f3 en una [&hellip;]<\/p>\n","protected":false},"author":1,"featured_media":10362,"comment_status":"open","ping_status":"open","sticky":false,"template":"","format":"standard","meta":{"footnotes":""},"categories":[88],"tags":[],"class_list":["post-10367","post","type-post","status-publish","format-standard","has-post-thumbnail","hentry","category-canada-es"],"yoast_head":"<!-- This site is optimized with the Yoast SEO plugin v20.7 - https:\/\/yoast.com\/wordpress\/plugins\/seo\/ -->\n<title>IVAN GRBE\u0160I\u0106 - Aspira Virtualni Muzej iseljeni\u0161tva Dalmacije<\/title>\n<meta name=\"robots\" content=\"index, follow, max-snippet:-1, max-image-preview:large, max-video-preview:-1\" \/>\n<link rel=\"canonical\" href=\"https:\/\/virtualnimuzej.aspira.hr\/es\/ivan-grbesic\/\" \/>\n<meta property=\"og:locale\" content=\"es_ES\" \/>\n<meta property=\"og:type\" content=\"article\" \/>\n<meta property=\"og:title\" content=\"IVAN GRBE\u0160I\u0106 - Aspira Virtualni Muzej iseljeni\u0161tva Dalmacije\" \/>\n<meta property=\"og:description\" content=\"&nbsp; Nacido en 1975 en Sudbury, una ciudad del norte de Ontario (Canad\u00e1) conocida, entre otras cosas, por la nieve, el fr\u00edo, el hockey y las minas. Creci\u00f3 en una [&hellip;]\" \/>\n<meta property=\"og:url\" content=\"https:\/\/virtualnimuzej.aspira.hr\/es\/ivan-grbesic\/\" \/>\n<meta property=\"og:site_name\" content=\"Aspira Virtualni Muzej iseljeni\u0161tva Dalmacije\" \/>\n<meta property=\"article:published_time\" content=\"2023-05-12T12:02:02+00:00\" \/>\n<meta property=\"og:image\" content=\"https:\/\/virtualnimuzej.aspira.hr\/wp-content\/uploads\/2023\/05\/looking-east-elgin-street-downtown-sudbury-eastbound-view-ontario-canada-230768135-1.jpg\" \/>\n\t<meta property=\"og:image:width\" content=\"730\" \/>\n\t<meta property=\"og:image:height\" content=\"423\" \/>\n\t<meta property=\"og:image:type\" content=\"image\/jpeg\" \/>\n<meta name=\"author\" content=\"VmuzejAspira\" \/>\n<meta name=\"twitter:card\" content=\"summary_large_image\" \/>\n<meta name=\"twitter:label1\" content=\"Escrito por\" \/>\n\t<meta name=\"twitter:data1\" content=\"VmuzejAspira\" \/>\n\t<meta name=\"twitter:label2\" content=\"Tiempo de lectura\" \/>\n\t<meta name=\"twitter:data2\" content=\"3 minutos\" \/>\n<script type=\"application\/ld+json\" class=\"yoast-schema-graph\">{\"@context\":\"https:\/\/schema.org\",\"@graph\":[{\"@type\":\"WebPage\",\"@id\":\"https:\/\/virtualnimuzej.aspira.hr\/es\/ivan-grbesic\/\",\"url\":\"https:\/\/virtualnimuzej.aspira.hr\/es\/ivan-grbesic\/\",\"name\":\"IVAN GRBE\u0160I\u0106 - Aspira Virtualni Muzej iseljeni\u0161tva Dalmacije\",\"isPartOf\":{\"@id\":\"https:\/\/virtualnimuzej.aspira.hr\/#website\"},\"datePublished\":\"2023-05-12T12:02:02+00:00\",\"dateModified\":\"2023-05-12T12:02:02+00:00\",\"author\":{\"@id\":\"https:\/\/virtualnimuzej.aspira.hr\/#\/schema\/person\/8b28048370e78968988c04d6f1ba104d\"},\"breadcrumb\":{\"@id\":\"https:\/\/virtualnimuzej.aspira.hr\/es\/ivan-grbesic\/#breadcrumb\"},\"inLanguage\":\"es\",\"potentialAction\":[{\"@type\":\"ReadAction\",\"target\":[\"https:\/\/virtualnimuzej.aspira.hr\/es\/ivan-grbesic\/\"]}]},{\"@type\":\"BreadcrumbList\",\"@id\":\"https:\/\/virtualnimuzej.aspira.hr\/es\/ivan-grbesic\/#breadcrumb\",\"itemListElement\":[{\"@type\":\"ListItem\",\"position\":1,\"name\":\"Naslovna\",\"item\":\"https:\/\/virtualnimuzej.aspira.hr\/es\/\"},{\"@type\":\"ListItem\",\"position\":2,\"name\":\"IVAN GRBE\u0160I\u0106\"}]},{\"@type\":\"WebSite\",\"@id\":\"https:\/\/virtualnimuzej.aspira.hr\/#website\",\"url\":\"https:\/\/virtualnimuzej.aspira.hr\/\",\"name\":\"Aspira Virtualni Muzej iseljeni\u0161tva Dalmacije\",\"description\":\"Muzej iseljeni\u0161tva je zami\u0161ljen kao mjesto skupljanja i prezentacije gra\u0111e o hrvatskom iseljeni\u0161tvu i povijesti iseljavanja koja nikada nije bila dovoljno istra\u017eena.\",\"potentialAction\":[{\"@type\":\"SearchAction\",\"target\":{\"@type\":\"EntryPoint\",\"urlTemplate\":\"https:\/\/virtualnimuzej.aspira.hr\/?s={search_term_string}\"},\"query-input\":\"required name=search_term_string\"}],\"inLanguage\":\"es\"},{\"@type\":\"Person\",\"@id\":\"https:\/\/virtualnimuzej.aspira.hr\/#\/schema\/person\/8b28048370e78968988c04d6f1ba104d\",\"name\":\"VmuzejAspira\",\"image\":{\"@type\":\"ImageObject\",\"inLanguage\":\"es\",\"@id\":\"https:\/\/virtualnimuzej.aspira.hr\/#\/schema\/person\/image\/\",\"url\":\"https:\/\/secure.gravatar.com\/avatar\/cfa7124a34eec5233efffe1e8fb23c18bb83abdb6129e8f47c9144109613a228?s=96&d=mm&r=g\",\"contentUrl\":\"https:\/\/secure.gravatar.com\/avatar\/cfa7124a34eec5233efffe1e8fb23c18bb83abdb6129e8f47c9144109613a228?s=96&d=mm&r=g\",\"caption\":\"VmuzejAspira\"},\"sameAs\":[\"http:\/\/virtualnimuzej.aspira.hr\"],\"url\":\"https:\/\/virtualnimuzej.aspira.hr\/es\/author\/vmuzejaspira\/\"}]}<\/script>\n<!-- \/ Yoast SEO plugin. -->","yoast_head_json":{"title":"IVAN GRBE\u0160I\u0106 - Aspira Virtualni Muzej iseljeni\u0161tva Dalmacije","robots":{"index":"index","follow":"follow","max-snippet":"max-snippet:-1","max-image-preview":"max-image-preview:large","max-video-preview":"max-video-preview:-1"},"canonical":"https:\/\/virtualnimuzej.aspira.hr\/es\/ivan-grbesic\/","og_locale":"es_ES","og_type":"article","og_title":"IVAN GRBE\u0160I\u0106 - Aspira Virtualni Muzej iseljeni\u0161tva Dalmacije","og_description":"&nbsp; Nacido en 1975 en Sudbury, una ciudad del norte de Ontario (Canad\u00e1) conocida, entre otras cosas, por la nieve, el fr\u00edo, el hockey y las minas. Creci\u00f3 en una [&hellip;]","og_url":"https:\/\/virtualnimuzej.aspira.hr\/es\/ivan-grbesic\/","og_site_name":"Aspira Virtualni Muzej iseljeni\u0161tva Dalmacije","article_published_time":"2023-05-12T12:02:02+00:00","og_image":[{"width":730,"height":423,"url":"https:\/\/virtualnimuzej.aspira.hr\/wp-content\/uploads\/2023\/05\/looking-east-elgin-street-downtown-sudbury-eastbound-view-ontario-canada-230768135-1.jpg","type":"image\/jpeg"}],"author":"VmuzejAspira","twitter_card":"summary_large_image","twitter_misc":{"Escrito por":"VmuzejAspira","Tiempo de lectura":"3 minutos"},"schema":{"@context":"https:\/\/schema.org","@graph":[{"@type":"WebPage","@id":"https:\/\/virtualnimuzej.aspira.hr\/es\/ivan-grbesic\/","url":"https:\/\/virtualnimuzej.aspira.hr\/es\/ivan-grbesic\/","name":"IVAN GRBE\u0160I\u0106 - Aspira Virtualni Muzej iseljeni\u0161tva Dalmacije","isPartOf":{"@id":"https:\/\/virtualnimuzej.aspira.hr\/#website"},"datePublished":"2023-05-12T12:02:02+00:00","dateModified":"2023-05-12T12:02:02+00:00","author":{"@id":"https:\/\/virtualnimuzej.aspira.hr\/#\/schema\/person\/8b28048370e78968988c04d6f1ba104d"},"breadcrumb":{"@id":"https:\/\/virtualnimuzej.aspira.hr\/es\/ivan-grbesic\/#breadcrumb"},"inLanguage":"es","potentialAction":[{"@type":"ReadAction","target":["https:\/\/virtualnimuzej.aspira.hr\/es\/ivan-grbesic\/"]}]},{"@type":"BreadcrumbList","@id":"https:\/\/virtualnimuzej.aspira.hr\/es\/ivan-grbesic\/#breadcrumb","itemListElement":[{"@type":"ListItem","position":1,"name":"Naslovna","item":"https:\/\/virtualnimuzej.aspira.hr\/es\/"},{"@type":"ListItem","position":2,"name":"IVAN GRBE\u0160I\u0106"}]},{"@type":"WebSite","@id":"https:\/\/virtualnimuzej.aspira.hr\/#website","url":"https:\/\/virtualnimuzej.aspira.hr\/","name":"Aspira Virtualni Muzej iseljeni\u0161tva Dalmacije","description":"Muzej iseljeni\u0161tva je zami\u0161ljen kao mjesto skupljanja i prezentacije gra\u0111e o hrvatskom iseljeni\u0161tvu i povijesti iseljavanja koja nikada nije bila dovoljno istra\u017eena.","potentialAction":[{"@type":"SearchAction","target":{"@type":"EntryPoint","urlTemplate":"https:\/\/virtualnimuzej.aspira.hr\/?s={search_term_string}"},"query-input":"required name=search_term_string"}],"inLanguage":"es"},{"@type":"Person","@id":"https:\/\/virtualnimuzej.aspira.hr\/#\/schema\/person\/8b28048370e78968988c04d6f1ba104d","name":"VmuzejAspira","image":{"@type":"ImageObject","inLanguage":"es","@id":"https:\/\/virtualnimuzej.aspira.hr\/#\/schema\/person\/image\/","url":"https:\/\/secure.gravatar.com\/avatar\/cfa7124a34eec5233efffe1e8fb23c18bb83abdb6129e8f47c9144109613a228?s=96&d=mm&r=g","contentUrl":"https:\/\/secure.gravatar.com\/avatar\/cfa7124a34eec5233efffe1e8fb23c18bb83abdb6129e8f47c9144109613a228?s=96&d=mm&r=g","caption":"VmuzejAspira"},"sameAs":["http:\/\/virtualnimuzej.aspira.hr"],"url":"https:\/\/virtualnimuzej.aspira.hr\/es\/author\/vmuzejaspira\/"}]}},"_links":{"self":[{"href":"https:\/\/virtualnimuzej.aspira.hr\/es\/wp-json\/wp\/v2\/posts\/10367","targetHints":{"allow":["GET"]}}],"collection":[{"href":"https:\/\/virtualnimuzej.aspira.hr\/es\/wp-json\/wp\/v2\/posts"}],"about":[{"href":"https:\/\/virtualnimuzej.aspira.hr\/es\/wp-json\/wp\/v2\/types\/post"}],"author":[{"embeddable":true,"href":"https:\/\/virtualnimuzej.aspira.hr\/es\/wp-json\/wp\/v2\/users\/1"}],"replies":[{"embeddable":true,"href":"https:\/\/virtualnimuzej.aspira.hr\/es\/wp-json\/wp\/v2\/comments?post=10367"}],"version-history":[{"count":1,"href":"https:\/\/virtualnimuzej.aspira.hr\/es\/wp-json\/wp\/v2\/posts\/10367\/revisions"}],"predecessor-version":[{"id":10368,"href":"https:\/\/virtualnimuzej.aspira.hr\/es\/wp-json\/wp\/v2\/posts\/10367\/revisions\/10368"}],"wp:featuredmedia":[{"embeddable":true,"href":"https:\/\/virtualnimuzej.aspira.hr\/es\/wp-json\/wp\/v2\/media\/10362"}],"wp:attachment":[{"href":"https:\/\/virtualnimuzej.aspira.hr\/es\/wp-json\/wp\/v2\/media?parent=10367"}],"wp:term":[{"taxonomy":"category","embeddable":true,"href":"https:\/\/virtualnimuzej.aspira.hr\/es\/wp-json\/wp\/v2\/categories?post=10367"},{"taxonomy":"post_tag","embeddable":true,"href":"https:\/\/virtualnimuzej.aspira.hr\/es\/wp-json\/wp\/v2\/tags?post=10367"}],"curies":[{"name":"wp","href":"https:\/\/api.w.org\/{rel}","templated":true}]}}