{"id":10594,"date":"2023-05-22T14:40:40","date_gmt":"2023-05-22T12:40:40","guid":{"rendered":"https:\/\/virtualnimuzej.aspira.hr\/?p=10594"},"modified":"2023-05-22T14:40:40","modified_gmt":"2023-05-22T12:40:40","slug":"candidatura-de-jan-topic-a-la-presidencia","status":"publish","type":"post","link":"https:\/\/virtualnimuzej.aspira.hr\/es\/candidatura-de-jan-topic-a-la-presidencia\/","title":{"rendered":"Candidatura de Jan Topi\u0107 a la presidencia"},"content":{"rendered":"<p>&nbsp;<\/p>\n<p>Se confirma oficialmente la candidatura de Jan Topi\u0107 a la presidencia de Ecuador. Topi\u0107 es hijo del magnate de las telecomunicaciones y due\u00f1o de Telconet Tomislav Topi\u0107 de Guayaquil. Estudi\u00f3 en Harvard y UPenn (Universidad de Pensilvania), es economista y experto en seguridad nacional de profesi\u00f3n, y fundador y propietario de la empresa de seguridad m\u00e1s grande de Ecuador, que emplea a 2.000 personas. No es miembro de ning\u00fan partido, pero el Partido Social Cristiano lo respalda en su candidatura. Hace un llamado a todos los partidos, independientemente de su afiliaci\u00f3n, a unirse en beneficio de los ciudadanos. En su discurso dijo que quiere detener el caos y la violencia que reina en Ecuador. Como soldado, estuvo en los campos de batalla de Siria, \u00c1frica y Ucrania y vio la destrucci\u00f3n de culturas milenarias y cree que es hora de introducir el orden. No se presenta como un pol\u00edtico, sino como un economista y experto en seguridad, que tiene un plan, un equipo y una determinaci\u00f3n para traer la paz, para trabajar en la salud, la educaci\u00f3n y el empleo en el pa\u00eds. Como una de las tareas principales, y me atrevo a decir las m\u00e1s desafiantes, es acabar con los c\u00e1rteles de la droga y limpiar las c\u00e1rceles de delincuentes, y erradicar la corrupci\u00f3n en la polic\u00eda y el ej\u00e9rcito. Solo entonces, cree Topi\u0107, ser\u00e1 posible facilitar las inversiones extranjeras y restaurar la econom\u00eda, desarrollar el turismo y los sectores productivos. Quiere reunir a su alrededor a personas capaces, incorruptibles, que tengan ante todo el inter\u00e9s del Ecuador y la intenci\u00f3n de desarrollar por igual las zonas urbanas y rurales.<\/p>\n<p>El asentamiento de los croatas en Ecuador se inici\u00f3 a finales del siglo XIX, cuando acud\u00edan all\u00ed a recolectar las semillas de la palma huesuda (\u00bbtagua\u00bb), el producto de exportaci\u00f3n m\u00e1s importante de la \u00e9poca, con la que se fabricaban botones. Despu\u00e9s de que se desarroll\u00f3 la industria qu\u00edmica, la \u00abtagua\u00bb continu\u00f3 us\u00e1ndose solo en la alta moda, y los croatas se volcaron al cultivo de banano y la pesca.<\/p>\n<p>Organizado por Tomislav Topi\u0107 y la comunidad croata en Ecuador, en 2018 se realiz\u00f3 en Guayaquil el 4\u00b0 Encuentro de Croatas de Am\u00e9rica del Sur, y recientemente tambi\u00e9n ha estado funcionando el Consulado Honorario de la Rep\u00fablica de Croacia encabezado por el C\u00f3nsul Honorario Diego Mileti\u0107. En Quito funciona la Provincia ecuatoriana de los Institutos de la Misericordia (\u00c1ngeles), que mantienen un centro de educaci\u00f3n integral en el que participan 300 ni\u00f1os pobres, y se organizan cursos de lectura y escritura para reducir el analfabetismo, especialmente entre las mujeres. El centro ha estado funcionando durante unos 38 a\u00f1os y ha sido dirigido por la hermana Klementina Bano\u017ei\u0107 desde el principio.<\/p>\n<p>Y finalmente, el club de f\u00fatbol Hajduk Quito opera en Quito, fundado luego de que el primer equipo Hajduk jugara all\u00ed un partido a principios de 1970. Hajduk Quito a\u00fan existe hoy, y Alex Aguinaga, el mejor futbolista de la historia de Ecuador, se gradu\u00f3 de su escuela juvenil.<\/p>\n<p>Desde entonces, hemos tenido dos presidentes de origen croata en Sudam\u00e9rica. Eran Francisco Orli\u0107 en Costa Rica, Nestor Kirchner Ostoic en Argentina y Gabriel Bori\u0107 en Chile. Tal vez Ecuador se sume a esta serie.<\/p>\n<p>&nbsp;<\/p>\n<p><img decoding=\"async\" class=\"alignnone size-medium wp-image-10595\" src=\"https:\/\/virtualnimuzej.aspira.hr\/wp-content\/uploads\/2023\/05\/Tomislav-i-Jan-Topic-1-300x172.jpg\" alt=\"\" width=\"300\" height=\"172\" srcset=\"https:\/\/virtualnimuzej.aspira.hr\/wp-content\/uploads\/2023\/05\/Tomislav-i-Jan-Topic-1-200x115.jpg 200w, https:\/\/virtualnimuzej.aspira.hr\/wp-content\/uploads\/2023\/05\/Tomislav-i-Jan-Topic-1-300x172.jpg 300w, https:\/\/virtualnimuzej.aspira.hr\/wp-content\/uploads\/2023\/05\/Tomislav-i-Jan-Topic-1-400x230.jpg 400w, https:\/\/virtualnimuzej.aspira.hr\/wp-content\/uploads\/2023\/05\/Tomislav-i-Jan-Topic-1-600x345.jpg 600w, https:\/\/virtualnimuzej.aspira.hr\/wp-content\/uploads\/2023\/05\/Tomislav-i-Jan-Topic-1.jpg 700w\" sizes=\"(max-width: 300px) 100vw, 300px\" \/><\/p>\n<p>Tomislav y Jan Topi\u0107<\/p>\n","protected":false},"excerpt":{"rendered":"<p>&nbsp; Se confirma oficialmente la candidatura de Jan Topi\u0107 a la presidencia de Ecuador. Topi\u0107 es hijo del magnate de las telecomunicaciones y due\u00f1o de Telconet Tomislav Topi\u0107 de Guayaquil. [&hellip;]<\/p>\n","protected":false},"author":1,"featured_media":10591,"comment_status":"open","ping_status":"open","sticky":false,"template":"","format":"standard","meta":{"footnotes":""},"categories":[81],"tags":[],"class_list":["post-10594","post","type-post","status-publish","format-standard","has-post-thumbnail","hentry","category-ecuador-es"],"yoast_head":"<!-- This site is optimized with the Yoast SEO plugin v20.7 - https:\/\/yoast.com\/wordpress\/plugins\/seo\/ -->\n<title>Candidatura de Jan Topi\u0107 a la presidencia - Aspira Virtualni Muzej iseljeni\u0161tva Dalmacije<\/title>\n<meta name=\"robots\" content=\"index, follow, max-snippet:-1, max-image-preview:large, max-video-preview:-1\" \/>\n<link rel=\"canonical\" href=\"https:\/\/virtualnimuzej.aspira.hr\/es\/candidatura-de-jan-topic-a-la-presidencia\/\" \/>\n<meta property=\"og:locale\" content=\"es_ES\" \/>\n<meta property=\"og:type\" content=\"article\" \/>\n<meta property=\"og:title\" content=\"Candidatura de Jan Topi\u0107 a la presidencia - Aspira Virtualni Muzej iseljeni\u0161tva Dalmacije\" \/>\n<meta property=\"og:description\" content=\"&nbsp; Se confirma oficialmente la candidatura de Jan Topi\u0107 a la presidencia de Ecuador. Topi\u0107 es hijo del magnate de las telecomunicaciones y due\u00f1o de Telconet Tomislav Topi\u0107 de Guayaquil. [&hellip;]\" \/>\n<meta property=\"og:url\" content=\"https:\/\/virtualnimuzej.aspira.hr\/es\/candidatura-de-jan-topic-a-la-presidencia\/\" \/>\n<meta property=\"og:site_name\" content=\"Aspira Virtualni Muzej iseljeni\u0161tva Dalmacije\" \/>\n<meta property=\"article:published_time\" content=\"2023-05-22T12:40:40+00:00\" \/>\n<meta property=\"og:image\" content=\"https:\/\/virtualnimuzej.aspira.hr\/wp-content\/uploads\/2023\/05\/IMG_20181028_102222-1.jpg\" \/>\n\t<meta property=\"og:image:width\" content=\"800\" \/>\n\t<meta property=\"og:image:height\" content=\"799\" \/>\n\t<meta property=\"og:image:type\" content=\"image\/jpeg\" \/>\n<meta name=\"author\" content=\"VmuzejAspira\" \/>\n<meta name=\"twitter:card\" content=\"summary_large_image\" \/>\n<meta name=\"twitter:label1\" content=\"Escrito por\" \/>\n\t<meta name=\"twitter:data1\" content=\"VmuzejAspira\" \/>\n\t<meta name=\"twitter:label2\" content=\"Tiempo de lectura\" \/>\n\t<meta name=\"twitter:data2\" content=\"3 minutos\" \/>\n<script type=\"application\/ld+json\" class=\"yoast-schema-graph\">{\"@context\":\"https:\/\/schema.org\",\"@graph\":[{\"@type\":\"WebPage\",\"@id\":\"https:\/\/virtualnimuzej.aspira.hr\/es\/candidatura-de-jan-topic-a-la-presidencia\/\",\"url\":\"https:\/\/virtualnimuzej.aspira.hr\/es\/candidatura-de-jan-topic-a-la-presidencia\/\",\"name\":\"Candidatura de Jan Topi\u0107 a la presidencia - Aspira Virtualni Muzej iseljeni\u0161tva Dalmacije\",\"isPartOf\":{\"@id\":\"https:\/\/virtualnimuzej.aspira.hr\/#website\"},\"datePublished\":\"2023-05-22T12:40:40+00:00\",\"dateModified\":\"2023-05-22T12:40:40+00:00\",\"author\":{\"@id\":\"https:\/\/virtualnimuzej.aspira.hr\/#\/schema\/person\/8b28048370e78968988c04d6f1ba104d\"},\"breadcrumb\":{\"@id\":\"https:\/\/virtualnimuzej.aspira.hr\/es\/candidatura-de-jan-topic-a-la-presidencia\/#breadcrumb\"},\"inLanguage\":\"es\",\"potentialAction\":[{\"@type\":\"ReadAction\",\"target\":[\"https:\/\/virtualnimuzej.aspira.hr\/es\/candidatura-de-jan-topic-a-la-presidencia\/\"]}]},{\"@type\":\"BreadcrumbList\",\"@id\":\"https:\/\/virtualnimuzej.aspira.hr\/es\/candidatura-de-jan-topic-a-la-presidencia\/#breadcrumb\",\"itemListElement\":[{\"@type\":\"ListItem\",\"position\":1,\"name\":\"Naslovna\",\"item\":\"https:\/\/virtualnimuzej.aspira.hr\/es\/\"},{\"@type\":\"ListItem\",\"position\":2,\"name\":\"Candidatura de Jan Topi\u0107 a la presidencia\"}]},{\"@type\":\"WebSite\",\"@id\":\"https:\/\/virtualnimuzej.aspira.hr\/#website\",\"url\":\"https:\/\/virtualnimuzej.aspira.hr\/\",\"name\":\"Aspira Virtualni Muzej iseljeni\u0161tva Dalmacije\",\"description\":\"Muzej iseljeni\u0161tva je zami\u0161ljen kao mjesto skupljanja i prezentacije gra\u0111e o hrvatskom iseljeni\u0161tvu i povijesti iseljavanja koja nikada nije bila dovoljno istra\u017eena.\",\"potentialAction\":[{\"@type\":\"SearchAction\",\"target\":{\"@type\":\"EntryPoint\",\"urlTemplate\":\"https:\/\/virtualnimuzej.aspira.hr\/?s={search_term_string}\"},\"query-input\":\"required name=search_term_string\"}],\"inLanguage\":\"es\"},{\"@type\":\"Person\",\"@id\":\"https:\/\/virtualnimuzej.aspira.hr\/#\/schema\/person\/8b28048370e78968988c04d6f1ba104d\",\"name\":\"VmuzejAspira\",\"image\":{\"@type\":\"ImageObject\",\"inLanguage\":\"es\",\"@id\":\"https:\/\/virtualnimuzej.aspira.hr\/#\/schema\/person\/image\/\",\"url\":\"https:\/\/secure.gravatar.com\/avatar\/cfa7124a34eec5233efffe1e8fb23c18bb83abdb6129e8f47c9144109613a228?s=96&d=mm&r=g\",\"contentUrl\":\"https:\/\/secure.gravatar.com\/avatar\/cfa7124a34eec5233efffe1e8fb23c18bb83abdb6129e8f47c9144109613a228?s=96&d=mm&r=g\",\"caption\":\"VmuzejAspira\"},\"sameAs\":[\"http:\/\/virtualnimuzej.aspira.hr\"],\"url\":\"https:\/\/virtualnimuzej.aspira.hr\/es\/author\/vmuzejaspira\/\"}]}<\/script>\n<!-- \/ Yoast SEO plugin. -->","yoast_head_json":{"title":"Candidatura de Jan Topi\u0107 a la presidencia - Aspira Virtualni Muzej iseljeni\u0161tva Dalmacije","robots":{"index":"index","follow":"follow","max-snippet":"max-snippet:-1","max-image-preview":"max-image-preview:large","max-video-preview":"max-video-preview:-1"},"canonical":"https:\/\/virtualnimuzej.aspira.hr\/es\/candidatura-de-jan-topic-a-la-presidencia\/","og_locale":"es_ES","og_type":"article","og_title":"Candidatura de Jan Topi\u0107 a la presidencia - Aspira Virtualni Muzej iseljeni\u0161tva Dalmacije","og_description":"&nbsp; Se confirma oficialmente la candidatura de Jan Topi\u0107 a la presidencia de Ecuador. Topi\u0107 es hijo del magnate de las telecomunicaciones y due\u00f1o de Telconet Tomislav Topi\u0107 de Guayaquil. [&hellip;]","og_url":"https:\/\/virtualnimuzej.aspira.hr\/es\/candidatura-de-jan-topic-a-la-presidencia\/","og_site_name":"Aspira Virtualni Muzej iseljeni\u0161tva Dalmacije","article_published_time":"2023-05-22T12:40:40+00:00","og_image":[{"width":800,"height":799,"url":"https:\/\/virtualnimuzej.aspira.hr\/wp-content\/uploads\/2023\/05\/IMG_20181028_102222-1.jpg","type":"image\/jpeg"}],"author":"VmuzejAspira","twitter_card":"summary_large_image","twitter_misc":{"Escrito por":"VmuzejAspira","Tiempo de lectura":"3 minutos"},"schema":{"@context":"https:\/\/schema.org","@graph":[{"@type":"WebPage","@id":"https:\/\/virtualnimuzej.aspira.hr\/es\/candidatura-de-jan-topic-a-la-presidencia\/","url":"https:\/\/virtualnimuzej.aspira.hr\/es\/candidatura-de-jan-topic-a-la-presidencia\/","name":"Candidatura de Jan Topi\u0107 a la presidencia - Aspira Virtualni Muzej iseljeni\u0161tva Dalmacije","isPartOf":{"@id":"https:\/\/virtualnimuzej.aspira.hr\/#website"},"datePublished":"2023-05-22T12:40:40+00:00","dateModified":"2023-05-22T12:40:40+00:00","author":{"@id":"https:\/\/virtualnimuzej.aspira.hr\/#\/schema\/person\/8b28048370e78968988c04d6f1ba104d"},"breadcrumb":{"@id":"https:\/\/virtualnimuzej.aspira.hr\/es\/candidatura-de-jan-topic-a-la-presidencia\/#breadcrumb"},"inLanguage":"es","potentialAction":[{"@type":"ReadAction","target":["https:\/\/virtualnimuzej.aspira.hr\/es\/candidatura-de-jan-topic-a-la-presidencia\/"]}]},{"@type":"BreadcrumbList","@id":"https:\/\/virtualnimuzej.aspira.hr\/es\/candidatura-de-jan-topic-a-la-presidencia\/#breadcrumb","itemListElement":[{"@type":"ListItem","position":1,"name":"Naslovna","item":"https:\/\/virtualnimuzej.aspira.hr\/es\/"},{"@type":"ListItem","position":2,"name":"Candidatura de Jan Topi\u0107 a la presidencia"}]},{"@type":"WebSite","@id":"https:\/\/virtualnimuzej.aspira.hr\/#website","url":"https:\/\/virtualnimuzej.aspira.hr\/","name":"Aspira Virtualni Muzej iseljeni\u0161tva Dalmacije","description":"Muzej iseljeni\u0161tva je zami\u0161ljen kao mjesto skupljanja i prezentacije gra\u0111e o hrvatskom iseljeni\u0161tvu i povijesti iseljavanja koja nikada nije bila dovoljno istra\u017eena.","potentialAction":[{"@type":"SearchAction","target":{"@type":"EntryPoint","urlTemplate":"https:\/\/virtualnimuzej.aspira.hr\/?s={search_term_string}"},"query-input":"required name=search_term_string"}],"inLanguage":"es"},{"@type":"Person","@id":"https:\/\/virtualnimuzej.aspira.hr\/#\/schema\/person\/8b28048370e78968988c04d6f1ba104d","name":"VmuzejAspira","image":{"@type":"ImageObject","inLanguage":"es","@id":"https:\/\/virtualnimuzej.aspira.hr\/#\/schema\/person\/image\/","url":"https:\/\/secure.gravatar.com\/avatar\/cfa7124a34eec5233efffe1e8fb23c18bb83abdb6129e8f47c9144109613a228?s=96&d=mm&r=g","contentUrl":"https:\/\/secure.gravatar.com\/avatar\/cfa7124a34eec5233efffe1e8fb23c18bb83abdb6129e8f47c9144109613a228?s=96&d=mm&r=g","caption":"VmuzejAspira"},"sameAs":["http:\/\/virtualnimuzej.aspira.hr"],"url":"https:\/\/virtualnimuzej.aspira.hr\/es\/author\/vmuzejaspira\/"}]}},"_links":{"self":[{"href":"https:\/\/virtualnimuzej.aspira.hr\/es\/wp-json\/wp\/v2\/posts\/10594","targetHints":{"allow":["GET"]}}],"collection":[{"href":"https:\/\/virtualnimuzej.aspira.hr\/es\/wp-json\/wp\/v2\/posts"}],"about":[{"href":"https:\/\/virtualnimuzej.aspira.hr\/es\/wp-json\/wp\/v2\/types\/post"}],"author":[{"embeddable":true,"href":"https:\/\/virtualnimuzej.aspira.hr\/es\/wp-json\/wp\/v2\/users\/1"}],"replies":[{"embeddable":true,"href":"https:\/\/virtualnimuzej.aspira.hr\/es\/wp-json\/wp\/v2\/comments?post=10594"}],"version-history":[{"count":1,"href":"https:\/\/virtualnimuzej.aspira.hr\/es\/wp-json\/wp\/v2\/posts\/10594\/revisions"}],"predecessor-version":[{"id":10598,"href":"https:\/\/virtualnimuzej.aspira.hr\/es\/wp-json\/wp\/v2\/posts\/10594\/revisions\/10598"}],"wp:featuredmedia":[{"embeddable":true,"href":"https:\/\/virtualnimuzej.aspira.hr\/es\/wp-json\/wp\/v2\/media\/10591"}],"wp:attachment":[{"href":"https:\/\/virtualnimuzej.aspira.hr\/es\/wp-json\/wp\/v2\/media?parent=10594"}],"wp:term":[{"taxonomy":"category","embeddable":true,"href":"https:\/\/virtualnimuzej.aspira.hr\/es\/wp-json\/wp\/v2\/categories?post=10594"},{"taxonomy":"post_tag","embeddable":true,"href":"https:\/\/virtualnimuzej.aspira.hr\/es\/wp-json\/wp\/v2\/tags?post=10594"}],"curies":[{"name":"wp","href":"https:\/\/api.w.org\/{rel}","templated":true}]}}