{"id":10771,"date":"2023-05-25T09:21:44","date_gmt":"2023-05-25T07:21:44","guid":{"rendered":"https:\/\/virtualnimuzej.aspira.hr\/?p=10771"},"modified":"2023-05-25T09:21:44","modified_gmt":"2023-05-25T07:21:44","slug":"stella-koletic","status":"publish","type":"post","link":"https:\/\/virtualnimuzej.aspira.hr\/es\/stella-koletic\/","title":{"rendered":"STELLA KOLETIC"},"content":{"rendered":"<p>&nbsp;<\/p>\n<p>Stella Koleti\u0107 naci\u00f3 y se educ\u00f3 en Zagreb, donde se gradu\u00f3 en la Facultad de Odontolog\u00eda de la Universidad de Zagreb. En 1981, ella y su esposo se mudaron a los Estados Unidos. Interesada en profundizar su formaci\u00f3n en causas de enfermedades dentales y prevenci\u00f3n, complet\u00f3 un programa de maestr\u00eda y se especializ\u00f3 en odontolog\u00eda pedi\u00e1trica en la Universidad de California Los \u00c1ngeles (UCLA).<\/p>\n<p>Inspirada para compartir su conocimiento despu\u00e9s de graduarse, continu\u00f3 ense\u00f1ando odontolog\u00eda pedi\u00e1trica y preventiva a nuevas generaciones de dentistas en UCLA. Durante este tiempo, estableci\u00f3 una pr\u00e1ctica privada en odontolog\u00eda preventiva y restauradora para ni\u00f1os, ense\u00f1ando a las familias sobre las mejores pr\u00e1cticas preventivas de higiene bucal desde una edad temprana.<\/p>\n<p>Sus esfuerzos dieron como resultado generaciones de ni\u00f1os que crecieron sin caries.<\/p>\n<p>Durante la Guerra de la Patria, la Dra. Koleti\u0107 y su esposo estuvieron activos dentro de la comunidad croata en Los \u00c1ngeles, recaudando fondos para ayuda humanitaria y creando conciencia sobre las luchas del pueblo croata en los medios estadounidenses que llevaron al reconocimiento del nuevo estado croata.<\/p>\n<p>&nbsp;<\/p>\n<p>&nbsp;<\/p>\n<p><img decoding=\"async\" class=\"alignnone size-medium wp-image-10765\" src=\"https:\/\/virtualnimuzej.aspira.hr\/wp-content\/uploads\/2023\/05\/Stella-Koletic-CV-1-1-188x300.jpg\" alt=\"\" width=\"188\" height=\"300\" srcset=\"https:\/\/virtualnimuzej.aspira.hr\/wp-content\/uploads\/2023\/05\/Stella-Koletic-CV-1-1-188x300.jpg 188w, https:\/\/virtualnimuzej.aspira.hr\/wp-content\/uploads\/2023\/05\/Stella-Koletic-CV-1-1-200x318.jpg 200w, https:\/\/virtualnimuzej.aspira.hr\/wp-content\/uploads\/2023\/05\/Stella-Koletic-CV-1-1-400x637.jpg 400w, https:\/\/virtualnimuzej.aspira.hr\/wp-content\/uploads\/2023\/05\/Stella-Koletic-CV-1-1.jpg 476w\" sizes=\"(max-width: 188px) 100vw, 188px\" \/><\/p>\n","protected":false},"excerpt":{"rendered":"<p>&nbsp; Stella Koleti\u0107 naci\u00f3 y se educ\u00f3 en Zagreb, donde se gradu\u00f3 en la Facultad de Odontolog\u00eda de la Universidad de Zagreb. En 1981, ella y su esposo se mudaron [&hellip;]<\/p>\n","protected":false},"author":1,"featured_media":10772,"comment_status":"open","ping_status":"open","sticky":false,"template":"","format":"standard","meta":{"footnotes":""},"categories":[87],"tags":[],"class_list":["post-10771","post","type-post","status-publish","format-standard","has-post-thumbnail","hentry","category-estados-unidos"],"yoast_head":"<!-- This site is optimized with the Yoast SEO plugin v20.7 - https:\/\/yoast.com\/wordpress\/plugins\/seo\/ -->\n<title>STELLA KOLETIC - Aspira Virtualni Muzej iseljeni\u0161tva Dalmacije<\/title>\n<meta name=\"robots\" content=\"index, follow, max-snippet:-1, max-image-preview:large, max-video-preview:-1\" \/>\n<link rel=\"canonical\" href=\"https:\/\/virtualnimuzej.aspira.hr\/es\/stella-koletic\/\" \/>\n<meta property=\"og:locale\" content=\"es_ES\" \/>\n<meta property=\"og:type\" content=\"article\" \/>\n<meta property=\"og:title\" content=\"STELLA KOLETIC - Aspira Virtualni Muzej iseljeni\u0161tva Dalmacije\" \/>\n<meta property=\"og:description\" content=\"&nbsp; Stella Koleti\u0107 naci\u00f3 y se educ\u00f3 en Zagreb, donde se gradu\u00f3 en la Facultad de Odontolog\u00eda de la Universidad de Zagreb. En 1981, ella y su esposo se mudaron [&hellip;]\" \/>\n<meta property=\"og:url\" content=\"https:\/\/virtualnimuzej.aspira.hr\/es\/stella-koletic\/\" \/>\n<meta property=\"og:site_name\" content=\"Aspira Virtualni Muzej iseljeni\u0161tva Dalmacije\" \/>\n<meta property=\"article:published_time\" content=\"2023-05-25T07:21:44+00:00\" \/>\n<meta property=\"og:image\" content=\"https:\/\/virtualnimuzej.aspira.hr\/wp-content\/uploads\/2023\/05\/IMG_20190429_161111-1.jpg\" \/>\n\t<meta property=\"og:image:width\" content=\"800\" \/>\n\t<meta property=\"og:image:height\" content=\"417\" \/>\n\t<meta property=\"og:image:type\" content=\"image\/jpeg\" \/>\n<meta name=\"author\" content=\"VmuzejAspira\" \/>\n<meta name=\"twitter:card\" content=\"summary_large_image\" \/>\n<meta name=\"twitter:label1\" content=\"Escrito por\" \/>\n\t<meta name=\"twitter:data1\" content=\"VmuzejAspira\" \/>\n\t<meta name=\"twitter:label2\" content=\"Tiempo de lectura\" \/>\n\t<meta name=\"twitter:data2\" content=\"2 minutos\" \/>\n<script type=\"application\/ld+json\" class=\"yoast-schema-graph\">{\"@context\":\"https:\/\/schema.org\",\"@graph\":[{\"@type\":\"WebPage\",\"@id\":\"https:\/\/virtualnimuzej.aspira.hr\/es\/stella-koletic\/\",\"url\":\"https:\/\/virtualnimuzej.aspira.hr\/es\/stella-koletic\/\",\"name\":\"STELLA KOLETIC - Aspira Virtualni Muzej iseljeni\u0161tva Dalmacije\",\"isPartOf\":{\"@id\":\"https:\/\/virtualnimuzej.aspira.hr\/#website\"},\"datePublished\":\"2023-05-25T07:21:44+00:00\",\"dateModified\":\"2023-05-25T07:21:44+00:00\",\"author\":{\"@id\":\"https:\/\/virtualnimuzej.aspira.hr\/#\/schema\/person\/8b28048370e78968988c04d6f1ba104d\"},\"breadcrumb\":{\"@id\":\"https:\/\/virtualnimuzej.aspira.hr\/es\/stella-koletic\/#breadcrumb\"},\"inLanguage\":\"es\",\"potentialAction\":[{\"@type\":\"ReadAction\",\"target\":[\"https:\/\/virtualnimuzej.aspira.hr\/es\/stella-koletic\/\"]}]},{\"@type\":\"BreadcrumbList\",\"@id\":\"https:\/\/virtualnimuzej.aspira.hr\/es\/stella-koletic\/#breadcrumb\",\"itemListElement\":[{\"@type\":\"ListItem\",\"position\":1,\"name\":\"Naslovna\",\"item\":\"https:\/\/virtualnimuzej.aspira.hr\/es\/\"},{\"@type\":\"ListItem\",\"position\":2,\"name\":\"STELLA KOLETIC\"}]},{\"@type\":\"WebSite\",\"@id\":\"https:\/\/virtualnimuzej.aspira.hr\/#website\",\"url\":\"https:\/\/virtualnimuzej.aspira.hr\/\",\"name\":\"Aspira Virtualni Muzej iseljeni\u0161tva Dalmacije\",\"description\":\"Muzej iseljeni\u0161tva je zami\u0161ljen kao mjesto skupljanja i prezentacije gra\u0111e o hrvatskom iseljeni\u0161tvu i povijesti iseljavanja koja nikada nije bila dovoljno istra\u017eena.\",\"potentialAction\":[{\"@type\":\"SearchAction\",\"target\":{\"@type\":\"EntryPoint\",\"urlTemplate\":\"https:\/\/virtualnimuzej.aspira.hr\/?s={search_term_string}\"},\"query-input\":\"required name=search_term_string\"}],\"inLanguage\":\"es\"},{\"@type\":\"Person\",\"@id\":\"https:\/\/virtualnimuzej.aspira.hr\/#\/schema\/person\/8b28048370e78968988c04d6f1ba104d\",\"name\":\"VmuzejAspira\",\"image\":{\"@type\":\"ImageObject\",\"inLanguage\":\"es\",\"@id\":\"https:\/\/virtualnimuzej.aspira.hr\/#\/schema\/person\/image\/\",\"url\":\"https:\/\/secure.gravatar.com\/avatar\/cfa7124a34eec5233efffe1e8fb23c18bb83abdb6129e8f47c9144109613a228?s=96&d=mm&r=g\",\"contentUrl\":\"https:\/\/secure.gravatar.com\/avatar\/cfa7124a34eec5233efffe1e8fb23c18bb83abdb6129e8f47c9144109613a228?s=96&d=mm&r=g\",\"caption\":\"VmuzejAspira\"},\"sameAs\":[\"http:\/\/virtualnimuzej.aspira.hr\"],\"url\":\"https:\/\/virtualnimuzej.aspira.hr\/es\/author\/vmuzejaspira\/\"}]}<\/script>\n<!-- \/ Yoast SEO plugin. -->","yoast_head_json":{"title":"STELLA KOLETIC - Aspira Virtualni Muzej iseljeni\u0161tva Dalmacije","robots":{"index":"index","follow":"follow","max-snippet":"max-snippet:-1","max-image-preview":"max-image-preview:large","max-video-preview":"max-video-preview:-1"},"canonical":"https:\/\/virtualnimuzej.aspira.hr\/es\/stella-koletic\/","og_locale":"es_ES","og_type":"article","og_title":"STELLA KOLETIC - Aspira Virtualni Muzej iseljeni\u0161tva Dalmacije","og_description":"&nbsp; Stella Koleti\u0107 naci\u00f3 y se educ\u00f3 en Zagreb, donde se gradu\u00f3 en la Facultad de Odontolog\u00eda de la Universidad de Zagreb. En 1981, ella y su esposo se mudaron [&hellip;]","og_url":"https:\/\/virtualnimuzej.aspira.hr\/es\/stella-koletic\/","og_site_name":"Aspira Virtualni Muzej iseljeni\u0161tva Dalmacije","article_published_time":"2023-05-25T07:21:44+00:00","og_image":[{"width":800,"height":417,"url":"https:\/\/virtualnimuzej.aspira.hr\/wp-content\/uploads\/2023\/05\/IMG_20190429_161111-1.jpg","type":"image\/jpeg"}],"author":"VmuzejAspira","twitter_card":"summary_large_image","twitter_misc":{"Escrito por":"VmuzejAspira","Tiempo de lectura":"2 minutos"},"schema":{"@context":"https:\/\/schema.org","@graph":[{"@type":"WebPage","@id":"https:\/\/virtualnimuzej.aspira.hr\/es\/stella-koletic\/","url":"https:\/\/virtualnimuzej.aspira.hr\/es\/stella-koletic\/","name":"STELLA KOLETIC - Aspira Virtualni Muzej iseljeni\u0161tva Dalmacije","isPartOf":{"@id":"https:\/\/virtualnimuzej.aspira.hr\/#website"},"datePublished":"2023-05-25T07:21:44+00:00","dateModified":"2023-05-25T07:21:44+00:00","author":{"@id":"https:\/\/virtualnimuzej.aspira.hr\/#\/schema\/person\/8b28048370e78968988c04d6f1ba104d"},"breadcrumb":{"@id":"https:\/\/virtualnimuzej.aspira.hr\/es\/stella-koletic\/#breadcrumb"},"inLanguage":"es","potentialAction":[{"@type":"ReadAction","target":["https:\/\/virtualnimuzej.aspira.hr\/es\/stella-koletic\/"]}]},{"@type":"BreadcrumbList","@id":"https:\/\/virtualnimuzej.aspira.hr\/es\/stella-koletic\/#breadcrumb","itemListElement":[{"@type":"ListItem","position":1,"name":"Naslovna","item":"https:\/\/virtualnimuzej.aspira.hr\/es\/"},{"@type":"ListItem","position":2,"name":"STELLA KOLETIC"}]},{"@type":"WebSite","@id":"https:\/\/virtualnimuzej.aspira.hr\/#website","url":"https:\/\/virtualnimuzej.aspira.hr\/","name":"Aspira Virtualni Muzej iseljeni\u0161tva Dalmacije","description":"Muzej iseljeni\u0161tva je zami\u0161ljen kao mjesto skupljanja i prezentacije gra\u0111e o hrvatskom iseljeni\u0161tvu i povijesti iseljavanja koja nikada nije bila dovoljno istra\u017eena.","potentialAction":[{"@type":"SearchAction","target":{"@type":"EntryPoint","urlTemplate":"https:\/\/virtualnimuzej.aspira.hr\/?s={search_term_string}"},"query-input":"required name=search_term_string"}],"inLanguage":"es"},{"@type":"Person","@id":"https:\/\/virtualnimuzej.aspira.hr\/#\/schema\/person\/8b28048370e78968988c04d6f1ba104d","name":"VmuzejAspira","image":{"@type":"ImageObject","inLanguage":"es","@id":"https:\/\/virtualnimuzej.aspira.hr\/#\/schema\/person\/image\/","url":"https:\/\/secure.gravatar.com\/avatar\/cfa7124a34eec5233efffe1e8fb23c18bb83abdb6129e8f47c9144109613a228?s=96&d=mm&r=g","contentUrl":"https:\/\/secure.gravatar.com\/avatar\/cfa7124a34eec5233efffe1e8fb23c18bb83abdb6129e8f47c9144109613a228?s=96&d=mm&r=g","caption":"VmuzejAspira"},"sameAs":["http:\/\/virtualnimuzej.aspira.hr"],"url":"https:\/\/virtualnimuzej.aspira.hr\/es\/author\/vmuzejaspira\/"}]}},"_links":{"self":[{"href":"https:\/\/virtualnimuzej.aspira.hr\/es\/wp-json\/wp\/v2\/posts\/10771","targetHints":{"allow":["GET"]}}],"collection":[{"href":"https:\/\/virtualnimuzej.aspira.hr\/es\/wp-json\/wp\/v2\/posts"}],"about":[{"href":"https:\/\/virtualnimuzej.aspira.hr\/es\/wp-json\/wp\/v2\/types\/post"}],"author":[{"embeddable":true,"href":"https:\/\/virtualnimuzej.aspira.hr\/es\/wp-json\/wp\/v2\/users\/1"}],"replies":[{"embeddable":true,"href":"https:\/\/virtualnimuzej.aspira.hr\/es\/wp-json\/wp\/v2\/comments?post=10771"}],"version-history":[{"count":1,"href":"https:\/\/virtualnimuzej.aspira.hr\/es\/wp-json\/wp\/v2\/posts\/10771\/revisions"}],"predecessor-version":[{"id":10775,"href":"https:\/\/virtualnimuzej.aspira.hr\/es\/wp-json\/wp\/v2\/posts\/10771\/revisions\/10775"}],"wp:featuredmedia":[{"embeddable":true,"href":"https:\/\/virtualnimuzej.aspira.hr\/es\/wp-json\/wp\/v2\/media\/10772"}],"wp:attachment":[{"href":"https:\/\/virtualnimuzej.aspira.hr\/es\/wp-json\/wp\/v2\/media?parent=10771"}],"wp:term":[{"taxonomy":"category","embeddable":true,"href":"https:\/\/virtualnimuzej.aspira.hr\/es\/wp-json\/wp\/v2\/categories?post=10771"},{"taxonomy":"post_tag","embeddable":true,"href":"https:\/\/virtualnimuzej.aspira.hr\/es\/wp-json\/wp\/v2\/tags?post=10771"}],"curies":[{"name":"wp","href":"https:\/\/api.w.org\/{rel}","templated":true}]}}