{"id":10926,"date":"2023-05-28T17:40:37","date_gmt":"2023-05-28T15:40:37","guid":{"rendered":"https:\/\/virtualnimuzej.aspira.hr\/?p=10926"},"modified":"2023-05-28T17:40:37","modified_gmt":"2023-05-28T15:40:37","slug":"zeljko-tomic-de-nueva-york","status":"publish","type":"post","link":"https:\/\/virtualnimuzej.aspira.hr\/es\/zeljko-tomic-de-nueva-york\/","title":{"rendered":"ZELJKO TOMIC DE NUEVA YORK"},"content":{"rendered":"<p>&nbsp;<\/p>\n<p>Nac\u00ed el 15 de abril de 1965 en Dubrovnik, y pas\u00e9 la mayor parte de mi infancia con mi madre Tereza y mi padre Ivan en Lopud y en parte en Kor\u010dula, en \u010cara, de donde es mi difunto padre. Pas\u00e9 parte de mi infancia en Zagreb, donde fui a la escuela &#8216;Silvije Strahimir Kranj\u010devi\u0107&#8217; y luego a la escuela &#8216;Ru\u0111er Bo\u0161kovi\u0107&#8217;. Luego regres\u00e9 a Dubrovnik, a la Escuela Mar\u00edtima.<\/p>\n<p>En 1989 me fui a Estados Unidos y en 1991 abr\u00ed mi propia empresa constructora en Nueva York. Luego, en 2013, abr\u00ed el restaurante Dubrovnik y realic\u00e9 una exitosa historia de hospitalidad. Es el primer restaurante croata real en Nueva York donde todo es croata, desde la comida, el vino, el aceite y, por supuesto, hay chefs y camareros croatas.<\/p>\n<p>Estoy orgulloso de mis hijos, Ivan, \u017deljko, Izabela y Robert, que ayudan en el restaurante y seguir\u00e1n promocionando la comida croata y las recetas de NONA (abuela). Su madre h\u00fangara Ildiko Kaszas tambi\u00e9n ayuda en nuestro restaurante familiar.<\/p>\n<p>En el fondo, sigo siendo un verdadero hombre de Lopud, Dubrovnik y orgulloso croata, y mi restaurante Dubrovnik se ha convertido en un lugar de reuni\u00f3n de culto para muchos croatas en Nueva York y muchas organizaciones croatas. El restaurante Dubrovnik es un verdadero peque\u00f1o Dubrovnik, una verdadera peque\u00f1a Croacia, donde se organizan muchas fiestas croatas, cenas ben\u00e9ficas, festivales de San Blas, D\u00eda Nacional, y ayudo desinteresadamente y participo donde sea necesario en nuestra comunidad croata en Nueva York. Al comienzo de la pandemia de Covid, que afect\u00f3 por primera vez a New Rochelle, donde se encuentra el restaurante Dubrovnik, don\u00e9 alimentos a quienes estaban en primera l\u00ednea, a saber, hospitales, bomberos y polic\u00eda. Por mi trabajo y ayuda humanitaria, recib\u00ed un certificado de agradecimiento de la ciudad de Nueva York. Restaurante Dubrovnik tambi\u00e9n es muy popular entre los estadounidenses que disfrutan de la cocina croata no solo en Nueva York, sino que es conocido en toda Am\u00e9rica como uno de los mejores restaurantes croatas. Por mi contribuci\u00f3n en la promoci\u00f3n de la cocina croata y el trabajo humanitario, recib\u00ed el reconocimiento del Congreso Americano Croata, del cual soy miembro.<\/p>\n<p>&nbsp;<\/p>\n<p>Mi mensaje a las generaciones futuras es que no hay \u00e9xito sin perseverancia y voluntad.<\/p>\n<p>\u017deljko Tomic<\/p>\n<p>&nbsp;<\/p>\n<p><img decoding=\"async\" class=\"alignnone size-medium wp-image-10920\" src=\"https:\/\/virtualnimuzej.aspira.hr\/wp-content\/uploads\/2023\/05\/TOMIC-163x300.png\" alt=\"\" width=\"163\" height=\"300\" srcset=\"https:\/\/virtualnimuzej.aspira.hr\/wp-content\/uploads\/2023\/05\/TOMIC-163x300.png 163w, https:\/\/virtualnimuzej.aspira.hr\/wp-content\/uploads\/2023\/05\/TOMIC-200x368.png 200w, https:\/\/virtualnimuzej.aspira.hr\/wp-content\/uploads\/2023\/05\/TOMIC.png 290w\" sizes=\"(max-width: 163px) 100vw, 163px\" \/><\/p>\n<p>&nbsp;<\/p>\n","protected":false},"excerpt":{"rendered":"<p>&nbsp; Nac\u00ed el 15 de abril de 1965 en Dubrovnik, y pas\u00e9 la mayor parte de mi infancia con mi madre Tereza y mi padre Ivan en Lopud y en [&hellip;]<\/p>\n","protected":false},"author":1,"featured_media":10917,"comment_status":"open","ping_status":"open","sticky":false,"template":"","format":"standard","meta":{"footnotes":""},"categories":[87],"tags":[],"class_list":["post-10926","post","type-post","status-publish","format-standard","has-post-thumbnail","hentry","category-estados-unidos"],"yoast_head":"<!-- This site is optimized with the Yoast SEO plugin v20.7 - https:\/\/yoast.com\/wordpress\/plugins\/seo\/ -->\n<title>ZELJKO TOMIC DE NUEVA YORK - Aspira Virtualni Muzej iseljeni\u0161tva Dalmacije<\/title>\n<meta name=\"robots\" content=\"index, follow, max-snippet:-1, max-image-preview:large, max-video-preview:-1\" \/>\n<link rel=\"canonical\" href=\"https:\/\/virtualnimuzej.aspira.hr\/es\/zeljko-tomic-de-nueva-york\/\" \/>\n<meta property=\"og:locale\" content=\"es_ES\" \/>\n<meta property=\"og:type\" content=\"article\" \/>\n<meta property=\"og:title\" content=\"ZELJKO TOMIC DE NUEVA YORK - Aspira Virtualni Muzej iseljeni\u0161tva Dalmacije\" \/>\n<meta property=\"og:description\" content=\"&nbsp; Nac\u00ed el 15 de abril de 1965 en Dubrovnik, y pas\u00e9 la mayor parte de mi infancia con mi madre Tereza y mi padre Ivan en Lopud y en [&hellip;]\" \/>\n<meta property=\"og:url\" content=\"https:\/\/virtualnimuzej.aspira.hr\/es\/zeljko-tomic-de-nueva-york\/\" \/>\n<meta property=\"og:site_name\" content=\"Aspira Virtualni Muzej iseljeni\u0161tva Dalmacije\" \/>\n<meta property=\"article:published_time\" content=\"2023-05-28T15:40:37+00:00\" \/>\n<meta property=\"og:image\" content=\"https:\/\/virtualnimuzej.aspira.hr\/wp-content\/uploads\/2023\/05\/DSCN0091.jpg\" \/>\n\t<meta property=\"og:image:width\" content=\"800\" \/>\n\t<meta property=\"og:image:height\" content=\"628\" \/>\n\t<meta property=\"og:image:type\" content=\"image\/jpeg\" \/>\n<meta name=\"author\" content=\"VmuzejAspira\" \/>\n<meta name=\"twitter:card\" content=\"summary_large_image\" \/>\n<meta name=\"twitter:label1\" content=\"Escrito por\" \/>\n\t<meta name=\"twitter:data1\" content=\"VmuzejAspira\" \/>\n\t<meta name=\"twitter:label2\" content=\"Tiempo de lectura\" \/>\n\t<meta name=\"twitter:data2\" content=\"3 minutos\" \/>\n<script type=\"application\/ld+json\" class=\"yoast-schema-graph\">{\"@context\":\"https:\/\/schema.org\",\"@graph\":[{\"@type\":\"WebPage\",\"@id\":\"https:\/\/virtualnimuzej.aspira.hr\/es\/zeljko-tomic-de-nueva-york\/\",\"url\":\"https:\/\/virtualnimuzej.aspira.hr\/es\/zeljko-tomic-de-nueva-york\/\",\"name\":\"ZELJKO TOMIC DE NUEVA YORK - Aspira Virtualni Muzej iseljeni\u0161tva Dalmacije\",\"isPartOf\":{\"@id\":\"https:\/\/virtualnimuzej.aspira.hr\/#website\"},\"datePublished\":\"2023-05-28T15:40:37+00:00\",\"dateModified\":\"2023-05-28T15:40:37+00:00\",\"author\":{\"@id\":\"https:\/\/virtualnimuzej.aspira.hr\/#\/schema\/person\/8b28048370e78968988c04d6f1ba104d\"},\"breadcrumb\":{\"@id\":\"https:\/\/virtualnimuzej.aspira.hr\/es\/zeljko-tomic-de-nueva-york\/#breadcrumb\"},\"inLanguage\":\"es\",\"potentialAction\":[{\"@type\":\"ReadAction\",\"target\":[\"https:\/\/virtualnimuzej.aspira.hr\/es\/zeljko-tomic-de-nueva-york\/\"]}]},{\"@type\":\"BreadcrumbList\",\"@id\":\"https:\/\/virtualnimuzej.aspira.hr\/es\/zeljko-tomic-de-nueva-york\/#breadcrumb\",\"itemListElement\":[{\"@type\":\"ListItem\",\"position\":1,\"name\":\"Naslovna\",\"item\":\"https:\/\/virtualnimuzej.aspira.hr\/es\/\"},{\"@type\":\"ListItem\",\"position\":2,\"name\":\"ZELJKO TOMIC DE NUEVA YORK\"}]},{\"@type\":\"WebSite\",\"@id\":\"https:\/\/virtualnimuzej.aspira.hr\/#website\",\"url\":\"https:\/\/virtualnimuzej.aspira.hr\/\",\"name\":\"Aspira Virtualni Muzej iseljeni\u0161tva Dalmacije\",\"description\":\"Muzej iseljeni\u0161tva je zami\u0161ljen kao mjesto skupljanja i prezentacije gra\u0111e o hrvatskom iseljeni\u0161tvu i povijesti iseljavanja koja nikada nije bila dovoljno istra\u017eena.\",\"potentialAction\":[{\"@type\":\"SearchAction\",\"target\":{\"@type\":\"EntryPoint\",\"urlTemplate\":\"https:\/\/virtualnimuzej.aspira.hr\/?s={search_term_string}\"},\"query-input\":\"required name=search_term_string\"}],\"inLanguage\":\"es\"},{\"@type\":\"Person\",\"@id\":\"https:\/\/virtualnimuzej.aspira.hr\/#\/schema\/person\/8b28048370e78968988c04d6f1ba104d\",\"name\":\"VmuzejAspira\",\"image\":{\"@type\":\"ImageObject\",\"inLanguage\":\"es\",\"@id\":\"https:\/\/virtualnimuzej.aspira.hr\/#\/schema\/person\/image\/\",\"url\":\"https:\/\/secure.gravatar.com\/avatar\/cfa7124a34eec5233efffe1e8fb23c18bb83abdb6129e8f47c9144109613a228?s=96&d=mm&r=g\",\"contentUrl\":\"https:\/\/secure.gravatar.com\/avatar\/cfa7124a34eec5233efffe1e8fb23c18bb83abdb6129e8f47c9144109613a228?s=96&d=mm&r=g\",\"caption\":\"VmuzejAspira\"},\"sameAs\":[\"http:\/\/virtualnimuzej.aspira.hr\"],\"url\":\"https:\/\/virtualnimuzej.aspira.hr\/es\/author\/vmuzejaspira\/\"}]}<\/script>\n<!-- \/ Yoast SEO plugin. -->","yoast_head_json":{"title":"ZELJKO TOMIC DE NUEVA YORK - Aspira Virtualni Muzej iseljeni\u0161tva Dalmacije","robots":{"index":"index","follow":"follow","max-snippet":"max-snippet:-1","max-image-preview":"max-image-preview:large","max-video-preview":"max-video-preview:-1"},"canonical":"https:\/\/virtualnimuzej.aspira.hr\/es\/zeljko-tomic-de-nueva-york\/","og_locale":"es_ES","og_type":"article","og_title":"ZELJKO TOMIC DE NUEVA YORK - Aspira Virtualni Muzej iseljeni\u0161tva Dalmacije","og_description":"&nbsp; Nac\u00ed el 15 de abril de 1965 en Dubrovnik, y pas\u00e9 la mayor parte de mi infancia con mi madre Tereza y mi padre Ivan en Lopud y en [&hellip;]","og_url":"https:\/\/virtualnimuzej.aspira.hr\/es\/zeljko-tomic-de-nueva-york\/","og_site_name":"Aspira Virtualni Muzej iseljeni\u0161tva Dalmacije","article_published_time":"2023-05-28T15:40:37+00:00","og_image":[{"width":800,"height":628,"url":"https:\/\/virtualnimuzej.aspira.hr\/wp-content\/uploads\/2023\/05\/DSCN0091.jpg","type":"image\/jpeg"}],"author":"VmuzejAspira","twitter_card":"summary_large_image","twitter_misc":{"Escrito por":"VmuzejAspira","Tiempo de lectura":"3 minutos"},"schema":{"@context":"https:\/\/schema.org","@graph":[{"@type":"WebPage","@id":"https:\/\/virtualnimuzej.aspira.hr\/es\/zeljko-tomic-de-nueva-york\/","url":"https:\/\/virtualnimuzej.aspira.hr\/es\/zeljko-tomic-de-nueva-york\/","name":"ZELJKO TOMIC DE NUEVA YORK - Aspira Virtualni Muzej iseljeni\u0161tva Dalmacije","isPartOf":{"@id":"https:\/\/virtualnimuzej.aspira.hr\/#website"},"datePublished":"2023-05-28T15:40:37+00:00","dateModified":"2023-05-28T15:40:37+00:00","author":{"@id":"https:\/\/virtualnimuzej.aspira.hr\/#\/schema\/person\/8b28048370e78968988c04d6f1ba104d"},"breadcrumb":{"@id":"https:\/\/virtualnimuzej.aspira.hr\/es\/zeljko-tomic-de-nueva-york\/#breadcrumb"},"inLanguage":"es","potentialAction":[{"@type":"ReadAction","target":["https:\/\/virtualnimuzej.aspira.hr\/es\/zeljko-tomic-de-nueva-york\/"]}]},{"@type":"BreadcrumbList","@id":"https:\/\/virtualnimuzej.aspira.hr\/es\/zeljko-tomic-de-nueva-york\/#breadcrumb","itemListElement":[{"@type":"ListItem","position":1,"name":"Naslovna","item":"https:\/\/virtualnimuzej.aspira.hr\/es\/"},{"@type":"ListItem","position":2,"name":"ZELJKO TOMIC DE NUEVA YORK"}]},{"@type":"WebSite","@id":"https:\/\/virtualnimuzej.aspira.hr\/#website","url":"https:\/\/virtualnimuzej.aspira.hr\/","name":"Aspira Virtualni Muzej iseljeni\u0161tva Dalmacije","description":"Muzej iseljeni\u0161tva je zami\u0161ljen kao mjesto skupljanja i prezentacije gra\u0111e o hrvatskom iseljeni\u0161tvu i povijesti iseljavanja koja nikada nije bila dovoljno istra\u017eena.","potentialAction":[{"@type":"SearchAction","target":{"@type":"EntryPoint","urlTemplate":"https:\/\/virtualnimuzej.aspira.hr\/?s={search_term_string}"},"query-input":"required name=search_term_string"}],"inLanguage":"es"},{"@type":"Person","@id":"https:\/\/virtualnimuzej.aspira.hr\/#\/schema\/person\/8b28048370e78968988c04d6f1ba104d","name":"VmuzejAspira","image":{"@type":"ImageObject","inLanguage":"es","@id":"https:\/\/virtualnimuzej.aspira.hr\/#\/schema\/person\/image\/","url":"https:\/\/secure.gravatar.com\/avatar\/cfa7124a34eec5233efffe1e8fb23c18bb83abdb6129e8f47c9144109613a228?s=96&d=mm&r=g","contentUrl":"https:\/\/secure.gravatar.com\/avatar\/cfa7124a34eec5233efffe1e8fb23c18bb83abdb6129e8f47c9144109613a228?s=96&d=mm&r=g","caption":"VmuzejAspira"},"sameAs":["http:\/\/virtualnimuzej.aspira.hr"],"url":"https:\/\/virtualnimuzej.aspira.hr\/es\/author\/vmuzejaspira\/"}]}},"_links":{"self":[{"href":"https:\/\/virtualnimuzej.aspira.hr\/es\/wp-json\/wp\/v2\/posts\/10926","targetHints":{"allow":["GET"]}}],"collection":[{"href":"https:\/\/virtualnimuzej.aspira.hr\/es\/wp-json\/wp\/v2\/posts"}],"about":[{"href":"https:\/\/virtualnimuzej.aspira.hr\/es\/wp-json\/wp\/v2\/types\/post"}],"author":[{"embeddable":true,"href":"https:\/\/virtualnimuzej.aspira.hr\/es\/wp-json\/wp\/v2\/users\/1"}],"replies":[{"embeddable":true,"href":"https:\/\/virtualnimuzej.aspira.hr\/es\/wp-json\/wp\/v2\/comments?post=10926"}],"version-history":[{"count":1,"href":"https:\/\/virtualnimuzej.aspira.hr\/es\/wp-json\/wp\/v2\/posts\/10926\/revisions"}],"predecessor-version":[{"id":10927,"href":"https:\/\/virtualnimuzej.aspira.hr\/es\/wp-json\/wp\/v2\/posts\/10926\/revisions\/10927"}],"wp:featuredmedia":[{"embeddable":true,"href":"https:\/\/virtualnimuzej.aspira.hr\/es\/wp-json\/wp\/v2\/media\/10917"}],"wp:attachment":[{"href":"https:\/\/virtualnimuzej.aspira.hr\/es\/wp-json\/wp\/v2\/media?parent=10926"}],"wp:term":[{"taxonomy":"category","embeddable":true,"href":"https:\/\/virtualnimuzej.aspira.hr\/es\/wp-json\/wp\/v2\/categories?post=10926"},{"taxonomy":"post_tag","embeddable":true,"href":"https:\/\/virtualnimuzej.aspira.hr\/es\/wp-json\/wp\/v2\/tags?post=10926"}],"curies":[{"name":"wp","href":"https:\/\/api.w.org\/{rel}","templated":true}]}}