{"id":11166,"date":"2023-07-06T15:40:59","date_gmt":"2023-07-06T13:40:59","guid":{"rendered":"https:\/\/virtualnimuzej.aspira.hr\/?p=11166"},"modified":"2025-01-29T17:00:01","modified_gmt":"2025-01-29T16:00:01","slug":"lenka-franulic-primera-grande-jurnalista-chilena","status":"publish","type":"post","link":"https:\/\/virtualnimuzej.aspira.hr\/es\/lenka-franulic-primera-grande-jurnalista-chilena\/","title":{"rendered":"Lenka Franulic, primera grande jurnalista chilena"},"content":{"rendered":"<p>Aida Santelices Kost\u00f3pulos, escritora:<\/p>\n<p>LENKA FRANULI\u0106 ZLATAR<\/p>\n<p>Lenka Franuli\u0107, una mujer hermosa por dentro y por fuera,\u201cbakana\u201d, como dir\u00edan ahora, nace aqu\u00ed en nuestra ciudad. Terminada la secundaria se va a estudiar a la capital con el deseo de volver como profesora de ingl\u00e9s, sin saber que su inteligencia y erudici\u00f3n la encumbrar\u00edan por sendas que la har\u00edan ganar en un mundo que era exclusivo para hombres. Fue pionera, conquist\u00f3 espacio y respeto entre sus colegas a fuerza de trabajo y calidad.<\/p>\n<p>Todo comenz\u00f3 en la revista Ercilla cuando a\u00fan era estudiante de ingl\u00e9s en el Instituto Pedag\u00f3gico de la Universidad de Chile, la contrataron para realizar traducciones, el director qued\u00f3 sorprendido. Ah\u00ed intuy\u00f3, Lenka, que lo suyo no era la pedagog\u00eda sino la prensa escrita. Su primer trabajo fue como periodista de art\u00edculos culturales en la Revista Hoy. Escribi\u00f3 rese\u00f1as de notables escritores que despu\u00e9s reunir\u00eda en su primer libro: \u201cCien Autores Contempor\u00e1neos\u201d (1939).<\/p>\n<p>Cuando cerr\u00f3 la revista Hoy, Lenka, se convirti\u00f3 en periodista de la revista Ercilla. Entrevist\u00f3 a importantes personajes del momento; fue la primera en conversar con los presidentes electos; Gabriel Gonz\u00e1lez Videla, Carlos Iba\u00f1ez y Jorge Alessandri. Tambi\u00e9n viaj\u00f3 por el mundo y entrevist\u00f3 a protagonistas de la historia mundial, como Mariscal Tito, Jean Cocteau, Juan Domingo Per\u00f3n, Fidel Castro, Jean Paul Sartre, entre muchos otros.<\/p>\n<p>Fue la primera mujer en ganar el Premio Nacional de Periodismo (1957) correspondiente a la menci\u00f3n cr\u00f3nica. Al a\u00f1o siguiente fue galardonada como la Mejor Periodista del A\u00f1o por la Sociedad Profesional de Mujeres Periodistas de los Estados Unidos (ha sido la \u00fanica chilena que ha recibido este honor).<\/p>\n<p><img decoding=\"async\" class=\"alignnone size-full wp-image-13242\" src=\"https:\/\/virtualnimuzej.aspira.hr\/wp-content\/uploads\/2023\/07\/Lenka-Franulic.jpg\" alt=\"\" width=\"960\" height=\"540\" \/><\/p>\n<p>&nbsp;<\/p>\n<p><img decoding=\"async\" class=\"alignnone size-full wp-image-13245\" src=\"https:\/\/virtualnimuzej.aspira.hr\/wp-content\/uploads\/2023\/07\/Lenka-i-Dobrila-Franulic.jpg\" alt=\"\" width=\"800\" height=\"550\" \/><\/p>\n<p>Hermanas Lenka y Dobrila<\/p>\n<p>&nbsp;<\/p>\n<p><img decoding=\"async\" class=\"alignnone size-full wp-image-13248\" src=\"https:\/\/virtualnimuzej.aspira.hr\/wp-content\/uploads\/2023\/07\/Lenka.1.jpg\" alt=\"\" width=\"637\" height=\"800\" \/><\/p>\n<p>&nbsp;<\/p>\n<p><img decoding=\"async\" class=\"alignnone size-full wp-image-13251\" src=\"https:\/\/virtualnimuzej.aspira.hr\/wp-content\/uploads\/2023\/07\/Lenka.2.jpg\" alt=\"\" width=\"311\" height=\"800\" \/><\/p>\n<p>&nbsp;<\/p>\n<p><img decoding=\"async\" class=\"alignnone size-full wp-image-13254\" src=\"https:\/\/virtualnimuzej.aspira.hr\/wp-content\/uploads\/2023\/07\/Lenka.3.jpg\" alt=\"\" width=\"720\" height=\"800\" \/><\/p>\n<p>&nbsp;<\/p>\n<p><img decoding=\"async\" class=\"alignnone size-full wp-image-13257\" src=\"https:\/\/virtualnimuzej.aspira.hr\/wp-content\/uploads\/2023\/07\/Lenka.4.jpg\" alt=\"\" width=\"800\" height=\"490\" \/><\/p>\n<p>&nbsp;<\/p>\n<p>Lenka Franuli\u0107 fue una trabaj\u00f3lica empedernida que atesor\u00f3 su solter\u00eda porque el periodismo fue su pasi\u00f3n absoluta. Una se\u00f1al indiscutible de quien ama lo que hace. Hoy, un premio importante para mujeres destacadas vuelve inmortal su nombre.<\/p>\n<p>Su tumba, ubicada en el Mausoleo Yugoslavo del Cementerio General de Santiago, tiene una l\u00e1pida esculpida por la artista tambi\u00e9n antofagastina, Lily Garafulic , ganadora del Premio Nacional de Arte Pl\u00e1sticas (1995) y, a modo de epitafio, se lee una frase que le dedic\u00f3 su gran amigo Pablo Neruda:\u00a0<em>\u201cEras presencia de mujeres y lecci\u00f3n para un mill\u00f3n de hombres\u201d.<\/em><\/p>\n<p>&nbsp;<\/p>\n\n\t\t<style type=\"text\/css\">\n\t\t\t#gallery-1 {\n\t\t\t\tmargin: auto;\n\t\t\t}\n\t\t\t#gallery-1 .gallery-item {\n\t\t\t\tfloat: left;\n\t\t\t\tmargin-top: 10px;\n\t\t\t\ttext-align: center;\n\t\t\t\twidth: 33%;\n\t\t\t}\n\t\t\t#gallery-1 img {\n\t\t\t\tborder: 2px solid #cfcfcf;\n\t\t\t}\n\t\t\t#gallery-1 .gallery-caption {\n\t\t\t\tmargin-left: 0;\n\t\t\t}\n\t\t\t\/* see gallery_shortcode() in wp-includes\/media.php *\/\n\t\t<\/style>\n\t\t<div id='gallery-1' class='gallery galleryid-11166 gallery-columns-3 gallery-size-thumbnail'><dl class='gallery-item'>\n\t\t\t<dt class='gallery-icon portrait'>\n\t\t\t\t<a data-rel=\"iLightbox[postimages]\" data-title=\"franulic Lenka\" data-caption=\"Lenka Franulic\" href='https:\/\/virtualnimuzej.aspira.hr\/es\/franulic-lenka-2\/'><img decoding=\"async\" width=\"150\" height=\"150\" src=\"https:\/\/virtualnimuzej.aspira.hr\/wp-content\/uploads\/2023\/07\/franulic-Lenka-150x150.jpg\" class=\"attachment-thumbnail size-thumbnail\" alt=\"\" aria-describedby=\"gallery-1-11148\" srcset=\"https:\/\/virtualnimuzej.aspira.hr\/wp-content\/uploads\/2023\/07\/franulic-Lenka-66x66.jpg 66w, https:\/\/virtualnimuzej.aspira.hr\/wp-content\/uploads\/2023\/07\/franulic-Lenka-150x150.jpg 150w\" sizes=\"(max-width: 150px) 100vw, 150px\" \/><\/a>\n\t\t\t<\/dt>\n\t\t\t\t<dd class='wp-caption-text gallery-caption' id='gallery-1-11148'>\n\t\t\t\tLenka Franulic\n\t\t\t\t<\/dd><\/dl><dl class='gallery-item'>\n\t\t\t<dt class='gallery-icon portrait'>\n\t\t\t\t<a data-rel=\"iLightbox[postimages]\" data-title=\"E37HDm8WUAMHBsa\" data-caption=\"Antofagasta, monumento a Lenka Franulic\" href='https:\/\/virtualnimuzej.aspira.hr\/es\/e37hdm8wuamhbsa-2\/'><img decoding=\"async\" width=\"150\" height=\"150\" src=\"https:\/\/virtualnimuzej.aspira.hr\/wp-content\/uploads\/2023\/07\/E37HDm8WUAMHBsa-150x150.jpg\" class=\"attachment-thumbnail size-thumbnail\" alt=\"\" aria-describedby=\"gallery-1-11151\" srcset=\"https:\/\/virtualnimuzej.aspira.hr\/wp-content\/uploads\/2023\/07\/E37HDm8WUAMHBsa-66x66.jpg 66w, https:\/\/virtualnimuzej.aspira.hr\/wp-content\/uploads\/2023\/07\/E37HDm8WUAMHBsa-150x150.jpg 150w\" sizes=\"(max-width: 150px) 100vw, 150px\" \/><\/a>\n\t\t\t<\/dt>\n\t\t\t\t<dd class='wp-caption-text gallery-caption' id='gallery-1-11151'>\n\t\t\t\tAntofagasta, monumento a Lenka Franulic\n\t\t\t\t<\/dd><\/dl><dl class='gallery-item'>\n\t\t\t<dt class='gallery-icon landscape'>\n\t\t\t\t<a data-rel=\"iLightbox[postimages]\" data-title=\"53b9d090-5649-4461-8a00-527fac200ef3\" data-caption=\"Santiago de Chile, Colegio Lenka Franulic\" href='https:\/\/virtualnimuzej.aspira.hr\/es\/53b9d090-5649-4461-8a00-527fac200ef3-2\/'><img decoding=\"async\" width=\"150\" height=\"150\" src=\"https:\/\/virtualnimuzej.aspira.hr\/wp-content\/uploads\/2023\/07\/53b9d090-5649-4461-8a00-527fac200ef3-150x150.jpg\" class=\"attachment-thumbnail size-thumbnail\" alt=\"\" aria-describedby=\"gallery-1-11154\" srcset=\"https:\/\/virtualnimuzej.aspira.hr\/wp-content\/uploads\/2023\/07\/53b9d090-5649-4461-8a00-527fac200ef3-66x66.jpg 66w, https:\/\/virtualnimuzej.aspira.hr\/wp-content\/uploads\/2023\/07\/53b9d090-5649-4461-8a00-527fac200ef3-150x150.jpg 150w\" sizes=\"(max-width: 150px) 100vw, 150px\" \/><\/a>\n\t\t\t<\/dt>\n\t\t\t\t<dd class='wp-caption-text gallery-caption' id='gallery-1-11154'>\n\t\t\t\tSantiago de Chile, Colegio Lenka Franulic\n\t\t\t\t<\/dd><\/dl><br style=\"clear: both\" \/>\n\t\t<\/div>\n\n<p>&nbsp;<\/p>\n\n\t\t<style type=\"text\/css\">\n\t\t\t#gallery-2 {\n\t\t\t\tmargin: auto;\n\t\t\t}\n\t\t\t#gallery-2 .gallery-item {\n\t\t\t\tfloat: left;\n\t\t\t\tmargin-top: 10px;\n\t\t\t\ttext-align: center;\n\t\t\t\twidth: 33%;\n\t\t\t}\n\t\t\t#gallery-2 img {\n\t\t\t\tborder: 2px solid #cfcfcf;\n\t\t\t}\n\t\t\t#gallery-2 .gallery-caption {\n\t\t\t\tmargin-left: 0;\n\t\t\t}\n\t\t\t\/* see gallery_shortcode() in wp-includes\/media.php *\/\n\t\t<\/style>\n\t\t<div id='gallery-2' class='gallery galleryid-11166 gallery-columns-3 gallery-size-thumbnail'><dl class='gallery-item'>\n\t\t\t<dt class='gallery-icon portrait'>\n\t\t\t\t<a data-rel=\"iLightbox[postimages]\" data-title=\"Franulic Lenka 3\" data-caption=\"\" href='https:\/\/virtualnimuzej.aspira.hr\/es\/lenka-franulic-primera-grande-jurnalista-chilena\/franulic-lenka-3\/'><img decoding=\"async\" width=\"150\" height=\"150\" src=\"https:\/\/virtualnimuzej.aspira.hr\/wp-content\/uploads\/2023\/07\/Franulic-Lenka-3-1-150x150.jpg\" class=\"attachment-thumbnail size-thumbnail\" alt=\"\" srcset=\"https:\/\/virtualnimuzej.aspira.hr\/wp-content\/uploads\/2023\/07\/Franulic-Lenka-3-1-66x66.jpg 66w, https:\/\/virtualnimuzej.aspira.hr\/wp-content\/uploads\/2023\/07\/Franulic-Lenka-3-1-150x150.jpg 150w\" sizes=\"(max-width: 150px) 100vw, 150px\" \/><\/a>\n\t\t\t<\/dt><\/dl><dl class='gallery-item'>\n\t\t\t<dt class='gallery-icon portrait'>\n\t\t\t\t<a data-rel=\"iLightbox[postimages]\" data-title=\"Franulic Lenka 4\" data-caption=\"\" href='https:\/\/virtualnimuzej.aspira.hr\/es\/franulic-lenka-4-2\/'><img decoding=\"async\" width=\"150\" height=\"150\" src=\"https:\/\/virtualnimuzej.aspira.hr\/wp-content\/uploads\/2023\/07\/Franulic-Lenka-4-150x150.jpg\" class=\"attachment-thumbnail size-thumbnail\" alt=\"\" srcset=\"https:\/\/virtualnimuzej.aspira.hr\/wp-content\/uploads\/2023\/07\/Franulic-Lenka-4-66x66.jpg 66w, https:\/\/virtualnimuzej.aspira.hr\/wp-content\/uploads\/2023\/07\/Franulic-Lenka-4-150x150.jpg 150w\" sizes=\"(max-width: 150px) 100vw, 150px\" \/><\/a>\n\t\t\t<\/dt><\/dl><dl class='gallery-item'>\n\t\t\t<dt class='gallery-icon portrait'>\n\t\t\t\t<a data-rel=\"iLightbox[postimages]\" data-title=\"images\" data-caption=\"\" href='https:\/\/virtualnimuzej.aspira.hr\/es\/images-5-2\/'><img decoding=\"async\" width=\"150\" height=\"150\" src=\"https:\/\/virtualnimuzej.aspira.hr\/wp-content\/uploads\/2023\/07\/images-150x150.jpg\" class=\"attachment-thumbnail size-thumbnail\" alt=\"\" srcset=\"https:\/\/virtualnimuzej.aspira.hr\/wp-content\/uploads\/2023\/07\/images-66x66.jpg 66w, https:\/\/virtualnimuzej.aspira.hr\/wp-content\/uploads\/2023\/07\/images-150x150.jpg 150w\" sizes=\"(max-width: 150px) 100vw, 150px\" \/><\/a>\n\t\t\t<\/dt><\/dl><br style=\"clear: both\" \/>\n\t\t<\/div>\n\n","protected":false},"excerpt":{"rendered":"<p>Aida Santelices Kost\u00f3pulos, escritora: LENKA FRANULI\u0106 ZLATAR Lenka Franuli\u0107, una mujer hermosa por dentro y por fuera,\u201cbakana\u201d, como dir\u00edan ahora, nace aqu\u00ed en nuestra ciudad. Terminada la secundaria se va [&hellip;]<\/p>\n","protected":false},"author":1,"featured_media":11145,"comment_status":"open","ping_status":"open","sticky":false,"template":"","format":"standard","meta":{"footnotes":""},"categories":[80],"tags":[],"class_list":["post-11166","post","type-post","status-publish","format-standard","has-post-thumbnail","hentry","category-chile-del-norte"],"yoast_head":"<!-- This site is optimized with the Yoast SEO plugin v20.7 - https:\/\/yoast.com\/wordpress\/plugins\/seo\/ -->\n<title>Lenka Franulic, primera grande jurnalista chilena - Aspira Virtualni Muzej iseljeni\u0161tva Dalmacije<\/title>\n<meta name=\"robots\" content=\"index, follow, max-snippet:-1, max-image-preview:large, max-video-preview:-1\" \/>\n<link rel=\"canonical\" href=\"https:\/\/virtualnimuzej.aspira.hr\/es\/lenka-franulic-primera-grande-jurnalista-chilena\/\" \/>\n<meta property=\"og:locale\" content=\"es_ES\" \/>\n<meta property=\"og:type\" content=\"article\" \/>\n<meta property=\"og:title\" content=\"Lenka Franulic, primera grande jurnalista chilena - Aspira Virtualni Muzej iseljeni\u0161tva Dalmacije\" \/>\n<meta property=\"og:description\" content=\"Aida Santelices Kost\u00f3pulos, escritora: LENKA FRANULI\u0106 ZLATAR Lenka Franuli\u0107, una mujer hermosa por dentro y por fuera,\u201cbakana\u201d, como dir\u00edan ahora, nace aqu\u00ed en nuestra ciudad. Terminada la secundaria se va [&hellip;]\" \/>\n<meta property=\"og:url\" content=\"https:\/\/virtualnimuzej.aspira.hr\/es\/lenka-franulic-primera-grande-jurnalista-chilena\/\" \/>\n<meta property=\"og:site_name\" content=\"Aspira Virtualni Muzej iseljeni\u0161tva Dalmacije\" \/>\n<meta property=\"article:published_time\" content=\"2023-07-06T13:40:59+00:00\" \/>\n<meta property=\"article:modified_time\" content=\"2025-01-29T16:00:01+00:00\" \/>\n<meta property=\"og:image\" content=\"https:\/\/virtualnimuzej.aspira.hr\/wp-content\/uploads\/2023\/07\/IMG_0494.jpg\" \/>\n\t<meta property=\"og:image:width\" content=\"800\" \/>\n\t<meta property=\"og:image:height\" content=\"533\" \/>\n\t<meta property=\"og:image:type\" content=\"image\/jpeg\" \/>\n<meta name=\"author\" content=\"VmuzejAspira\" \/>\n<meta name=\"twitter:card\" content=\"summary_large_image\" \/>\n<meta name=\"twitter:label1\" content=\"Escrito por\" \/>\n\t<meta name=\"twitter:data1\" content=\"VmuzejAspira\" \/>\n\t<meta name=\"twitter:label2\" content=\"Tiempo de lectura\" \/>\n\t<meta name=\"twitter:data2\" content=\"4 minutos\" \/>\n<script type=\"application\/ld+json\" class=\"yoast-schema-graph\">{\"@context\":\"https:\/\/schema.org\",\"@graph\":[{\"@type\":\"WebPage\",\"@id\":\"https:\/\/virtualnimuzej.aspira.hr\/es\/lenka-franulic-primera-grande-jurnalista-chilena\/\",\"url\":\"https:\/\/virtualnimuzej.aspira.hr\/es\/lenka-franulic-primera-grande-jurnalista-chilena\/\",\"name\":\"Lenka Franulic, primera grande jurnalista chilena - Aspira Virtualni Muzej iseljeni\u0161tva Dalmacije\",\"isPartOf\":{\"@id\":\"https:\/\/virtualnimuzej.aspira.hr\/#website\"},\"datePublished\":\"2023-07-06T13:40:59+00:00\",\"dateModified\":\"2025-01-29T16:00:01+00:00\",\"author\":{\"@id\":\"https:\/\/virtualnimuzej.aspira.hr\/#\/schema\/person\/8b28048370e78968988c04d6f1ba104d\"},\"breadcrumb\":{\"@id\":\"https:\/\/virtualnimuzej.aspira.hr\/es\/lenka-franulic-primera-grande-jurnalista-chilena\/#breadcrumb\"},\"inLanguage\":\"es\",\"potentialAction\":[{\"@type\":\"ReadAction\",\"target\":[\"https:\/\/virtualnimuzej.aspira.hr\/es\/lenka-franulic-primera-grande-jurnalista-chilena\/\"]}]},{\"@type\":\"BreadcrumbList\",\"@id\":\"https:\/\/virtualnimuzej.aspira.hr\/es\/lenka-franulic-primera-grande-jurnalista-chilena\/#breadcrumb\",\"itemListElement\":[{\"@type\":\"ListItem\",\"position\":1,\"name\":\"Naslovna\",\"item\":\"https:\/\/virtualnimuzej.aspira.hr\/es\/\"},{\"@type\":\"ListItem\",\"position\":2,\"name\":\"Lenka Franulic, primera grande jurnalista chilena\"}]},{\"@type\":\"WebSite\",\"@id\":\"https:\/\/virtualnimuzej.aspira.hr\/#website\",\"url\":\"https:\/\/virtualnimuzej.aspira.hr\/\",\"name\":\"Aspira Virtualni Muzej iseljeni\u0161tva Dalmacije\",\"description\":\"Muzej iseljeni\u0161tva je zami\u0161ljen kao mjesto skupljanja i prezentacije gra\u0111e o hrvatskom iseljeni\u0161tvu i povijesti iseljavanja koja nikada nije bila dovoljno istra\u017eena.\",\"potentialAction\":[{\"@type\":\"SearchAction\",\"target\":{\"@type\":\"EntryPoint\",\"urlTemplate\":\"https:\/\/virtualnimuzej.aspira.hr\/?s={search_term_string}\"},\"query-input\":\"required name=search_term_string\"}],\"inLanguage\":\"es\"},{\"@type\":\"Person\",\"@id\":\"https:\/\/virtualnimuzej.aspira.hr\/#\/schema\/person\/8b28048370e78968988c04d6f1ba104d\",\"name\":\"VmuzejAspira\",\"image\":{\"@type\":\"ImageObject\",\"inLanguage\":\"es\",\"@id\":\"https:\/\/virtualnimuzej.aspira.hr\/#\/schema\/person\/image\/\",\"url\":\"https:\/\/secure.gravatar.com\/avatar\/cfa7124a34eec5233efffe1e8fb23c18bb83abdb6129e8f47c9144109613a228?s=96&d=mm&r=g\",\"contentUrl\":\"https:\/\/secure.gravatar.com\/avatar\/cfa7124a34eec5233efffe1e8fb23c18bb83abdb6129e8f47c9144109613a228?s=96&d=mm&r=g\",\"caption\":\"VmuzejAspira\"},\"sameAs\":[\"http:\/\/virtualnimuzej.aspira.hr\"],\"url\":\"https:\/\/virtualnimuzej.aspira.hr\/es\/author\/vmuzejaspira\/\"}]}<\/script>\n<!-- \/ Yoast SEO plugin. -->","yoast_head_json":{"title":"Lenka Franulic, primera grande jurnalista chilena - Aspira Virtualni Muzej iseljeni\u0161tva Dalmacije","robots":{"index":"index","follow":"follow","max-snippet":"max-snippet:-1","max-image-preview":"max-image-preview:large","max-video-preview":"max-video-preview:-1"},"canonical":"https:\/\/virtualnimuzej.aspira.hr\/es\/lenka-franulic-primera-grande-jurnalista-chilena\/","og_locale":"es_ES","og_type":"article","og_title":"Lenka Franulic, primera grande jurnalista chilena - Aspira Virtualni Muzej iseljeni\u0161tva Dalmacije","og_description":"Aida Santelices Kost\u00f3pulos, escritora: LENKA FRANULI\u0106 ZLATAR Lenka Franuli\u0107, una mujer hermosa por dentro y por fuera,\u201cbakana\u201d, como dir\u00edan ahora, nace aqu\u00ed en nuestra ciudad. Terminada la secundaria se va [&hellip;]","og_url":"https:\/\/virtualnimuzej.aspira.hr\/es\/lenka-franulic-primera-grande-jurnalista-chilena\/","og_site_name":"Aspira Virtualni Muzej iseljeni\u0161tva Dalmacije","article_published_time":"2023-07-06T13:40:59+00:00","article_modified_time":"2025-01-29T16:00:01+00:00","og_image":[{"width":800,"height":533,"url":"https:\/\/virtualnimuzej.aspira.hr\/wp-content\/uploads\/2023\/07\/IMG_0494.jpg","type":"image\/jpeg"}],"author":"VmuzejAspira","twitter_card":"summary_large_image","twitter_misc":{"Escrito por":"VmuzejAspira","Tiempo de lectura":"4 minutos"},"schema":{"@context":"https:\/\/schema.org","@graph":[{"@type":"WebPage","@id":"https:\/\/virtualnimuzej.aspira.hr\/es\/lenka-franulic-primera-grande-jurnalista-chilena\/","url":"https:\/\/virtualnimuzej.aspira.hr\/es\/lenka-franulic-primera-grande-jurnalista-chilena\/","name":"Lenka Franulic, primera grande jurnalista chilena - Aspira Virtualni Muzej iseljeni\u0161tva Dalmacije","isPartOf":{"@id":"https:\/\/virtualnimuzej.aspira.hr\/#website"},"datePublished":"2023-07-06T13:40:59+00:00","dateModified":"2025-01-29T16:00:01+00:00","author":{"@id":"https:\/\/virtualnimuzej.aspira.hr\/#\/schema\/person\/8b28048370e78968988c04d6f1ba104d"},"breadcrumb":{"@id":"https:\/\/virtualnimuzej.aspira.hr\/es\/lenka-franulic-primera-grande-jurnalista-chilena\/#breadcrumb"},"inLanguage":"es","potentialAction":[{"@type":"ReadAction","target":["https:\/\/virtualnimuzej.aspira.hr\/es\/lenka-franulic-primera-grande-jurnalista-chilena\/"]}]},{"@type":"BreadcrumbList","@id":"https:\/\/virtualnimuzej.aspira.hr\/es\/lenka-franulic-primera-grande-jurnalista-chilena\/#breadcrumb","itemListElement":[{"@type":"ListItem","position":1,"name":"Naslovna","item":"https:\/\/virtualnimuzej.aspira.hr\/es\/"},{"@type":"ListItem","position":2,"name":"Lenka Franulic, primera grande jurnalista chilena"}]},{"@type":"WebSite","@id":"https:\/\/virtualnimuzej.aspira.hr\/#website","url":"https:\/\/virtualnimuzej.aspira.hr\/","name":"Aspira Virtualni Muzej iseljeni\u0161tva Dalmacije","description":"Muzej iseljeni\u0161tva je zami\u0161ljen kao mjesto skupljanja i prezentacije gra\u0111e o hrvatskom iseljeni\u0161tvu i povijesti iseljavanja koja nikada nije bila dovoljno istra\u017eena.","potentialAction":[{"@type":"SearchAction","target":{"@type":"EntryPoint","urlTemplate":"https:\/\/virtualnimuzej.aspira.hr\/?s={search_term_string}"},"query-input":"required name=search_term_string"}],"inLanguage":"es"},{"@type":"Person","@id":"https:\/\/virtualnimuzej.aspira.hr\/#\/schema\/person\/8b28048370e78968988c04d6f1ba104d","name":"VmuzejAspira","image":{"@type":"ImageObject","inLanguage":"es","@id":"https:\/\/virtualnimuzej.aspira.hr\/#\/schema\/person\/image\/","url":"https:\/\/secure.gravatar.com\/avatar\/cfa7124a34eec5233efffe1e8fb23c18bb83abdb6129e8f47c9144109613a228?s=96&d=mm&r=g","contentUrl":"https:\/\/secure.gravatar.com\/avatar\/cfa7124a34eec5233efffe1e8fb23c18bb83abdb6129e8f47c9144109613a228?s=96&d=mm&r=g","caption":"VmuzejAspira"},"sameAs":["http:\/\/virtualnimuzej.aspira.hr"],"url":"https:\/\/virtualnimuzej.aspira.hr\/es\/author\/vmuzejaspira\/"}]}},"_links":{"self":[{"href":"https:\/\/virtualnimuzej.aspira.hr\/es\/wp-json\/wp\/v2\/posts\/11166","targetHints":{"allow":["GET"]}}],"collection":[{"href":"https:\/\/virtualnimuzej.aspira.hr\/es\/wp-json\/wp\/v2\/posts"}],"about":[{"href":"https:\/\/virtualnimuzej.aspira.hr\/es\/wp-json\/wp\/v2\/types\/post"}],"author":[{"embeddable":true,"href":"https:\/\/virtualnimuzej.aspira.hr\/es\/wp-json\/wp\/v2\/users\/1"}],"replies":[{"embeddable":true,"href":"https:\/\/virtualnimuzej.aspira.hr\/es\/wp-json\/wp\/v2\/comments?post=11166"}],"version-history":[{"count":3,"href":"https:\/\/virtualnimuzej.aspira.hr\/es\/wp-json\/wp\/v2\/posts\/11166\/revisions"}],"predecessor-version":[{"id":13261,"href":"https:\/\/virtualnimuzej.aspira.hr\/es\/wp-json\/wp\/v2\/posts\/11166\/revisions\/13261"}],"wp:featuredmedia":[{"embeddable":true,"href":"https:\/\/virtualnimuzej.aspira.hr\/es\/wp-json\/wp\/v2\/media\/11145"}],"wp:attachment":[{"href":"https:\/\/virtualnimuzej.aspira.hr\/es\/wp-json\/wp\/v2\/media?parent=11166"}],"wp:term":[{"taxonomy":"category","embeddable":true,"href":"https:\/\/virtualnimuzej.aspira.hr\/es\/wp-json\/wp\/v2\/categories?post=11166"},{"taxonomy":"post_tag","embeddable":true,"href":"https:\/\/virtualnimuzej.aspira.hr\/es\/wp-json\/wp\/v2\/tags?post=11166"}],"curies":[{"name":"wp","href":"https:\/\/api.w.org\/{rel}","templated":true}]}}