{"id":11499,"date":"2023-08-15T11:54:49","date_gmt":"2023-08-15T09:54:49","guid":{"rendered":"https:\/\/virtualnimuzej.aspira.hr\/?p=11499"},"modified":"2023-08-15T11:54:49","modified_gmt":"2023-08-15T09:54:49","slug":"historia-familiar-de-laura-kegalj","status":"publish","type":"post","link":"https:\/\/virtualnimuzej.aspira.hr\/es\/historia-familiar-de-laura-kegalj\/","title":{"rendered":"HISTORIA FAMILIAR DE LAURA KEGALJ"},"content":{"rendered":"<p>&nbsp;<\/p>\n<p>UNA HISTORIA FAMILIAR QUE NOS ENVIA LAURA KEGALJ DESDE MARIA TERESA DE LA PROVINCIA DE SANTA FE, CUYO APELLIDO KEGALJ PROVIENE DE CISTA VELIKA Y REBI\u0106 DE IMOTSKI:<\/p>\n<p><strong><u>\u00a0<\/u><\/strong><\/p>\n<p>FRENTE DE LA FOTO:<\/p>\n<p>MIS BISABUELOS REBICH.<\/p>\n<p>DETR\u00c1S DE LA FOTO, la siguiente dedicatoria:<\/p>\n<p><strong><em>U SPOMEN SVOME SINU OD OCA I MAJKE I MALOG NAJMLA\u0110EN SINA ANJINA\u00a0\u00a0BRATA JURI PO IMENU AN\u0110ELKO.<\/em><\/strong><\/p>\n<p><strong><em>SLIKANO NA 20. VIII OVO GODINE 1950.<\/em><\/strong><\/p>\n<p>&nbsp;<\/p>\n<p>La tinta de la escritura en el detr\u00e1s de la foto, es muy suave.<\/p>\n<p>Luego de que falleci\u00f3, mi abuelo materno, MIGUEL REBICH, en 1984, nadie de la familia, pudo continuar en comunicaci\u00f3n con la familia en Croacia. Pero en m\u00ed siempre estuvo muy presente todos los relatos de mi abuelo sobre su madre, especialmente. Siempre me dec\u00eda que yo ten\u00eda los mismos ojos que su mam\u00e1.<\/p>\n<p>Pasaron 23 a\u00f1os desde la muerte de mi abuelo, y con la firme convicci\u00f3n de cumplir con su deseo fui en su b\u00fasqueda. Ser\u00eda mi responsabilidad encontrar la familia y retomar nuestros lazos.<\/p>\n<p>Esta maravillosa foto y otra muy peque\u00f1a, fue la que me acompa\u00f1\u00f3 a cruzar el oc\u00e9ano, buscarlos y s\u00ed, encontrarlos. Incluso antes de tomar el vuelo, una prima de mi mam\u00e1, me alcanz\u00f3 una fotocopia de esta foto. La foto de mis bisabuelos maternos.<\/p>\n<p>Llegu\u00e9 a IMOTSKI, sin una direcci\u00f3n, sin nada que me orientara. S\u00f3lo esta foto y un cartel que dec\u00eda SOY LAURA KEGALJ, NIETA DE MIGUEL REBICH. POR FAVOR, AYUDAME A LLEGAR A SU CASA. S\u00d3LO QUIERO ESO\u2026 Por supuesto, escrito en idioma croata, que una se\u00f1ora Argentina, que conoc\u00eda el idioma me tradujo\u2026<\/p>\n<p>Esa foto, fue el hilo dorado que mantuvo unida a la familia, a pesar de los a\u00f1os, de la distancia y me ayud\u00f3 a recuperar la comunicaci\u00f3n y el amor de la familia Rebic en Croacia y mi familia en Argentina.<\/p>\n<p>Gracias a esa foto, cumpl\u00ed mi misi\u00f3n, la familia unida atemporalmente.<\/p>\n<p>&nbsp;<\/p>\n<p><img decoding=\"async\" class=\"alignnone  wp-image-11490\" src=\"https:\/\/virtualnimuzej.aspira.hr\/wp-content\/uploads\/2023\/08\/frente-foto-del-abuelo_page-0001-193x300.jpg\" alt=\"\" width=\"178\" height=\"277\" srcset=\"https:\/\/virtualnimuzej.aspira.hr\/wp-content\/uploads\/2023\/08\/frente-foto-del-abuelo_page-0001-193x300.jpg 193w, https:\/\/virtualnimuzej.aspira.hr\/wp-content\/uploads\/2023\/08\/frente-foto-del-abuelo_page-0001-200x312.jpg 200w, https:\/\/virtualnimuzej.aspira.hr\/wp-content\/uploads\/2023\/08\/frente-foto-del-abuelo_page-0001-400x623.jpg 400w, https:\/\/virtualnimuzej.aspira.hr\/wp-content\/uploads\/2023\/08\/frente-foto-del-abuelo_page-0001-600x935.jpg 600w, https:\/\/virtualnimuzej.aspira.hr\/wp-content\/uploads\/2023\/08\/frente-foto-del-abuelo_page-0001-657x1024.jpg 657w, https:\/\/virtualnimuzej.aspira.hr\/wp-content\/uploads\/2023\/08\/frente-foto-del-abuelo_page-0001-768x1197.jpg 768w, https:\/\/virtualnimuzej.aspira.hr\/wp-content\/uploads\/2023\/08\/frente-foto-del-abuelo_page-0001-800x1246.jpg 800w, https:\/\/virtualnimuzej.aspira.hr\/wp-content\/uploads\/2023\/08\/frente-foto-del-abuelo_page-0001.jpg 964w\" sizes=\"(max-width: 178px) 100vw, 178px\" \/>\u00a0 <img decoding=\"async\" class=\"alignnone  wp-image-11496\" src=\"https:\/\/virtualnimuzej.aspira.hr\/wp-content\/uploads\/2023\/08\/reverso-foto-del-abuelo_page-0001-1-300x242.jpg\" alt=\"\" width=\"341\" height=\"275\" srcset=\"https:\/\/virtualnimuzej.aspira.hr\/wp-content\/uploads\/2023\/08\/reverso-foto-del-abuelo_page-0001-1-177x142.jpg 177w, https:\/\/virtualnimuzej.aspira.hr\/wp-content\/uploads\/2023\/08\/reverso-foto-del-abuelo_page-0001-1-200x161.jpg 200w, https:\/\/virtualnimuzej.aspira.hr\/wp-content\/uploads\/2023\/08\/reverso-foto-del-abuelo_page-0001-1-300x242.jpg 300w, https:\/\/virtualnimuzej.aspira.hr\/wp-content\/uploads\/2023\/08\/reverso-foto-del-abuelo_page-0001-1-400x322.jpg 400w, https:\/\/virtualnimuzej.aspira.hr\/wp-content\/uploads\/2023\/08\/reverso-foto-del-abuelo_page-0001-1-600x483.jpg 600w, https:\/\/virtualnimuzej.aspira.hr\/wp-content\/uploads\/2023\/08\/reverso-foto-del-abuelo_page-0001-1-768x619.jpg 768w, https:\/\/virtualnimuzej.aspira.hr\/wp-content\/uploads\/2023\/08\/reverso-foto-del-abuelo_page-0001-1-800x644.jpg 800w, https:\/\/virtualnimuzej.aspira.hr\/wp-content\/uploads\/2023\/08\/reverso-foto-del-abuelo_page-0001-1-1024x825.jpg 1024w, https:\/\/virtualnimuzej.aspira.hr\/wp-content\/uploads\/2023\/08\/reverso-foto-del-abuelo_page-0001-1-1200x967.jpg 1200w, https:\/\/virtualnimuzej.aspira.hr\/wp-content\/uploads\/2023\/08\/reverso-foto-del-abuelo_page-0001-1.jpg 1507w\" sizes=\"(max-width: 341px) 100vw, 341px\" \/><\/p>\n","protected":false},"excerpt":{"rendered":"<p>&nbsp; UNA HISTORIA FAMILIAR QUE NOS ENVIA LAURA KEGALJ DESDE MARIA TERESA DE LA PROVINCIA DE SANTA FE, CUYO APELLIDO KEGALJ PROVIENE DE CISTA VELIKA Y REBI\u0106 DE IMOTSKI: \u00a0 [&hellip;]<\/p>\n","protected":false},"author":1,"featured_media":11487,"comment_status":"open","ping_status":"open","sticky":false,"template":"","format":"standard","meta":{"footnotes":""},"categories":[75],"tags":[],"class_list":["post-11499","post","type-post","status-publish","format-standard","has-post-thumbnail","hentry","category-argentina-es"],"yoast_head":"<!-- This site is optimized with the Yoast SEO plugin v20.7 - https:\/\/yoast.com\/wordpress\/plugins\/seo\/ -->\n<title>HISTORIA FAMILIAR DE LAURA KEGALJ - Aspira Virtualni Muzej iseljeni\u0161tva Dalmacije<\/title>\n<meta name=\"robots\" content=\"index, follow, max-snippet:-1, max-image-preview:large, max-video-preview:-1\" \/>\n<link rel=\"canonical\" href=\"https:\/\/virtualnimuzej.aspira.hr\/es\/historia-familiar-de-laura-kegalj\/\" \/>\n<meta property=\"og:locale\" content=\"es_ES\" \/>\n<meta property=\"og:type\" content=\"article\" \/>\n<meta property=\"og:title\" content=\"HISTORIA FAMILIAR DE LAURA KEGALJ - Aspira Virtualni Muzej iseljeni\u0161tva Dalmacije\" \/>\n<meta property=\"og:description\" content=\"&nbsp; UNA HISTORIA FAMILIAR QUE NOS ENVIA LAURA KEGALJ DESDE MARIA TERESA DE LA PROVINCIA DE SANTA FE, CUYO APELLIDO KEGALJ PROVIENE DE CISTA VELIKA Y REBI\u0106 DE IMOTSKI: \u00a0 [&hellip;]\" \/>\n<meta property=\"og:url\" content=\"https:\/\/virtualnimuzej.aspira.hr\/es\/historia-familiar-de-laura-kegalj\/\" \/>\n<meta property=\"og:site_name\" content=\"Aspira Virtualni Muzej iseljeni\u0161tva Dalmacije\" \/>\n<meta property=\"article:published_time\" content=\"2023-08-15T09:54:49+00:00\" \/>\n<meta property=\"og:image\" content=\"https:\/\/virtualnimuzej.aspira.hr\/wp-content\/uploads\/2023\/08\/d1273b_d608ef24164d43f2bf96075b4c075d62mv2.webp\" \/>\n\t<meta property=\"og:image:width\" content=\"640\" \/>\n\t<meta property=\"og:image:height\" content=\"426\" \/>\n\t<meta property=\"og:image:type\" content=\"image\/webp\" \/>\n<meta name=\"author\" content=\"VmuzejAspira\" \/>\n<meta name=\"twitter:card\" content=\"summary_large_image\" \/>\n<meta name=\"twitter:label1\" content=\"Escrito por\" \/>\n\t<meta name=\"twitter:data1\" content=\"VmuzejAspira\" \/>\n\t<meta name=\"twitter:label2\" content=\"Tiempo de lectura\" \/>\n\t<meta name=\"twitter:data2\" content=\"3 minutos\" \/>\n<script type=\"application\/ld+json\" class=\"yoast-schema-graph\">{\"@context\":\"https:\/\/schema.org\",\"@graph\":[{\"@type\":\"WebPage\",\"@id\":\"https:\/\/virtualnimuzej.aspira.hr\/es\/historia-familiar-de-laura-kegalj\/\",\"url\":\"https:\/\/virtualnimuzej.aspira.hr\/es\/historia-familiar-de-laura-kegalj\/\",\"name\":\"HISTORIA FAMILIAR DE LAURA KEGALJ - Aspira Virtualni Muzej iseljeni\u0161tva Dalmacije\",\"isPartOf\":{\"@id\":\"https:\/\/virtualnimuzej.aspira.hr\/#website\"},\"datePublished\":\"2023-08-15T09:54:49+00:00\",\"dateModified\":\"2023-08-15T09:54:49+00:00\",\"author\":{\"@id\":\"https:\/\/virtualnimuzej.aspira.hr\/#\/schema\/person\/8b28048370e78968988c04d6f1ba104d\"},\"breadcrumb\":{\"@id\":\"https:\/\/virtualnimuzej.aspira.hr\/es\/historia-familiar-de-laura-kegalj\/#breadcrumb\"},\"inLanguage\":\"es\",\"potentialAction\":[{\"@type\":\"ReadAction\",\"target\":[\"https:\/\/virtualnimuzej.aspira.hr\/es\/historia-familiar-de-laura-kegalj\/\"]}]},{\"@type\":\"BreadcrumbList\",\"@id\":\"https:\/\/virtualnimuzej.aspira.hr\/es\/historia-familiar-de-laura-kegalj\/#breadcrumb\",\"itemListElement\":[{\"@type\":\"ListItem\",\"position\":1,\"name\":\"Naslovna\",\"item\":\"https:\/\/virtualnimuzej.aspira.hr\/es\/\"},{\"@type\":\"ListItem\",\"position\":2,\"name\":\"HISTORIA FAMILIAR DE LAURA KEGALJ\"}]},{\"@type\":\"WebSite\",\"@id\":\"https:\/\/virtualnimuzej.aspira.hr\/#website\",\"url\":\"https:\/\/virtualnimuzej.aspira.hr\/\",\"name\":\"Aspira Virtualni Muzej iseljeni\u0161tva Dalmacije\",\"description\":\"Muzej iseljeni\u0161tva je zami\u0161ljen kao mjesto skupljanja i prezentacije gra\u0111e o hrvatskom iseljeni\u0161tvu i povijesti iseljavanja koja nikada nije bila dovoljno istra\u017eena.\",\"potentialAction\":[{\"@type\":\"SearchAction\",\"target\":{\"@type\":\"EntryPoint\",\"urlTemplate\":\"https:\/\/virtualnimuzej.aspira.hr\/?s={search_term_string}\"},\"query-input\":\"required name=search_term_string\"}],\"inLanguage\":\"es\"},{\"@type\":\"Person\",\"@id\":\"https:\/\/virtualnimuzej.aspira.hr\/#\/schema\/person\/8b28048370e78968988c04d6f1ba104d\",\"name\":\"VmuzejAspira\",\"image\":{\"@type\":\"ImageObject\",\"inLanguage\":\"es\",\"@id\":\"https:\/\/virtualnimuzej.aspira.hr\/#\/schema\/person\/image\/\",\"url\":\"https:\/\/secure.gravatar.com\/avatar\/cfa7124a34eec5233efffe1e8fb23c18bb83abdb6129e8f47c9144109613a228?s=96&d=mm&r=g\",\"contentUrl\":\"https:\/\/secure.gravatar.com\/avatar\/cfa7124a34eec5233efffe1e8fb23c18bb83abdb6129e8f47c9144109613a228?s=96&d=mm&r=g\",\"caption\":\"VmuzejAspira\"},\"sameAs\":[\"http:\/\/virtualnimuzej.aspira.hr\"],\"url\":\"https:\/\/virtualnimuzej.aspira.hr\/es\/author\/vmuzejaspira\/\"}]}<\/script>\n<!-- \/ Yoast SEO plugin. -->","yoast_head_json":{"title":"HISTORIA FAMILIAR DE LAURA KEGALJ - Aspira Virtualni Muzej iseljeni\u0161tva Dalmacije","robots":{"index":"index","follow":"follow","max-snippet":"max-snippet:-1","max-image-preview":"max-image-preview:large","max-video-preview":"max-video-preview:-1"},"canonical":"https:\/\/virtualnimuzej.aspira.hr\/es\/historia-familiar-de-laura-kegalj\/","og_locale":"es_ES","og_type":"article","og_title":"HISTORIA FAMILIAR DE LAURA KEGALJ - Aspira Virtualni Muzej iseljeni\u0161tva Dalmacije","og_description":"&nbsp; UNA HISTORIA FAMILIAR QUE NOS ENVIA LAURA KEGALJ DESDE MARIA TERESA DE LA PROVINCIA DE SANTA FE, CUYO APELLIDO KEGALJ PROVIENE DE CISTA VELIKA Y REBI\u0106 DE IMOTSKI: \u00a0 [&hellip;]","og_url":"https:\/\/virtualnimuzej.aspira.hr\/es\/historia-familiar-de-laura-kegalj\/","og_site_name":"Aspira Virtualni Muzej iseljeni\u0161tva Dalmacije","article_published_time":"2023-08-15T09:54:49+00:00","og_image":[{"width":640,"height":426,"url":"https:\/\/virtualnimuzej.aspira.hr\/wp-content\/uploads\/2023\/08\/d1273b_d608ef24164d43f2bf96075b4c075d62mv2.webp","type":"image\/webp"}],"author":"VmuzejAspira","twitter_card":"summary_large_image","twitter_misc":{"Escrito por":"VmuzejAspira","Tiempo de lectura":"3 minutos"},"schema":{"@context":"https:\/\/schema.org","@graph":[{"@type":"WebPage","@id":"https:\/\/virtualnimuzej.aspira.hr\/es\/historia-familiar-de-laura-kegalj\/","url":"https:\/\/virtualnimuzej.aspira.hr\/es\/historia-familiar-de-laura-kegalj\/","name":"HISTORIA FAMILIAR DE LAURA KEGALJ - Aspira Virtualni Muzej iseljeni\u0161tva Dalmacije","isPartOf":{"@id":"https:\/\/virtualnimuzej.aspira.hr\/#website"},"datePublished":"2023-08-15T09:54:49+00:00","dateModified":"2023-08-15T09:54:49+00:00","author":{"@id":"https:\/\/virtualnimuzej.aspira.hr\/#\/schema\/person\/8b28048370e78968988c04d6f1ba104d"},"breadcrumb":{"@id":"https:\/\/virtualnimuzej.aspira.hr\/es\/historia-familiar-de-laura-kegalj\/#breadcrumb"},"inLanguage":"es","potentialAction":[{"@type":"ReadAction","target":["https:\/\/virtualnimuzej.aspira.hr\/es\/historia-familiar-de-laura-kegalj\/"]}]},{"@type":"BreadcrumbList","@id":"https:\/\/virtualnimuzej.aspira.hr\/es\/historia-familiar-de-laura-kegalj\/#breadcrumb","itemListElement":[{"@type":"ListItem","position":1,"name":"Naslovna","item":"https:\/\/virtualnimuzej.aspira.hr\/es\/"},{"@type":"ListItem","position":2,"name":"HISTORIA FAMILIAR DE LAURA KEGALJ"}]},{"@type":"WebSite","@id":"https:\/\/virtualnimuzej.aspira.hr\/#website","url":"https:\/\/virtualnimuzej.aspira.hr\/","name":"Aspira Virtualni Muzej iseljeni\u0161tva Dalmacije","description":"Muzej iseljeni\u0161tva je zami\u0161ljen kao mjesto skupljanja i prezentacije gra\u0111e o hrvatskom iseljeni\u0161tvu i povijesti iseljavanja koja nikada nije bila dovoljno istra\u017eena.","potentialAction":[{"@type":"SearchAction","target":{"@type":"EntryPoint","urlTemplate":"https:\/\/virtualnimuzej.aspira.hr\/?s={search_term_string}"},"query-input":"required name=search_term_string"}],"inLanguage":"es"},{"@type":"Person","@id":"https:\/\/virtualnimuzej.aspira.hr\/#\/schema\/person\/8b28048370e78968988c04d6f1ba104d","name":"VmuzejAspira","image":{"@type":"ImageObject","inLanguage":"es","@id":"https:\/\/virtualnimuzej.aspira.hr\/#\/schema\/person\/image\/","url":"https:\/\/secure.gravatar.com\/avatar\/cfa7124a34eec5233efffe1e8fb23c18bb83abdb6129e8f47c9144109613a228?s=96&d=mm&r=g","contentUrl":"https:\/\/secure.gravatar.com\/avatar\/cfa7124a34eec5233efffe1e8fb23c18bb83abdb6129e8f47c9144109613a228?s=96&d=mm&r=g","caption":"VmuzejAspira"},"sameAs":["http:\/\/virtualnimuzej.aspira.hr"],"url":"https:\/\/virtualnimuzej.aspira.hr\/es\/author\/vmuzejaspira\/"}]}},"_links":{"self":[{"href":"https:\/\/virtualnimuzej.aspira.hr\/es\/wp-json\/wp\/v2\/posts\/11499","targetHints":{"allow":["GET"]}}],"collection":[{"href":"https:\/\/virtualnimuzej.aspira.hr\/es\/wp-json\/wp\/v2\/posts"}],"about":[{"href":"https:\/\/virtualnimuzej.aspira.hr\/es\/wp-json\/wp\/v2\/types\/post"}],"author":[{"embeddable":true,"href":"https:\/\/virtualnimuzej.aspira.hr\/es\/wp-json\/wp\/v2\/users\/1"}],"replies":[{"embeddable":true,"href":"https:\/\/virtualnimuzej.aspira.hr\/es\/wp-json\/wp\/v2\/comments?post=11499"}],"version-history":[{"count":1,"href":"https:\/\/virtualnimuzej.aspira.hr\/es\/wp-json\/wp\/v2\/posts\/11499\/revisions"}],"predecessor-version":[{"id":11500,"href":"https:\/\/virtualnimuzej.aspira.hr\/es\/wp-json\/wp\/v2\/posts\/11499\/revisions\/11500"}],"wp:featuredmedia":[{"embeddable":true,"href":"https:\/\/virtualnimuzej.aspira.hr\/es\/wp-json\/wp\/v2\/media\/11487"}],"wp:attachment":[{"href":"https:\/\/virtualnimuzej.aspira.hr\/es\/wp-json\/wp\/v2\/media?parent=11499"}],"wp:term":[{"taxonomy":"category","embeddable":true,"href":"https:\/\/virtualnimuzej.aspira.hr\/es\/wp-json\/wp\/v2\/categories?post=11499"},{"taxonomy":"post_tag","embeddable":true,"href":"https:\/\/virtualnimuzej.aspira.hr\/es\/wp-json\/wp\/v2\/tags?post=11499"}],"curies":[{"name":"wp","href":"https:\/\/api.w.org\/{rel}","templated":true}]}}