{"id":11921,"date":"2024-03-15T16:43:14","date_gmt":"2024-03-15T15:43:14","guid":{"rendered":"https:\/\/virtualnimuzej.aspira.hr\/?p=11921"},"modified":"2024-03-15T16:43:14","modified_gmt":"2024-03-15T15:43:14","slug":"los-lonza-de-iquique","status":"publish","type":"post","link":"https:\/\/virtualnimuzej.aspira.hr\/es\/los-lonza-de-iquique\/","title":{"rendered":"Los Lonza de Iquique"},"content":{"rendered":"<p>&nbsp;<\/p>\n<p>Sacrificio, esfuerzo y union, son algunos de los sin\u00f3nimos podr\u00edamos destacar de una familia que emigro desde Croacia para probar suerte en Iquique. Lo se refiere a la familia Lonza, que con mucha energ\u00eda y sobrepasando dif\u00edciles obst\u00e1culos, han logrado convertirse en una de las empresas mas importantes del norte de nuestro pa\u00eds.<\/p>\n<p>Jacob Mali Lonza, nacio en 1861 en Zaton Mali, Croacia decide probar suerte en nuestro pa\u00eds, es asi como llega a Chile, precisamente a la Norte, oficina salitrera desaparecida a comienzos del siglo 20, donde se instala en la actividad comercial. Lentamente fueron llegando desde Croacia sus hermanos: Antonio, Vicenta, Santiago mayor y Santiago menor, los cuales deciden quedarse en Chile para fundar la Sociedad Lonza Hnos, que durante muchos anos ha sido el recurso material y humano que ha unido a toda una familia.<\/p>\n<p>&nbsp;<\/p>\n<p><img decoding=\"async\" class=\"alignnone size-medium wp-image-11910\" src=\"https:\/\/virtualnimuzej.aspira.hr\/wp-content\/uploads\/2024\/03\/20240313_204422-300x214.jpg\" alt=\"\" width=\"300\" height=\"214\" srcset=\"https:\/\/virtualnimuzej.aspira.hr\/wp-content\/uploads\/2024\/03\/20240313_204422-200x143.jpg 200w, https:\/\/virtualnimuzej.aspira.hr\/wp-content\/uploads\/2024\/03\/20240313_204422-300x214.jpg 300w, https:\/\/virtualnimuzej.aspira.hr\/wp-content\/uploads\/2024\/03\/20240313_204422-400x285.jpg 400w, https:\/\/virtualnimuzej.aspira.hr\/wp-content\/uploads\/2024\/03\/20240313_204422-600x428.jpg 600w, https:\/\/virtualnimuzej.aspira.hr\/wp-content\/uploads\/2024\/03\/20240313_204422-768x547.jpg 768w, https:\/\/virtualnimuzej.aspira.hr\/wp-content\/uploads\/2024\/03\/20240313_204422.jpg 800w\" sizes=\"(max-width: 300px) 100vw, 300px\" \/><\/p>\n<p>De la izquierda son Antonio, Vicenta, Santiago Mayor, Pablo Lonza Martinez y Santiago Menor<\/p>\n<p>&nbsp;<\/p>\n<p>El involucrarse en nuestra ciudad no fue una tarea f\u00e1cil, ya que tuvieron que sobreponerse de la llegada de nuevas empresas y de la crisis que en esos anos azotaba a la industria salitrera. Pero eso no fueron impedimentos para que la familia, lograra lentamente posicionar a la ferreteria en Iquique.<\/p>\n<p>&nbsp;<\/p>\n<p><img decoding=\"async\" class=\"alignnone size-medium wp-image-11913\" src=\"https:\/\/virtualnimuzej.aspira.hr\/wp-content\/uploads\/2024\/03\/20240313_204454-300x235.jpg\" alt=\"\" width=\"300\" height=\"235\" srcset=\"https:\/\/virtualnimuzej.aspira.hr\/wp-content\/uploads\/2024\/03\/20240313_204454-200x157.jpg 200w, https:\/\/virtualnimuzej.aspira.hr\/wp-content\/uploads\/2024\/03\/20240313_204454-300x235.jpg 300w, https:\/\/virtualnimuzej.aspira.hr\/wp-content\/uploads\/2024\/03\/20240313_204454-400x314.jpg 400w, https:\/\/virtualnimuzej.aspira.hr\/wp-content\/uploads\/2024\/03\/20240313_204454-600x470.jpg 600w, https:\/\/virtualnimuzej.aspira.hr\/wp-content\/uploads\/2024\/03\/20240313_204454-768x602.jpg 768w, https:\/\/virtualnimuzej.aspira.hr\/wp-content\/uploads\/2024\/03\/20240313_204454.jpg 800w\" sizes=\"(max-width: 300px) 100vw, 300px\" \/><\/p>\n<p>De la izquierda son Juan Pedro Lonza Joustra y Fernando Antonio Lonza Joustra. Vladimir Lonza Joustra, Maria Ines Joustra Paredes, Antonio Dragomir Lonza Lonza y Milovan Tonko Lonza Joustra<\/p>\n<p>&nbsp;<\/p>\n<p>Cuando comenzaron no fueron tan destacados como lo es en la actualidad, ya que es esos anos hab\u00edan muchas empresas transnacionales, lo cual exig\u00eda una compentencia mucho mas amplia, lo importante es que la Ferreteria fue capaz de mantenerse, soportar las crisis y mostrar a toda la comunidad que son una empresa confiable que ha logrado mantenerse durante ya mas de un siglo.<\/p>\n<p>&nbsp;<\/p>\n<p><img decoding=\"async\" class=\"alignnone size-medium wp-image-11916\" src=\"https:\/\/virtualnimuzej.aspira.hr\/wp-content\/uploads\/2024\/03\/20240313_204433-300x65.jpg\" alt=\"\" width=\"300\" height=\"65\" srcset=\"https:\/\/virtualnimuzej.aspira.hr\/wp-content\/uploads\/2024\/03\/20240313_204433-200x43.jpg 200w, https:\/\/virtualnimuzej.aspira.hr\/wp-content\/uploads\/2024\/03\/20240313_204433-300x65.jpg 300w, https:\/\/virtualnimuzej.aspira.hr\/wp-content\/uploads\/2024\/03\/20240313_204433-400x87.jpg 400w, https:\/\/virtualnimuzej.aspira.hr\/wp-content\/uploads\/2024\/03\/20240313_204433-600x130.jpg 600w, https:\/\/virtualnimuzej.aspira.hr\/wp-content\/uploads\/2024\/03\/20240313_204433-768x166.jpg 768w, https:\/\/virtualnimuzej.aspira.hr\/wp-content\/uploads\/2024\/03\/20240313_204433.jpg 800w\" sizes=\"(max-width: 300px) 100vw, 300px\" \/><\/p>\n<p>Ferreterias Lonza<\/p>\n<p>&nbsp;<\/p>\n<p>Texto es publicado en la revista \u00bbAqui Iquique\u00bb<\/p>\n<p>&nbsp;<\/p>\n","protected":false},"excerpt":{"rendered":"<p>&nbsp; Sacrificio, esfuerzo y union, son algunos de los sin\u00f3nimos podr\u00edamos destacar de una familia que emigro desde Croacia para probar suerte en Iquique. Lo se refiere a la familia [&hellip;]<\/p>\n","protected":false},"author":1,"featured_media":11907,"comment_status":"open","ping_status":"open","sticky":false,"template":"","format":"standard","meta":{"footnotes":""},"categories":[80],"tags":[],"class_list":["post-11921","post","type-post","status-publish","format-standard","has-post-thumbnail","hentry","category-chile-del-norte"],"yoast_head":"<!-- This site is optimized with the Yoast SEO plugin v20.7 - https:\/\/yoast.com\/wordpress\/plugins\/seo\/ -->\n<title>Los Lonza de Iquique - Aspira Virtualni Muzej iseljeni\u0161tva Dalmacije<\/title>\n<meta name=\"robots\" content=\"index, follow, max-snippet:-1, max-image-preview:large, max-video-preview:-1\" \/>\n<link rel=\"canonical\" href=\"https:\/\/virtualnimuzej.aspira.hr\/es\/los-lonza-de-iquique\/\" \/>\n<meta property=\"og:locale\" content=\"es_ES\" \/>\n<meta property=\"og:type\" content=\"article\" \/>\n<meta property=\"og:title\" content=\"Los Lonza de Iquique - Aspira Virtualni Muzej iseljeni\u0161tva Dalmacije\" \/>\n<meta property=\"og:description\" content=\"&nbsp; Sacrificio, esfuerzo y union, son algunos de los sin\u00f3nimos podr\u00edamos destacar de una familia que emigro desde Croacia para probar suerte en Iquique. Lo se refiere a la familia [&hellip;]\" \/>\n<meta property=\"og:url\" content=\"https:\/\/virtualnimuzej.aspira.hr\/es\/los-lonza-de-iquique\/\" \/>\n<meta property=\"og:site_name\" content=\"Aspira Virtualni Muzej iseljeni\u0161tva Dalmacije\" \/>\n<meta property=\"article:published_time\" content=\"2024-03-15T15:43:14+00:00\" \/>\n<meta property=\"og:image\" content=\"https:\/\/virtualnimuzej.aspira.hr\/wp-content\/uploads\/2024\/03\/articles-73547_thumbnail.jpg\" \/>\n\t<meta property=\"og:image:width\" content=\"749\" \/>\n\t<meta property=\"og:image:height\" content=\"245\" \/>\n\t<meta property=\"og:image:type\" content=\"image\/jpeg\" \/>\n<meta name=\"author\" content=\"VmuzejAspira\" \/>\n<meta name=\"twitter:card\" content=\"summary_large_image\" \/>\n<meta name=\"twitter:label1\" content=\"Escrito por\" \/>\n\t<meta name=\"twitter:data1\" content=\"VmuzejAspira\" \/>\n\t<meta name=\"twitter:label2\" content=\"Tiempo de lectura\" \/>\n\t<meta name=\"twitter:data2\" content=\"3 minutos\" \/>\n<script type=\"application\/ld+json\" class=\"yoast-schema-graph\">{\"@context\":\"https:\/\/schema.org\",\"@graph\":[{\"@type\":\"WebPage\",\"@id\":\"https:\/\/virtualnimuzej.aspira.hr\/es\/los-lonza-de-iquique\/\",\"url\":\"https:\/\/virtualnimuzej.aspira.hr\/es\/los-lonza-de-iquique\/\",\"name\":\"Los Lonza de Iquique - Aspira Virtualni Muzej iseljeni\u0161tva Dalmacije\",\"isPartOf\":{\"@id\":\"https:\/\/virtualnimuzej.aspira.hr\/#website\"},\"datePublished\":\"2024-03-15T15:43:14+00:00\",\"dateModified\":\"2024-03-15T15:43:14+00:00\",\"author\":{\"@id\":\"https:\/\/virtualnimuzej.aspira.hr\/#\/schema\/person\/8b28048370e78968988c04d6f1ba104d\"},\"breadcrumb\":{\"@id\":\"https:\/\/virtualnimuzej.aspira.hr\/es\/los-lonza-de-iquique\/#breadcrumb\"},\"inLanguage\":\"es\",\"potentialAction\":[{\"@type\":\"ReadAction\",\"target\":[\"https:\/\/virtualnimuzej.aspira.hr\/es\/los-lonza-de-iquique\/\"]}]},{\"@type\":\"BreadcrumbList\",\"@id\":\"https:\/\/virtualnimuzej.aspira.hr\/es\/los-lonza-de-iquique\/#breadcrumb\",\"itemListElement\":[{\"@type\":\"ListItem\",\"position\":1,\"name\":\"Naslovna\",\"item\":\"https:\/\/virtualnimuzej.aspira.hr\/es\/\"},{\"@type\":\"ListItem\",\"position\":2,\"name\":\"Los Lonza de Iquique\"}]},{\"@type\":\"WebSite\",\"@id\":\"https:\/\/virtualnimuzej.aspira.hr\/#website\",\"url\":\"https:\/\/virtualnimuzej.aspira.hr\/\",\"name\":\"Aspira Virtualni Muzej iseljeni\u0161tva Dalmacije\",\"description\":\"Muzej iseljeni\u0161tva je zami\u0161ljen kao mjesto skupljanja i prezentacije gra\u0111e o hrvatskom iseljeni\u0161tvu i povijesti iseljavanja koja nikada nije bila dovoljno istra\u017eena.\",\"potentialAction\":[{\"@type\":\"SearchAction\",\"target\":{\"@type\":\"EntryPoint\",\"urlTemplate\":\"https:\/\/virtualnimuzej.aspira.hr\/?s={search_term_string}\"},\"query-input\":\"required name=search_term_string\"}],\"inLanguage\":\"es\"},{\"@type\":\"Person\",\"@id\":\"https:\/\/virtualnimuzej.aspira.hr\/#\/schema\/person\/8b28048370e78968988c04d6f1ba104d\",\"name\":\"VmuzejAspira\",\"image\":{\"@type\":\"ImageObject\",\"inLanguage\":\"es\",\"@id\":\"https:\/\/virtualnimuzej.aspira.hr\/#\/schema\/person\/image\/\",\"url\":\"https:\/\/secure.gravatar.com\/avatar\/cfa7124a34eec5233efffe1e8fb23c18bb83abdb6129e8f47c9144109613a228?s=96&d=mm&r=g\",\"contentUrl\":\"https:\/\/secure.gravatar.com\/avatar\/cfa7124a34eec5233efffe1e8fb23c18bb83abdb6129e8f47c9144109613a228?s=96&d=mm&r=g\",\"caption\":\"VmuzejAspira\"},\"sameAs\":[\"http:\/\/virtualnimuzej.aspira.hr\"],\"url\":\"https:\/\/virtualnimuzej.aspira.hr\/es\/author\/vmuzejaspira\/\"}]}<\/script>\n<!-- \/ Yoast SEO plugin. -->","yoast_head_json":{"title":"Los Lonza de Iquique - Aspira Virtualni Muzej iseljeni\u0161tva Dalmacije","robots":{"index":"index","follow":"follow","max-snippet":"max-snippet:-1","max-image-preview":"max-image-preview:large","max-video-preview":"max-video-preview:-1"},"canonical":"https:\/\/virtualnimuzej.aspira.hr\/es\/los-lonza-de-iquique\/","og_locale":"es_ES","og_type":"article","og_title":"Los Lonza de Iquique - Aspira Virtualni Muzej iseljeni\u0161tva Dalmacije","og_description":"&nbsp; Sacrificio, esfuerzo y union, son algunos de los sin\u00f3nimos podr\u00edamos destacar de una familia que emigro desde Croacia para probar suerte en Iquique. Lo se refiere a la familia [&hellip;]","og_url":"https:\/\/virtualnimuzej.aspira.hr\/es\/los-lonza-de-iquique\/","og_site_name":"Aspira Virtualni Muzej iseljeni\u0161tva Dalmacije","article_published_time":"2024-03-15T15:43:14+00:00","og_image":[{"width":749,"height":245,"url":"https:\/\/virtualnimuzej.aspira.hr\/wp-content\/uploads\/2024\/03\/articles-73547_thumbnail.jpg","type":"image\/jpeg"}],"author":"VmuzejAspira","twitter_card":"summary_large_image","twitter_misc":{"Escrito por":"VmuzejAspira","Tiempo de lectura":"3 minutos"},"schema":{"@context":"https:\/\/schema.org","@graph":[{"@type":"WebPage","@id":"https:\/\/virtualnimuzej.aspira.hr\/es\/los-lonza-de-iquique\/","url":"https:\/\/virtualnimuzej.aspira.hr\/es\/los-lonza-de-iquique\/","name":"Los Lonza de Iquique - Aspira Virtualni Muzej iseljeni\u0161tva Dalmacije","isPartOf":{"@id":"https:\/\/virtualnimuzej.aspira.hr\/#website"},"datePublished":"2024-03-15T15:43:14+00:00","dateModified":"2024-03-15T15:43:14+00:00","author":{"@id":"https:\/\/virtualnimuzej.aspira.hr\/#\/schema\/person\/8b28048370e78968988c04d6f1ba104d"},"breadcrumb":{"@id":"https:\/\/virtualnimuzej.aspira.hr\/es\/los-lonza-de-iquique\/#breadcrumb"},"inLanguage":"es","potentialAction":[{"@type":"ReadAction","target":["https:\/\/virtualnimuzej.aspira.hr\/es\/los-lonza-de-iquique\/"]}]},{"@type":"BreadcrumbList","@id":"https:\/\/virtualnimuzej.aspira.hr\/es\/los-lonza-de-iquique\/#breadcrumb","itemListElement":[{"@type":"ListItem","position":1,"name":"Naslovna","item":"https:\/\/virtualnimuzej.aspira.hr\/es\/"},{"@type":"ListItem","position":2,"name":"Los Lonza de Iquique"}]},{"@type":"WebSite","@id":"https:\/\/virtualnimuzej.aspira.hr\/#website","url":"https:\/\/virtualnimuzej.aspira.hr\/","name":"Aspira Virtualni Muzej iseljeni\u0161tva Dalmacije","description":"Muzej iseljeni\u0161tva je zami\u0161ljen kao mjesto skupljanja i prezentacije gra\u0111e o hrvatskom iseljeni\u0161tvu i povijesti iseljavanja koja nikada nije bila dovoljno istra\u017eena.","potentialAction":[{"@type":"SearchAction","target":{"@type":"EntryPoint","urlTemplate":"https:\/\/virtualnimuzej.aspira.hr\/?s={search_term_string}"},"query-input":"required name=search_term_string"}],"inLanguage":"es"},{"@type":"Person","@id":"https:\/\/virtualnimuzej.aspira.hr\/#\/schema\/person\/8b28048370e78968988c04d6f1ba104d","name":"VmuzejAspira","image":{"@type":"ImageObject","inLanguage":"es","@id":"https:\/\/virtualnimuzej.aspira.hr\/#\/schema\/person\/image\/","url":"https:\/\/secure.gravatar.com\/avatar\/cfa7124a34eec5233efffe1e8fb23c18bb83abdb6129e8f47c9144109613a228?s=96&d=mm&r=g","contentUrl":"https:\/\/secure.gravatar.com\/avatar\/cfa7124a34eec5233efffe1e8fb23c18bb83abdb6129e8f47c9144109613a228?s=96&d=mm&r=g","caption":"VmuzejAspira"},"sameAs":["http:\/\/virtualnimuzej.aspira.hr"],"url":"https:\/\/virtualnimuzej.aspira.hr\/es\/author\/vmuzejaspira\/"}]}},"_links":{"self":[{"href":"https:\/\/virtualnimuzej.aspira.hr\/es\/wp-json\/wp\/v2\/posts\/11921","targetHints":{"allow":["GET"]}}],"collection":[{"href":"https:\/\/virtualnimuzej.aspira.hr\/es\/wp-json\/wp\/v2\/posts"}],"about":[{"href":"https:\/\/virtualnimuzej.aspira.hr\/es\/wp-json\/wp\/v2\/types\/post"}],"author":[{"embeddable":true,"href":"https:\/\/virtualnimuzej.aspira.hr\/es\/wp-json\/wp\/v2\/users\/1"}],"replies":[{"embeddable":true,"href":"https:\/\/virtualnimuzej.aspira.hr\/es\/wp-json\/wp\/v2\/comments?post=11921"}],"version-history":[{"count":1,"href":"https:\/\/virtualnimuzej.aspira.hr\/es\/wp-json\/wp\/v2\/posts\/11921\/revisions"}],"predecessor-version":[{"id":11922,"href":"https:\/\/virtualnimuzej.aspira.hr\/es\/wp-json\/wp\/v2\/posts\/11921\/revisions\/11922"}],"wp:featuredmedia":[{"embeddable":true,"href":"https:\/\/virtualnimuzej.aspira.hr\/es\/wp-json\/wp\/v2\/media\/11907"}],"wp:attachment":[{"href":"https:\/\/virtualnimuzej.aspira.hr\/es\/wp-json\/wp\/v2\/media?parent=11921"}],"wp:term":[{"taxonomy":"category","embeddable":true,"href":"https:\/\/virtualnimuzej.aspira.hr\/es\/wp-json\/wp\/v2\/categories?post=11921"},{"taxonomy":"post_tag","embeddable":true,"href":"https:\/\/virtualnimuzej.aspira.hr\/es\/wp-json\/wp\/v2\/tags?post=11921"}],"curies":[{"name":"wp","href":"https:\/\/api.w.org\/{rel}","templated":true}]}}