{"id":12325,"date":"2024-07-23T11:11:32","date_gmt":"2024-07-23T09:11:32","guid":{"rendered":"https:\/\/virtualnimuzej.aspira.hr\/?p=12325"},"modified":"2025-06-13T19:04:51","modified_gmt":"2025-06-13T17:04:51","slug":"12325","status":"publish","type":"post","link":"https:\/\/virtualnimuzej.aspira.hr\/es\/12325\/","title":{"rendered":"HISTORIA DE NIKOLA MILUSIC"},"content":{"rendered":"<p>&nbsp;<\/p>\n<p>M\u00ed historia en esta oportunidad la llam\u00e9 Abanico de ilusiones, en referencia que uno siempre tiene ilusiones, deseos, uno planifica la vida y muchas veces hay que borrar y volver a empezar y no importa la edad, mis abuelos llegaron a la Argentina con 40 a\u00f1os, quien dir\u00eda que se pod\u00eda volver a empezar y con una profesi\u00f3n que nada que ver con la que tra\u00eda de su vida.<\/p>\n<p>De toda las fotos sobres, cartas, me llam\u00f3 m\u00e1s la atenci\u00f3n el documento que se llama \u00abAnker\u00bb estuve investigando viendo que era y si ten\u00eda validez, resultado que era como una dote que le daba m\u00ed abuelo 1934-1954 a m\u00ed madre y con el seguro de vida, as\u00ed por si le suced\u00eda algo a m\u00ed abuela m\u00ed madre podr\u00eda tener algo en la vida y resulta que mantuvo ese documento que lo tengo ahora yo y nunca tuvo validez por haber una Guerra de por medio, para que mantuvo ese documento&#8230; Y as\u00ed con todos los documentos de alquiler de la casa el restaurante de los a\u00f1os 1942-1943 cu\u00e1nto le dejaban cobrar el kilo de pan, cartas de m\u00ed abuela a su amiga del alma Ribica y de Ribica a m\u00ed abuela, fotos de m\u00ed bis abuelos con m\u00ed abuela, fotos de mis abuelos con m\u00ed madre y mi t\u00edo, fotos de m\u00ed madre en la puerta del restaurante\u00a0famoso ahora despu\u00e9s que se ha filmado una pel\u00edcula conocida, foto de m\u00ed madre en su primera comuni\u00f3n y en la puerta de su colegio en Gornji Grad.<\/p>\n<p>Una de las tantas historias es de m\u00ed familia materna Vo\u010dinki\u0107 &#8211; Zombori.<\/p>\n<p>Iv\u00e1n Vo\u010dinki\u010d padre Ana Vo\u010dinki\u0107 hija Zvonimir Vocinkic i m\u00ed abuela Ljubica Zombori.<\/p>\n<p>Agradezco la oportunidad de expresarme.<\/p>\n<p>En la pr\u00f3xima escribir\u00e9 un resumen de la historia de m\u00ed padre Nikola Milu\u0161i\u0107.<\/p>\n<p>Hvala<\/p>\n<p>&nbsp;<\/p>\n<p>&nbsp;<\/p>\n<p>AQU\u00cd EST\u00c1 LA HISTORIA:<\/p>\n<p>C\u00f3mo no escribir unas palabras\u2026<\/p>\n<p>Mi abuelo Iv\u00e1n naci\u00f3 en 1903 en Orahovica, mientras que mi abuela Ljubica vio la luz del d\u00eda tres a\u00f1os despu\u00e9s en Na\u0161ice. Su historia de amor no fue sencilla; la familia paterna no aprobaba a mi abuela porque era una joven viuda con una hija, algo socialmente inaceptable en ese entonces. A pesar de todo, mi abuela trabajaba para mantenerse, mientras que su hija era cuidada por su madre.<\/p>\n<p>Mis abuelos se conocieron en Na\u0161ice. Iv\u00e1n paseaba por la ciudad cuando not\u00f3 a Ljubica, una empleada de una tienda. El amor entre ellos floreci\u00f3 r\u00e1pidamente, aunque la familia no aprobaba su relaci\u00f3n. Sin embargo, el amor fue m\u00e1s fuerte que las barreras y decidieron formar una familia. En enero de 1934, naci\u00f3 mi madre mientras viv\u00edan en una casa alquilada en la calle Vo\u0107arska n\u00famero 22 en Zagreb. Despu\u00e9s se mudaron a la calle Basari\u010dekova n\u00famero 9, donde alquilaron un local que hoy es un bar conocido. Ese local era un punto de encuentro para personas importantes de la \u00e9poca.<\/p>\n<p>Mis abuelos vivieron con muchas ilusiones y amor. Dos a\u00f1os despu\u00e9s del nacimiento de mi madre, naci\u00f3 mi t\u00edo Zvonko. Mi abuela Ljubica preparaba comida casera, mientras que mi abuelo Iv\u00e1n manejaba el bar. La familia creci\u00f3 en felicidad y amor, pero el destino los llev\u00f3 lejos. Se fueron a Campo Fermo, Bagnoli, con una maleta llena de sue\u00f1os.<\/p>\n<p>Siempre recordar\u00e9 la frase que mis abuelos se repet\u00edan: \u00abBueno, llegamos a esta nueva tierra,\u00bb abraz\u00e1ndose y diciendo: \u00abEstamos todos juntos, como familia, con amor y muchos sue\u00f1os.\u00bb<\/p>\n<p>Cuando pod\u00edan, se escrib\u00edan cartas. Conservo muchas de esas cartas, pero una fotograf\u00eda con la inscripci\u00f3n \u00abAnker\u00bb me intrig\u00f3 especialmente. Investigando, descubr\u00ed que era parte de la dote que mi abuelo dej\u00f3 en caso de su muerte, para que mi madre estuviera financieramente asegurada. Desafortunadamente, la guerra les arrebat\u00f3 esa seguridad.<\/p>\n<p>El t\u00edtulo \u00abAbanico de ilusiones\u00bb surge del entendimiento de que la vida a menudo rompe nuestros sue\u00f1os debido a circunstancias externas. Sin embargo, en esta bella historia, mi madre conoci\u00f3 a mi padre en Argentina, tambi\u00e9n croata. Se casaron en 1951 y luego nacieron mi hermana Mar\u00eda en 1953 y yo, Lidia, en 1964.<\/p>\n<p>Mi abuela Ljubica falleci\u00f3 en 1984, mi abuelo Iv\u00e1n en 1977, y mi madre Anica, nacida en Zagreb, nos dej\u00f3 en 2019. Solo mi madre logr\u00f3 regresar dos veces a su amada patria, visitando Gornji Grad y Kamenita Vrata. Su fotograf\u00eda a\u00fan adorna la puerta del restaurante, mientras que sus recuerdos viven en m\u00ed.<\/p>\n<p>La historia de mi familia es una historia de amor, sue\u00f1os y valent\u00eda para enfrentar obst\u00e1culos. Con amor recuerdo a mis antepasados y su \u00ababanico de ilusiones\u00bb que ha dado forma a mi vida.<\/p>\n<p>Lidia Isabel Milusic, Ezeiza, Buenos Aires, Argentina<\/p>\n<p>&nbsp;<\/p>\n\n\t\t<style type=\"text\/css\">\n\t\t\t#gallery-1 {\n\t\t\t\tmargin: auto;\n\t\t\t}\n\t\t\t#gallery-1 .gallery-item {\n\t\t\t\tfloat: left;\n\t\t\t\tmargin-top: 10px;\n\t\t\t\ttext-align: center;\n\t\t\t\twidth: 33%;\n\t\t\t}\n\t\t\t#gallery-1 img {\n\t\t\t\tborder: 2px solid #cfcfcf;\n\t\t\t}\n\t\t\t#gallery-1 .gallery-caption {\n\t\t\t\tmargin-left: 0;\n\t\t\t}\n\t\t\t\/* see gallery_shortcode() in wp-includes\/media.php *\/\n\t\t<\/style>\n\t\t<div id='gallery-1' class='gallery galleryid-12325 gallery-columns-3 gallery-size-thumbnail'><dl class='gallery-item'>\n\t\t\t<dt class='gallery-icon portrait'>\n\t\t\t\t<a data-rel=\"iLightbox[postimages]\" data-title=\"1\" data-caption=\"\" href='https:\/\/virtualnimuzej.aspira.hr\/es\/1-50-2\/'><img decoding=\"async\" width=\"113\" height=\"150\" src=\"https:\/\/virtualnimuzej.aspira.hr\/wp-content\/uploads\/2024\/07\/1-4.jpg\" class=\"attachment-thumbnail size-thumbnail\" alt=\"\" \/><\/a>\n\t\t\t<\/dt><\/dl><dl class='gallery-item'>\n\t\t\t<dt class='gallery-icon portrait'>\n\t\t\t\t<a data-rel=\"iLightbox[postimages]\" data-title=\"2\" data-caption=\"\" href='https:\/\/virtualnimuzej.aspira.hr\/es\/2-55-2\/'><img decoding=\"async\" width=\"113\" height=\"150\" src=\"https:\/\/virtualnimuzej.aspira.hr\/wp-content\/uploads\/2024\/07\/2-3.jpg\" class=\"attachment-thumbnail size-thumbnail\" alt=\"\" \/><\/a>\n\t\t\t<\/dt><\/dl><dl class='gallery-item'>\n\t\t\t<dt class='gallery-icon portrait'>\n\t\t\t\t<a data-rel=\"iLightbox[postimages]\" data-title=\"3\" data-caption=\"\" href='https:\/\/virtualnimuzej.aspira.hr\/es\/3-47-2\/'><img decoding=\"async\" width=\"113\" height=\"150\" src=\"https:\/\/virtualnimuzej.aspira.hr\/wp-content\/uploads\/2024\/07\/3-3.jpg\" class=\"attachment-thumbnail size-thumbnail\" alt=\"\" \/><\/a>\n\t\t\t<\/dt><\/dl><br style=\"clear: both\" \/>\n\t\t<\/div>\n\n<p>Lidia escribi\u00f3 una historia emotiva sobre su padre con motivo del D\u00eda del Padre:<\/p>\n<p>&nbsp;<\/p>\n<p><strong>Que poder escribir en memoria de un padre.. un gran padre en el d\u00eda del padre en Argentina<\/strong><\/p>\n<p>Tu historia comienza en Bosanski Brod, naciste un 22-09-26, te llamaron Nikola, para los tuyos Nikica, para los Argentinos Nino, sos el mayor de cuatro hermanos, tus padres Baltazar que fue el mayor de cinco hermanos y que tu padre qued\u00f3 sin mam\u00e1 tan solo a los ocho a\u00f1os y tu madre Marija era joven, alegre, que cautiv\u00f3 a mi abuelo en una visita corta a unos amigos de la familia en el pueblo, que fue amor a primera vista, que cuando regres\u00f3 tu mam\u00e1 a Vlasenica, tu pap\u00e1 organiz\u00f3 la boda y la fue a buscar a los cuatro meses para pedir su mano y se casaron casi a escondidas del pueblo porque ella estaba comprometida con otro&#8230;y que el pueblo lloraba por ella porque era muy hermosa, que necesitaron custodia para salir del pueblo, porque no la dejaban ir\u2026. que se llevaban varios a\u00f1os de diferencia, que me lo hiciste saber, cuando yo dije una vez que no puede existir el amor entre dos personas con 20 a\u00f1os de diferencia y menos el amor a primera vista\u2026. Y que me contestaste que \u00a1entonces no conoces la historia de los abuelos!\u2026 y no\u2026 mucho no habl\u00e1s de ellos\u2026.<\/p>\n<p>Despu\u00e9s de mas grande puedo entender, las veces que te encontr\u00e9 llorando, solo y que me dec\u00edas&#8230;que no le cuente a mam\u00e1, que escrib\u00edas muchas cartas a tu mam\u00e1, me decias \u201ctvoja baka Marija\u201d, que no la conoc\u00e9s porque vive lejos, pero tiene un coraz\u00f3n de oro y a tus hermanas que son un sol y de tu hermano que es muy inteligente que el pudo seguir estudiando y va ser un muy abogado\u2026. despues de llorar\u2026 te parabas y dec\u00edas \u2026 bueno \u2026 a seguir ya estaremos mejor&#8230; para poder viajar y verlos hace falta mucho dinero y yo solo soy un carpintero, por ahora es solo, escribir y recibir las cartas. Pero, que podemos escribir? todo lo que nos sucede en una, con suerte dos hojas y no preocupar al que est\u00e1 del otro lado. Siempre se dec\u00eda que estabamos bien, bien de salud, los chicos creciendo\u2026.<\/p>\n<p>Con alegr\u00eda recuerdo, a mi hermana Mary decirme que le pudo comprar el pasaje a\u00e9reo para los dos (mam\u00e1 y pap\u00e1) a\u00f1o 1995, sab\u00e9s que Baka Marija ima svoj 80 rodendan\u201d 4 de Mayo y va a tener una sorpresa va a llegar su hijo despu\u00e9s de 40 a\u00f1os, sab\u00e9s lo que va ser eso, hermoso!!!. Yo no tomaba dimensi\u00f3n de lo que eso significaba, organizaba todos los regalos que ten\u00edan que llevar, les dec\u00eda, no lloren, aprovechen todo lo que puedan, abrazalos a todos, disfruten.<\/p>\n<p>La verdad que no se, pobres padres como hicieron todo eso, lo superaron, estuvieron dos meses\u2026 volvieron y yo dec\u00eda que eran otras personas\u2026 cada uno con su perspectiva, pap\u00e1 volvi\u00f3 mas enamorado de su Croacia, pap\u00e1 hab\u00eda vuelto a encontrar a su primer amor que hab\u00eda dejado a los 17 a\u00f1os y he visto a mi madre celosa por primera vez\u2026. me re\u00eda, parec\u00edan dos chicos y ten\u00edan casi 60 a\u00f1os\u2026.<\/p>\n<p>Pap\u00e1 comenzaba a llorar nuevamente, dec\u00eda y ahora que pasa, es que no se como hacer para volvernos a Bosanski Brod, yo quiero estar all\u00e1, pero dije que pasa\u2026.si reci\u00e9n volviste, porque te queres ir? Es otra vida alla\u2026 pudistes hablar con la abuela Marija?\u2026 si hija habl\u00e9, le ped\u00ed perd\u00f3n por romper ese cuadro del Rey Pedro II, que se me escap\u00f3 una piedra jugando con una gomera, yo era travieso hija, era la secundaria y el director por darme una lecci\u00f3n le dijo a mi padre que me cambiara de escuela y me enviaron a la mejor escuela de Franciscanos Croatas en Visoko pero era un internado y yo no quer\u00eda ir, yo quer\u00eda estar cerca de la familia y la secundaria no estaba cerca y me enoj\u00e9 con mi padre o sea tu abuelo, no lo perdon\u00e9 nunca y cuando termin\u00e9 la secundaria hab\u00eda comenzado la II Guerra Mundial, yo falsifique la firma de tu abuelo y me alist\u00e9 voluntariamente a la Marina Croata para ser oficial, hija sin saber lo que se ven\u00eda en el mundo&#8230; me ceg\u00f3 el enojo y con 17 a\u00f1os solo me fui, viaj\u00e9 a Sisak, despu\u00e9s hablando con mi madre cuando viaj\u00e9, me enter\u00e9 que mi padre me busc\u00f3 por todos lados, pregunt\u00f3 a quien conociera para poder sacarlo de la Marina, pero a mi ya me hab\u00edan dado la instrucci\u00f3n marina en Bremen, Alemania y despu\u00e9s me alistaron en los buques y ah\u00ed nomas ca\u00edmos presos pon los brit\u00e1nicos, despu\u00e9s de mucho tiempo pude llegar a Italia y desde G\u00e9nova el primer barco que sali\u00f3 era para la Argentina, as\u00ed hija llegue solo y sin nada a la Argentina.<\/p>\n<p>Que pod\u00eda hablar en ese momento, si no abrazarlo y llorar juntos, ahora entend\u00e9s hija\u2026.el abuelo, mi padre.. me busc\u00f3, pregunt\u00f3 a todos si estaba o alguien me hab\u00eda visto en el Krisni Put de Bleigburg, y todos se alegraron saber de mi por una carta que pude enviar en cuanto llegu\u00e9 a la Argentina, pero pensaron que yo iba a poder volver r\u00e1pido, pero yo al llegar al Hotel Inmigrante y darme un lugar para dormir fue en el Barrio N.\u00ba 1 cerca Ezeiza, trabaj\u00e9 junt\u00e9 dinero, para volverme, pero me robaron el bolso del dinero y me qued\u00e9 sin nada, as\u00ed fue que conoc\u00ed a la familia de tu madre que supieron lo que me hab\u00eda sucedido y el padre de tu madre, me di\u00f3 un lugar donde ellos alquilaban para poder dormir y as\u00ed fue que llegu\u00e9 a Ezeiza y al tiempo me cas\u00e9 con tu madre y nunca mas volv\u00ed a Croacia.<\/p>\n<p>Hija\u2026.te pido nunca est\u00e9s enojada conmigo, sea lo que sea siempre voy a estar cerca.<\/p>\n<p>Lo \u00fanico que se hija es trabajar y darte un estudio, vos siempre estudi\u00e1 as\u00ed no tenes que depender de nadie y puedas hacer todo lo que vos quieras\u2026.<\/p>\n<p>Manifestaci\u00f3n que hab\u00eda en Buenos Aires, ellos iban, a pedir por la Independencia de Croacia, sabes hija lo que significa que un pa\u00eds sea libre.. podes profesar tu fe, pod\u00e9s entrar a la iglesia cat\u00f3lica y nadie te reprocha nada, ser libre.<\/p>\n<p>Aunque Bosanski Brod ya no era lo mismo, la familia tuvo que abandonar su casa y parte de la familia se radic\u00f3 en Slavonski Brod, los que pudieron, pero se llev\u00f3 la vida de su madre (baka Marija), una hermana (Ljerka) y una sobrina (Inga), pero a pesar de todo lo malo, en 1998 pudieron viajar mi padre y mi hermana a un casamiento de mi primo en el mes de septiembre y al volver a la Argentina he visto esa misma luz en sus ojos llorosos de mi padre, hab\u00eda mucha vida en sus ojos, hija como me gustar\u00eda mostrarte lo que es Croacia, es hermosa hija, su gente, su cultura, ojal\u00e1 podamos ir algun d\u00eda hija\u2026.<\/p>\n<p>Mi t\u00edo Anto (hermano de pap\u00e1) como pap\u00e1 lo llamaba y si no era Slavko, lleg\u00f3 a ser un excelente Abogado profesor- acad\u00e9mico de la Univ. De Zagreb, Osijek, escritor e historiador, es me envi\u00f3 un libro con todas las historias que la t\u00eda le iba contando, las vivencias y el iba anotando y su t\u00edtulo es \u201cSava i dalje mirno tece..\u201d me lleg\u00f3 en el a\u00f1o 2008.<\/p>\n<p>Ya no estabas, te fuiste un 1 de marzo de 2006 pero la familia te sigue recordando tanto en Croacia, en Zurich, en Canad\u00e1, en Zenica, como en Argentina, el Padre Jozo me habl\u00f3 lindo de vos.<\/p>\n<p>Tu otra hija esta contigo junto con mam\u00e1, muchas veces te siento que est\u00e1s cerca, espero que no trabajes tanto, te sigo recordando tu voz, tus abrazos, trato de guardar todas las cartas, fotos que guardabas de tu amada Croacia, fotos de cuando eras jovencito, hermoso, muy guapo, trato de mantener la historia Croata, haciendo las comidas, tratando de aprender mas cada d\u00eda tu idioma, que la verdad cuesta much\u00edsimo, me arrepiento de haberte corregido tantas veces alguna palabra que no la pronunciabas correctamente y v\u00eda whatsapp aprovechando que ahora es m\u00e1s f\u00e1cil la comunicaci\u00f3n, estar mas conectados y observando tambi\u00e9n los cambios que hay se producen tambi\u00e9n en Croacia.<\/p>\n<p>Solo escribo para darte las gracias eternas de todo lo aprendido, lo lindo que nos criaste, lo que amabas a la familia y que nunca olvidaste tu eterno amor por Croacia y por nosotros Zivili<\/p>\n<p>\u201cSretan dan Tata\u201d Volim te puno puno, tvoja kci Lidija<\/p>\n<p>Saludos a todos los padres en el d\u00eda del Padre en la Argentina, que tengan un muy bendecido d\u00eda, que Dios los gu\u00ede y los cuide . Un abrazo grande a todos\u00a0 \u00a0para que la familia siga unida!!<\/p>\n<p>&nbsp;<\/p>\n<p>Lidia Milusic, Ezeiza, Buenos Aires<\/p>\n<p>&nbsp;<\/p>\n<p><img decoding=\"async\" class=\"alignnone size-full wp-image-14050\" src=\"https:\/\/virtualnimuzej.aspira.hr\/wp-content\/uploads\/2024\/07\/slike-od-tata-vijencanje-mlad-s-mamon-moj-ples.jpg\" alt=\"\" width=\"4000\" height=\"3000\" \/><\/p>\n<p>Fotos de Nikola Milusic<\/p>\n<p>&nbsp;<\/p>\n<p>Cedula de identidad de Nikola Milusic:<\/p>\n\n\t\t<style type=\"text\/css\">\n\t\t\t#gallery-2 {\n\t\t\t\tmargin: auto;\n\t\t\t}\n\t\t\t#gallery-2 .gallery-item {\n\t\t\t\tfloat: left;\n\t\t\t\tmargin-top: 10px;\n\t\t\t\ttext-align: center;\n\t\t\t\twidth: 33%;\n\t\t\t}\n\t\t\t#gallery-2 img {\n\t\t\t\tborder: 2px solid #cfcfcf;\n\t\t\t}\n\t\t\t#gallery-2 .gallery-caption {\n\t\t\t\tmargin-left: 0;\n\t\t\t}\n\t\t\t\/* see gallery_shortcode() in wp-includes\/media.php *\/\n\t\t<\/style>\n\t\t<div id='gallery-2' class='gallery galleryid-12325 gallery-columns-3 gallery-size-thumbnail'><dl class='gallery-item'>\n\t\t\t<dt class='gallery-icon portrait'>\n\t\t\t\t<a data-rel=\"iLightbox[postimages]\" data-title=\"Osobna Knjizica- Marinero_page-0001\" data-caption=\"\" href='https:\/\/virtualnimuzej.aspira.hr\/es\/12325\/osobna-knjizica-marinero_page-0001\/'><img decoding=\"async\" width=\"150\" height=\"150\" src=\"https:\/\/virtualnimuzej.aspira.hr\/wp-content\/uploads\/2024\/07\/Osobna-Knjizica-Marinero_page-0001.jpg\" class=\"attachment-thumbnail size-thumbnail\" alt=\"\" \/><\/a>\n\t\t\t<\/dt><\/dl><dl class='gallery-item'>\n\t\t\t<dt class='gallery-icon landscape'>\n\t\t\t\t<a data-rel=\"iLightbox[postimages]\" data-title=\"Osobna Knjizica- Marinero_page-0002\" data-caption=\"\" href='https:\/\/virtualnimuzej.aspira.hr\/es\/12325\/osobna-knjizica-marinero_page-0002\/'><img decoding=\"async\" width=\"150\" height=\"144\" src=\"https:\/\/virtualnimuzej.aspira.hr\/wp-content\/uploads\/2024\/07\/Osobna-Knjizica-Marinero_page-0002.jpg\" class=\"attachment-thumbnail size-thumbnail\" alt=\"\" \/><\/a>\n\t\t\t<\/dt><\/dl><dl class='gallery-item'>\n\t\t\t<dt class='gallery-icon landscape'>\n\t\t\t\t<a data-rel=\"iLightbox[postimages]\" data-title=\"Osobna Knjizica- Marinero_page-0003\" data-caption=\"\" href='https:\/\/virtualnimuzej.aspira.hr\/es\/12325\/osobna-knjizica-marinero_page-0003\/'><img decoding=\"async\" width=\"150\" height=\"136\" src=\"https:\/\/virtualnimuzej.aspira.hr\/wp-content\/uploads\/2024\/07\/Osobna-Knjizica-Marinero_page-0003.jpg\" class=\"attachment-thumbnail size-thumbnail\" alt=\"\" \/><\/a>\n\t\t\t<\/dt><\/dl><br style=\"clear: both\" \/>\n\t\t<\/div>\n\n\n\t\t<style type=\"text\/css\">\n\t\t\t#gallery-3 {\n\t\t\t\tmargin: auto;\n\t\t\t}\n\t\t\t#gallery-3 .gallery-item {\n\t\t\t\tfloat: left;\n\t\t\t\tmargin-top: 10px;\n\t\t\t\ttext-align: center;\n\t\t\t\twidth: 33%;\n\t\t\t}\n\t\t\t#gallery-3 img {\n\t\t\t\tborder: 2px solid #cfcfcf;\n\t\t\t}\n\t\t\t#gallery-3 .gallery-caption {\n\t\t\t\tmargin-left: 0;\n\t\t\t}\n\t\t\t\/* see gallery_shortcode() in wp-includes\/media.php *\/\n\t\t<\/style>\n\t\t<div id='gallery-3' class='gallery galleryid-12325 gallery-columns-3 gallery-size-thumbnail'><dl class='gallery-item'>\n\t\t\t<dt class='gallery-icon landscape'>\n\t\t\t\t<a data-rel=\"iLightbox[postimages]\" data-title=\"Osobna Knjizica- Marinero_page-0004\" data-caption=\"\" href='https:\/\/virtualnimuzej.aspira.hr\/es\/12325\/osobna-knjizica-marinero_page-0004\/'><img decoding=\"async\" width=\"150\" height=\"134\" src=\"https:\/\/virtualnimuzej.aspira.hr\/wp-content\/uploads\/2024\/07\/Osobna-Knjizica-Marinero_page-0004.jpg\" class=\"attachment-thumbnail size-thumbnail\" alt=\"\" \/><\/a>\n\t\t\t<\/dt><\/dl><dl class='gallery-item'>\n\t\t\t<dt class='gallery-icon landscape'>\n\t\t\t\t<a data-rel=\"iLightbox[postimages]\" data-title=\"Osobna Knjizica- Marinero_page-0005\" data-caption=\"\" href='https:\/\/virtualnimuzej.aspira.hr\/es\/12325\/osobna-knjizica-marinero_page-0005\/'><img decoding=\"async\" width=\"150\" height=\"140\" src=\"https:\/\/virtualnimuzej.aspira.hr\/wp-content\/uploads\/2024\/07\/Osobna-Knjizica-Marinero_page-0005.jpg\" class=\"attachment-thumbnail size-thumbnail\" alt=\"\" \/><\/a>\n\t\t\t<\/dt><\/dl><dl class='gallery-item'>\n\t\t\t<dt class='gallery-icon landscape'>\n\t\t\t\t<a data-rel=\"iLightbox[postimages]\" data-title=\"Osobna Knjizica- Marinero_page-0006\" data-caption=\"\" href='https:\/\/virtualnimuzej.aspira.hr\/es\/12325\/osobna-knjizica-marinero_page-0006\/'><img decoding=\"async\" width=\"150\" height=\"150\" src=\"https:\/\/virtualnimuzej.aspira.hr\/wp-content\/uploads\/2024\/07\/Osobna-Knjizica-Marinero_page-0006.jpg\" class=\"attachment-thumbnail size-thumbnail\" alt=\"\" \/><\/a>\n\t\t\t<\/dt><\/dl><br style=\"clear: both\" \/>\n\t\t<\/div>\n\n\n\t\t<style type=\"text\/css\">\n\t\t\t#gallery-4 {\n\t\t\t\tmargin: auto;\n\t\t\t}\n\t\t\t#gallery-4 .gallery-item {\n\t\t\t\tfloat: left;\n\t\t\t\tmargin-top: 10px;\n\t\t\t\ttext-align: center;\n\t\t\t\twidth: 33%;\n\t\t\t}\n\t\t\t#gallery-4 img {\n\t\t\t\tborder: 2px solid #cfcfcf;\n\t\t\t}\n\t\t\t#gallery-4 .gallery-caption {\n\t\t\t\tmargin-left: 0;\n\t\t\t}\n\t\t\t\/* see gallery_shortcode() in wp-includes\/media.php *\/\n\t\t<\/style>\n\t\t<div id='gallery-4' class='gallery galleryid-12325 gallery-columns-3 gallery-size-thumbnail'><dl class='gallery-item'>\n\t\t\t<dt class='gallery-icon portrait'>\n\t\t\t\t<a data-rel=\"iLightbox[postimages]\" data-title=\"Osobna Knjizica- Marinero_page-0007\" data-caption=\"\" href='https:\/\/virtualnimuzej.aspira.hr\/es\/12325\/osobna-knjizica-marinero_page-0007\/'><img decoding=\"async\" width=\"143\" height=\"150\" src=\"https:\/\/virtualnimuzej.aspira.hr\/wp-content\/uploads\/2024\/07\/Osobna-Knjizica-Marinero_page-0007.jpg\" class=\"attachment-thumbnail size-thumbnail\" alt=\"\" \/><\/a>\n\t\t\t<\/dt><\/dl><dl class='gallery-item'>\n\t\t\t<dt class='gallery-icon landscape'>\n\t\t\t\t<a data-rel=\"iLightbox[postimages]\" data-title=\"Osobna Knjizica- Marinero_page-0008\" data-caption=\"\" href='https:\/\/virtualnimuzej.aspira.hr\/es\/12325\/osobna-knjizica-marinero_page-0008\/'><img decoding=\"async\" width=\"150\" height=\"140\" src=\"https:\/\/virtualnimuzej.aspira.hr\/wp-content\/uploads\/2024\/07\/Osobna-Knjizica-Marinero_page-0008.jpg\" class=\"attachment-thumbnail size-thumbnail\" alt=\"\" \/><\/a>\n\t\t\t<\/dt><\/dl><dl class='gallery-item'>\n\t\t\t<dt class='gallery-icon portrait'>\n\t\t\t\t<a data-rel=\"iLightbox[postimages]\" data-title=\"Osobna Knjizica- Marinero_page-0009\" data-caption=\"\" href='https:\/\/virtualnimuzej.aspira.hr\/es\/12325\/osobna-knjizica-marinero_page-0009\/'><img decoding=\"async\" width=\"150\" height=\"150\" src=\"https:\/\/virtualnimuzej.aspira.hr\/wp-content\/uploads\/2024\/07\/Osobna-Knjizica-Marinero_page-0009.jpg\" class=\"attachment-thumbnail size-thumbnail\" alt=\"\" \/><\/a>\n\t\t\t<\/dt><\/dl><br style=\"clear: both\" \/>\n\t\t<\/div>\n\n<p><img decoding=\"async\" class=\"alignnone size-full wp-image-14118\" src=\"https:\/\/virtualnimuzej.aspira.hr\/wp-content\/uploads\/2024\/07\/Osobna-Knjizica-Marinero_page-0010.jpg\" alt=\"\" width=\"797\" height=\"800\" \/><\/p>\n<p>&nbsp;<\/p>\n<p>&#8212;&#8212;&#8212;&#8212;&#8212;&#8212;&#8212;&#8212;&#8212;&#8211;<\/p>\n<p>&nbsp;<\/p>\n<p>&nbsp;<\/p>\n\n\t\t<style type=\"text\/css\">\n\t\t\t#gallery-5 {\n\t\t\t\tmargin: auto;\n\t\t\t}\n\t\t\t#gallery-5 .gallery-item {\n\t\t\t\tfloat: left;\n\t\t\t\tmargin-top: 10px;\n\t\t\t\ttext-align: center;\n\t\t\t\twidth: 33%;\n\t\t\t}\n\t\t\t#gallery-5 img {\n\t\t\t\tborder: 2px solid #cfcfcf;\n\t\t\t}\n\t\t\t#gallery-5 .gallery-caption {\n\t\t\t\tmargin-left: 0;\n\t\t\t}\n\t\t\t\/* see gallery_shortcode() in wp-includes\/media.php *\/\n\t\t<\/style>\n\t\t<div id='gallery-5' class='gallery galleryid-12325 gallery-columns-3 gallery-size-thumbnail'><dl class='gallery-item'>\n\t\t\t<dt class='gallery-icon portrait'>\n\t\t\t\t<a data-rel=\"iLightbox[postimages]\" data-title=\"dedicatorias libros notas_page-0001\" data-caption=\"\" href='https:\/\/virtualnimuzej.aspira.hr\/es\/dedicatorias-libros-notas_page-0001-2\/'><img decoding=\"async\" width=\"106\" height=\"150\" src=\"https:\/\/virtualnimuzej.aspira.hr\/wp-content\/uploads\/2024\/07\/dedicatorias-libros-notas_page-0001.jpg\" class=\"attachment-thumbnail size-thumbnail\" alt=\"\" \/><\/a>\n\t\t\t<\/dt><\/dl><dl class='gallery-item'>\n\t\t\t<dt class='gallery-icon portrait'>\n\t\t\t\t<a data-rel=\"iLightbox[postimages]\" data-title=\"dedicatorias libros notas_page-0002\" data-caption=\"\" href='https:\/\/virtualnimuzej.aspira.hr\/es\/dedicatorias-libros-notas_page-0002-2\/'><img decoding=\"async\" width=\"106\" height=\"150\" src=\"https:\/\/virtualnimuzej.aspira.hr\/wp-content\/uploads\/2024\/07\/dedicatorias-libros-notas_page-0002.jpg\" class=\"attachment-thumbnail size-thumbnail\" alt=\"\" \/><\/a>\n\t\t\t<\/dt><\/dl><dl class='gallery-item'>\n\t\t\t<dt class='gallery-icon portrait'>\n\t\t\t\t<a data-rel=\"iLightbox[postimages]\" data-title=\"dedicatorias libros notas_page-0003\" data-caption=\"\" href='https:\/\/virtualnimuzej.aspira.hr\/es\/dedicatorias-libros-notas_page-0003-2\/'><img decoding=\"async\" width=\"106\" height=\"150\" src=\"https:\/\/virtualnimuzej.aspira.hr\/wp-content\/uploads\/2024\/07\/dedicatorias-libros-notas_page-0003.jpg\" class=\"attachment-thumbnail size-thumbnail\" alt=\"\" \/><\/a>\n\t\t\t<\/dt><\/dl><br style=\"clear: both\" \/>\n\t\t<\/div>\n\n<p>&nbsp;<\/p>\n\n\t\t<style type=\"text\/css\">\n\t\t\t#gallery-6 {\n\t\t\t\tmargin: auto;\n\t\t\t}\n\t\t\t#gallery-6 .gallery-item {\n\t\t\t\tfloat: left;\n\t\t\t\tmargin-top: 10px;\n\t\t\t\ttext-align: center;\n\t\t\t\twidth: 33%;\n\t\t\t}\n\t\t\t#gallery-6 img {\n\t\t\t\tborder: 2px solid #cfcfcf;\n\t\t\t}\n\t\t\t#gallery-6 .gallery-caption {\n\t\t\t\tmargin-left: 0;\n\t\t\t}\n\t\t\t\/* see gallery_shortcode() in wp-includes\/media.php *\/\n\t\t<\/style>\n\t\t<div id='gallery-6' class='gallery galleryid-12325 gallery-columns-3 gallery-size-thumbnail'><dl class='gallery-item'>\n\t\t\t<dt class='gallery-icon portrait'>\n\t\t\t\t<a data-rel=\"iLightbox[postimages]\" data-title=\"dedicatorias libros notas_page-0004\" data-caption=\"\" href='https:\/\/virtualnimuzej.aspira.hr\/es\/dedicatorias-libros-notas_page-0004-2\/'><img decoding=\"async\" width=\"106\" height=\"150\" src=\"https:\/\/virtualnimuzej.aspira.hr\/wp-content\/uploads\/2024\/07\/dedicatorias-libros-notas_page-0004.jpg\" class=\"attachment-thumbnail size-thumbnail\" alt=\"\" \/><\/a>\n\t\t\t<\/dt><\/dl><dl class='gallery-item'>\n\t\t\t<dt class='gallery-icon portrait'>\n\t\t\t\t<a data-rel=\"iLightbox[postimages]\" data-title=\"dedicatorias libros notas_page-0005\" data-caption=\"\" href='https:\/\/virtualnimuzej.aspira.hr\/es\/dedicatorias-libros-notas_page-0005-2\/'><img decoding=\"async\" width=\"106\" height=\"150\" src=\"https:\/\/virtualnimuzej.aspira.hr\/wp-content\/uploads\/2024\/07\/dedicatorias-libros-notas_page-0005.jpg\" class=\"attachment-thumbnail size-thumbnail\" alt=\"\" \/><\/a>\n\t\t\t<\/dt><\/dl><dl class='gallery-item'>\n\t\t\t<dt class='gallery-icon portrait'>\n\t\t\t\t<a data-rel=\"iLightbox[postimages]\" data-title=\"dedicatorias libros notas_page-0006\" data-caption=\"\" href='https:\/\/virtualnimuzej.aspira.hr\/es\/dedicatorias-libros-notas_page-0006-2\/'><img decoding=\"async\" width=\"106\" height=\"150\" src=\"https:\/\/virtualnimuzej.aspira.hr\/wp-content\/uploads\/2024\/07\/dedicatorias-libros-notas_page-0006.jpg\" class=\"attachment-thumbnail size-thumbnail\" alt=\"\" \/><\/a>\n\t\t\t<\/dt><\/dl><br style=\"clear: both\" \/>\n\t\t<\/div>\n\n\n\t\t<style type=\"text\/css\">\n\t\t\t#gallery-7 {\n\t\t\t\tmargin: auto;\n\t\t\t}\n\t\t\t#gallery-7 .gallery-item {\n\t\t\t\tfloat: left;\n\t\t\t\tmargin-top: 10px;\n\t\t\t\ttext-align: center;\n\t\t\t\twidth: 33%;\n\t\t\t}\n\t\t\t#gallery-7 img {\n\t\t\t\tborder: 2px solid #cfcfcf;\n\t\t\t}\n\t\t\t#gallery-7 .gallery-caption {\n\t\t\t\tmargin-left: 0;\n\t\t\t}\n\t\t\t\/* see gallery_shortcode() in wp-includes\/media.php *\/\n\t\t<\/style>\n\t\t<div id='gallery-7' class='gallery galleryid-12325 gallery-columns-3 gallery-size-thumbnail'><dl class='gallery-item'>\n\t\t\t<dt class='gallery-icon portrait'>\n\t\t\t\t<a data-rel=\"iLightbox[postimages]\" data-title=\"dedicatorias libros notas_page-0007\" data-caption=\"\" href='https:\/\/virtualnimuzej.aspira.hr\/es\/dedicatorias-libros-notas_page-0007-2\/'><img decoding=\"async\" width=\"106\" height=\"150\" src=\"https:\/\/virtualnimuzej.aspira.hr\/wp-content\/uploads\/2024\/07\/dedicatorias-libros-notas_page-0007.jpg\" class=\"attachment-thumbnail size-thumbnail\" alt=\"\" \/><\/a>\n\t\t\t<\/dt><\/dl><dl class='gallery-item'>\n\t\t\t<dt class='gallery-icon portrait'>\n\t\t\t\t<a data-rel=\"iLightbox[postimages]\" data-title=\"dedicatorias libros notas_page-0008\" data-caption=\"\" href='https:\/\/virtualnimuzej.aspira.hr\/es\/dedicatorias-libros-notas_page-0008-2\/'><img decoding=\"async\" width=\"106\" height=\"150\" src=\"https:\/\/virtualnimuzej.aspira.hr\/wp-content\/uploads\/2024\/07\/dedicatorias-libros-notas_page-0008.jpg\" class=\"attachment-thumbnail size-thumbnail\" alt=\"\" \/><\/a>\n\t\t\t<\/dt><\/dl><dl class='gallery-item'>\n\t\t\t<dt class='gallery-icon portrait'>\n\t\t\t\t<a data-rel=\"iLightbox[postimages]\" data-title=\"dedicatorias libros notas_page-0009\" data-caption=\"\" href='https:\/\/virtualnimuzej.aspira.hr\/es\/dedicatorias-libros-notas_page-0009-2\/'><img decoding=\"async\" width=\"106\" height=\"150\" src=\"https:\/\/virtualnimuzej.aspira.hr\/wp-content\/uploads\/2024\/07\/dedicatorias-libros-notas_page-0009.jpg\" class=\"attachment-thumbnail size-thumbnail\" alt=\"\" \/><\/a>\n\t\t\t<\/dt><\/dl><br style=\"clear: both\" \/>\n\t\t<\/div>\n\n\n\t\t<style type=\"text\/css\">\n\t\t\t#gallery-8 {\n\t\t\t\tmargin: auto;\n\t\t\t}\n\t\t\t#gallery-8 .gallery-item {\n\t\t\t\tfloat: left;\n\t\t\t\tmargin-top: 10px;\n\t\t\t\ttext-align: center;\n\t\t\t\twidth: 33%;\n\t\t\t}\n\t\t\t#gallery-8 img {\n\t\t\t\tborder: 2px solid #cfcfcf;\n\t\t\t}\n\t\t\t#gallery-8 .gallery-caption {\n\t\t\t\tmargin-left: 0;\n\t\t\t}\n\t\t\t\/* see gallery_shortcode() in wp-includes\/media.php *\/\n\t\t<\/style>\n\t\t<div id='gallery-8' class='gallery galleryid-12325 gallery-columns-3 gallery-size-thumbnail'><dl class='gallery-item'>\n\t\t\t<dt class='gallery-icon portrait'>\n\t\t\t\t<a data-rel=\"iLightbox[postimages]\" data-title=\"dedicatorias libros notas_page-0010\" data-caption=\"\" href='https:\/\/virtualnimuzej.aspira.hr\/es\/dedicatorias-libros-notas_page-0010-2\/'><img decoding=\"async\" width=\"106\" height=\"150\" src=\"https:\/\/virtualnimuzej.aspira.hr\/wp-content\/uploads\/2024\/07\/dedicatorias-libros-notas_page-0010.jpg\" class=\"attachment-thumbnail size-thumbnail\" alt=\"\" \/><\/a>\n\t\t\t<\/dt><\/dl><dl class='gallery-item'>\n\t\t\t<dt class='gallery-icon landscape'>\n\t\t\t\t<a data-rel=\"iLightbox[postimages]\" data-title=\"dedicatorias libros notas_page-0011\" data-caption=\"\" href='https:\/\/virtualnimuzej.aspira.hr\/es\/dedicatorias-libros-notas_page-0011-2\/'><img decoding=\"async\" width=\"150\" height=\"106\" src=\"https:\/\/virtualnimuzej.aspira.hr\/wp-content\/uploads\/2024\/07\/dedicatorias-libros-notas_page-0011.jpg\" class=\"attachment-thumbnail size-thumbnail\" alt=\"\" \/><\/a>\n\t\t\t<\/dt><\/dl><dl class='gallery-item'>\n\t\t\t<dt class='gallery-icon landscape'>\n\t\t\t\t<a data-rel=\"iLightbox[postimages]\" data-title=\"dedicatorias libros notas_page-0012\" data-caption=\"\" href='https:\/\/virtualnimuzej.aspira.hr\/es\/dedicatorias-libros-notas_page-0012-2\/'><img decoding=\"async\" width=\"150\" height=\"106\" src=\"https:\/\/virtualnimuzej.aspira.hr\/wp-content\/uploads\/2024\/07\/dedicatorias-libros-notas_page-0012.jpg\" class=\"attachment-thumbnail size-thumbnail\" alt=\"\" \/><\/a>\n\t\t\t<\/dt><\/dl><br style=\"clear: both\" \/>\n\t\t<\/div>\n\n<p><img decoding=\"async\" class=\"alignnone size-full wp-image-14089\" src=\"https:\/\/virtualnimuzej.aspira.hr\/wp-content\/uploads\/2024\/07\/dedicatorias-libros-notas_page-0013.jpg\" alt=\"\" width=\"1240\" height=\"1753\" \/><\/p>\n<p>&#8212;&#8212;&#8212;&#8212;&#8212;&#8212;&#8212;&#8212;&#8212;&#8212;&#8212;&#8212;&#8212;&#8212;&#8212;&#8212;-<\/p>\n<p>&nbsp;<\/p>\n\n\t\t<style type=\"text\/css\">\n\t\t\t#gallery-9 {\n\t\t\t\tmargin: auto;\n\t\t\t}\n\t\t\t#gallery-9 .gallery-item {\n\t\t\t\tfloat: left;\n\t\t\t\tmargin-top: 10px;\n\t\t\t\ttext-align: center;\n\t\t\t\twidth: 33%;\n\t\t\t}\n\t\t\t#gallery-9 img {\n\t\t\t\tborder: 2px solid #cfcfcf;\n\t\t\t}\n\t\t\t#gallery-9 .gallery-caption {\n\t\t\t\tmargin-left: 0;\n\t\t\t}\n\t\t\t\/* see gallery_shortcode() in wp-includes\/media.php *\/\n\t\t<\/style>\n\t\t<div id='gallery-9' class='gallery galleryid-12325 gallery-columns-3 gallery-size-thumbnail'><dl class='gallery-item'>\n\t\t\t<dt class='gallery-icon portrait'>\n\t\t\t\t<a data-rel=\"iLightbox[postimages]\" data-title=\"Pismo tata Enero1985_page-0001\" data-caption=\"\" href='https:\/\/virtualnimuzej.aspira.hr\/es\/pismo-tata-enero1985_page-0001-2\/'><img decoding=\"async\" width=\"122\" height=\"150\" src=\"https:\/\/virtualnimuzej.aspira.hr\/wp-content\/uploads\/2024\/07\/Pismo-tata-Enero1985_page-0001.jpg\" class=\"attachment-thumbnail size-thumbnail\" alt=\"\" \/><\/a>\n\t\t\t<\/dt><\/dl><dl class='gallery-item'>\n\t\t\t<dt class='gallery-icon portrait'>\n\t\t\t\t<a data-rel=\"iLightbox[postimages]\" data-title=\"Pismo tata Enero1985_page-0002\" data-caption=\"\" href='https:\/\/virtualnimuzej.aspira.hr\/es\/pismo-tata-enero1985_page-0002-2\/'><img decoding=\"async\" width=\"119\" height=\"150\" src=\"https:\/\/virtualnimuzej.aspira.hr\/wp-content\/uploads\/2024\/07\/Pismo-tata-Enero1985_page-0002.jpg\" class=\"attachment-thumbnail size-thumbnail\" alt=\"\" \/><\/a>\n\t\t\t<\/dt><\/dl><dl class='gallery-item'>\n\t\t\t<dt class='gallery-icon portrait'>\n\t\t\t\t<a data-rel=\"iLightbox[postimages]\" data-title=\"Pismo tata Enero1985_page-0003\" data-caption=\"\" href='https:\/\/virtualnimuzej.aspira.hr\/es\/pismo-tata-enero1985_page-0003-2\/'><img decoding=\"async\" width=\"121\" height=\"150\" src=\"https:\/\/virtualnimuzej.aspira.hr\/wp-content\/uploads\/2024\/07\/Pismo-tata-Enero1985_page-0003.jpg\" class=\"attachment-thumbnail size-thumbnail\" alt=\"\" \/><\/a>\n\t\t\t<\/dt><\/dl><br style=\"clear: both\" \/>\n\t\t<\/div>\n\n<p>&nbsp;<\/p>\n\n\t\t<style type=\"text\/css\">\n\t\t\t#gallery-10 {\n\t\t\t\tmargin: auto;\n\t\t\t}\n\t\t\t#gallery-10 .gallery-item {\n\t\t\t\tfloat: left;\n\t\t\t\tmargin-top: 10px;\n\t\t\t\ttext-align: center;\n\t\t\t\twidth: 33%;\n\t\t\t}\n\t\t\t#gallery-10 img {\n\t\t\t\tborder: 2px solid #cfcfcf;\n\t\t\t}\n\t\t\t#gallery-10 .gallery-caption {\n\t\t\t\tmargin-left: 0;\n\t\t\t}\n\t\t\t\/* see gallery_shortcode() in wp-includes\/media.php *\/\n\t\t<\/style>\n\t\t<div id='gallery-10' class='gallery galleryid-12325 gallery-columns-3 gallery-size-thumbnail'><dl class='gallery-item'>\n\t\t\t<dt class='gallery-icon portrait'>\n\t\t\t\t<a data-rel=\"iLightbox[postimages]\" data-title=\"Skola campo Fermo mama_page-0007\" data-caption=\"\" href='https:\/\/virtualnimuzej.aspira.hr\/es\/12325\/skola-campo-fermo-mama_page-0007\/'><img decoding=\"async\" width=\"106\" height=\"150\" src=\"https:\/\/virtualnimuzej.aspira.hr\/wp-content\/uploads\/2024\/07\/Skola-campo-Fermo-mama_page-0007.jpg\" class=\"attachment-thumbnail size-thumbnail\" alt=\"\" \/><\/a>\n\t\t\t<\/dt><\/dl><dl class='gallery-item'>\n\t\t\t<dt class='gallery-icon portrait'>\n\t\t\t\t<a data-rel=\"iLightbox[postimages]\" data-title=\"Skola campo Fermo mama_page-0008\" data-caption=\"\" href='https:\/\/virtualnimuzej.aspira.hr\/es\/12325\/skola-campo-fermo-mama_page-0008\/'><img decoding=\"async\" width=\"106\" height=\"150\" src=\"https:\/\/virtualnimuzej.aspira.hr\/wp-content\/uploads\/2024\/07\/Skola-campo-Fermo-mama_page-0008.jpg\" class=\"attachment-thumbnail size-thumbnail\" alt=\"\" \/><\/a>\n\t\t\t<\/dt><\/dl><dl class='gallery-item'>\n\t\t\t<dt class='gallery-icon portrait'>\n\t\t\t\t<a data-rel=\"iLightbox[postimages]\" data-title=\"Skola campo Fermo mama_page-0006\" data-caption=\"\" href='https:\/\/virtualnimuzej.aspira.hr\/es\/12325\/skola-campo-fermo-mama_page-0006\/'><img decoding=\"async\" width=\"106\" height=\"150\" src=\"https:\/\/virtualnimuzej.aspira.hr\/wp-content\/uploads\/2024\/07\/Skola-campo-Fermo-mama_page-0006.jpg\" class=\"attachment-thumbnail size-thumbnail\" alt=\"\" \/><\/a>\n\t\t\t<\/dt><\/dl><br style=\"clear: both\" \/>\n\t\t<\/div>\n\n<p>&nbsp;<\/p>\n\n\t\t<style type=\"text\/css\">\n\t\t\t#gallery-11 {\n\t\t\t\tmargin: auto;\n\t\t\t}\n\t\t\t#gallery-11 .gallery-item {\n\t\t\t\tfloat: left;\n\t\t\t\tmargin-top: 10px;\n\t\t\t\ttext-align: center;\n\t\t\t\twidth: 33%;\n\t\t\t}\n\t\t\t#gallery-11 img {\n\t\t\t\tborder: 2px solid #cfcfcf;\n\t\t\t}\n\t\t\t#gallery-11 .gallery-caption {\n\t\t\t\tmargin-left: 0;\n\t\t\t}\n\t\t\t\/* see gallery_shortcode() in wp-includes\/media.php *\/\n\t\t<\/style>\n\t\t<div id='gallery-11' class='gallery galleryid-12325 gallery-columns-3 gallery-size-thumbnail'><dl class='gallery-item'>\n\t\t\t<dt class='gallery-icon portrait'>\n\t\t\t\t<a data-rel=\"iLightbox[postimages]\" data-title=\"Skola campo Fermo mama_page-0001\" data-caption=\"\" href='https:\/\/virtualnimuzej.aspira.hr\/es\/12325\/skola-campo-fermo-mama_page-0001\/'><img decoding=\"async\" width=\"106\" height=\"150\" src=\"https:\/\/virtualnimuzej.aspira.hr\/wp-content\/uploads\/2024\/07\/Skola-campo-Fermo-mama_page-0001.jpg\" class=\"attachment-thumbnail size-thumbnail\" alt=\"\" \/><\/a>\n\t\t\t<\/dt><\/dl><dl class='gallery-item'>\n\t\t\t<dt class='gallery-icon portrait'>\n\t\t\t\t<a data-rel=\"iLightbox[postimages]\" data-title=\"Skola campo Fermo mama_page-0002\" data-caption=\"\" href='https:\/\/virtualnimuzej.aspira.hr\/es\/12325\/skola-campo-fermo-mama_page-0002\/'><img decoding=\"async\" width=\"106\" height=\"150\" src=\"https:\/\/virtualnimuzej.aspira.hr\/wp-content\/uploads\/2024\/07\/Skola-campo-Fermo-mama_page-0002.jpg\" class=\"attachment-thumbnail size-thumbnail\" alt=\"\" \/><\/a>\n\t\t\t<\/dt><\/dl><dl class='gallery-item'>\n\t\t\t<dt class='gallery-icon portrait'>\n\t\t\t\t<a data-rel=\"iLightbox[postimages]\" data-title=\"Skola campo Fermo mama_page-0003\" data-caption=\"\" href='https:\/\/virtualnimuzej.aspira.hr\/es\/12325\/skola-campo-fermo-mama_page-0003\/'><img decoding=\"async\" width=\"106\" height=\"150\" src=\"https:\/\/virtualnimuzej.aspira.hr\/wp-content\/uploads\/2024\/07\/Skola-campo-Fermo-mama_page-0003.jpg\" class=\"attachment-thumbnail size-thumbnail\" alt=\"\" \/><\/a>\n\t\t\t<\/dt><\/dl><br style=\"clear: both\" \/>\n\t\t<\/div>\n\n<p>&nbsp;<\/p>\n\n\t\t<style type=\"text\/css\">\n\t\t\t#gallery-12 {\n\t\t\t\tmargin: auto;\n\t\t\t}\n\t\t\t#gallery-12 .gallery-item {\n\t\t\t\tfloat: left;\n\t\t\t\tmargin-top: 10px;\n\t\t\t\ttext-align: center;\n\t\t\t\twidth: 33%;\n\t\t\t}\n\t\t\t#gallery-12 img {\n\t\t\t\tborder: 2px solid #cfcfcf;\n\t\t\t}\n\t\t\t#gallery-12 .gallery-caption {\n\t\t\t\tmargin-left: 0;\n\t\t\t}\n\t\t\t\/* see gallery_shortcode() in wp-includes\/media.php *\/\n\t\t<\/style>\n\t\t<div id='gallery-12' class='gallery galleryid-12325 gallery-columns-3 gallery-size-thumbnail'><dl class='gallery-item'>\n\t\t\t<dt class='gallery-icon portrait'>\n\t\t\t\t<a data-rel=\"iLightbox[postimages]\" data-title=\"Skola campo Fermo mama_page-0004\" data-caption=\"\" href='https:\/\/virtualnimuzej.aspira.hr\/es\/12325\/skola-campo-fermo-mama_page-0004\/'><img decoding=\"async\" width=\"106\" height=\"150\" src=\"https:\/\/virtualnimuzej.aspira.hr\/wp-content\/uploads\/2024\/07\/Skola-campo-Fermo-mama_page-0004.jpg\" class=\"attachment-thumbnail size-thumbnail\" alt=\"\" \/><\/a>\n\t\t\t<\/dt><\/dl><dl class='gallery-item'>\n\t\t\t<dt class='gallery-icon portrait'>\n\t\t\t\t<a data-rel=\"iLightbox[postimages]\" data-title=\"Skola campo Fermo mama_page-0005\" data-caption=\"\" href='https:\/\/virtualnimuzej.aspira.hr\/es\/12325\/skola-campo-fermo-mama_page-0005\/'><img decoding=\"async\" width=\"106\" height=\"150\" src=\"https:\/\/virtualnimuzej.aspira.hr\/wp-content\/uploads\/2024\/07\/Skola-campo-Fermo-mama_page-0005.jpg\" class=\"attachment-thumbnail size-thumbnail\" alt=\"\" \/><\/a>\n\t\t\t<\/dt><\/dl>\n\t\t\t<br style='clear: both' \/>\n\t\t<\/div>\n\n<p>&nbsp;<\/p>\n\n\t\t<style type=\"text\/css\">\n\t\t\t#gallery-13 {\n\t\t\t\tmargin: auto;\n\t\t\t}\n\t\t\t#gallery-13 .gallery-item {\n\t\t\t\tfloat: left;\n\t\t\t\tmargin-top: 10px;\n\t\t\t\ttext-align: center;\n\t\t\t\twidth: 33%;\n\t\t\t}\n\t\t\t#gallery-13 img {\n\t\t\t\tborder: 2px solid #cfcfcf;\n\t\t\t}\n\t\t\t#gallery-13 .gallery-caption {\n\t\t\t\tmargin-left: 0;\n\t\t\t}\n\t\t\t\/* see gallery_shortcode() in wp-includes\/media.php *\/\n\t\t<\/style>\n\t\t<div id='gallery-13' class='gallery galleryid-12325 gallery-columns-3 gallery-size-thumbnail'><dl class='gallery-item'>\n\t\t\t<dt class='gallery-icon portrait'>\n\t\t\t\t<a data-rel=\"iLightbox[postimages]\" data-title=\"Slike cestitke_page-0001\" data-caption=\"\" href='https:\/\/virtualnimuzej.aspira.hr\/es\/slike-cestitke_page-0001-2\/'><img decoding=\"async\" width=\"106\" height=\"150\" src=\"https:\/\/virtualnimuzej.aspira.hr\/wp-content\/uploads\/2024\/07\/Slike-cestitke_page-0001.jpg\" class=\"attachment-thumbnail size-thumbnail\" alt=\"\" \/><\/a>\n\t\t\t<\/dt><\/dl><dl class='gallery-item'>\n\t\t\t<dt class='gallery-icon landscape'>\n\t\t\t\t<a data-rel=\"iLightbox[postimages]\" data-title=\"Slike cestitke_page-0002\" data-caption=\"\" href='https:\/\/virtualnimuzej.aspira.hr\/es\/slike-cestitke_page-0002-2\/'><img decoding=\"async\" width=\"150\" height=\"106\" src=\"https:\/\/virtualnimuzej.aspira.hr\/wp-content\/uploads\/2024\/07\/Slike-cestitke_page-0002.jpg\" class=\"attachment-thumbnail size-thumbnail\" alt=\"\" \/><\/a>\n\t\t\t<\/dt><\/dl><dl class='gallery-item'>\n\t\t\t<dt class='gallery-icon portrait'>\n\t\t\t\t<a data-rel=\"iLightbox[postimages]\" data-title=\"Slike cestitke_page-0003\" data-caption=\"\" href='https:\/\/virtualnimuzej.aspira.hr\/es\/slike-cestitke_page-0003-2\/'><img decoding=\"async\" width=\"106\" height=\"150\" src=\"https:\/\/virtualnimuzej.aspira.hr\/wp-content\/uploads\/2024\/07\/Slike-cestitke_page-0003.jpg\" class=\"attachment-thumbnail size-thumbnail\" alt=\"\" \/><\/a>\n\t\t\t<\/dt><\/dl><br style=\"clear: both\" \/>\n\t\t<\/div>\n\n<p>&nbsp;<\/p>\n<p><a href=\"https:\/\/virtualnimuzej.aspira.hr\/wp-content\/uploads\/2024\/07\/pisme-od-obiteljie-mame-i-tate-1.pdf\">pisme od obiteljie mame i tate<\/a><\/p>\n<p>&nbsp;<\/p>\n","protected":false},"excerpt":{"rendered":"<p>&nbsp; M\u00ed historia en esta oportunidad la llam\u00e9 Abanico de ilusiones, en referencia que uno siempre tiene ilusiones, deseos, uno planifica la vida y muchas veces hay que borrar y [&hellip;]<\/p>\n","protected":false},"author":1,"featured_media":14012,"comment_status":"open","ping_status":"open","sticky":false,"template":"","format":"standard","meta":{"footnotes":""},"categories":[75],"tags":[],"class_list":["post-12325","post","type-post","status-publish","format-standard","has-post-thumbnail","hentry","category-argentina-es"],"yoast_head":"<!-- This site is optimized with the Yoast SEO plugin v20.7 - https:\/\/yoast.com\/wordpress\/plugins\/seo\/ -->\n<title>HISTORIA DE NIKOLA MILUSIC - Aspira Virtualni Muzej iseljeni\u0161tva Dalmacije<\/title>\n<meta name=\"robots\" content=\"index, follow, max-snippet:-1, max-image-preview:large, max-video-preview:-1\" \/>\n<link rel=\"canonical\" href=\"https:\/\/virtualnimuzej.aspira.hr\/es\/12325\/\" \/>\n<meta property=\"og:locale\" content=\"es_ES\" \/>\n<meta property=\"og:type\" content=\"article\" \/>\n<meta property=\"og:title\" content=\"HISTORIA DE NIKOLA MILUSIC - Aspira Virtualni Muzej iseljeni\u0161tva Dalmacije\" \/>\n<meta property=\"og:description\" content=\"&nbsp; M\u00ed historia en esta oportunidad la llam\u00e9 Abanico de ilusiones, en referencia que uno siempre tiene ilusiones, deseos, uno planifica la vida y muchas veces hay que borrar y [&hellip;]\" \/>\n<meta property=\"og:url\" content=\"https:\/\/virtualnimuzej.aspira.hr\/es\/12325\/\" \/>\n<meta property=\"og:site_name\" content=\"Aspira Virtualni Muzej iseljeni\u0161tva Dalmacije\" \/>\n<meta property=\"article:published_time\" content=\"2024-07-23T09:11:32+00:00\" \/>\n<meta property=\"article:modified_time\" content=\"2025-06-13T17:04:51+00:00\" \/>\n<meta property=\"og:image\" content=\"https:\/\/virtualnimuzej.aspira.hr\/wp-content\/uploads\/2024\/07\/images.jpg\" \/>\n\t<meta property=\"og:image:width\" content=\"259\" \/>\n\t<meta property=\"og:image:height\" content=\"195\" \/>\n\t<meta property=\"og:image:type\" content=\"image\/jpeg\" \/>\n<meta name=\"author\" content=\"VmuzejAspira\" \/>\n<meta name=\"twitter:card\" content=\"summary_large_image\" \/>\n<meta name=\"twitter:label1\" content=\"Escrito por\" \/>\n\t<meta name=\"twitter:data1\" content=\"VmuzejAspira\" \/>\n\t<meta name=\"twitter:label2\" content=\"Tiempo de lectura\" \/>\n\t<meta name=\"twitter:data2\" content=\"14 minutos\" \/>\n<script type=\"application\/ld+json\" class=\"yoast-schema-graph\">{\"@context\":\"https:\/\/schema.org\",\"@graph\":[{\"@type\":\"WebPage\",\"@id\":\"https:\/\/virtualnimuzej.aspira.hr\/es\/12325\/\",\"url\":\"https:\/\/virtualnimuzej.aspira.hr\/es\/12325\/\",\"name\":\"HISTORIA DE NIKOLA MILUSIC - Aspira Virtualni Muzej iseljeni\u0161tva Dalmacije\",\"isPartOf\":{\"@id\":\"https:\/\/virtualnimuzej.aspira.hr\/#website\"},\"datePublished\":\"2024-07-23T09:11:32+00:00\",\"dateModified\":\"2025-06-13T17:04:51+00:00\",\"author\":{\"@id\":\"https:\/\/virtualnimuzej.aspira.hr\/#\/schema\/person\/8b28048370e78968988c04d6f1ba104d\"},\"breadcrumb\":{\"@id\":\"https:\/\/virtualnimuzej.aspira.hr\/es\/12325\/#breadcrumb\"},\"inLanguage\":\"es\",\"potentialAction\":[{\"@type\":\"ReadAction\",\"target\":[\"https:\/\/virtualnimuzej.aspira.hr\/es\/12325\/\"]}]},{\"@type\":\"BreadcrumbList\",\"@id\":\"https:\/\/virtualnimuzej.aspira.hr\/es\/12325\/#breadcrumb\",\"itemListElement\":[{\"@type\":\"ListItem\",\"position\":1,\"name\":\"Naslovna\",\"item\":\"https:\/\/virtualnimuzej.aspira.hr\/es\/\"},{\"@type\":\"ListItem\",\"position\":2,\"name\":\"HISTORIA DE NIKOLA MILUSIC\"}]},{\"@type\":\"WebSite\",\"@id\":\"https:\/\/virtualnimuzej.aspira.hr\/#website\",\"url\":\"https:\/\/virtualnimuzej.aspira.hr\/\",\"name\":\"Aspira Virtualni Muzej iseljeni\u0161tva Dalmacije\",\"description\":\"Muzej iseljeni\u0161tva je zami\u0161ljen kao mjesto skupljanja i prezentacije gra\u0111e o hrvatskom iseljeni\u0161tvu i povijesti iseljavanja koja nikada nije bila dovoljno istra\u017eena.\",\"potentialAction\":[{\"@type\":\"SearchAction\",\"target\":{\"@type\":\"EntryPoint\",\"urlTemplate\":\"https:\/\/virtualnimuzej.aspira.hr\/?s={search_term_string}\"},\"query-input\":\"required name=search_term_string\"}],\"inLanguage\":\"es\"},{\"@type\":\"Person\",\"@id\":\"https:\/\/virtualnimuzej.aspira.hr\/#\/schema\/person\/8b28048370e78968988c04d6f1ba104d\",\"name\":\"VmuzejAspira\",\"image\":{\"@type\":\"ImageObject\",\"inLanguage\":\"es\",\"@id\":\"https:\/\/virtualnimuzej.aspira.hr\/#\/schema\/person\/image\/\",\"url\":\"https:\/\/secure.gravatar.com\/avatar\/cfa7124a34eec5233efffe1e8fb23c18bb83abdb6129e8f47c9144109613a228?s=96&d=mm&r=g\",\"contentUrl\":\"https:\/\/secure.gravatar.com\/avatar\/cfa7124a34eec5233efffe1e8fb23c18bb83abdb6129e8f47c9144109613a228?s=96&d=mm&r=g\",\"caption\":\"VmuzejAspira\"},\"sameAs\":[\"http:\/\/virtualnimuzej.aspira.hr\"],\"url\":\"https:\/\/virtualnimuzej.aspira.hr\/es\/author\/vmuzejaspira\/\"}]}<\/script>\n<!-- \/ Yoast SEO plugin. -->","yoast_head_json":{"title":"HISTORIA DE NIKOLA MILUSIC - Aspira Virtualni Muzej iseljeni\u0161tva Dalmacije","robots":{"index":"index","follow":"follow","max-snippet":"max-snippet:-1","max-image-preview":"max-image-preview:large","max-video-preview":"max-video-preview:-1"},"canonical":"https:\/\/virtualnimuzej.aspira.hr\/es\/12325\/","og_locale":"es_ES","og_type":"article","og_title":"HISTORIA DE NIKOLA MILUSIC - Aspira Virtualni Muzej iseljeni\u0161tva Dalmacije","og_description":"&nbsp; M\u00ed historia en esta oportunidad la llam\u00e9 Abanico de ilusiones, en referencia que uno siempre tiene ilusiones, deseos, uno planifica la vida y muchas veces hay que borrar y [&hellip;]","og_url":"https:\/\/virtualnimuzej.aspira.hr\/es\/12325\/","og_site_name":"Aspira Virtualni Muzej iseljeni\u0161tva Dalmacije","article_published_time":"2024-07-23T09:11:32+00:00","article_modified_time":"2025-06-13T17:04:51+00:00","og_image":[{"width":259,"height":195,"url":"https:\/\/virtualnimuzej.aspira.hr\/wp-content\/uploads\/2024\/07\/images.jpg","type":"image\/jpeg"}],"author":"VmuzejAspira","twitter_card":"summary_large_image","twitter_misc":{"Escrito por":"VmuzejAspira","Tiempo de lectura":"14 minutos"},"schema":{"@context":"https:\/\/schema.org","@graph":[{"@type":"WebPage","@id":"https:\/\/virtualnimuzej.aspira.hr\/es\/12325\/","url":"https:\/\/virtualnimuzej.aspira.hr\/es\/12325\/","name":"HISTORIA DE NIKOLA MILUSIC - Aspira Virtualni Muzej iseljeni\u0161tva Dalmacije","isPartOf":{"@id":"https:\/\/virtualnimuzej.aspira.hr\/#website"},"datePublished":"2024-07-23T09:11:32+00:00","dateModified":"2025-06-13T17:04:51+00:00","author":{"@id":"https:\/\/virtualnimuzej.aspira.hr\/#\/schema\/person\/8b28048370e78968988c04d6f1ba104d"},"breadcrumb":{"@id":"https:\/\/virtualnimuzej.aspira.hr\/es\/12325\/#breadcrumb"},"inLanguage":"es","potentialAction":[{"@type":"ReadAction","target":["https:\/\/virtualnimuzej.aspira.hr\/es\/12325\/"]}]},{"@type":"BreadcrumbList","@id":"https:\/\/virtualnimuzej.aspira.hr\/es\/12325\/#breadcrumb","itemListElement":[{"@type":"ListItem","position":1,"name":"Naslovna","item":"https:\/\/virtualnimuzej.aspira.hr\/es\/"},{"@type":"ListItem","position":2,"name":"HISTORIA DE NIKOLA MILUSIC"}]},{"@type":"WebSite","@id":"https:\/\/virtualnimuzej.aspira.hr\/#website","url":"https:\/\/virtualnimuzej.aspira.hr\/","name":"Aspira Virtualni Muzej iseljeni\u0161tva Dalmacije","description":"Muzej iseljeni\u0161tva je zami\u0161ljen kao mjesto skupljanja i prezentacije gra\u0111e o hrvatskom iseljeni\u0161tvu i povijesti iseljavanja koja nikada nije bila dovoljno istra\u017eena.","potentialAction":[{"@type":"SearchAction","target":{"@type":"EntryPoint","urlTemplate":"https:\/\/virtualnimuzej.aspira.hr\/?s={search_term_string}"},"query-input":"required name=search_term_string"}],"inLanguage":"es"},{"@type":"Person","@id":"https:\/\/virtualnimuzej.aspira.hr\/#\/schema\/person\/8b28048370e78968988c04d6f1ba104d","name":"VmuzejAspira","image":{"@type":"ImageObject","inLanguage":"es","@id":"https:\/\/virtualnimuzej.aspira.hr\/#\/schema\/person\/image\/","url":"https:\/\/secure.gravatar.com\/avatar\/cfa7124a34eec5233efffe1e8fb23c18bb83abdb6129e8f47c9144109613a228?s=96&d=mm&r=g","contentUrl":"https:\/\/secure.gravatar.com\/avatar\/cfa7124a34eec5233efffe1e8fb23c18bb83abdb6129e8f47c9144109613a228?s=96&d=mm&r=g","caption":"VmuzejAspira"},"sameAs":["http:\/\/virtualnimuzej.aspira.hr"],"url":"https:\/\/virtualnimuzej.aspira.hr\/es\/author\/vmuzejaspira\/"}]}},"_links":{"self":[{"href":"https:\/\/virtualnimuzej.aspira.hr\/es\/wp-json\/wp\/v2\/posts\/12325","targetHints":{"allow":["GET"]}}],"collection":[{"href":"https:\/\/virtualnimuzej.aspira.hr\/es\/wp-json\/wp\/v2\/posts"}],"about":[{"href":"https:\/\/virtualnimuzej.aspira.hr\/es\/wp-json\/wp\/v2\/types\/post"}],"author":[{"embeddable":true,"href":"https:\/\/virtualnimuzej.aspira.hr\/es\/wp-json\/wp\/v2\/users\/1"}],"replies":[{"embeddable":true,"href":"https:\/\/virtualnimuzej.aspira.hr\/es\/wp-json\/wp\/v2\/comments?post=12325"}],"version-history":[{"count":6,"href":"https:\/\/virtualnimuzej.aspira.hr\/es\/wp-json\/wp\/v2\/posts\/12325\/revisions"}],"predecessor-version":[{"id":14175,"href":"https:\/\/virtualnimuzej.aspira.hr\/es\/wp-json\/wp\/v2\/posts\/12325\/revisions\/14175"}],"wp:featuredmedia":[{"embeddable":true,"href":"https:\/\/virtualnimuzej.aspira.hr\/es\/wp-json\/wp\/v2\/media\/14012"}],"wp:attachment":[{"href":"https:\/\/virtualnimuzej.aspira.hr\/es\/wp-json\/wp\/v2\/media?parent=12325"}],"wp:term":[{"taxonomy":"category","embeddable":true,"href":"https:\/\/virtualnimuzej.aspira.hr\/es\/wp-json\/wp\/v2\/categories?post=12325"},{"taxonomy":"post_tag","embeddable":true,"href":"https:\/\/virtualnimuzej.aspira.hr\/es\/wp-json\/wp\/v2\/tags?post=12325"}],"curies":[{"name":"wp","href":"https:\/\/api.w.org\/{rel}","templated":true}]}}