{"id":13008,"date":"2024-11-18T14:47:00","date_gmt":"2024-11-18T13:47:00","guid":{"rendered":"https:\/\/virtualnimuzej.aspira.hr\/?p=13008"},"modified":"2024-11-18T15:40:20","modified_gmt":"2024-11-18T14:40:20","slug":"valentina-rendich","status":"publish","type":"post","link":"https:\/\/virtualnimuzej.aspira.hr\/es\/valentina-rendich\/","title":{"rendered":"Valentina Rendich"},"content":{"rendered":"<p>Mi nombre es Valentina Rendich y tengo 24 a\u00f1os. Vivo en la localidad de San Antonio de Padua, partido de Merlo.<\/p>\n<p>Soy fot\u00f3grafa profesional y actualmente tambi\u00e9n estoy incursionando en el video.<\/p>\n<p>En 2019 estudi\u00e9 Fotoperiodismo en la Universidad de la Matanza y en 2020 ingres\u00e9 a la Licenciatura en Fotograf\u00eda en la Universidad Nacional de San Mart\u00edn. El a\u00f1o que viene es mi \u00faltimo a\u00f1o de carrera, en el cual voy a abordar mi tesis de grado.<\/p>\n<p>Mi abordaje sobre la fotograf\u00eda es documental pero tambi\u00e9n autoral.<\/p>\n<p>Actualmente trabajo en el \u00e1rea de prensa en relaci\u00f3n de dependencia pero me gustar\u00eda poder encaminarme de manera independiente.<\/p>\n<p>Tambi\u00e9n me form\u00e9 en el \u00e1rea de dise\u00f1o, hice cursos de Dise\u00f1o gr\u00e1fico, dise\u00f1o UX\/UI y Motion Graphics.<\/p>\n<p>Me interesa mucho el modo en que la historia y el arte se conjugan, desde un abordaje del pasado y la creaci\u00f3n de memorias colectivas a trav\u00e9s de la fotograf\u00eda y las artes visuales, como tambi\u00e9n desde el presente (a\u00fan en un contexto donde nos encontramos sobre estimulados de im\u00e1genes).<\/p>\n<p>En un futuro cercano me encantar\u00eda poder llevar a cabo alg\u00fan proyecto fotogr\u00e1fico en territorio croata, as\u00ed como tambi\u00e9n alg\u00fan tipo de formaci\u00f3n en artes.<\/p>\n<p>&nbsp;<\/p>\n<p><img decoding=\"async\" class=\"alignnone size-full wp-image-13012\" src=\"https:\/\/virtualnimuzej.aspira.hr\/wp-content\/uploads\/2024\/11\/IMG_0080.jpg\" alt=\"\" width=\"960\" height=\"960\" \/><\/p>\n<p>&nbsp;<\/p>\n<p><img decoding=\"async\" class=\"alignnone size-full wp-image-13015\" src=\"https:\/\/virtualnimuzej.aspira.hr\/wp-content\/uploads\/2024\/11\/Valentina-Rendich.jpg\" alt=\"\" width=\"4000\" height=\"4514\" \/><\/p>\n<p>&nbsp;<\/p>\n\n\t\t<style type=\"text\/css\">\n\t\t\t#gallery-1 {\n\t\t\t\tmargin: auto;\n\t\t\t}\n\t\t\t#gallery-1 .gallery-item {\n\t\t\t\tfloat: left;\n\t\t\t\tmargin-top: 10px;\n\t\t\t\ttext-align: center;\n\t\t\t\twidth: 33%;\n\t\t\t}\n\t\t\t#gallery-1 img {\n\t\t\t\tborder: 2px solid #cfcfcf;\n\t\t\t}\n\t\t\t#gallery-1 .gallery-caption {\n\t\t\t\tmargin-left: 0;\n\t\t\t}\n\t\t\t\/* see gallery_shortcode() in wp-includes\/media.php *\/\n\t\t<\/style>\n\t\t<div id='gallery-1' class='gallery galleryid-13008 gallery-columns-3 gallery-size-thumbnail'><dl class='gallery-item'>\n\t\t\t<dt class='gallery-icon landscape'>\n\t\t\t\t<a data-rel=\"iLightbox[postimages]\" data-title=\"IMG_0074\" data-caption=\"\" href='https:\/\/virtualnimuzej.aspira.hr\/es\/valentina-rendich\/img_0074-2\/'><img decoding=\"async\" width=\"150\" height=\"100\" src=\"https:\/\/virtualnimuzej.aspira.hr\/wp-content\/uploads\/2024\/11\/IMG_0074.jpg\" class=\"attachment-thumbnail size-thumbnail\" alt=\"\" \/><\/a>\n\t\t\t<\/dt><\/dl><dl class='gallery-item'>\n\t\t\t<dt class='gallery-icon landscape'>\n\t\t\t\t<a data-rel=\"iLightbox[postimages]\" data-title=\"IMG_0078\" data-caption=\"\" href='https:\/\/virtualnimuzej.aspira.hr\/es\/valentina-rendich\/img_0078-2\/'><img decoding=\"async\" width=\"150\" height=\"100\" src=\"https:\/\/virtualnimuzej.aspira.hr\/wp-content\/uploads\/2024\/11\/IMG_0078.jpg\" class=\"attachment-thumbnail size-thumbnail\" alt=\"\" \/><\/a>\n\t\t\t<\/dt><\/dl><dl class='gallery-item'>\n\t\t\t<dt class='gallery-icon landscape'>\n\t\t\t\t<a data-rel=\"iLightbox[postimages]\" data-title=\"IMG_0077\" data-caption=\"\" href='https:\/\/virtualnimuzej.aspira.hr\/es\/valentina-rendich\/img_0077-2\/'><img decoding=\"async\" width=\"150\" height=\"100\" src=\"https:\/\/virtualnimuzej.aspira.hr\/wp-content\/uploads\/2024\/11\/IMG_0077.jpg\" class=\"attachment-thumbnail size-thumbnail\" alt=\"\" \/><\/a>\n\t\t\t<\/dt><\/dl><br style=\"clear: both\" \/>\n\t\t<\/div>\n\n<p>&nbsp;<\/p>\n<p>Fotograf\u00edas documental\u00a0 de Valentina Rendich:<\/p>\n\n\t\t<style type=\"text\/css\">\n\t\t\t#gallery-2 {\n\t\t\t\tmargin: auto;\n\t\t\t}\n\t\t\t#gallery-2 .gallery-item {\n\t\t\t\tfloat: left;\n\t\t\t\tmargin-top: 10px;\n\t\t\t\ttext-align: center;\n\t\t\t\twidth: 33%;\n\t\t\t}\n\t\t\t#gallery-2 img {\n\t\t\t\tborder: 2px solid #cfcfcf;\n\t\t\t}\n\t\t\t#gallery-2 .gallery-caption {\n\t\t\t\tmargin-left: 0;\n\t\t\t}\n\t\t\t\/* see gallery_shortcode() in wp-includes\/media.php *\/\n\t\t<\/style>\n\t\t<div id='gallery-2' class='gallery galleryid-13008 gallery-columns-3 gallery-size-thumbnail'><dl class='gallery-item'>\n\t\t\t<dt class='gallery-icon landscape'>\n\t\t\t\t<a data-rel=\"iLightbox[postimages]\" data-title=\"Rendich_Valentina_03_\" data-caption=\"\" href='https:\/\/virtualnimuzej.aspira.hr\/es\/valentina-rendich\/rendich_valentina_03_-2-2\/'><img decoding=\"async\" width=\"150\" height=\"100\" src=\"https:\/\/virtualnimuzej.aspira.hr\/wp-content\/uploads\/2024\/11\/Rendich_Valentina_03_-1.jpg\" class=\"attachment-thumbnail size-thumbnail\" alt=\"\" \/><\/a>\n\t\t\t<\/dt><\/dl><dl class='gallery-item'>\n\t\t\t<dt class='gallery-icon landscape'>\n\t\t\t\t<a data-rel=\"iLightbox[postimages]\" data-title=\"IMG_0086\" data-caption=\"\" href='https:\/\/virtualnimuzej.aspira.hr\/es\/valentina-rendich\/img_0086\/'><img decoding=\"async\" width=\"150\" height=\"102\" src=\"https:\/\/virtualnimuzej.aspira.hr\/wp-content\/uploads\/2024\/11\/IMG_0086.jpg\" class=\"attachment-thumbnail size-thumbnail\" alt=\"\" \/><\/a>\n\t\t\t<\/dt><\/dl><dl class='gallery-item'>\n\t\t\t<dt class='gallery-icon landscape'>\n\t\t\t\t<a data-rel=\"iLightbox[postimages]\" data-title=\"IMG_0087\" data-caption=\"\" href='https:\/\/virtualnimuzej.aspira.hr\/es\/valentina-rendich\/img_0087\/'><img decoding=\"async\" width=\"150\" height=\"100\" src=\"https:\/\/virtualnimuzej.aspira.hr\/wp-content\/uploads\/2024\/11\/IMG_0087.jpg\" class=\"attachment-thumbnail size-thumbnail\" alt=\"\" \/><\/a>\n\t\t\t<\/dt><\/dl><br style=\"clear: both\" \/>\n\t\t<\/div>\n\n\n\t\t<style type=\"text\/css\">\n\t\t\t#gallery-3 {\n\t\t\t\tmargin: auto;\n\t\t\t}\n\t\t\t#gallery-3 .gallery-item {\n\t\t\t\tfloat: left;\n\t\t\t\tmargin-top: 10px;\n\t\t\t\ttext-align: center;\n\t\t\t\twidth: 33%;\n\t\t\t}\n\t\t\t#gallery-3 img {\n\t\t\t\tborder: 2px solid #cfcfcf;\n\t\t\t}\n\t\t\t#gallery-3 .gallery-caption {\n\t\t\t\tmargin-left: 0;\n\t\t\t}\n\t\t\t\/* see gallery_shortcode() in wp-includes\/media.php *\/\n\t\t<\/style>\n\t\t<div id='gallery-3' class='gallery galleryid-13008 gallery-columns-3 gallery-size-thumbnail'><dl class='gallery-item'>\n\t\t\t<dt class='gallery-icon landscape'>\n\t\t\t\t<a data-rel=\"iLightbox[postimages]\" data-title=\"IMG_0090\" data-caption=\"\" href='https:\/\/virtualnimuzej.aspira.hr\/es\/valentina-rendich\/img_0090\/'><img decoding=\"async\" width=\"150\" height=\"100\" src=\"https:\/\/virtualnimuzej.aspira.hr\/wp-content\/uploads\/2024\/11\/IMG_0090.jpg\" class=\"attachment-thumbnail size-thumbnail\" alt=\"\" \/><\/a>\n\t\t\t<\/dt><\/dl><dl class='gallery-item'>\n\t\t\t<dt class='gallery-icon landscape'>\n\t\t\t\t<a data-rel=\"iLightbox[postimages]\" data-title=\"IMG_0091\" data-caption=\"\" href='https:\/\/virtualnimuzej.aspira.hr\/es\/valentina-rendich\/img_0091\/'><img decoding=\"async\" width=\"150\" height=\"100\" src=\"https:\/\/virtualnimuzej.aspira.hr\/wp-content\/uploads\/2024\/11\/IMG_0091.jpg\" class=\"attachment-thumbnail size-thumbnail\" alt=\"\" \/><\/a>\n\t\t\t<\/dt><\/dl><dl class='gallery-item'>\n\t\t\t<dt class='gallery-icon landscape'>\n\t\t\t\t<a data-rel=\"iLightbox[postimages]\" data-title=\"IMG_0092\" data-caption=\"\" href='https:\/\/virtualnimuzej.aspira.hr\/es\/valentina-rendich\/img_0092\/'><img decoding=\"async\" width=\"150\" height=\"100\" src=\"https:\/\/virtualnimuzej.aspira.hr\/wp-content\/uploads\/2024\/11\/IMG_0092.jpg\" class=\"attachment-thumbnail size-thumbnail\" alt=\"\" \/><\/a>\n\t\t\t<\/dt><\/dl><br style=\"clear: both\" \/>\n\t\t<\/div>\n\n<p>&nbsp;<\/p>\n\n\t\t<style type=\"text\/css\">\n\t\t\t#gallery-4 {\n\t\t\t\tmargin: auto;\n\t\t\t}\n\t\t\t#gallery-4 .gallery-item {\n\t\t\t\tfloat: left;\n\t\t\t\tmargin-top: 10px;\n\t\t\t\ttext-align: center;\n\t\t\t\twidth: 33%;\n\t\t\t}\n\t\t\t#gallery-4 img {\n\t\t\t\tborder: 2px solid #cfcfcf;\n\t\t\t}\n\t\t\t#gallery-4 .gallery-caption {\n\t\t\t\tmargin-left: 0;\n\t\t\t}\n\t\t\t\/* see gallery_shortcode() in wp-includes\/media.php *\/\n\t\t<\/style>\n\t\t<div id='gallery-4' class='gallery galleryid-13008 gallery-columns-3 gallery-size-thumbnail'><dl class='gallery-item'>\n\t\t\t<dt class='gallery-icon landscape'>\n\t\t\t\t<a data-rel=\"iLightbox[postimages]\" data-title=\"GRAL BELGRANO_EDITADAS_4\" data-caption=\"\" href='https:\/\/virtualnimuzej.aspira.hr\/es\/valentina-rendich\/gral-belgrano_editadas_4-2\/'><img decoding=\"async\" width=\"150\" height=\"100\" src=\"https:\/\/virtualnimuzej.aspira.hr\/wp-content\/uploads\/2024\/11\/GRAL-BELGRANO_EDITADAS_4.jpg\" class=\"attachment-thumbnail size-thumbnail\" alt=\"\" \/><\/a>\n\t\t\t<\/dt><\/dl><dl class='gallery-item'>\n\t\t\t<dt class='gallery-icon landscape'>\n\t\t\t\t<a data-rel=\"iLightbox[postimages]\" data-title=\"Rendich_Valentina_A002\" data-caption=\"\" href='https:\/\/virtualnimuzej.aspira.hr\/es\/valentina-rendich\/rendich_valentina_a002-2\/'><img decoding=\"async\" width=\"150\" height=\"100\" src=\"https:\/\/virtualnimuzej.aspira.hr\/wp-content\/uploads\/2024\/11\/Rendich_Valentina_A002.jpg\" class=\"attachment-thumbnail size-thumbnail\" alt=\"\" \/><\/a>\n\t\t\t<\/dt><\/dl><dl class='gallery-item'>\n\t\t\t<dt class='gallery-icon landscape'>\n\t\t\t\t<a data-rel=\"iLightbox[postimages]\" data-title=\"nuevas_2\" data-caption=\"\" href='https:\/\/virtualnimuzej.aspira.hr\/es\/valentina-rendich\/nuevas_2-2\/'><img decoding=\"async\" width=\"150\" height=\"100\" src=\"https:\/\/virtualnimuzej.aspira.hr\/wp-content\/uploads\/2024\/11\/nuevas_2.jpg\" class=\"attachment-thumbnail size-thumbnail\" alt=\"\" \/><\/a>\n\t\t\t<\/dt><\/dl><br style=\"clear: both\" \/>\n\t\t<\/div>\n\n<p>&nbsp;<\/p>\n\n\t\t<style type=\"text\/css\">\n\t\t\t#gallery-5 {\n\t\t\t\tmargin: auto;\n\t\t\t}\n\t\t\t#gallery-5 .gallery-item {\n\t\t\t\tfloat: left;\n\t\t\t\tmargin-top: 10px;\n\t\t\t\ttext-align: center;\n\t\t\t\twidth: 33%;\n\t\t\t}\n\t\t\t#gallery-5 img {\n\t\t\t\tborder: 2px solid #cfcfcf;\n\t\t\t}\n\t\t\t#gallery-5 .gallery-caption {\n\t\t\t\tmargin-left: 0;\n\t\t\t}\n\t\t\t\/* see gallery_shortcode() in wp-includes\/media.php *\/\n\t\t<\/style>\n\t\t<div id='gallery-5' class='gallery galleryid-13008 gallery-columns-3 gallery-size-thumbnail'><dl class='gallery-item'>\n\t\t\t<dt class='gallery-icon landscape'>\n\t\t\t\t<a data-rel=\"iLightbox[postimages]\" data-title=\"GRAL BELGRANO_EDITADAS_19\" data-caption=\"\" href='https:\/\/virtualnimuzej.aspira.hr\/es\/valentina-rendich\/gral-belgrano_editadas_19-2\/'><img decoding=\"async\" width=\"150\" height=\"100\" src=\"https:\/\/virtualnimuzej.aspira.hr\/wp-content\/uploads\/2024\/11\/GRAL-BELGRANO_EDITADAS_19.jpg\" class=\"attachment-thumbnail size-thumbnail\" alt=\"\" \/><\/a>\n\t\t\t<\/dt><\/dl><dl class='gallery-item'>\n\t\t\t<dt class='gallery-icon landscape'>\n\t\t\t\t<a data-rel=\"iLightbox[postimages]\" data-title=\"VALENTINA RENDICH &#8211; PERDER LA FORMA\" data-caption=\"\" href='https:\/\/virtualnimuzej.aspira.hr\/es\/valentina-rendich\/valentina-rendich-perder-la-forma-2\/'><img decoding=\"async\" width=\"150\" height=\"100\" src=\"https:\/\/virtualnimuzej.aspira.hr\/wp-content\/uploads\/2024\/11\/VALENTINA-RENDICH-PERDER-LA-FORMA.jpg\" class=\"attachment-thumbnail size-thumbnail\" alt=\"\" \/><\/a>\n\t\t\t<\/dt><\/dl><dl class='gallery-item'>\n\t\t\t<dt class='gallery-icon landscape'>\n\t\t\t\t<a data-rel=\"iLightbox[postimages]\" data-title=\"Rendich_Valentina_A005\" data-caption=\"\" href='https:\/\/virtualnimuzej.aspira.hr\/es\/valentina-rendich\/rendich_valentina_a005-2\/'><img decoding=\"async\" width=\"150\" height=\"100\" src=\"https:\/\/virtualnimuzej.aspira.hr\/wp-content\/uploads\/2024\/11\/Rendich_Valentina_A005.jpg\" class=\"attachment-thumbnail size-thumbnail\" alt=\"\" \/><\/a>\n\t\t\t<\/dt><\/dl><br style=\"clear: both\" \/>\n\t\t<\/div>\n\n<p>&nbsp;<\/p>\n\n\t\t<style type=\"text\/css\">\n\t\t\t#gallery-6 {\n\t\t\t\tmargin: auto;\n\t\t\t}\n\t\t\t#gallery-6 .gallery-item {\n\t\t\t\tfloat: left;\n\t\t\t\tmargin-top: 10px;\n\t\t\t\ttext-align: center;\n\t\t\t\twidth: 33%;\n\t\t\t}\n\t\t\t#gallery-6 img {\n\t\t\t\tborder: 2px solid #cfcfcf;\n\t\t\t}\n\t\t\t#gallery-6 .gallery-caption {\n\t\t\t\tmargin-left: 0;\n\t\t\t}\n\t\t\t\/* see gallery_shortcode() in wp-includes\/media.php *\/\n\t\t<\/style>\n\t\t<div id='gallery-6' class='gallery galleryid-13008 gallery-columns-3 gallery-size-thumbnail'><dl class='gallery-item'>\n\t\t\t<dt class='gallery-icon landscape'>\n\t\t\t\t<a data-rel=\"iLightbox[postimages]\" data-title=\"Rendich_Valentina_A004\" data-caption=\"\" href='https:\/\/virtualnimuzej.aspira.hr\/es\/valentina-rendich\/rendich_valentina_a004-2\/'><img decoding=\"async\" width=\"150\" height=\"100\" src=\"https:\/\/virtualnimuzej.aspira.hr\/wp-content\/uploads\/2024\/11\/Rendich_Valentina_A004.jpg\" class=\"attachment-thumbnail size-thumbnail\" alt=\"\" \/><\/a>\n\t\t\t<\/dt><\/dl><dl class='gallery-item'>\n\t\t\t<dt class='gallery-icon landscape'>\n\t\t\t\t<a data-rel=\"iLightbox[postimages]\" data-title=\"GRAL BELGRANO_EDITADAS_5\" data-caption=\"\" href='https:\/\/virtualnimuzej.aspira.hr\/es\/valentina-rendich\/gral-belgrano_editadas_5-2\/'><img decoding=\"async\" width=\"150\" height=\"100\" src=\"https:\/\/virtualnimuzej.aspira.hr\/wp-content\/uploads\/2024\/11\/GRAL-BELGRANO_EDITADAS_5.jpg\" class=\"attachment-thumbnail size-thumbnail\" alt=\"\" \/><\/a>\n\t\t\t<\/dt><\/dl><dl class='gallery-item'>\n\t\t\t<dt class='gallery-icon landscape'>\n\t\t\t\t<a data-rel=\"iLightbox[postimages]\" data-title=\"Rendich_Valentina_A003\" data-caption=\"\" href='https:\/\/virtualnimuzej.aspira.hr\/es\/valentina-rendich\/rendich_valentina_a003-2\/'><img decoding=\"async\" width=\"150\" height=\"100\" src=\"https:\/\/virtualnimuzej.aspira.hr\/wp-content\/uploads\/2024\/11\/Rendich_Valentina_A003.jpg\" class=\"attachment-thumbnail size-thumbnail\" alt=\"\" \/><\/a>\n\t\t\t<\/dt><\/dl><br style=\"clear: both\" \/>\n\t\t<\/div>\n\n<p>&nbsp;<\/p>\n<p><strong>\u201cVOID\u201d<\/strong><\/p>\n<p><strong>\u00a0<\/strong><\/p>\n<p>\u201cVoid\u201d es una serie de fotomontajes realizados en el marco de la cursada de la materia Posproducci\u00f3n Digital en el a\u00f1o 2022.<\/p>\n<p>El concepto de la serie gira en torno a la imaginaci\u00f3n de una realidad dist\u00f3pica, futurista, inspirada en fen\u00f3menos tecnol\u00f3gicos que fueron apareciendo en los \u00faltimos a\u00f1os como la realidad virtual, la realidad aumentada y el metaverso.<\/p>\n<p>La realizaci\u00f3n de esta serie fue realizada previo al surgimiento de la inteligencia artificial como la conocemos y utilizamos en la actualidad.<\/p>\n<p>La composici\u00f3n de las im\u00e1genes y su est\u00e9tica tienen su origen en una dicotom\u00eda: melancol\u00eda por lo que dejamos atr\u00e1s y emoci\u00f3n por adentrarnos en un mundo nuevo. Algunos interrogantes para pensar las im\u00e1genes son el lugar que ocupan los v\u00ednculos humanos y c\u00f3mo se transforman, c\u00f3mo puede pensarse la materialidad desde un espacio virtual, c\u00f3mo nos relacionamos con nuestra corporalidad\/c\u00f3mo podr\u00eda mutar este sentir con la aparici\u00f3n de un &lt;yo&gt; virtual, qu\u00e9 intereses existen detr\u00e1s de la construcci\u00f3n de un mundo virtual, qu\u00e9 impacto social tendr\u00eda, entre muchas otras preguntas que conducen al cuestionamiento del propio sentido de la existencia.<\/p>\n<p>&nbsp;<\/p>\n<p>Las herramientas principales utilizadas en los fotomontajes fueron:<\/p>\n<p>&nbsp;<\/p>\n<p><strong>M\u00e1scaras<\/strong>: Cada fotomontaje tiene por lo menos tres im\u00e1genes combinadas en su composici\u00f3n. Cada selecci\u00f3n fue aislada a trav\u00e9s de m\u00e1scaras, as\u00ed como tambi\u00e9n fueron utilizadas para la modificaci\u00f3n de cajas de ajuste o filtros en los objetos inteligentes.<\/p>\n<p><strong>Selecciones: <\/strong>Los elementos de las im\u00e1genes fueron seleccionados en su mayor\u00eda con la herramienta de Selecci\u00f3n r\u00e1pida, en algunos casos tambi\u00e9n se utiliz\u00f3 la herramienta de Selecci\u00f3n de sujeto y en ambos casos posteriormente se perfeccion\u00f3 la selecci\u00f3n con la herramienta de Lazo poligonal. Cada selecci\u00f3n se termin\u00f3 de retocar finalmente con la herramienta de<em> Seleccionar y aplicar m\u00e1scara<\/em><\/p>\n<p><strong>Pinceles: <\/strong>Fueron utilizados en las m\u00e1scaras, en algunos casos modificando su flujo y opacidad, as\u00ed como tambi\u00e9n la dureza del trazo seg\u00fan el resultado deseado. Tambi\u00e9n se utilizaron como en el caso de la imagen 3 para completar trozos de imagen que se cortaban. Otra alternativa para realizar esto podr\u00eda haber sido una de las nuevas herramientas de inteligencia artificial de Photoshop, como el Relleno generativo.<\/p>\n<p><strong>\u00a0<\/strong><\/p>\n<p><strong>Capas de ajuste: <\/strong>Se utilizaron capas de Color uniforme, Brillo\/contraste, Curvas, Tono\/Saturaci\u00f3n y Filtro de Fotograf\u00eda. En la mayor\u00eda de los casos fueron empleadas para modificar el contraste de la imagen y el color de las mismas. La herramienta de Tono\/Saturaci\u00f3n y Filtro de Fotograf\u00eda en este sentido fueron fundamentales para la realizaci\u00f3n no s\u00f3lo de estas tres im\u00e1genes sino de la serie completa, ya que permite crear una coherencia est\u00e9tica entre las im\u00e1genes. Antes de realizar los tres fotomontajes para el examen final se defini\u00f3 una paleta de colores sobre la que trabajar para poder transmitir el mensaje de manera m\u00e1s eficaz.<\/p>\n<p><strong>Modos de fusi\u00f3n: <\/strong>Una de las herramientas m\u00e1s utilizadas en el conjunto de las im\u00e1genes. Es uno de los primeros pasos cuando se vuelcan las im\u00e1genes en el lienzo. Antes de tomar la decisi\u00f3n de realizar cualquier selecci\u00f3n o de aplicar capas de ajuste\/filtros, se superponen las im\u00e1genes y se prueba cada uno de los modos de fusi\u00f3n para ver si alguno de ellos nos otorga un resultado interesante en la imagen. Otra herramienta muy utilizada es la de <em>Estilos de capa &gt; Opciones de fusi\u00f3n &gt; Capa actual\/Capa subyacente<\/em><\/p>\n<p><strong>Objetos inteligentes: <\/strong>Para lo que m\u00e1s se emplearon fue para los Filtros. Convertir los elementos en objetos inteligentes nos da la posibilidad de que el proceso no sea destructivo. Por ejemplo, en la imagen 1 el fondo de la imagen es un objeto inteligente sobre el que se aplic\u00f3 un Filtro de Desenfoque gaussiano, que a su vez fue modificado a trav\u00e9s de una m\u00e1scara y seleccionado con un pincel para elegir en qu\u00e9 parte de la imagen quer\u00eda que se viera el desenfoque, y as\u00ed lograr el efecto de profundidad de campo en la imagen.<\/p>\n<p><strong>Transformaciones y filtros: <\/strong>Fueron utilizados de diferentes maneras de acuerdo a las exigencias de la imagen. En la imagen dos, se utiliz\u00f3 la herramienta de Punto de fuga para crear las grillas en el pasto, que luego se modificaron a trav\u00e9s de la herramienta <em>Transformar &gt; Deformar. <\/em>A esa misma imagen se le aplic\u00f3 un Filtro de <em>Distorsi\u00f3n &gt; Encoger <\/em>para generar una sensaci\u00f3n de irregularidad en el terreno que muestra la imagen. A las tres im\u00e1genes se les agreg\u00f3 un Filtro de Ruido al finalizar la composici\u00f3n para reforzar la est\u00e9tica \u201cretro\u201d de las im\u00e1genes y emparejar las selecciones.<\/p>\n<p>&nbsp;<\/p>\n<p>Para finalizar, un ejercicio fundamental para la realizaci\u00f3n de las im\u00e1genes fue la b\u00fasqueda de referencias. La m\u00fasica fue un elemento primordial en el proceso. A continuaci\u00f3n adjunto la playlist que me acompa\u00f1\u00f3 en el recorrido.<\/p>\n<p>&nbsp;<\/p>\n<p><a href=\"https:\/\/open.spotify.com\/playlist\/6ZXrj39PeaqltcXClEvJ8w?si=e61017ac18004ec3\">https:\/\/open.spotify.com\/playlist\/6ZXrj39PeaqltcXClEvJ8w?si=e61017ac18004ec3<\/a><\/p>\n<p>&nbsp;<\/p>\n\n\t\t<style type=\"text\/css\">\n\t\t\t#gallery-7 {\n\t\t\t\tmargin: auto;\n\t\t\t}\n\t\t\t#gallery-7 .gallery-item {\n\t\t\t\tfloat: left;\n\t\t\t\tmargin-top: 10px;\n\t\t\t\ttext-align: center;\n\t\t\t\twidth: 33%;\n\t\t\t}\n\t\t\t#gallery-7 img {\n\t\t\t\tborder: 2px solid #cfcfcf;\n\t\t\t}\n\t\t\t#gallery-7 .gallery-caption {\n\t\t\t\tmargin-left: 0;\n\t\t\t}\n\t\t\t\/* see gallery_shortcode() in wp-includes\/media.php *\/\n\t\t<\/style>\n\t\t<div id='gallery-7' class='gallery galleryid-13008 gallery-columns-3 gallery-size-thumbnail'><dl class='gallery-item'>\n\t\t\t<dt class='gallery-icon landscape'>\n\t\t\t\t<a data-rel=\"iLightbox[postimages]\" data-title=\"Rendich_Valentina_02\" data-caption=\"\" href='https:\/\/virtualnimuzej.aspira.hr\/es\/valentina-rendich\/rendich_valentina_02\/'><img decoding=\"async\" width=\"150\" height=\"100\" src=\"https:\/\/virtualnimuzej.aspira.hr\/wp-content\/uploads\/2024\/11\/Rendich_Valentina_02.jpg\" class=\"attachment-thumbnail size-thumbnail\" alt=\"\" \/><\/a>\n\t\t\t<\/dt><\/dl><dl class='gallery-item'>\n\t\t\t<dt class='gallery-icon landscape'>\n\t\t\t\t<a data-rel=\"iLightbox[postimages]\" data-title=\"RENDICH_VALENTINA_2(1)\" data-caption=\"\" href='https:\/\/virtualnimuzej.aspira.hr\/es\/valentina-rendich\/rendich_valentina_21\/'><img decoding=\"async\" width=\"150\" height=\"100\" src=\"https:\/\/virtualnimuzej.aspira.hr\/wp-content\/uploads\/2024\/11\/RENDICH_VALENTINA_21.jpg\" class=\"attachment-thumbnail size-thumbnail\" alt=\"\" \/><\/a>\n\t\t\t<\/dt><\/dl><dl class='gallery-item'>\n\t\t\t<dt class='gallery-icon landscape'>\n\t\t\t\t<a data-rel=\"iLightbox[postimages]\" data-title=\"Rendich_Valentina_2\" data-caption=\"\" href='https:\/\/virtualnimuzej.aspira.hr\/es\/valentina-rendich\/rendich_valentina_2\/'><img decoding=\"async\" width=\"150\" height=\"96\" src=\"https:\/\/virtualnimuzej.aspira.hr\/wp-content\/uploads\/2024\/11\/Rendich_Valentina_2.jpg\" class=\"attachment-thumbnail size-thumbnail\" alt=\"\" \/><\/a>\n\t\t\t<\/dt><\/dl><br style=\"clear: both\" \/>\n\t\t<\/div>\n\n<p>&nbsp;<\/p>\n\n\t\t<style type=\"text\/css\">\n\t\t\t#gallery-8 {\n\t\t\t\tmargin: auto;\n\t\t\t}\n\t\t\t#gallery-8 .gallery-item {\n\t\t\t\tfloat: left;\n\t\t\t\tmargin-top: 10px;\n\t\t\t\ttext-align: center;\n\t\t\t\twidth: 33%;\n\t\t\t}\n\t\t\t#gallery-8 img {\n\t\t\t\tborder: 2px solid #cfcfcf;\n\t\t\t}\n\t\t\t#gallery-8 .gallery-caption {\n\t\t\t\tmargin-left: 0;\n\t\t\t}\n\t\t\t\/* see gallery_shortcode() in wp-includes\/media.php *\/\n\t\t<\/style>\n\t\t<div id='gallery-8' class='gallery galleryid-13008 gallery-columns-3 gallery-size-thumbnail'><dl class='gallery-item'>\n\t\t\t<dt class='gallery-icon landscape'>\n\t\t\t\t<a data-rel=\"iLightbox[postimages]\" data-title=\"Rendich_Valentina_03\" data-caption=\"\" href='https:\/\/virtualnimuzej.aspira.hr\/es\/valentina-rendich\/rendich_valentina_03\/'><img decoding=\"async\" width=\"150\" height=\"110\" src=\"https:\/\/virtualnimuzej.aspira.hr\/wp-content\/uploads\/2024\/11\/Rendich_Valentina_03.jpg\" class=\"attachment-thumbnail size-thumbnail\" alt=\"\" \/><\/a>\n\t\t\t<\/dt><\/dl><dl class='gallery-item'>\n\t\t\t<dt class='gallery-icon landscape'>\n\t\t\t\t<a data-rel=\"iLightbox[postimages]\" data-title=\"Rendich_Valentina_04\" data-caption=\"\" href='https:\/\/virtualnimuzej.aspira.hr\/es\/valentina-rendich\/rendich_valentina_04\/'><img decoding=\"async\" width=\"150\" height=\"100\" src=\"https:\/\/virtualnimuzej.aspira.hr\/wp-content\/uploads\/2024\/11\/Rendich_Valentina_04.jpg\" class=\"attachment-thumbnail size-thumbnail\" alt=\"\" \/><\/a>\n\t\t\t<\/dt><\/dl><dl class='gallery-item'>\n\t\t\t<dt class='gallery-icon landscape'>\n\t\t\t\t<a data-rel=\"iLightbox[postimages]\" data-title=\"Rendich_Valentina_1\" data-caption=\"\" href='https:\/\/virtualnimuzej.aspira.hr\/es\/valentina-rendich\/rendich_valentina_1\/'><img decoding=\"async\" width=\"150\" height=\"100\" src=\"https:\/\/virtualnimuzej.aspira.hr\/wp-content\/uploads\/2024\/11\/Rendich_Valentina_1.jpg\" class=\"attachment-thumbnail size-thumbnail\" alt=\"\" \/><\/a>\n\t\t\t<\/dt><\/dl><br style=\"clear: both\" \/>\n\t\t<\/div>\n\n","protected":false},"excerpt":{"rendered":"<p>Mi nombre es Valentina Rendich y tengo 24 a\u00f1os. Vivo en la localidad de San Antonio de Padua, partido de Merlo. Soy fot\u00f3grafa profesional y actualmente tambi\u00e9n estoy incursionando en [&hellip;]<\/p>\n","protected":false},"author":1,"featured_media":13006,"comment_status":"open","ping_status":"open","sticky":false,"template":"","format":"standard","meta":{"footnotes":""},"categories":[75],"tags":[],"class_list":["post-13008","post","type-post","status-publish","format-standard","has-post-thumbnail","hentry","category-argentina-es"],"yoast_head":"<!-- This site is optimized with the Yoast SEO plugin v20.7 - https:\/\/yoast.com\/wordpress\/plugins\/seo\/ -->\n<title>Valentina Rendich - Aspira Virtualni Muzej iseljeni\u0161tva Dalmacije<\/title>\n<meta name=\"robots\" content=\"index, follow, max-snippet:-1, max-image-preview:large, max-video-preview:-1\" \/>\n<link rel=\"canonical\" href=\"https:\/\/virtualnimuzej.aspira.hr\/es\/valentina-rendich\/\" \/>\n<meta property=\"og:locale\" content=\"es_ES\" \/>\n<meta property=\"og:type\" content=\"article\" \/>\n<meta property=\"og:title\" content=\"Valentina Rendich - Aspira Virtualni Muzej iseljeni\u0161tva Dalmacije\" \/>\n<meta property=\"og:description\" content=\"Mi nombre es Valentina Rendich y tengo 24 a\u00f1os. Vivo en la localidad de San Antonio de Padua, partido de Merlo. Soy fot\u00f3grafa profesional y actualmente tambi\u00e9n estoy incursionando en [&hellip;]\" \/>\n<meta property=\"og:url\" content=\"https:\/\/virtualnimuzej.aspira.hr\/es\/valentina-rendich\/\" \/>\n<meta property=\"og:site_name\" content=\"Aspira Virtualni Muzej iseljeni\u0161tva Dalmacije\" \/>\n<meta property=\"article:published_time\" content=\"2024-11-18T13:47:00+00:00\" \/>\n<meta property=\"article:modified_time\" content=\"2024-11-18T14:40:20+00:00\" \/>\n<meta property=\"og:image\" content=\"https:\/\/virtualnimuzej.aspira.hr\/wp-content\/uploads\/2024\/11\/200px-Iglesia_Padua_03.jpg\" \/>\n\t<meta property=\"og:image:width\" content=\"200\" \/>\n\t<meta property=\"og:image:height\" content=\"150\" \/>\n\t<meta property=\"og:image:type\" content=\"image\/jpeg\" \/>\n<meta name=\"author\" content=\"VmuzejAspira\" \/>\n<meta name=\"twitter:card\" content=\"summary_large_image\" \/>\n<meta name=\"twitter:label1\" content=\"Escrito por\" \/>\n\t<meta name=\"twitter:data1\" content=\"VmuzejAspira\" \/>\n\t<meta name=\"twitter:label2\" content=\"Tiempo de lectura\" \/>\n\t<meta name=\"twitter:data2\" content=\"6 minutos\" \/>\n<script type=\"application\/ld+json\" class=\"yoast-schema-graph\">{\"@context\":\"https:\/\/schema.org\",\"@graph\":[{\"@type\":\"WebPage\",\"@id\":\"https:\/\/virtualnimuzej.aspira.hr\/es\/valentina-rendich\/\",\"url\":\"https:\/\/virtualnimuzej.aspira.hr\/es\/valentina-rendich\/\",\"name\":\"Valentina Rendich - Aspira Virtualni Muzej iseljeni\u0161tva Dalmacije\",\"isPartOf\":{\"@id\":\"https:\/\/virtualnimuzej.aspira.hr\/#website\"},\"datePublished\":\"2024-11-18T13:47:00+00:00\",\"dateModified\":\"2024-11-18T14:40:20+00:00\",\"author\":{\"@id\":\"https:\/\/virtualnimuzej.aspira.hr\/#\/schema\/person\/8b28048370e78968988c04d6f1ba104d\"},\"breadcrumb\":{\"@id\":\"https:\/\/virtualnimuzej.aspira.hr\/es\/valentina-rendich\/#breadcrumb\"},\"inLanguage\":\"es\",\"potentialAction\":[{\"@type\":\"ReadAction\",\"target\":[\"https:\/\/virtualnimuzej.aspira.hr\/es\/valentina-rendich\/\"]}]},{\"@type\":\"BreadcrumbList\",\"@id\":\"https:\/\/virtualnimuzej.aspira.hr\/es\/valentina-rendich\/#breadcrumb\",\"itemListElement\":[{\"@type\":\"ListItem\",\"position\":1,\"name\":\"Naslovna\",\"item\":\"https:\/\/virtualnimuzej.aspira.hr\/es\/\"},{\"@type\":\"ListItem\",\"position\":2,\"name\":\"Valentina Rendich\"}]},{\"@type\":\"WebSite\",\"@id\":\"https:\/\/virtualnimuzej.aspira.hr\/#website\",\"url\":\"https:\/\/virtualnimuzej.aspira.hr\/\",\"name\":\"Aspira Virtualni Muzej iseljeni\u0161tva Dalmacije\",\"description\":\"Muzej iseljeni\u0161tva je zami\u0161ljen kao mjesto skupljanja i prezentacije gra\u0111e o hrvatskom iseljeni\u0161tvu i povijesti iseljavanja koja nikada nije bila dovoljno istra\u017eena.\",\"potentialAction\":[{\"@type\":\"SearchAction\",\"target\":{\"@type\":\"EntryPoint\",\"urlTemplate\":\"https:\/\/virtualnimuzej.aspira.hr\/?s={search_term_string}\"},\"query-input\":\"required name=search_term_string\"}],\"inLanguage\":\"es\"},{\"@type\":\"Person\",\"@id\":\"https:\/\/virtualnimuzej.aspira.hr\/#\/schema\/person\/8b28048370e78968988c04d6f1ba104d\",\"name\":\"VmuzejAspira\",\"image\":{\"@type\":\"ImageObject\",\"inLanguage\":\"es\",\"@id\":\"https:\/\/virtualnimuzej.aspira.hr\/#\/schema\/person\/image\/\",\"url\":\"https:\/\/secure.gravatar.com\/avatar\/cfa7124a34eec5233efffe1e8fb23c18bb83abdb6129e8f47c9144109613a228?s=96&d=mm&r=g\",\"contentUrl\":\"https:\/\/secure.gravatar.com\/avatar\/cfa7124a34eec5233efffe1e8fb23c18bb83abdb6129e8f47c9144109613a228?s=96&d=mm&r=g\",\"caption\":\"VmuzejAspira\"},\"sameAs\":[\"http:\/\/virtualnimuzej.aspira.hr\"],\"url\":\"https:\/\/virtualnimuzej.aspira.hr\/es\/author\/vmuzejaspira\/\"}]}<\/script>\n<!-- \/ Yoast SEO plugin. -->","yoast_head_json":{"title":"Valentina Rendich - Aspira Virtualni Muzej iseljeni\u0161tva Dalmacije","robots":{"index":"index","follow":"follow","max-snippet":"max-snippet:-1","max-image-preview":"max-image-preview:large","max-video-preview":"max-video-preview:-1"},"canonical":"https:\/\/virtualnimuzej.aspira.hr\/es\/valentina-rendich\/","og_locale":"es_ES","og_type":"article","og_title":"Valentina Rendich - Aspira Virtualni Muzej iseljeni\u0161tva Dalmacije","og_description":"Mi nombre es Valentina Rendich y tengo 24 a\u00f1os. Vivo en la localidad de San Antonio de Padua, partido de Merlo. Soy fot\u00f3grafa profesional y actualmente tambi\u00e9n estoy incursionando en [&hellip;]","og_url":"https:\/\/virtualnimuzej.aspira.hr\/es\/valentina-rendich\/","og_site_name":"Aspira Virtualni Muzej iseljeni\u0161tva Dalmacije","article_published_time":"2024-11-18T13:47:00+00:00","article_modified_time":"2024-11-18T14:40:20+00:00","og_image":[{"width":200,"height":150,"url":"https:\/\/virtualnimuzej.aspira.hr\/wp-content\/uploads\/2024\/11\/200px-Iglesia_Padua_03.jpg","type":"image\/jpeg"}],"author":"VmuzejAspira","twitter_card":"summary_large_image","twitter_misc":{"Escrito por":"VmuzejAspira","Tiempo de lectura":"6 minutos"},"schema":{"@context":"https:\/\/schema.org","@graph":[{"@type":"WebPage","@id":"https:\/\/virtualnimuzej.aspira.hr\/es\/valentina-rendich\/","url":"https:\/\/virtualnimuzej.aspira.hr\/es\/valentina-rendich\/","name":"Valentina Rendich - Aspira Virtualni Muzej iseljeni\u0161tva Dalmacije","isPartOf":{"@id":"https:\/\/virtualnimuzej.aspira.hr\/#website"},"datePublished":"2024-11-18T13:47:00+00:00","dateModified":"2024-11-18T14:40:20+00:00","author":{"@id":"https:\/\/virtualnimuzej.aspira.hr\/#\/schema\/person\/8b28048370e78968988c04d6f1ba104d"},"breadcrumb":{"@id":"https:\/\/virtualnimuzej.aspira.hr\/es\/valentina-rendich\/#breadcrumb"},"inLanguage":"es","potentialAction":[{"@type":"ReadAction","target":["https:\/\/virtualnimuzej.aspira.hr\/es\/valentina-rendich\/"]}]},{"@type":"BreadcrumbList","@id":"https:\/\/virtualnimuzej.aspira.hr\/es\/valentina-rendich\/#breadcrumb","itemListElement":[{"@type":"ListItem","position":1,"name":"Naslovna","item":"https:\/\/virtualnimuzej.aspira.hr\/es\/"},{"@type":"ListItem","position":2,"name":"Valentina Rendich"}]},{"@type":"WebSite","@id":"https:\/\/virtualnimuzej.aspira.hr\/#website","url":"https:\/\/virtualnimuzej.aspira.hr\/","name":"Aspira Virtualni Muzej iseljeni\u0161tva Dalmacije","description":"Muzej iseljeni\u0161tva je zami\u0161ljen kao mjesto skupljanja i prezentacije gra\u0111e o hrvatskom iseljeni\u0161tvu i povijesti iseljavanja koja nikada nije bila dovoljno istra\u017eena.","potentialAction":[{"@type":"SearchAction","target":{"@type":"EntryPoint","urlTemplate":"https:\/\/virtualnimuzej.aspira.hr\/?s={search_term_string}"},"query-input":"required name=search_term_string"}],"inLanguage":"es"},{"@type":"Person","@id":"https:\/\/virtualnimuzej.aspira.hr\/#\/schema\/person\/8b28048370e78968988c04d6f1ba104d","name":"VmuzejAspira","image":{"@type":"ImageObject","inLanguage":"es","@id":"https:\/\/virtualnimuzej.aspira.hr\/#\/schema\/person\/image\/","url":"https:\/\/secure.gravatar.com\/avatar\/cfa7124a34eec5233efffe1e8fb23c18bb83abdb6129e8f47c9144109613a228?s=96&d=mm&r=g","contentUrl":"https:\/\/secure.gravatar.com\/avatar\/cfa7124a34eec5233efffe1e8fb23c18bb83abdb6129e8f47c9144109613a228?s=96&d=mm&r=g","caption":"VmuzejAspira"},"sameAs":["http:\/\/virtualnimuzej.aspira.hr"],"url":"https:\/\/virtualnimuzej.aspira.hr\/es\/author\/vmuzejaspira\/"}]}},"_links":{"self":[{"href":"https:\/\/virtualnimuzej.aspira.hr\/es\/wp-json\/wp\/v2\/posts\/13008","targetHints":{"allow":["GET"]}}],"collection":[{"href":"https:\/\/virtualnimuzej.aspira.hr\/es\/wp-json\/wp\/v2\/posts"}],"about":[{"href":"https:\/\/virtualnimuzej.aspira.hr\/es\/wp-json\/wp\/v2\/types\/post"}],"author":[{"embeddable":true,"href":"https:\/\/virtualnimuzej.aspira.hr\/es\/wp-json\/wp\/v2\/users\/1"}],"replies":[{"embeddable":true,"href":"https:\/\/virtualnimuzej.aspira.hr\/es\/wp-json\/wp\/v2\/comments?post=13008"}],"version-history":[{"count":6,"href":"https:\/\/virtualnimuzej.aspira.hr\/es\/wp-json\/wp\/v2\/posts\/13008\/revisions"}],"predecessor-version":[{"id":13101,"href":"https:\/\/virtualnimuzej.aspira.hr\/es\/wp-json\/wp\/v2\/posts\/13008\/revisions\/13101"}],"wp:featuredmedia":[{"embeddable":true,"href":"https:\/\/virtualnimuzej.aspira.hr\/es\/wp-json\/wp\/v2\/media\/13006"}],"wp:attachment":[{"href":"https:\/\/virtualnimuzej.aspira.hr\/es\/wp-json\/wp\/v2\/media?parent=13008"}],"wp:term":[{"taxonomy":"category","embeddable":true,"href":"https:\/\/virtualnimuzej.aspira.hr\/es\/wp-json\/wp\/v2\/categories?post=13008"},{"taxonomy":"post_tag","embeddable":true,"href":"https:\/\/virtualnimuzej.aspira.hr\/es\/wp-json\/wp\/v2\/tags?post=13008"}],"curies":[{"name":"wp","href":"https:\/\/api.w.org\/{rel}","templated":true}]}}