{"id":13113,"date":"2024-11-20T12:14:43","date_gmt":"2024-11-20T11:14:43","guid":{"rendered":"https:\/\/virtualnimuzej.aspira.hr\/?p=13113"},"modified":"2024-11-20T12:14:43","modified_gmt":"2024-11-20T11:14:43","slug":"katia-gavranich-camargo","status":"publish","type":"post","link":"https:\/\/virtualnimuzej.aspira.hr\/es\/katia-gavranich-camargo\/","title":{"rendered":"Katia Gavranich Camargo"},"content":{"rendered":"<p>&nbsp;<\/p>\n<p>Mi nombre es Katia Gavranich Camargo,<br \/>\nMis antepasados proced\u00edan de la isla de Korcula, m\u00e1s concretamente del pueblo de Blato en 1925.<br \/>\nAmbos llegaron a Brasil para trabajar en plantaciones de caf\u00e9 en el interior del estado de S\u00e3o Paulo, financiadas por los barones del caf\u00e9, y se trasladaron en los a\u00f1os 1930 a la capital S\u00e3o Paulo, tras el crash de la Bolsa de Nueva York, ocurrido en 1929.<br \/>\nFormaban parte de la gran comunidad croata que se instal\u00f3 en Sao Paulo, en los dos barrios de S\u00e3o Paulo: Mooca y Belenzinho, donde en 1959 fundaron la Sociedade Amigos da Yugoslavia, hoy Sociedade Amigos da Dalm\u00e1cia.<br \/>\nMi madre fue la primera presidenta de la asociaci\u00f3n de 2009 a 2019. La suced\u00ed en 2020 y sigo siendo presidenta hoy.<br \/>\nNuestra asociaci\u00f3n promueve cursos de idioma croata, encuentros sobre la cultura croata y concursos de investigaci\u00f3n literaria y cient\u00edfica sobre la inmigraci\u00f3n croata y Croacia. Apoya al grupo folcl\u00f3rico Jadran, de m\u00fasica folcl\u00f3rica croata, la formaci\u00f3n de grupos musicales llamados Klapas, el club de bordado croata y los deportes de interior como el f\u00fatbol con botones y el ajedrez. Este a\u00f1o se inaugurar\u00e1 el Memorial de los 100 a\u00f1os de la inmigraci\u00f3n croata en Brasil, donde pretendemos exhibir el acervo del proyecto Memoria D\u00e1lmata, creado por la asociaci\u00f3n con el objetivo de recopilar, organizar y digitalizar el acervo de fotograf\u00edas, documentos y objetos. relacionado con la inmigraci\u00f3n d\u00e1lmata.<br \/>\nActualmente, adem\u00e1s de ser voluntaria en la asociaci\u00f3n, trabajo como productora cultural y tengo un podcast llamado \u00abA Europa de L\u00e1\u00bb, transmitido por R\u00e1dio Cultura FM, radio p\u00fablica de S\u00e3o Paulo, disponible como podcast en Spotify. El programa trata sobre cultura, deportes, historia y mucha m\u00fasica de Blac\u00e3s y de Europa del Este, pa\u00edses cuyo conocimiento es bastante escaso en Am\u00e9rica Latina.<br \/>\nEn este contexto, produje el programa \u00ab100 a\u00f1os de inmigraci\u00f3n croata\u00bb, en el que cuento detalladamente la inmigraci\u00f3n de los d\u00e1lmatas a Brasil, con muchas canciones de la \u00e9poca y algunas actuales.<br \/>\nSoy Licenciada en Nutrici\u00f3n por la Universidad de S\u00e3o Paulo y Maestr\u00eda en Inteligencia Artificial por la Universidad Federal de Santa Catarina. Mi marido, casualmente, es croata y su familia tiene el mismo origen que la m\u00eda: Blato.<br \/>\nGracias por aceptarme en la Asociaci\u00f3n Congreso americano croata.<\/p>\n<p>&nbsp;<\/p>\n<p><img decoding=\"async\" class=\"alignnone size-full wp-image-13107\" src=\"https:\/\/virtualnimuzej.aspira.hr\/wp-content\/uploads\/2024\/11\/123.jpg\" alt=\"\" width=\"582\" height=\"800\" \/><\/p>\n","protected":false},"excerpt":{"rendered":"<p>&nbsp; Mi nombre es Katia Gavranich Camargo, Mis antepasados proced\u00edan de la isla de Korcula, m\u00e1s concretamente del pueblo de Blato en 1925. Ambos llegaron a Brasil para trabajar en [&hellip;]<\/p>\n","protected":false},"author":1,"featured_media":13110,"comment_status":"open","ping_status":"open","sticky":false,"template":"","format":"standard","meta":{"footnotes":""},"categories":[77],"tags":[],"class_list":["post-13113","post","type-post","status-publish","format-standard","has-post-thumbnail","hentry","category-brasil"],"yoast_head":"<!-- This site is optimized with the Yoast SEO plugin v20.7 - https:\/\/yoast.com\/wordpress\/plugins\/seo\/ -->\n<title>Katia Gavranich Camargo - Aspira Virtualni Muzej iseljeni\u0161tva Dalmacije<\/title>\n<meta name=\"robots\" content=\"index, follow, max-snippet:-1, max-image-preview:large, max-video-preview:-1\" \/>\n<link rel=\"canonical\" href=\"https:\/\/virtualnimuzej.aspira.hr\/es\/katia-gavranich-camargo\/\" \/>\n<meta property=\"og:locale\" content=\"es_ES\" \/>\n<meta property=\"og:type\" content=\"article\" \/>\n<meta property=\"og:title\" content=\"Katia Gavranich Camargo - Aspira Virtualni Muzej iseljeni\u0161tva Dalmacije\" \/>\n<meta property=\"og:description\" content=\"&nbsp; Mi nombre es Katia Gavranich Camargo, Mis antepasados proced\u00edan de la isla de Korcula, m\u00e1s concretamente del pueblo de Blato en 1925. Ambos llegaron a Brasil para trabajar en [&hellip;]\" \/>\n<meta property=\"og:url\" content=\"https:\/\/virtualnimuzej.aspira.hr\/es\/katia-gavranich-camargo\/\" \/>\n<meta property=\"og:site_name\" content=\"Aspira Virtualni Muzej iseljeni\u0161tva Dalmacije\" \/>\n<meta property=\"article:published_time\" content=\"2024-11-20T11:14:43+00:00\" \/>\n<meta property=\"og:image\" content=\"https:\/\/virtualnimuzej.aspira.hr\/wp-content\/uploads\/2024\/11\/Sao-Paulo-scaled-1.jpg\" \/>\n\t<meta property=\"og:image:width\" content=\"800\" \/>\n\t<meta property=\"og:image:height\" content=\"600\" \/>\n\t<meta property=\"og:image:type\" content=\"image\/jpeg\" \/>\n<meta name=\"author\" content=\"VmuzejAspira\" \/>\n<meta name=\"twitter:card\" content=\"summary_large_image\" \/>\n<meta name=\"twitter:label1\" content=\"Escrito por\" \/>\n\t<meta name=\"twitter:data1\" content=\"VmuzejAspira\" \/>\n\t<meta name=\"twitter:label2\" content=\"Tiempo de lectura\" \/>\n\t<meta name=\"twitter:data2\" content=\"3 minutos\" \/>\n<script type=\"application\/ld+json\" class=\"yoast-schema-graph\">{\"@context\":\"https:\/\/schema.org\",\"@graph\":[{\"@type\":\"WebPage\",\"@id\":\"https:\/\/virtualnimuzej.aspira.hr\/es\/katia-gavranich-camargo\/\",\"url\":\"https:\/\/virtualnimuzej.aspira.hr\/es\/katia-gavranich-camargo\/\",\"name\":\"Katia Gavranich Camargo - Aspira Virtualni Muzej iseljeni\u0161tva Dalmacije\",\"isPartOf\":{\"@id\":\"https:\/\/virtualnimuzej.aspira.hr\/#website\"},\"datePublished\":\"2024-11-20T11:14:43+00:00\",\"dateModified\":\"2024-11-20T11:14:43+00:00\",\"author\":{\"@id\":\"https:\/\/virtualnimuzej.aspira.hr\/#\/schema\/person\/8b28048370e78968988c04d6f1ba104d\"},\"breadcrumb\":{\"@id\":\"https:\/\/virtualnimuzej.aspira.hr\/es\/katia-gavranich-camargo\/#breadcrumb\"},\"inLanguage\":\"es\",\"potentialAction\":[{\"@type\":\"ReadAction\",\"target\":[\"https:\/\/virtualnimuzej.aspira.hr\/es\/katia-gavranich-camargo\/\"]}]},{\"@type\":\"BreadcrumbList\",\"@id\":\"https:\/\/virtualnimuzej.aspira.hr\/es\/katia-gavranich-camargo\/#breadcrumb\",\"itemListElement\":[{\"@type\":\"ListItem\",\"position\":1,\"name\":\"Naslovna\",\"item\":\"https:\/\/virtualnimuzej.aspira.hr\/es\/\"},{\"@type\":\"ListItem\",\"position\":2,\"name\":\"Katia Gavranich Camargo\"}]},{\"@type\":\"WebSite\",\"@id\":\"https:\/\/virtualnimuzej.aspira.hr\/#website\",\"url\":\"https:\/\/virtualnimuzej.aspira.hr\/\",\"name\":\"Aspira Virtualni Muzej iseljeni\u0161tva Dalmacije\",\"description\":\"Muzej iseljeni\u0161tva je zami\u0161ljen kao mjesto skupljanja i prezentacije gra\u0111e o hrvatskom iseljeni\u0161tvu i povijesti iseljavanja koja nikada nije bila dovoljno istra\u017eena.\",\"potentialAction\":[{\"@type\":\"SearchAction\",\"target\":{\"@type\":\"EntryPoint\",\"urlTemplate\":\"https:\/\/virtualnimuzej.aspira.hr\/?s={search_term_string}\"},\"query-input\":\"required name=search_term_string\"}],\"inLanguage\":\"es\"},{\"@type\":\"Person\",\"@id\":\"https:\/\/virtualnimuzej.aspira.hr\/#\/schema\/person\/8b28048370e78968988c04d6f1ba104d\",\"name\":\"VmuzejAspira\",\"image\":{\"@type\":\"ImageObject\",\"inLanguage\":\"es\",\"@id\":\"https:\/\/virtualnimuzej.aspira.hr\/#\/schema\/person\/image\/\",\"url\":\"https:\/\/secure.gravatar.com\/avatar\/cfa7124a34eec5233efffe1e8fb23c18bb83abdb6129e8f47c9144109613a228?s=96&d=mm&r=g\",\"contentUrl\":\"https:\/\/secure.gravatar.com\/avatar\/cfa7124a34eec5233efffe1e8fb23c18bb83abdb6129e8f47c9144109613a228?s=96&d=mm&r=g\",\"caption\":\"VmuzejAspira\"},\"sameAs\":[\"http:\/\/virtualnimuzej.aspira.hr\"],\"url\":\"https:\/\/virtualnimuzej.aspira.hr\/es\/author\/vmuzejaspira\/\"}]}<\/script>\n<!-- \/ Yoast SEO plugin. -->","yoast_head_json":{"title":"Katia Gavranich Camargo - Aspira Virtualni Muzej iseljeni\u0161tva Dalmacije","robots":{"index":"index","follow":"follow","max-snippet":"max-snippet:-1","max-image-preview":"max-image-preview:large","max-video-preview":"max-video-preview:-1"},"canonical":"https:\/\/virtualnimuzej.aspira.hr\/es\/katia-gavranich-camargo\/","og_locale":"es_ES","og_type":"article","og_title":"Katia Gavranich Camargo - Aspira Virtualni Muzej iseljeni\u0161tva Dalmacije","og_description":"&nbsp; Mi nombre es Katia Gavranich Camargo, Mis antepasados proced\u00edan de la isla de Korcula, m\u00e1s concretamente del pueblo de Blato en 1925. Ambos llegaron a Brasil para trabajar en [&hellip;]","og_url":"https:\/\/virtualnimuzej.aspira.hr\/es\/katia-gavranich-camargo\/","og_site_name":"Aspira Virtualni Muzej iseljeni\u0161tva Dalmacije","article_published_time":"2024-11-20T11:14:43+00:00","og_image":[{"width":800,"height":600,"url":"https:\/\/virtualnimuzej.aspira.hr\/wp-content\/uploads\/2024\/11\/Sao-Paulo-scaled-1.jpg","type":"image\/jpeg"}],"author":"VmuzejAspira","twitter_card":"summary_large_image","twitter_misc":{"Escrito por":"VmuzejAspira","Tiempo de lectura":"3 minutos"},"schema":{"@context":"https:\/\/schema.org","@graph":[{"@type":"WebPage","@id":"https:\/\/virtualnimuzej.aspira.hr\/es\/katia-gavranich-camargo\/","url":"https:\/\/virtualnimuzej.aspira.hr\/es\/katia-gavranich-camargo\/","name":"Katia Gavranich Camargo - Aspira Virtualni Muzej iseljeni\u0161tva Dalmacije","isPartOf":{"@id":"https:\/\/virtualnimuzej.aspira.hr\/#website"},"datePublished":"2024-11-20T11:14:43+00:00","dateModified":"2024-11-20T11:14:43+00:00","author":{"@id":"https:\/\/virtualnimuzej.aspira.hr\/#\/schema\/person\/8b28048370e78968988c04d6f1ba104d"},"breadcrumb":{"@id":"https:\/\/virtualnimuzej.aspira.hr\/es\/katia-gavranich-camargo\/#breadcrumb"},"inLanguage":"es","potentialAction":[{"@type":"ReadAction","target":["https:\/\/virtualnimuzej.aspira.hr\/es\/katia-gavranich-camargo\/"]}]},{"@type":"BreadcrumbList","@id":"https:\/\/virtualnimuzej.aspira.hr\/es\/katia-gavranich-camargo\/#breadcrumb","itemListElement":[{"@type":"ListItem","position":1,"name":"Naslovna","item":"https:\/\/virtualnimuzej.aspira.hr\/es\/"},{"@type":"ListItem","position":2,"name":"Katia Gavranich Camargo"}]},{"@type":"WebSite","@id":"https:\/\/virtualnimuzej.aspira.hr\/#website","url":"https:\/\/virtualnimuzej.aspira.hr\/","name":"Aspira Virtualni Muzej iseljeni\u0161tva Dalmacije","description":"Muzej iseljeni\u0161tva je zami\u0161ljen kao mjesto skupljanja i prezentacije gra\u0111e o hrvatskom iseljeni\u0161tvu i povijesti iseljavanja koja nikada nije bila dovoljno istra\u017eena.","potentialAction":[{"@type":"SearchAction","target":{"@type":"EntryPoint","urlTemplate":"https:\/\/virtualnimuzej.aspira.hr\/?s={search_term_string}"},"query-input":"required name=search_term_string"}],"inLanguage":"es"},{"@type":"Person","@id":"https:\/\/virtualnimuzej.aspira.hr\/#\/schema\/person\/8b28048370e78968988c04d6f1ba104d","name":"VmuzejAspira","image":{"@type":"ImageObject","inLanguage":"es","@id":"https:\/\/virtualnimuzej.aspira.hr\/#\/schema\/person\/image\/","url":"https:\/\/secure.gravatar.com\/avatar\/cfa7124a34eec5233efffe1e8fb23c18bb83abdb6129e8f47c9144109613a228?s=96&d=mm&r=g","contentUrl":"https:\/\/secure.gravatar.com\/avatar\/cfa7124a34eec5233efffe1e8fb23c18bb83abdb6129e8f47c9144109613a228?s=96&d=mm&r=g","caption":"VmuzejAspira"},"sameAs":["http:\/\/virtualnimuzej.aspira.hr"],"url":"https:\/\/virtualnimuzej.aspira.hr\/es\/author\/vmuzejaspira\/"}]}},"_links":{"self":[{"href":"https:\/\/virtualnimuzej.aspira.hr\/es\/wp-json\/wp\/v2\/posts\/13113","targetHints":{"allow":["GET"]}}],"collection":[{"href":"https:\/\/virtualnimuzej.aspira.hr\/es\/wp-json\/wp\/v2\/posts"}],"about":[{"href":"https:\/\/virtualnimuzej.aspira.hr\/es\/wp-json\/wp\/v2\/types\/post"}],"author":[{"embeddable":true,"href":"https:\/\/virtualnimuzej.aspira.hr\/es\/wp-json\/wp\/v2\/users\/1"}],"replies":[{"embeddable":true,"href":"https:\/\/virtualnimuzej.aspira.hr\/es\/wp-json\/wp\/v2\/comments?post=13113"}],"version-history":[{"count":1,"href":"https:\/\/virtualnimuzej.aspira.hr\/es\/wp-json\/wp\/v2\/posts\/13113\/revisions"}],"predecessor-version":[{"id":13114,"href":"https:\/\/virtualnimuzej.aspira.hr\/es\/wp-json\/wp\/v2\/posts\/13113\/revisions\/13114"}],"wp:featuredmedia":[{"embeddable":true,"href":"https:\/\/virtualnimuzej.aspira.hr\/es\/wp-json\/wp\/v2\/media\/13110"}],"wp:attachment":[{"href":"https:\/\/virtualnimuzej.aspira.hr\/es\/wp-json\/wp\/v2\/media?parent=13113"}],"wp:term":[{"taxonomy":"category","embeddable":true,"href":"https:\/\/virtualnimuzej.aspira.hr\/es\/wp-json\/wp\/v2\/categories?post=13113"},{"taxonomy":"post_tag","embeddable":true,"href":"https:\/\/virtualnimuzej.aspira.hr\/es\/wp-json\/wp\/v2\/tags?post=13113"}],"curies":[{"name":"wp","href":"https:\/\/api.w.org\/{rel}","templated":true}]}}