{"id":13234,"date":"2025-01-29T16:42:45","date_gmt":"2025-01-29T15:42:45","guid":{"rendered":"https:\/\/virtualnimuzej.aspira.hr\/?p=13234"},"modified":"2025-01-29T16:42:45","modified_gmt":"2025-01-29T15:42:45","slug":"una-calle-en-santa-cruz-de-la-sierra-lleva-el-nombre-de-dante-pavisich-ribera","status":"publish","type":"post","link":"https:\/\/virtualnimuzej.aspira.hr\/es\/una-calle-en-santa-cruz-de-la-sierra-lleva-el-nombre-de-dante-pavisich-ribera\/","title":{"rendered":"Una calle en Santa Cruz de la Sierra lleva el nombre de Dante Pavisich Ribera"},"content":{"rendered":"<p>Snje\u017eana Dedich nos ha enviado una hermosa noticia desde Bolivia:<\/p>\n<p>El Concejo Municipal de Santa Cruz de la Sierra ha decidido nombrar una de sus calles en honor a Dante Pavisich Ribera, destacado ingeniero civil y oficial militar, cuyo trabajo contribuy\u00f3 significativamente al desarrollo urbano de la ciudad.<\/p>\n<p>Dante Pavisich naci\u00f3 en 1923 en Santa Cruz de la Sierra, hijo de Frane Pavi\u0161i\u0107 Obilinovi\u0107, inmigrante d\u00e1lmata, y de Concepci\u00f3n Ribera, boliviana. Durante su infancia, la ciudad carec\u00eda de suministro continuo de agua potable y electricidad, y sus calles no estaban pavimentadas. Siendo a\u00fan un ni\u00f1o, prometi\u00f3 a su madre que cuando creciera, garantizar\u00eda el acceso a la electricidad durante todo el d\u00eda.<\/p>\n<p>Curs\u00f3 sus estudios en su ciudad natal y en el extranjero, completando sus estudios de posgrado en Estados Unidos. Tras regresar a Bolivia, se dedic\u00f3 al desarrollo de la infraestructura de Santa Cruz de la Sierra. A partir de 1966, impuls\u00f3 un plan de pavimentaci\u00f3n de calles con losas de piedra octagonales, consideradas en ese momento la mejor soluci\u00f3n. Algunas de estas losas a\u00fan se conservan como parte del patrimonio hist\u00f3rico de la ciudad. Adem\u00e1s, trabaj\u00f3 en la mejora del suministro de agua potable y electricidad, logrando que estuvieran disponibles las 24 horas del d\u00eda.<\/p>\n<p>Dante Pavisich se cas\u00f3 con Olga Rita y tuvo cuatro hijas, quienes actualmente residen en diferentes partes del mundo. Su legado sigue vivo en las transformaciones que marcaron el crecimiento de Santa Cruz de la Sierra. En reconocimiento a su invaluable aporte al desarrollo urbano y a la mejora de la calidad de vida, las autoridades municipales han decidido nombrar una calle en su honor.<\/p>\n<p>&nbsp;<\/p>\n<p><img decoding=\"async\" class=\"alignnone size-full wp-image-13219\" src=\"https:\/\/virtualnimuzej.aspira.hr\/wp-content\/uploads\/2025\/01\/images-1.jpg\" alt=\"\" width=\"275\" height=\"183\" \/><\/p>\n<p>&nbsp;<\/p>\n<p><img decoding=\"async\" class=\"alignnone size-full wp-image-13222\" src=\"https:\/\/virtualnimuzej.aspira.hr\/wp-content\/uploads\/2025\/01\/IMG-20250128-WA0011.jpg\" alt=\"\" width=\"960\" height=\"1280\" \/><\/p>\n<p>&nbsp;<\/p>\n\n\t\t<style type=\"text\/css\">\n\t\t\t#gallery-1 {\n\t\t\t\tmargin: auto;\n\t\t\t}\n\t\t\t#gallery-1 .gallery-item {\n\t\t\t\tfloat: left;\n\t\t\t\tmargin-top: 10px;\n\t\t\t\ttext-align: center;\n\t\t\t\twidth: 33%;\n\t\t\t}\n\t\t\t#gallery-1 img {\n\t\t\t\tborder: 2px solid #cfcfcf;\n\t\t\t}\n\t\t\t#gallery-1 .gallery-caption {\n\t\t\t\tmargin-left: 0;\n\t\t\t}\n\t\t\t\/* see gallery_shortcode() in wp-includes\/media.php *\/\n\t\t<\/style>\n\t\t<div id='gallery-1' class='gallery galleryid-13234 gallery-columns-3 gallery-size-thumbnail'><dl class='gallery-item'>\n\t\t\t<dt class='gallery-icon portrait'>\n\t\t\t\t<a data-rel=\"iLightbox[postimages]\" data-title=\"Ley 1751 Avda Dante Pavisich Ribera_250129_154647_3\" data-caption=\"\" href='https:\/\/virtualnimuzej.aspira.hr\/es\/ley-1751-avda-dante-pavisich-ribera_250129_154647_3-2\/'><img decoding=\"async\" width=\"97\" height=\"150\" src=\"https:\/\/virtualnimuzej.aspira.hr\/wp-content\/uploads\/2025\/01\/Ley-1751-Avda-Dante-Pavisich-Ribera_250129_154647_3.jpg\" class=\"attachment-thumbnail size-thumbnail\" alt=\"\" \/><\/a>\n\t\t\t<\/dt><\/dl><dl class='gallery-item'>\n\t\t\t<dt class='gallery-icon portrait'>\n\t\t\t\t<a data-rel=\"iLightbox[postimages]\" data-title=\"Ley 1751 Avda Dante Pavisich Ribera_250129_154647_2\" data-caption=\"\" href='https:\/\/virtualnimuzej.aspira.hr\/es\/ley-1751-avda-dante-pavisich-ribera_250129_154647_2-2\/'><img decoding=\"async\" width=\"97\" height=\"150\" src=\"https:\/\/virtualnimuzej.aspira.hr\/wp-content\/uploads\/2025\/01\/Ley-1751-Avda-Dante-Pavisich-Ribera_250129_154647_2.jpg\" class=\"attachment-thumbnail size-thumbnail\" alt=\"\" \/><\/a>\n\t\t\t<\/dt><\/dl><dl class='gallery-item'>\n\t\t\t<dt class='gallery-icon portrait'>\n\t\t\t\t<a data-rel=\"iLightbox[postimages]\" data-title=\"Ley 1751 Avda Dante Pavisich Ribera_250129_154647_1\" data-caption=\"\" href='https:\/\/virtualnimuzej.aspira.hr\/es\/ley-1751-avda-dante-pavisich-ribera_250129_154647_1-2\/'><img decoding=\"async\" width=\"106\" height=\"150\" src=\"https:\/\/virtualnimuzej.aspira.hr\/wp-content\/uploads\/2025\/01\/Ley-1751-Avda-Dante-Pavisich-Ribera_250129_154647_1.jpg\" class=\"attachment-thumbnail size-thumbnail\" alt=\"\" \/><\/a>\n\t\t\t<\/dt><\/dl><br style=\"clear: both\" \/>\n\t\t<\/div>\n\n<p>Branka Bezi\u0107 Filipovi\u0107<\/p>\n","protected":false},"excerpt":{"rendered":"<p>Snje\u017eana Dedich nos ha enviado una hermosa noticia desde Bolivia: El Concejo Municipal de Santa Cruz de la Sierra ha decidido nombrar una de sus calles en honor a Dante [&hellip;]<\/p>\n","protected":false},"author":1,"featured_media":13216,"comment_status":"open","ping_status":"open","sticky":false,"template":"","format":"standard","meta":{"footnotes":""},"categories":[76],"tags":[],"class_list":["post-13234","post","type-post","status-publish","format-standard","has-post-thumbnail","hentry","category-bolivia-es"],"yoast_head":"<!-- This site is optimized with the Yoast SEO plugin v20.7 - https:\/\/yoast.com\/wordpress\/plugins\/seo\/ -->\n<title>Una calle en Santa Cruz de la Sierra lleva el nombre de Dante Pavisich Ribera - Aspira Virtualni Muzej iseljeni\u0161tva Dalmacije<\/title>\n<meta name=\"robots\" content=\"index, follow, max-snippet:-1, max-image-preview:large, max-video-preview:-1\" \/>\n<link rel=\"canonical\" href=\"https:\/\/virtualnimuzej.aspira.hr\/es\/una-calle-en-santa-cruz-de-la-sierra-lleva-el-nombre-de-dante-pavisich-ribera\/\" \/>\n<meta property=\"og:locale\" content=\"es_ES\" \/>\n<meta property=\"og:type\" content=\"article\" \/>\n<meta property=\"og:title\" content=\"Una calle en Santa Cruz de la Sierra lleva el nombre de Dante Pavisich Ribera - Aspira Virtualni Muzej iseljeni\u0161tva Dalmacije\" \/>\n<meta property=\"og:description\" content=\"Snje\u017eana Dedich nos ha enviado una hermosa noticia desde Bolivia: El Concejo Municipal de Santa Cruz de la Sierra ha decidido nombrar una de sus calles en honor a Dante [&hellip;]\" \/>\n<meta property=\"og:url\" content=\"https:\/\/virtualnimuzej.aspira.hr\/es\/una-calle-en-santa-cruz-de-la-sierra-lleva-el-nombre-de-dante-pavisich-ribera\/\" \/>\n<meta property=\"og:site_name\" content=\"Aspira Virtualni Muzej iseljeni\u0161tva Dalmacije\" \/>\n<meta property=\"article:published_time\" content=\"2025-01-29T15:42:45+00:00\" \/>\n<meta property=\"og:image\" content=\"https:\/\/virtualnimuzej.aspira.hr\/wp-content\/uploads\/2025\/01\/images.jpg\" \/>\n\t<meta property=\"og:image:width\" content=\"275\" \/>\n\t<meta property=\"og:image:height\" content=\"183\" \/>\n\t<meta property=\"og:image:type\" content=\"image\/jpeg\" \/>\n<meta name=\"author\" content=\"VmuzejAspira\" \/>\n<meta name=\"twitter:card\" content=\"summary_large_image\" \/>\n<meta name=\"twitter:label1\" content=\"Escrito por\" \/>\n\t<meta name=\"twitter:data1\" content=\"VmuzejAspira\" \/>\n\t<meta name=\"twitter:label2\" content=\"Tiempo de lectura\" \/>\n\t<meta name=\"twitter:data2\" content=\"2 minutos\" \/>\n<script type=\"application\/ld+json\" class=\"yoast-schema-graph\">{\"@context\":\"https:\/\/schema.org\",\"@graph\":[{\"@type\":\"WebPage\",\"@id\":\"https:\/\/virtualnimuzej.aspira.hr\/es\/una-calle-en-santa-cruz-de-la-sierra-lleva-el-nombre-de-dante-pavisich-ribera\/\",\"url\":\"https:\/\/virtualnimuzej.aspira.hr\/es\/una-calle-en-santa-cruz-de-la-sierra-lleva-el-nombre-de-dante-pavisich-ribera\/\",\"name\":\"Una calle en Santa Cruz de la Sierra lleva el nombre de Dante Pavisich Ribera - Aspira Virtualni Muzej iseljeni\u0161tva Dalmacije\",\"isPartOf\":{\"@id\":\"https:\/\/virtualnimuzej.aspira.hr\/#website\"},\"datePublished\":\"2025-01-29T15:42:45+00:00\",\"dateModified\":\"2025-01-29T15:42:45+00:00\",\"author\":{\"@id\":\"https:\/\/virtualnimuzej.aspira.hr\/#\/schema\/person\/8b28048370e78968988c04d6f1ba104d\"},\"breadcrumb\":{\"@id\":\"https:\/\/virtualnimuzej.aspira.hr\/es\/una-calle-en-santa-cruz-de-la-sierra-lleva-el-nombre-de-dante-pavisich-ribera\/#breadcrumb\"},\"inLanguage\":\"es\",\"potentialAction\":[{\"@type\":\"ReadAction\",\"target\":[\"https:\/\/virtualnimuzej.aspira.hr\/es\/una-calle-en-santa-cruz-de-la-sierra-lleva-el-nombre-de-dante-pavisich-ribera\/\"]}]},{\"@type\":\"BreadcrumbList\",\"@id\":\"https:\/\/virtualnimuzej.aspira.hr\/es\/una-calle-en-santa-cruz-de-la-sierra-lleva-el-nombre-de-dante-pavisich-ribera\/#breadcrumb\",\"itemListElement\":[{\"@type\":\"ListItem\",\"position\":1,\"name\":\"Naslovna\",\"item\":\"https:\/\/virtualnimuzej.aspira.hr\/es\/\"},{\"@type\":\"ListItem\",\"position\":2,\"name\":\"Una calle en Santa Cruz de la Sierra lleva el nombre de Dante Pavisich Ribera\"}]},{\"@type\":\"WebSite\",\"@id\":\"https:\/\/virtualnimuzej.aspira.hr\/#website\",\"url\":\"https:\/\/virtualnimuzej.aspira.hr\/\",\"name\":\"Aspira Virtualni Muzej iseljeni\u0161tva Dalmacije\",\"description\":\"Muzej iseljeni\u0161tva je zami\u0161ljen kao mjesto skupljanja i prezentacije gra\u0111e o hrvatskom iseljeni\u0161tvu i povijesti iseljavanja koja nikada nije bila dovoljno istra\u017eena.\",\"potentialAction\":[{\"@type\":\"SearchAction\",\"target\":{\"@type\":\"EntryPoint\",\"urlTemplate\":\"https:\/\/virtualnimuzej.aspira.hr\/?s={search_term_string}\"},\"query-input\":\"required name=search_term_string\"}],\"inLanguage\":\"es\"},{\"@type\":\"Person\",\"@id\":\"https:\/\/virtualnimuzej.aspira.hr\/#\/schema\/person\/8b28048370e78968988c04d6f1ba104d\",\"name\":\"VmuzejAspira\",\"image\":{\"@type\":\"ImageObject\",\"inLanguage\":\"es\",\"@id\":\"https:\/\/virtualnimuzej.aspira.hr\/#\/schema\/person\/image\/\",\"url\":\"https:\/\/secure.gravatar.com\/avatar\/cfa7124a34eec5233efffe1e8fb23c18bb83abdb6129e8f47c9144109613a228?s=96&d=mm&r=g\",\"contentUrl\":\"https:\/\/secure.gravatar.com\/avatar\/cfa7124a34eec5233efffe1e8fb23c18bb83abdb6129e8f47c9144109613a228?s=96&d=mm&r=g\",\"caption\":\"VmuzejAspira\"},\"sameAs\":[\"http:\/\/virtualnimuzej.aspira.hr\"],\"url\":\"https:\/\/virtualnimuzej.aspira.hr\/es\/author\/vmuzejaspira\/\"}]}<\/script>\n<!-- \/ Yoast SEO plugin. -->","yoast_head_json":{"title":"Una calle en Santa Cruz de la Sierra lleva el nombre de Dante Pavisich Ribera - Aspira Virtualni Muzej iseljeni\u0161tva Dalmacije","robots":{"index":"index","follow":"follow","max-snippet":"max-snippet:-1","max-image-preview":"max-image-preview:large","max-video-preview":"max-video-preview:-1"},"canonical":"https:\/\/virtualnimuzej.aspira.hr\/es\/una-calle-en-santa-cruz-de-la-sierra-lleva-el-nombre-de-dante-pavisich-ribera\/","og_locale":"es_ES","og_type":"article","og_title":"Una calle en Santa Cruz de la Sierra lleva el nombre de Dante Pavisich Ribera - Aspira Virtualni Muzej iseljeni\u0161tva Dalmacije","og_description":"Snje\u017eana Dedich nos ha enviado una hermosa noticia desde Bolivia: El Concejo Municipal de Santa Cruz de la Sierra ha decidido nombrar una de sus calles en honor a Dante [&hellip;]","og_url":"https:\/\/virtualnimuzej.aspira.hr\/es\/una-calle-en-santa-cruz-de-la-sierra-lleva-el-nombre-de-dante-pavisich-ribera\/","og_site_name":"Aspira Virtualni Muzej iseljeni\u0161tva Dalmacije","article_published_time":"2025-01-29T15:42:45+00:00","og_image":[{"width":275,"height":183,"url":"https:\/\/virtualnimuzej.aspira.hr\/wp-content\/uploads\/2025\/01\/images.jpg","type":"image\/jpeg"}],"author":"VmuzejAspira","twitter_card":"summary_large_image","twitter_misc":{"Escrito por":"VmuzejAspira","Tiempo de lectura":"2 minutos"},"schema":{"@context":"https:\/\/schema.org","@graph":[{"@type":"WebPage","@id":"https:\/\/virtualnimuzej.aspira.hr\/es\/una-calle-en-santa-cruz-de-la-sierra-lleva-el-nombre-de-dante-pavisich-ribera\/","url":"https:\/\/virtualnimuzej.aspira.hr\/es\/una-calle-en-santa-cruz-de-la-sierra-lleva-el-nombre-de-dante-pavisich-ribera\/","name":"Una calle en Santa Cruz de la Sierra lleva el nombre de Dante Pavisich Ribera - Aspira Virtualni Muzej iseljeni\u0161tva Dalmacije","isPartOf":{"@id":"https:\/\/virtualnimuzej.aspira.hr\/#website"},"datePublished":"2025-01-29T15:42:45+00:00","dateModified":"2025-01-29T15:42:45+00:00","author":{"@id":"https:\/\/virtualnimuzej.aspira.hr\/#\/schema\/person\/8b28048370e78968988c04d6f1ba104d"},"breadcrumb":{"@id":"https:\/\/virtualnimuzej.aspira.hr\/es\/una-calle-en-santa-cruz-de-la-sierra-lleva-el-nombre-de-dante-pavisich-ribera\/#breadcrumb"},"inLanguage":"es","potentialAction":[{"@type":"ReadAction","target":["https:\/\/virtualnimuzej.aspira.hr\/es\/una-calle-en-santa-cruz-de-la-sierra-lleva-el-nombre-de-dante-pavisich-ribera\/"]}]},{"@type":"BreadcrumbList","@id":"https:\/\/virtualnimuzej.aspira.hr\/es\/una-calle-en-santa-cruz-de-la-sierra-lleva-el-nombre-de-dante-pavisich-ribera\/#breadcrumb","itemListElement":[{"@type":"ListItem","position":1,"name":"Naslovna","item":"https:\/\/virtualnimuzej.aspira.hr\/es\/"},{"@type":"ListItem","position":2,"name":"Una calle en Santa Cruz de la Sierra lleva el nombre de Dante Pavisich Ribera"}]},{"@type":"WebSite","@id":"https:\/\/virtualnimuzej.aspira.hr\/#website","url":"https:\/\/virtualnimuzej.aspira.hr\/","name":"Aspira Virtualni Muzej iseljeni\u0161tva Dalmacije","description":"Muzej iseljeni\u0161tva je zami\u0161ljen kao mjesto skupljanja i prezentacije gra\u0111e o hrvatskom iseljeni\u0161tvu i povijesti iseljavanja koja nikada nije bila dovoljno istra\u017eena.","potentialAction":[{"@type":"SearchAction","target":{"@type":"EntryPoint","urlTemplate":"https:\/\/virtualnimuzej.aspira.hr\/?s={search_term_string}"},"query-input":"required name=search_term_string"}],"inLanguage":"es"},{"@type":"Person","@id":"https:\/\/virtualnimuzej.aspira.hr\/#\/schema\/person\/8b28048370e78968988c04d6f1ba104d","name":"VmuzejAspira","image":{"@type":"ImageObject","inLanguage":"es","@id":"https:\/\/virtualnimuzej.aspira.hr\/#\/schema\/person\/image\/","url":"https:\/\/secure.gravatar.com\/avatar\/cfa7124a34eec5233efffe1e8fb23c18bb83abdb6129e8f47c9144109613a228?s=96&d=mm&r=g","contentUrl":"https:\/\/secure.gravatar.com\/avatar\/cfa7124a34eec5233efffe1e8fb23c18bb83abdb6129e8f47c9144109613a228?s=96&d=mm&r=g","caption":"VmuzejAspira"},"sameAs":["http:\/\/virtualnimuzej.aspira.hr"],"url":"https:\/\/virtualnimuzej.aspira.hr\/es\/author\/vmuzejaspira\/"}]}},"_links":{"self":[{"href":"https:\/\/virtualnimuzej.aspira.hr\/es\/wp-json\/wp\/v2\/posts\/13234","targetHints":{"allow":["GET"]}}],"collection":[{"href":"https:\/\/virtualnimuzej.aspira.hr\/es\/wp-json\/wp\/v2\/posts"}],"about":[{"href":"https:\/\/virtualnimuzej.aspira.hr\/es\/wp-json\/wp\/v2\/types\/post"}],"author":[{"embeddable":true,"href":"https:\/\/virtualnimuzej.aspira.hr\/es\/wp-json\/wp\/v2\/users\/1"}],"replies":[{"embeddable":true,"href":"https:\/\/virtualnimuzej.aspira.hr\/es\/wp-json\/wp\/v2\/comments?post=13234"}],"version-history":[{"count":1,"href":"https:\/\/virtualnimuzej.aspira.hr\/es\/wp-json\/wp\/v2\/posts\/13234\/revisions"}],"predecessor-version":[{"id":13235,"href":"https:\/\/virtualnimuzej.aspira.hr\/es\/wp-json\/wp\/v2\/posts\/13234\/revisions\/13235"}],"wp:featuredmedia":[{"embeddable":true,"href":"https:\/\/virtualnimuzej.aspira.hr\/es\/wp-json\/wp\/v2\/media\/13216"}],"wp:attachment":[{"href":"https:\/\/virtualnimuzej.aspira.hr\/es\/wp-json\/wp\/v2\/media?parent=13234"}],"wp:term":[{"taxonomy":"category","embeddable":true,"href":"https:\/\/virtualnimuzej.aspira.hr\/es\/wp-json\/wp\/v2\/categories?post=13234"},{"taxonomy":"post_tag","embeddable":true,"href":"https:\/\/virtualnimuzej.aspira.hr\/es\/wp-json\/wp\/v2\/tags?post=13234"}],"curies":[{"name":"wp","href":"https:\/\/api.w.org\/{rel}","templated":true}]}}