{"id":13290,"date":"2025-02-12T16:12:56","date_gmt":"2025-02-12T15:12:56","guid":{"rendered":"https:\/\/virtualnimuzej.aspira.hr\/?p=13290"},"modified":"2025-02-12T16:12:56","modified_gmt":"2025-02-12T15:12:56","slug":"el-ultimo-noble-de-la-region-de-neretva","status":"publish","type":"post","link":"https:\/\/virtualnimuzej.aspira.hr\/es\/el-ultimo-noble-de-la-region-de-neretva\/","title":{"rendered":"EL \u00daLTIMO NOBLE DE LA REGI\u00d3N DE NERETVA"},"content":{"rendered":"<p data-start=\"43\" data-end=\"368\">Seg\u00fan los datos proporcionados por el historiador Mijo Igor Ostoji\u0107, la familia Dominikovi\u0107 de Metkovi\u0107 obtuvo un t\u00edtulo nobiliario del emperador Francisco Jos\u00e9. Seg\u00fan la tradici\u00f3n, el emperador pas\u00f3 la noche en su casa durante un viaje por el valle del Neretva, lo que result\u00f3 en la concesi\u00f3n de la nobleza a esta familia.<\/p>\n<p data-start=\"370\" data-end=\"940\">El miembro m\u00e1s destacado de la familia fue Filip Miho Dominikovi\u0107 (Metkovi\u0107, 1893 \u2013 Buenos Aires, 1951), diplom\u00e1tico y traductor. Se form\u00f3 en la Facultad de Derecho de Zagreb y, tras sus estudios, ejerci\u00f3 la abogac\u00eda. Con el establecimiento del Reino de Serbios, Croatas y Eslovenos, ingres\u00f3 en el servicio diplom\u00e1tico y ocup\u00f3 el cargo de encargado de negocios en la embajada yugoslava en Buenos Aires. Permaneci\u00f3 en esa posici\u00f3n hasta el final de la Segunda Guerra Mundial, cuando fue destituido debido a sus posturas anticomunistas y su abierto apoyo a la monarqu\u00eda.<\/p>\n<p data-start=\"370\" data-end=\"940\">\n<p data-start=\"370\" data-end=\"940\"><img decoding=\"async\" class=\"alignnone size-full wp-image-13278\" src=\"https:\/\/virtualnimuzej.aspira.hr\/wp-content\/uploads\/2025\/02\/IMG-20250212-WA0000.jpg\" alt=\"\" width=\"1124\" height=\"1480\" \/><\/p>\n<p data-start=\"370\" data-end=\"940\">\n<p data-start=\"942\" data-end=\"1510\">Filip Miho Dominikovi\u0107 tuvo tres hijos: Vudro, Knut y Atila, pero, aunque no vivi\u00f3 muchos a\u00f1os, sobrevivi\u00f3 a los tres. Dej\u00f3 tras de s\u00ed una rica obra de traducci\u00f3n, que abarca m\u00e1s de veinte obras de destacados autores como Niccol\u00f2 Machiavelli, Luigi Pirandello, Gustave Flaubert, Ernest Renan y Rabindranath Tagore. En Buenos Aires fue editor del peri\u00f3dico <em data-start=\"1298\" data-end=\"1307\">Protest<\/em>, que se public\u00f3 de manera irregular desde 1944.<\/p>\n<p data-start=\"942\" data-end=\"1510\">\n<p data-start=\"942\" data-end=\"1510\"><img decoding=\"async\" class=\"alignnone size-full wp-image-13281\" src=\"https:\/\/virtualnimuzej.aspira.hr\/wp-content\/uploads\/2025\/02\/20250212_150214.jpg\" alt=\"\" width=\"3572\" height=\"1767\" \/><\/p>\n<p data-start=\"942\" data-end=\"1510\">\n<p data-start=\"942\" data-end=\"1510\">Su direcci\u00f3n estaba registrada en el tercer piso del primer edificio construido para alquiler en Argentina, en O\u2019Higgins 2319, en el barrio de Belgrano.<\/p>\n<p data-start=\"942\" data-end=\"1510\">\n<p data-start=\"942\" data-end=\"1510\"><img decoding=\"async\" class=\"alignnone size-full wp-image-13284\" src=\"https:\/\/virtualnimuzej.aspira.hr\/wp-content\/uploads\/2025\/02\/20250212_150505.jpg\" alt=\"\" width=\"869\" height=\"1465\" \/><\/p>\n<p data-start=\"942\" data-end=\"1510\">\n<p data-start=\"942\" data-end=\"1510\"><img decoding=\"async\" class=\"alignnone size-full wp-image-13287\" src=\"https:\/\/virtualnimuzej.aspira.hr\/wp-content\/uploads\/2025\/02\/tumblr_mpbg0auJ3Y1svo2jmo1_1280.jpg\" alt=\"\" width=\"898\" height=\"1242\" \/><\/p>\n<p data-start=\"942\" data-end=\"1510\">\n<p data-start=\"1512\" data-end=\"1692\" data-is-last-node=\"\">Filip Miho Dominikovi\u0107 qued\u00f3 en la memoria como el \u00faltimo representante de la \u00fanica familia de Neretva que recibi\u00f3 un t\u00edtulo nobiliario durante el per\u00edodo de la Dalmacia austr\u00edaca.<\/p>\n","protected":false},"excerpt":{"rendered":"<p>Seg\u00fan los datos proporcionados por el historiador Mijo Igor Ostoji\u0107, la familia Dominikovi\u0107 de Metkovi\u0107 obtuvo un t\u00edtulo nobiliario del emperador Francisco Jos\u00e9. Seg\u00fan la tradici\u00f3n, el emperador pas\u00f3 la [&hellip;]<\/p>\n","protected":false},"author":1,"featured_media":13275,"comment_status":"open","ping_status":"open","sticky":false,"template":"","format":"standard","meta":{"footnotes":""},"categories":[75],"tags":[],"class_list":["post-13290","post","type-post","status-publish","format-standard","has-post-thumbnail","hentry","category-argentina-es"],"yoast_head":"<!-- This site is optimized with the Yoast SEO plugin v20.7 - https:\/\/yoast.com\/wordpress\/plugins\/seo\/ -->\n<title>EL \u00daLTIMO NOBLE DE LA REGI\u00d3N DE NERETVA - Aspira Virtualni Muzej iseljeni\u0161tva Dalmacije<\/title>\n<meta name=\"robots\" content=\"index, follow, max-snippet:-1, max-image-preview:large, max-video-preview:-1\" \/>\n<link rel=\"canonical\" href=\"https:\/\/virtualnimuzej.aspira.hr\/es\/el-ultimo-noble-de-la-region-de-neretva\/\" \/>\n<meta property=\"og:locale\" content=\"es_ES\" \/>\n<meta property=\"og:type\" content=\"article\" \/>\n<meta property=\"og:title\" content=\"EL \u00daLTIMO NOBLE DE LA REGI\u00d3N DE NERETVA - Aspira Virtualni Muzej iseljeni\u0161tva Dalmacije\" \/>\n<meta property=\"og:description\" content=\"Seg\u00fan los datos proporcionados por el historiador Mijo Igor Ostoji\u0107, la familia Dominikovi\u0107 de Metkovi\u0107 obtuvo un t\u00edtulo nobiliario del emperador Francisco Jos\u00e9. Seg\u00fan la tradici\u00f3n, el emperador pas\u00f3 la [&hellip;]\" \/>\n<meta property=\"og:url\" content=\"https:\/\/virtualnimuzej.aspira.hr\/es\/el-ultimo-noble-de-la-region-de-neretva\/\" \/>\n<meta property=\"og:site_name\" content=\"Aspira Virtualni Muzej iseljeni\u0161tva Dalmacije\" \/>\n<meta property=\"article:published_time\" content=\"2025-02-12T15:12:56+00:00\" \/>\n<meta property=\"og:image\" content=\"https:\/\/virtualnimuzej.aspira.hr\/wp-content\/uploads\/2025\/02\/alvear_portada.jpg\" \/>\n\t<meta property=\"og:image:width\" content=\"1200\" \/>\n\t<meta property=\"og:image:height\" content=\"600\" \/>\n\t<meta property=\"og:image:type\" content=\"image\/jpeg\" \/>\n<meta name=\"author\" content=\"VmuzejAspira\" \/>\n<meta name=\"twitter:card\" content=\"summary_large_image\" \/>\n<meta name=\"twitter:label1\" content=\"Escrito por\" \/>\n\t<meta name=\"twitter:data1\" content=\"VmuzejAspira\" \/>\n\t<meta name=\"twitter:label2\" content=\"Tiempo de lectura\" \/>\n\t<meta name=\"twitter:data2\" content=\"3 minutos\" \/>\n<script type=\"application\/ld+json\" class=\"yoast-schema-graph\">{\"@context\":\"https:\/\/schema.org\",\"@graph\":[{\"@type\":\"WebPage\",\"@id\":\"https:\/\/virtualnimuzej.aspira.hr\/es\/el-ultimo-noble-de-la-region-de-neretva\/\",\"url\":\"https:\/\/virtualnimuzej.aspira.hr\/es\/el-ultimo-noble-de-la-region-de-neretva\/\",\"name\":\"EL \u00daLTIMO NOBLE DE LA REGI\u00d3N DE NERETVA - Aspira Virtualni Muzej iseljeni\u0161tva Dalmacije\",\"isPartOf\":{\"@id\":\"https:\/\/virtualnimuzej.aspira.hr\/#website\"},\"datePublished\":\"2025-02-12T15:12:56+00:00\",\"dateModified\":\"2025-02-12T15:12:56+00:00\",\"author\":{\"@id\":\"https:\/\/virtualnimuzej.aspira.hr\/#\/schema\/person\/8b28048370e78968988c04d6f1ba104d\"},\"breadcrumb\":{\"@id\":\"https:\/\/virtualnimuzej.aspira.hr\/es\/el-ultimo-noble-de-la-region-de-neretva\/#breadcrumb\"},\"inLanguage\":\"es\",\"potentialAction\":[{\"@type\":\"ReadAction\",\"target\":[\"https:\/\/virtualnimuzej.aspira.hr\/es\/el-ultimo-noble-de-la-region-de-neretva\/\"]}]},{\"@type\":\"BreadcrumbList\",\"@id\":\"https:\/\/virtualnimuzej.aspira.hr\/es\/el-ultimo-noble-de-la-region-de-neretva\/#breadcrumb\",\"itemListElement\":[{\"@type\":\"ListItem\",\"position\":1,\"name\":\"Naslovna\",\"item\":\"https:\/\/virtualnimuzej.aspira.hr\/es\/\"},{\"@type\":\"ListItem\",\"position\":2,\"name\":\"EL \u00daLTIMO NOBLE DE LA REGI\u00d3N DE NERETVA\"}]},{\"@type\":\"WebSite\",\"@id\":\"https:\/\/virtualnimuzej.aspira.hr\/#website\",\"url\":\"https:\/\/virtualnimuzej.aspira.hr\/\",\"name\":\"Aspira Virtualni Muzej iseljeni\u0161tva Dalmacije\",\"description\":\"Muzej iseljeni\u0161tva je zami\u0161ljen kao mjesto skupljanja i prezentacije gra\u0111e o hrvatskom iseljeni\u0161tvu i povijesti iseljavanja koja nikada nije bila dovoljno istra\u017eena.\",\"potentialAction\":[{\"@type\":\"SearchAction\",\"target\":{\"@type\":\"EntryPoint\",\"urlTemplate\":\"https:\/\/virtualnimuzej.aspira.hr\/?s={search_term_string}\"},\"query-input\":\"required name=search_term_string\"}],\"inLanguage\":\"es\"},{\"@type\":\"Person\",\"@id\":\"https:\/\/virtualnimuzej.aspira.hr\/#\/schema\/person\/8b28048370e78968988c04d6f1ba104d\",\"name\":\"VmuzejAspira\",\"image\":{\"@type\":\"ImageObject\",\"inLanguage\":\"es\",\"@id\":\"https:\/\/virtualnimuzej.aspira.hr\/#\/schema\/person\/image\/\",\"url\":\"https:\/\/secure.gravatar.com\/avatar\/cfa7124a34eec5233efffe1e8fb23c18bb83abdb6129e8f47c9144109613a228?s=96&d=mm&r=g\",\"contentUrl\":\"https:\/\/secure.gravatar.com\/avatar\/cfa7124a34eec5233efffe1e8fb23c18bb83abdb6129e8f47c9144109613a228?s=96&d=mm&r=g\",\"caption\":\"VmuzejAspira\"},\"sameAs\":[\"http:\/\/virtualnimuzej.aspira.hr\"],\"url\":\"https:\/\/virtualnimuzej.aspira.hr\/es\/author\/vmuzejaspira\/\"}]}<\/script>\n<!-- \/ Yoast SEO plugin. -->","yoast_head_json":{"title":"EL \u00daLTIMO NOBLE DE LA REGI\u00d3N DE NERETVA - Aspira Virtualni Muzej iseljeni\u0161tva Dalmacije","robots":{"index":"index","follow":"follow","max-snippet":"max-snippet:-1","max-image-preview":"max-image-preview:large","max-video-preview":"max-video-preview:-1"},"canonical":"https:\/\/virtualnimuzej.aspira.hr\/es\/el-ultimo-noble-de-la-region-de-neretva\/","og_locale":"es_ES","og_type":"article","og_title":"EL \u00daLTIMO NOBLE DE LA REGI\u00d3N DE NERETVA - Aspira Virtualni Muzej iseljeni\u0161tva Dalmacije","og_description":"Seg\u00fan los datos proporcionados por el historiador Mijo Igor Ostoji\u0107, la familia Dominikovi\u0107 de Metkovi\u0107 obtuvo un t\u00edtulo nobiliario del emperador Francisco Jos\u00e9. Seg\u00fan la tradici\u00f3n, el emperador pas\u00f3 la [&hellip;]","og_url":"https:\/\/virtualnimuzej.aspira.hr\/es\/el-ultimo-noble-de-la-region-de-neretva\/","og_site_name":"Aspira Virtualni Muzej iseljeni\u0161tva Dalmacije","article_published_time":"2025-02-12T15:12:56+00:00","og_image":[{"width":1200,"height":600,"url":"https:\/\/virtualnimuzej.aspira.hr\/wp-content\/uploads\/2025\/02\/alvear_portada.jpg","type":"image\/jpeg"}],"author":"VmuzejAspira","twitter_card":"summary_large_image","twitter_misc":{"Escrito por":"VmuzejAspira","Tiempo de lectura":"3 minutos"},"schema":{"@context":"https:\/\/schema.org","@graph":[{"@type":"WebPage","@id":"https:\/\/virtualnimuzej.aspira.hr\/es\/el-ultimo-noble-de-la-region-de-neretva\/","url":"https:\/\/virtualnimuzej.aspira.hr\/es\/el-ultimo-noble-de-la-region-de-neretva\/","name":"EL \u00daLTIMO NOBLE DE LA REGI\u00d3N DE NERETVA - Aspira Virtualni Muzej iseljeni\u0161tva Dalmacije","isPartOf":{"@id":"https:\/\/virtualnimuzej.aspira.hr\/#website"},"datePublished":"2025-02-12T15:12:56+00:00","dateModified":"2025-02-12T15:12:56+00:00","author":{"@id":"https:\/\/virtualnimuzej.aspira.hr\/#\/schema\/person\/8b28048370e78968988c04d6f1ba104d"},"breadcrumb":{"@id":"https:\/\/virtualnimuzej.aspira.hr\/es\/el-ultimo-noble-de-la-region-de-neretva\/#breadcrumb"},"inLanguage":"es","potentialAction":[{"@type":"ReadAction","target":["https:\/\/virtualnimuzej.aspira.hr\/es\/el-ultimo-noble-de-la-region-de-neretva\/"]}]},{"@type":"BreadcrumbList","@id":"https:\/\/virtualnimuzej.aspira.hr\/es\/el-ultimo-noble-de-la-region-de-neretva\/#breadcrumb","itemListElement":[{"@type":"ListItem","position":1,"name":"Naslovna","item":"https:\/\/virtualnimuzej.aspira.hr\/es\/"},{"@type":"ListItem","position":2,"name":"EL \u00daLTIMO NOBLE DE LA REGI\u00d3N DE NERETVA"}]},{"@type":"WebSite","@id":"https:\/\/virtualnimuzej.aspira.hr\/#website","url":"https:\/\/virtualnimuzej.aspira.hr\/","name":"Aspira Virtualni Muzej iseljeni\u0161tva Dalmacije","description":"Muzej iseljeni\u0161tva je zami\u0161ljen kao mjesto skupljanja i prezentacije gra\u0111e o hrvatskom iseljeni\u0161tvu i povijesti iseljavanja koja nikada nije bila dovoljno istra\u017eena.","potentialAction":[{"@type":"SearchAction","target":{"@type":"EntryPoint","urlTemplate":"https:\/\/virtualnimuzej.aspira.hr\/?s={search_term_string}"},"query-input":"required name=search_term_string"}],"inLanguage":"es"},{"@type":"Person","@id":"https:\/\/virtualnimuzej.aspira.hr\/#\/schema\/person\/8b28048370e78968988c04d6f1ba104d","name":"VmuzejAspira","image":{"@type":"ImageObject","inLanguage":"es","@id":"https:\/\/virtualnimuzej.aspira.hr\/#\/schema\/person\/image\/","url":"https:\/\/secure.gravatar.com\/avatar\/cfa7124a34eec5233efffe1e8fb23c18bb83abdb6129e8f47c9144109613a228?s=96&d=mm&r=g","contentUrl":"https:\/\/secure.gravatar.com\/avatar\/cfa7124a34eec5233efffe1e8fb23c18bb83abdb6129e8f47c9144109613a228?s=96&d=mm&r=g","caption":"VmuzejAspira"},"sameAs":["http:\/\/virtualnimuzej.aspira.hr"],"url":"https:\/\/virtualnimuzej.aspira.hr\/es\/author\/vmuzejaspira\/"}]}},"_links":{"self":[{"href":"https:\/\/virtualnimuzej.aspira.hr\/es\/wp-json\/wp\/v2\/posts\/13290","targetHints":{"allow":["GET"]}}],"collection":[{"href":"https:\/\/virtualnimuzej.aspira.hr\/es\/wp-json\/wp\/v2\/posts"}],"about":[{"href":"https:\/\/virtualnimuzej.aspira.hr\/es\/wp-json\/wp\/v2\/types\/post"}],"author":[{"embeddable":true,"href":"https:\/\/virtualnimuzej.aspira.hr\/es\/wp-json\/wp\/v2\/users\/1"}],"replies":[{"embeddable":true,"href":"https:\/\/virtualnimuzej.aspira.hr\/es\/wp-json\/wp\/v2\/comments?post=13290"}],"version-history":[{"count":1,"href":"https:\/\/virtualnimuzej.aspira.hr\/es\/wp-json\/wp\/v2\/posts\/13290\/revisions"}],"predecessor-version":[{"id":13291,"href":"https:\/\/virtualnimuzej.aspira.hr\/es\/wp-json\/wp\/v2\/posts\/13290\/revisions\/13291"}],"wp:featuredmedia":[{"embeddable":true,"href":"https:\/\/virtualnimuzej.aspira.hr\/es\/wp-json\/wp\/v2\/media\/13275"}],"wp:attachment":[{"href":"https:\/\/virtualnimuzej.aspira.hr\/es\/wp-json\/wp\/v2\/media?parent=13290"}],"wp:term":[{"taxonomy":"category","embeddable":true,"href":"https:\/\/virtualnimuzej.aspira.hr\/es\/wp-json\/wp\/v2\/categories?post=13290"},{"taxonomy":"post_tag","embeddable":true,"href":"https:\/\/virtualnimuzej.aspira.hr\/es\/wp-json\/wp\/v2\/tags?post=13290"}],"curies":[{"name":"wp","href":"https:\/\/api.w.org\/{rel}","templated":true}]}}