{"id":13406,"date":"2025-02-25T17:14:06","date_gmt":"2025-02-25T16:14:06","guid":{"rendered":"https:\/\/virtualnimuzej.aspira.hr\/?p=13406"},"modified":"2025-02-25T17:14:06","modified_gmt":"2025-02-25T16:14:06","slug":"el-vetusto-puentecito-de-los-croatas","status":"publish","type":"post","link":"https:\/\/virtualnimuzej.aspira.hr\/es\/el-vetusto-puentecito-de-los-croatas\/","title":{"rendered":"El vetusto puentecito de los croatas"},"content":{"rendered":"<p>Fotos y texto del autor: Luko Hilje (luko@ice.co.cr)<\/p>\n<p>&nbsp;<\/p>\n<p>Hace unos a\u00f1os le ped\u00ed a Brunilda, mi hermana mayor, las fotograf\u00edas que se conservan en nuestros archivos familiares \u2014reunidas en varios \u00e1lbumes y cajas\u2014, para escanearlas y dar copias a todos mis hermanos. Entre los centenares de im\u00e1genes que pude reproducir \u2014aunque no he tenido tiempo de rotularlas, pues es una tarea sumamente laboriosa\u2014, las hay de diversos tama\u00f1os. Aunque algunas son tan peque\u00f1as que se necesita una lupa de gran aumento para distinguir qui\u00e9nes son las personas retratadas, hoy las computadoras permiten hacer ampliaciones al instante, y me he entretenido mucho tratando de reconocer identidades, vestimentas y ambientes, que de inmediato lo transportan a uno gratamente al pret\u00e9rito. \u00a1Cu\u00e1nta nostalgia por las cosas idas!<\/p>\n<p>&nbsp;<\/p>\n<p>Fue as\u00ed como, entre las fotos de formato peque\u00f1o, aparecieron dos totalmente at\u00edpicas, pues no pertenecen al entorno hogare\u00f1o, sino a uno rural y agreste. En ellas se observan unos hombres trabajando en la construcci\u00f3n de un peque\u00f1o puente de concreto, circundado por la vegetaci\u00f3n caracter\u00edstica del bosque seco que caracteriza a la vertiente del Pac\u00edfico del pa\u00eds.<\/p>\n<p>&nbsp;<\/p>\n<p>Aunque, inicialmente, no repar\u00e9 mucho en los detalles, un d\u00eda me interes\u00e9 m\u00e1s, y le pregunt\u00e9 a Brunilda qu\u00e9 sab\u00eda de esas im\u00e1genes, a lo cual me respondi\u00f3 que est\u00e1n en los archivos familiares porque esos trabajadores eran croatas, entre ellos nuestro padre, quien para entonces rondaba los 52 a\u00f1os de edad y ten\u00eda siete u ocho hijos que mantener. Adem\u00e1s, me narr\u00f3 que las fotos datan de cuando, durante la Segunda Guerra Mundial, se constru\u00eda la Carretera Interamericana \u2014iniciada en 1930\u2014, y que el lugar corresponde a un punto cercano al muy c\u00e1lido puerto de Puntarenas. Asimismo, me cont\u00f3 que alguna vez llegaron a almorzar en nuestra casa, en Naranjo, Alajuela, el ingeniero estadounidense que dirig\u00eda el proyecto y algunos de esos croatas. Supongo que fue este se\u00f1or quien tom\u00f3 las fotos para documentar gr\u00e1ficamente el avance del proyecto, y que les regal\u00f3 copias a sus subalternos.<\/p>\n<p>&nbsp;<\/p>\n<p><img decoding=\"async\" class=\"alignnone size-full wp-image-13388\" src=\"https:\/\/virtualnimuzej.aspira.hr\/wp-content\/uploads\/2025\/02\/Portada-Puente-sobre-rio-Naranjito-en-Miramar-Grupo-obreros-croatas.jpg\" alt=\"\" width=\"962\" height=\"585\" \/>Obreros croatas construyendo el puente sobre el r\u00edo Naranjito, en 1944.<\/p>\n<p>&nbsp;<\/p>\n<p><img decoding=\"async\" class=\"alignnone size-full wp-image-13403\" src=\"https:\/\/virtualnimuzej.aspira.hr\/wp-content\/uploads\/2025\/02\/1-Croatas-sobre-el-puente-del-rio-Naranjito-en-Miramar.jpg\" alt=\"\" width=\"977\" height=\"659\" \/>Dos trabajadores croatas conversando, sobre el puente del r\u00edo Naranjito.<\/p>\n<p>&nbsp;<\/p>\n<p>Ahora bien, dado que a menudo publico fotograf\u00edas antiguas en la secci\u00f3n <em>El \u00c1lbum<\/em>, de la <em>Revista Dominical<\/em> del diario <em>La Naci\u00f3n<\/em>, en octubre pasado envi\u00e9 una de esas dos fotos, la cual acompa\u00f1\u00e9 con la siguiente leyenda: <em>\u201c1944. Obreros construyendo uno de los puentes en la Carretera Interamericana, cerca de Puntarenas. Entre ellos hab\u00eda algunos croatas, incluido mi padre, Pasko Hilje <\/em><em>Vule<\/em><em>\u0161a\u201d<\/em>. Eso s\u00ed, persist\u00eda en m\u00ed la duda de si ese puentecito estaba en las inmediaciones de Esparza, pues sab\u00eda que pap\u00e1 hab\u00eda trabajado un tiempo en Macacona y Cambronero, pero no recordaba haber visto nunca un puente tan peculiar \u2014pues no hay otro igual en la ruta\u2014 en ese sector de la carretera. M\u00e1s bien, me parec\u00eda que era en las proximidades del cruce hacia Miramar.<\/p>\n<p>&nbsp;<\/p>\n<p>Para mi fortuna, al d\u00eda siguiente de que la foto apareci\u00f3 en la <em>Revista Dominical<\/em>, al conversar con el amigo Nelson Arroyo Gonz\u00e1lez \u2014ge\u00f3grafo jubilado de la Universidad Nacional, as\u00ed como gran conocedor del territorio nacional\u2014, corrobor\u00f3 mi conjetura de que ese puente a\u00fan existe, e incluso me especific\u00f3 su ubicaci\u00f3n exacta: sobre el r\u00edo Naranjito, en una recta que corre en el tramo comprendido entre las instalaciones de la Refinadora Costarricense de Petr\u00f3leo (RECOPE), en Barranca, y la localidad de Cuatro Cruces, que es donde est\u00e1 la v\u00eda que conduce al pintoresco poblado de Miramar, engastado en las alturas de la Sierra Minera.<\/p>\n<p>&nbsp;<\/p>\n<p><img decoding=\"async\" class=\"alignnone size-full wp-image-13391\" src=\"https:\/\/virtualnimuzej.aspira.hr\/wp-content\/uploads\/2025\/02\/mapa-2.jpg\" alt=\"\" width=\"456\" height=\"392\" \/><\/p>\n<p>&nbsp;<\/p>\n<p>Para que no quedaran dudas, esto lo refrend\u00f3 d\u00edas despu\u00e9s Roberto Barahona Camacho, amigo turrialbe\u00f1o cuya esposa es de Miramar, donde \u00e9l vivi\u00f3 varios a\u00f1os. Adem\u00e1s, me indic\u00f3 que <em>\u201c<\/em><em>se llama el puente del Naranjito, y al valle se le conoce como el Bajo de El Naranjo\u201d<\/em>; asimismo, que el primero es un brazo o desag\u00fce del r\u00edo Naranjo, y que \u00e9ste es el l\u00edmite entre Barranca y el cant\u00f3n de Montes de Oro. Y, para abundar, poco despu\u00e9s Nelson le consult\u00f3 a Maureen Morales Chac\u00f3n, otrora estudiante suya que vive en Puntarenas y trabaja en Miramar, por lo que todos los d\u00edas debe cruzar ese puente; ella tambi\u00e9n manifest\u00f3 que el r\u00edo se ha desbordado varias veces en ese punto, como ocurri\u00f3 en octubre de 2023 y marzo de 2024, cuando hubo inundaciones que afectaron muy seriamente la circulaci\u00f3n de veh\u00edculos.<\/p>\n<p>&nbsp;<\/p>\n<p>As\u00ed que, ya aclarada su localizaci\u00f3n, mi deseo era conseguir fotos recientes del vetusto puentecito. Sin embargo, ahora voy poco por esa zona. Y, aunque mi hija y su esposo en diciembre fueron de paseo a Monteverde, el tiempo no fue el \u00f3ptimo para tomar buenas fotos. La verdad es que tem\u00eda no poder contar con ellas antes de que el puentecito pudiera ser demolido, debido a las nuevas obras de ampliaci\u00f3n de la Carretera Interamericana.<\/p>\n<p>&nbsp;<\/p>\n<p>No obstante, por fortuna, a inicios de febrero, gracias a un viaje de trabajo para un proyecto hist\u00f3rico-c\u00edvico que se realiza en el Parque Nacional Santa Rosa, pas\u00e9 por ah\u00ed junto con el entra\u00f1able amigo Mauricio Ortiz Ortiz, empresario en el ramo de los fletes y las mudanzas internacionales, as\u00ed como exembajador de Costa Rica en Canad\u00e1. Como la ma\u00f1ana era ideal para tomar tan ansiadas fotos, le coment\u00e9 del asunto y, con la gentileza que lo caracteriza, accedi\u00f3 de inmediato a que hici\u00e9ramos una dilatada parada para captar im\u00e1genes del puente desde diferentes \u00e1ngulos, incluido el cauce del r\u00edo.<\/p>\n<p>&nbsp;<\/p>\n<p><img decoding=\"async\" class=\"alignnone size-full wp-image-13394\" src=\"https:\/\/virtualnimuzej.aspira.hr\/wp-content\/uploads\/2025\/02\/2-Puente-Rio-Naranjito-Miramar-Baranda-Vista-completa.jpg\" alt=\"\" width=\"3580\" height=\"2222\" \/><\/p>\n<p>&nbsp;<\/p>\n<p><img decoding=\"async\" class=\"alignnone size-full wp-image-13397\" src=\"https:\/\/virtualnimuzej.aspira.hr\/wp-content\/uploads\/2025\/02\/3-Puente-Rio-Naranjito-Miramar-Vista-desde-el-cauce-del-rio.jpg\" alt=\"\" width=\"4032\" height=\"3024\" \/><\/p>\n<p>&nbsp;<\/p>\n<p>Por cierto, al conversar con uno de los obreros que trabajan en el nuevo puente, me dijo que el puentecito ser\u00e1 eliminado cuando se construya la otra mitad del gran puente que ellos est\u00e1n erigiendo, pues estorbar\u00eda para estas labores. Aunque lo present\u00eda, me doli\u00f3 mucho su respuesta, que me son\u00f3 lapidaria, como un veredicto cruel e inapelable.<\/p>\n<p>&nbsp;<\/p>\n<p>Ignoro si en los 5470 km de recorrido de la Carretera Interamericana, desde la ciudad fronteriza de Nuevo Laredo, en Tamaulipas, M\u00e9xico, hasta la poblaci\u00f3n de Yaviza, sumergida en las selvas del Dari\u00e9n, en Panam\u00e1, habr\u00e1 un puente igual. Tal vez s\u00ed, pues pareciera que no tiene nada de especial: mide apenas unos 50 m de longitud y es de l\u00edneas simples. Pero, eso s\u00ed, es tan firme, que ha soportado fuerte crecidas del r\u00edo y terremotos, as\u00ed como las vibraciones provocadas por el incesante flujo de autom\u00f3viles, autobuses y muy pesados camiones de carga por nada menos que 80 a\u00f1os. Y ah\u00ed est\u00e1, calladamente inc\u00f3lume.<\/p>\n<p>&nbsp;<\/p>\n<p><img decoding=\"async\" class=\"alignnone size-full wp-image-13400\" src=\"https:\/\/virtualnimuzej.aspira.hr\/wp-content\/uploads\/2025\/02\/20250225_164346.jpg\" alt=\"\" width=\"3364\" height=\"1848\" \/>El grande y nuevo puente en construcci\u00f3n, al lado del peque\u00f1o puente sobre el r\u00edo Naranjito.<\/p>\n<p>&nbsp;<\/p>\n<p>En mi caso, ahora que he recuperado y comprendo su sentido y su significado, el puentecito tiene un inmenso valor sentimental, pues en sus bellamente sobrios bastiones y barandas est\u00e1n la impronta de mi padre y de varios de sus compatriotas. Laboriosos e infatigables extranjeros, ellos dieron lo mejor de s\u00ed mismos en esta y otras obras, no solo para ganarse la vida, sino que tambi\u00e9n para retribuir todo cuanto recibieron de su patria adoptiva.<\/p>\n<p>&nbsp;<\/p>\n<p>&nbsp;<\/p>\n<p><strong>\u00a0<\/strong><\/p>\n<p><strong>\u00a0<\/strong><\/p>\n","protected":false},"excerpt":{"rendered":"<p>Fotos y texto del autor: Luko Hilje (luko@ice.co.cr) &nbsp; Hace unos a\u00f1os le ped\u00ed a Brunilda, mi hermana mayor, las fotograf\u00edas que se conservan en nuestros archivos familiares \u2014reunidas en [&hellip;]<\/p>\n","protected":false},"author":1,"featured_media":13385,"comment_status":"open","ping_status":"open","sticky":false,"template":"","format":"standard","meta":{"footnotes":""},"categories":[82],"tags":[],"class_list":["post-13406","post","type-post","status-publish","format-standard","has-post-thumbnail","hentry","category-costa-rica-es"],"yoast_head":"<!-- This site is optimized with the Yoast SEO plugin v20.7 - https:\/\/yoast.com\/wordpress\/plugins\/seo\/ -->\n<title>El vetusto puentecito de los croatas - Aspira Virtualni Muzej iseljeni\u0161tva Dalmacije<\/title>\n<meta name=\"robots\" content=\"index, follow, max-snippet:-1, max-image-preview:large, max-video-preview:-1\" \/>\n<link rel=\"canonical\" href=\"https:\/\/virtualnimuzej.aspira.hr\/es\/el-vetusto-puentecito-de-los-croatas\/\" \/>\n<meta property=\"og:locale\" content=\"es_ES\" \/>\n<meta property=\"og:type\" content=\"article\" \/>\n<meta property=\"og:title\" content=\"El vetusto puentecito de los croatas - Aspira Virtualni Muzej iseljeni\u0161tva Dalmacije\" \/>\n<meta property=\"og:description\" content=\"Fotos y texto del autor: Luko Hilje (luko@ice.co.cr) &nbsp; Hace unos a\u00f1os le ped\u00ed a Brunilda, mi hermana mayor, las fotograf\u00edas que se conservan en nuestros archivos familiares \u2014reunidas en [&hellip;]\" \/>\n<meta property=\"og:url\" content=\"https:\/\/virtualnimuzej.aspira.hr\/es\/el-vetusto-puentecito-de-los-croatas\/\" \/>\n<meta property=\"og:site_name\" content=\"Aspira Virtualni Muzej iseljeni\u0161tva Dalmacije\" \/>\n<meta property=\"article:published_time\" content=\"2025-02-25T16:14:06+00:00\" \/>\n<meta property=\"og:image\" content=\"https:\/\/virtualnimuzej.aspira.hr\/wp-content\/uploads\/2025\/02\/mapa-1.jpg\" \/>\n\t<meta property=\"og:image:width\" content=\"1280\" \/>\n\t<meta property=\"og:image:height\" content=\"929\" \/>\n\t<meta property=\"og:image:type\" content=\"image\/jpeg\" \/>\n<meta name=\"author\" content=\"VmuzejAspira\" \/>\n<meta name=\"twitter:card\" content=\"summary_large_image\" \/>\n<meta name=\"twitter:label1\" content=\"Escrito por\" \/>\n\t<meta name=\"twitter:data1\" content=\"VmuzejAspira\" \/>\n\t<meta name=\"twitter:label2\" content=\"Tiempo de lectura\" \/>\n\t<meta name=\"twitter:data2\" content=\"8 minutos\" \/>\n<script type=\"application\/ld+json\" class=\"yoast-schema-graph\">{\"@context\":\"https:\/\/schema.org\",\"@graph\":[{\"@type\":\"WebPage\",\"@id\":\"https:\/\/virtualnimuzej.aspira.hr\/es\/el-vetusto-puentecito-de-los-croatas\/\",\"url\":\"https:\/\/virtualnimuzej.aspira.hr\/es\/el-vetusto-puentecito-de-los-croatas\/\",\"name\":\"El vetusto puentecito de los croatas - Aspira Virtualni Muzej iseljeni\u0161tva Dalmacije\",\"isPartOf\":{\"@id\":\"https:\/\/virtualnimuzej.aspira.hr\/#website\"},\"datePublished\":\"2025-02-25T16:14:06+00:00\",\"dateModified\":\"2025-02-25T16:14:06+00:00\",\"author\":{\"@id\":\"https:\/\/virtualnimuzej.aspira.hr\/#\/schema\/person\/8b28048370e78968988c04d6f1ba104d\"},\"breadcrumb\":{\"@id\":\"https:\/\/virtualnimuzej.aspira.hr\/es\/el-vetusto-puentecito-de-los-croatas\/#breadcrumb\"},\"inLanguage\":\"es\",\"potentialAction\":[{\"@type\":\"ReadAction\",\"target\":[\"https:\/\/virtualnimuzej.aspira.hr\/es\/el-vetusto-puentecito-de-los-croatas\/\"]}]},{\"@type\":\"BreadcrumbList\",\"@id\":\"https:\/\/virtualnimuzej.aspira.hr\/es\/el-vetusto-puentecito-de-los-croatas\/#breadcrumb\",\"itemListElement\":[{\"@type\":\"ListItem\",\"position\":1,\"name\":\"Naslovna\",\"item\":\"https:\/\/virtualnimuzej.aspira.hr\/es\/\"},{\"@type\":\"ListItem\",\"position\":2,\"name\":\"El vetusto puentecito de los croatas\"}]},{\"@type\":\"WebSite\",\"@id\":\"https:\/\/virtualnimuzej.aspira.hr\/#website\",\"url\":\"https:\/\/virtualnimuzej.aspira.hr\/\",\"name\":\"Aspira Virtualni Muzej iseljeni\u0161tva Dalmacije\",\"description\":\"Muzej iseljeni\u0161tva je zami\u0161ljen kao mjesto skupljanja i prezentacije gra\u0111e o hrvatskom iseljeni\u0161tvu i povijesti iseljavanja koja nikada nije bila dovoljno istra\u017eena.\",\"potentialAction\":[{\"@type\":\"SearchAction\",\"target\":{\"@type\":\"EntryPoint\",\"urlTemplate\":\"https:\/\/virtualnimuzej.aspira.hr\/?s={search_term_string}\"},\"query-input\":\"required name=search_term_string\"}],\"inLanguage\":\"es\"},{\"@type\":\"Person\",\"@id\":\"https:\/\/virtualnimuzej.aspira.hr\/#\/schema\/person\/8b28048370e78968988c04d6f1ba104d\",\"name\":\"VmuzejAspira\",\"image\":{\"@type\":\"ImageObject\",\"inLanguage\":\"es\",\"@id\":\"https:\/\/virtualnimuzej.aspira.hr\/#\/schema\/person\/image\/\",\"url\":\"https:\/\/secure.gravatar.com\/avatar\/cfa7124a34eec5233efffe1e8fb23c18bb83abdb6129e8f47c9144109613a228?s=96&d=mm&r=g\",\"contentUrl\":\"https:\/\/secure.gravatar.com\/avatar\/cfa7124a34eec5233efffe1e8fb23c18bb83abdb6129e8f47c9144109613a228?s=96&d=mm&r=g\",\"caption\":\"VmuzejAspira\"},\"sameAs\":[\"http:\/\/virtualnimuzej.aspira.hr\"],\"url\":\"https:\/\/virtualnimuzej.aspira.hr\/es\/author\/vmuzejaspira\/\"}]}<\/script>\n<!-- \/ Yoast SEO plugin. -->","yoast_head_json":{"title":"El vetusto puentecito de los croatas - Aspira Virtualni Muzej iseljeni\u0161tva Dalmacije","robots":{"index":"index","follow":"follow","max-snippet":"max-snippet:-1","max-image-preview":"max-image-preview:large","max-video-preview":"max-video-preview:-1"},"canonical":"https:\/\/virtualnimuzej.aspira.hr\/es\/el-vetusto-puentecito-de-los-croatas\/","og_locale":"es_ES","og_type":"article","og_title":"El vetusto puentecito de los croatas - Aspira Virtualni Muzej iseljeni\u0161tva Dalmacije","og_description":"Fotos y texto del autor: Luko Hilje (luko@ice.co.cr) &nbsp; Hace unos a\u00f1os le ped\u00ed a Brunilda, mi hermana mayor, las fotograf\u00edas que se conservan en nuestros archivos familiares \u2014reunidas en [&hellip;]","og_url":"https:\/\/virtualnimuzej.aspira.hr\/es\/el-vetusto-puentecito-de-los-croatas\/","og_site_name":"Aspira Virtualni Muzej iseljeni\u0161tva Dalmacije","article_published_time":"2025-02-25T16:14:06+00:00","og_image":[{"width":1280,"height":929,"url":"https:\/\/virtualnimuzej.aspira.hr\/wp-content\/uploads\/2025\/02\/mapa-1.jpg","type":"image\/jpeg"}],"author":"VmuzejAspira","twitter_card":"summary_large_image","twitter_misc":{"Escrito por":"VmuzejAspira","Tiempo de lectura":"8 minutos"},"schema":{"@context":"https:\/\/schema.org","@graph":[{"@type":"WebPage","@id":"https:\/\/virtualnimuzej.aspira.hr\/es\/el-vetusto-puentecito-de-los-croatas\/","url":"https:\/\/virtualnimuzej.aspira.hr\/es\/el-vetusto-puentecito-de-los-croatas\/","name":"El vetusto puentecito de los croatas - Aspira Virtualni Muzej iseljeni\u0161tva Dalmacije","isPartOf":{"@id":"https:\/\/virtualnimuzej.aspira.hr\/#website"},"datePublished":"2025-02-25T16:14:06+00:00","dateModified":"2025-02-25T16:14:06+00:00","author":{"@id":"https:\/\/virtualnimuzej.aspira.hr\/#\/schema\/person\/8b28048370e78968988c04d6f1ba104d"},"breadcrumb":{"@id":"https:\/\/virtualnimuzej.aspira.hr\/es\/el-vetusto-puentecito-de-los-croatas\/#breadcrumb"},"inLanguage":"es","potentialAction":[{"@type":"ReadAction","target":["https:\/\/virtualnimuzej.aspira.hr\/es\/el-vetusto-puentecito-de-los-croatas\/"]}]},{"@type":"BreadcrumbList","@id":"https:\/\/virtualnimuzej.aspira.hr\/es\/el-vetusto-puentecito-de-los-croatas\/#breadcrumb","itemListElement":[{"@type":"ListItem","position":1,"name":"Naslovna","item":"https:\/\/virtualnimuzej.aspira.hr\/es\/"},{"@type":"ListItem","position":2,"name":"El vetusto puentecito de los croatas"}]},{"@type":"WebSite","@id":"https:\/\/virtualnimuzej.aspira.hr\/#website","url":"https:\/\/virtualnimuzej.aspira.hr\/","name":"Aspira Virtualni Muzej iseljeni\u0161tva Dalmacije","description":"Muzej iseljeni\u0161tva je zami\u0161ljen kao mjesto skupljanja i prezentacije gra\u0111e o hrvatskom iseljeni\u0161tvu i povijesti iseljavanja koja nikada nije bila dovoljno istra\u017eena.","potentialAction":[{"@type":"SearchAction","target":{"@type":"EntryPoint","urlTemplate":"https:\/\/virtualnimuzej.aspira.hr\/?s={search_term_string}"},"query-input":"required name=search_term_string"}],"inLanguage":"es"},{"@type":"Person","@id":"https:\/\/virtualnimuzej.aspira.hr\/#\/schema\/person\/8b28048370e78968988c04d6f1ba104d","name":"VmuzejAspira","image":{"@type":"ImageObject","inLanguage":"es","@id":"https:\/\/virtualnimuzej.aspira.hr\/#\/schema\/person\/image\/","url":"https:\/\/secure.gravatar.com\/avatar\/cfa7124a34eec5233efffe1e8fb23c18bb83abdb6129e8f47c9144109613a228?s=96&d=mm&r=g","contentUrl":"https:\/\/secure.gravatar.com\/avatar\/cfa7124a34eec5233efffe1e8fb23c18bb83abdb6129e8f47c9144109613a228?s=96&d=mm&r=g","caption":"VmuzejAspira"},"sameAs":["http:\/\/virtualnimuzej.aspira.hr"],"url":"https:\/\/virtualnimuzej.aspira.hr\/es\/author\/vmuzejaspira\/"}]}},"_links":{"self":[{"href":"https:\/\/virtualnimuzej.aspira.hr\/es\/wp-json\/wp\/v2\/posts\/13406","targetHints":{"allow":["GET"]}}],"collection":[{"href":"https:\/\/virtualnimuzej.aspira.hr\/es\/wp-json\/wp\/v2\/posts"}],"about":[{"href":"https:\/\/virtualnimuzej.aspira.hr\/es\/wp-json\/wp\/v2\/types\/post"}],"author":[{"embeddable":true,"href":"https:\/\/virtualnimuzej.aspira.hr\/es\/wp-json\/wp\/v2\/users\/1"}],"replies":[{"embeddable":true,"href":"https:\/\/virtualnimuzej.aspira.hr\/es\/wp-json\/wp\/v2\/comments?post=13406"}],"version-history":[{"count":1,"href":"https:\/\/virtualnimuzej.aspira.hr\/es\/wp-json\/wp\/v2\/posts\/13406\/revisions"}],"predecessor-version":[{"id":13407,"href":"https:\/\/virtualnimuzej.aspira.hr\/es\/wp-json\/wp\/v2\/posts\/13406\/revisions\/13407"}],"wp:featuredmedia":[{"embeddable":true,"href":"https:\/\/virtualnimuzej.aspira.hr\/es\/wp-json\/wp\/v2\/media\/13385"}],"wp:attachment":[{"href":"https:\/\/virtualnimuzej.aspira.hr\/es\/wp-json\/wp\/v2\/media?parent=13406"}],"wp:term":[{"taxonomy":"category","embeddable":true,"href":"https:\/\/virtualnimuzej.aspira.hr\/es\/wp-json\/wp\/v2\/categories?post=13406"},{"taxonomy":"post_tag","embeddable":true,"href":"https:\/\/virtualnimuzej.aspira.hr\/es\/wp-json\/wp\/v2\/tags?post=13406"}],"curies":[{"name":"wp","href":"https:\/\/api.w.org\/{rel}","templated":true}]}}