{"id":13429,"date":"2025-03-26T16:03:45","date_gmt":"2025-03-26T15:03:45","guid":{"rendered":"https:\/\/virtualnimuzej.aspira.hr\/?p=13429"},"modified":"2025-03-26T16:05:57","modified_gmt":"2025-03-26T15:05:57","slug":"el-circulo-se-cerro-el-regreso-de-ivan-bonacic-sargo-a-milna-cien-anos-despues-de-su-muerte","status":"publish","type":"post","link":"https:\/\/virtualnimuzej.aspira.hr\/es\/el-circulo-se-cerro-el-regreso-de-ivan-bonacic-sargo-a-milna-cien-anos-despues-de-su-muerte\/","title":{"rendered":"El c\u00edrculo se cerr\u00f3: El regreso de Iv\u00e1n Bona\u010di\u0107 Sargo a Milna, cien a\u00f1os despu\u00e9s de su muerte"},"content":{"rendered":"<p>En el destino de los emigrantes de nuestras islas, siempre existe ese hilo inevitable de anhelo por regresar, aunque sea en una historia, un recuerdo o en el simple polvo de la tierra. La historia de Iv\u00e1n Bona\u010di\u0107 Sargo, un hombre que uni\u00f3 su destino a la lejana Chile, hoy ha llegado a su ep\u00edlogo: \u00e9l ha vuelto a casa.<\/p>\n<p>La familia Bona\u010di\u0107, antes conocida como Dobrani\u0107, llevaba con orgullo su linaje noble, aunque nunca fue admitida en el consejo nobiliario de Bra\u010d. A pesar de ello, en Milna gozaban de prestigio como una familia privilegiada. Uno de sus hijos m\u00e1s talentosos, Iv\u00e1n Bona\u010di\u0107 Sargo, nacido en 1862, demostr\u00f3 desde peque\u00f1o un esp\u00edritu emprendedor y valiente. En su juventud, dej\u00f3 su isla natal en busca de un futuro incierto en Chile.<\/p>\n<p>&nbsp;<\/p>\n<p><img decoding=\"async\" class=\"alignnone size-full wp-image-13420\" src=\"https:\/\/virtualnimuzej.aspira.hr\/wp-content\/uploads\/2025\/03\/obiteljsko-stablo-Bonacica.jpg\" alt=\"\" width=\"545\" height=\"600\" \/><\/p>\n<p>Arbol genealogico<\/p>\n<p>&nbsp;<\/p>\n<p><img decoding=\"async\" class=\"alignnone size-full wp-image-13423\" src=\"https:\/\/virtualnimuzej.aspira.hr\/wp-content\/uploads\/2025\/03\/Sargo.jpg\" alt=\"\" width=\"347\" height=\"600\" \/>\u00a0 Juan Bonacic Sargo<\/p>\n<p>&nbsp;<\/p>\n<p>En ese pa\u00eds lejano, donde muchos croatas, especialmente los de Bra\u010d, buscaban una vida mejor, Sargo comenz\u00f3 dedic\u00e1ndose al comercio, pero pronto vio el potencial en la producci\u00f3n de salitre, el principal producto de exportaci\u00f3n en ese entonces. Gracias a su astucia y visi\u00f3n empresarial, fund\u00f3 la Sociedad Comercial Sargo y C\u00eda. junto a Lujo Moro, Josip Lukinovi\u0107 e Iv\u00e1n Stjepovi\u0107. Su trabajo llev\u00f3 a la construcci\u00f3n de las salitreras <em>Sloga<\/em> y <em>Napried<\/em>, y m\u00e1s tarde, en sociedad con Jakov Sabioncello, estableci\u00f3 las salitreras <em>Franjka<\/em> y <em>Bra\u010d<\/em>. Su movimiento estrat\u00e9gico en la subasta de terrenos salitreros en 1912 se volvi\u00f3 legendario: esper\u00f3 pacientemente hasta el \u00faltimo minuto y super\u00f3 a sus competidores ingleses con una oferta inesperadamente alta, asegurando as\u00ed su lugar entre los industriales m\u00e1s importantes de la \u00e9poca.<\/p>\n<p>&nbsp;<\/p>\n<p><img decoding=\"async\" class=\"alignnone size-full wp-image-13426\" src=\"https:\/\/virtualnimuzej.aspira.hr\/wp-content\/uploads\/2025\/03\/Salitrera-Brac.jpg\" alt=\"\" width=\"600\" height=\"291\" \/><\/p>\n<p>Salitrera Brac<\/p>\n<p>&nbsp;<\/p>\n<p><img decoding=\"async\" class=\"alignnone size-full wp-image-13430\" src=\"https:\/\/virtualnimuzej.aspira.hr\/wp-content\/uploads\/2025\/03\/Zetoni-salitrere-Brac.jpg\" alt=\"\" width=\"491\" height=\"600\" \/><\/p>\n<p>Fichas de la Salitrera Brac<\/p>\n<p>&nbsp;<\/p>\n<p>A pesar de la riqueza que acumul\u00f3, Sargo nunca perdi\u00f3 su conexi\u00f3n con su Milna natal. Consciente de que su enfermedad no le permitir\u00eda formar su propia familia, decidi\u00f3 alrededor del a\u00f1o 1900 que la mitad de su fortuna quedar\u00eda en manos de sus parientes, y la otra mitad ser\u00eda destinada a su pueblo. Tras su muerte en 1920, su fortuna se estim\u00f3 en 300 millones de dinares de la \u00e9poca. Sin embargo, la complejidad de los procedimientos legales y disputas entre herederos hicieron que solo una parte de su herencia llegara a Milna. Aun as\u00ed, ese dinero fue suficiente para construir <em>Polaca<\/em>, una logia ceremonial con una peque\u00f1a plaza y escalinata, que hoy sigue en pie como testimonio de su generosidad.<\/p>\n<p>Aunque su vida termin\u00f3 lejos de casa, el destino quiso que, m\u00e1s de cien a\u00f1os despu\u00e9s, regresara a su isla. El c\u00f3nsul honorario de la Rep\u00fablica de Croacia en Iquique, Hrvoj Ostoji\u0107, visit\u00f3 Bra\u010d recientemente con dos prop\u00f3sitos. El primero fue la firma del hermanamiento entre Supetar e Iquique, ceremonia a la que asistieron Rodrigo Donoso, embajador de Chile en Zagreb, y Branka Bezi\u0107 Filipovi\u0107, quien conect\u00f3 a todos y ayud\u00f3 a que la idea se concretara.<\/p>\n<p>&nbsp;<\/p>\n<p><img decoding=\"async\" class=\"alignnone size-full wp-image-13433\" src=\"https:\/\/virtualnimuzej.aspira.hr\/wp-content\/uploads\/2025\/03\/Bratimljenje-Branka-Bezic-Filipovic-Ivana-Markovic-Hrvoj-Ostojic-i-Rodrigo-Donoso-autor-slike-Ante-Mandic.jpg\" alt=\"\" width=\"600\" height=\"400\" \/><\/p>\n<p>Branka Bezi\u0107 Filipovi\u0107, Alcaldesa Ivana Markovi\u0107, Consul honorario Hrvoj Ostojic y Embajador Rodrigo Donoso<\/p>\n<p>&nbsp;<\/p>\n<p>El segundo motivo del viaje de Ostoji\u0107 fue cumplir el deseo del difunto y llevar la urna con sus cenizas de regreso a Milna. La urna, con todos los adornos y la placa original del ata\u00fad, fue entregada al Centro de Interpretaci\u00f3n de la Historia Mar\u00edtima de Milna, donde fue recibida por Margarita \u0160imat Banov en nombre del alcalde Frane Lozi\u0107. Con este acto, el c\u00edrculo se cerr\u00f3: Iv\u00e1n Bona\u010di\u0107 Sargo ha vuelto a estar entre los suyos, en la isla que nunca lo olvid\u00f3.<\/p>\n<p>&nbsp;<\/p>\n<p><img decoding=\"async\" class=\"alignnone size-full wp-image-13436\" src=\"https:\/\/virtualnimuzej.aspira.hr\/wp-content\/uploads\/2025\/03\/Gorblje-u-Iquiqueu-gdje-je-bio-sahranjen-Sargo.jpg\" alt=\"\" width=\"600\" height=\"330\" \/><\/p>\n<p>Cementerio de Uquique con la tumba de Sargo<\/p>\n<p>&nbsp;<\/p>\n<p><img decoding=\"async\" class=\"alignnone size-full wp-image-13439\" src=\"https:\/\/virtualnimuzej.aspira.hr\/wp-content\/uploads\/2025\/03\/Ploca-s-grobnice.jpg\" alt=\"\" width=\"600\" height=\"477\" \/><\/p>\n<p>Placa de la tumba<\/p>\n<p>&nbsp;<\/p>\n<p><img decoding=\"async\" class=\"alignnone size-full wp-image-13442\" src=\"https:\/\/virtualnimuzej.aspira.hr\/wp-content\/uploads\/2025\/03\/IMG-20250325-WA0009.jpg\" alt=\"\" width=\"375\" height=\"600\" \/><\/p>\n<p>Hrvoj Ostojic y Branka Bezi\u0107 Filipovi\u0107<\/p>\n<p>&nbsp;<\/p>\n<p><img decoding=\"async\" class=\"alignnone size-full wp-image-13445\" src=\"https:\/\/virtualnimuzej.aspira.hr\/wp-content\/uploads\/2025\/03\/Andrej-Ostojic-Marina-Krpan-Smiljanec-Branka-Bezic-Filipovic-Hrvoj-Ostojic-i-Margarita-Simat-Banov.jpg\" alt=\"\" width=\"600\" height=\"375\" \/><\/p>\n<p>Andrej Ostojic, Marina Krpan Smiljanec, Branka Bezi\u0107 Filipovi\u0107, Hrvoj Ostojic y Margarita \u0160imat Banov<\/p>\n<p>&nbsp;<\/p>\n<p><img decoding=\"async\" class=\"alignnone size-full wp-image-13448\" src=\"https:\/\/virtualnimuzej.aspira.hr\/wp-content\/uploads\/2025\/03\/Polaca-u-Milni-sa-Sargovom-bistom.jpg\" alt=\"\" width=\"600\" height=\"277\" \/><\/p>\n<p>Milna<\/p>\n<p>&nbsp;<\/p>\n<p>Milna le erigi\u00f3 un monumento en 2001 y ahora le devuelve lo m\u00e1s importante: el descanso en su tierra natal. Su historia sigue siendo un recordatorio eterno de la fuerza, la perseverancia y el lazo indestructible con la patria, sin importar cu\u00e1n lejos nos lleve el destino.<\/p>\n<p><strong>Sobre las salitreras<\/strong><\/p>\n<p>A principios del siglo XX, en la regi\u00f3n chilena del desierto de Atacama, comenz\u00f3 la intensa explotaci\u00f3n del salitre, un mineral valioso conocido como el \u00aboro blanco\u00bb. Esta sustancia, esencial para la fabricaci\u00f3n de fertilizantes, p\u00f3lvora, vidrio y esmaltes, se extra\u00eda tierra adentro, lejos de la costa. Luego, era transportada en tren hasta los puertos, lo que llev\u00f3 al auge de ciudades como Antofagasta, Iquique y Tocopilla. A\u00fan hoy, estas localidades est\u00e1n separadas por horas de viaje entre s\u00ed, con la vasta aridez del desierto extendi\u00e9ndose en medio, un paisaje implacable y casi infinito.<\/p>\n<p>En el coraz\u00f3n de esta tierra hostil, entre nubes de polvo y bajo un sol implacable, surgieron las salitreras: enormes complejos mineros donde trabajaban miles de personas. Con una inversi\u00f3n m\u00ednima en viviendas precarias, los due\u00f1os no solo proporcionaban alojamiento a los trabajadores, sino que tambi\u00e9n obten\u00edan una nueva fuente de ingresos. Para crear una apariencia de comunidad, junto a los barracones de los obreros se construyeron escuelas, iglesias, tiendas e incluso teatros. Las <em>oficinas salitreras<\/em>, como se llamaban en Chile, eran como peque\u00f1as ciudades, aunque ciudades donde todo pertenec\u00eda a un solo due\u00f1o.<\/p>\n<p>Los propietarios incluso imprim\u00edan su propio dinero: fichas conocidas como <em>tokens<\/em>, con las que se pagaba a los trabajadores. Estas fichas solo ten\u00edan valor dentro de la salitrera, donde los empleados las usaban para pagar el arriendo, la comida, la ropa y otros bienes, devolviendo as\u00ed sus salarios directamente a sus patrones. Era un sistema cerrado que hac\u00eda a los trabajadores completamente dependientes.<\/p>\n<p>Entre 1895 y 1899, en Chile operaban 48 salitreras con 18,685 trabajadores. Para el per\u00edodo de 1910 a 1914, el n\u00famero aument\u00f3 a 118, con una fuerza laboral de 46,470 personas. Pero detr\u00e1s de estas cifras, se esconden historias no contadas de esfuerzo, sacrificio y destino de aquellos que pasaron su vida bajo la sombra del oro blanco.<\/p>\n<p>Las \u00faltimas salitreras cerraron en los a\u00f1os 50 del siglo XX, y los pocos habitantes que quedaban se marcharon llevando consigo solo lo que cab\u00eda en sus maletas: recuerdos, esperanzas y el peso de un hogar perdido para siempre. Hoy, los restos fantasmas de las salitreras y los cementerios con cruces oxidadas son los \u00fanicos testigos de la vida que alguna vez existi\u00f3 en el desierto.<\/p>\n<p>&nbsp;<\/p>\n<p><img decoding=\"async\" class=\"alignnone size-full wp-image-13452\" src=\"https:\/\/virtualnimuzej.aspira.hr\/wp-content\/uploads\/2025\/03\/groblje-usred-Atacame.jpg\" alt=\"\" width=\"600\" height=\"338\" \/><\/p>\n<p>Branka Bezi\u0107 Filipovi\u0107<\/p>\n","protected":false},"excerpt":{"rendered":"<p>En el destino de los emigrantes de nuestras islas, siempre existe ese hilo inevitable de anhelo por regresar, aunque sea en una historia, un recuerdo o en el simple polvo [&hellip;]<\/p>\n","protected":false},"author":1,"featured_media":13417,"comment_status":"open","ping_status":"open","sticky":false,"template":"","format":"standard","meta":{"footnotes":""},"categories":[80],"tags":[],"class_list":["post-13429","post","type-post","status-publish","format-standard","has-post-thumbnail","hentry","category-chile-del-norte"],"yoast_head":"<!-- This site is optimized with the Yoast SEO plugin v20.7 - https:\/\/yoast.com\/wordpress\/plugins\/seo\/ -->\n<title>El c\u00edrculo se cerr\u00f3: El regreso de Iv\u00e1n Bona\u010di\u0107 Sargo a Milna, cien a\u00f1os despu\u00e9s de su muerte - Aspira Virtualni Muzej iseljeni\u0161tva Dalmacije<\/title>\n<meta name=\"robots\" content=\"index, follow, max-snippet:-1, max-image-preview:large, max-video-preview:-1\" \/>\n<link rel=\"canonical\" href=\"https:\/\/virtualnimuzej.aspira.hr\/es\/el-circulo-se-cerro-el-regreso-de-ivan-bonacic-sargo-a-milna-cien-anos-despues-de-su-muerte\/\" \/>\n<meta property=\"og:locale\" content=\"es_ES\" \/>\n<meta property=\"og:type\" content=\"article\" \/>\n<meta property=\"og:title\" content=\"El c\u00edrculo se cerr\u00f3: El regreso de Iv\u00e1n Bona\u010di\u0107 Sargo a Milna, cien a\u00f1os despu\u00e9s de su muerte - Aspira Virtualni Muzej iseljeni\u0161tva Dalmacije\" \/>\n<meta property=\"og:description\" content=\"En el destino de los emigrantes de nuestras islas, siempre existe ese hilo inevitable de anhelo por regresar, aunque sea en una historia, un recuerdo o en el simple polvo [&hellip;]\" \/>\n<meta property=\"og:url\" content=\"https:\/\/virtualnimuzej.aspira.hr\/es\/el-circulo-se-cerro-el-regreso-de-ivan-bonacic-sargo-a-milna-cien-anos-despues-de-su-muerte\/\" \/>\n<meta property=\"og:site_name\" content=\"Aspira Virtualni Muzej iseljeni\u0161tva Dalmacije\" \/>\n<meta property=\"article:published_time\" content=\"2025-03-26T15:03:45+00:00\" \/>\n<meta property=\"article:modified_time\" content=\"2025-03-26T15:05:57+00:00\" \/>\n<meta property=\"og:image\" content=\"https:\/\/virtualnimuzej.aspira.hr\/wp-content\/uploads\/2025\/03\/11888153_934955546547254_8416434436829155395_o_0.jpg\" \/>\n\t<meta property=\"og:image:width\" content=\"1063\" \/>\n\t<meta property=\"og:image:height\" content=\"707\" \/>\n\t<meta property=\"og:image:type\" content=\"image\/jpeg\" \/>\n<meta name=\"author\" content=\"VmuzejAspira\" \/>\n<meta name=\"twitter:card\" content=\"summary_large_image\" \/>\n<meta name=\"twitter:label1\" content=\"Escrito por\" \/>\n\t<meta name=\"twitter:data1\" content=\"VmuzejAspira\" \/>\n\t<meta name=\"twitter:label2\" content=\"Tiempo de lectura\" \/>\n\t<meta name=\"twitter:data2\" content=\"8 minutos\" \/>\n<script type=\"application\/ld+json\" class=\"yoast-schema-graph\">{\"@context\":\"https:\/\/schema.org\",\"@graph\":[{\"@type\":\"WebPage\",\"@id\":\"https:\/\/virtualnimuzej.aspira.hr\/es\/el-circulo-se-cerro-el-regreso-de-ivan-bonacic-sargo-a-milna-cien-anos-despues-de-su-muerte\/\",\"url\":\"https:\/\/virtualnimuzej.aspira.hr\/es\/el-circulo-se-cerro-el-regreso-de-ivan-bonacic-sargo-a-milna-cien-anos-despues-de-su-muerte\/\",\"name\":\"El c\u00edrculo se cerr\u00f3: El regreso de Iv\u00e1n Bona\u010di\u0107 Sargo a Milna, cien a\u00f1os despu\u00e9s de su muerte - Aspira Virtualni Muzej iseljeni\u0161tva Dalmacije\",\"isPartOf\":{\"@id\":\"https:\/\/virtualnimuzej.aspira.hr\/#website\"},\"datePublished\":\"2025-03-26T15:03:45+00:00\",\"dateModified\":\"2025-03-26T15:05:57+00:00\",\"author\":{\"@id\":\"https:\/\/virtualnimuzej.aspira.hr\/#\/schema\/person\/8b28048370e78968988c04d6f1ba104d\"},\"breadcrumb\":{\"@id\":\"https:\/\/virtualnimuzej.aspira.hr\/es\/el-circulo-se-cerro-el-regreso-de-ivan-bonacic-sargo-a-milna-cien-anos-despues-de-su-muerte\/#breadcrumb\"},\"inLanguage\":\"es\",\"potentialAction\":[{\"@type\":\"ReadAction\",\"target\":[\"https:\/\/virtualnimuzej.aspira.hr\/es\/el-circulo-se-cerro-el-regreso-de-ivan-bonacic-sargo-a-milna-cien-anos-despues-de-su-muerte\/\"]}]},{\"@type\":\"BreadcrumbList\",\"@id\":\"https:\/\/virtualnimuzej.aspira.hr\/es\/el-circulo-se-cerro-el-regreso-de-ivan-bonacic-sargo-a-milna-cien-anos-despues-de-su-muerte\/#breadcrumb\",\"itemListElement\":[{\"@type\":\"ListItem\",\"position\":1,\"name\":\"Naslovna\",\"item\":\"https:\/\/virtualnimuzej.aspira.hr\/es\/\"},{\"@type\":\"ListItem\",\"position\":2,\"name\":\"El c\u00edrculo se cerr\u00f3: El regreso de Iv\u00e1n Bona\u010di\u0107 Sargo a Milna, cien a\u00f1os despu\u00e9s de su muerte\"}]},{\"@type\":\"WebSite\",\"@id\":\"https:\/\/virtualnimuzej.aspira.hr\/#website\",\"url\":\"https:\/\/virtualnimuzej.aspira.hr\/\",\"name\":\"Aspira Virtualni Muzej iseljeni\u0161tva Dalmacije\",\"description\":\"Muzej iseljeni\u0161tva je zami\u0161ljen kao mjesto skupljanja i prezentacije gra\u0111e o hrvatskom iseljeni\u0161tvu i povijesti iseljavanja koja nikada nije bila dovoljno istra\u017eena.\",\"potentialAction\":[{\"@type\":\"SearchAction\",\"target\":{\"@type\":\"EntryPoint\",\"urlTemplate\":\"https:\/\/virtualnimuzej.aspira.hr\/?s={search_term_string}\"},\"query-input\":\"required name=search_term_string\"}],\"inLanguage\":\"es\"},{\"@type\":\"Person\",\"@id\":\"https:\/\/virtualnimuzej.aspira.hr\/#\/schema\/person\/8b28048370e78968988c04d6f1ba104d\",\"name\":\"VmuzejAspira\",\"image\":{\"@type\":\"ImageObject\",\"inLanguage\":\"es\",\"@id\":\"https:\/\/virtualnimuzej.aspira.hr\/#\/schema\/person\/image\/\",\"url\":\"https:\/\/secure.gravatar.com\/avatar\/cfa7124a34eec5233efffe1e8fb23c18bb83abdb6129e8f47c9144109613a228?s=96&d=mm&r=g\",\"contentUrl\":\"https:\/\/secure.gravatar.com\/avatar\/cfa7124a34eec5233efffe1e8fb23c18bb83abdb6129e8f47c9144109613a228?s=96&d=mm&r=g\",\"caption\":\"VmuzejAspira\"},\"sameAs\":[\"http:\/\/virtualnimuzej.aspira.hr\"],\"url\":\"https:\/\/virtualnimuzej.aspira.hr\/es\/author\/vmuzejaspira\/\"}]}<\/script>\n<!-- \/ Yoast SEO plugin. -->","yoast_head_json":{"title":"El c\u00edrculo se cerr\u00f3: El regreso de Iv\u00e1n Bona\u010di\u0107 Sargo a Milna, cien a\u00f1os despu\u00e9s de su muerte - Aspira Virtualni Muzej iseljeni\u0161tva Dalmacije","robots":{"index":"index","follow":"follow","max-snippet":"max-snippet:-1","max-image-preview":"max-image-preview:large","max-video-preview":"max-video-preview:-1"},"canonical":"https:\/\/virtualnimuzej.aspira.hr\/es\/el-circulo-se-cerro-el-regreso-de-ivan-bonacic-sargo-a-milna-cien-anos-despues-de-su-muerte\/","og_locale":"es_ES","og_type":"article","og_title":"El c\u00edrculo se cerr\u00f3: El regreso de Iv\u00e1n Bona\u010di\u0107 Sargo a Milna, cien a\u00f1os despu\u00e9s de su muerte - Aspira Virtualni Muzej iseljeni\u0161tva Dalmacije","og_description":"En el destino de los emigrantes de nuestras islas, siempre existe ese hilo inevitable de anhelo por regresar, aunque sea en una historia, un recuerdo o en el simple polvo [&hellip;]","og_url":"https:\/\/virtualnimuzej.aspira.hr\/es\/el-circulo-se-cerro-el-regreso-de-ivan-bonacic-sargo-a-milna-cien-anos-despues-de-su-muerte\/","og_site_name":"Aspira Virtualni Muzej iseljeni\u0161tva Dalmacije","article_published_time":"2025-03-26T15:03:45+00:00","article_modified_time":"2025-03-26T15:05:57+00:00","og_image":[{"width":1063,"height":707,"url":"https:\/\/virtualnimuzej.aspira.hr\/wp-content\/uploads\/2025\/03\/11888153_934955546547254_8416434436829155395_o_0.jpg","type":"image\/jpeg"}],"author":"VmuzejAspira","twitter_card":"summary_large_image","twitter_misc":{"Escrito por":"VmuzejAspira","Tiempo de lectura":"8 minutos"},"schema":{"@context":"https:\/\/schema.org","@graph":[{"@type":"WebPage","@id":"https:\/\/virtualnimuzej.aspira.hr\/es\/el-circulo-se-cerro-el-regreso-de-ivan-bonacic-sargo-a-milna-cien-anos-despues-de-su-muerte\/","url":"https:\/\/virtualnimuzej.aspira.hr\/es\/el-circulo-se-cerro-el-regreso-de-ivan-bonacic-sargo-a-milna-cien-anos-despues-de-su-muerte\/","name":"El c\u00edrculo se cerr\u00f3: El regreso de Iv\u00e1n Bona\u010di\u0107 Sargo a Milna, cien a\u00f1os despu\u00e9s de su muerte - Aspira Virtualni Muzej iseljeni\u0161tva Dalmacije","isPartOf":{"@id":"https:\/\/virtualnimuzej.aspira.hr\/#website"},"datePublished":"2025-03-26T15:03:45+00:00","dateModified":"2025-03-26T15:05:57+00:00","author":{"@id":"https:\/\/virtualnimuzej.aspira.hr\/#\/schema\/person\/8b28048370e78968988c04d6f1ba104d"},"breadcrumb":{"@id":"https:\/\/virtualnimuzej.aspira.hr\/es\/el-circulo-se-cerro-el-regreso-de-ivan-bonacic-sargo-a-milna-cien-anos-despues-de-su-muerte\/#breadcrumb"},"inLanguage":"es","potentialAction":[{"@type":"ReadAction","target":["https:\/\/virtualnimuzej.aspira.hr\/es\/el-circulo-se-cerro-el-regreso-de-ivan-bonacic-sargo-a-milna-cien-anos-despues-de-su-muerte\/"]}]},{"@type":"BreadcrumbList","@id":"https:\/\/virtualnimuzej.aspira.hr\/es\/el-circulo-se-cerro-el-regreso-de-ivan-bonacic-sargo-a-milna-cien-anos-despues-de-su-muerte\/#breadcrumb","itemListElement":[{"@type":"ListItem","position":1,"name":"Naslovna","item":"https:\/\/virtualnimuzej.aspira.hr\/es\/"},{"@type":"ListItem","position":2,"name":"El c\u00edrculo se cerr\u00f3: El regreso de Iv\u00e1n Bona\u010di\u0107 Sargo a Milna, cien a\u00f1os despu\u00e9s de su muerte"}]},{"@type":"WebSite","@id":"https:\/\/virtualnimuzej.aspira.hr\/#website","url":"https:\/\/virtualnimuzej.aspira.hr\/","name":"Aspira Virtualni Muzej iseljeni\u0161tva Dalmacije","description":"Muzej iseljeni\u0161tva je zami\u0161ljen kao mjesto skupljanja i prezentacije gra\u0111e o hrvatskom iseljeni\u0161tvu i povijesti iseljavanja koja nikada nije bila dovoljno istra\u017eena.","potentialAction":[{"@type":"SearchAction","target":{"@type":"EntryPoint","urlTemplate":"https:\/\/virtualnimuzej.aspira.hr\/?s={search_term_string}"},"query-input":"required name=search_term_string"}],"inLanguage":"es"},{"@type":"Person","@id":"https:\/\/virtualnimuzej.aspira.hr\/#\/schema\/person\/8b28048370e78968988c04d6f1ba104d","name":"VmuzejAspira","image":{"@type":"ImageObject","inLanguage":"es","@id":"https:\/\/virtualnimuzej.aspira.hr\/#\/schema\/person\/image\/","url":"https:\/\/secure.gravatar.com\/avatar\/cfa7124a34eec5233efffe1e8fb23c18bb83abdb6129e8f47c9144109613a228?s=96&d=mm&r=g","contentUrl":"https:\/\/secure.gravatar.com\/avatar\/cfa7124a34eec5233efffe1e8fb23c18bb83abdb6129e8f47c9144109613a228?s=96&d=mm&r=g","caption":"VmuzejAspira"},"sameAs":["http:\/\/virtualnimuzej.aspira.hr"],"url":"https:\/\/virtualnimuzej.aspira.hr\/es\/author\/vmuzejaspira\/"}]}},"_links":{"self":[{"href":"https:\/\/virtualnimuzej.aspira.hr\/es\/wp-json\/wp\/v2\/posts\/13429","targetHints":{"allow":["GET"]}}],"collection":[{"href":"https:\/\/virtualnimuzej.aspira.hr\/es\/wp-json\/wp\/v2\/posts"}],"about":[{"href":"https:\/\/virtualnimuzej.aspira.hr\/es\/wp-json\/wp\/v2\/types\/post"}],"author":[{"embeddable":true,"href":"https:\/\/virtualnimuzej.aspira.hr\/es\/wp-json\/wp\/v2\/users\/1"}],"replies":[{"embeddable":true,"href":"https:\/\/virtualnimuzej.aspira.hr\/es\/wp-json\/wp\/v2\/comments?post=13429"}],"version-history":[{"count":3,"href":"https:\/\/virtualnimuzej.aspira.hr\/es\/wp-json\/wp\/v2\/posts\/13429\/revisions"}],"predecessor-version":[{"id":13456,"href":"https:\/\/virtualnimuzej.aspira.hr\/es\/wp-json\/wp\/v2\/posts\/13429\/revisions\/13456"}],"wp:featuredmedia":[{"embeddable":true,"href":"https:\/\/virtualnimuzej.aspira.hr\/es\/wp-json\/wp\/v2\/media\/13417"}],"wp:attachment":[{"href":"https:\/\/virtualnimuzej.aspira.hr\/es\/wp-json\/wp\/v2\/media?parent=13429"}],"wp:term":[{"taxonomy":"category","embeddable":true,"href":"https:\/\/virtualnimuzej.aspira.hr\/es\/wp-json\/wp\/v2\/categories?post=13429"},{"taxonomy":"post_tag","embeddable":true,"href":"https:\/\/virtualnimuzej.aspira.hr\/es\/wp-json\/wp\/v2\/tags?post=13429"}],"curies":[{"name":"wp","href":"https:\/\/api.w.org\/{rel}","templated":true}]}}