{"id":13528,"date":"2025-04-09T17:09:53","date_gmt":"2025-04-09T15:09:53","guid":{"rendered":"https:\/\/virtualnimuzej.aspira.hr\/?p=13528"},"modified":"2025-04-09T17:22:42","modified_gmt":"2025-04-09T15:22:42","slug":"historia-de-migracion-de-josip-mrdjen","status":"publish","type":"post","link":"https:\/\/virtualnimuzej.aspira.hr\/es\/historia-de-migracion-de-josip-mrdjen\/","title":{"rendered":"Historia de migraci\u00f3n de Josip Mrdjen"},"content":{"rendered":"<p>Gracias a Snje\u017eana Dedi\u0107, quien nos conect\u00f3, recibimos esta hermosa historia escrita por Davor Martinez Mrden:<\/p>\n<p>Les cuento la Historia de migraci\u00f3n de mi abuelo <strong>JOSIP ANTE MRDJEN DRASKOVIC<\/strong>. El naci\u00f3 en Biograd Na Moru en marzo de 1905, sus padres se llamaban Tome y Franica, lamentablemente la madre muri\u00f3 cuando naci\u00f3 mi abuelo, el ten\u00eda dos hermanas y dos hermanos, su hermana mayor Marjia lo crio como su mam\u00e1 y su otra hermana se llamaba Dana, Jakov y Luca todos se quedaron en Biograd.<\/p>\n<p>&nbsp;<\/p>\n<p><img decoding=\"async\" class=\"alignnone size-full wp-image-13498\" src=\"https:\/\/virtualnimuzej.aspira.hr\/wp-content\/uploads\/2025\/04\/IMG-20250408-WA0014.jpg\" alt=\"\" width=\"800\" height=\"358\" \/><\/p>\n<p>&nbsp;<\/p>\n<p><img decoding=\"async\" class=\"alignnone size-full wp-image-13486\" src=\"https:\/\/virtualnimuzej.aspira.hr\/wp-content\/uploads\/2025\/04\/IMG-20250408-WA0013.jpg\" alt=\"\" width=\"616\" height=\"800\" \/><\/p>\n<p>Josip en la edad de 23, en el tiempo de su llegada a Bolivia<\/p>\n<p>&nbsp;<\/p>\n<p>El parti\u00f3 del puerto de Split el 7 de diciembre de 1928 en un barco que pas\u00f3 por varios puertos de Italia y otros pa\u00edses, el viaje tard\u00f3 casi un mes, primero lleg\u00f3 a Rio de Janeiro y algunos de los migrantes se quedaron ah\u00ed, el junto a unos amigos pasaron a Buenos Aires Argentina, lleg\u00f3 junto a un amigo que se llamaba Ljubo, en el mes de enero de 1929, contaba que cuando llegaron era una multitud de diferentes naciones mayormente italianos, jud\u00edos y de otros pa\u00edses, los llevaron a galpones y los separaban por nacionalidades los italianos por un lado los jud\u00edos por otro, los espa\u00f1oles por otro y hab\u00edan varios gitanos tambi\u00e9n, a los croatas los separaron y los del consulado de los pueblos eslavos los llevaron a unas barracas donde llegaron a vivir y les dieron donde dormir y alimentaci\u00f3n, en ese momento no sab\u00edan el idioma espa\u00f1ol, entonces los llevaron a trabajar en una f\u00e1brica de conservas Swift a varios croatas, contaba que les pagaban muy poco y no estaban conformes, ah\u00ed se quedaron ocho meses.<\/p>\n<p>Luego contaba que a Buenos Aires llegaban noticias que en Oruro y Potos\u00ed en Bolivia hab\u00eda trabajo lo mismo en Chile, que pagaban mejor y que hab\u00edan varios croatas trabajando ah\u00ed, varios de ellos junto a mi abuelo Josip se animaron y se contactaron con la gente que buscaba trabajadores para llevarlos a Bolivia y los embarcaron en la estaci\u00f3n de trenes de Retiro de Buenos Aires con destino a Oruro Bolivia, llegaron a la frontera a Villaz\u00f3n y luego pasaron a Oruro, lo primero que los sorprendi\u00f3 fue que hac\u00eda mucho fr\u00edo y llegando a la estaci\u00f3n de trenes de Oruro dice que todo era muy triste, las casas de adobe y piedra y los techos de paja, ah\u00ed los recibieron paisanos croatas y que los ayudaron porque casi no hablaban espa\u00f1ol, algunos siguieron viaje a Chile a Antofagasta donde tambi\u00e9n les dijeron que hab\u00edan migrantes croatas.<\/p>\n<p>A mi abuelo Josip y su amigo le dieron trabajo en un almac\u00e9n grande de un croata de Don Francisco Restovich, ah\u00ed pesaba y preparaban abarrotes para mandar a las minas, se mov\u00eda muchos productos, ah\u00ed les ense\u00f1aron espa\u00f1ol y les dieron buenas condiciones de vida y alimentaci\u00f3n, ah\u00ed se qued\u00f3 mucho tiempo, tambi\u00e9n trabaj\u00f3 en otro almac\u00e9n El Baratillo de S&amp;D Sasunic, contaba que se juntaban en un club varios croatas y recib\u00edan noticias de Croacia y de los otros lugares donde hab\u00edan llegado sus paisanos, ah\u00ed compart\u00edan sus costumbres y hablaban en su idioma.<\/p>\n<p>&nbsp;<\/p>\n\n\t\t<style type=\"text\/css\">\n\t\t\t#gallery-1 {\n\t\t\t\tmargin: auto;\n\t\t\t}\n\t\t\t#gallery-1 .gallery-item {\n\t\t\t\tfloat: left;\n\t\t\t\tmargin-top: 10px;\n\t\t\t\ttext-align: center;\n\t\t\t\twidth: 33%;\n\t\t\t}\n\t\t\t#gallery-1 img {\n\t\t\t\tborder: 2px solid #cfcfcf;\n\t\t\t}\n\t\t\t#gallery-1 .gallery-caption {\n\t\t\t\tmargin-left: 0;\n\t\t\t}\n\t\t\t\/* see gallery_shortcode() in wp-includes\/media.php *\/\n\t\t<\/style>\n\t\t<div id='gallery-1' class='gallery galleryid-13528 gallery-columns-3 gallery-size-thumbnail'><dl class='gallery-item'>\n\t\t\t<dt class='gallery-icon landscape'>\n\t\t\t\t<a data-rel=\"iLightbox[postimages]\" data-title=\"IMG-20250409-WA0005\" data-caption=\"\" href='https:\/\/virtualnimuzej.aspira.hr\/es\/img-20250409-wa0005-2\/'><img decoding=\"async\" width=\"150\" height=\"105\" src=\"https:\/\/virtualnimuzej.aspira.hr\/wp-content\/uploads\/2025\/04\/IMG-20250409-WA0005.jpg\" class=\"attachment-thumbnail size-thumbnail\" alt=\"\" \/><\/a>\n\t\t\t<\/dt><\/dl><dl class='gallery-item'>\n\t\t\t<dt class='gallery-icon landscape'>\n\t\t\t\t<a data-rel=\"iLightbox[postimages]\" data-title=\"IMG-20250409-WA0003\" data-caption=\"\" href='https:\/\/virtualnimuzej.aspira.hr\/es\/img-20250409-wa0003-2\/'><img decoding=\"async\" width=\"150\" height=\"91\" src=\"https:\/\/virtualnimuzej.aspira.hr\/wp-content\/uploads\/2025\/04\/IMG-20250409-WA0003.jpg\" class=\"attachment-thumbnail size-thumbnail\" alt=\"\" \/><\/a>\n\t\t\t<\/dt><\/dl><dl class='gallery-item'>\n\t\t\t<dt class='gallery-icon landscape'>\n\t\t\t\t<a data-rel=\"iLightbox[postimages]\" data-title=\"IMG-20250409-WA0006\" data-caption=\"\" href='https:\/\/virtualnimuzej.aspira.hr\/es\/img-20250409-wa0006-2\/'><img decoding=\"async\" width=\"150\" height=\"107\" src=\"https:\/\/virtualnimuzej.aspira.hr\/wp-content\/uploads\/2025\/04\/IMG-20250409-WA0006.jpg\" class=\"attachment-thumbnail size-thumbnail\" alt=\"\" \/><\/a>\n\t\t\t<\/dt><\/dl><br style=\"clear: both\" \/>\n\t\t<\/div>\n\n<p>&nbsp;<\/p>\n<p>Con el pasar de los a\u00f1os y el crecimiento de la miner\u00eda les fue muy bien y entre paisanos se ayudaban, el junto a un amigo Pedro Grishina siempre pensaron abrir su propio almac\u00e9n hasta que pudieron hacerlo con sus ahorros, una vez que conoci\u00f3 a mi abuela Victoria Gomez Garc\u00eda y se casaron por los a\u00f1os 1938 y con una venta de una casa pudieron abrir su almac\u00e9n en la calle 6 de octubre esquina Bol\u00edvar de Oruro se llamaba Grishina Y Mrdjen y adentro era su casa, ganaban muy bien por muchos a\u00f1os con el auge de la miner\u00eda. Josip y Victoria tuvieron 2 hijas, Zdenka y Sonja Mrden Gomez Garc\u00eda, Zdenka naci\u00f3 en 1939 y Sonia 1941, ellas estudiaron en el colegio Anglo Americano de Oruro.<\/p>\n<p>&nbsp;<\/p>\n\n\t\t<style type=\"text\/css\">\n\t\t\t#gallery-2 {\n\t\t\t\tmargin: auto;\n\t\t\t}\n\t\t\t#gallery-2 .gallery-item {\n\t\t\t\tfloat: left;\n\t\t\t\tmargin-top: 10px;\n\t\t\t\ttext-align: center;\n\t\t\t\twidth: 33%;\n\t\t\t}\n\t\t\t#gallery-2 img {\n\t\t\t\tborder: 2px solid #cfcfcf;\n\t\t\t}\n\t\t\t#gallery-2 .gallery-caption {\n\t\t\t\tmargin-left: 0;\n\t\t\t}\n\t\t\t\/* see gallery_shortcode() in wp-includes\/media.php *\/\n\t\t<\/style>\n\t\t<div id='gallery-2' class='gallery galleryid-13528 gallery-columns-3 gallery-size-thumbnail'><dl class='gallery-item'>\n\t\t\t<dt class='gallery-icon portrait'>\n\t\t\t\t<a data-rel=\"iLightbox[postimages]\" data-title=\"IMG-20250409-WA0004\" data-caption=\"\" href='https:\/\/virtualnimuzej.aspira.hr\/es\/img-20250409-wa0004-2\/'><img decoding=\"async\" width=\"98\" height=\"150\" src=\"https:\/\/virtualnimuzej.aspira.hr\/wp-content\/uploads\/2025\/04\/IMG-20250409-WA0004.jpg\" class=\"attachment-thumbnail size-thumbnail\" alt=\"\" \/><\/a>\n\t\t\t<\/dt><\/dl><dl class='gallery-item'>\n\t\t\t<dt class='gallery-icon portrait'>\n\t\t\t\t<a data-rel=\"iLightbox[postimages]\" data-title=\"IMG-20250409-WA0010\" data-caption=\"\" href='https:\/\/virtualnimuzej.aspira.hr\/es\/img-20250409-wa0010-2\/'><img decoding=\"async\" width=\"99\" height=\"150\" src=\"https:\/\/virtualnimuzej.aspira.hr\/wp-content\/uploads\/2025\/04\/IMG-20250409-WA0010.jpg\" class=\"attachment-thumbnail size-thumbnail\" alt=\"\" \/><\/a>\n\t\t\t<\/dt><\/dl><dl class='gallery-item'>\n\t\t\t<dt class='gallery-icon portrait'>\n\t\t\t\t<a data-rel=\"iLightbox[postimages]\" data-title=\"IMG-20250409-WA0012\" data-caption=\"\" href='https:\/\/virtualnimuzej.aspira.hr\/es\/img-20250409-wa0012-2\/'><img decoding=\"async\" width=\"116\" height=\"150\" src=\"https:\/\/virtualnimuzej.aspira.hr\/wp-content\/uploads\/2025\/04\/IMG-20250409-WA0012.jpg\" class=\"attachment-thumbnail size-thumbnail\" alt=\"\" \/><\/a>\n\t\t\t<\/dt><\/dl><br style=\"clear: both\" \/>\n\t\t<\/div>\n\n<p>&nbsp;<\/p>\n\n\t\t<style type=\"text\/css\">\n\t\t\t#gallery-3 {\n\t\t\t\tmargin: auto;\n\t\t\t}\n\t\t\t#gallery-3 .gallery-item {\n\t\t\t\tfloat: left;\n\t\t\t\tmargin-top: 10px;\n\t\t\t\ttext-align: center;\n\t\t\t\twidth: 33%;\n\t\t\t}\n\t\t\t#gallery-3 img {\n\t\t\t\tborder: 2px solid #cfcfcf;\n\t\t\t}\n\t\t\t#gallery-3 .gallery-caption {\n\t\t\t\tmargin-left: 0;\n\t\t\t}\n\t\t\t\/* see gallery_shortcode() in wp-includes\/media.php *\/\n\t\t<\/style>\n\t\t<div id='gallery-3' class='gallery galleryid-13528 gallery-columns-3 gallery-size-thumbnail'><dl class='gallery-item'>\n\t\t\t<dt class='gallery-icon portrait'>\n\t\t\t\t<a data-rel=\"iLightbox[postimages]\" data-title=\"IMG-20250409-WA0008\" data-caption=\"\" href='https:\/\/virtualnimuzej.aspira.hr\/es\/img-20250409-wa0008-2\/'><img decoding=\"async\" width=\"112\" height=\"150\" src=\"https:\/\/virtualnimuzej.aspira.hr\/wp-content\/uploads\/2025\/04\/IMG-20250409-WA0008.jpg\" class=\"attachment-thumbnail size-thumbnail\" alt=\"\" \/><\/a>\n\t\t\t<\/dt><\/dl><dl class='gallery-item'>\n\t\t\t<dt class='gallery-icon portrait'>\n\t\t\t\t<a data-rel=\"iLightbox[postimages]\" data-title=\"IMG-20250409-WA0007\" data-caption=\"\" href='https:\/\/virtualnimuzej.aspira.hr\/es\/img-20250409-wa0007-2\/'><img decoding=\"async\" width=\"87\" height=\"150\" src=\"https:\/\/virtualnimuzej.aspira.hr\/wp-content\/uploads\/2025\/04\/IMG-20250409-WA0007.jpg\" class=\"attachment-thumbnail size-thumbnail\" alt=\"\" \/><\/a>\n\t\t\t<\/dt><\/dl><dl class='gallery-item'>\n\t\t\t<dt class='gallery-icon portrait'>\n\t\t\t\t<a data-rel=\"iLightbox[postimages]\" data-title=\"IMG-20250409-WA0014\" data-caption=\"\" href='https:\/\/virtualnimuzej.aspira.hr\/es\/img-20250409-wa0014-2\/'><img decoding=\"async\" width=\"104\" height=\"150\" src=\"https:\/\/virtualnimuzej.aspira.hr\/wp-content\/uploads\/2025\/04\/IMG-20250409-WA0014.jpg\" class=\"attachment-thumbnail size-thumbnail\" alt=\"\" \/><\/a>\n\t\t\t<\/dt><\/dl><br style=\"clear: both\" \/>\n\t\t<\/div>\n\n<p>&nbsp;<\/p>\n<p>&nbsp;<\/p>\n<p>En Oruro se fund\u00f3 el cuerpo de bomberos Eslavo a iniciativa de la comunidad eslava debido a que en a\u00f1os pasados hubo un incendio grande de un almac\u00e9n de un eslavo y por falta de un cuerpo de bomberos perdieron todo, mi abuelo Josip fue parte del mismo como voluntario, tambi\u00e9n form\u00f3 parte del Club Eslavo que posteriormente pas\u00f3 a ser Club Croata lo mismo que el cementerio Croata.<\/p>\n<p>&nbsp;<\/p>\n\n\t\t<style type=\"text\/css\">\n\t\t\t#gallery-4 {\n\t\t\t\tmargin: auto;\n\t\t\t}\n\t\t\t#gallery-4 .gallery-item {\n\t\t\t\tfloat: left;\n\t\t\t\tmargin-top: 10px;\n\t\t\t\ttext-align: center;\n\t\t\t\twidth: 33%;\n\t\t\t}\n\t\t\t#gallery-4 img {\n\t\t\t\tborder: 2px solid #cfcfcf;\n\t\t\t}\n\t\t\t#gallery-4 .gallery-caption {\n\t\t\t\tmargin-left: 0;\n\t\t\t}\n\t\t\t\/* see gallery_shortcode() in wp-includes\/media.php *\/\n\t\t<\/style>\n\t\t<div id='gallery-4' class='gallery galleryid-13528 gallery-columns-3 gallery-size-thumbnail'><dl class='gallery-item'>\n\t\t\t<dt class='gallery-icon portrait'>\n\t\t\t\t<a data-rel=\"iLightbox[postimages]\" data-title=\"IMG-20250409-WA0002\" data-caption=\"\" href='https:\/\/virtualnimuzej.aspira.hr\/es\/img-20250409-wa0002-2\/'><img decoding=\"async\" width=\"107\" height=\"150\" src=\"https:\/\/virtualnimuzej.aspira.hr\/wp-content\/uploads\/2025\/04\/IMG-20250409-WA0002.jpg\" class=\"attachment-thumbnail size-thumbnail\" alt=\"\" \/><\/a>\n\t\t\t<\/dt><\/dl><dl class='gallery-item'>\n\t\t\t<dt class='gallery-icon portrait'>\n\t\t\t\t<a data-rel=\"iLightbox[postimages]\" data-title=\"IMG-20250404-WA0001\" data-caption=\"\" href='https:\/\/virtualnimuzej.aspira.hr\/es\/img-20250404-wa0001-2-2\/'><img decoding=\"async\" width=\"116\" height=\"150\" src=\"https:\/\/virtualnimuzej.aspira.hr\/wp-content\/uploads\/2025\/04\/IMG-20250404-WA0001.jpg\" class=\"attachment-thumbnail size-thumbnail\" alt=\"\" \/><\/a>\n\t\t\t<\/dt><\/dl><dl class='gallery-item'>\n\t\t\t<dt class='gallery-icon portrait'>\n\t\t\t\t<a data-rel=\"iLightbox[postimages]\" data-title=\"IMG-20250404-WA0000\" data-caption=\"\" href='https:\/\/virtualnimuzej.aspira.hr\/es\/img-20250404-wa0000-2-2\/'><img decoding=\"async\" width=\"129\" height=\"150\" src=\"https:\/\/virtualnimuzej.aspira.hr\/wp-content\/uploads\/2025\/04\/IMG-20250404-WA0000.jpg\" class=\"attachment-thumbnail size-thumbnail\" alt=\"\" \/><\/a>\n\t\t\t<\/dt><\/dl><br style=\"clear: both\" \/>\n\t\t<\/div>\n\n<p>&nbsp;<\/p>\n<p>&nbsp;<\/p>\n<p>Despu\u00e9s decidieron con su socio trasladarse a Cochabamba con el almac\u00e9n, lastimosamente la situaci\u00f3n no ayud\u00f3 y tuvieron que cerrar el almac\u00e9n y volvieron a Oruro y Josip empez\u00f3 a trabajar en una empresa minera en Cerro Grande del Ing. Brushman un Holand\u00e9s como administrador del almac\u00e9n y viajaba mucho a las minas, luego fue socio de la empresa minera SPLIT que ten\u00eda una mina de baritina en la zona de Atocha y se traslad\u00f3 a vivir a la ciudad de Tupiza, ah\u00ed se qued\u00f3 muchos a\u00f1os, luego volvi\u00f3 a Oruro donde falleci\u00f3 el mes de abril de 1991.<\/p>\n<p>Zdenka se cas\u00f3 en el a\u00f1o 1962 con Abel Martinez Mendez de profesi\u00f3n militar con el cual vivi\u00f3 por casi toda Bolivia y el extranjero, ellos tuvieron 4 hijos Ljubica Casta, Jos\u00e9 Abel, Damir Mauricio y Davor, Damir Mauricio falleci\u00f3 en el a\u00f1o 1997, en la actualidad Ljubica y Davor viven en Santa Cruz de la Sierra y Jos\u00e9 Abel en Asunci\u00f3n del Paraguay, tiene 2 hijas Camila y Sofia, hoy est\u00e1 casado con Marie Lissi Arauz. Sonja se cas\u00f3 con Edgar Rocabado ingeniero minero de familia empresaria minera de Cochabamba, ellos tuvieron 4 hijos Claudia, Christian, Romina y Fabricio, Claudia se cas\u00f3 con Mirko Armijo Aillon y tienen 3 hijas Luciana Alexis , Romina Tamara y Rafaella Claudia Armijo y viven en Canad\u00e1, Luciana se cas\u00f3 con John Shaw y tiene 2 hijos Hudson Edgar y Lupita Reign, Christian se cas\u00f3 con Daniela Valverde y tienen un hijo Branko, viven en Cochabamba junto a Sonja, Romina se cas\u00f3 con un ingeniero estadounidense Brian Brodsky tiene 2 hijos Keira y Nathan y viven en los Estados Unidos y Fabricio tiene 2 hijos Nestor y Fabrizio Jr. y vive en la ciudad de La Paz.<\/p>\n<p>Davor Martinez Mrden<\/p>\n<p>&nbsp;<\/p>\n","protected":false},"excerpt":{"rendered":"<p>Gracias a Snje\u017eana Dedi\u0107, quien nos conect\u00f3, recibimos esta hermosa historia escrita por Davor Martinez Mrden: Les cuento la Historia de migraci\u00f3n de mi abuelo JOSIP ANTE MRDJEN DRASKOVIC. El [&hellip;]<\/p>\n","protected":false},"author":1,"featured_media":13483,"comment_status":"open","ping_status":"open","sticky":false,"template":"","format":"standard","meta":{"footnotes":""},"categories":[76],"tags":[],"class_list":["post-13528","post","type-post","status-publish","format-standard","has-post-thumbnail","hentry","category-bolivia-es"],"yoast_head":"<!-- This site is optimized with the Yoast SEO plugin v20.7 - https:\/\/yoast.com\/wordpress\/plugins\/seo\/ -->\n<title>Historia de migraci\u00f3n de Josip Mrdjen - Aspira Virtualni Muzej iseljeni\u0161tva Dalmacije<\/title>\n<meta name=\"robots\" content=\"index, follow, max-snippet:-1, max-image-preview:large, max-video-preview:-1\" \/>\n<link rel=\"canonical\" href=\"https:\/\/virtualnimuzej.aspira.hr\/es\/historia-de-migracion-de-josip-mrdjen\/\" \/>\n<meta property=\"og:locale\" content=\"es_ES\" \/>\n<meta property=\"og:type\" content=\"article\" \/>\n<meta property=\"og:title\" content=\"Historia de migraci\u00f3n de Josip Mrdjen - Aspira Virtualni Muzej iseljeni\u0161tva Dalmacije\" \/>\n<meta property=\"og:description\" content=\"Gracias a Snje\u017eana Dedi\u0107, quien nos conect\u00f3, recibimos esta hermosa historia escrita por Davor Martinez Mrden: Les cuento la Historia de migraci\u00f3n de mi abuelo JOSIP ANTE MRDJEN DRASKOVIC. El [&hellip;]\" \/>\n<meta property=\"og:url\" content=\"https:\/\/virtualnimuzej.aspira.hr\/es\/historia-de-migracion-de-josip-mrdjen\/\" \/>\n<meta property=\"og:site_name\" content=\"Aspira Virtualni Muzej iseljeni\u0161tva Dalmacije\" \/>\n<meta property=\"article:published_time\" content=\"2025-04-09T15:09:53+00:00\" \/>\n<meta property=\"article:modified_time\" content=\"2025-04-09T15:22:42+00:00\" \/>\n<meta property=\"og:image\" content=\"https:\/\/virtualnimuzej.aspira.hr\/wp-content\/uploads\/2025\/04\/images-1.jpg\" \/>\n\t<meta property=\"og:image:width\" content=\"315\" \/>\n\t<meta property=\"og:image:height\" content=\"200\" \/>\n\t<meta property=\"og:image:type\" content=\"image\/jpeg\" \/>\n<meta name=\"author\" content=\"VmuzejAspira\" \/>\n<meta name=\"twitter:card\" content=\"summary_large_image\" \/>\n<meta name=\"twitter:label1\" content=\"Escrito por\" \/>\n\t<meta name=\"twitter:data1\" content=\"VmuzejAspira\" \/>\n\t<meta name=\"twitter:label2\" content=\"Tiempo de lectura\" \/>\n\t<meta name=\"twitter:data2\" content=\"6 minutos\" \/>\n<script type=\"application\/ld+json\" class=\"yoast-schema-graph\">{\"@context\":\"https:\/\/schema.org\",\"@graph\":[{\"@type\":\"WebPage\",\"@id\":\"https:\/\/virtualnimuzej.aspira.hr\/es\/historia-de-migracion-de-josip-mrdjen\/\",\"url\":\"https:\/\/virtualnimuzej.aspira.hr\/es\/historia-de-migracion-de-josip-mrdjen\/\",\"name\":\"Historia de migraci\u00f3n de Josip Mrdjen - Aspira Virtualni Muzej iseljeni\u0161tva Dalmacije\",\"isPartOf\":{\"@id\":\"https:\/\/virtualnimuzej.aspira.hr\/#website\"},\"datePublished\":\"2025-04-09T15:09:53+00:00\",\"dateModified\":\"2025-04-09T15:22:42+00:00\",\"author\":{\"@id\":\"https:\/\/virtualnimuzej.aspira.hr\/#\/schema\/person\/8b28048370e78968988c04d6f1ba104d\"},\"breadcrumb\":{\"@id\":\"https:\/\/virtualnimuzej.aspira.hr\/es\/historia-de-migracion-de-josip-mrdjen\/#breadcrumb\"},\"inLanguage\":\"es\",\"potentialAction\":[{\"@type\":\"ReadAction\",\"target\":[\"https:\/\/virtualnimuzej.aspira.hr\/es\/historia-de-migracion-de-josip-mrdjen\/\"]}]},{\"@type\":\"BreadcrumbList\",\"@id\":\"https:\/\/virtualnimuzej.aspira.hr\/es\/historia-de-migracion-de-josip-mrdjen\/#breadcrumb\",\"itemListElement\":[{\"@type\":\"ListItem\",\"position\":1,\"name\":\"Naslovna\",\"item\":\"https:\/\/virtualnimuzej.aspira.hr\/es\/\"},{\"@type\":\"ListItem\",\"position\":2,\"name\":\"Historia de migraci\u00f3n de Josip Mrdjen\"}]},{\"@type\":\"WebSite\",\"@id\":\"https:\/\/virtualnimuzej.aspira.hr\/#website\",\"url\":\"https:\/\/virtualnimuzej.aspira.hr\/\",\"name\":\"Aspira Virtualni Muzej iseljeni\u0161tva Dalmacije\",\"description\":\"Muzej iseljeni\u0161tva je zami\u0161ljen kao mjesto skupljanja i prezentacije gra\u0111e o hrvatskom iseljeni\u0161tvu i povijesti iseljavanja koja nikada nije bila dovoljno istra\u017eena.\",\"potentialAction\":[{\"@type\":\"SearchAction\",\"target\":{\"@type\":\"EntryPoint\",\"urlTemplate\":\"https:\/\/virtualnimuzej.aspira.hr\/?s={search_term_string}\"},\"query-input\":\"required name=search_term_string\"}],\"inLanguage\":\"es\"},{\"@type\":\"Person\",\"@id\":\"https:\/\/virtualnimuzej.aspira.hr\/#\/schema\/person\/8b28048370e78968988c04d6f1ba104d\",\"name\":\"VmuzejAspira\",\"image\":{\"@type\":\"ImageObject\",\"inLanguage\":\"es\",\"@id\":\"https:\/\/virtualnimuzej.aspira.hr\/#\/schema\/person\/image\/\",\"url\":\"https:\/\/secure.gravatar.com\/avatar\/cfa7124a34eec5233efffe1e8fb23c18bb83abdb6129e8f47c9144109613a228?s=96&d=mm&r=g\",\"contentUrl\":\"https:\/\/secure.gravatar.com\/avatar\/cfa7124a34eec5233efffe1e8fb23c18bb83abdb6129e8f47c9144109613a228?s=96&d=mm&r=g\",\"caption\":\"VmuzejAspira\"},\"sameAs\":[\"http:\/\/virtualnimuzej.aspira.hr\"],\"url\":\"https:\/\/virtualnimuzej.aspira.hr\/es\/author\/vmuzejaspira\/\"}]}<\/script>\n<!-- \/ Yoast SEO plugin. -->","yoast_head_json":{"title":"Historia de migraci\u00f3n de Josip Mrdjen - Aspira Virtualni Muzej iseljeni\u0161tva Dalmacije","robots":{"index":"index","follow":"follow","max-snippet":"max-snippet:-1","max-image-preview":"max-image-preview:large","max-video-preview":"max-video-preview:-1"},"canonical":"https:\/\/virtualnimuzej.aspira.hr\/es\/historia-de-migracion-de-josip-mrdjen\/","og_locale":"es_ES","og_type":"article","og_title":"Historia de migraci\u00f3n de Josip Mrdjen - Aspira Virtualni Muzej iseljeni\u0161tva Dalmacije","og_description":"Gracias a Snje\u017eana Dedi\u0107, quien nos conect\u00f3, recibimos esta hermosa historia escrita por Davor Martinez Mrden: Les cuento la Historia de migraci\u00f3n de mi abuelo JOSIP ANTE MRDJEN DRASKOVIC. El [&hellip;]","og_url":"https:\/\/virtualnimuzej.aspira.hr\/es\/historia-de-migracion-de-josip-mrdjen\/","og_site_name":"Aspira Virtualni Muzej iseljeni\u0161tva Dalmacije","article_published_time":"2025-04-09T15:09:53+00:00","article_modified_time":"2025-04-09T15:22:42+00:00","og_image":[{"width":315,"height":200,"url":"https:\/\/virtualnimuzej.aspira.hr\/wp-content\/uploads\/2025\/04\/images-1.jpg","type":"image\/jpeg"}],"author":"VmuzejAspira","twitter_card":"summary_large_image","twitter_misc":{"Escrito por":"VmuzejAspira","Tiempo de lectura":"6 minutos"},"schema":{"@context":"https:\/\/schema.org","@graph":[{"@type":"WebPage","@id":"https:\/\/virtualnimuzej.aspira.hr\/es\/historia-de-migracion-de-josip-mrdjen\/","url":"https:\/\/virtualnimuzej.aspira.hr\/es\/historia-de-migracion-de-josip-mrdjen\/","name":"Historia de migraci\u00f3n de Josip Mrdjen - Aspira Virtualni Muzej iseljeni\u0161tva Dalmacije","isPartOf":{"@id":"https:\/\/virtualnimuzej.aspira.hr\/#website"},"datePublished":"2025-04-09T15:09:53+00:00","dateModified":"2025-04-09T15:22:42+00:00","author":{"@id":"https:\/\/virtualnimuzej.aspira.hr\/#\/schema\/person\/8b28048370e78968988c04d6f1ba104d"},"breadcrumb":{"@id":"https:\/\/virtualnimuzej.aspira.hr\/es\/historia-de-migracion-de-josip-mrdjen\/#breadcrumb"},"inLanguage":"es","potentialAction":[{"@type":"ReadAction","target":["https:\/\/virtualnimuzej.aspira.hr\/es\/historia-de-migracion-de-josip-mrdjen\/"]}]},{"@type":"BreadcrumbList","@id":"https:\/\/virtualnimuzej.aspira.hr\/es\/historia-de-migracion-de-josip-mrdjen\/#breadcrumb","itemListElement":[{"@type":"ListItem","position":1,"name":"Naslovna","item":"https:\/\/virtualnimuzej.aspira.hr\/es\/"},{"@type":"ListItem","position":2,"name":"Historia de migraci\u00f3n de Josip Mrdjen"}]},{"@type":"WebSite","@id":"https:\/\/virtualnimuzej.aspira.hr\/#website","url":"https:\/\/virtualnimuzej.aspira.hr\/","name":"Aspira Virtualni Muzej iseljeni\u0161tva Dalmacije","description":"Muzej iseljeni\u0161tva je zami\u0161ljen kao mjesto skupljanja i prezentacije gra\u0111e o hrvatskom iseljeni\u0161tvu i povijesti iseljavanja koja nikada nije bila dovoljno istra\u017eena.","potentialAction":[{"@type":"SearchAction","target":{"@type":"EntryPoint","urlTemplate":"https:\/\/virtualnimuzej.aspira.hr\/?s={search_term_string}"},"query-input":"required name=search_term_string"}],"inLanguage":"es"},{"@type":"Person","@id":"https:\/\/virtualnimuzej.aspira.hr\/#\/schema\/person\/8b28048370e78968988c04d6f1ba104d","name":"VmuzejAspira","image":{"@type":"ImageObject","inLanguage":"es","@id":"https:\/\/virtualnimuzej.aspira.hr\/#\/schema\/person\/image\/","url":"https:\/\/secure.gravatar.com\/avatar\/cfa7124a34eec5233efffe1e8fb23c18bb83abdb6129e8f47c9144109613a228?s=96&d=mm&r=g","contentUrl":"https:\/\/secure.gravatar.com\/avatar\/cfa7124a34eec5233efffe1e8fb23c18bb83abdb6129e8f47c9144109613a228?s=96&d=mm&r=g","caption":"VmuzejAspira"},"sameAs":["http:\/\/virtualnimuzej.aspira.hr"],"url":"https:\/\/virtualnimuzej.aspira.hr\/es\/author\/vmuzejaspira\/"}]}},"_links":{"self":[{"href":"https:\/\/virtualnimuzej.aspira.hr\/es\/wp-json\/wp\/v2\/posts\/13528","targetHints":{"allow":["GET"]}}],"collection":[{"href":"https:\/\/virtualnimuzej.aspira.hr\/es\/wp-json\/wp\/v2\/posts"}],"about":[{"href":"https:\/\/virtualnimuzej.aspira.hr\/es\/wp-json\/wp\/v2\/types\/post"}],"author":[{"embeddable":true,"href":"https:\/\/virtualnimuzej.aspira.hr\/es\/wp-json\/wp\/v2\/users\/1"}],"replies":[{"embeddable":true,"href":"https:\/\/virtualnimuzej.aspira.hr\/es\/wp-json\/wp\/v2\/comments?post=13528"}],"version-history":[{"count":2,"href":"https:\/\/virtualnimuzej.aspira.hr\/es\/wp-json\/wp\/v2\/posts\/13528\/revisions"}],"predecessor-version":[{"id":13535,"href":"https:\/\/virtualnimuzej.aspira.hr\/es\/wp-json\/wp\/v2\/posts\/13528\/revisions\/13535"}],"wp:featuredmedia":[{"embeddable":true,"href":"https:\/\/virtualnimuzej.aspira.hr\/es\/wp-json\/wp\/v2\/media\/13483"}],"wp:attachment":[{"href":"https:\/\/virtualnimuzej.aspira.hr\/es\/wp-json\/wp\/v2\/media?parent=13528"}],"wp:term":[{"taxonomy":"category","embeddable":true,"href":"https:\/\/virtualnimuzej.aspira.hr\/es\/wp-json\/wp\/v2\/categories?post=13528"},{"taxonomy":"post_tag","embeddable":true,"href":"https:\/\/virtualnimuzej.aspira.hr\/es\/wp-json\/wp\/v2\/tags?post=13528"}],"curies":[{"name":"wp","href":"https:\/\/api.w.org\/{rel}","templated":true}]}}