{"id":13622,"date":"2025-05-01T17:46:32","date_gmt":"2025-05-01T15:46:32","guid":{"rendered":"https:\/\/virtualnimuzej.aspira.hr\/?p=13622"},"modified":"2025-05-01T17:46:32","modified_gmt":"2025-05-01T15:46:32","slug":"anthony-misetich","status":"publish","type":"post","link":"https:\/\/virtualnimuzej.aspira.hr\/es\/anthony-misetich\/","title":{"rendered":"Anthony Misetich"},"content":{"rendered":"<p>&nbsp;<\/p>\n<p><strong>Anthony Misetich<\/strong> fue elegido por primera vez al Concejo Municipal de Rancho Palos Verdes (RPV) en noviembre de 2009 y reelegido en 2013, siendo el candidato con mayor n\u00famero de votos en ambas elecciones. Se desempe\u00f1\u00f3 como alcalde de RPV en 2012 y actualmente ejerce el cargo de concejal. Anthony reside en Rancho Palos Verdes desde hace 27 a\u00f1os y es un consultor respetado en la industria energ\u00e9tica.<\/p>\n<p>Curs\u00f3 sus estudios en escuelas locales, entre ellas Dapplegray Intermediate School y Miraleste High School. Es el primer y \u00fanico miembro del concejo municipal de RPV que se gradu\u00f3 dentro del distrito escolar unificado Palos Verdes Peninsula (PVPUSD). Durante su tiempo en Miraleste High School, particip\u00f3 activamente en deportes y fue titular como liniero ofensivo y defensivo en el equipo de f\u00fatbol americano dirigido por el entrenador Gary Kimbrell. En 1977, Miraleste gan\u00f3 el campeonato de la Pioneer League y avanz\u00f3 a los playoffs de CIF. En su \u00faltimo a\u00f1o, Anthony fue seleccionado para el primer equipo de la Pioneer League y de CIF.<\/p>\n<p>Estudi\u00f3 en Occidental College y en la Escuela de Posgrado en Ventas y Gesti\u00f3n de Marketing de la Universidad de Syracuse. A principios de los a\u00f1os 80, jug\u00f3 en el equipo de f\u00fatbol americano universitario de Occidental. Se gradu\u00f3 en Ciencias Pol\u00edticas en 1983 y en 1984 se uni\u00f3 a General Petroleum, una empresa de comercializaci\u00f3n de energ\u00eda. A lo largo de 26 a\u00f1os en esa empresa, ocup\u00f3 varios cargos de direcci\u00f3n en ventas, marketing y operaciones, finalizando su carrera como vicepresidente senior de manufactura.<\/p>\n<p>Actualmente es presidente de Sujak Consulting Services, firma especializada en consultor\u00eda y servicios para la industria energ\u00e9tica. Anthony ha estado profundamente involucrado en asuntos comunitarios y empresariales. En 2009, fue presidente de la Asociaci\u00f3n del Puerto para la Industria y el Comercio (Harbor Association of Industry and Commerce &#8211; HAIC), una organizaci\u00f3n dedicada al desarrollo econ\u00f3mico de los puertos de Los \u00c1ngeles y Long Beach, y al fomento del comercio internacional. Tambi\u00e9n form\u00f3 parte del comit\u00e9 de asuntos gubernamentales de HAIC y viaj\u00f3 a Sacramento para reunirse con l\u00edderes legislativos.<\/p>\n<p>Se desempe\u00f1\u00f3 como comisionado de la ciudad de Los \u00c1ngeles (en la junta de apelaciones de reubicaci\u00f3n, de 1999 a 2006), como alcalde honorario de San Pedro (2005\u20132007), y fue miembro del comit\u00e9 asesor de finanzas de RPV en 2008. En el concejo municipal, fue un firme defensor del principio de presupuestaci\u00f3n base cero (zero-based budgeting), que la ciudad adopt\u00f3 en 2010, as\u00ed como de la creaci\u00f3n de la Academia de Liderazgo de RPV en 2011, que desde entonces ha capacitado a numerosos comisionados, miembros de comit\u00e9s y dos concejales sobre el funcionamiento del gobierno local de RPV.<\/p>\n<p>Durante su tiempo en el concejo, ha participado en numerosos subcomit\u00e9s, y ha representado a la ciudad como delegado ante diversas entidades: el Distrito Municipal de Agua de West Basin, la Autoridad de Transporte de Palos Verdes, los Distritos de Saneamiento del Condado de Los \u00c1ngeles, el Consejo de Gobiernos de las Ciudades del Sur de la Bah\u00eda, el Comit\u00e9 Regional de Aplicaci\u00f3n de la Ley de la Pen\u00ednsula, la Autoridad de Poderes Conjuntos de California, la Asociaci\u00f3n de Ciudades por Contrato de California, y los subcomit\u00e9s de auditor\u00eda y gesti\u00f3n de residuos.<\/p>\n<p>Anthony y su esposa Chris tienen tres hijos: una hija, Kelley, y dos hijos, Matthew y Jonathan, quienes tambi\u00e9n son graduados del distrito escolar PVPUSD.<\/p>\n<p>&nbsp;<\/p>\n<p>Cita Favorita de Anthony Misetich:\u00a0 Nada en el mundo puede sustituir a la perseverancia. El talento no lo har\u00e1; nada es m\u00e1s com\u00fan que personas talentosas sin \u00e9xito. El genio no lo har\u00e1; el genio no reconocido es casi un proverbio. La educaci\u00f3n no lo har\u00e1; el mundo est\u00e1 lleno de personas instruidas que han fracasado. Solo la perseverancia y la determinaci\u00f3n son omnipotentes.<\/p>\n<p>&nbsp;<\/p>\n<p><img decoding=\"async\" class=\"alignnone size-full wp-image-13610\" src=\"https:\/\/virtualnimuzej.aspira.hr\/wp-content\/uploads\/2025\/05\/031.jpg\" alt=\"\" width=\"800\" height=\"782\" \/><\/p>\n<p>&nbsp;<\/p>\n<p><img decoding=\"async\" class=\"alignnone size-full wp-image-13613\" src=\"https:\/\/virtualnimuzej.aspira.hr\/wp-content\/uploads\/2025\/05\/Misetich.jpg\" alt=\"\" width=\"757\" height=\"800\" \/><\/p>\n<p>&nbsp;<\/p>\n<p><a href=\"https:\/\/virtualnimuzej.aspira.hr\/wp-content\/uploads\/2025\/05\/Mary-Misetich.pdf\">Mary Misetich<\/a><\/p>\n<p>&nbsp;<\/p>\n","protected":false},"excerpt":{"rendered":"<p>&nbsp; Anthony Misetich fue elegido por primera vez al Concejo Municipal de Rancho Palos Verdes (RPV) en noviembre de 2009 y reelegido en 2013, siendo el candidato con mayor n\u00famero [&hellip;]<\/p>\n","protected":false},"author":1,"featured_media":13607,"comment_status":"open","ping_status":"open","sticky":false,"template":"","format":"standard","meta":{"footnotes":""},"categories":[87],"tags":[],"class_list":["post-13622","post","type-post","status-publish","format-standard","has-post-thumbnail","hentry","category-estados-unidos"],"yoast_head":"<!-- This site is optimized with the Yoast SEO plugin v20.7 - https:\/\/yoast.com\/wordpress\/plugins\/seo\/ -->\n<title>Anthony Misetich - Aspira Virtualni Muzej iseljeni\u0161tva Dalmacije<\/title>\n<meta name=\"robots\" content=\"index, follow, max-snippet:-1, max-image-preview:large, max-video-preview:-1\" \/>\n<link rel=\"canonical\" href=\"https:\/\/virtualnimuzej.aspira.hr\/es\/anthony-misetich\/\" \/>\n<meta property=\"og:locale\" content=\"es_ES\" \/>\n<meta property=\"og:type\" content=\"article\" \/>\n<meta property=\"og:title\" content=\"Anthony Misetich - Aspira Virtualni Muzej iseljeni\u0161tva Dalmacije\" \/>\n<meta property=\"og:description\" content=\"&nbsp; Anthony Misetich fue elegido por primera vez al Concejo Municipal de Rancho Palos Verdes (RPV) en noviembre de 2009 y reelegido en 2013, siendo el candidato con mayor n\u00famero [&hellip;]\" \/>\n<meta property=\"og:url\" content=\"https:\/\/virtualnimuzej.aspira.hr\/es\/anthony-misetich\/\" \/>\n<meta property=\"og:site_name\" content=\"Aspira Virtualni Muzej iseljeni\u0161tva Dalmacije\" \/>\n<meta property=\"article:published_time\" content=\"2025-05-01T15:46:32+00:00\" \/>\n<meta property=\"og:image\" content=\"https:\/\/virtualnimuzej.aspira.hr\/wp-content\/uploads\/2025\/05\/IMG_2415.jpg\" \/>\n\t<meta property=\"og:image:width\" content=\"800\" \/>\n\t<meta property=\"og:image:height\" content=\"600\" \/>\n\t<meta property=\"og:image:type\" content=\"image\/jpeg\" \/>\n<meta name=\"author\" content=\"VmuzejAspira\" \/>\n<meta name=\"twitter:card\" content=\"summary_large_image\" \/>\n<meta name=\"twitter:label1\" content=\"Escrito por\" \/>\n\t<meta name=\"twitter:data1\" content=\"VmuzejAspira\" \/>\n\t<meta name=\"twitter:label2\" content=\"Tiempo de lectura\" \/>\n\t<meta name=\"twitter:data2\" content=\"4 minutos\" \/>\n<script type=\"application\/ld+json\" class=\"yoast-schema-graph\">{\"@context\":\"https:\/\/schema.org\",\"@graph\":[{\"@type\":\"WebPage\",\"@id\":\"https:\/\/virtualnimuzej.aspira.hr\/es\/anthony-misetich\/\",\"url\":\"https:\/\/virtualnimuzej.aspira.hr\/es\/anthony-misetich\/\",\"name\":\"Anthony Misetich - Aspira Virtualni Muzej iseljeni\u0161tva Dalmacije\",\"isPartOf\":{\"@id\":\"https:\/\/virtualnimuzej.aspira.hr\/#website\"},\"datePublished\":\"2025-05-01T15:46:32+00:00\",\"dateModified\":\"2025-05-01T15:46:32+00:00\",\"author\":{\"@id\":\"https:\/\/virtualnimuzej.aspira.hr\/#\/schema\/person\/8b28048370e78968988c04d6f1ba104d\"},\"breadcrumb\":{\"@id\":\"https:\/\/virtualnimuzej.aspira.hr\/es\/anthony-misetich\/#breadcrumb\"},\"inLanguage\":\"es\",\"potentialAction\":[{\"@type\":\"ReadAction\",\"target\":[\"https:\/\/virtualnimuzej.aspira.hr\/es\/anthony-misetich\/\"]}]},{\"@type\":\"BreadcrumbList\",\"@id\":\"https:\/\/virtualnimuzej.aspira.hr\/es\/anthony-misetich\/#breadcrumb\",\"itemListElement\":[{\"@type\":\"ListItem\",\"position\":1,\"name\":\"Naslovna\",\"item\":\"https:\/\/virtualnimuzej.aspira.hr\/es\/\"},{\"@type\":\"ListItem\",\"position\":2,\"name\":\"Anthony Misetich\"}]},{\"@type\":\"WebSite\",\"@id\":\"https:\/\/virtualnimuzej.aspira.hr\/#website\",\"url\":\"https:\/\/virtualnimuzej.aspira.hr\/\",\"name\":\"Aspira Virtualni Muzej iseljeni\u0161tva Dalmacije\",\"description\":\"Muzej iseljeni\u0161tva je zami\u0161ljen kao mjesto skupljanja i prezentacije gra\u0111e o hrvatskom iseljeni\u0161tvu i povijesti iseljavanja koja nikada nije bila dovoljno istra\u017eena.\",\"potentialAction\":[{\"@type\":\"SearchAction\",\"target\":{\"@type\":\"EntryPoint\",\"urlTemplate\":\"https:\/\/virtualnimuzej.aspira.hr\/?s={search_term_string}\"},\"query-input\":\"required name=search_term_string\"}],\"inLanguage\":\"es\"},{\"@type\":\"Person\",\"@id\":\"https:\/\/virtualnimuzej.aspira.hr\/#\/schema\/person\/8b28048370e78968988c04d6f1ba104d\",\"name\":\"VmuzejAspira\",\"image\":{\"@type\":\"ImageObject\",\"inLanguage\":\"es\",\"@id\":\"https:\/\/virtualnimuzej.aspira.hr\/#\/schema\/person\/image\/\",\"url\":\"https:\/\/secure.gravatar.com\/avatar\/cfa7124a34eec5233efffe1e8fb23c18bb83abdb6129e8f47c9144109613a228?s=96&d=mm&r=g\",\"contentUrl\":\"https:\/\/secure.gravatar.com\/avatar\/cfa7124a34eec5233efffe1e8fb23c18bb83abdb6129e8f47c9144109613a228?s=96&d=mm&r=g\",\"caption\":\"VmuzejAspira\"},\"sameAs\":[\"http:\/\/virtualnimuzej.aspira.hr\"],\"url\":\"https:\/\/virtualnimuzej.aspira.hr\/es\/author\/vmuzejaspira\/\"}]}<\/script>\n<!-- \/ Yoast SEO plugin. -->","yoast_head_json":{"title":"Anthony Misetich - Aspira Virtualni Muzej iseljeni\u0161tva Dalmacije","robots":{"index":"index","follow":"follow","max-snippet":"max-snippet:-1","max-image-preview":"max-image-preview:large","max-video-preview":"max-video-preview:-1"},"canonical":"https:\/\/virtualnimuzej.aspira.hr\/es\/anthony-misetich\/","og_locale":"es_ES","og_type":"article","og_title":"Anthony Misetich - Aspira Virtualni Muzej iseljeni\u0161tva Dalmacije","og_description":"&nbsp; Anthony Misetich fue elegido por primera vez al Concejo Municipal de Rancho Palos Verdes (RPV) en noviembre de 2009 y reelegido en 2013, siendo el candidato con mayor n\u00famero [&hellip;]","og_url":"https:\/\/virtualnimuzej.aspira.hr\/es\/anthony-misetich\/","og_site_name":"Aspira Virtualni Muzej iseljeni\u0161tva Dalmacije","article_published_time":"2025-05-01T15:46:32+00:00","og_image":[{"width":800,"height":600,"url":"https:\/\/virtualnimuzej.aspira.hr\/wp-content\/uploads\/2025\/05\/IMG_2415.jpg","type":"image\/jpeg"}],"author":"VmuzejAspira","twitter_card":"summary_large_image","twitter_misc":{"Escrito por":"VmuzejAspira","Tiempo de lectura":"4 minutos"},"schema":{"@context":"https:\/\/schema.org","@graph":[{"@type":"WebPage","@id":"https:\/\/virtualnimuzej.aspira.hr\/es\/anthony-misetich\/","url":"https:\/\/virtualnimuzej.aspira.hr\/es\/anthony-misetich\/","name":"Anthony Misetich - Aspira Virtualni Muzej iseljeni\u0161tva Dalmacije","isPartOf":{"@id":"https:\/\/virtualnimuzej.aspira.hr\/#website"},"datePublished":"2025-05-01T15:46:32+00:00","dateModified":"2025-05-01T15:46:32+00:00","author":{"@id":"https:\/\/virtualnimuzej.aspira.hr\/#\/schema\/person\/8b28048370e78968988c04d6f1ba104d"},"breadcrumb":{"@id":"https:\/\/virtualnimuzej.aspira.hr\/es\/anthony-misetich\/#breadcrumb"},"inLanguage":"es","potentialAction":[{"@type":"ReadAction","target":["https:\/\/virtualnimuzej.aspira.hr\/es\/anthony-misetich\/"]}]},{"@type":"BreadcrumbList","@id":"https:\/\/virtualnimuzej.aspira.hr\/es\/anthony-misetich\/#breadcrumb","itemListElement":[{"@type":"ListItem","position":1,"name":"Naslovna","item":"https:\/\/virtualnimuzej.aspira.hr\/es\/"},{"@type":"ListItem","position":2,"name":"Anthony Misetich"}]},{"@type":"WebSite","@id":"https:\/\/virtualnimuzej.aspira.hr\/#website","url":"https:\/\/virtualnimuzej.aspira.hr\/","name":"Aspira Virtualni Muzej iseljeni\u0161tva Dalmacije","description":"Muzej iseljeni\u0161tva je zami\u0161ljen kao mjesto skupljanja i prezentacije gra\u0111e o hrvatskom iseljeni\u0161tvu i povijesti iseljavanja koja nikada nije bila dovoljno istra\u017eena.","potentialAction":[{"@type":"SearchAction","target":{"@type":"EntryPoint","urlTemplate":"https:\/\/virtualnimuzej.aspira.hr\/?s={search_term_string}"},"query-input":"required name=search_term_string"}],"inLanguage":"es"},{"@type":"Person","@id":"https:\/\/virtualnimuzej.aspira.hr\/#\/schema\/person\/8b28048370e78968988c04d6f1ba104d","name":"VmuzejAspira","image":{"@type":"ImageObject","inLanguage":"es","@id":"https:\/\/virtualnimuzej.aspira.hr\/#\/schema\/person\/image\/","url":"https:\/\/secure.gravatar.com\/avatar\/cfa7124a34eec5233efffe1e8fb23c18bb83abdb6129e8f47c9144109613a228?s=96&d=mm&r=g","contentUrl":"https:\/\/secure.gravatar.com\/avatar\/cfa7124a34eec5233efffe1e8fb23c18bb83abdb6129e8f47c9144109613a228?s=96&d=mm&r=g","caption":"VmuzejAspira"},"sameAs":["http:\/\/virtualnimuzej.aspira.hr"],"url":"https:\/\/virtualnimuzej.aspira.hr\/es\/author\/vmuzejaspira\/"}]}},"_links":{"self":[{"href":"https:\/\/virtualnimuzej.aspira.hr\/es\/wp-json\/wp\/v2\/posts\/13622","targetHints":{"allow":["GET"]}}],"collection":[{"href":"https:\/\/virtualnimuzej.aspira.hr\/es\/wp-json\/wp\/v2\/posts"}],"about":[{"href":"https:\/\/virtualnimuzej.aspira.hr\/es\/wp-json\/wp\/v2\/types\/post"}],"author":[{"embeddable":true,"href":"https:\/\/virtualnimuzej.aspira.hr\/es\/wp-json\/wp\/v2\/users\/1"}],"replies":[{"embeddable":true,"href":"https:\/\/virtualnimuzej.aspira.hr\/es\/wp-json\/wp\/v2\/comments?post=13622"}],"version-history":[{"count":1,"href":"https:\/\/virtualnimuzej.aspira.hr\/es\/wp-json\/wp\/v2\/posts\/13622\/revisions"}],"predecessor-version":[{"id":13623,"href":"https:\/\/virtualnimuzej.aspira.hr\/es\/wp-json\/wp\/v2\/posts\/13622\/revisions\/13623"}],"wp:featuredmedia":[{"embeddable":true,"href":"https:\/\/virtualnimuzej.aspira.hr\/es\/wp-json\/wp\/v2\/media\/13607"}],"wp:attachment":[{"href":"https:\/\/virtualnimuzej.aspira.hr\/es\/wp-json\/wp\/v2\/media?parent=13622"}],"wp:term":[{"taxonomy":"category","embeddable":true,"href":"https:\/\/virtualnimuzej.aspira.hr\/es\/wp-json\/wp\/v2\/categories?post=13622"},{"taxonomy":"post_tag","embeddable":true,"href":"https:\/\/virtualnimuzej.aspira.hr\/es\/wp-json\/wp\/v2\/tags?post=13622"}],"curies":[{"name":"wp","href":"https:\/\/api.w.org\/{rel}","templated":true}]}}