{"id":13697,"date":"2025-05-21T16:02:35","date_gmt":"2025-05-21T14:02:35","guid":{"rendered":"https:\/\/virtualnimuzej.aspira.hr\/?p=13697"},"modified":"2025-05-25T19:08:53","modified_gmt":"2025-05-25T17:08:53","slug":"poesia-de-oskar-cuckovic","status":"publish","type":"post","link":"https:\/\/virtualnimuzej.aspira.hr\/es\/poesia-de-oskar-cuckovic\/","title":{"rendered":"Poesia de Oskar Cuckovic"},"content":{"rendered":"<p>Oskar Cuckovic escribi\u00f3 un poema en honor a su abuelo, quien lleg\u00f3 a la Argentina cuando ten\u00eda quince a\u00f1os:<\/p>\n<p>&nbsp;<\/p>\n<p>Un barco a velas te trajo escondido entre sus redes,<\/p>\n<p>quince a\u00f1os cumplias lejos de tu querida Dubrovnik.<\/p>\n<p>Alla,alla quedaron tus padres, tus hermanos, tus amigos<\/p>\n<p>amas los volvistes a ver<\/p>\n<p>y entre barcos y astilleros del buen Mihanovic,<\/p>\n<p>cubrias tus tristes penas.<\/p>\n<p>Ya no te decian Jure sino Jorge, en La Boca e Isla Maciel.<\/p>\n<p>Cuando partistes llore,estaba triste y perdido.<\/p>\n<p>Pero sabes que ? abuelo Dalmata,<\/p>\n<p>hoy me siento orgulloso porque llevo tu apellido.<\/p>\n<p>&#8212;&#8212;&#8212;&#8212;&#8212;&#8212;&#8212;&#8212;&#8212;<\/p>\n<p>&nbsp;<\/p>\n<p>\u00bfQu\u00e9 puedo decir de m\u00ed? Toda la vida me llamaron <em data-start=\"281\" data-end=\"292\">el polaco<\/em> en mi barrio, por ser rubio y tener ojos celestes.<\/p>\n<p>No tuve una infancia \u00abcroata\u00bb, ya que mi abuelo Jure se asent\u00f3 en la Isla Maciel, un barrio al lado de La Boca, zonas de muchos genoveses donde solo se hablaba ese idioma.<\/p>\n<p data-start=\"528\" data-end=\"704\">Ya de grande, un d\u00eda mi hija Nadia, que ten\u00eda 9 a\u00f1os, me dijo que quer\u00eda ir a aprender danzas croatas a una instituci\u00f3n en Dock Sud, invitada por una compa\u00f1erita del colegio.<\/p>\n<p data-start=\"711\" data-end=\"910\">El director de un conjunto folkl\u00f3rico croata llamado \u00abMarijan\u00bb, al enterarse de que ella estudiaba piano, le dijo que aprenda canciones croatas y le dio una <em data-start=\"868\" data-end=\"879\">bisernica<\/em> para que practicara en casa.<\/p>\n<p data-start=\"917\" data-end=\"1109\">\u00a1Y ah\u00ed aparezco yo! Porque cuando ella se iba al colegio, yo agarraba la tamburica y, sin saber m\u00fasica, me pon\u00eda a practicar anotando las notas en un papel, porque me acordaba de la melod\u00eda.<\/p>\n<p data-start=\"1116\" data-end=\"1389\">As\u00ed fue como aprend\u00ed la primera: <em data-start=\"1149\" data-end=\"1171\">Na brijegu ku\u0107a mala<\/em>. Se lo coment\u00e9 al director y me dijo: \u00ab\u00a1And\u00e1 corriendo a buscar el traje blanco que usaba el conjunto!\u00bb Le respond\u00ed: \u00abPero solo s\u00e9 una canci\u00f3n\u00bb, y Margueti\u0107 me contest\u00f3: \u00abNo importa, las otras las hac\u00e9s con m\u00edmica\u00bb.<\/p>\n<p data-start=\"1396\" data-end=\"1514\">Le volv\u00ed a decir que solo sab\u00eda una, y me repiti\u00f3 que no importaba, que mientras aprend\u00eda las dem\u00e1s, hiciera m\u00edmica.<\/p>\n<p data-start=\"1521\" data-end=\"1592\">Entender\u00e1s que, desde ese d\u00eda tan feliz, mi vida cambi\u00f3 para siempre&#8230;<\/p>\n","protected":false},"excerpt":{"rendered":"<p>Oskar Cuckovic escribi\u00f3 un poema en honor a su abuelo, quien lleg\u00f3 a la Argentina cuando ten\u00eda quince a\u00f1os: &nbsp; Un barco a velas te trajo escondido entre sus redes, [&hellip;]<\/p>\n","protected":false},"author":1,"featured_media":13694,"comment_status":"open","ping_status":"open","sticky":false,"template":"","format":"standard","meta":{"footnotes":""},"categories":[75],"tags":[],"class_list":["post-13697","post","type-post","status-publish","format-standard","has-post-thumbnail","hentry","category-argentina-es"],"yoast_head":"<!-- This site is optimized with the Yoast SEO plugin v20.7 - https:\/\/yoast.com\/wordpress\/plugins\/seo\/ -->\n<title>Poesia de Oskar Cuckovic - Aspira Virtualni Muzej iseljeni\u0161tva Dalmacije<\/title>\n<meta name=\"robots\" content=\"index, follow, max-snippet:-1, max-image-preview:large, max-video-preview:-1\" \/>\n<link rel=\"canonical\" href=\"https:\/\/virtualnimuzej.aspira.hr\/es\/poesia-de-oskar-cuckovic\/\" \/>\n<meta property=\"og:locale\" content=\"es_ES\" \/>\n<meta property=\"og:type\" content=\"article\" \/>\n<meta property=\"og:title\" content=\"Poesia de Oskar Cuckovic - Aspira Virtualni Muzej iseljeni\u0161tva Dalmacije\" \/>\n<meta property=\"og:description\" content=\"Oskar Cuckovic escribi\u00f3 un poema en honor a su abuelo, quien lleg\u00f3 a la Argentina cuando ten\u00eda quince a\u00f1os: &nbsp; Un barco a velas te trajo escondido entre sus redes, [&hellip;]\" \/>\n<meta property=\"og:url\" content=\"https:\/\/virtualnimuzej.aspira.hr\/es\/poesia-de-oskar-cuckovic\/\" \/>\n<meta property=\"og:site_name\" content=\"Aspira Virtualni Muzej iseljeni\u0161tva Dalmacije\" \/>\n<meta property=\"article:published_time\" content=\"2025-05-21T14:02:35+00:00\" \/>\n<meta property=\"article:modified_time\" content=\"2025-05-25T17:08:53+00:00\" \/>\n<meta property=\"og:image\" content=\"https:\/\/virtualnimuzej.aspira.hr\/wp-content\/uploads\/2025\/05\/download-1.jpg\" \/>\n\t<meta property=\"og:image:width\" content=\"259\" \/>\n\t<meta property=\"og:image:height\" content=\"194\" \/>\n\t<meta property=\"og:image:type\" content=\"image\/jpeg\" \/>\n<meta name=\"author\" content=\"VmuzejAspira\" \/>\n<meta name=\"twitter:card\" content=\"summary_large_image\" \/>\n<meta name=\"twitter:label1\" content=\"Escrito por\" \/>\n\t<meta name=\"twitter:data1\" content=\"VmuzejAspira\" \/>\n\t<meta name=\"twitter:label2\" content=\"Tiempo de lectura\" \/>\n\t<meta name=\"twitter:data2\" content=\"2 minutos\" \/>\n<script type=\"application\/ld+json\" class=\"yoast-schema-graph\">{\"@context\":\"https:\/\/schema.org\",\"@graph\":[{\"@type\":\"WebPage\",\"@id\":\"https:\/\/virtualnimuzej.aspira.hr\/es\/poesia-de-oskar-cuckovic\/\",\"url\":\"https:\/\/virtualnimuzej.aspira.hr\/es\/poesia-de-oskar-cuckovic\/\",\"name\":\"Poesia de Oskar Cuckovic - Aspira Virtualni Muzej iseljeni\u0161tva Dalmacije\",\"isPartOf\":{\"@id\":\"https:\/\/virtualnimuzej.aspira.hr\/#website\"},\"datePublished\":\"2025-05-21T14:02:35+00:00\",\"dateModified\":\"2025-05-25T17:08:53+00:00\",\"author\":{\"@id\":\"https:\/\/virtualnimuzej.aspira.hr\/#\/schema\/person\/8b28048370e78968988c04d6f1ba104d\"},\"breadcrumb\":{\"@id\":\"https:\/\/virtualnimuzej.aspira.hr\/es\/poesia-de-oskar-cuckovic\/#breadcrumb\"},\"inLanguage\":\"es\",\"potentialAction\":[{\"@type\":\"ReadAction\",\"target\":[\"https:\/\/virtualnimuzej.aspira.hr\/es\/poesia-de-oskar-cuckovic\/\"]}]},{\"@type\":\"BreadcrumbList\",\"@id\":\"https:\/\/virtualnimuzej.aspira.hr\/es\/poesia-de-oskar-cuckovic\/#breadcrumb\",\"itemListElement\":[{\"@type\":\"ListItem\",\"position\":1,\"name\":\"Naslovna\",\"item\":\"https:\/\/virtualnimuzej.aspira.hr\/es\/\"},{\"@type\":\"ListItem\",\"position\":2,\"name\":\"Poesia de Oskar Cuckovic\"}]},{\"@type\":\"WebSite\",\"@id\":\"https:\/\/virtualnimuzej.aspira.hr\/#website\",\"url\":\"https:\/\/virtualnimuzej.aspira.hr\/\",\"name\":\"Aspira Virtualni Muzej iseljeni\u0161tva Dalmacije\",\"description\":\"Muzej iseljeni\u0161tva je zami\u0161ljen kao mjesto skupljanja i prezentacije gra\u0111e o hrvatskom iseljeni\u0161tvu i povijesti iseljavanja koja nikada nije bila dovoljno istra\u017eena.\",\"potentialAction\":[{\"@type\":\"SearchAction\",\"target\":{\"@type\":\"EntryPoint\",\"urlTemplate\":\"https:\/\/virtualnimuzej.aspira.hr\/?s={search_term_string}\"},\"query-input\":\"required name=search_term_string\"}],\"inLanguage\":\"es\"},{\"@type\":\"Person\",\"@id\":\"https:\/\/virtualnimuzej.aspira.hr\/#\/schema\/person\/8b28048370e78968988c04d6f1ba104d\",\"name\":\"VmuzejAspira\",\"image\":{\"@type\":\"ImageObject\",\"inLanguage\":\"es\",\"@id\":\"https:\/\/virtualnimuzej.aspira.hr\/#\/schema\/person\/image\/\",\"url\":\"https:\/\/secure.gravatar.com\/avatar\/cfa7124a34eec5233efffe1e8fb23c18bb83abdb6129e8f47c9144109613a228?s=96&d=mm&r=g\",\"contentUrl\":\"https:\/\/secure.gravatar.com\/avatar\/cfa7124a34eec5233efffe1e8fb23c18bb83abdb6129e8f47c9144109613a228?s=96&d=mm&r=g\",\"caption\":\"VmuzejAspira\"},\"sameAs\":[\"http:\/\/virtualnimuzej.aspira.hr\"],\"url\":\"https:\/\/virtualnimuzej.aspira.hr\/es\/author\/vmuzejaspira\/\"}]}<\/script>\n<!-- \/ Yoast SEO plugin. -->","yoast_head_json":{"title":"Poesia de Oskar Cuckovic - Aspira Virtualni Muzej iseljeni\u0161tva Dalmacije","robots":{"index":"index","follow":"follow","max-snippet":"max-snippet:-1","max-image-preview":"max-image-preview:large","max-video-preview":"max-video-preview:-1"},"canonical":"https:\/\/virtualnimuzej.aspira.hr\/es\/poesia-de-oskar-cuckovic\/","og_locale":"es_ES","og_type":"article","og_title":"Poesia de Oskar Cuckovic - Aspira Virtualni Muzej iseljeni\u0161tva Dalmacije","og_description":"Oskar Cuckovic escribi\u00f3 un poema en honor a su abuelo, quien lleg\u00f3 a la Argentina cuando ten\u00eda quince a\u00f1os: &nbsp; Un barco a velas te trajo escondido entre sus redes, [&hellip;]","og_url":"https:\/\/virtualnimuzej.aspira.hr\/es\/poesia-de-oskar-cuckovic\/","og_site_name":"Aspira Virtualni Muzej iseljeni\u0161tva Dalmacije","article_published_time":"2025-05-21T14:02:35+00:00","article_modified_time":"2025-05-25T17:08:53+00:00","og_image":[{"width":259,"height":194,"url":"https:\/\/virtualnimuzej.aspira.hr\/wp-content\/uploads\/2025\/05\/download-1.jpg","type":"image\/jpeg"}],"author":"VmuzejAspira","twitter_card":"summary_large_image","twitter_misc":{"Escrito por":"VmuzejAspira","Tiempo de lectura":"2 minutos"},"schema":{"@context":"https:\/\/schema.org","@graph":[{"@type":"WebPage","@id":"https:\/\/virtualnimuzej.aspira.hr\/es\/poesia-de-oskar-cuckovic\/","url":"https:\/\/virtualnimuzej.aspira.hr\/es\/poesia-de-oskar-cuckovic\/","name":"Poesia de Oskar Cuckovic - Aspira Virtualni Muzej iseljeni\u0161tva Dalmacije","isPartOf":{"@id":"https:\/\/virtualnimuzej.aspira.hr\/#website"},"datePublished":"2025-05-21T14:02:35+00:00","dateModified":"2025-05-25T17:08:53+00:00","author":{"@id":"https:\/\/virtualnimuzej.aspira.hr\/#\/schema\/person\/8b28048370e78968988c04d6f1ba104d"},"breadcrumb":{"@id":"https:\/\/virtualnimuzej.aspira.hr\/es\/poesia-de-oskar-cuckovic\/#breadcrumb"},"inLanguage":"es","potentialAction":[{"@type":"ReadAction","target":["https:\/\/virtualnimuzej.aspira.hr\/es\/poesia-de-oskar-cuckovic\/"]}]},{"@type":"BreadcrumbList","@id":"https:\/\/virtualnimuzej.aspira.hr\/es\/poesia-de-oskar-cuckovic\/#breadcrumb","itemListElement":[{"@type":"ListItem","position":1,"name":"Naslovna","item":"https:\/\/virtualnimuzej.aspira.hr\/es\/"},{"@type":"ListItem","position":2,"name":"Poesia de Oskar Cuckovic"}]},{"@type":"WebSite","@id":"https:\/\/virtualnimuzej.aspira.hr\/#website","url":"https:\/\/virtualnimuzej.aspira.hr\/","name":"Aspira Virtualni Muzej iseljeni\u0161tva Dalmacije","description":"Muzej iseljeni\u0161tva je zami\u0161ljen kao mjesto skupljanja i prezentacije gra\u0111e o hrvatskom iseljeni\u0161tvu i povijesti iseljavanja koja nikada nije bila dovoljno istra\u017eena.","potentialAction":[{"@type":"SearchAction","target":{"@type":"EntryPoint","urlTemplate":"https:\/\/virtualnimuzej.aspira.hr\/?s={search_term_string}"},"query-input":"required name=search_term_string"}],"inLanguage":"es"},{"@type":"Person","@id":"https:\/\/virtualnimuzej.aspira.hr\/#\/schema\/person\/8b28048370e78968988c04d6f1ba104d","name":"VmuzejAspira","image":{"@type":"ImageObject","inLanguage":"es","@id":"https:\/\/virtualnimuzej.aspira.hr\/#\/schema\/person\/image\/","url":"https:\/\/secure.gravatar.com\/avatar\/cfa7124a34eec5233efffe1e8fb23c18bb83abdb6129e8f47c9144109613a228?s=96&d=mm&r=g","contentUrl":"https:\/\/secure.gravatar.com\/avatar\/cfa7124a34eec5233efffe1e8fb23c18bb83abdb6129e8f47c9144109613a228?s=96&d=mm&r=g","caption":"VmuzejAspira"},"sameAs":["http:\/\/virtualnimuzej.aspira.hr"],"url":"https:\/\/virtualnimuzej.aspira.hr\/es\/author\/vmuzejaspira\/"}]}},"_links":{"self":[{"href":"https:\/\/virtualnimuzej.aspira.hr\/es\/wp-json\/wp\/v2\/posts\/13697","targetHints":{"allow":["GET"]}}],"collection":[{"href":"https:\/\/virtualnimuzej.aspira.hr\/es\/wp-json\/wp\/v2\/posts"}],"about":[{"href":"https:\/\/virtualnimuzej.aspira.hr\/es\/wp-json\/wp\/v2\/types\/post"}],"author":[{"embeddable":true,"href":"https:\/\/virtualnimuzej.aspira.hr\/es\/wp-json\/wp\/v2\/users\/1"}],"replies":[{"embeddable":true,"href":"https:\/\/virtualnimuzej.aspira.hr\/es\/wp-json\/wp\/v2\/comments?post=13697"}],"version-history":[{"count":3,"href":"https:\/\/virtualnimuzej.aspira.hr\/es\/wp-json\/wp\/v2\/posts\/13697\/revisions"}],"predecessor-version":[{"id":13702,"href":"https:\/\/virtualnimuzej.aspira.hr\/es\/wp-json\/wp\/v2\/posts\/13697\/revisions\/13702"}],"wp:featuredmedia":[{"embeddable":true,"href":"https:\/\/virtualnimuzej.aspira.hr\/es\/wp-json\/wp\/v2\/media\/13694"}],"wp:attachment":[{"href":"https:\/\/virtualnimuzej.aspira.hr\/es\/wp-json\/wp\/v2\/media?parent=13697"}],"wp:term":[{"taxonomy":"category","embeddable":true,"href":"https:\/\/virtualnimuzej.aspira.hr\/es\/wp-json\/wp\/v2\/categories?post=13697"},{"taxonomy":"post_tag","embeddable":true,"href":"https:\/\/virtualnimuzej.aspira.hr\/es\/wp-json\/wp\/v2\/tags?post=13697"}],"curies":[{"name":"wp","href":"https:\/\/api.w.org\/{rel}","templated":true}]}}