{"id":2137,"date":"2022-08-23T17:06:11","date_gmt":"2022-08-23T15:06:11","guid":{"rendered":"https:\/\/virtualnimuzej.aspira.hr\/?p=2137"},"modified":"2022-08-23T17:06:11","modified_gmt":"2022-08-23T15:06:11","slug":"ivo-salamunovic-de-potosi","status":"publish","type":"post","link":"https:\/\/virtualnimuzej.aspira.hr\/es\/ivo-salamunovic-de-potosi\/","title":{"rendered":"Ivo Salamunovic de Potosi"},"content":{"rendered":"<p><strong>IVO\u00a0 SALAMUNOVIC\u00a0 JELINCIC<\/strong>, naci\u00f3 el 4 de septiembre de 1.919 en Postira, isla de Brach, en la actual Croacia, entonces Monarqu\u00eda de Yugoslavia, como hijo mayor de siete hermanos del matrimonio de Jure y Mare.<\/p>\n<p>Despu\u00e9s de insistir a sus progenitores durante 4 a\u00f1os, al cumplir 16 a\u00f1os le autorizaron el viaje a Am\u00e9rica en 1936, una traves\u00eda que demor\u00f3 35 d\u00edas en barco. Pas\u00f3 por las esclusas de Panam\u00e1, lleg\u00f3 a Arica (Chile), y de ah\u00ed continu\u00f3 por tren hasta llegar a Potos\u00ed, donde le esperaba el hermano de su padre, propietario del Hotel Londres.<\/p>\n<p>&nbsp;<\/p>\n<p><img decoding=\"async\" class=\"alignnone size-medium wp-image-2129\" src=\"https:\/\/virtualnimuzej.aspira.hr\/wp-content\/uploads\/2022\/08\/Hotel-Londres-izvor-Facebook-300x203.jpg\" alt=\"\" width=\"300\" height=\"203\" srcset=\"https:\/\/virtualnimuzej.aspira.hr\/wp-content\/uploads\/2022\/08\/Hotel-Londres-izvor-Facebook-200x135.jpg 200w, https:\/\/virtualnimuzej.aspira.hr\/wp-content\/uploads\/2022\/08\/Hotel-Londres-izvor-Facebook-300x203.jpg 300w, https:\/\/virtualnimuzej.aspira.hr\/wp-content\/uploads\/2022\/08\/Hotel-Londres-izvor-Facebook-400x270.jpg 400w, https:\/\/virtualnimuzej.aspira.hr\/wp-content\/uploads\/2022\/08\/Hotel-Londres-izvor-Facebook-600x405.jpg 600w, https:\/\/virtualnimuzej.aspira.hr\/wp-content\/uploads\/2022\/08\/Hotel-Londres-izvor-Facebook-768x518.jpg 768w, https:\/\/virtualnimuzej.aspira.hr\/wp-content\/uploads\/2022\/08\/Hotel-Londres-izvor-Facebook.jpg 800w\" sizes=\"(max-width: 300px) 100vw, 300px\" \/> Hotel Londres<\/p>\n<p>&nbsp;<\/p>\n<p>Vivi\u00f3 intensamente en Potos\u00ed, formando relaciones sociales, culturales y literarias que duran hasta el d\u00eda de hoy. En 1.945 se traslad\u00f3 a Cochabamba, donde contrajo matrimonio con Felicidad Alborta Virreira (hoy fallecida) y tuvieron tres hijos: Margarita (que radica en Estocolmo),\u00a0 Beatriz (en Cochabamba) e Ivo (en California).<\/p>\n<p>&nbsp;<\/p>\n<p>A partir de la d\u00e9cada de los 60 se ha dedicado a la investigaci\u00f3n, a trabajar y viajar, propalando los beneficios que se podr\u00eda obtener con la explotaci\u00f3n del cinabrio, buscado beneficiar la econom\u00eda de la zona de Cotagaita y por ende al pa\u00eds. Durante m\u00e1s de 30 a\u00f1os ha presentado trabajos, estudios y escritos al Ministerio de Miner\u00eda, al Servicio Geol\u00f3gico de Bolivia, a Institutos Mineros, a las Facultades de Geolog\u00eda en Potos\u00ed, Oruro y La Paz. Lamentablemente, \u00e9l no ha logrado interesar a inversionistas, al no ser el mercurio un mineral tradicional.<\/p>\n<p>&nbsp;<\/p>\n<p>En 1.988 public\u00f3 su libro \u201cMercurio y Cinabrio\u201d en Bolivia y lo present\u00f3 en varios foros universitarios y mineros.<\/p>\n<p>&nbsp;<\/p>\n<p>En 1.992, decidi\u00f3 radicarse en Estocolmo. Su actividad period\u00edstica y literaria ha sido y es publicada en: La Patria (Oruro), El Diario y Presencia (La Paz), Liberaci\u00f3n (Malm\u00f6, Suecia), Tribuna Hispana (Madrid, Espa\u00f1a) y en varias revistas latinoamericanas en Suecia, Alemania y Dinamarca, aparte de los art\u00edculos escritos que han sido repartidos entre amigos y conocidos.<\/p>\n<p>&nbsp;<\/p>\n<p>En Mayo del 2.000 edit\u00f3 en Estocolmo, Suecia, su libro \u201cExtravagancias\u201d.El escritor colombiano, Camilo Garc\u00eda, dio al libro un destacado lugar entre los trabajos literarios de los hispano-hablantes radicados en Suecia. El pintor boliviano Hans Hoffmann dibuj\u00f3 en la portada el retrato de Ivo con los hechos m\u00e1s sobresalientes de su vida.<\/p>\n<p>En Junio del 2.003 se public\u00f3 \u201cExtravagancias II\u201d, libro dedicado a su querida Potos\u00ed y en Diciembre del 2.003 se imprimi\u00f3 \u201cExtravagancias III\u201d que trata el amor, la amistad, convivencia y en julio de 2007 \u201cExtravagancias IV\u201d.<\/p>\n<p>&nbsp;<\/p>\n<p>Ivo Salamunovic J<\/p>\n<p>L\u00f6tj\u00f6v\u00e4gen 67<\/p>\n<p>174 43 Sundbyberg<\/p>\n<p>Tel: +46 08-628 93 06<\/p>\n<p><a href=\"mailto:salamunovicivo@yahoo.com\">salamunovicivo@yahoo.com<\/a><\/p>\n<p>&nbsp;<\/p>\n<p><img decoding=\"async\" class=\"alignnone size-medium wp-image-2132\" src=\"https:\/\/virtualnimuzej.aspira.hr\/wp-content\/uploads\/2022\/08\/Cinabrio-y-mercurio-od-Salamunovica-198x300.jpg\" alt=\"\" width=\"198\" height=\"300\" srcset=\"https:\/\/virtualnimuzej.aspira.hr\/wp-content\/uploads\/2022\/08\/Cinabrio-y-mercurio-od-Salamunovica-198x300.jpg 198w, https:\/\/virtualnimuzej.aspira.hr\/wp-content\/uploads\/2022\/08\/Cinabrio-y-mercurio-od-Salamunovica-200x302.jpg 200w, https:\/\/virtualnimuzej.aspira.hr\/wp-content\/uploads\/2022\/08\/Cinabrio-y-mercurio-od-Salamunovica-400x605.jpg 400w, https:\/\/virtualnimuzej.aspira.hr\/wp-content\/uploads\/2022\/08\/Cinabrio-y-mercurio-od-Salamunovica-600x907.jpg 600w, https:\/\/virtualnimuzej.aspira.hr\/wp-content\/uploads\/2022\/08\/Cinabrio-y-mercurio-od-Salamunovica-677x1024.jpg 677w, https:\/\/virtualnimuzej.aspira.hr\/wp-content\/uploads\/2022\/08\/Cinabrio-y-mercurio-od-Salamunovica-768x1161.jpg 768w, https:\/\/virtualnimuzej.aspira.hr\/wp-content\/uploads\/2022\/08\/Cinabrio-y-mercurio-od-Salamunovica-800x1209.jpg 800w, https:\/\/virtualnimuzej.aspira.hr\/wp-content\/uploads\/2022\/08\/Cinabrio-y-mercurio-od-Salamunovica.jpg 981w\" sizes=\"(max-width: 198px) 100vw, 198px\" \/>\u00a0 \u00a0 <img decoding=\"async\" class=\"alignnone size-medium wp-image-2135\" src=\"https:\/\/virtualnimuzej.aspira.hr\/wp-content\/uploads\/2022\/08\/ex1-2-208x300.jpg\" alt=\"\" width=\"208\" height=\"300\" srcset=\"https:\/\/virtualnimuzej.aspira.hr\/wp-content\/uploads\/2022\/08\/ex1-2-200x288.jpg 200w, https:\/\/virtualnimuzej.aspira.hr\/wp-content\/uploads\/2022\/08\/ex1-2-208x300.jpg 208w, https:\/\/virtualnimuzej.aspira.hr\/wp-content\/uploads\/2022\/08\/ex1-2-400x576.jpg 400w, https:\/\/virtualnimuzej.aspira.hr\/wp-content\/uploads\/2022\/08\/ex1-2-600x864.jpg 600w, https:\/\/virtualnimuzej.aspira.hr\/wp-content\/uploads\/2022\/08\/ex1-2-711x1024.jpg 711w, https:\/\/virtualnimuzej.aspira.hr\/wp-content\/uploads\/2022\/08\/ex1-2-768x1106.jpg 768w, https:\/\/virtualnimuzej.aspira.hr\/wp-content\/uploads\/2022\/08\/ex1-2-800x1152.jpg 800w, https:\/\/virtualnimuzej.aspira.hr\/wp-content\/uploads\/2022\/08\/ex1-2-1067x1536.jpg 1067w, https:\/\/virtualnimuzej.aspira.hr\/wp-content\/uploads\/2022\/08\/ex1-2.jpg 1120w\" sizes=\"(max-width: 208px) 100vw, 208px\" \/><\/p>\n<p>Escrito por Ivo Salamunovic que fallecio en 2009<\/p>\n","protected":false},"excerpt":{"rendered":"<p>IVO\u00a0 SALAMUNOVIC\u00a0 JELINCIC, naci\u00f3 el 4 de septiembre de 1.919 en Postira, isla de Brach, en la actual Croacia, entonces Monarqu\u00eda de Yugoslavia, como hijo mayor de siete hermanos del [&hellip;]<\/p>\n","protected":false},"author":1,"featured_media":2126,"comment_status":"open","ping_status":"open","sticky":false,"template":"","format":"standard","meta":{"footnotes":""},"categories":[76],"tags":[],"class_list":["post-2137","post","type-post","status-publish","format-standard","has-post-thumbnail","hentry","category-bolivia-es"],"yoast_head":"<!-- This site is optimized with the Yoast SEO plugin v20.7 - https:\/\/yoast.com\/wordpress\/plugins\/seo\/ -->\n<title>Ivo Salamunovic de Potosi - Aspira Virtualni Muzej iseljeni\u0161tva Dalmacije<\/title>\n<meta name=\"robots\" content=\"index, follow, max-snippet:-1, max-image-preview:large, max-video-preview:-1\" \/>\n<link rel=\"canonical\" href=\"https:\/\/virtualnimuzej.aspira.hr\/es\/ivo-salamunovic-de-potosi\/\" \/>\n<meta property=\"og:locale\" content=\"es_ES\" \/>\n<meta property=\"og:type\" content=\"article\" \/>\n<meta property=\"og:title\" content=\"Ivo Salamunovic de Potosi - Aspira Virtualni Muzej iseljeni\u0161tva Dalmacije\" \/>\n<meta property=\"og:description\" content=\"IVO\u00a0 SALAMUNOVIC\u00a0 JELINCIC, naci\u00f3 el 4 de septiembre de 1.919 en Postira, isla de Brach, en la actual Croacia, entonces Monarqu\u00eda de Yugoslavia, como hijo mayor de siete hermanos del [&hellip;]\" \/>\n<meta property=\"og:url\" content=\"https:\/\/virtualnimuzej.aspira.hr\/es\/ivo-salamunovic-de-potosi\/\" \/>\n<meta property=\"og:site_name\" content=\"Aspira Virtualni Muzej iseljeni\u0161tva Dalmacije\" \/>\n<meta property=\"article:published_time\" content=\"2022-08-23T15:06:11+00:00\" \/>\n<meta property=\"og:image\" content=\"https:\/\/virtualnimuzej.aspira.hr\/wp-content\/uploads\/2022\/08\/Extravagancias.jpg\" \/>\n\t<meta property=\"og:image:width\" content=\"1068\" \/>\n\t<meta property=\"og:image:height\" content=\"1542\" \/>\n\t<meta property=\"og:image:type\" content=\"image\/jpeg\" \/>\n<meta name=\"author\" content=\"VmuzejAspira\" \/>\n<meta name=\"twitter:card\" content=\"summary_large_image\" \/>\n<meta name=\"twitter:label1\" content=\"Escrito por\" \/>\n\t<meta name=\"twitter:data1\" content=\"VmuzejAspira\" \/>\n\t<meta name=\"twitter:label2\" content=\"Tiempo de lectura\" \/>\n\t<meta name=\"twitter:data2\" content=\"3 minutos\" \/>\n<script type=\"application\/ld+json\" class=\"yoast-schema-graph\">{\"@context\":\"https:\/\/schema.org\",\"@graph\":[{\"@type\":\"WebPage\",\"@id\":\"https:\/\/virtualnimuzej.aspira.hr\/es\/ivo-salamunovic-de-potosi\/\",\"url\":\"https:\/\/virtualnimuzej.aspira.hr\/es\/ivo-salamunovic-de-potosi\/\",\"name\":\"Ivo Salamunovic de Potosi - Aspira Virtualni Muzej iseljeni\u0161tva Dalmacije\",\"isPartOf\":{\"@id\":\"https:\/\/virtualnimuzej.aspira.hr\/#website\"},\"datePublished\":\"2022-08-23T15:06:11+00:00\",\"dateModified\":\"2022-08-23T15:06:11+00:00\",\"author\":{\"@id\":\"https:\/\/virtualnimuzej.aspira.hr\/#\/schema\/person\/8b28048370e78968988c04d6f1ba104d\"},\"breadcrumb\":{\"@id\":\"https:\/\/virtualnimuzej.aspira.hr\/es\/ivo-salamunovic-de-potosi\/#breadcrumb\"},\"inLanguage\":\"es\",\"potentialAction\":[{\"@type\":\"ReadAction\",\"target\":[\"https:\/\/virtualnimuzej.aspira.hr\/es\/ivo-salamunovic-de-potosi\/\"]}]},{\"@type\":\"BreadcrumbList\",\"@id\":\"https:\/\/virtualnimuzej.aspira.hr\/es\/ivo-salamunovic-de-potosi\/#breadcrumb\",\"itemListElement\":[{\"@type\":\"ListItem\",\"position\":1,\"name\":\"Naslovna\",\"item\":\"https:\/\/virtualnimuzej.aspira.hr\/es\/\"},{\"@type\":\"ListItem\",\"position\":2,\"name\":\"Ivo Salamunovic de Potosi\"}]},{\"@type\":\"WebSite\",\"@id\":\"https:\/\/virtualnimuzej.aspira.hr\/#website\",\"url\":\"https:\/\/virtualnimuzej.aspira.hr\/\",\"name\":\"Aspira Virtualni Muzej iseljeni\u0161tva Dalmacije\",\"description\":\"Muzej iseljeni\u0161tva je zami\u0161ljen kao mjesto skupljanja i prezentacije gra\u0111e o hrvatskom iseljeni\u0161tvu i povijesti iseljavanja koja nikada nije bila dovoljno istra\u017eena.\",\"potentialAction\":[{\"@type\":\"SearchAction\",\"target\":{\"@type\":\"EntryPoint\",\"urlTemplate\":\"https:\/\/virtualnimuzej.aspira.hr\/?s={search_term_string}\"},\"query-input\":\"required name=search_term_string\"}],\"inLanguage\":\"es\"},{\"@type\":\"Person\",\"@id\":\"https:\/\/virtualnimuzej.aspira.hr\/#\/schema\/person\/8b28048370e78968988c04d6f1ba104d\",\"name\":\"VmuzejAspira\",\"image\":{\"@type\":\"ImageObject\",\"inLanguage\":\"es\",\"@id\":\"https:\/\/virtualnimuzej.aspira.hr\/#\/schema\/person\/image\/\",\"url\":\"https:\/\/secure.gravatar.com\/avatar\/cfa7124a34eec5233efffe1e8fb23c18bb83abdb6129e8f47c9144109613a228?s=96&d=mm&r=g\",\"contentUrl\":\"https:\/\/secure.gravatar.com\/avatar\/cfa7124a34eec5233efffe1e8fb23c18bb83abdb6129e8f47c9144109613a228?s=96&d=mm&r=g\",\"caption\":\"VmuzejAspira\"},\"sameAs\":[\"http:\/\/virtualnimuzej.aspira.hr\"],\"url\":\"https:\/\/virtualnimuzej.aspira.hr\/es\/author\/vmuzejaspira\/\"}]}<\/script>\n<!-- \/ Yoast SEO plugin. -->","yoast_head_json":{"title":"Ivo Salamunovic de Potosi - Aspira Virtualni Muzej iseljeni\u0161tva Dalmacije","robots":{"index":"index","follow":"follow","max-snippet":"max-snippet:-1","max-image-preview":"max-image-preview:large","max-video-preview":"max-video-preview:-1"},"canonical":"https:\/\/virtualnimuzej.aspira.hr\/es\/ivo-salamunovic-de-potosi\/","og_locale":"es_ES","og_type":"article","og_title":"Ivo Salamunovic de Potosi - Aspira Virtualni Muzej iseljeni\u0161tva Dalmacije","og_description":"IVO\u00a0 SALAMUNOVIC\u00a0 JELINCIC, naci\u00f3 el 4 de septiembre de 1.919 en Postira, isla de Brach, en la actual Croacia, entonces Monarqu\u00eda de Yugoslavia, como hijo mayor de siete hermanos del [&hellip;]","og_url":"https:\/\/virtualnimuzej.aspira.hr\/es\/ivo-salamunovic-de-potosi\/","og_site_name":"Aspira Virtualni Muzej iseljeni\u0161tva Dalmacije","article_published_time":"2022-08-23T15:06:11+00:00","og_image":[{"width":1068,"height":1542,"url":"https:\/\/virtualnimuzej.aspira.hr\/wp-content\/uploads\/2022\/08\/Extravagancias.jpg","type":"image\/jpeg"}],"author":"VmuzejAspira","twitter_card":"summary_large_image","twitter_misc":{"Escrito por":"VmuzejAspira","Tiempo de lectura":"3 minutos"},"schema":{"@context":"https:\/\/schema.org","@graph":[{"@type":"WebPage","@id":"https:\/\/virtualnimuzej.aspira.hr\/es\/ivo-salamunovic-de-potosi\/","url":"https:\/\/virtualnimuzej.aspira.hr\/es\/ivo-salamunovic-de-potosi\/","name":"Ivo Salamunovic de Potosi - Aspira Virtualni Muzej iseljeni\u0161tva Dalmacije","isPartOf":{"@id":"https:\/\/virtualnimuzej.aspira.hr\/#website"},"datePublished":"2022-08-23T15:06:11+00:00","dateModified":"2022-08-23T15:06:11+00:00","author":{"@id":"https:\/\/virtualnimuzej.aspira.hr\/#\/schema\/person\/8b28048370e78968988c04d6f1ba104d"},"breadcrumb":{"@id":"https:\/\/virtualnimuzej.aspira.hr\/es\/ivo-salamunovic-de-potosi\/#breadcrumb"},"inLanguage":"es","potentialAction":[{"@type":"ReadAction","target":["https:\/\/virtualnimuzej.aspira.hr\/es\/ivo-salamunovic-de-potosi\/"]}]},{"@type":"BreadcrumbList","@id":"https:\/\/virtualnimuzej.aspira.hr\/es\/ivo-salamunovic-de-potosi\/#breadcrumb","itemListElement":[{"@type":"ListItem","position":1,"name":"Naslovna","item":"https:\/\/virtualnimuzej.aspira.hr\/es\/"},{"@type":"ListItem","position":2,"name":"Ivo Salamunovic de Potosi"}]},{"@type":"WebSite","@id":"https:\/\/virtualnimuzej.aspira.hr\/#website","url":"https:\/\/virtualnimuzej.aspira.hr\/","name":"Aspira Virtualni Muzej iseljeni\u0161tva Dalmacije","description":"Muzej iseljeni\u0161tva je zami\u0161ljen kao mjesto skupljanja i prezentacije gra\u0111e o hrvatskom iseljeni\u0161tvu i povijesti iseljavanja koja nikada nije bila dovoljno istra\u017eena.","potentialAction":[{"@type":"SearchAction","target":{"@type":"EntryPoint","urlTemplate":"https:\/\/virtualnimuzej.aspira.hr\/?s={search_term_string}"},"query-input":"required name=search_term_string"}],"inLanguage":"es"},{"@type":"Person","@id":"https:\/\/virtualnimuzej.aspira.hr\/#\/schema\/person\/8b28048370e78968988c04d6f1ba104d","name":"VmuzejAspira","image":{"@type":"ImageObject","inLanguage":"es","@id":"https:\/\/virtualnimuzej.aspira.hr\/#\/schema\/person\/image\/","url":"https:\/\/secure.gravatar.com\/avatar\/cfa7124a34eec5233efffe1e8fb23c18bb83abdb6129e8f47c9144109613a228?s=96&d=mm&r=g","contentUrl":"https:\/\/secure.gravatar.com\/avatar\/cfa7124a34eec5233efffe1e8fb23c18bb83abdb6129e8f47c9144109613a228?s=96&d=mm&r=g","caption":"VmuzejAspira"},"sameAs":["http:\/\/virtualnimuzej.aspira.hr"],"url":"https:\/\/virtualnimuzej.aspira.hr\/es\/author\/vmuzejaspira\/"}]}},"_links":{"self":[{"href":"https:\/\/virtualnimuzej.aspira.hr\/es\/wp-json\/wp\/v2\/posts\/2137","targetHints":{"allow":["GET"]}}],"collection":[{"href":"https:\/\/virtualnimuzej.aspira.hr\/es\/wp-json\/wp\/v2\/posts"}],"about":[{"href":"https:\/\/virtualnimuzej.aspira.hr\/es\/wp-json\/wp\/v2\/types\/post"}],"author":[{"embeddable":true,"href":"https:\/\/virtualnimuzej.aspira.hr\/es\/wp-json\/wp\/v2\/users\/1"}],"replies":[{"embeddable":true,"href":"https:\/\/virtualnimuzej.aspira.hr\/es\/wp-json\/wp\/v2\/comments?post=2137"}],"version-history":[{"count":1,"href":"https:\/\/virtualnimuzej.aspira.hr\/es\/wp-json\/wp\/v2\/posts\/2137\/revisions"}],"predecessor-version":[{"id":2138,"href":"https:\/\/virtualnimuzej.aspira.hr\/es\/wp-json\/wp\/v2\/posts\/2137\/revisions\/2138"}],"wp:featuredmedia":[{"embeddable":true,"href":"https:\/\/virtualnimuzej.aspira.hr\/es\/wp-json\/wp\/v2\/media\/2126"}],"wp:attachment":[{"href":"https:\/\/virtualnimuzej.aspira.hr\/es\/wp-json\/wp\/v2\/media?parent=2137"}],"wp:term":[{"taxonomy":"category","embeddable":true,"href":"https:\/\/virtualnimuzej.aspira.hr\/es\/wp-json\/wp\/v2\/categories?post=2137"},{"taxonomy":"post_tag","embeddable":true,"href":"https:\/\/virtualnimuzej.aspira.hr\/es\/wp-json\/wp\/v2\/tags?post=2137"}],"curies":[{"name":"wp","href":"https:\/\/api.w.org\/{rel}","templated":true}]}}