{"id":2524,"date":"2022-08-26T22:36:23","date_gmt":"2022-08-26T20:36:23","guid":{"rendered":"https:\/\/virtualnimuzej.aspira.hr\/?p=2524"},"modified":"2023-04-10T09:51:53","modified_gmt":"2023-04-10T07:51:53","slug":"luis-guido-severi-vidovich-2","status":"publish","type":"post","link":"https:\/\/virtualnimuzej.aspira.hr\/es\/luis-guido-severi-vidovich-2\/","title":{"rendered":"Luis Guido Severi Vidovich"},"content":{"rendered":"<p>Luis Guido Severi Vidovich<br \/>\nNacimiento: 28 Agosto 1926, Montevideo &#8211; Uruguay<\/p>\n<p>&nbsp;<\/p>\n<p><img decoding=\"async\" class=\"alignnone size-medium wp-image-2528\" src=\"https:\/\/virtualnimuzej.aspira.hr\/wp-content\/uploads\/2022\/08\/IMG-20220823-WA0001-1-219x300.jpg\" alt=\"\" width=\"219\" height=\"300\" srcset=\"https:\/\/virtualnimuzej.aspira.hr\/wp-content\/uploads\/2022\/08\/IMG-20220823-WA0001-1-200x274.jpg 200w, https:\/\/virtualnimuzej.aspira.hr\/wp-content\/uploads\/2022\/08\/IMG-20220823-WA0001-1-219x300.jpg 219w, https:\/\/virtualnimuzej.aspira.hr\/wp-content\/uploads\/2022\/08\/IMG-20220823-WA0001-1-400x547.jpg 400w, https:\/\/virtualnimuzej.aspira.hr\/wp-content\/uploads\/2022\/08\/IMG-20220823-WA0001-1-600x821.jpg 600w, https:\/\/virtualnimuzej.aspira.hr\/wp-content\/uploads\/2022\/08\/IMG-20220823-WA0001-1-749x1024.jpg 749w, https:\/\/virtualnimuzej.aspira.hr\/wp-content\/uploads\/2022\/08\/IMG-20220823-WA0001-1-768x1050.jpg 768w, https:\/\/virtualnimuzej.aspira.hr\/wp-content\/uploads\/2022\/08\/IMG-20220823-WA0001-1.jpg 800w\" sizes=\"(max-width: 219px) 100vw, 219px\" \/><br \/>\nPadres: Mario Agust\u00edn Severi \u2013 Mar\u00eda Eugenia Vidovich<br \/>\nHermanos: Julio Agust\u00edn, Jorge Aljendro, Mario Roberto<\/p>\n<p>&nbsp;<\/p>\n<p><img decoding=\"async\" class=\"alignnone size-medium wp-image-2531\" src=\"https:\/\/virtualnimuzej.aspira.hr\/wp-content\/uploads\/2022\/08\/IMG-20220823-WA0006-1-300x225.jpg\" alt=\"\" width=\"300\" height=\"225\" srcset=\"https:\/\/virtualnimuzej.aspira.hr\/wp-content\/uploads\/2022\/08\/IMG-20220823-WA0006-1-200x150.jpg 200w, https:\/\/virtualnimuzej.aspira.hr\/wp-content\/uploads\/2022\/08\/IMG-20220823-WA0006-1-300x225.jpg 300w, https:\/\/virtualnimuzej.aspira.hr\/wp-content\/uploads\/2022\/08\/IMG-20220823-WA0006-1-400x300.jpg 400w, https:\/\/virtualnimuzej.aspira.hr\/wp-content\/uploads\/2022\/08\/IMG-20220823-WA0006-1-600x450.jpg 600w, https:\/\/virtualnimuzej.aspira.hr\/wp-content\/uploads\/2022\/08\/IMG-20220823-WA0006-1-768x576.jpg 768w, https:\/\/virtualnimuzej.aspira.hr\/wp-content\/uploads\/2022\/08\/IMG-20220823-WA0006-1.jpg 800w\" sizes=\"(max-width: 300px) 100vw, 300px\" \/><br \/>\nCasado en 1960 con Mar\u00eda Eulalia Castrill\u00f3n<\/p>\n<p>&nbsp;<\/p>\n<p><img decoding=\"async\" class=\"alignnone size-medium wp-image-2534\" src=\"https:\/\/virtualnimuzej.aspira.hr\/wp-content\/uploads\/2022\/08\/IMG-20220823-WA0004-1-300x218.jpg\" alt=\"\" width=\"300\" height=\"218\" srcset=\"https:\/\/virtualnimuzej.aspira.hr\/wp-content\/uploads\/2022\/08\/IMG-20220823-WA0004-1-200x146.jpg 200w, https:\/\/virtualnimuzej.aspira.hr\/wp-content\/uploads\/2022\/08\/IMG-20220823-WA0004-1-300x218.jpg 300w, https:\/\/virtualnimuzej.aspira.hr\/wp-content\/uploads\/2022\/08\/IMG-20220823-WA0004-1-400x291.jpg 400w, https:\/\/virtualnimuzej.aspira.hr\/wp-content\/uploads\/2022\/08\/IMG-20220823-WA0004-1-600x437.jpg 600w, https:\/\/virtualnimuzej.aspira.hr\/wp-content\/uploads\/2022\/08\/IMG-20220823-WA0004-1-768x559.jpg 768w, https:\/\/virtualnimuzej.aspira.hr\/wp-content\/uploads\/2022\/08\/IMG-20220823-WA0004-1.jpg 800w\" sizes=\"(max-width: 300px) 100vw, 300px\" \/><br \/>\nHijos: Luis Ignacio (1961), Lauro Andr\u00e9s (1963), Jos\u00e9 Fabi\u00e1n (1965), Federico Agust\u00edn (1968)<\/p>\n<p>Vivi\u00f3 en Montevideo.<br \/>\nIngeniero Qu\u00edmico por la Universidad de la Rep\u00fablica en 1950<br \/>\nTrabaj\u00f3 en la industria J.B. y R.A. Vidovich S.A. y fue productor rural<\/p>\n<p>Falleci\u00f3 en Julio de 2009<\/p>\n<p>&nbsp;<\/p>\n<p><img decoding=\"async\" class=\"alignnone wp-image-2537\" src=\"https:\/\/virtualnimuzej.aspira.hr\/wp-content\/uploads\/2022\/08\/IMG-20220823-WA0002-1-204x300.jpg\" alt=\"\" width=\"151\" height=\"222\" srcset=\"https:\/\/virtualnimuzej.aspira.hr\/wp-content\/uploads\/2022\/08\/IMG-20220823-WA0002-1-200x295.jpg 200w, https:\/\/virtualnimuzej.aspira.hr\/wp-content\/uploads\/2022\/08\/IMG-20220823-WA0002-1-204x300.jpg 204w, https:\/\/virtualnimuzej.aspira.hr\/wp-content\/uploads\/2022\/08\/IMG-20220823-WA0002-1-400x589.jpg 400w, https:\/\/virtualnimuzej.aspira.hr\/wp-content\/uploads\/2022\/08\/IMG-20220823-WA0002-1-600x884.jpg 600w, https:\/\/virtualnimuzej.aspira.hr\/wp-content\/uploads\/2022\/08\/IMG-20220823-WA0002-1.jpg 695w\" sizes=\"(max-width: 151px) 100vw, 151px\" \/>\u00a0 \u00a0 <img decoding=\"async\" class=\"alignnone wp-image-2540\" src=\"https:\/\/virtualnimuzej.aspira.hr\/wp-content\/uploads\/2022\/08\/IMG-20220823-WA0000-1-300x225.jpg\" alt=\"\" width=\"296\" height=\"222\" srcset=\"https:\/\/virtualnimuzej.aspira.hr\/wp-content\/uploads\/2022\/08\/IMG-20220823-WA0000-1-200x150.jpg 200w, https:\/\/virtualnimuzej.aspira.hr\/wp-content\/uploads\/2022\/08\/IMG-20220823-WA0000-1-300x225.jpg 300w, https:\/\/virtualnimuzej.aspira.hr\/wp-content\/uploads\/2022\/08\/IMG-20220823-WA0000-1-400x300.jpg 400w, https:\/\/virtualnimuzej.aspira.hr\/wp-content\/uploads\/2022\/08\/IMG-20220823-WA0000-1-600x450.jpg 600w, https:\/\/virtualnimuzej.aspira.hr\/wp-content\/uploads\/2022\/08\/IMG-20220823-WA0000-1-768x576.jpg 768w, https:\/\/virtualnimuzej.aspira.hr\/wp-content\/uploads\/2022\/08\/IMG-20220823-WA0000-1.jpg 800w\" sizes=\"(max-width: 296px) 100vw, 296px\" \/> \u00a0 <img decoding=\"async\" class=\"alignnone wp-image-2543\" src=\"https:\/\/virtualnimuzej.aspira.hr\/wp-content\/uploads\/2022\/08\/IMG-20220823-WA0003-1-300x200.jpg\" alt=\"\" width=\"335\" height=\"223\" srcset=\"https:\/\/virtualnimuzej.aspira.hr\/wp-content\/uploads\/2022\/08\/IMG-20220823-WA0003-1-200x133.jpg 200w, https:\/\/virtualnimuzej.aspira.hr\/wp-content\/uploads\/2022\/08\/IMG-20220823-WA0003-1-300x200.jpg 300w, https:\/\/virtualnimuzej.aspira.hr\/wp-content\/uploads\/2022\/08\/IMG-20220823-WA0003-1-400x267.jpg 400w, https:\/\/virtualnimuzej.aspira.hr\/wp-content\/uploads\/2022\/08\/IMG-20220823-WA0003-1-600x400.jpg 600w, https:\/\/virtualnimuzej.aspira.hr\/wp-content\/uploads\/2022\/08\/IMG-20220823-WA0003-1-768x513.jpg 768w, https:\/\/virtualnimuzej.aspira.hr\/wp-content\/uploads\/2022\/08\/IMG-20220823-WA0003-1-800x534.jpg 800w, https:\/\/virtualnimuzej.aspira.hr\/wp-content\/uploads\/2022\/08\/IMG-20220823-WA0003-1.jpg 914w\" sizes=\"(max-width: 335px) 100vw, 335px\" \/><\/p>\n<p><img decoding=\"async\" class=\"alignnone size-medium wp-image-2546\" src=\"https:\/\/virtualnimuzej.aspira.hr\/wp-content\/uploads\/2022\/08\/IMG-20220815-WA0003-1-225x300.jpg\" alt=\"\" width=\"225\" height=\"300\" srcset=\"https:\/\/virtualnimuzej.aspira.hr\/wp-content\/uploads\/2022\/08\/IMG-20220815-WA0003-1-200x267.jpg 200w, https:\/\/virtualnimuzej.aspira.hr\/wp-content\/uploads\/2022\/08\/IMG-20220815-WA0003-1-225x300.jpg 225w, https:\/\/virtualnimuzej.aspira.hr\/wp-content\/uploads\/2022\/08\/IMG-20220815-WA0003-1-400x533.jpg 400w, https:\/\/virtualnimuzej.aspira.hr\/wp-content\/uploads\/2022\/08\/IMG-20220815-WA0003-1-600x800.jpg 600w, https:\/\/virtualnimuzej.aspira.hr\/wp-content\/uploads\/2022\/08\/IMG-20220815-WA0003-1.jpg 768w\" sizes=\"(max-width: 225px) 100vw, 225px\" \/>\u00a0 \u00a0 <img decoding=\"async\" class=\"alignnone size-medium wp-image-2555\" src=\"https:\/\/virtualnimuzej.aspira.hr\/wp-content\/uploads\/2022\/08\/IMG-20220815-WA0005-2-225x300.jpg\" alt=\"\" width=\"225\" height=\"300\" srcset=\"https:\/\/virtualnimuzej.aspira.hr\/wp-content\/uploads\/2022\/08\/IMG-20220815-WA0005-2-200x267.jpg 200w, https:\/\/virtualnimuzej.aspira.hr\/wp-content\/uploads\/2022\/08\/IMG-20220815-WA0005-2-225x300.jpg 225w, https:\/\/virtualnimuzej.aspira.hr\/wp-content\/uploads\/2022\/08\/IMG-20220815-WA0005-2-400x533.jpg 400w, https:\/\/virtualnimuzej.aspira.hr\/wp-content\/uploads\/2022\/08\/IMG-20220815-WA0005-2-600x800.jpg 600w, https:\/\/virtualnimuzej.aspira.hr\/wp-content\/uploads\/2022\/08\/IMG-20220815-WA0005-2.jpg 768w\" sizes=\"(max-width: 225px) 100vw, 225px\" \/><\/p>\n<p>Lauro con corbata de su papa<\/p>\n<p>&nbsp;<\/p>\n<p><img decoding=\"async\" class=\"alignnone  wp-image-9858\" src=\"https:\/\/virtualnimuzej.aspira.hr\/wp-content\/uploads\/2022\/08\/IMG-20230404-WA0005-1-300x210.jpg\" alt=\"\" width=\"367\" height=\"257\" srcset=\"https:\/\/virtualnimuzej.aspira.hr\/wp-content\/uploads\/2022\/08\/IMG-20230404-WA0005-1-200x140.jpg 200w, https:\/\/virtualnimuzej.aspira.hr\/wp-content\/uploads\/2022\/08\/IMG-20230404-WA0005-1-300x210.jpg 300w, https:\/\/virtualnimuzej.aspira.hr\/wp-content\/uploads\/2022\/08\/IMG-20230404-WA0005-1-400x280.jpg 400w, https:\/\/virtualnimuzej.aspira.hr\/wp-content\/uploads\/2022\/08\/IMG-20230404-WA0005-1-600x420.jpg 600w, https:\/\/virtualnimuzej.aspira.hr\/wp-content\/uploads\/2022\/08\/IMG-20230404-WA0005-1-768x538.jpg 768w, https:\/\/virtualnimuzej.aspira.hr\/wp-content\/uploads\/2022\/08\/IMG-20230404-WA0005-1.jpg 800w\" sizes=\"(max-width: 367px) 100vw, 367px\" \/>\u00a0 <img decoding=\"async\" class=\"alignnone  wp-image-9861\" src=\"https:\/\/virtualnimuzej.aspira.hr\/wp-content\/uploads\/2022\/08\/IMG-20230404-WA0001-1-230x300.jpg\" alt=\"\" width=\"199\" height=\"260\" srcset=\"https:\/\/virtualnimuzej.aspira.hr\/wp-content\/uploads\/2022\/08\/IMG-20230404-WA0001-1-200x261.jpg 200w, https:\/\/virtualnimuzej.aspira.hr\/wp-content\/uploads\/2022\/08\/IMG-20230404-WA0001-1-230x300.jpg 230w, https:\/\/virtualnimuzej.aspira.hr\/wp-content\/uploads\/2022\/08\/IMG-20230404-WA0001-1-400x521.jpg 400w, https:\/\/virtualnimuzej.aspira.hr\/wp-content\/uploads\/2022\/08\/IMG-20230404-WA0001-1-600x782.jpg 600w, https:\/\/virtualnimuzej.aspira.hr\/wp-content\/uploads\/2022\/08\/IMG-20230404-WA0001-1.jpg 614w\" sizes=\"(max-width: 199px) 100vw, 199px\" \/><\/p>\n<p>A la izquierda es la boda de Lauro (con su padre en la foto) y a la derecha con uno de sus hijos.<\/p>\n<p>&nbsp;<\/p>\n<p><img decoding=\"async\" class=\"alignnone  wp-image-9864\" src=\"https:\/\/virtualnimuzej.aspira.hr\/wp-content\/uploads\/2022\/08\/IMG-20230404-WA0004-1-300x227.jpg\" alt=\"\" width=\"283\" height=\"214\" srcset=\"https:\/\/virtualnimuzej.aspira.hr\/wp-content\/uploads\/2022\/08\/IMG-20230404-WA0004-1-200x151.jpg 200w, https:\/\/virtualnimuzej.aspira.hr\/wp-content\/uploads\/2022\/08\/IMG-20230404-WA0004-1-300x227.jpg 300w, https:\/\/virtualnimuzej.aspira.hr\/wp-content\/uploads\/2022\/08\/IMG-20230404-WA0004-1-400x302.jpg 400w, https:\/\/virtualnimuzej.aspira.hr\/wp-content\/uploads\/2022\/08\/IMG-20230404-WA0004-1-600x453.jpg 600w, https:\/\/virtualnimuzej.aspira.hr\/wp-content\/uploads\/2022\/08\/IMG-20230404-WA0004-1-768x580.jpg 768w, https:\/\/virtualnimuzej.aspira.hr\/wp-content\/uploads\/2022\/08\/IMG-20230404-WA0004-1.jpg 800w\" sizes=\"(max-width: 283px) 100vw, 283px\" \/>\u00a0 <img decoding=\"async\" class=\"alignnone  wp-image-9867\" src=\"https:\/\/virtualnimuzej.aspira.hr\/wp-content\/uploads\/2022\/08\/IMG-20230404-WA0003-1-300x152.jpg\" alt=\"\" width=\"418\" height=\"212\" srcset=\"https:\/\/virtualnimuzej.aspira.hr\/wp-content\/uploads\/2022\/08\/IMG-20230404-WA0003-1-200x102.jpg 200w, https:\/\/virtualnimuzej.aspira.hr\/wp-content\/uploads\/2022\/08\/IMG-20230404-WA0003-1-300x152.jpg 300w, https:\/\/virtualnimuzej.aspira.hr\/wp-content\/uploads\/2022\/08\/IMG-20230404-WA0003-1-400x203.jpg 400w, https:\/\/virtualnimuzej.aspira.hr\/wp-content\/uploads\/2022\/08\/IMG-20230404-WA0003-1-540x272.jpg 540w, https:\/\/virtualnimuzej.aspira.hr\/wp-content\/uploads\/2022\/08\/IMG-20230404-WA0003-1-600x305.jpg 600w, https:\/\/virtualnimuzej.aspira.hr\/wp-content\/uploads\/2022\/08\/IMG-20230404-WA0003-1-768x390.jpg 768w, https:\/\/virtualnimuzej.aspira.hr\/wp-content\/uploads\/2022\/08\/IMG-20230404-WA0003-1.jpg 800w\" sizes=\"(max-width: 418px) 100vw, 418px\" \/><\/p>\n<p>El cumplea\u00f1os de la hija menor de Lauro y los Vidovich en una boda.<\/p>\n<p>&nbsp;<\/p>\n<p>Agredecemos a Lauro para enviar esta linda historia familiar y la corbata de su papa por la exposicion.<\/p>\n<p>Branka Bezi\u0107 Filipovi\u0107<\/p>\n","protected":false},"excerpt":{"rendered":"<p>Luis Guido Severi Vidovich Nacimiento: 28 Agosto 1926, Montevideo &#8211; Uruguay &nbsp; Padres: Mario Agust\u00edn Severi \u2013 Mar\u00eda Eugenia Vidovich Hermanos: Julio Agust\u00edn, Jorge Aljendro, Mario Roberto &nbsp; Casado en [&hellip;]<\/p>\n","protected":false},"author":1,"featured_media":2525,"comment_status":"open","ping_status":"open","sticky":false,"template":"","format":"standard","meta":{"footnotes":""},"categories":[85],"tags":[],"class_list":["post-2524","post","type-post","status-publish","format-standard","has-post-thumbnail","hentry","category-uruguay-es"],"yoast_head":"<!-- This site is optimized with the Yoast SEO plugin v20.7 - https:\/\/yoast.com\/wordpress\/plugins\/seo\/ -->\n<title>Luis Guido Severi Vidovich - Aspira Virtualni Muzej iseljeni\u0161tva Dalmacije<\/title>\n<meta name=\"robots\" content=\"index, follow, max-snippet:-1, max-image-preview:large, max-video-preview:-1\" \/>\n<link rel=\"canonical\" href=\"https:\/\/virtualnimuzej.aspira.hr\/es\/luis-guido-severi-vidovich-2\/\" \/>\n<meta property=\"og:locale\" content=\"es_ES\" \/>\n<meta property=\"og:type\" content=\"article\" \/>\n<meta property=\"og:title\" content=\"Luis Guido Severi Vidovich - Aspira Virtualni Muzej iseljeni\u0161tva Dalmacije\" \/>\n<meta property=\"og:description\" content=\"Luis Guido Severi Vidovich Nacimiento: 28 Agosto 1926, Montevideo &#8211; Uruguay &nbsp; Padres: Mario Agust\u00edn Severi \u2013 Mar\u00eda Eugenia Vidovich Hermanos: Julio Agust\u00edn, Jorge Aljendro, Mario Roberto &nbsp; Casado en [&hellip;]\" \/>\n<meta property=\"og:url\" content=\"https:\/\/virtualnimuzej.aspira.hr\/es\/luis-guido-severi-vidovich-2\/\" \/>\n<meta property=\"og:site_name\" content=\"Aspira Virtualni Muzej iseljeni\u0161tva Dalmacije\" \/>\n<meta property=\"article:published_time\" content=\"2022-08-26T20:36:23+00:00\" \/>\n<meta property=\"article:modified_time\" content=\"2023-04-10T07:51:53+00:00\" \/>\n<meta property=\"og:image\" content=\"https:\/\/virtualnimuzej.aspira.hr\/wp-content\/uploads\/2022\/08\/IMG-20220823-WA0005-1.jpg\" \/>\n\t<meta property=\"og:image:width\" content=\"636\" \/>\n\t<meta property=\"og:image:height\" content=\"383\" \/>\n\t<meta property=\"og:image:type\" content=\"image\/jpeg\" \/>\n<meta name=\"author\" content=\"VmuzejAspira\" \/>\n<meta name=\"twitter:card\" content=\"summary_large_image\" \/>\n<meta name=\"twitter:label1\" content=\"Escrito por\" \/>\n\t<meta name=\"twitter:data1\" content=\"VmuzejAspira\" \/>\n\t<meta name=\"twitter:label2\" content=\"Tiempo de lectura\" \/>\n\t<meta name=\"twitter:data2\" content=\"3 minutos\" \/>\n<script type=\"application\/ld+json\" class=\"yoast-schema-graph\">{\"@context\":\"https:\/\/schema.org\",\"@graph\":[{\"@type\":\"WebPage\",\"@id\":\"https:\/\/virtualnimuzej.aspira.hr\/es\/luis-guido-severi-vidovich-2\/\",\"url\":\"https:\/\/virtualnimuzej.aspira.hr\/es\/luis-guido-severi-vidovich-2\/\",\"name\":\"Luis Guido Severi Vidovich - Aspira Virtualni Muzej iseljeni\u0161tva Dalmacije\",\"isPartOf\":{\"@id\":\"https:\/\/virtualnimuzej.aspira.hr\/#website\"},\"datePublished\":\"2022-08-26T20:36:23+00:00\",\"dateModified\":\"2023-04-10T07:51:53+00:00\",\"author\":{\"@id\":\"https:\/\/virtualnimuzej.aspira.hr\/#\/schema\/person\/8b28048370e78968988c04d6f1ba104d\"},\"breadcrumb\":{\"@id\":\"https:\/\/virtualnimuzej.aspira.hr\/es\/luis-guido-severi-vidovich-2\/#breadcrumb\"},\"inLanguage\":\"es\",\"potentialAction\":[{\"@type\":\"ReadAction\",\"target\":[\"https:\/\/virtualnimuzej.aspira.hr\/es\/luis-guido-severi-vidovich-2\/\"]}]},{\"@type\":\"BreadcrumbList\",\"@id\":\"https:\/\/virtualnimuzej.aspira.hr\/es\/luis-guido-severi-vidovich-2\/#breadcrumb\",\"itemListElement\":[{\"@type\":\"ListItem\",\"position\":1,\"name\":\"Naslovna\",\"item\":\"https:\/\/virtualnimuzej.aspira.hr\/es\/\"},{\"@type\":\"ListItem\",\"position\":2,\"name\":\"Luis Guido Severi Vidovich\"}]},{\"@type\":\"WebSite\",\"@id\":\"https:\/\/virtualnimuzej.aspira.hr\/#website\",\"url\":\"https:\/\/virtualnimuzej.aspira.hr\/\",\"name\":\"Aspira Virtualni Muzej iseljeni\u0161tva Dalmacije\",\"description\":\"Muzej iseljeni\u0161tva je zami\u0161ljen kao mjesto skupljanja i prezentacije gra\u0111e o hrvatskom iseljeni\u0161tvu i povijesti iseljavanja koja nikada nije bila dovoljno istra\u017eena.\",\"potentialAction\":[{\"@type\":\"SearchAction\",\"target\":{\"@type\":\"EntryPoint\",\"urlTemplate\":\"https:\/\/virtualnimuzej.aspira.hr\/?s={search_term_string}\"},\"query-input\":\"required name=search_term_string\"}],\"inLanguage\":\"es\"},{\"@type\":\"Person\",\"@id\":\"https:\/\/virtualnimuzej.aspira.hr\/#\/schema\/person\/8b28048370e78968988c04d6f1ba104d\",\"name\":\"VmuzejAspira\",\"image\":{\"@type\":\"ImageObject\",\"inLanguage\":\"es\",\"@id\":\"https:\/\/virtualnimuzej.aspira.hr\/#\/schema\/person\/image\/\",\"url\":\"https:\/\/secure.gravatar.com\/avatar\/cfa7124a34eec5233efffe1e8fb23c18bb83abdb6129e8f47c9144109613a228?s=96&d=mm&r=g\",\"contentUrl\":\"https:\/\/secure.gravatar.com\/avatar\/cfa7124a34eec5233efffe1e8fb23c18bb83abdb6129e8f47c9144109613a228?s=96&d=mm&r=g\",\"caption\":\"VmuzejAspira\"},\"sameAs\":[\"http:\/\/virtualnimuzej.aspira.hr\"],\"url\":\"https:\/\/virtualnimuzej.aspira.hr\/es\/author\/vmuzejaspira\/\"}]}<\/script>\n<!-- \/ Yoast SEO plugin. -->","yoast_head_json":{"title":"Luis Guido Severi Vidovich - Aspira Virtualni Muzej iseljeni\u0161tva Dalmacije","robots":{"index":"index","follow":"follow","max-snippet":"max-snippet:-1","max-image-preview":"max-image-preview:large","max-video-preview":"max-video-preview:-1"},"canonical":"https:\/\/virtualnimuzej.aspira.hr\/es\/luis-guido-severi-vidovich-2\/","og_locale":"es_ES","og_type":"article","og_title":"Luis Guido Severi Vidovich - Aspira Virtualni Muzej iseljeni\u0161tva Dalmacije","og_description":"Luis Guido Severi Vidovich Nacimiento: 28 Agosto 1926, Montevideo &#8211; Uruguay &nbsp; Padres: Mario Agust\u00edn Severi \u2013 Mar\u00eda Eugenia Vidovich Hermanos: Julio Agust\u00edn, Jorge Aljendro, Mario Roberto &nbsp; Casado en [&hellip;]","og_url":"https:\/\/virtualnimuzej.aspira.hr\/es\/luis-guido-severi-vidovich-2\/","og_site_name":"Aspira Virtualni Muzej iseljeni\u0161tva Dalmacije","article_published_time":"2022-08-26T20:36:23+00:00","article_modified_time":"2023-04-10T07:51:53+00:00","og_image":[{"width":636,"height":383,"url":"https:\/\/virtualnimuzej.aspira.hr\/wp-content\/uploads\/2022\/08\/IMG-20220823-WA0005-1.jpg","type":"image\/jpeg"}],"author":"VmuzejAspira","twitter_card":"summary_large_image","twitter_misc":{"Escrito por":"VmuzejAspira","Tiempo de lectura":"3 minutos"},"schema":{"@context":"https:\/\/schema.org","@graph":[{"@type":"WebPage","@id":"https:\/\/virtualnimuzej.aspira.hr\/es\/luis-guido-severi-vidovich-2\/","url":"https:\/\/virtualnimuzej.aspira.hr\/es\/luis-guido-severi-vidovich-2\/","name":"Luis Guido Severi Vidovich - Aspira Virtualni Muzej iseljeni\u0161tva Dalmacije","isPartOf":{"@id":"https:\/\/virtualnimuzej.aspira.hr\/#website"},"datePublished":"2022-08-26T20:36:23+00:00","dateModified":"2023-04-10T07:51:53+00:00","author":{"@id":"https:\/\/virtualnimuzej.aspira.hr\/#\/schema\/person\/8b28048370e78968988c04d6f1ba104d"},"breadcrumb":{"@id":"https:\/\/virtualnimuzej.aspira.hr\/es\/luis-guido-severi-vidovich-2\/#breadcrumb"},"inLanguage":"es","potentialAction":[{"@type":"ReadAction","target":["https:\/\/virtualnimuzej.aspira.hr\/es\/luis-guido-severi-vidovich-2\/"]}]},{"@type":"BreadcrumbList","@id":"https:\/\/virtualnimuzej.aspira.hr\/es\/luis-guido-severi-vidovich-2\/#breadcrumb","itemListElement":[{"@type":"ListItem","position":1,"name":"Naslovna","item":"https:\/\/virtualnimuzej.aspira.hr\/es\/"},{"@type":"ListItem","position":2,"name":"Luis Guido Severi Vidovich"}]},{"@type":"WebSite","@id":"https:\/\/virtualnimuzej.aspira.hr\/#website","url":"https:\/\/virtualnimuzej.aspira.hr\/","name":"Aspira Virtualni Muzej iseljeni\u0161tva Dalmacije","description":"Muzej iseljeni\u0161tva je zami\u0161ljen kao mjesto skupljanja i prezentacije gra\u0111e o hrvatskom iseljeni\u0161tvu i povijesti iseljavanja koja nikada nije bila dovoljno istra\u017eena.","potentialAction":[{"@type":"SearchAction","target":{"@type":"EntryPoint","urlTemplate":"https:\/\/virtualnimuzej.aspira.hr\/?s={search_term_string}"},"query-input":"required name=search_term_string"}],"inLanguage":"es"},{"@type":"Person","@id":"https:\/\/virtualnimuzej.aspira.hr\/#\/schema\/person\/8b28048370e78968988c04d6f1ba104d","name":"VmuzejAspira","image":{"@type":"ImageObject","inLanguage":"es","@id":"https:\/\/virtualnimuzej.aspira.hr\/#\/schema\/person\/image\/","url":"https:\/\/secure.gravatar.com\/avatar\/cfa7124a34eec5233efffe1e8fb23c18bb83abdb6129e8f47c9144109613a228?s=96&d=mm&r=g","contentUrl":"https:\/\/secure.gravatar.com\/avatar\/cfa7124a34eec5233efffe1e8fb23c18bb83abdb6129e8f47c9144109613a228?s=96&d=mm&r=g","caption":"VmuzejAspira"},"sameAs":["http:\/\/virtualnimuzej.aspira.hr"],"url":"https:\/\/virtualnimuzej.aspira.hr\/es\/author\/vmuzejaspira\/"}]}},"_links":{"self":[{"href":"https:\/\/virtualnimuzej.aspira.hr\/es\/wp-json\/wp\/v2\/posts\/2524","targetHints":{"allow":["GET"]}}],"collection":[{"href":"https:\/\/virtualnimuzej.aspira.hr\/es\/wp-json\/wp\/v2\/posts"}],"about":[{"href":"https:\/\/virtualnimuzej.aspira.hr\/es\/wp-json\/wp\/v2\/types\/post"}],"author":[{"embeddable":true,"href":"https:\/\/virtualnimuzej.aspira.hr\/es\/wp-json\/wp\/v2\/users\/1"}],"replies":[{"embeddable":true,"href":"https:\/\/virtualnimuzej.aspira.hr\/es\/wp-json\/wp\/v2\/comments?post=2524"}],"version-history":[{"count":3,"href":"https:\/\/virtualnimuzej.aspira.hr\/es\/wp-json\/wp\/v2\/posts\/2524\/revisions"}],"predecessor-version":[{"id":9872,"href":"https:\/\/virtualnimuzej.aspira.hr\/es\/wp-json\/wp\/v2\/posts\/2524\/revisions\/9872"}],"wp:featuredmedia":[{"embeddable":true,"href":"https:\/\/virtualnimuzej.aspira.hr\/es\/wp-json\/wp\/v2\/media\/2525"}],"wp:attachment":[{"href":"https:\/\/virtualnimuzej.aspira.hr\/es\/wp-json\/wp\/v2\/media?parent=2524"}],"wp:term":[{"taxonomy":"category","embeddable":true,"href":"https:\/\/virtualnimuzej.aspira.hr\/es\/wp-json\/wp\/v2\/categories?post=2524"},{"taxonomy":"post_tag","embeddable":true,"href":"https:\/\/virtualnimuzej.aspira.hr\/es\/wp-json\/wp\/v2\/tags?post=2524"}],"curies":[{"name":"wp","href":"https:\/\/api.w.org\/{rel}","templated":true}]}}