{"id":2699,"date":"2022-08-28T16:41:06","date_gmt":"2022-08-28T14:41:06","guid":{"rendered":"https:\/\/virtualnimuzej.aspira.hr\/?p=2699"},"modified":"2022-08-28T16:41:06","modified_gmt":"2022-08-28T14:41:06","slug":"cementerio-de-sao-paulo","status":"publish","type":"post","link":"https:\/\/virtualnimuzej.aspira.hr\/es\/cementerio-de-sao-paulo\/","title":{"rendered":"Cementerio de Sao Paulo"},"content":{"rendered":"<p>&nbsp;<\/p>\n<p>&nbsp;<\/p>\n<p style=\"text-align: center;\"><img decoding=\"async\" class=\"alignnone  wp-image-2601\" src=\"https:\/\/virtualnimuzej.aspira.hr\/wp-content\/uploads\/2022\/08\/IMG_1599-300x154.jpg\" alt=\"\" width=\"524\" height=\"269\" srcset=\"https:\/\/virtualnimuzej.aspira.hr\/wp-content\/uploads\/2022\/08\/IMG_1599-200x103.jpg 200w, https:\/\/virtualnimuzej.aspira.hr\/wp-content\/uploads\/2022\/08\/IMG_1599-300x154.jpg 300w, https:\/\/virtualnimuzej.aspira.hr\/wp-content\/uploads\/2022\/08\/IMG_1599-400x206.jpg 400w, https:\/\/virtualnimuzej.aspira.hr\/wp-content\/uploads\/2022\/08\/IMG_1599-600x308.jpg 600w, https:\/\/virtualnimuzej.aspira.hr\/wp-content\/uploads\/2022\/08\/IMG_1599-768x395.jpg 768w, https:\/\/virtualnimuzej.aspira.hr\/wp-content\/uploads\/2022\/08\/IMG_1599-800x411.jpg 800w, https:\/\/virtualnimuzej.aspira.hr\/wp-content\/uploads\/2022\/08\/IMG_1599-1024x526.jpg 1024w, https:\/\/virtualnimuzej.aspira.hr\/wp-content\/uploads\/2022\/08\/IMG_1599-1200x617.jpg 1200w, https:\/\/virtualnimuzej.aspira.hr\/wp-content\/uploads\/2022\/08\/IMG_1599-1536x790.jpg 1536w\" sizes=\"(max-width: 524px) 100vw, 524px\" \/><\/p>\n<p>&nbsp;<\/p>\n<p>Muchos croatas descansan en el cementerio de Sao Paulo, y se puede ver por sus apellidos que la mayor\u00eda de ellos son de Blato en la isla de Kor\u010dula.<\/p>\n<p>&nbsp;<\/p>\n<p style=\"text-align: center;\"><img decoding=\"async\" class=\"alignnone size-medium wp-image-2604\" src=\"https:\/\/virtualnimuzej.aspira.hr\/wp-content\/uploads\/2022\/08\/IMG_1626-300x300.jpg\" alt=\"\" width=\"300\" height=\"300\" srcset=\"https:\/\/virtualnimuzej.aspira.hr\/wp-content\/uploads\/2022\/08\/IMG_1626-66x66.jpg 66w, https:\/\/virtualnimuzej.aspira.hr\/wp-content\/uploads\/2022\/08\/IMG_1626-150x150.jpg 150w, https:\/\/virtualnimuzej.aspira.hr\/wp-content\/uploads\/2022\/08\/IMG_1626-200x200.jpg 200w, https:\/\/virtualnimuzej.aspira.hr\/wp-content\/uploads\/2022\/08\/IMG_1626-300x300.jpg 300w, https:\/\/virtualnimuzej.aspira.hr\/wp-content\/uploads\/2022\/08\/IMG_1626-400x400.jpg 400w, https:\/\/virtualnimuzej.aspira.hr\/wp-content\/uploads\/2022\/08\/IMG_1626-600x600.jpg 600w, https:\/\/virtualnimuzej.aspira.hr\/wp-content\/uploads\/2022\/08\/IMG_1626-768x768.jpg 768w, https:\/\/virtualnimuzej.aspira.hr\/wp-content\/uploads\/2022\/08\/IMG_1626.jpg 800w\" sizes=\"(max-width: 300px) 100vw, 300px\" \/><\/p>\n<p>&nbsp;<\/p>\n\n\t\t<style type=\"text\/css\">\n\t\t\t#gallery-1 {\n\t\t\t\tmargin: auto;\n\t\t\t}\n\t\t\t#gallery-1 .gallery-item {\n\t\t\t\tfloat: left;\n\t\t\t\tmargin-top: 10px;\n\t\t\t\ttext-align: center;\n\t\t\t\twidth: 33%;\n\t\t\t}\n\t\t\t#gallery-1 img {\n\t\t\t\tborder: 2px solid #cfcfcf;\n\t\t\t}\n\t\t\t#gallery-1 .gallery-caption {\n\t\t\t\tmargin-left: 0;\n\t\t\t}\n\t\t\t\/* see gallery_shortcode() in wp-includes\/media.php *\/\n\t\t<\/style>\n\t\t<div id='gallery-1' class='gallery galleryid-2699 gallery-columns-3 gallery-size-thumbnail'><dl class='gallery-item'>\n\t\t\t<dt class='gallery-icon landscape'>\n\t\t\t\t<a data-rel=\"iLightbox[postimages]\" data-title=\"IMG_1589\" data-caption=\"\" href='https:\/\/virtualnimuzej.aspira.hr\/es\/cementerio-de-sao-paulo\/img_1589\/'><img decoding=\"async\" width=\"150\" height=\"150\" src=\"https:\/\/virtualnimuzej.aspira.hr\/wp-content\/uploads\/2022\/08\/IMG_1589-150x150.jpg\" class=\"attachment-thumbnail size-thumbnail\" alt=\"\" srcset=\"https:\/\/virtualnimuzej.aspira.hr\/wp-content\/uploads\/2022\/08\/IMG_1589-66x66.jpg 66w, https:\/\/virtualnimuzej.aspira.hr\/wp-content\/uploads\/2022\/08\/IMG_1589-150x150.jpg 150w\" sizes=\"(max-width: 150px) 100vw, 150px\" \/><\/a>\n\t\t\t<\/dt><\/dl><dl class='gallery-item'>\n\t\t\t<dt class='gallery-icon landscape'>\n\t\t\t\t<a data-rel=\"iLightbox[postimages]\" data-title=\"Fatima Stanic Milat kraj groba svoje obitelji\" data-caption=\"\" href='https:\/\/virtualnimuzej.aspira.hr\/es\/fatima-stanic-milat-kraj-groba-svoje-obitelji-2\/'><img decoding=\"async\" width=\"150\" height=\"150\" src=\"https:\/\/virtualnimuzej.aspira.hr\/wp-content\/uploads\/2022\/08\/Fatima-Stanic-Milat-kraj-groba-svoje-obitelji-150x150.jpg\" class=\"attachment-thumbnail size-thumbnail\" alt=\"\" srcset=\"https:\/\/virtualnimuzej.aspira.hr\/wp-content\/uploads\/2022\/08\/Fatima-Stanic-Milat-kraj-groba-svoje-obitelji-66x66.jpg 66w, https:\/\/virtualnimuzej.aspira.hr\/wp-content\/uploads\/2022\/08\/Fatima-Stanic-Milat-kraj-groba-svoje-obitelji-150x150.jpg 150w\" sizes=\"(max-width: 150px) 100vw, 150px\" \/><\/a>\n\t\t\t<\/dt><\/dl><dl class='gallery-item'>\n\t\t\t<dt class='gallery-icon landscape'>\n\t\t\t\t<a data-rel=\"iLightbox[postimages]\" data-title=\"IMG_1625\" data-caption=\"\" href='https:\/\/virtualnimuzej.aspira.hr\/es\/img_1625-2\/'><img decoding=\"async\" width=\"150\" height=\"150\" src=\"https:\/\/virtualnimuzej.aspira.hr\/wp-content\/uploads\/2022\/08\/IMG_1625-150x150.jpg\" class=\"attachment-thumbnail size-thumbnail\" alt=\"\" srcset=\"https:\/\/virtualnimuzej.aspira.hr\/wp-content\/uploads\/2022\/08\/IMG_1625-66x66.jpg 66w, https:\/\/virtualnimuzej.aspira.hr\/wp-content\/uploads\/2022\/08\/IMG_1625-150x150.jpg 150w\" sizes=\"(max-width: 150px) 100vw, 150px\" \/><\/a>\n\t\t\t<\/dt><\/dl><br style=\"clear: both\" \/><dl class='gallery-item'>\n\t\t\t<dt class='gallery-icon landscape'>\n\t\t\t\t<a data-rel=\"iLightbox[postimages]\" data-title=\"IMG_1624\" data-caption=\"\" href='https:\/\/virtualnimuzej.aspira.hr\/es\/img_1624-2\/'><img decoding=\"async\" width=\"150\" height=\"150\" src=\"https:\/\/virtualnimuzej.aspira.hr\/wp-content\/uploads\/2022\/08\/IMG_1624-150x150.jpg\" class=\"attachment-thumbnail size-thumbnail\" alt=\"\" srcset=\"https:\/\/virtualnimuzej.aspira.hr\/wp-content\/uploads\/2022\/08\/IMG_1624-66x66.jpg 66w, https:\/\/virtualnimuzej.aspira.hr\/wp-content\/uploads\/2022\/08\/IMG_1624-150x150.jpg 150w\" sizes=\"(max-width: 150px) 100vw, 150px\" \/><\/a>\n\t\t\t<\/dt><\/dl><dl class='gallery-item'>\n\t\t\t<dt class='gallery-icon landscape'>\n\t\t\t\t<a data-rel=\"iLightbox[postimages]\" data-title=\"IMG_1623\" data-caption=\"\" href='https:\/\/virtualnimuzej.aspira.hr\/es\/img_1623-2\/'><img decoding=\"async\" width=\"150\" height=\"150\" src=\"https:\/\/virtualnimuzej.aspira.hr\/wp-content\/uploads\/2022\/08\/IMG_1623-150x150.jpg\" class=\"attachment-thumbnail size-thumbnail\" alt=\"\" srcset=\"https:\/\/virtualnimuzej.aspira.hr\/wp-content\/uploads\/2022\/08\/IMG_1623-66x66.jpg 66w, https:\/\/virtualnimuzej.aspira.hr\/wp-content\/uploads\/2022\/08\/IMG_1623-150x150.jpg 150w\" sizes=\"(max-width: 150px) 100vw, 150px\" \/><\/a>\n\t\t\t<\/dt><\/dl><dl class='gallery-item'>\n\t\t\t<dt class='gallery-icon portrait'>\n\t\t\t\t<a data-rel=\"iLightbox[postimages]\" data-title=\"IMG_1622\" data-caption=\"\" href='https:\/\/virtualnimuzej.aspira.hr\/es\/img_1622-2\/'><img decoding=\"async\" width=\"150\" height=\"150\" src=\"https:\/\/virtualnimuzej.aspira.hr\/wp-content\/uploads\/2022\/08\/IMG_1622-150x150.jpg\" class=\"attachment-thumbnail size-thumbnail\" alt=\"\" srcset=\"https:\/\/virtualnimuzej.aspira.hr\/wp-content\/uploads\/2022\/08\/IMG_1622-66x66.jpg 66w, https:\/\/virtualnimuzej.aspira.hr\/wp-content\/uploads\/2022\/08\/IMG_1622-150x150.jpg 150w\" sizes=\"(max-width: 150px) 100vw, 150px\" \/><\/a>\n\t\t\t<\/dt><\/dl><br style=\"clear: both\" \/><dl class='gallery-item'>\n\t\t\t<dt class='gallery-icon landscape'>\n\t\t\t\t<a data-rel=\"iLightbox[postimages]\" data-title=\"IMG_1621\" data-caption=\"\" href='https:\/\/virtualnimuzej.aspira.hr\/es\/img_1621-2\/'><img decoding=\"async\" width=\"150\" height=\"150\" src=\"https:\/\/virtualnimuzej.aspira.hr\/wp-content\/uploads\/2022\/08\/IMG_1621-150x150.jpg\" class=\"attachment-thumbnail size-thumbnail\" alt=\"\" srcset=\"https:\/\/virtualnimuzej.aspira.hr\/wp-content\/uploads\/2022\/08\/IMG_1621-66x66.jpg 66w, https:\/\/virtualnimuzej.aspira.hr\/wp-content\/uploads\/2022\/08\/IMG_1621-150x150.jpg 150w, https:\/\/virtualnimuzej.aspira.hr\/wp-content\/uploads\/2022\/08\/IMG_1621-200x200.jpg 200w, https:\/\/virtualnimuzej.aspira.hr\/wp-content\/uploads\/2022\/08\/IMG_1621-300x300.jpg 300w, https:\/\/virtualnimuzej.aspira.hr\/wp-content\/uploads\/2022\/08\/IMG_1621-400x400.jpg 400w, https:\/\/virtualnimuzej.aspira.hr\/wp-content\/uploads\/2022\/08\/IMG_1621-600x600.jpg 600w, https:\/\/virtualnimuzej.aspira.hr\/wp-content\/uploads\/2022\/08\/IMG_1621-768x768.jpg 768w, https:\/\/virtualnimuzej.aspira.hr\/wp-content\/uploads\/2022\/08\/IMG_1621.jpg 800w\" sizes=\"(max-width: 150px) 100vw, 150px\" \/><\/a>\n\t\t\t<\/dt><\/dl><dl class='gallery-item'>\n\t\t\t<dt class='gallery-icon landscape'>\n\t\t\t\t<a data-rel=\"iLightbox[postimages]\" data-title=\"IMG_1620\" data-caption=\"\" href='https:\/\/virtualnimuzej.aspira.hr\/es\/img_1620-2\/'><img decoding=\"async\" width=\"150\" height=\"150\" src=\"https:\/\/virtualnimuzej.aspira.hr\/wp-content\/uploads\/2022\/08\/IMG_1620-150x150.jpg\" class=\"attachment-thumbnail size-thumbnail\" alt=\"\" srcset=\"https:\/\/virtualnimuzej.aspira.hr\/wp-content\/uploads\/2022\/08\/IMG_1620-66x66.jpg 66w, https:\/\/virtualnimuzej.aspira.hr\/wp-content\/uploads\/2022\/08\/IMG_1620-150x150.jpg 150w, https:\/\/virtualnimuzej.aspira.hr\/wp-content\/uploads\/2022\/08\/IMG_1620-200x200.jpg 200w, https:\/\/virtualnimuzej.aspira.hr\/wp-content\/uploads\/2022\/08\/IMG_1620-300x300.jpg 300w, https:\/\/virtualnimuzej.aspira.hr\/wp-content\/uploads\/2022\/08\/IMG_1620-400x400.jpg 400w, https:\/\/virtualnimuzej.aspira.hr\/wp-content\/uploads\/2022\/08\/IMG_1620-600x600.jpg 600w, https:\/\/virtualnimuzej.aspira.hr\/wp-content\/uploads\/2022\/08\/IMG_1620-768x768.jpg 768w, https:\/\/virtualnimuzej.aspira.hr\/wp-content\/uploads\/2022\/08\/IMG_1620.jpg 800w\" sizes=\"(max-width: 150px) 100vw, 150px\" \/><\/a>\n\t\t\t<\/dt><\/dl><dl class='gallery-item'>\n\t\t\t<dt class='gallery-icon landscape'>\n\t\t\t\t<a data-rel=\"iLightbox[postimages]\" data-title=\"IMG_1619\" data-caption=\"\" href='https:\/\/virtualnimuzej.aspira.hr\/es\/img_1619-2\/'><img decoding=\"async\" width=\"150\" height=\"150\" src=\"https:\/\/virtualnimuzej.aspira.hr\/wp-content\/uploads\/2022\/08\/IMG_1619-150x150.jpg\" class=\"attachment-thumbnail size-thumbnail\" alt=\"\" srcset=\"https:\/\/virtualnimuzej.aspira.hr\/wp-content\/uploads\/2022\/08\/IMG_1619-66x66.jpg 66w, https:\/\/virtualnimuzej.aspira.hr\/wp-content\/uploads\/2022\/08\/IMG_1619-150x150.jpg 150w, https:\/\/virtualnimuzej.aspira.hr\/wp-content\/uploads\/2022\/08\/IMG_1619-200x200.jpg 200w, https:\/\/virtualnimuzej.aspira.hr\/wp-content\/uploads\/2022\/08\/IMG_1619-300x300.jpg 300w, https:\/\/virtualnimuzej.aspira.hr\/wp-content\/uploads\/2022\/08\/IMG_1619-400x400.jpg 400w, https:\/\/virtualnimuzej.aspira.hr\/wp-content\/uploads\/2022\/08\/IMG_1619-600x600.jpg 600w, https:\/\/virtualnimuzej.aspira.hr\/wp-content\/uploads\/2022\/08\/IMG_1619-768x768.jpg 768w, https:\/\/virtualnimuzej.aspira.hr\/wp-content\/uploads\/2022\/08\/IMG_1619.jpg 800w\" sizes=\"(max-width: 150px) 100vw, 150px\" \/><\/a>\n\t\t\t<\/dt><\/dl><br style=\"clear: both\" \/><dl class='gallery-item'>\n\t\t\t<dt class='gallery-icon landscape'>\n\t\t\t\t<a data-rel=\"iLightbox[postimages]\" data-title=\"IMG_1618\" data-caption=\"\" href='https:\/\/virtualnimuzej.aspira.hr\/es\/img_1618-2\/'><img decoding=\"async\" width=\"150\" height=\"150\" src=\"https:\/\/virtualnimuzej.aspira.hr\/wp-content\/uploads\/2022\/08\/IMG_1618-150x150.jpg\" class=\"attachment-thumbnail size-thumbnail\" alt=\"\" srcset=\"https:\/\/virtualnimuzej.aspira.hr\/wp-content\/uploads\/2022\/08\/IMG_1618-66x66.jpg 66w, https:\/\/virtualnimuzej.aspira.hr\/wp-content\/uploads\/2022\/08\/IMG_1618-150x150.jpg 150w, https:\/\/virtualnimuzej.aspira.hr\/wp-content\/uploads\/2022\/08\/IMG_1618-200x200.jpg 200w, https:\/\/virtualnimuzej.aspira.hr\/wp-content\/uploads\/2022\/08\/IMG_1618-300x300.jpg 300w, https:\/\/virtualnimuzej.aspira.hr\/wp-content\/uploads\/2022\/08\/IMG_1618-400x400.jpg 400w, https:\/\/virtualnimuzej.aspira.hr\/wp-content\/uploads\/2022\/08\/IMG_1618-600x600.jpg 600w, https:\/\/virtualnimuzej.aspira.hr\/wp-content\/uploads\/2022\/08\/IMG_1618-768x768.jpg 768w, https:\/\/virtualnimuzej.aspira.hr\/wp-content\/uploads\/2022\/08\/IMG_1618.jpg 800w\" sizes=\"(max-width: 150px) 100vw, 150px\" \/><\/a>\n\t\t\t<\/dt><\/dl><dl class='gallery-item'>\n\t\t\t<dt class='gallery-icon landscape'>\n\t\t\t\t<a data-rel=\"iLightbox[postimages]\" data-title=\"IMG_1617\" data-caption=\"\" href='https:\/\/virtualnimuzej.aspira.hr\/es\/img_1617-2\/'><img decoding=\"async\" width=\"150\" height=\"150\" src=\"https:\/\/virtualnimuzej.aspira.hr\/wp-content\/uploads\/2022\/08\/IMG_1617-150x150.jpg\" class=\"attachment-thumbnail size-thumbnail\" alt=\"\" srcset=\"https:\/\/virtualnimuzej.aspira.hr\/wp-content\/uploads\/2022\/08\/IMG_1617-66x66.jpg 66w, https:\/\/virtualnimuzej.aspira.hr\/wp-content\/uploads\/2022\/08\/IMG_1617-150x150.jpg 150w, https:\/\/virtualnimuzej.aspira.hr\/wp-content\/uploads\/2022\/08\/IMG_1617-200x200.jpg 200w, https:\/\/virtualnimuzej.aspira.hr\/wp-content\/uploads\/2022\/08\/IMG_1617-300x300.jpg 300w, https:\/\/virtualnimuzej.aspira.hr\/wp-content\/uploads\/2022\/08\/IMG_1617-400x400.jpg 400w, https:\/\/virtualnimuzej.aspira.hr\/wp-content\/uploads\/2022\/08\/IMG_1617-600x600.jpg 600w, https:\/\/virtualnimuzej.aspira.hr\/wp-content\/uploads\/2022\/08\/IMG_1617-768x768.jpg 768w, https:\/\/virtualnimuzej.aspira.hr\/wp-content\/uploads\/2022\/08\/IMG_1617.jpg 800w\" sizes=\"(max-width: 150px) 100vw, 150px\" \/><\/a>\n\t\t\t<\/dt><\/dl><dl class='gallery-item'>\n\t\t\t<dt class='gallery-icon landscape'>\n\t\t\t\t<a data-rel=\"iLightbox[postimages]\" data-title=\"IMG_1614\" data-caption=\"\" href='https:\/\/virtualnimuzej.aspira.hr\/es\/img_1614-2\/'><img decoding=\"async\" width=\"150\" height=\"150\" src=\"https:\/\/virtualnimuzej.aspira.hr\/wp-content\/uploads\/2022\/08\/IMG_1614-150x150.jpg\" class=\"attachment-thumbnail size-thumbnail\" alt=\"\" srcset=\"https:\/\/virtualnimuzej.aspira.hr\/wp-content\/uploads\/2022\/08\/IMG_1614-66x66.jpg 66w, https:\/\/virtualnimuzej.aspira.hr\/wp-content\/uploads\/2022\/08\/IMG_1614-150x150.jpg 150w\" sizes=\"(max-width: 150px) 100vw, 150px\" \/><\/a>\n\t\t\t<\/dt><\/dl><br style=\"clear: both\" \/><dl class='gallery-item'>\n\t\t\t<dt class='gallery-icon portrait'>\n\t\t\t\t<a data-rel=\"iLightbox[postimages]\" data-title=\"IMG_1613\" data-caption=\"\" href='https:\/\/virtualnimuzej.aspira.hr\/es\/img_1613-2\/'><img decoding=\"async\" width=\"150\" height=\"150\" src=\"https:\/\/virtualnimuzej.aspira.hr\/wp-content\/uploads\/2022\/08\/IMG_1613-150x150.jpg\" class=\"attachment-thumbnail size-thumbnail\" alt=\"\" srcset=\"https:\/\/virtualnimuzej.aspira.hr\/wp-content\/uploads\/2022\/08\/IMG_1613-66x66.jpg 66w, https:\/\/virtualnimuzej.aspira.hr\/wp-content\/uploads\/2022\/08\/IMG_1613-150x150.jpg 150w\" sizes=\"(max-width: 150px) 100vw, 150px\" \/><\/a>\n\t\t\t<\/dt><\/dl><dl class='gallery-item'>\n\t\t\t<dt class='gallery-icon portrait'>\n\t\t\t\t<a data-rel=\"iLightbox[postimages]\" data-title=\"IMG_1608\" data-caption=\"\" href='https:\/\/virtualnimuzej.aspira.hr\/es\/img_1608-2\/'><img decoding=\"async\" width=\"150\" height=\"150\" src=\"https:\/\/virtualnimuzej.aspira.hr\/wp-content\/uploads\/2022\/08\/IMG_1608-150x150.jpg\" class=\"attachment-thumbnail size-thumbnail\" alt=\"\" srcset=\"https:\/\/virtualnimuzej.aspira.hr\/wp-content\/uploads\/2022\/08\/IMG_1608-66x66.jpg 66w, https:\/\/virtualnimuzej.aspira.hr\/wp-content\/uploads\/2022\/08\/IMG_1608-150x150.jpg 150w\" sizes=\"(max-width: 150px) 100vw, 150px\" \/><\/a>\n\t\t\t<\/dt><\/dl><dl class='gallery-item'>\n\t\t\t<dt class='gallery-icon landscape'>\n\t\t\t\t<a data-rel=\"iLightbox[postimages]\" data-title=\"IMG_1607\" data-caption=\"\" href='https:\/\/virtualnimuzej.aspira.hr\/es\/img_1607-2\/'><img decoding=\"async\" width=\"150\" height=\"150\" src=\"https:\/\/virtualnimuzej.aspira.hr\/wp-content\/uploads\/2022\/08\/IMG_1607-150x150.jpg\" class=\"attachment-thumbnail size-thumbnail\" alt=\"\" srcset=\"https:\/\/virtualnimuzej.aspira.hr\/wp-content\/uploads\/2022\/08\/IMG_1607-66x66.jpg 66w, https:\/\/virtualnimuzej.aspira.hr\/wp-content\/uploads\/2022\/08\/IMG_1607-150x150.jpg 150w\" sizes=\"(max-width: 150px) 100vw, 150px\" \/><\/a>\n\t\t\t<\/dt><\/dl><br style=\"clear: both\" \/><dl class='gallery-item'>\n\t\t\t<dt class='gallery-icon landscape'>\n\t\t\t\t<a data-rel=\"iLightbox[postimages]\" data-title=\"IMG_1605\" data-caption=\"\" href='https:\/\/virtualnimuzej.aspira.hr\/es\/img_1605-2\/'><img decoding=\"async\" width=\"150\" height=\"150\" src=\"https:\/\/virtualnimuzej.aspira.hr\/wp-content\/uploads\/2022\/08\/IMG_1605-150x150.jpg\" class=\"attachment-thumbnail size-thumbnail\" alt=\"\" srcset=\"https:\/\/virtualnimuzej.aspira.hr\/wp-content\/uploads\/2022\/08\/IMG_1605-66x66.jpg 66w, https:\/\/virtualnimuzej.aspira.hr\/wp-content\/uploads\/2022\/08\/IMG_1605-150x150.jpg 150w\" sizes=\"(max-width: 150px) 100vw, 150px\" \/><\/a>\n\t\t\t<\/dt><\/dl><dl class='gallery-item'>\n\t\t\t<dt class='gallery-icon landscape'>\n\t\t\t\t<a data-rel=\"iLightbox[postimages]\" data-title=\"IMG_1602\" data-caption=\"\" href='https:\/\/virtualnimuzej.aspira.hr\/es\/img_1602-2\/'><img decoding=\"async\" width=\"150\" height=\"150\" src=\"https:\/\/virtualnimuzej.aspira.hr\/wp-content\/uploads\/2022\/08\/IMG_1602-150x150.jpg\" class=\"attachment-thumbnail size-thumbnail\" alt=\"\" srcset=\"https:\/\/virtualnimuzej.aspira.hr\/wp-content\/uploads\/2022\/08\/IMG_1602-66x66.jpg 66w, https:\/\/virtualnimuzej.aspira.hr\/wp-content\/uploads\/2022\/08\/IMG_1602-150x150.jpg 150w\" sizes=\"(max-width: 150px) 100vw, 150px\" \/><\/a>\n\t\t\t<\/dt><\/dl><dl class='gallery-item'>\n\t\t\t<dt class='gallery-icon landscape'>\n\t\t\t\t<a data-rel=\"iLightbox[postimages]\" data-title=\"IMG_1600\" data-caption=\"\" href='https:\/\/virtualnimuzej.aspira.hr\/es\/img_1600-2\/'><img decoding=\"async\" width=\"150\" height=\"150\" src=\"https:\/\/virtualnimuzej.aspira.hr\/wp-content\/uploads\/2022\/08\/IMG_1600-150x150.jpg\" class=\"attachment-thumbnail size-thumbnail\" alt=\"\" srcset=\"https:\/\/virtualnimuzej.aspira.hr\/wp-content\/uploads\/2022\/08\/IMG_1600-66x66.jpg 66w, https:\/\/virtualnimuzej.aspira.hr\/wp-content\/uploads\/2022\/08\/IMG_1600-150x150.jpg 150w\" sizes=\"(max-width: 150px) 100vw, 150px\" \/><\/a>\n\t\t\t<\/dt><\/dl><br style=\"clear: both\" \/><dl class='gallery-item'>\n\t\t\t<dt class='gallery-icon landscape'>\n\t\t\t\t<a data-rel=\"iLightbox[postimages]\" data-title=\"IMG_1598\" data-caption=\"\" href='https:\/\/virtualnimuzej.aspira.hr\/es\/img_1598-2\/'><img decoding=\"async\" width=\"150\" height=\"150\" src=\"https:\/\/virtualnimuzej.aspira.hr\/wp-content\/uploads\/2022\/08\/IMG_1598-150x150.jpg\" class=\"attachment-thumbnail size-thumbnail\" alt=\"\" srcset=\"https:\/\/virtualnimuzej.aspira.hr\/wp-content\/uploads\/2022\/08\/IMG_1598-66x66.jpg 66w, https:\/\/virtualnimuzej.aspira.hr\/wp-content\/uploads\/2022\/08\/IMG_1598-150x150.jpg 150w\" sizes=\"(max-width: 150px) 100vw, 150px\" \/><\/a>\n\t\t\t<\/dt><\/dl><dl class='gallery-item'>\n\t\t\t<dt class='gallery-icon landscape'>\n\t\t\t\t<a data-rel=\"iLightbox[postimages]\" data-title=\"IMG_1596\" data-caption=\"\" href='https:\/\/virtualnimuzej.aspira.hr\/es\/img_1596-2\/'><img decoding=\"async\" width=\"150\" height=\"150\" src=\"https:\/\/virtualnimuzej.aspira.hr\/wp-content\/uploads\/2022\/08\/IMG_1596-150x150.jpg\" class=\"attachment-thumbnail size-thumbnail\" alt=\"\" srcset=\"https:\/\/virtualnimuzej.aspira.hr\/wp-content\/uploads\/2022\/08\/IMG_1596-66x66.jpg 66w, https:\/\/virtualnimuzej.aspira.hr\/wp-content\/uploads\/2022\/08\/IMG_1596-150x150.jpg 150w\" sizes=\"(max-width: 150px) 100vw, 150px\" \/><\/a>\n\t\t\t<\/dt><\/dl><dl class='gallery-item'>\n\t\t\t<dt class='gallery-icon landscape'>\n\t\t\t\t<a data-rel=\"iLightbox[postimages]\" data-title=\"IMG_1593\" data-caption=\"\" href='https:\/\/virtualnimuzej.aspira.hr\/es\/img_1593-2\/'><img decoding=\"async\" width=\"150\" height=\"150\" src=\"https:\/\/virtualnimuzej.aspira.hr\/wp-content\/uploads\/2022\/08\/IMG_1593-150x150.jpg\" class=\"attachment-thumbnail size-thumbnail\" alt=\"\" srcset=\"https:\/\/virtualnimuzej.aspira.hr\/wp-content\/uploads\/2022\/08\/IMG_1593-66x66.jpg 66w, https:\/\/virtualnimuzej.aspira.hr\/wp-content\/uploads\/2022\/08\/IMG_1593-150x150.jpg 150w\" sizes=\"(max-width: 150px) 100vw, 150px\" \/><\/a>\n\t\t\t<\/dt><\/dl><br style=\"clear: both\" \/><dl class='gallery-item'>\n\t\t\t<dt class='gallery-icon portrait'>\n\t\t\t\t<a data-rel=\"iLightbox[postimages]\" data-title=\"IMG_1592\" data-caption=\"\" href='https:\/\/virtualnimuzej.aspira.hr\/es\/img_1592-2\/'><img decoding=\"async\" width=\"150\" height=\"150\" src=\"https:\/\/virtualnimuzej.aspira.hr\/wp-content\/uploads\/2022\/08\/IMG_1592-150x150.jpg\" class=\"attachment-thumbnail size-thumbnail\" alt=\"\" srcset=\"https:\/\/virtualnimuzej.aspira.hr\/wp-content\/uploads\/2022\/08\/IMG_1592-66x66.jpg 66w, https:\/\/virtualnimuzej.aspira.hr\/wp-content\/uploads\/2022\/08\/IMG_1592-150x150.jpg 150w\" sizes=\"(max-width: 150px) 100vw, 150px\" \/><\/a>\n\t\t\t<\/dt><\/dl><dl class='gallery-item'>\n\t\t\t<dt class='gallery-icon landscape'>\n\t\t\t\t<a data-rel=\"iLightbox[postimages]\" data-title=\"IMG_1591\" data-caption=\"\" href='https:\/\/virtualnimuzej.aspira.hr\/es\/img_1591-2\/'><img decoding=\"async\" width=\"150\" height=\"150\" src=\"https:\/\/virtualnimuzej.aspira.hr\/wp-content\/uploads\/2022\/08\/IMG_1591-150x150.jpg\" class=\"attachment-thumbnail size-thumbnail\" alt=\"\" srcset=\"https:\/\/virtualnimuzej.aspira.hr\/wp-content\/uploads\/2022\/08\/IMG_1591-66x66.jpg 66w, https:\/\/virtualnimuzej.aspira.hr\/wp-content\/uploads\/2022\/08\/IMG_1591-150x150.jpg 150w\" sizes=\"(max-width: 150px) 100vw, 150px\" \/><\/a>\n\t\t\t<\/dt><\/dl><dl class='gallery-item'>\n\t\t\t<dt class='gallery-icon landscape'>\n\t\t\t\t<a data-rel=\"iLightbox[postimages]\" data-title=\"IMG_1587\" data-caption=\"\" href='https:\/\/virtualnimuzej.aspira.hr\/es\/img_1587-2\/'><img decoding=\"async\" width=\"150\" height=\"150\" src=\"https:\/\/virtualnimuzej.aspira.hr\/wp-content\/uploads\/2022\/08\/IMG_1587-150x150.jpg\" class=\"attachment-thumbnail size-thumbnail\" alt=\"\" srcset=\"https:\/\/virtualnimuzej.aspira.hr\/wp-content\/uploads\/2022\/08\/IMG_1587-66x66.jpg 66w, https:\/\/virtualnimuzej.aspira.hr\/wp-content\/uploads\/2022\/08\/IMG_1587-150x150.jpg 150w\" sizes=\"(max-width: 150px) 100vw, 150px\" \/><\/a>\n\t\t\t<\/dt><\/dl><br style=\"clear: both\" \/><dl class='gallery-item'>\n\t\t\t<dt class='gallery-icon landscape'>\n\t\t\t\t<a data-rel=\"iLightbox[postimages]\" data-title=\"IMG_1586\" data-caption=\"\" href='https:\/\/virtualnimuzej.aspira.hr\/es\/img_1586-2\/'><img decoding=\"async\" width=\"150\" height=\"150\" src=\"https:\/\/virtualnimuzej.aspira.hr\/wp-content\/uploads\/2022\/08\/IMG_1586-150x150.jpg\" class=\"attachment-thumbnail size-thumbnail\" alt=\"\" srcset=\"https:\/\/virtualnimuzej.aspira.hr\/wp-content\/uploads\/2022\/08\/IMG_1586-66x66.jpg 66w, https:\/\/virtualnimuzej.aspira.hr\/wp-content\/uploads\/2022\/08\/IMG_1586-150x150.jpg 150w\" sizes=\"(max-width: 150px) 100vw, 150px\" \/><\/a>\n\t\t\t<\/dt><\/dl><dl class='gallery-item'>\n\t\t\t<dt class='gallery-icon landscape'>\n\t\t\t\t<a data-rel=\"iLightbox[postimages]\" data-title=\"IMG_1585\" data-caption=\"\" href='https:\/\/virtualnimuzej.aspira.hr\/es\/img_1585-2\/'><img decoding=\"async\" width=\"150\" height=\"150\" src=\"https:\/\/virtualnimuzej.aspira.hr\/wp-content\/uploads\/2022\/08\/IMG_1585-150x150.jpg\" class=\"attachment-thumbnail size-thumbnail\" alt=\"\" srcset=\"https:\/\/virtualnimuzej.aspira.hr\/wp-content\/uploads\/2022\/08\/IMG_1585-66x66.jpg 66w, https:\/\/virtualnimuzej.aspira.hr\/wp-content\/uploads\/2022\/08\/IMG_1585-150x150.jpg 150w\" sizes=\"(max-width: 150px) 100vw, 150px\" \/><\/a>\n\t\t\t<\/dt><\/dl><dl class='gallery-item'>\n\t\t\t<dt class='gallery-icon portrait'>\n\t\t\t\t<a data-rel=\"iLightbox[postimages]\" data-title=\"IMG_1584\" data-caption=\"\" href='https:\/\/virtualnimuzej.aspira.hr\/es\/img_1584-2\/'><img decoding=\"async\" width=\"150\" height=\"150\" src=\"https:\/\/virtualnimuzej.aspira.hr\/wp-content\/uploads\/2022\/08\/IMG_1584-150x150.jpg\" class=\"attachment-thumbnail size-thumbnail\" alt=\"\" srcset=\"https:\/\/virtualnimuzej.aspira.hr\/wp-content\/uploads\/2022\/08\/IMG_1584-66x66.jpg 66w, https:\/\/virtualnimuzej.aspira.hr\/wp-content\/uploads\/2022\/08\/IMG_1584-150x150.jpg 150w\" sizes=\"(max-width: 150px) 100vw, 150px\" \/><\/a>\n\t\t\t<\/dt><\/dl><br style=\"clear: both\" \/><dl class='gallery-item'>\n\t\t\t<dt class='gallery-icon portrait'>\n\t\t\t\t<a data-rel=\"iLightbox[postimages]\" data-title=\"IMG_1583\" data-caption=\"\" href='https:\/\/virtualnimuzej.aspira.hr\/es\/img_1583-2\/'><img decoding=\"async\" width=\"150\" height=\"150\" src=\"https:\/\/virtualnimuzej.aspira.hr\/wp-content\/uploads\/2022\/08\/IMG_1583-150x150.jpg\" class=\"attachment-thumbnail size-thumbnail\" alt=\"\" srcset=\"https:\/\/virtualnimuzej.aspira.hr\/wp-content\/uploads\/2022\/08\/IMG_1583-66x66.jpg 66w, https:\/\/virtualnimuzej.aspira.hr\/wp-content\/uploads\/2022\/08\/IMG_1583-150x150.jpg 150w\" sizes=\"(max-width: 150px) 100vw, 150px\" \/><\/a>\n\t\t\t<\/dt><\/dl><dl class='gallery-item'>\n\t\t\t<dt class='gallery-icon portrait'>\n\t\t\t\t<a data-rel=\"iLightbox[postimages]\" data-title=\"IMG_1582\" data-caption=\"\" href='https:\/\/virtualnimuzej.aspira.hr\/es\/img_1582-2\/'><img decoding=\"async\" width=\"150\" height=\"150\" src=\"https:\/\/virtualnimuzej.aspira.hr\/wp-content\/uploads\/2022\/08\/IMG_1582-150x150.jpg\" class=\"attachment-thumbnail size-thumbnail\" alt=\"\" srcset=\"https:\/\/virtualnimuzej.aspira.hr\/wp-content\/uploads\/2022\/08\/IMG_1582-66x66.jpg 66w, https:\/\/virtualnimuzej.aspira.hr\/wp-content\/uploads\/2022\/08\/IMG_1582-150x150.jpg 150w\" sizes=\"(max-width: 150px) 100vw, 150px\" \/><\/a>\n\t\t\t<\/dt><\/dl><dl class='gallery-item'>\n\t\t\t<dt class='gallery-icon portrait'>\n\t\t\t\t<a data-rel=\"iLightbox[postimages]\" data-title=\"IMG_1581\" data-caption=\"\" href='https:\/\/virtualnimuzej.aspira.hr\/es\/img_1581-2\/'><img decoding=\"async\" width=\"150\" height=\"150\" src=\"https:\/\/virtualnimuzej.aspira.hr\/wp-content\/uploads\/2022\/08\/IMG_1581-150x150.jpg\" class=\"attachment-thumbnail size-thumbnail\" alt=\"\" srcset=\"https:\/\/virtualnimuzej.aspira.hr\/wp-content\/uploads\/2022\/08\/IMG_1581-66x66.jpg 66w, https:\/\/virtualnimuzej.aspira.hr\/wp-content\/uploads\/2022\/08\/IMG_1581-150x150.jpg 150w\" sizes=\"(max-width: 150px) 100vw, 150px\" \/><\/a>\n\t\t\t<\/dt><\/dl><br style=\"clear: both\" \/>\n\t\t<\/div>\n\n<p>&nbsp;<\/p>\n<p>Branka Bezi\u0107 Filipovi\u0107<\/p>\n<p>&nbsp;<\/p>\n","protected":false},"excerpt":{"rendered":"<p>&nbsp; &nbsp; &nbsp; Muchos croatas descansan en el cementerio de Sao Paulo, y se puede ver por sus apellidos que la mayor\u00eda de ellos son de Blato en la isla [&hellip;]<\/p>\n","protected":false},"author":1,"featured_media":2598,"comment_status":"open","ping_status":"open","sticky":false,"template":"","format":"standard","meta":{"footnotes":""},"categories":[77],"tags":[],"class_list":["post-2699","post","type-post","status-publish","format-standard","has-post-thumbnail","hentry","category-brasil"],"yoast_head":"<!-- This site is optimized with the Yoast SEO plugin v20.7 - https:\/\/yoast.com\/wordpress\/plugins\/seo\/ -->\n<title>Cementerio de Sao Paulo - Aspira Virtualni Muzej iseljeni\u0161tva Dalmacije<\/title>\n<meta name=\"robots\" content=\"index, follow, max-snippet:-1, max-image-preview:large, max-video-preview:-1\" \/>\n<link rel=\"canonical\" href=\"https:\/\/virtualnimuzej.aspira.hr\/es\/cementerio-de-sao-paulo\/\" \/>\n<meta property=\"og:locale\" content=\"es_ES\" \/>\n<meta property=\"og:type\" content=\"article\" \/>\n<meta property=\"og:title\" content=\"Cementerio de Sao Paulo - Aspira Virtualni Muzej iseljeni\u0161tva Dalmacije\" \/>\n<meta property=\"og:description\" content=\"&nbsp; &nbsp; &nbsp; Muchos croatas descansan en el cementerio de Sao Paulo, y se puede ver por sus apellidos que la mayor\u00eda de ellos son de Blato en la isla [&hellip;]\" \/>\n<meta property=\"og:url\" content=\"https:\/\/virtualnimuzej.aspira.hr\/es\/cementerio-de-sao-paulo\/\" \/>\n<meta property=\"og:site_name\" content=\"Aspira Virtualni Muzej iseljeni\u0161tva Dalmacije\" \/>\n<meta property=\"article:published_time\" content=\"2022-08-28T14:41:06+00:00\" \/>\n<meta property=\"og:image\" content=\"https:\/\/virtualnimuzej.aspira.hr\/wp-content\/uploads\/2022\/08\/IMG_1612-scaled.jpg\" \/>\n\t<meta property=\"og:image:width\" content=\"2560\" \/>\n\t<meta property=\"og:image:height\" content=\"1440\" \/>\n\t<meta property=\"og:image:type\" content=\"image\/jpeg\" \/>\n<meta name=\"author\" content=\"VmuzejAspira\" \/>\n<meta name=\"twitter:card\" content=\"summary_large_image\" \/>\n<meta name=\"twitter:label1\" content=\"Escrito por\" \/>\n\t<meta name=\"twitter:data1\" content=\"VmuzejAspira\" \/>\n\t<meta name=\"twitter:label2\" content=\"Tiempo de lectura\" \/>\n\t<meta name=\"twitter:data2\" content=\"1 minuto\" \/>\n<script type=\"application\/ld+json\" class=\"yoast-schema-graph\">{\"@context\":\"https:\/\/schema.org\",\"@graph\":[{\"@type\":\"WebPage\",\"@id\":\"https:\/\/virtualnimuzej.aspira.hr\/es\/cementerio-de-sao-paulo\/\",\"url\":\"https:\/\/virtualnimuzej.aspira.hr\/es\/cementerio-de-sao-paulo\/\",\"name\":\"Cementerio de Sao Paulo - Aspira Virtualni Muzej iseljeni\u0161tva Dalmacije\",\"isPartOf\":{\"@id\":\"https:\/\/virtualnimuzej.aspira.hr\/#website\"},\"datePublished\":\"2022-08-28T14:41:06+00:00\",\"dateModified\":\"2022-08-28T14:41:06+00:00\",\"author\":{\"@id\":\"https:\/\/virtualnimuzej.aspira.hr\/#\/schema\/person\/8b28048370e78968988c04d6f1ba104d\"},\"breadcrumb\":{\"@id\":\"https:\/\/virtualnimuzej.aspira.hr\/es\/cementerio-de-sao-paulo\/#breadcrumb\"},\"inLanguage\":\"es\",\"potentialAction\":[{\"@type\":\"ReadAction\",\"target\":[\"https:\/\/virtualnimuzej.aspira.hr\/es\/cementerio-de-sao-paulo\/\"]}]},{\"@type\":\"BreadcrumbList\",\"@id\":\"https:\/\/virtualnimuzej.aspira.hr\/es\/cementerio-de-sao-paulo\/#breadcrumb\",\"itemListElement\":[{\"@type\":\"ListItem\",\"position\":1,\"name\":\"Naslovna\",\"item\":\"https:\/\/virtualnimuzej.aspira.hr\/es\/\"},{\"@type\":\"ListItem\",\"position\":2,\"name\":\"Cementerio de Sao Paulo\"}]},{\"@type\":\"WebSite\",\"@id\":\"https:\/\/virtualnimuzej.aspira.hr\/#website\",\"url\":\"https:\/\/virtualnimuzej.aspira.hr\/\",\"name\":\"Aspira Virtualni Muzej iseljeni\u0161tva Dalmacije\",\"description\":\"Muzej iseljeni\u0161tva je zami\u0161ljen kao mjesto skupljanja i prezentacije gra\u0111e o hrvatskom iseljeni\u0161tvu i povijesti iseljavanja koja nikada nije bila dovoljno istra\u017eena.\",\"potentialAction\":[{\"@type\":\"SearchAction\",\"target\":{\"@type\":\"EntryPoint\",\"urlTemplate\":\"https:\/\/virtualnimuzej.aspira.hr\/?s={search_term_string}\"},\"query-input\":\"required name=search_term_string\"}],\"inLanguage\":\"es\"},{\"@type\":\"Person\",\"@id\":\"https:\/\/virtualnimuzej.aspira.hr\/#\/schema\/person\/8b28048370e78968988c04d6f1ba104d\",\"name\":\"VmuzejAspira\",\"image\":{\"@type\":\"ImageObject\",\"inLanguage\":\"es\",\"@id\":\"https:\/\/virtualnimuzej.aspira.hr\/#\/schema\/person\/image\/\",\"url\":\"https:\/\/secure.gravatar.com\/avatar\/cfa7124a34eec5233efffe1e8fb23c18bb83abdb6129e8f47c9144109613a228?s=96&d=mm&r=g\",\"contentUrl\":\"https:\/\/secure.gravatar.com\/avatar\/cfa7124a34eec5233efffe1e8fb23c18bb83abdb6129e8f47c9144109613a228?s=96&d=mm&r=g\",\"caption\":\"VmuzejAspira\"},\"sameAs\":[\"http:\/\/virtualnimuzej.aspira.hr\"],\"url\":\"https:\/\/virtualnimuzej.aspira.hr\/es\/author\/vmuzejaspira\/\"}]}<\/script>\n<!-- \/ Yoast SEO plugin. -->","yoast_head_json":{"title":"Cementerio de Sao Paulo - Aspira Virtualni Muzej iseljeni\u0161tva Dalmacije","robots":{"index":"index","follow":"follow","max-snippet":"max-snippet:-1","max-image-preview":"max-image-preview:large","max-video-preview":"max-video-preview:-1"},"canonical":"https:\/\/virtualnimuzej.aspira.hr\/es\/cementerio-de-sao-paulo\/","og_locale":"es_ES","og_type":"article","og_title":"Cementerio de Sao Paulo - Aspira Virtualni Muzej iseljeni\u0161tva Dalmacije","og_description":"&nbsp; &nbsp; &nbsp; Muchos croatas descansan en el cementerio de Sao Paulo, y se puede ver por sus apellidos que la mayor\u00eda de ellos son de Blato en la isla [&hellip;]","og_url":"https:\/\/virtualnimuzej.aspira.hr\/es\/cementerio-de-sao-paulo\/","og_site_name":"Aspira Virtualni Muzej iseljeni\u0161tva Dalmacije","article_published_time":"2022-08-28T14:41:06+00:00","og_image":[{"width":2560,"height":1440,"url":"https:\/\/virtualnimuzej.aspira.hr\/wp-content\/uploads\/2022\/08\/IMG_1612-scaled.jpg","type":"image\/jpeg"}],"author":"VmuzejAspira","twitter_card":"summary_large_image","twitter_misc":{"Escrito por":"VmuzejAspira","Tiempo de lectura":"1 minuto"},"schema":{"@context":"https:\/\/schema.org","@graph":[{"@type":"WebPage","@id":"https:\/\/virtualnimuzej.aspira.hr\/es\/cementerio-de-sao-paulo\/","url":"https:\/\/virtualnimuzej.aspira.hr\/es\/cementerio-de-sao-paulo\/","name":"Cementerio de Sao Paulo - Aspira Virtualni Muzej iseljeni\u0161tva Dalmacije","isPartOf":{"@id":"https:\/\/virtualnimuzej.aspira.hr\/#website"},"datePublished":"2022-08-28T14:41:06+00:00","dateModified":"2022-08-28T14:41:06+00:00","author":{"@id":"https:\/\/virtualnimuzej.aspira.hr\/#\/schema\/person\/8b28048370e78968988c04d6f1ba104d"},"breadcrumb":{"@id":"https:\/\/virtualnimuzej.aspira.hr\/es\/cementerio-de-sao-paulo\/#breadcrumb"},"inLanguage":"es","potentialAction":[{"@type":"ReadAction","target":["https:\/\/virtualnimuzej.aspira.hr\/es\/cementerio-de-sao-paulo\/"]}]},{"@type":"BreadcrumbList","@id":"https:\/\/virtualnimuzej.aspira.hr\/es\/cementerio-de-sao-paulo\/#breadcrumb","itemListElement":[{"@type":"ListItem","position":1,"name":"Naslovna","item":"https:\/\/virtualnimuzej.aspira.hr\/es\/"},{"@type":"ListItem","position":2,"name":"Cementerio de Sao Paulo"}]},{"@type":"WebSite","@id":"https:\/\/virtualnimuzej.aspira.hr\/#website","url":"https:\/\/virtualnimuzej.aspira.hr\/","name":"Aspira Virtualni Muzej iseljeni\u0161tva Dalmacije","description":"Muzej iseljeni\u0161tva je zami\u0161ljen kao mjesto skupljanja i prezentacije gra\u0111e o hrvatskom iseljeni\u0161tvu i povijesti iseljavanja koja nikada nije bila dovoljno istra\u017eena.","potentialAction":[{"@type":"SearchAction","target":{"@type":"EntryPoint","urlTemplate":"https:\/\/virtualnimuzej.aspira.hr\/?s={search_term_string}"},"query-input":"required name=search_term_string"}],"inLanguage":"es"},{"@type":"Person","@id":"https:\/\/virtualnimuzej.aspira.hr\/#\/schema\/person\/8b28048370e78968988c04d6f1ba104d","name":"VmuzejAspira","image":{"@type":"ImageObject","inLanguage":"es","@id":"https:\/\/virtualnimuzej.aspira.hr\/#\/schema\/person\/image\/","url":"https:\/\/secure.gravatar.com\/avatar\/cfa7124a34eec5233efffe1e8fb23c18bb83abdb6129e8f47c9144109613a228?s=96&d=mm&r=g","contentUrl":"https:\/\/secure.gravatar.com\/avatar\/cfa7124a34eec5233efffe1e8fb23c18bb83abdb6129e8f47c9144109613a228?s=96&d=mm&r=g","caption":"VmuzejAspira"},"sameAs":["http:\/\/virtualnimuzej.aspira.hr"],"url":"https:\/\/virtualnimuzej.aspira.hr\/es\/author\/vmuzejaspira\/"}]}},"_links":{"self":[{"href":"https:\/\/virtualnimuzej.aspira.hr\/es\/wp-json\/wp\/v2\/posts\/2699","targetHints":{"allow":["GET"]}}],"collection":[{"href":"https:\/\/virtualnimuzej.aspira.hr\/es\/wp-json\/wp\/v2\/posts"}],"about":[{"href":"https:\/\/virtualnimuzej.aspira.hr\/es\/wp-json\/wp\/v2\/types\/post"}],"author":[{"embeddable":true,"href":"https:\/\/virtualnimuzej.aspira.hr\/es\/wp-json\/wp\/v2\/users\/1"}],"replies":[{"embeddable":true,"href":"https:\/\/virtualnimuzej.aspira.hr\/es\/wp-json\/wp\/v2\/comments?post=2699"}],"version-history":[{"count":1,"href":"https:\/\/virtualnimuzej.aspira.hr\/es\/wp-json\/wp\/v2\/posts\/2699\/revisions"}],"predecessor-version":[{"id":2703,"href":"https:\/\/virtualnimuzej.aspira.hr\/es\/wp-json\/wp\/v2\/posts\/2699\/revisions\/2703"}],"wp:featuredmedia":[{"embeddable":true,"href":"https:\/\/virtualnimuzej.aspira.hr\/es\/wp-json\/wp\/v2\/media\/2598"}],"wp:attachment":[{"href":"https:\/\/virtualnimuzej.aspira.hr\/es\/wp-json\/wp\/v2\/media?parent=2699"}],"wp:term":[{"taxonomy":"category","embeddable":true,"href":"https:\/\/virtualnimuzej.aspira.hr\/es\/wp-json\/wp\/v2\/categories?post=2699"},{"taxonomy":"post_tag","embeddable":true,"href":"https:\/\/virtualnimuzej.aspira.hr\/es\/wp-json\/wp\/v2\/tags?post=2699"}],"curies":[{"name":"wp","href":"https:\/\/api.w.org\/{rel}","templated":true}]}}