{"id":2798,"date":"2022-08-28T18:26:54","date_gmt":"2022-08-28T16:26:54","guid":{"rendered":"https:\/\/virtualnimuzej.aspira.hr\/?p=2798"},"modified":"2022-09-27T15:55:20","modified_gmt":"2022-09-27T13:55:20","slug":"croatas-de-cochabamba","status":"publish","type":"post","link":"https:\/\/virtualnimuzej.aspira.hr\/es\/croatas-de-cochabamba\/","title":{"rendered":"Croatas de Cochabamba"},"content":{"rendered":"<p>&nbsp;<\/p>\n<p>Cochabamba es una ciudad fundada en el siglo XVI y ubicada en un f\u00e9rtil valle de los Andes a 2.558 metros sobre el nivel del mar, con una poblaci\u00f3n de m\u00e1s de 600.000 habitantes. El nombre de la ciudad en lengua quechua significar\u00eda \u00ablago y llanura\u00bb.<br \/>\nSeg\u00fan el Dr. Klement Derado y el Dr. Ivan \u010cizmi\u0107, los hermanos Jakov y Jure Sabioncello de Nere\u017ei\u0161\u0107e abrieron la primera tienda en Cochabamba en 1904. La segunda tienda fue abierta por Juraj Jankovi\u0107 en 1917. En los a\u00f1os treintas del siglo XX, hubo otros como Gelatovi\u0107 y Plasti\u0107 de Pu\u010di\u0161\u0107a, Stjepan Jankovi\u0107 y los hermanos Eterovi\u0107 y Ante Zapkovi\u0107 e Ivan Vlahovi\u0107, luego Plasti\u0107 y Alonzo y Matija \u017duvi\u0107 de Dra\u010devica, luego Vicko \u0160kari\u0107 de Postira y Ante Bezmalinovi\u0107 de Nere\u017ei\u0161\u0107a .<br \/>\nDespu\u00e9s de la Primera Guerra Mundial, se fund\u00f3 la Sociedad de Socorros Mutuos Yugoslava en Cochabamba. En 1936, inclu\u00eda: Petar Boneta, presidente, Venancije \u0160tambuk, vicepresidente, Vinko Vlahovi\u0107, secretario, Miro \u0160tambuk, vicesecretario, Vicko \u0160kari\u0107 , tesorero, y los consejeros fueron Petar Tadi\u0107, Antun Eterovi\u0107, Antun Milo\u0161evi\u0107 y Petar Tur\u010dinovi\u0107.<br \/>\nEn esa \u00e9poca se estableci\u00f3 en Cochabamba un orfanato para los hijos de nuestros pobladores, y tambi\u00e9n se construy\u00f3 un cementerio.<br \/>\nDespu\u00e9s de la Segunda Guerra Mundial, la ciudad se convirti\u00f3 en el centro econ\u00f3mico, cultural y pol\u00edtico de Bolivia. Esto atrajo a numerosos croatas de otras partes del pa\u00eds, por lo que podemos llamarlo el centro m\u00e1s grande de unos de la isla de Bra\u010d en Bolivia. Evidentemente, esto tambi\u00e9n se aplicaba a otros, porque despu\u00e9s, de 1982 a 2022, el n\u00famero de habitantes se multiplic\u00f3 por cinco.<br \/>\nLos croatas continuaron comerciando, pero tambi\u00e9n se destac\u00f3 una gran cantidad de intelectuales, ingenieros y profesores. El Consulado Honorario de Yugoslavia tambi\u00e9n operaba en Cochabamba, y el cargo de C\u00f3nsul Honorario lo ocupaba Luka Lav\u010devi\u0107 de Hvar. Posteriormente, en 1996, le sucedi\u00f3 como C\u00f3nsul Honorario de la Rep\u00fablica de Croacia el hotelero Drago Muzevic, y ocup\u00f3 el cargo durante veinte a\u00f1os, es decir, hasta su muerte en 2017.<\/p>\n<p>&nbsp;<\/p>\n<p><img decoding=\"async\" class=\"alignnone wp-image-2803\" src=\"https:\/\/virtualnimuzej.aspira.hr\/wp-content\/uploads\/2022\/08\/Luka-Lavcevic-i-madre-Teresa-300x185.jpg\" alt=\"\" width=\"454\" height=\"280\" srcset=\"https:\/\/virtualnimuzej.aspira.hr\/wp-content\/uploads\/2022\/08\/Luka-Lavcevic-i-madre-Teresa-200x124.jpg 200w, https:\/\/virtualnimuzej.aspira.hr\/wp-content\/uploads\/2022\/08\/Luka-Lavcevic-i-madre-Teresa-300x185.jpg 300w, https:\/\/virtualnimuzej.aspira.hr\/wp-content\/uploads\/2022\/08\/Luka-Lavcevic-i-madre-Teresa-400x247.jpg 400w, https:\/\/virtualnimuzej.aspira.hr\/wp-content\/uploads\/2022\/08\/Luka-Lavcevic-i-madre-Teresa-600x371.jpg 600w, https:\/\/virtualnimuzej.aspira.hr\/wp-content\/uploads\/2022\/08\/Luka-Lavcevic-i-madre-Teresa-768x474.jpg 768w, https:\/\/virtualnimuzej.aspira.hr\/wp-content\/uploads\/2022\/08\/Luka-Lavcevic-i-madre-Teresa.jpg 800w\" sizes=\"(max-width: 454px) 100vw, 454px\" \/>\u00a0 <img decoding=\"async\" class=\"alignnone size-medium wp-image-2806\" src=\"https:\/\/virtualnimuzej.aspira.hr\/wp-content\/uploads\/2022\/08\/Luka-Lavcevic-i-unuka-Moira-300x281.jpg\" alt=\"\" width=\"300\" height=\"281\" srcset=\"https:\/\/virtualnimuzej.aspira.hr\/wp-content\/uploads\/2022\/08\/Luka-Lavcevic-i-unuka-Moira-200x187.jpg 200w, https:\/\/virtualnimuzej.aspira.hr\/wp-content\/uploads\/2022\/08\/Luka-Lavcevic-i-unuka-Moira-300x281.jpg 300w, https:\/\/virtualnimuzej.aspira.hr\/wp-content\/uploads\/2022\/08\/Luka-Lavcevic-i-unuka-Moira-400x374.jpg 400w, https:\/\/virtualnimuzej.aspira.hr\/wp-content\/uploads\/2022\/08\/Luka-Lavcevic-i-unuka-Moira-600x561.jpg 600w, https:\/\/virtualnimuzej.aspira.hr\/wp-content\/uploads\/2022\/08\/Luka-Lavcevic-i-unuka-Moira-768x718.jpg 768w, https:\/\/virtualnimuzej.aspira.hr\/wp-content\/uploads\/2022\/08\/Luka-Lavcevic-i-unuka-Moira.jpg 800w\" sizes=\"(max-width: 300px) 100vw, 300px\" \/><\/p>\n<p>Luka Lav\u010devi\u0107 con la Madre teresa y su nieta Moira<\/p>\n<p>&nbsp;<\/p>\n<p><img decoding=\"async\" class=\"alignnone size-medium wp-image-3498\" src=\"https:\/\/virtualnimuzej.aspira.hr\/wp-content\/uploads\/2022\/08\/20220912_141357-225x300.jpg\" alt=\"\" width=\"225\" height=\"300\" srcset=\"https:\/\/virtualnimuzej.aspira.hr\/wp-content\/uploads\/2022\/08\/20220912_141357-200x267.jpg 200w, https:\/\/virtualnimuzej.aspira.hr\/wp-content\/uploads\/2022\/08\/20220912_141357-225x300.jpg 225w, https:\/\/virtualnimuzej.aspira.hr\/wp-content\/uploads\/2022\/08\/20220912_141357-400x533.jpg 400w, https:\/\/virtualnimuzej.aspira.hr\/wp-content\/uploads\/2022\/08\/20220912_141357.jpg 600w\" sizes=\"(max-width: 225px) 100vw, 225px\" \/>\u00a0 \u00a0 <img decoding=\"async\" class=\"alignnone size-medium wp-image-3501\" src=\"https:\/\/virtualnimuzej.aspira.hr\/wp-content\/uploads\/2022\/08\/20220912_141429-225x300.jpg\" alt=\"\" width=\"225\" height=\"300\" srcset=\"https:\/\/virtualnimuzej.aspira.hr\/wp-content\/uploads\/2022\/08\/20220912_141429-200x267.jpg 200w, https:\/\/virtualnimuzej.aspira.hr\/wp-content\/uploads\/2022\/08\/20220912_141429-225x300.jpg 225w, https:\/\/virtualnimuzej.aspira.hr\/wp-content\/uploads\/2022\/08\/20220912_141429-400x533.jpg 400w, https:\/\/virtualnimuzej.aspira.hr\/wp-content\/uploads\/2022\/08\/20220912_141429.jpg 600w\" sizes=\"(max-width: 225px) 100vw, 225px\" \/><\/p>\n<p><img decoding=\"async\" class=\"alignnone wp-image-3504\" src=\"https:\/\/virtualnimuzej.aspira.hr\/wp-content\/uploads\/2022\/08\/20220912_141340-300x225.jpg\" alt=\"\" width=\"465\" height=\"349\" srcset=\"https:\/\/virtualnimuzej.aspira.hr\/wp-content\/uploads\/2022\/08\/20220912_141340-200x150.jpg 200w, https:\/\/virtualnimuzej.aspira.hr\/wp-content\/uploads\/2022\/08\/20220912_141340-300x225.jpg 300w, https:\/\/virtualnimuzej.aspira.hr\/wp-content\/uploads\/2022\/08\/20220912_141340-400x300.jpg 400w, https:\/\/virtualnimuzej.aspira.hr\/wp-content\/uploads\/2022\/08\/20220912_141340-600x450.jpg 600w, https:\/\/virtualnimuzej.aspira.hr\/wp-content\/uploads\/2022\/08\/20220912_141340-768x576.jpg 768w, https:\/\/virtualnimuzej.aspira.hr\/wp-content\/uploads\/2022\/08\/20220912_141340.jpg 800w\" sizes=\"(max-width: 465px) 100vw, 465px\" \/><\/p>\n<p>Luka y Jenny Lav\u010devi\u0107 visitando Croacia por la primera vez, para el despues de 24 anos.<\/p>\n<p>&nbsp;<\/p>\n<p><img decoding=\"async\" class=\"alignnone  wp-image-5128\" src=\"https:\/\/virtualnimuzej.aspira.hr\/wp-content\/uploads\/2022\/08\/20220907_171136-246x300.jpg\" alt=\"\" width=\"301\" height=\"367\" srcset=\"https:\/\/virtualnimuzej.aspira.hr\/wp-content\/uploads\/2022\/08\/20220907_171136-200x244.jpg 200w, https:\/\/virtualnimuzej.aspira.hr\/wp-content\/uploads\/2022\/08\/20220907_171136-246x300.jpg 246w, https:\/\/virtualnimuzej.aspira.hr\/wp-content\/uploads\/2022\/08\/20220907_171136-400x488.jpg 400w, https:\/\/virtualnimuzej.aspira.hr\/wp-content\/uploads\/2022\/08\/20220907_171136-600x732.jpg 600w, https:\/\/virtualnimuzej.aspira.hr\/wp-content\/uploads\/2022\/08\/20220907_171136.jpg 656w\" sizes=\"(max-width: 301px) 100vw, 301px\" \/><\/p>\n<p>&nbsp;<\/p>\n<p><img decoding=\"async\" class=\"alignnone size-medium wp-image-3513\" src=\"https:\/\/virtualnimuzej.aspira.hr\/wp-content\/uploads\/2022\/08\/20220912_144450-300x116.jpg\" alt=\"\" width=\"300\" height=\"116\" srcset=\"https:\/\/virtualnimuzej.aspira.hr\/wp-content\/uploads\/2022\/08\/20220912_144450-200x77.jpg 200w, https:\/\/virtualnimuzej.aspira.hr\/wp-content\/uploads\/2022\/08\/20220912_144450-300x116.jpg 300w, https:\/\/virtualnimuzej.aspira.hr\/wp-content\/uploads\/2022\/08\/20220912_144450-400x154.jpg 400w, https:\/\/virtualnimuzej.aspira.hr\/wp-content\/uploads\/2022\/08\/20220912_144450-600x232.jpg 600w, https:\/\/virtualnimuzej.aspira.hr\/wp-content\/uploads\/2022\/08\/20220912_144450-768x296.jpg 768w, https:\/\/virtualnimuzej.aspira.hr\/wp-content\/uploads\/2022\/08\/20220912_144450.jpg 785w\" sizes=\"(max-width: 300px) 100vw, 300px\" \/><\/p>\n<p>&nbsp;<\/p>\n<p>Branka Bezi\u0107 Filipovi\u0107<\/p>\n","protected":false},"excerpt":{"rendered":"<p>&nbsp; Cochabamba es una ciudad fundada en el siglo XVI y ubicada en un f\u00e9rtil valle de los Andes a 2.558 metros sobre el nivel del mar, con una poblaci\u00f3n [&hellip;]<\/p>\n","protected":false},"author":1,"featured_media":2791,"comment_status":"open","ping_status":"open","sticky":false,"template":"","format":"standard","meta":{"footnotes":""},"categories":[76],"tags":[],"class_list":["post-2798","post","type-post","status-publish","format-standard","has-post-thumbnail","hentry","category-bolivia-es"],"yoast_head":"<!-- This site is optimized with the Yoast SEO plugin v20.7 - https:\/\/yoast.com\/wordpress\/plugins\/seo\/ -->\n<title>Croatas de Cochabamba - Aspira Virtualni Muzej iseljeni\u0161tva Dalmacije<\/title>\n<meta name=\"robots\" content=\"index, follow, max-snippet:-1, max-image-preview:large, max-video-preview:-1\" \/>\n<link rel=\"canonical\" href=\"https:\/\/virtualnimuzej.aspira.hr\/es\/croatas-de-cochabamba\/\" \/>\n<meta property=\"og:locale\" content=\"es_ES\" \/>\n<meta property=\"og:type\" content=\"article\" \/>\n<meta property=\"og:title\" content=\"Croatas de Cochabamba - Aspira Virtualni Muzej iseljeni\u0161tva Dalmacije\" \/>\n<meta property=\"og:description\" content=\"&nbsp; Cochabamba es una ciudad fundada en el siglo XVI y ubicada en un f\u00e9rtil valle de los Andes a 2.558 metros sobre el nivel del mar, con una poblaci\u00f3n [&hellip;]\" \/>\n<meta property=\"og:url\" content=\"https:\/\/virtualnimuzej.aspira.hr\/es\/croatas-de-cochabamba\/\" \/>\n<meta property=\"og:site_name\" content=\"Aspira Virtualni Muzej iseljeni\u0161tva Dalmacije\" \/>\n<meta property=\"article:published_time\" content=\"2022-08-28T16:26:54+00:00\" \/>\n<meta property=\"article:modified_time\" content=\"2022-09-27T13:55:20+00:00\" \/>\n<meta property=\"og:image\" content=\"https:\/\/virtualnimuzej.aspira.hr\/wp-content\/uploads\/2022\/08\/cochabamba.jpg\" \/>\n\t<meta property=\"og:image:width\" content=\"200\" \/>\n\t<meta property=\"og:image:height\" content=\"223\" \/>\n\t<meta property=\"og:image:type\" content=\"image\/jpeg\" \/>\n<meta name=\"author\" content=\"VmuzejAspira\" \/>\n<meta name=\"twitter:card\" content=\"summary_large_image\" \/>\n<meta name=\"twitter:label1\" content=\"Escrito por\" \/>\n\t<meta name=\"twitter:data1\" content=\"VmuzejAspira\" \/>\n\t<meta name=\"twitter:label2\" content=\"Tiempo de lectura\" \/>\n\t<meta name=\"twitter:data2\" content=\"4 minutos\" \/>\n<script type=\"application\/ld+json\" class=\"yoast-schema-graph\">{\"@context\":\"https:\/\/schema.org\",\"@graph\":[{\"@type\":\"WebPage\",\"@id\":\"https:\/\/virtualnimuzej.aspira.hr\/es\/croatas-de-cochabamba\/\",\"url\":\"https:\/\/virtualnimuzej.aspira.hr\/es\/croatas-de-cochabamba\/\",\"name\":\"Croatas de Cochabamba - Aspira Virtualni Muzej iseljeni\u0161tva Dalmacije\",\"isPartOf\":{\"@id\":\"https:\/\/virtualnimuzej.aspira.hr\/#website\"},\"datePublished\":\"2022-08-28T16:26:54+00:00\",\"dateModified\":\"2022-09-27T13:55:20+00:00\",\"author\":{\"@id\":\"https:\/\/virtualnimuzej.aspira.hr\/#\/schema\/person\/8b28048370e78968988c04d6f1ba104d\"},\"breadcrumb\":{\"@id\":\"https:\/\/virtualnimuzej.aspira.hr\/es\/croatas-de-cochabamba\/#breadcrumb\"},\"inLanguage\":\"es\",\"potentialAction\":[{\"@type\":\"ReadAction\",\"target\":[\"https:\/\/virtualnimuzej.aspira.hr\/es\/croatas-de-cochabamba\/\"]}]},{\"@type\":\"BreadcrumbList\",\"@id\":\"https:\/\/virtualnimuzej.aspira.hr\/es\/croatas-de-cochabamba\/#breadcrumb\",\"itemListElement\":[{\"@type\":\"ListItem\",\"position\":1,\"name\":\"Naslovna\",\"item\":\"https:\/\/virtualnimuzej.aspira.hr\/es\/\"},{\"@type\":\"ListItem\",\"position\":2,\"name\":\"Croatas de Cochabamba\"}]},{\"@type\":\"WebSite\",\"@id\":\"https:\/\/virtualnimuzej.aspira.hr\/#website\",\"url\":\"https:\/\/virtualnimuzej.aspira.hr\/\",\"name\":\"Aspira Virtualni Muzej iseljeni\u0161tva Dalmacije\",\"description\":\"Muzej iseljeni\u0161tva je zami\u0161ljen kao mjesto skupljanja i prezentacije gra\u0111e o hrvatskom iseljeni\u0161tvu i povijesti iseljavanja koja nikada nije bila dovoljno istra\u017eena.\",\"potentialAction\":[{\"@type\":\"SearchAction\",\"target\":{\"@type\":\"EntryPoint\",\"urlTemplate\":\"https:\/\/virtualnimuzej.aspira.hr\/?s={search_term_string}\"},\"query-input\":\"required name=search_term_string\"}],\"inLanguage\":\"es\"},{\"@type\":\"Person\",\"@id\":\"https:\/\/virtualnimuzej.aspira.hr\/#\/schema\/person\/8b28048370e78968988c04d6f1ba104d\",\"name\":\"VmuzejAspira\",\"image\":{\"@type\":\"ImageObject\",\"inLanguage\":\"es\",\"@id\":\"https:\/\/virtualnimuzej.aspira.hr\/#\/schema\/person\/image\/\",\"url\":\"https:\/\/secure.gravatar.com\/avatar\/cfa7124a34eec5233efffe1e8fb23c18bb83abdb6129e8f47c9144109613a228?s=96&d=mm&r=g\",\"contentUrl\":\"https:\/\/secure.gravatar.com\/avatar\/cfa7124a34eec5233efffe1e8fb23c18bb83abdb6129e8f47c9144109613a228?s=96&d=mm&r=g\",\"caption\":\"VmuzejAspira\"},\"sameAs\":[\"http:\/\/virtualnimuzej.aspira.hr\"],\"url\":\"https:\/\/virtualnimuzej.aspira.hr\/es\/author\/vmuzejaspira\/\"}]}<\/script>\n<!-- \/ Yoast SEO plugin. -->","yoast_head_json":{"title":"Croatas de Cochabamba - Aspira Virtualni Muzej iseljeni\u0161tva Dalmacije","robots":{"index":"index","follow":"follow","max-snippet":"max-snippet:-1","max-image-preview":"max-image-preview:large","max-video-preview":"max-video-preview:-1"},"canonical":"https:\/\/virtualnimuzej.aspira.hr\/es\/croatas-de-cochabamba\/","og_locale":"es_ES","og_type":"article","og_title":"Croatas de Cochabamba - Aspira Virtualni Muzej iseljeni\u0161tva Dalmacije","og_description":"&nbsp; Cochabamba es una ciudad fundada en el siglo XVI y ubicada en un f\u00e9rtil valle de los Andes a 2.558 metros sobre el nivel del mar, con una poblaci\u00f3n [&hellip;]","og_url":"https:\/\/virtualnimuzej.aspira.hr\/es\/croatas-de-cochabamba\/","og_site_name":"Aspira Virtualni Muzej iseljeni\u0161tva Dalmacije","article_published_time":"2022-08-28T16:26:54+00:00","article_modified_time":"2022-09-27T13:55:20+00:00","og_image":[{"width":200,"height":223,"url":"https:\/\/virtualnimuzej.aspira.hr\/wp-content\/uploads\/2022\/08\/cochabamba.jpg","type":"image\/jpeg"}],"author":"VmuzejAspira","twitter_card":"summary_large_image","twitter_misc":{"Escrito por":"VmuzejAspira","Tiempo de lectura":"4 minutos"},"schema":{"@context":"https:\/\/schema.org","@graph":[{"@type":"WebPage","@id":"https:\/\/virtualnimuzej.aspira.hr\/es\/croatas-de-cochabamba\/","url":"https:\/\/virtualnimuzej.aspira.hr\/es\/croatas-de-cochabamba\/","name":"Croatas de Cochabamba - Aspira Virtualni Muzej iseljeni\u0161tva Dalmacije","isPartOf":{"@id":"https:\/\/virtualnimuzej.aspira.hr\/#website"},"datePublished":"2022-08-28T16:26:54+00:00","dateModified":"2022-09-27T13:55:20+00:00","author":{"@id":"https:\/\/virtualnimuzej.aspira.hr\/#\/schema\/person\/8b28048370e78968988c04d6f1ba104d"},"breadcrumb":{"@id":"https:\/\/virtualnimuzej.aspira.hr\/es\/croatas-de-cochabamba\/#breadcrumb"},"inLanguage":"es","potentialAction":[{"@type":"ReadAction","target":["https:\/\/virtualnimuzej.aspira.hr\/es\/croatas-de-cochabamba\/"]}]},{"@type":"BreadcrumbList","@id":"https:\/\/virtualnimuzej.aspira.hr\/es\/croatas-de-cochabamba\/#breadcrumb","itemListElement":[{"@type":"ListItem","position":1,"name":"Naslovna","item":"https:\/\/virtualnimuzej.aspira.hr\/es\/"},{"@type":"ListItem","position":2,"name":"Croatas de Cochabamba"}]},{"@type":"WebSite","@id":"https:\/\/virtualnimuzej.aspira.hr\/#website","url":"https:\/\/virtualnimuzej.aspira.hr\/","name":"Aspira Virtualni Muzej iseljeni\u0161tva Dalmacije","description":"Muzej iseljeni\u0161tva je zami\u0161ljen kao mjesto skupljanja i prezentacije gra\u0111e o hrvatskom iseljeni\u0161tvu i povijesti iseljavanja koja nikada nije bila dovoljno istra\u017eena.","potentialAction":[{"@type":"SearchAction","target":{"@type":"EntryPoint","urlTemplate":"https:\/\/virtualnimuzej.aspira.hr\/?s={search_term_string}"},"query-input":"required name=search_term_string"}],"inLanguage":"es"},{"@type":"Person","@id":"https:\/\/virtualnimuzej.aspira.hr\/#\/schema\/person\/8b28048370e78968988c04d6f1ba104d","name":"VmuzejAspira","image":{"@type":"ImageObject","inLanguage":"es","@id":"https:\/\/virtualnimuzej.aspira.hr\/#\/schema\/person\/image\/","url":"https:\/\/secure.gravatar.com\/avatar\/cfa7124a34eec5233efffe1e8fb23c18bb83abdb6129e8f47c9144109613a228?s=96&d=mm&r=g","contentUrl":"https:\/\/secure.gravatar.com\/avatar\/cfa7124a34eec5233efffe1e8fb23c18bb83abdb6129e8f47c9144109613a228?s=96&d=mm&r=g","caption":"VmuzejAspira"},"sameAs":["http:\/\/virtualnimuzej.aspira.hr"],"url":"https:\/\/virtualnimuzej.aspira.hr\/es\/author\/vmuzejaspira\/"}]}},"_links":{"self":[{"href":"https:\/\/virtualnimuzej.aspira.hr\/es\/wp-json\/wp\/v2\/posts\/2798","targetHints":{"allow":["GET"]}}],"collection":[{"href":"https:\/\/virtualnimuzej.aspira.hr\/es\/wp-json\/wp\/v2\/posts"}],"about":[{"href":"https:\/\/virtualnimuzej.aspira.hr\/es\/wp-json\/wp\/v2\/types\/post"}],"author":[{"embeddable":true,"href":"https:\/\/virtualnimuzej.aspira.hr\/es\/wp-json\/wp\/v2\/users\/1"}],"replies":[{"embeddable":true,"href":"https:\/\/virtualnimuzej.aspira.hr\/es\/wp-json\/wp\/v2\/comments?post=2798"}],"version-history":[{"count":5,"href":"https:\/\/virtualnimuzej.aspira.hr\/es\/wp-json\/wp\/v2\/posts\/2798\/revisions"}],"predecessor-version":[{"id":5131,"href":"https:\/\/virtualnimuzej.aspira.hr\/es\/wp-json\/wp\/v2\/posts\/2798\/revisions\/5131"}],"wp:featuredmedia":[{"embeddable":true,"href":"https:\/\/virtualnimuzej.aspira.hr\/es\/wp-json\/wp\/v2\/media\/2791"}],"wp:attachment":[{"href":"https:\/\/virtualnimuzej.aspira.hr\/es\/wp-json\/wp\/v2\/media?parent=2798"}],"wp:term":[{"taxonomy":"category","embeddable":true,"href":"https:\/\/virtualnimuzej.aspira.hr\/es\/wp-json\/wp\/v2\/categories?post=2798"},{"taxonomy":"post_tag","embeddable":true,"href":"https:\/\/virtualnimuzej.aspira.hr\/es\/wp-json\/wp\/v2\/tags?post=2798"}],"curies":[{"name":"wp","href":"https:\/\/api.w.org\/{rel}","templated":true}]}}