{"id":2854,"date":"2022-08-28T20:57:10","date_gmt":"2022-08-28T18:57:10","guid":{"rendered":"https:\/\/virtualnimuzej.aspira.hr\/?p=2854"},"modified":"2022-08-28T20:57:10","modified_gmt":"2022-08-28T18:57:10","slug":"potosi","status":"publish","type":"post","link":"https:\/\/virtualnimuzej.aspira.hr\/es\/potosi\/","title":{"rendered":"Potosi"},"content":{"rendered":"<p>Potos\u00ed se encuentra a 4090 metros sobre el nivel del mar y se encuentra entre las ciudades m\u00e1s altas del mundo. Fue fundada por los espa\u00f1oles en el siglo XVI porque all\u00ed acu\u00f1aban moneda de plata, que explotaban desde el Cerro Rico. Es el hogar de alrededor de 170.000 habitantes en la actualidad, y debido a su belleza ha sido incluido en la Lista del Patrimonio Mundial de la UNESCO.<br \/>\nEl primer residente de la isla de Bra\u010d lleg\u00f3 a Potos\u00ed en 1892. Era el comerciante Andrija Ko\u017euli\u0107, Ivanov, nacido en Milna en 1865.<br \/>\nLos hermanos Ivanovi\u0107 de Antofagasta fundaron su rama comercial en Potos\u00ed y nombraron a Ivan Vladislavi\u0107 como su jefe. Despu\u00e9s de que su hermano Jerko viniera a \u00e9l desde Bra\u010d, Ivan Vladislavi\u0107 compr\u00f3 la sucursal y fund\u00f3 la empresa \u00abBra\u0107a Vladislavi\u0107\u00bb (Hermanos Vladislavic). Ivan muri\u00f3 en 1903 y Jerko continu\u00f3 y expandi\u00f3 el negocio. Construy\u00f3 el primer cuadro el\u00e9ctrico en 1910 y fue el primero en introducir el servicio telef\u00f3nico en Potos\u00ed. Tambi\u00e9n tuvo una f\u00e1brica de velas y jabones, ya pesar de la crisis econ\u00f3mica mantuvo el negocio hasta la Segunda Guerra Mundial.<br \/>\nUna de las empresas comerciales m\u00e1s grandes de Potos\u00ed era propiedad de los hermanos Matija\u0161evi\u0107 de Sutivan, fundada en 1906, donde produc\u00edan velas de sebo. Era un buen negocio porque el queroseno era caro. Importaron sebo del sur de Chile.<br \/>\nHab\u00eda otros comerciantes en Potos\u00ed, como Karlo Drpi\u0107, Maks \u0160tambuk, Pavle Ivanovi\u0107, Petar Vladislavi\u0107, Antun Kirigin, Toma Vidovi\u0107, Vicko Mari\u0161evi\u0107 y los hermanos \u0160oljan\u010di\u0107. Algunos eran propietarios de minas como Andrija Ivanovi\u0107, Jakov Zen\u010di\u0107, Antun Kirigin, Toma Vidovi\u0107 y Marko Ugrinovi\u0107.<br \/>\nEl mejor hotel de Potos\u00ed llamado \u00abLondres\u00bb fue primero propiedad de Mate Bona\u010di\u0107 de Milna, y luego a partir de 1935 de Marko Salamunovi\u0107 de Postira.<br \/>\nLuis Luk\u0161i\u0107, poeta, pintor y titiritero, naci\u00f3 en Potos\u00ed en 1911. Sus padres proced\u00edan de Sutivan. En 1929, Luk\u0161i\u0107 viaj\u00f3 a Chile y en Santiago, luego de matricularse en medicina, conoci\u00f3 al pintor Roko Matja\u0161i\u0107, quien realiz\u00f3 un excelente retrato de \u00e9l. Viajaron juntos por Chile, pintaron y organizaron exposiciones, y se integraron a los c\u00edrculos art\u00edsticos e intelectuales chilenos. Luk\u0161i\u0107 regres\u00f3 a Bolivia y se uni\u00f3 al movimiento de izquierda progresista. Se dedic\u00f3 al arte de los t\u00edteres y escribi\u00f3 el libro \u00abEl maravilloso mundo de los t\u00edteres\u00bb que fue conocido en todo el mundo. Despu\u00e9s de la Segunda Guerra Mundial, se fue a vivir a Venezuela, donde se convirti\u00f3 en el iniciador de la pintura infantil y se convirti\u00f3 en profesor de la Escuela de Teatro del Estado.<\/p>\n<p>Branka Bezi\u0107 Filipovi\u0107<\/p>\n","protected":false},"excerpt":{"rendered":"<p>Potos\u00ed se encuentra a 4090 metros sobre el nivel del mar y se encuentra entre las ciudades m\u00e1s altas del mundo. Fue fundada por los espa\u00f1oles en el siglo XVI [&hellip;]<\/p>\n","protected":false},"author":1,"featured_media":2850,"comment_status":"open","ping_status":"open","sticky":false,"template":"","format":"standard","meta":{"footnotes":""},"categories":[76],"tags":[],"class_list":["post-2854","post","type-post","status-publish","format-standard","has-post-thumbnail","hentry","category-bolivia-es"],"yoast_head":"<!-- This site is optimized with the Yoast SEO plugin v20.7 - https:\/\/yoast.com\/wordpress\/plugins\/seo\/ -->\n<title>Potosi - Aspira Virtualni Muzej iseljeni\u0161tva Dalmacije<\/title>\n<meta name=\"robots\" content=\"index, follow, max-snippet:-1, max-image-preview:large, max-video-preview:-1\" \/>\n<link rel=\"canonical\" href=\"https:\/\/virtualnimuzej.aspira.hr\/es\/potosi\/\" \/>\n<meta property=\"og:locale\" content=\"es_ES\" \/>\n<meta property=\"og:type\" content=\"article\" \/>\n<meta property=\"og:title\" content=\"Potosi - Aspira Virtualni Muzej iseljeni\u0161tva Dalmacije\" \/>\n<meta property=\"og:description\" content=\"Potos\u00ed se encuentra a 4090 metros sobre el nivel del mar y se encuentra entre las ciudades m\u00e1s altas del mundo. Fue fundada por los espa\u00f1oles en el siglo XVI [&hellip;]\" \/>\n<meta property=\"og:url\" content=\"https:\/\/virtualnimuzej.aspira.hr\/es\/potosi\/\" \/>\n<meta property=\"og:site_name\" content=\"Aspira Virtualni Muzej iseljeni\u0161tva Dalmacije\" \/>\n<meta property=\"article:published_time\" content=\"2022-08-28T18:57:10+00:00\" \/>\n<meta property=\"og:image\" content=\"https:\/\/virtualnimuzej.aspira.hr\/wp-content\/uploads\/2022\/08\/download-1-1.jpg\" \/>\n\t<meta property=\"og:image:width\" content=\"400\" \/>\n\t<meta property=\"og:image:height\" content=\"266\" \/>\n\t<meta property=\"og:image:type\" content=\"image\/jpeg\" \/>\n<meta name=\"author\" content=\"VmuzejAspira\" \/>\n<meta name=\"twitter:card\" content=\"summary_large_image\" \/>\n<meta name=\"twitter:label1\" content=\"Escrito por\" \/>\n\t<meta name=\"twitter:data1\" content=\"VmuzejAspira\" \/>\n\t<meta name=\"twitter:label2\" content=\"Tiempo de lectura\" \/>\n\t<meta name=\"twitter:data2\" content=\"3 minutos\" \/>\n<script type=\"application\/ld+json\" class=\"yoast-schema-graph\">{\"@context\":\"https:\/\/schema.org\",\"@graph\":[{\"@type\":\"WebPage\",\"@id\":\"https:\/\/virtualnimuzej.aspira.hr\/es\/potosi\/\",\"url\":\"https:\/\/virtualnimuzej.aspira.hr\/es\/potosi\/\",\"name\":\"Potosi - Aspira Virtualni Muzej iseljeni\u0161tva Dalmacije\",\"isPartOf\":{\"@id\":\"https:\/\/virtualnimuzej.aspira.hr\/#website\"},\"datePublished\":\"2022-08-28T18:57:10+00:00\",\"dateModified\":\"2022-08-28T18:57:10+00:00\",\"author\":{\"@id\":\"https:\/\/virtualnimuzej.aspira.hr\/#\/schema\/person\/8b28048370e78968988c04d6f1ba104d\"},\"breadcrumb\":{\"@id\":\"https:\/\/virtualnimuzej.aspira.hr\/es\/potosi\/#breadcrumb\"},\"inLanguage\":\"es\",\"potentialAction\":[{\"@type\":\"ReadAction\",\"target\":[\"https:\/\/virtualnimuzej.aspira.hr\/es\/potosi\/\"]}]},{\"@type\":\"BreadcrumbList\",\"@id\":\"https:\/\/virtualnimuzej.aspira.hr\/es\/potosi\/#breadcrumb\",\"itemListElement\":[{\"@type\":\"ListItem\",\"position\":1,\"name\":\"Naslovna\",\"item\":\"https:\/\/virtualnimuzej.aspira.hr\/es\/\"},{\"@type\":\"ListItem\",\"position\":2,\"name\":\"Potosi\"}]},{\"@type\":\"WebSite\",\"@id\":\"https:\/\/virtualnimuzej.aspira.hr\/#website\",\"url\":\"https:\/\/virtualnimuzej.aspira.hr\/\",\"name\":\"Aspira Virtualni Muzej iseljeni\u0161tva Dalmacije\",\"description\":\"Muzej iseljeni\u0161tva je zami\u0161ljen kao mjesto skupljanja i prezentacije gra\u0111e o hrvatskom iseljeni\u0161tvu i povijesti iseljavanja koja nikada nije bila dovoljno istra\u017eena.\",\"potentialAction\":[{\"@type\":\"SearchAction\",\"target\":{\"@type\":\"EntryPoint\",\"urlTemplate\":\"https:\/\/virtualnimuzej.aspira.hr\/?s={search_term_string}\"},\"query-input\":\"required name=search_term_string\"}],\"inLanguage\":\"es\"},{\"@type\":\"Person\",\"@id\":\"https:\/\/virtualnimuzej.aspira.hr\/#\/schema\/person\/8b28048370e78968988c04d6f1ba104d\",\"name\":\"VmuzejAspira\",\"image\":{\"@type\":\"ImageObject\",\"inLanguage\":\"es\",\"@id\":\"https:\/\/virtualnimuzej.aspira.hr\/#\/schema\/person\/image\/\",\"url\":\"https:\/\/secure.gravatar.com\/avatar\/cfa7124a34eec5233efffe1e8fb23c18bb83abdb6129e8f47c9144109613a228?s=96&d=mm&r=g\",\"contentUrl\":\"https:\/\/secure.gravatar.com\/avatar\/cfa7124a34eec5233efffe1e8fb23c18bb83abdb6129e8f47c9144109613a228?s=96&d=mm&r=g\",\"caption\":\"VmuzejAspira\"},\"sameAs\":[\"http:\/\/virtualnimuzej.aspira.hr\"],\"url\":\"https:\/\/virtualnimuzej.aspira.hr\/es\/author\/vmuzejaspira\/\"}]}<\/script>\n<!-- \/ Yoast SEO plugin. -->","yoast_head_json":{"title":"Potosi - Aspira Virtualni Muzej iseljeni\u0161tva Dalmacije","robots":{"index":"index","follow":"follow","max-snippet":"max-snippet:-1","max-image-preview":"max-image-preview:large","max-video-preview":"max-video-preview:-1"},"canonical":"https:\/\/virtualnimuzej.aspira.hr\/es\/potosi\/","og_locale":"es_ES","og_type":"article","og_title":"Potosi - Aspira Virtualni Muzej iseljeni\u0161tva Dalmacije","og_description":"Potos\u00ed se encuentra a 4090 metros sobre el nivel del mar y se encuentra entre las ciudades m\u00e1s altas del mundo. Fue fundada por los espa\u00f1oles en el siglo XVI [&hellip;]","og_url":"https:\/\/virtualnimuzej.aspira.hr\/es\/potosi\/","og_site_name":"Aspira Virtualni Muzej iseljeni\u0161tva Dalmacije","article_published_time":"2022-08-28T18:57:10+00:00","og_image":[{"width":400,"height":266,"url":"https:\/\/virtualnimuzej.aspira.hr\/wp-content\/uploads\/2022\/08\/download-1-1.jpg","type":"image\/jpeg"}],"author":"VmuzejAspira","twitter_card":"summary_large_image","twitter_misc":{"Escrito por":"VmuzejAspira","Tiempo de lectura":"3 minutos"},"schema":{"@context":"https:\/\/schema.org","@graph":[{"@type":"WebPage","@id":"https:\/\/virtualnimuzej.aspira.hr\/es\/potosi\/","url":"https:\/\/virtualnimuzej.aspira.hr\/es\/potosi\/","name":"Potosi - Aspira Virtualni Muzej iseljeni\u0161tva Dalmacije","isPartOf":{"@id":"https:\/\/virtualnimuzej.aspira.hr\/#website"},"datePublished":"2022-08-28T18:57:10+00:00","dateModified":"2022-08-28T18:57:10+00:00","author":{"@id":"https:\/\/virtualnimuzej.aspira.hr\/#\/schema\/person\/8b28048370e78968988c04d6f1ba104d"},"breadcrumb":{"@id":"https:\/\/virtualnimuzej.aspira.hr\/es\/potosi\/#breadcrumb"},"inLanguage":"es","potentialAction":[{"@type":"ReadAction","target":["https:\/\/virtualnimuzej.aspira.hr\/es\/potosi\/"]}]},{"@type":"BreadcrumbList","@id":"https:\/\/virtualnimuzej.aspira.hr\/es\/potosi\/#breadcrumb","itemListElement":[{"@type":"ListItem","position":1,"name":"Naslovna","item":"https:\/\/virtualnimuzej.aspira.hr\/es\/"},{"@type":"ListItem","position":2,"name":"Potosi"}]},{"@type":"WebSite","@id":"https:\/\/virtualnimuzej.aspira.hr\/#website","url":"https:\/\/virtualnimuzej.aspira.hr\/","name":"Aspira Virtualni Muzej iseljeni\u0161tva Dalmacije","description":"Muzej iseljeni\u0161tva je zami\u0161ljen kao mjesto skupljanja i prezentacije gra\u0111e o hrvatskom iseljeni\u0161tvu i povijesti iseljavanja koja nikada nije bila dovoljno istra\u017eena.","potentialAction":[{"@type":"SearchAction","target":{"@type":"EntryPoint","urlTemplate":"https:\/\/virtualnimuzej.aspira.hr\/?s={search_term_string}"},"query-input":"required name=search_term_string"}],"inLanguage":"es"},{"@type":"Person","@id":"https:\/\/virtualnimuzej.aspira.hr\/#\/schema\/person\/8b28048370e78968988c04d6f1ba104d","name":"VmuzejAspira","image":{"@type":"ImageObject","inLanguage":"es","@id":"https:\/\/virtualnimuzej.aspira.hr\/#\/schema\/person\/image\/","url":"https:\/\/secure.gravatar.com\/avatar\/cfa7124a34eec5233efffe1e8fb23c18bb83abdb6129e8f47c9144109613a228?s=96&d=mm&r=g","contentUrl":"https:\/\/secure.gravatar.com\/avatar\/cfa7124a34eec5233efffe1e8fb23c18bb83abdb6129e8f47c9144109613a228?s=96&d=mm&r=g","caption":"VmuzejAspira"},"sameAs":["http:\/\/virtualnimuzej.aspira.hr"],"url":"https:\/\/virtualnimuzej.aspira.hr\/es\/author\/vmuzejaspira\/"}]}},"_links":{"self":[{"href":"https:\/\/virtualnimuzej.aspira.hr\/es\/wp-json\/wp\/v2\/posts\/2854","targetHints":{"allow":["GET"]}}],"collection":[{"href":"https:\/\/virtualnimuzej.aspira.hr\/es\/wp-json\/wp\/v2\/posts"}],"about":[{"href":"https:\/\/virtualnimuzej.aspira.hr\/es\/wp-json\/wp\/v2\/types\/post"}],"author":[{"embeddable":true,"href":"https:\/\/virtualnimuzej.aspira.hr\/es\/wp-json\/wp\/v2\/users\/1"}],"replies":[{"embeddable":true,"href":"https:\/\/virtualnimuzej.aspira.hr\/es\/wp-json\/wp\/v2\/comments?post=2854"}],"version-history":[{"count":1,"href":"https:\/\/virtualnimuzej.aspira.hr\/es\/wp-json\/wp\/v2\/posts\/2854\/revisions"}],"predecessor-version":[{"id":2855,"href":"https:\/\/virtualnimuzej.aspira.hr\/es\/wp-json\/wp\/v2\/posts\/2854\/revisions\/2855"}],"wp:featuredmedia":[{"embeddable":true,"href":"https:\/\/virtualnimuzej.aspira.hr\/es\/wp-json\/wp\/v2\/media\/2850"}],"wp:attachment":[{"href":"https:\/\/virtualnimuzej.aspira.hr\/es\/wp-json\/wp\/v2\/media?parent=2854"}],"wp:term":[{"taxonomy":"category","embeddable":true,"href":"https:\/\/virtualnimuzej.aspira.hr\/es\/wp-json\/wp\/v2\/categories?post=2854"},{"taxonomy":"post_tag","embeddable":true,"href":"https:\/\/virtualnimuzej.aspira.hr\/es\/wp-json\/wp\/v2\/tags?post=2854"}],"curies":[{"name":"wp","href":"https:\/\/api.w.org\/{rel}","templated":true}]}}