{"id":2884,"date":"2022-08-28T21:38:31","date_gmt":"2022-08-28T19:38:31","guid":{"rendered":"https:\/\/virtualnimuzej.aspira.hr\/?p=2884"},"modified":"2022-08-28T21:42:41","modified_gmt":"2022-08-28T19:42:41","slug":"2884","status":"publish","type":"post","link":"https:\/\/virtualnimuzej.aspira.hr\/es\/2884\/","title":{"rendered":"Oruro"},"content":{"rendered":"<p>Oruro se encuentra en el altiplano de Bolivia, a 3.700 metros sobre el nivel del mar, a medio camino entre Sucre y La Paz, y tiene una poblaci\u00f3n de poco menos de 300.000 habitantes. Oruro es nudo ferroviario y centro de grandes minas, por lo que tambi\u00e9n atrajo a croatas en busca de trabajo. Una gran parte de ellos proced\u00edan de las islas de Vis, Hvar y Bra\u010d despu\u00e9s de 1890. Jakov Sabioncello y Jere Jankovi\u0107 de Nere\u017ei\u0161\u0107a se mencionan entre los primeros residentes de Bra\u010d en Oruro, que llegaron all\u00ed desde la ciudad chilena de Antofagasta. Les siguieron los hermanos Frani\u010devi\u0107, Marko Pavi\u0161i\u0107, Andrija Stipanovi\u0107, Nikola Mladineo, Ivan B. Dubrav\u010di\u0107, Marijan Hara\u0161i\u0107, Juraj Jankovi\u0107, Ivan Gardil\u010di\u0107, Franuli\u0107 y Papi\u0107. En su mayor\u00eda se dedicaban al comercio, por lo que, aunque muchas de estas empresas comerciales colapsaron despu\u00e9s de la Primera Guerra Mundial, en la d\u00e9cada de 1930 todav\u00eda encontramos comerciantes croatas en Oruro. Eran: Marko Bakovi\u0107, Marko Defilipis, A. Nigojevi\u0107, J. Restovi\u0107, los hermanos Marijan e Ivan Hara\u0161i\u0107, la Empresa Hara\u0161i\u0107 y Pavi\u0161i\u0107, Petar Drpi\u0107, Josip Petricio, Juraj Cvitani\u0107, Petar Fornese, Me\u0161trovi\u0107, Nikola Mihai\u0107, Tomo Martini\u0107, \u0160imun Palaver\u0161i\u0107, Juraj e Ivan Papi\u0107, Marijan Franuli\u0107, Mato Acalinivu\u0107, Dinko, Frane, Jerko, Lucija y Marko Bakovi\u0107, Jerka Defilipis, Anton Jutroni\u0107, Vincent Orlandini y \u0160imun Palaver\u0161i\u0107.<\/p>\n<p>Especial menci\u00f3n merece Marko Grubi\u0161i\u0107, ingeniero agr\u00f3nomo, mayorista e industrial, que invent\u00f3 un medicamento para el tratamiento de la tuberculosis y la impotencia. Lo hizo a base de harina y dos plantas medicinales, y lo llam\u00f3 \u00abmedicina andina\u00bb. Lo envi\u00f3 para que lo examinaran a muchos hospitales e institutos estadounidenses, e incluso a Zagreb.<\/p>\n<p>Ivan Lupis Vuki\u0107 visit\u00f3 Bolivia en la d\u00e9cada de 1930, porque vivi\u00f3 un par de a\u00f1os en Buenos Aires. Seg\u00fan sus escritos, la gente de Bra\u010d importaba productos de EE. UU. y Europa, especialmente comida, porcelana y bebidas, y pelinkovac, marrasquino y prosecco de la antigua regi\u00f3n.<br \/>\nAdem\u00e1s del comercio, la gente de Bra\u010d tambi\u00e9n se dedicaba a la miner\u00eda, en la que Ivan Dubrav\u010di\u0107 de Nere\u017ei\u0161\u0107e, copropietario de \u00abThe Bolivian Mine Company\u00bb, que fund\u00f3 con capitalistas de Nueva York, era el l\u00edder. Adem\u00e1s de \u00e9l, hab\u00eda otros empresarios mineros como Pavle Radi\u0107, Ivan Restovi\u0107, Ante Kirigin, Toma Vidovi\u0107, Nikola Vrsalovi\u0107, Vicko Orlandini e Ivan Ostoji\u0107. El dep\u00f3sito de asbesto m\u00e1s grande de Bolivia fue abierto por Antun Ljubeti\u0107 de Sutivan.<\/p>\n<p>Un grupo de colonos, incluidos Santiago (Jakov) Frani\u010devi\u0107, los hermanos Juan (Ivan), Domingo (Nedjeljko) y Francisco (Frane) Garafuli\u0107, Juan (Ivan) Dubrav\u010di\u0107, Marcos Eterovi\u0107, Juan (Ivan) Franjola, Fabian Jeli\u010di\u0107, Andrija Kuko\u010d y Mate Sapunar, fund\u00f3 la primera sociedad en Orur en 1912, que se denomin\u00f3 \u00abSociedad de Socorros Mutuos Eslava\u00bb. Su participaci\u00f3n en la vida social, econ\u00f3mica, cultural y pol\u00edtica de Oruro fue muy influyente, lo cual se evidencia en el hecho de que se dedicaron a numerosas actividades en la industria minera y el comercio. La ferreter\u00eda y los almacenes que administraban, as\u00ed como la famosa f\u00e1brica de chocolate Hara\u0161i\u0107, est\u00e1n entretejidos en la historia econ\u00f3mica de la ciudad y en la construcci\u00f3n de verdaderos imperios.<\/p>\n<p>&nbsp;<\/p>\n<p><img decoding=\"async\" class=\"alignnone size-medium wp-image-2869\" src=\"https:\/\/virtualnimuzej.aspira.hr\/wp-content\/uploads\/2022\/08\/cokolada-Harasic-iz-Orura-1-300x192.jpg\" alt=\"\" width=\"300\" height=\"192\" srcset=\"https:\/\/virtualnimuzej.aspira.hr\/wp-content\/uploads\/2022\/08\/cokolada-Harasic-iz-Orura-1-200x128.jpg 200w, https:\/\/virtualnimuzej.aspira.hr\/wp-content\/uploads\/2022\/08\/cokolada-Harasic-iz-Orura-1-300x192.jpg 300w, https:\/\/virtualnimuzej.aspira.hr\/wp-content\/uploads\/2022\/08\/cokolada-Harasic-iz-Orura-1-400x256.jpg 400w, https:\/\/virtualnimuzej.aspira.hr\/wp-content\/uploads\/2022\/08\/cokolada-Harasic-iz-Orura-1-460x295.jpg 460w, https:\/\/virtualnimuzej.aspira.hr\/wp-content\/uploads\/2022\/08\/cokolada-Harasic-iz-Orura-1-600x383.jpg 600w, https:\/\/virtualnimuzej.aspira.hr\/wp-content\/uploads\/2022\/08\/cokolada-Harasic-iz-Orura-1-768x491.jpg 768w, https:\/\/virtualnimuzej.aspira.hr\/wp-content\/uploads\/2022\/08\/cokolada-Harasic-iz-Orura-1-800x511.jpg 800w, https:\/\/virtualnimuzej.aspira.hr\/wp-content\/uploads\/2022\/08\/cokolada-Harasic-iz-Orura-1-1024x654.jpg 1024w, https:\/\/virtualnimuzej.aspira.hr\/wp-content\/uploads\/2022\/08\/cokolada-Harasic-iz-Orura-1-1200x767.jpg 1200w, https:\/\/virtualnimuzej.aspira.hr\/wp-content\/uploads\/2022\/08\/cokolada-Harasic-iz-Orura-1.jpg 1280w\" sizes=\"(max-width: 300px) 100vw, 300px\" \/>\u00a0 \u00a0 <img decoding=\"async\" class=\"alignnone  wp-image-2872\" src=\"https:\/\/virtualnimuzej.aspira.hr\/wp-content\/uploads\/2022\/08\/omot-cokolade-300x175.jpg\" alt=\"\" width=\"327\" height=\"191\" srcset=\"https:\/\/virtualnimuzej.aspira.hr\/wp-content\/uploads\/2022\/08\/omot-cokolade-200x117.jpg 200w, https:\/\/virtualnimuzej.aspira.hr\/wp-content\/uploads\/2022\/08\/omot-cokolade-300x175.jpg 300w, https:\/\/virtualnimuzej.aspira.hr\/wp-content\/uploads\/2022\/08\/omot-cokolade-400x233.jpg 400w, https:\/\/virtualnimuzej.aspira.hr\/wp-content\/uploads\/2022\/08\/omot-cokolade-600x350.jpg 600w, https:\/\/virtualnimuzej.aspira.hr\/wp-content\/uploads\/2022\/08\/omot-cokolade-768x448.jpg 768w, https:\/\/virtualnimuzej.aspira.hr\/wp-content\/uploads\/2022\/08\/omot-cokolade-800x466.jpg 800w, https:\/\/virtualnimuzej.aspira.hr\/wp-content\/uploads\/2022\/08\/omot-cokolade-1024x597.jpg 1024w, https:\/\/virtualnimuzej.aspira.hr\/wp-content\/uploads\/2022\/08\/omot-cokolade-1200x699.jpg 1200w, https:\/\/virtualnimuzej.aspira.hr\/wp-content\/uploads\/2022\/08\/omot-cokolade.jpg 1280w\" sizes=\"(max-width: 327px) 100vw, 327px\" \/><\/p>\n<p>Primera chocolate boliviana del 1909<\/p>\n<p>&nbsp;<\/p>\n<p>En sus cien a\u00f1os de actividad, la sociedad reuni\u00f3 libros para una peque\u00f1a biblioteca y archivo, y el hecho de que no se perdieran se debe agradecer especialmente al Dr. Gonzalo Nigoevi\u0107 y su hija Danitza. El estatuto y acta de fundaci\u00f3n de la empresa, actas, documentos contables (cuentas, facturas de compra y venta de minerales, balances), correspondencia de la empresa con colegas en Yugoslavia y Chile, documentos de la Cruz Roja y otros materiales de 1912 se han conservado hasta 1985. cuando la sociedad funcionaba. Luego se vendi\u00f3 la propiedad de la empresa y, gracias al Dr. Nigoevi\u0107 y su hija, se salv\u00f3 el archivo y la biblioteca de libros antiguos impresos en idioma croata, que ahora se encuentran en las instalaciones del \u00abClub Social Croata\u00bb.<\/p>\n<p>Despu\u00e9s de la Sociedad de socorros mutuos, en 1914 se fund\u00f3 la empresa de extinci\u00f3n de incendios \u00abBomba Slava N\u00famero 1 de Oruro\u00bb, la tercera en la historia del pa\u00eds. El motivo inmediato fue que el almac\u00e9n de Marcos Bacovic (Bakovi\u0107), un comerciante de telas, harina y abarrotes, se quem\u00f3 en un incendio, y los vecinos no pudieron hacer nada por la falta de agua. Luego, en 1916, se fund\u00f3 una rama de la Defensa Nacional Yugoslava llamada \u00abIvan Ma\u017eurani\u0107\u00bb.<\/p>\n<p>Los croatas en Oruro construyeron un cementerio en 1916, que es uno de los m\u00e1s bellos de Am\u00e9rica del Sur y est\u00e1 bajo la protecci\u00f3n de la UNESCO. Dado que gran parte de los pobladores de esa \u00e9poca eran de la isla de Bra\u010d, sab\u00edan trabajar la piedra, por lo que el cementerio est\u00e1 decorado con mausoleos de m\u00e1rmol y tumbas de una belleza excepcional.<\/p>\n<p>&nbsp;<\/p>\n<p><img decoding=\"async\" class=\"alignnone  wp-image-2875\" src=\"https:\/\/virtualnimuzej.aspira.hr\/wp-content\/uploads\/2022\/08\/Hrvatsko-groblje-Oruro-Bolivija-300x225.jpg\" alt=\"\" width=\"397\" height=\"298\" srcset=\"https:\/\/virtualnimuzej.aspira.hr\/wp-content\/uploads\/2022\/08\/Hrvatsko-groblje-Oruro-Bolivija-200x150.jpg 200w, https:\/\/virtualnimuzej.aspira.hr\/wp-content\/uploads\/2022\/08\/Hrvatsko-groblje-Oruro-Bolivija-300x225.jpg 300w, https:\/\/virtualnimuzej.aspira.hr\/wp-content\/uploads\/2022\/08\/Hrvatsko-groblje-Oruro-Bolivija-400x300.jpg 400w, https:\/\/virtualnimuzej.aspira.hr\/wp-content\/uploads\/2022\/08\/Hrvatsko-groblje-Oruro-Bolivija-600x450.jpg 600w, https:\/\/virtualnimuzej.aspira.hr\/wp-content\/uploads\/2022\/08\/Hrvatsko-groblje-Oruro-Bolivija-768x576.jpg 768w, https:\/\/virtualnimuzej.aspira.hr\/wp-content\/uploads\/2022\/08\/Hrvatsko-groblje-Oruro-Bolivija-800x600.jpg 800w, https:\/\/virtualnimuzej.aspira.hr\/wp-content\/uploads\/2022\/08\/Hrvatsko-groblje-Oruro-Bolivija.jpg 870w\" sizes=\"(max-width: 397px) 100vw, 397px\" \/><\/p>\n<p>Branka Bezi\u0107 Filipovi\u0107<\/p>\n","protected":false},"excerpt":{"rendered":"<p>Oruro se encuentra en el altiplano de Bolivia, a 3.700 metros sobre el nivel del mar, a medio camino entre Sucre y La Paz, y tiene una poblaci\u00f3n de poco [&hellip;]<\/p>\n","protected":false},"author":1,"featured_media":2863,"comment_status":"open","ping_status":"open","sticky":false,"template":"","format":"standard","meta":{"footnotes":""},"categories":[76],"tags":[],"class_list":["post-2884","post","type-post","status-publish","format-standard","has-post-thumbnail","hentry","category-bolivia-es"],"yoast_head":"<!-- This site is optimized with the Yoast SEO plugin v20.7 - https:\/\/yoast.com\/wordpress\/plugins\/seo\/ -->\n<title>Oruro - Aspira Virtualni Muzej iseljeni\u0161tva Dalmacije<\/title>\n<meta name=\"robots\" content=\"index, follow, max-snippet:-1, max-image-preview:large, max-video-preview:-1\" \/>\n<link rel=\"canonical\" href=\"https:\/\/virtualnimuzej.aspira.hr\/es\/2884\/\" \/>\n<meta property=\"og:locale\" content=\"es_ES\" \/>\n<meta property=\"og:type\" content=\"article\" \/>\n<meta property=\"og:title\" content=\"Oruro - Aspira Virtualni Muzej iseljeni\u0161tva Dalmacije\" \/>\n<meta property=\"og:description\" content=\"Oruro se encuentra en el altiplano de Bolivia, a 3.700 metros sobre el nivel del mar, a medio camino entre Sucre y La Paz, y tiene una poblaci\u00f3n de poco [&hellip;]\" \/>\n<meta property=\"og:url\" content=\"https:\/\/virtualnimuzej.aspira.hr\/es\/2884\/\" \/>\n<meta property=\"og:site_name\" content=\"Aspira Virtualni Muzej iseljeni\u0161tva Dalmacije\" \/>\n<meta property=\"article:published_time\" content=\"2022-08-28T19:38:31+00:00\" \/>\n<meta property=\"article:modified_time\" content=\"2022-08-28T19:42:41+00:00\" \/>\n<meta property=\"og:image\" content=\"https:\/\/virtualnimuzej.aspira.hr\/wp-content\/uploads\/2022\/08\/images.jpg\" \/>\n\t<meta property=\"og:image:width\" content=\"300\" \/>\n\t<meta property=\"og:image:height\" content=\"343\" \/>\n\t<meta property=\"og:image:type\" content=\"image\/jpeg\" \/>\n<meta name=\"author\" content=\"VmuzejAspira\" \/>\n<meta name=\"twitter:card\" content=\"summary_large_image\" \/>\n<meta name=\"twitter:label1\" content=\"Escrito por\" \/>\n\t<meta name=\"twitter:data1\" content=\"VmuzejAspira\" \/>\n\t<meta name=\"twitter:label2\" content=\"Tiempo de lectura\" \/>\n\t<meta name=\"twitter:data2\" content=\"5 minutos\" \/>\n<script type=\"application\/ld+json\" class=\"yoast-schema-graph\">{\"@context\":\"https:\/\/schema.org\",\"@graph\":[{\"@type\":\"WebPage\",\"@id\":\"https:\/\/virtualnimuzej.aspira.hr\/es\/2884\/\",\"url\":\"https:\/\/virtualnimuzej.aspira.hr\/es\/2884\/\",\"name\":\"Oruro - Aspira Virtualni Muzej iseljeni\u0161tva Dalmacije\",\"isPartOf\":{\"@id\":\"https:\/\/virtualnimuzej.aspira.hr\/#website\"},\"datePublished\":\"2022-08-28T19:38:31+00:00\",\"dateModified\":\"2022-08-28T19:42:41+00:00\",\"author\":{\"@id\":\"https:\/\/virtualnimuzej.aspira.hr\/#\/schema\/person\/8b28048370e78968988c04d6f1ba104d\"},\"breadcrumb\":{\"@id\":\"https:\/\/virtualnimuzej.aspira.hr\/es\/2884\/#breadcrumb\"},\"inLanguage\":\"es\",\"potentialAction\":[{\"@type\":\"ReadAction\",\"target\":[\"https:\/\/virtualnimuzej.aspira.hr\/es\/2884\/\"]}]},{\"@type\":\"BreadcrumbList\",\"@id\":\"https:\/\/virtualnimuzej.aspira.hr\/es\/2884\/#breadcrumb\",\"itemListElement\":[{\"@type\":\"ListItem\",\"position\":1,\"name\":\"Naslovna\",\"item\":\"https:\/\/virtualnimuzej.aspira.hr\/es\/\"},{\"@type\":\"ListItem\",\"position\":2,\"name\":\"Oruro\"}]},{\"@type\":\"WebSite\",\"@id\":\"https:\/\/virtualnimuzej.aspira.hr\/#website\",\"url\":\"https:\/\/virtualnimuzej.aspira.hr\/\",\"name\":\"Aspira Virtualni Muzej iseljeni\u0161tva Dalmacije\",\"description\":\"Muzej iseljeni\u0161tva je zami\u0161ljen kao mjesto skupljanja i prezentacije gra\u0111e o hrvatskom iseljeni\u0161tvu i povijesti iseljavanja koja nikada nije bila dovoljno istra\u017eena.\",\"potentialAction\":[{\"@type\":\"SearchAction\",\"target\":{\"@type\":\"EntryPoint\",\"urlTemplate\":\"https:\/\/virtualnimuzej.aspira.hr\/?s={search_term_string}\"},\"query-input\":\"required name=search_term_string\"}],\"inLanguage\":\"es\"},{\"@type\":\"Person\",\"@id\":\"https:\/\/virtualnimuzej.aspira.hr\/#\/schema\/person\/8b28048370e78968988c04d6f1ba104d\",\"name\":\"VmuzejAspira\",\"image\":{\"@type\":\"ImageObject\",\"inLanguage\":\"es\",\"@id\":\"https:\/\/virtualnimuzej.aspira.hr\/#\/schema\/person\/image\/\",\"url\":\"https:\/\/secure.gravatar.com\/avatar\/cfa7124a34eec5233efffe1e8fb23c18bb83abdb6129e8f47c9144109613a228?s=96&d=mm&r=g\",\"contentUrl\":\"https:\/\/secure.gravatar.com\/avatar\/cfa7124a34eec5233efffe1e8fb23c18bb83abdb6129e8f47c9144109613a228?s=96&d=mm&r=g\",\"caption\":\"VmuzejAspira\"},\"sameAs\":[\"http:\/\/virtualnimuzej.aspira.hr\"],\"url\":\"https:\/\/virtualnimuzej.aspira.hr\/es\/author\/vmuzejaspira\/\"}]}<\/script>\n<!-- \/ Yoast SEO plugin. -->","yoast_head_json":{"title":"Oruro - Aspira Virtualni Muzej iseljeni\u0161tva Dalmacije","robots":{"index":"index","follow":"follow","max-snippet":"max-snippet:-1","max-image-preview":"max-image-preview:large","max-video-preview":"max-video-preview:-1"},"canonical":"https:\/\/virtualnimuzej.aspira.hr\/es\/2884\/","og_locale":"es_ES","og_type":"article","og_title":"Oruro - Aspira Virtualni Muzej iseljeni\u0161tva Dalmacije","og_description":"Oruro se encuentra en el altiplano de Bolivia, a 3.700 metros sobre el nivel del mar, a medio camino entre Sucre y La Paz, y tiene una poblaci\u00f3n de poco [&hellip;]","og_url":"https:\/\/virtualnimuzej.aspira.hr\/es\/2884\/","og_site_name":"Aspira Virtualni Muzej iseljeni\u0161tva Dalmacije","article_published_time":"2022-08-28T19:38:31+00:00","article_modified_time":"2022-08-28T19:42:41+00:00","og_image":[{"width":300,"height":343,"url":"https:\/\/virtualnimuzej.aspira.hr\/wp-content\/uploads\/2022\/08\/images.jpg","type":"image\/jpeg"}],"author":"VmuzejAspira","twitter_card":"summary_large_image","twitter_misc":{"Escrito por":"VmuzejAspira","Tiempo de lectura":"5 minutos"},"schema":{"@context":"https:\/\/schema.org","@graph":[{"@type":"WebPage","@id":"https:\/\/virtualnimuzej.aspira.hr\/es\/2884\/","url":"https:\/\/virtualnimuzej.aspira.hr\/es\/2884\/","name":"Oruro - Aspira Virtualni Muzej iseljeni\u0161tva Dalmacije","isPartOf":{"@id":"https:\/\/virtualnimuzej.aspira.hr\/#website"},"datePublished":"2022-08-28T19:38:31+00:00","dateModified":"2022-08-28T19:42:41+00:00","author":{"@id":"https:\/\/virtualnimuzej.aspira.hr\/#\/schema\/person\/8b28048370e78968988c04d6f1ba104d"},"breadcrumb":{"@id":"https:\/\/virtualnimuzej.aspira.hr\/es\/2884\/#breadcrumb"},"inLanguage":"es","potentialAction":[{"@type":"ReadAction","target":["https:\/\/virtualnimuzej.aspira.hr\/es\/2884\/"]}]},{"@type":"BreadcrumbList","@id":"https:\/\/virtualnimuzej.aspira.hr\/es\/2884\/#breadcrumb","itemListElement":[{"@type":"ListItem","position":1,"name":"Naslovna","item":"https:\/\/virtualnimuzej.aspira.hr\/es\/"},{"@type":"ListItem","position":2,"name":"Oruro"}]},{"@type":"WebSite","@id":"https:\/\/virtualnimuzej.aspira.hr\/#website","url":"https:\/\/virtualnimuzej.aspira.hr\/","name":"Aspira Virtualni Muzej iseljeni\u0161tva Dalmacije","description":"Muzej iseljeni\u0161tva je zami\u0161ljen kao mjesto skupljanja i prezentacije gra\u0111e o hrvatskom iseljeni\u0161tvu i povijesti iseljavanja koja nikada nije bila dovoljno istra\u017eena.","potentialAction":[{"@type":"SearchAction","target":{"@type":"EntryPoint","urlTemplate":"https:\/\/virtualnimuzej.aspira.hr\/?s={search_term_string}"},"query-input":"required name=search_term_string"}],"inLanguage":"es"},{"@type":"Person","@id":"https:\/\/virtualnimuzej.aspira.hr\/#\/schema\/person\/8b28048370e78968988c04d6f1ba104d","name":"VmuzejAspira","image":{"@type":"ImageObject","inLanguage":"es","@id":"https:\/\/virtualnimuzej.aspira.hr\/#\/schema\/person\/image\/","url":"https:\/\/secure.gravatar.com\/avatar\/cfa7124a34eec5233efffe1e8fb23c18bb83abdb6129e8f47c9144109613a228?s=96&d=mm&r=g","contentUrl":"https:\/\/secure.gravatar.com\/avatar\/cfa7124a34eec5233efffe1e8fb23c18bb83abdb6129e8f47c9144109613a228?s=96&d=mm&r=g","caption":"VmuzejAspira"},"sameAs":["http:\/\/virtualnimuzej.aspira.hr"],"url":"https:\/\/virtualnimuzej.aspira.hr\/es\/author\/vmuzejaspira\/"}]}},"_links":{"self":[{"href":"https:\/\/virtualnimuzej.aspira.hr\/es\/wp-json\/wp\/v2\/posts\/2884","targetHints":{"allow":["GET"]}}],"collection":[{"href":"https:\/\/virtualnimuzej.aspira.hr\/es\/wp-json\/wp\/v2\/posts"}],"about":[{"href":"https:\/\/virtualnimuzej.aspira.hr\/es\/wp-json\/wp\/v2\/types\/post"}],"author":[{"embeddable":true,"href":"https:\/\/virtualnimuzej.aspira.hr\/es\/wp-json\/wp\/v2\/users\/1"}],"replies":[{"embeddable":true,"href":"https:\/\/virtualnimuzej.aspira.hr\/es\/wp-json\/wp\/v2\/comments?post=2884"}],"version-history":[{"count":2,"href":"https:\/\/virtualnimuzej.aspira.hr\/es\/wp-json\/wp\/v2\/posts\/2884\/revisions"}],"predecessor-version":[{"id":2886,"href":"https:\/\/virtualnimuzej.aspira.hr\/es\/wp-json\/wp\/v2\/posts\/2884\/revisions\/2886"}],"wp:featuredmedia":[{"embeddable":true,"href":"https:\/\/virtualnimuzej.aspira.hr\/es\/wp-json\/wp\/v2\/media\/2863"}],"wp:attachment":[{"href":"https:\/\/virtualnimuzej.aspira.hr\/es\/wp-json\/wp\/v2\/media?parent=2884"}],"wp:term":[{"taxonomy":"category","embeddable":true,"href":"https:\/\/virtualnimuzej.aspira.hr\/es\/wp-json\/wp\/v2\/categories?post=2884"},{"taxonomy":"post_tag","embeddable":true,"href":"https:\/\/virtualnimuzej.aspira.hr\/es\/wp-json\/wp\/v2\/tags?post=2884"}],"curies":[{"name":"wp","href":"https:\/\/api.w.org\/{rel}","templated":true}]}}