{"id":3020,"date":"2022-08-29T18:00:10","date_gmt":"2022-08-29T16:00:10","guid":{"rendered":"https:\/\/virtualnimuzej.aspira.hr\/?p=3020"},"modified":"2022-08-29T18:00:10","modified_gmt":"2022-08-29T16:00:10","slug":"santa-cruz-de-la-sierra","status":"publish","type":"post","link":"https:\/\/virtualnimuzej.aspira.hr\/es\/santa-cruz-de-la-sierra\/","title":{"rendered":"Santa Cruz de la Sierra"},"content":{"rendered":"<p>Santa Cruz de la Sierra es la ciudad m\u00e1s grande de Bolivia, con alrededor de 1.900.000 habitantes, y se encuentra a solo 400 metros sobre el nivel del mar, por lo que a diferencia de otras ciudades, no se encuentra en los Andes, pero los Andes se pueden ver desde su calles<br \/>\nLa comunidad croata de Santa Cruz es la m\u00e1s joven del pa\u00eds. Se cree que Mateo Kulji\u0161 de La Paz fue el primero en llegar a esa ciudad en 1945, donde se uni\u00f3 a sus t\u00edos Juri y Stipe en 1938. Kulji\u0161 naci\u00f3 en Vis en la familia de Rada y Katica, de soltera Ili\u0107.<br \/>\nSe dice que amaba el f\u00fatbol, \u200b\u200bespecialmente el \u00abHajduk\u00bb de Split, pero tambi\u00e9n el club local \u00abBlooming\u00bb.<br \/>\nKulji\u0161 abri\u00f3 una zapater\u00eda en Santa Cruz. Su negocio iba bien, por lo que se convirti\u00f3 en propietario de una curtidur\u00eda a la que llam\u00f3 \u00abVis Kulji\u0161\u00bb. Con el tiempo, tambi\u00e9n estableci\u00f3 un servicio m\u00e9dico para sus trabajadores, que se expandi\u00f3 a toda la ciudad. Luego abri\u00f3 una empresa de electrificaci\u00f3n y telecomunicaciones y un banco, que dirigi\u00f3 durante 15 a\u00f1os, y fue nombrado c\u00f3nsul honorario de Yugoslavia en 1964.<br \/>\nHoy, el cargo de c\u00f3nsul honorario de la Rep\u00fablica de Croacia en Santa Cruz de la Sierra lo ocupa Robert Jakubek de Zagreb, quien vino a vivir all\u00ed tras casarse con Jasminka Marinkovi\u0107, y la conoci\u00f3 cuando ella vino a estudiar a Croacia desde su natal Bolivia y eran compa\u00f1eros de la Facultad de Ingenier\u00eda Civil. Sus padres se conocieron de la misma manera, el padre Silvo (nacido en 1926) y la madre Rajko, quien en 1952 se uni\u00f3 a su padre Marinko (nacido en 1904), quien se fue a Bolivia desde Donji Humac en Bra\u010d en 1928. a\u00f1os. Como agr\u00f3nomo, Silvo se convirti\u00f3 en un exitoso propietario de miles de cabezas de ganado.<br \/>\nLos croatas de Santa Cruz se re\u00fanen en torno a dos sacerdotes, en la di\u00f3cesis donde trabaja desde hace m\u00e1s de medio siglo el misionero dominico padre Karlo \u0106avar y en la misi\u00f3n capuchina Minero donde trabaja el misionero capuchino padre Ivica Vrbi\u0107. Ambos celebraron la Santa Misa en la Iglesia del Inmaculado Coraz\u00f3n de Mar\u00eda antes del encuentro de Croatas de Am\u00e9rica del Sur, que se realiz\u00f3 del 28 al 30 de abril de 2016 en Santa Cruz.<br \/>\nEn esa ocasi\u00f3n, se constituy\u00f3 una comisi\u00f3n especial de trabajo para analizar la problem\u00e1tica social y pol\u00edtica de la emigraci\u00f3n croata en Am\u00e9rica del Sur. Los miembros de la comisi\u00f3n fueron: Sandro Zlatar de Per\u00fa, Rosa Simunovic, Kathia Sapunar Pavlov, Pedro Marinov Martinic, Mateo Radnic Franulic, Ljubo Radnic Franulic y Marcial Barbosa Sfarcic de Chile y Drago Muzevic, Visnja Domic, Brayan Nigoevic y Robert Jakubek de Bolivia.<br \/>\nAl final de la reuni\u00f3n, se hicieron las siguientes conclusiones y solicitudes al Gobierno y las instituciones de la Rep\u00fablica de Croacia:<\/p>\n<p>1. Pedimos al Gobierno de la Rep\u00fablica de Croacia que modifique la ley pertinente para que los croatas que viven en el extranjero puedan votar por correo y\/o electr\u00f3nicamente (Internet).<br \/>\n2. Si realmente existe el deseo de incluir a cientos de miles de croatas de la emigraci\u00f3n en la vida pol\u00edtica y social croata, lo cual est\u00e1 garantizado por el art\u00edculo 44 de la Ley de Relaciones de la Rep\u00fablica de Croacia con los croatas fuera de la Rep\u00fablica de Croacia, entonces es necesario para permitirnos que nuestros verdaderos representantes ingresen al Parlamento de la Rep\u00fablica de Croacia.<br \/>\nLos representantes de la di\u00e1spora croata, reunidos en esta reuni\u00f3n, esperan que el Gobierno de la Rep\u00fablica de Croacia nos permita realizar este derecho constitucional, y proponemos que haya dos (2) de nuestros representantes parlamentarios en el Parlamento, uno por Am\u00e9rica. y el otro para Australia, Nueva Zelanda y Sud\u00e1frica.<br \/>\n3. Invitamos a todo el pueblo croata, dentro y fuera de Croacia, a trabajar y velar por los intereses generales de Croacia, as\u00ed como por la preservaci\u00f3n de nuestra Rep\u00fablica de Croacia libre e independiente, unida en armon\u00eda y respeto mutuo.<br \/>\n4. Sugerimos que el Registro de Emigrantes de Croacia establezca una escuela de idioma croata en l\u00ednea y que sea gratuita para todos.<br \/>\n5. Se solicita a las instituciones competentes de la Rep\u00fablica de Croacia que aceleren la resoluci\u00f3n de las solicitudes para adquirir la ciudadan\u00eda croata y que pongan en uso un formulario en l\u00ednea para el seguimiento administrativo del procesamiento de casos que estar\u00eda disponible para los extranjeros.<br \/>\n6. Recomendamos al Registro de Emigrantes de Croacia que establezca un programa de formaci\u00f3n en Croacia para j\u00f3venes de la emigraci\u00f3n que est\u00e9n dispuestos a trabajar y que a su regreso puedan ser l\u00edderes en el entorno del que provienen.<br \/>\n7. Recomendamos al registro de emigrantes croatas que establezca un programa de intercambio de estudiantes entre Croacia y los pa\u00edses de Am\u00e9rica del Sur para que los croatas puedan venir a Am\u00e9rica del Sur, vivir con familias y practicar espa\u00f1ol, pero tambi\u00e9n viceversa para que nuestros hijos vayan a Croacia en el mismo camino.<br \/>\n8. Recomendamos al Ministerio de Educaci\u00f3n que introduzca cupos de matriculaci\u00f3n en las universidades croatas para estudiantes de emigraci\u00f3n, tal como se establece en el art. 60 de la Ley sobre las relaciones de la Rep\u00fablica de Croacia con los croatas fuera de la Rep\u00fablica de Croacia.<br \/>\n9. Recomendamos al Gobierno de la Rep\u00fablica de Croacia y al Ministerio de Asuntos Exteriores y Europeos que se establezca el cargo de agregado para las relaciones con la emigraci\u00f3n croata en las misiones diplom\u00e1ticas de la Rep\u00fablica de Croacia en el mundo, si un gran n\u00famero de los croatas emigrantes viven en el territorio que cubren.<\/p>\n<p>Tales reuniones se han convertido en una tradici\u00f3n con el tiempo. El primero fue organizado en Lima a instancias de Franjo Kurtovich, empresario peruano, y Robert Jakubek, C\u00f3nsul Honorario de la Rep\u00fablica de Croacia en Santa Cruz. La siguiente reuni\u00f3n se celebr\u00f3 en Santiago de Chile y los siguientes en Buenos Aires y Asuncion. El proximo se espera en Montevideo en 2023.<\/p>\n<p>&nbsp;<\/p>\n\n\t\t<style type=\"text\/css\">\n\t\t\t#gallery-1 {\n\t\t\t\tmargin: auto;\n\t\t\t}\n\t\t\t#gallery-1 .gallery-item {\n\t\t\t\tfloat: left;\n\t\t\t\tmargin-top: 10px;\n\t\t\t\ttext-align: center;\n\t\t\t\twidth: 33%;\n\t\t\t}\n\t\t\t#gallery-1 img {\n\t\t\t\tborder: 2px solid #cfcfcf;\n\t\t\t}\n\t\t\t#gallery-1 .gallery-caption {\n\t\t\t\tmargin-left: 0;\n\t\t\t}\n\t\t\t\/* see gallery_shortcode() in wp-includes\/media.php *\/\n\t\t<\/style>\n\t\t<div id='gallery-1' class='gallery galleryid-3020 gallery-columns-3 gallery-size-thumbnail'><dl class='gallery-item'>\n\t\t\t<dt class='gallery-icon landscape'>\n\t\t\t\t<a data-rel=\"iLightbox[postimages]\" data-title=\"IMG_3723\" data-caption=\"\" href='https:\/\/virtualnimuzej.aspira.hr\/es\/img_3723-2\/'><img decoding=\"async\" width=\"150\" height=\"150\" src=\"https:\/\/virtualnimuzej.aspira.hr\/wp-content\/uploads\/2022\/08\/IMG_3723-150x150.jpg\" class=\"attachment-thumbnail size-thumbnail\" alt=\"\" srcset=\"https:\/\/virtualnimuzej.aspira.hr\/wp-content\/uploads\/2022\/08\/IMG_3723-66x66.jpg 66w, https:\/\/virtualnimuzej.aspira.hr\/wp-content\/uploads\/2022\/08\/IMG_3723-150x150.jpg 150w\" sizes=\"(max-width: 150px) 100vw, 150px\" \/><\/a>\n\t\t\t<\/dt><\/dl><dl class='gallery-item'>\n\t\t\t<dt class='gallery-icon landscape'>\n\t\t\t\t<a data-rel=\"iLightbox[postimages]\" data-title=\"IMG_3686\" data-caption=\"\" href='https:\/\/virtualnimuzej.aspira.hr\/es\/img_3686-2\/'><img decoding=\"async\" width=\"150\" height=\"150\" src=\"https:\/\/virtualnimuzej.aspira.hr\/wp-content\/uploads\/2022\/08\/IMG_3686-150x150.jpg\" class=\"attachment-thumbnail size-thumbnail\" alt=\"\" srcset=\"https:\/\/virtualnimuzej.aspira.hr\/wp-content\/uploads\/2022\/08\/IMG_3686-66x66.jpg 66w, https:\/\/virtualnimuzej.aspira.hr\/wp-content\/uploads\/2022\/08\/IMG_3686-150x150.jpg 150w\" sizes=\"(max-width: 150px) 100vw, 150px\" \/><\/a>\n\t\t\t<\/dt><\/dl><dl class='gallery-item'>\n\t\t\t<dt class='gallery-icon portrait'>\n\t\t\t\t<a data-rel=\"iLightbox[postimages]\" data-title=\"IMG_3684\" data-caption=\"\" href='https:\/\/virtualnimuzej.aspira.hr\/es\/img_3684-2\/'><img decoding=\"async\" width=\"150\" height=\"150\" src=\"https:\/\/virtualnimuzej.aspira.hr\/wp-content\/uploads\/2022\/08\/IMG_3684-150x150.jpg\" class=\"attachment-thumbnail size-thumbnail\" alt=\"\" srcset=\"https:\/\/virtualnimuzej.aspira.hr\/wp-content\/uploads\/2022\/08\/IMG_3684-66x66.jpg 66w, https:\/\/virtualnimuzej.aspira.hr\/wp-content\/uploads\/2022\/08\/IMG_3684-150x150.jpg 150w, https:\/\/virtualnimuzej.aspira.hr\/wp-content\/uploads\/2022\/08\/IMG_3684-397x400.jpg 397w\" sizes=\"(max-width: 150px) 100vw, 150px\" \/><\/a>\n\t\t\t<\/dt><\/dl><br style=\"clear: both\" \/><dl class='gallery-item'>\n\t\t\t<dt class='gallery-icon landscape'>\n\t\t\t\t<a data-rel=\"iLightbox[postimages]\" data-title=\"IMG_3678\" data-caption=\"\" href='https:\/\/virtualnimuzej.aspira.hr\/es\/img_3678-2\/'><img decoding=\"async\" width=\"150\" height=\"150\" src=\"https:\/\/virtualnimuzej.aspira.hr\/wp-content\/uploads\/2022\/08\/IMG_3678-150x150.jpg\" class=\"attachment-thumbnail size-thumbnail\" alt=\"\" srcset=\"https:\/\/virtualnimuzej.aspira.hr\/wp-content\/uploads\/2022\/08\/IMG_3678-66x66.jpg 66w, https:\/\/virtualnimuzej.aspira.hr\/wp-content\/uploads\/2022\/08\/IMG_3678-150x150.jpg 150w\" sizes=\"(max-width: 150px) 100vw, 150px\" \/><\/a>\n\t\t\t<\/dt><\/dl><dl class='gallery-item'>\n\t\t\t<dt class='gallery-icon landscape'>\n\t\t\t\t<a data-rel=\"iLightbox[postimages]\" data-title=\"IMG_3658\" data-caption=\"\" href='https:\/\/virtualnimuzej.aspira.hr\/es\/img_3658-2\/'><img decoding=\"async\" width=\"150\" height=\"150\" src=\"https:\/\/virtualnimuzej.aspira.hr\/wp-content\/uploads\/2022\/08\/IMG_3658-150x150.jpg\" class=\"attachment-thumbnail size-thumbnail\" alt=\"\" srcset=\"https:\/\/virtualnimuzej.aspira.hr\/wp-content\/uploads\/2022\/08\/IMG_3658-66x66.jpg 66w, https:\/\/virtualnimuzej.aspira.hr\/wp-content\/uploads\/2022\/08\/IMG_3658-150x150.jpg 150w\" sizes=\"(max-width: 150px) 100vw, 150px\" \/><\/a>\n\t\t\t<\/dt><\/dl><dl class='gallery-item'>\n\t\t\t<dt class='gallery-icon landscape'>\n\t\t\t\t<a data-rel=\"iLightbox[postimages]\" data-title=\"IMG_3645\" data-caption=\"\" href='https:\/\/virtualnimuzej.aspira.hr\/es\/img_3645-2\/'><img decoding=\"async\" width=\"150\" height=\"150\" src=\"https:\/\/virtualnimuzej.aspira.hr\/wp-content\/uploads\/2022\/08\/IMG_3645-150x150.jpg\" class=\"attachment-thumbnail size-thumbnail\" alt=\"\" srcset=\"https:\/\/virtualnimuzej.aspira.hr\/wp-content\/uploads\/2022\/08\/IMG_3645-66x66.jpg 66w, https:\/\/virtualnimuzej.aspira.hr\/wp-content\/uploads\/2022\/08\/IMG_3645-150x150.jpg 150w\" sizes=\"(max-width: 150px) 100vw, 150px\" \/><\/a>\n\t\t\t<\/dt><\/dl><br style=\"clear: both\" \/><dl class='gallery-item'>\n\t\t\t<dt class='gallery-icon landscape'>\n\t\t\t\t<a data-rel=\"iLightbox[postimages]\" data-title=\"IMG_3562\" data-caption=\"\" href='https:\/\/virtualnimuzej.aspira.hr\/es\/img_3562-2\/'><img decoding=\"async\" width=\"150\" height=\"150\" src=\"https:\/\/virtualnimuzej.aspira.hr\/wp-content\/uploads\/2022\/08\/IMG_3562-150x150.jpg\" class=\"attachment-thumbnail size-thumbnail\" alt=\"\" srcset=\"https:\/\/virtualnimuzej.aspira.hr\/wp-content\/uploads\/2022\/08\/IMG_3562-66x66.jpg 66w, https:\/\/virtualnimuzej.aspira.hr\/wp-content\/uploads\/2022\/08\/IMG_3562-150x150.jpg 150w\" sizes=\"(max-width: 150px) 100vw, 150px\" \/><\/a>\n\t\t\t<\/dt><\/dl><dl class='gallery-item'>\n\t\t\t<dt class='gallery-icon landscape'>\n\t\t\t\t<a data-rel=\"iLightbox[postimages]\" data-title=\"IMG_3554\" data-caption=\"\" href='https:\/\/virtualnimuzej.aspira.hr\/es\/img_3554-2\/'><img decoding=\"async\" width=\"150\" height=\"150\" src=\"https:\/\/virtualnimuzej.aspira.hr\/wp-content\/uploads\/2022\/08\/IMG_3554-150x150.jpg\" class=\"attachment-thumbnail size-thumbnail\" alt=\"\" srcset=\"https:\/\/virtualnimuzej.aspira.hr\/wp-content\/uploads\/2022\/08\/IMG_3554-66x66.jpg 66w, https:\/\/virtualnimuzej.aspira.hr\/wp-content\/uploads\/2022\/08\/IMG_3554-150x150.jpg 150w\" sizes=\"(max-width: 150px) 100vw, 150px\" \/><\/a>\n\t\t\t<\/dt><\/dl><dl class='gallery-item'>\n\t\t\t<dt class='gallery-icon landscape'>\n\t\t\t\t<a data-rel=\"iLightbox[postimages]\" data-title=\"IMG_3539\" data-caption=\"\" href='https:\/\/virtualnimuzej.aspira.hr\/es\/img_3539-2\/'><img decoding=\"async\" width=\"150\" height=\"150\" src=\"https:\/\/virtualnimuzej.aspira.hr\/wp-content\/uploads\/2022\/08\/IMG_3539-150x150.jpg\" class=\"attachment-thumbnail size-thumbnail\" alt=\"\" srcset=\"https:\/\/virtualnimuzej.aspira.hr\/wp-content\/uploads\/2022\/08\/IMG_3539-66x66.jpg 66w, https:\/\/virtualnimuzej.aspira.hr\/wp-content\/uploads\/2022\/08\/IMG_3539-150x150.jpg 150w\" sizes=\"(max-width: 150px) 100vw, 150px\" \/><\/a>\n\t\t\t<\/dt><\/dl><br style=\"clear: both\" \/><dl class='gallery-item'>\n\t\t\t<dt class='gallery-icon landscape'>\n\t\t\t\t<a data-rel=\"iLightbox[postimages]\" data-title=\"IMG_3503\" data-caption=\"\" href='https:\/\/virtualnimuzej.aspira.hr\/es\/img_3503-2\/'><img decoding=\"async\" width=\"150\" height=\"150\" src=\"https:\/\/virtualnimuzej.aspira.hr\/wp-content\/uploads\/2022\/08\/IMG_3503-150x150.jpg\" class=\"attachment-thumbnail size-thumbnail\" alt=\"\" srcset=\"https:\/\/virtualnimuzej.aspira.hr\/wp-content\/uploads\/2022\/08\/IMG_3503-66x66.jpg 66w, https:\/\/virtualnimuzej.aspira.hr\/wp-content\/uploads\/2022\/08\/IMG_3503-150x150.jpg 150w\" sizes=\"(max-width: 150px) 100vw, 150px\" \/><\/a>\n\t\t\t<\/dt><\/dl><dl class='gallery-item'>\n\t\t\t<dt class='gallery-icon landscape'>\n\t\t\t\t<a data-rel=\"iLightbox[postimages]\" data-title=\"IMG_3477\" data-caption=\"\" href='https:\/\/virtualnimuzej.aspira.hr\/es\/img_3477-2\/'><img decoding=\"async\" width=\"150\" height=\"150\" src=\"https:\/\/virtualnimuzej.aspira.hr\/wp-content\/uploads\/2022\/08\/IMG_3477-150x150.jpg\" class=\"attachment-thumbnail size-thumbnail\" alt=\"\" srcset=\"https:\/\/virtualnimuzej.aspira.hr\/wp-content\/uploads\/2022\/08\/IMG_3477-66x66.jpg 66w, https:\/\/virtualnimuzej.aspira.hr\/wp-content\/uploads\/2022\/08\/IMG_3477-150x150.jpg 150w\" sizes=\"(max-width: 150px) 100vw, 150px\" \/><\/a>\n\t\t\t<\/dt><\/dl><dl class='gallery-item'>\n\t\t\t<dt class='gallery-icon landscape'>\n\t\t\t\t<a data-rel=\"iLightbox[postimages]\" data-title=\"IMG_2144\" data-caption=\"\" href='https:\/\/virtualnimuzej.aspira.hr\/es\/img_2144-2\/'><img decoding=\"async\" width=\"150\" height=\"150\" src=\"https:\/\/virtualnimuzej.aspira.hr\/wp-content\/uploads\/2022\/08\/IMG_2144-150x150.jpg\" class=\"attachment-thumbnail size-thumbnail\" alt=\"\" srcset=\"https:\/\/virtualnimuzej.aspira.hr\/wp-content\/uploads\/2022\/08\/IMG_2144-66x66.jpg 66w, https:\/\/virtualnimuzej.aspira.hr\/wp-content\/uploads\/2022\/08\/IMG_2144-150x150.jpg 150w\" sizes=\"(max-width: 150px) 100vw, 150px\" \/><\/a>\n\t\t\t<\/dt><\/dl><br style=\"clear: both\" \/>\n\t\t<\/div>\n\n<p>&nbsp;<\/p>\n<p>Branka Bezi\u0107 Filipovi\u0107<\/p>\n","protected":false},"excerpt":{"rendered":"<p>Santa Cruz de la Sierra es la ciudad m\u00e1s grande de Bolivia, con alrededor de 1.900.000 habitantes, y se encuentra a solo 400 metros sobre el nivel del mar, por [&hellip;]<\/p>\n","protected":false},"author":1,"featured_media":3018,"comment_status":"open","ping_status":"open","sticky":false,"template":"","format":"standard","meta":{"footnotes":""},"categories":[76],"tags":[],"class_list":["post-3020","post","type-post","status-publish","format-standard","has-post-thumbnail","hentry","category-bolivia-es"],"yoast_head":"<!-- This site is optimized with the Yoast SEO plugin v20.7 - https:\/\/yoast.com\/wordpress\/plugins\/seo\/ -->\n<title>Santa Cruz de la Sierra - Aspira Virtualni Muzej iseljeni\u0161tva Dalmacije<\/title>\n<meta name=\"robots\" content=\"index, follow, max-snippet:-1, max-image-preview:large, max-video-preview:-1\" \/>\n<link rel=\"canonical\" href=\"https:\/\/virtualnimuzej.aspira.hr\/es\/santa-cruz-de-la-sierra\/\" \/>\n<meta property=\"og:locale\" content=\"es_ES\" \/>\n<meta property=\"og:type\" content=\"article\" \/>\n<meta property=\"og:title\" content=\"Santa Cruz de la Sierra - Aspira Virtualni Muzej iseljeni\u0161tva Dalmacije\" \/>\n<meta property=\"og:description\" content=\"Santa Cruz de la Sierra es la ciudad m\u00e1s grande de Bolivia, con alrededor de 1.900.000 habitantes, y se encuentra a solo 400 metros sobre el nivel del mar, por [&hellip;]\" \/>\n<meta property=\"og:url\" content=\"https:\/\/virtualnimuzej.aspira.hr\/es\/santa-cruz-de-la-sierra\/\" \/>\n<meta property=\"og:site_name\" content=\"Aspira Virtualni Muzej iseljeni\u0161tva Dalmacije\" \/>\n<meta property=\"article:published_time\" content=\"2022-08-29T16:00:10+00:00\" \/>\n<meta property=\"og:image\" content=\"https:\/\/virtualnimuzej.aspira.hr\/wp-content\/uploads\/2022\/08\/IMG_2186-768x512.jpg\" \/>\n\t<meta property=\"og:image:width\" content=\"768\" \/>\n\t<meta property=\"og:image:height\" content=\"512\" \/>\n\t<meta property=\"og:image:type\" content=\"image\/jpeg\" \/>\n<meta name=\"author\" content=\"VmuzejAspira\" \/>\n<meta name=\"twitter:card\" content=\"summary_large_image\" \/>\n<meta name=\"twitter:label1\" content=\"Escrito por\" \/>\n\t<meta name=\"twitter:data1\" content=\"VmuzejAspira\" \/>\n\t<meta name=\"twitter:label2\" content=\"Tiempo de lectura\" \/>\n\t<meta name=\"twitter:data2\" content=\"6 minutos\" \/>\n<script type=\"application\/ld+json\" class=\"yoast-schema-graph\">{\"@context\":\"https:\/\/schema.org\",\"@graph\":[{\"@type\":\"WebPage\",\"@id\":\"https:\/\/virtualnimuzej.aspira.hr\/es\/santa-cruz-de-la-sierra\/\",\"url\":\"https:\/\/virtualnimuzej.aspira.hr\/es\/santa-cruz-de-la-sierra\/\",\"name\":\"Santa Cruz de la Sierra - Aspira Virtualni Muzej iseljeni\u0161tva Dalmacije\",\"isPartOf\":{\"@id\":\"https:\/\/virtualnimuzej.aspira.hr\/#website\"},\"datePublished\":\"2022-08-29T16:00:10+00:00\",\"dateModified\":\"2022-08-29T16:00:10+00:00\",\"author\":{\"@id\":\"https:\/\/virtualnimuzej.aspira.hr\/#\/schema\/person\/8b28048370e78968988c04d6f1ba104d\"},\"breadcrumb\":{\"@id\":\"https:\/\/virtualnimuzej.aspira.hr\/es\/santa-cruz-de-la-sierra\/#breadcrumb\"},\"inLanguage\":\"es\",\"potentialAction\":[{\"@type\":\"ReadAction\",\"target\":[\"https:\/\/virtualnimuzej.aspira.hr\/es\/santa-cruz-de-la-sierra\/\"]}]},{\"@type\":\"BreadcrumbList\",\"@id\":\"https:\/\/virtualnimuzej.aspira.hr\/es\/santa-cruz-de-la-sierra\/#breadcrumb\",\"itemListElement\":[{\"@type\":\"ListItem\",\"position\":1,\"name\":\"Naslovna\",\"item\":\"https:\/\/virtualnimuzej.aspira.hr\/es\/\"},{\"@type\":\"ListItem\",\"position\":2,\"name\":\"Santa Cruz de la Sierra\"}]},{\"@type\":\"WebSite\",\"@id\":\"https:\/\/virtualnimuzej.aspira.hr\/#website\",\"url\":\"https:\/\/virtualnimuzej.aspira.hr\/\",\"name\":\"Aspira Virtualni Muzej iseljeni\u0161tva Dalmacije\",\"description\":\"Muzej iseljeni\u0161tva je zami\u0161ljen kao mjesto skupljanja i prezentacije gra\u0111e o hrvatskom iseljeni\u0161tvu i povijesti iseljavanja koja nikada nije bila dovoljno istra\u017eena.\",\"potentialAction\":[{\"@type\":\"SearchAction\",\"target\":{\"@type\":\"EntryPoint\",\"urlTemplate\":\"https:\/\/virtualnimuzej.aspira.hr\/?s={search_term_string}\"},\"query-input\":\"required name=search_term_string\"}],\"inLanguage\":\"es\"},{\"@type\":\"Person\",\"@id\":\"https:\/\/virtualnimuzej.aspira.hr\/#\/schema\/person\/8b28048370e78968988c04d6f1ba104d\",\"name\":\"VmuzejAspira\",\"image\":{\"@type\":\"ImageObject\",\"inLanguage\":\"es\",\"@id\":\"https:\/\/virtualnimuzej.aspira.hr\/#\/schema\/person\/image\/\",\"url\":\"https:\/\/secure.gravatar.com\/avatar\/cfa7124a34eec5233efffe1e8fb23c18bb83abdb6129e8f47c9144109613a228?s=96&d=mm&r=g\",\"contentUrl\":\"https:\/\/secure.gravatar.com\/avatar\/cfa7124a34eec5233efffe1e8fb23c18bb83abdb6129e8f47c9144109613a228?s=96&d=mm&r=g\",\"caption\":\"VmuzejAspira\"},\"sameAs\":[\"http:\/\/virtualnimuzej.aspira.hr\"],\"url\":\"https:\/\/virtualnimuzej.aspira.hr\/es\/author\/vmuzejaspira\/\"}]}<\/script>\n<!-- \/ Yoast SEO plugin. -->","yoast_head_json":{"title":"Santa Cruz de la Sierra - Aspira Virtualni Muzej iseljeni\u0161tva Dalmacije","robots":{"index":"index","follow":"follow","max-snippet":"max-snippet:-1","max-image-preview":"max-image-preview:large","max-video-preview":"max-video-preview:-1"},"canonical":"https:\/\/virtualnimuzej.aspira.hr\/es\/santa-cruz-de-la-sierra\/","og_locale":"es_ES","og_type":"article","og_title":"Santa Cruz de la Sierra - Aspira Virtualni Muzej iseljeni\u0161tva Dalmacije","og_description":"Santa Cruz de la Sierra es la ciudad m\u00e1s grande de Bolivia, con alrededor de 1.900.000 habitantes, y se encuentra a solo 400 metros sobre el nivel del mar, por [&hellip;]","og_url":"https:\/\/virtualnimuzej.aspira.hr\/es\/santa-cruz-de-la-sierra\/","og_site_name":"Aspira Virtualni Muzej iseljeni\u0161tva Dalmacije","article_published_time":"2022-08-29T16:00:10+00:00","og_image":[{"width":768,"height":512,"url":"https:\/\/virtualnimuzej.aspira.hr\/wp-content\/uploads\/2022\/08\/IMG_2186-768x512.jpg","type":"image\/jpeg"}],"author":"VmuzejAspira","twitter_card":"summary_large_image","twitter_misc":{"Escrito por":"VmuzejAspira","Tiempo de lectura":"6 minutos"},"schema":{"@context":"https:\/\/schema.org","@graph":[{"@type":"WebPage","@id":"https:\/\/virtualnimuzej.aspira.hr\/es\/santa-cruz-de-la-sierra\/","url":"https:\/\/virtualnimuzej.aspira.hr\/es\/santa-cruz-de-la-sierra\/","name":"Santa Cruz de la Sierra - Aspira Virtualni Muzej iseljeni\u0161tva Dalmacije","isPartOf":{"@id":"https:\/\/virtualnimuzej.aspira.hr\/#website"},"datePublished":"2022-08-29T16:00:10+00:00","dateModified":"2022-08-29T16:00:10+00:00","author":{"@id":"https:\/\/virtualnimuzej.aspira.hr\/#\/schema\/person\/8b28048370e78968988c04d6f1ba104d"},"breadcrumb":{"@id":"https:\/\/virtualnimuzej.aspira.hr\/es\/santa-cruz-de-la-sierra\/#breadcrumb"},"inLanguage":"es","potentialAction":[{"@type":"ReadAction","target":["https:\/\/virtualnimuzej.aspira.hr\/es\/santa-cruz-de-la-sierra\/"]}]},{"@type":"BreadcrumbList","@id":"https:\/\/virtualnimuzej.aspira.hr\/es\/santa-cruz-de-la-sierra\/#breadcrumb","itemListElement":[{"@type":"ListItem","position":1,"name":"Naslovna","item":"https:\/\/virtualnimuzej.aspira.hr\/es\/"},{"@type":"ListItem","position":2,"name":"Santa Cruz de la Sierra"}]},{"@type":"WebSite","@id":"https:\/\/virtualnimuzej.aspira.hr\/#website","url":"https:\/\/virtualnimuzej.aspira.hr\/","name":"Aspira Virtualni Muzej iseljeni\u0161tva Dalmacije","description":"Muzej iseljeni\u0161tva je zami\u0161ljen kao mjesto skupljanja i prezentacije gra\u0111e o hrvatskom iseljeni\u0161tvu i povijesti iseljavanja koja nikada nije bila dovoljno istra\u017eena.","potentialAction":[{"@type":"SearchAction","target":{"@type":"EntryPoint","urlTemplate":"https:\/\/virtualnimuzej.aspira.hr\/?s={search_term_string}"},"query-input":"required name=search_term_string"}],"inLanguage":"es"},{"@type":"Person","@id":"https:\/\/virtualnimuzej.aspira.hr\/#\/schema\/person\/8b28048370e78968988c04d6f1ba104d","name":"VmuzejAspira","image":{"@type":"ImageObject","inLanguage":"es","@id":"https:\/\/virtualnimuzej.aspira.hr\/#\/schema\/person\/image\/","url":"https:\/\/secure.gravatar.com\/avatar\/cfa7124a34eec5233efffe1e8fb23c18bb83abdb6129e8f47c9144109613a228?s=96&d=mm&r=g","contentUrl":"https:\/\/secure.gravatar.com\/avatar\/cfa7124a34eec5233efffe1e8fb23c18bb83abdb6129e8f47c9144109613a228?s=96&d=mm&r=g","caption":"VmuzejAspira"},"sameAs":["http:\/\/virtualnimuzej.aspira.hr"],"url":"https:\/\/virtualnimuzej.aspira.hr\/es\/author\/vmuzejaspira\/"}]}},"_links":{"self":[{"href":"https:\/\/virtualnimuzej.aspira.hr\/es\/wp-json\/wp\/v2\/posts\/3020","targetHints":{"allow":["GET"]}}],"collection":[{"href":"https:\/\/virtualnimuzej.aspira.hr\/es\/wp-json\/wp\/v2\/posts"}],"about":[{"href":"https:\/\/virtualnimuzej.aspira.hr\/es\/wp-json\/wp\/v2\/types\/post"}],"author":[{"embeddable":true,"href":"https:\/\/virtualnimuzej.aspira.hr\/es\/wp-json\/wp\/v2\/users\/1"}],"replies":[{"embeddable":true,"href":"https:\/\/virtualnimuzej.aspira.hr\/es\/wp-json\/wp\/v2\/comments?post=3020"}],"version-history":[{"count":1,"href":"https:\/\/virtualnimuzej.aspira.hr\/es\/wp-json\/wp\/v2\/posts\/3020\/revisions"}],"predecessor-version":[{"id":3021,"href":"https:\/\/virtualnimuzej.aspira.hr\/es\/wp-json\/wp\/v2\/posts\/3020\/revisions\/3021"}],"wp:featuredmedia":[{"embeddable":true,"href":"https:\/\/virtualnimuzej.aspira.hr\/es\/wp-json\/wp\/v2\/media\/3018"}],"wp:attachment":[{"href":"https:\/\/virtualnimuzej.aspira.hr\/es\/wp-json\/wp\/v2\/media?parent=3020"}],"wp:term":[{"taxonomy":"category","embeddable":true,"href":"https:\/\/virtualnimuzej.aspira.hr\/es\/wp-json\/wp\/v2\/categories?post=3020"},{"taxonomy":"post_tag","embeddable":true,"href":"https:\/\/virtualnimuzej.aspira.hr\/es\/wp-json\/wp\/v2\/tags?post=3020"}],"curies":[{"name":"wp","href":"https:\/\/api.w.org\/{rel}","templated":true}]}}