{"id":3268,"date":"2022-09-09T18:54:27","date_gmt":"2022-09-09T16:54:27","guid":{"rendered":"https:\/\/virtualnimuzej.aspira.hr\/?p=3268"},"modified":"2022-09-09T18:54:27","modified_gmt":"2022-09-09T16:54:27","slug":"familia-gerkes-grkes-de-callao","status":"publish","type":"post","link":"https:\/\/virtualnimuzej.aspira.hr\/es\/familia-gerkes-grkes-de-callao\/","title":{"rendered":"Familia Gerkes (Grke\u0161) de Callao"},"content":{"rendered":"<p>&nbsp;<\/p>\n<p>&nbsp;<\/p>\n<p style=\"text-align: center;\"><img decoding=\"async\" class=\"alignnone  wp-image-3258\" src=\"https:\/\/virtualnimuzej.aspira.hr\/wp-content\/uploads\/2022\/09\/IMG_4352-1-300x241.jpg\" alt=\"\" width=\"388\" height=\"312\" srcset=\"https:\/\/virtualnimuzej.aspira.hr\/wp-content\/uploads\/2022\/09\/IMG_4352-1-177x142.jpg 177w, https:\/\/virtualnimuzej.aspira.hr\/wp-content\/uploads\/2022\/09\/IMG_4352-1-200x161.jpg 200w, https:\/\/virtualnimuzej.aspira.hr\/wp-content\/uploads\/2022\/09\/IMG_4352-1-300x241.jpg 300w, https:\/\/virtualnimuzej.aspira.hr\/wp-content\/uploads\/2022\/09\/IMG_4352-1-400x322.jpg 400w, https:\/\/virtualnimuzej.aspira.hr\/wp-content\/uploads\/2022\/09\/IMG_4352-1-600x482.jpg 600w, https:\/\/virtualnimuzej.aspira.hr\/wp-content\/uploads\/2022\/09\/IMG_4352-1-768x617.jpg 768w, https:\/\/virtualnimuzej.aspira.hr\/wp-content\/uploads\/2022\/09\/IMG_4352-1.jpg 800w\" sizes=\"(max-width: 388px) 100vw, 388px\" \/><\/p>\n<p>\u00a0 \u00a0 \u00a0 \u00a0 \u00a0 \u00a0 \u00a0 \u00a0 \u00a0 \u00a0 \u00a0 \u00a0 \u00a0 \u00a0 \u00a0 \u00a0 \u00a0 \u00a0 \u00a0 \u00a0 \u00a0 \u00a0 \u00a0 \u00a0 \u00a0 \u00a0 \u00a0 \u00a0 \u00a0 \u00a0 \u00a0 \u00a0 \u00a0 \u00a0 \u00a0 \u00a0 \u00a0 \u00a0 Callao el puerto de Lima<\/p>\n<p>&nbsp;<\/p>\n<p>Mi nombre es Camila Mej\u00eda y tengo 23 a\u00f1os de edad. Mi historia de migraci\u00f3n empieza con mi bisabuela Francisca Gerkes Violich nacida en el a\u00f1o 1902. Ella era hija de Esteban Gerkes y de Francisca Violich Mulanovich de Gerkes. Ellos residian en Dubrovnik y \u00e9l era marino mercante, por lo que realizaba constantes viajes\u00a0 a America del Sur llegando hasta America del norte comerciando mercancia.<\/p>\n<p>&nbsp;<\/p>\n<p><img decoding=\"async\" class=\"alignnone size-medium wp-image-3261\" src=\"https:\/\/virtualnimuzej.aspira.hr\/wp-content\/uploads\/2022\/09\/Francisca-Violic-i-Esteban-Gerkes-230x300.jpg\" alt=\"\" width=\"230\" height=\"300\" srcset=\"https:\/\/virtualnimuzej.aspira.hr\/wp-content\/uploads\/2022\/09\/Francisca-Violic-i-Esteban-Gerkes-200x261.jpg 200w, https:\/\/virtualnimuzej.aspira.hr\/wp-content\/uploads\/2022\/09\/Francisca-Violic-i-Esteban-Gerkes-230x300.jpg 230w, https:\/\/virtualnimuzej.aspira.hr\/wp-content\/uploads\/2022\/09\/Francisca-Violic-i-Esteban-Gerkes-400x522.jpg 400w, https:\/\/virtualnimuzej.aspira.hr\/wp-content\/uploads\/2022\/09\/Francisca-Violic-i-Esteban-Gerkes-600x783.jpg 600w, https:\/\/virtualnimuzej.aspira.hr\/wp-content\/uploads\/2022\/09\/Francisca-Violic-i-Esteban-Gerkes.jpg 613w\" sizes=\"(max-width: 230px) 100vw, 230px\" \/> Francisca Viloch y Esteban Gerkes (Grke\u0161)<\/p>\n<p>&nbsp;<\/p>\n<p>En uno de los viajes realizados, mi bisabuela Frane junto con sus primos deciden acompa\u00f1ar a Esteban Gerkes en una de sus traves\u00edas hacia America. En un puerto aduanero mi bisabuela Frane conoce a mi bisabuelo Julio Rosasco quien trabajaba ah\u00ed. Ellos entablaron una amistad y comenzaron a salir, la comunicaci\u00f3n entre ellos se daba en Italiano, ya que mi bisabuela hablaba Croata como idioma natal, italiano y alem\u00e1n, y por otro lado mi bisabuelo hablaba Espa\u00f1ol como idiota natal e\u00a0 Italiano ya que su padre era Italiano, por lo cual la comunicaci\u00f3n no fue una barrera para ambos. A continuado comenzaron a salir y mi bisabuela le manifest\u00f3 sus deseos por establecerse en Per\u00fa, pues mi bisabuelo Julio tenia multiples propiedades en el puerto del Callao, Lima, por lo que la nona Francisca no dudo en casarse y establecerse con el en el puerto del Callao. Sin embargo, le solicit\u00f3 el traer con ella a su familia, su madre, sus hermanos y primos, a lo que mi bisabuelo Julio no dudo un instante y en la siguiente embarcaci\u00f3n emprendieron su viaje hacia America mi tatarabuela Francisca Violich junto con otros familiares como los Mulanovich.<\/p>\n<p>&nbsp;<\/p>\n<p><img decoding=\"async\" class=\"alignnone size-medium wp-image-3264\" src=\"https:\/\/virtualnimuzej.aspira.hr\/wp-content\/uploads\/2022\/09\/Francisca-s-majkom-i-bratom-300x173.jpg\" alt=\"\" width=\"300\" height=\"173\" srcset=\"https:\/\/virtualnimuzej.aspira.hr\/wp-content\/uploads\/2022\/09\/Francisca-s-majkom-i-bratom-200x115.jpg 200w, https:\/\/virtualnimuzej.aspira.hr\/wp-content\/uploads\/2022\/09\/Francisca-s-majkom-i-bratom-300x173.jpg 300w, https:\/\/virtualnimuzej.aspira.hr\/wp-content\/uploads\/2022\/09\/Francisca-s-majkom-i-bratom-400x231.jpg 400w, https:\/\/virtualnimuzej.aspira.hr\/wp-content\/uploads\/2022\/09\/Francisca-s-majkom-i-bratom-600x346.jpg 600w, https:\/\/virtualnimuzej.aspira.hr\/wp-content\/uploads\/2022\/09\/Francisca-s-majkom-i-bratom.jpg 710w\" sizes=\"(max-width: 300px) 100vw, 300px\" \/>\u00a0 Francisca con su madre y hermano<\/p>\n<p>&nbsp;<\/p>\n<p>Tras instalarse en el puerto del Callao, mis bisabuelos tuvieron hijos, entre ellos mi abuela Mirella Sonia Rosasco Gerkes quien fue criada por su mam\u00e1 en italiano y croata junto con sus hermanos y sus primos.<\/p>\n<p>&nbsp;<\/p>\n<p><img decoding=\"async\" class=\"alignnone size-medium wp-image-3267\" src=\"https:\/\/virtualnimuzej.aspira.hr\/wp-content\/uploads\/2022\/09\/Francisca-119x300.jpg\" alt=\"\" width=\"119\" height=\"300\" srcset=\"https:\/\/virtualnimuzej.aspira.hr\/wp-content\/uploads\/2022\/09\/Francisca-119x300.jpg 119w, https:\/\/virtualnimuzej.aspira.hr\/wp-content\/uploads\/2022\/09\/Francisca-200x503.jpg 200w, https:\/\/virtualnimuzej.aspira.hr\/wp-content\/uploads\/2022\/09\/Francisca.jpg 318w\" sizes=\"(max-width: 119px) 100vw, 119px\" \/> Francisca<\/p>\n<p>&nbsp;<\/p>\n<p>En la actualidad mis bisabuelos ya fallecieron, pero nos han dejado latente la cultura Croata, aun mantenemos comunicaci\u00f3n con nuestros familiares que llegaron junto con mi bisabuela e intentamos pasar a traves de nuestras generaciones el amor por nuestra cultura y nuestras raices.<\/p>\n<p>Autora: Camila Mej\u00eda<\/p>\n<p>&nbsp;<\/p>\n","protected":false},"excerpt":{"rendered":"<p>&nbsp; &nbsp; \u00a0 \u00a0 \u00a0 \u00a0 \u00a0 \u00a0 \u00a0 \u00a0 \u00a0 \u00a0 \u00a0 \u00a0 \u00a0 \u00a0 \u00a0 \u00a0 \u00a0 \u00a0 \u00a0 \u00a0 \u00a0 \u00a0 \u00a0 \u00a0 \u00a0 \u00a0 \u00a0 \u00a0 [&hellip;]<\/p>\n","protected":false},"author":1,"featured_media":0,"comment_status":"open","ping_status":"open","sticky":false,"template":"","format":"standard","meta":{"footnotes":""},"categories":[84],"tags":[],"class_list":["post-3268","post","type-post","status-publish","format-standard","hentry","category-peru-es"],"yoast_head":"<!-- This site is optimized with the Yoast SEO plugin v20.7 - https:\/\/yoast.com\/wordpress\/plugins\/seo\/ -->\n<title>Familia Gerkes (Grke\u0161) de Callao - Aspira Virtualni Muzej iseljeni\u0161tva Dalmacije<\/title>\n<meta name=\"robots\" content=\"index, follow, max-snippet:-1, max-image-preview:large, max-video-preview:-1\" \/>\n<link rel=\"canonical\" href=\"https:\/\/virtualnimuzej.aspira.hr\/es\/familia-gerkes-grkes-de-callao\/\" \/>\n<meta property=\"og:locale\" content=\"es_ES\" \/>\n<meta property=\"og:type\" content=\"article\" \/>\n<meta property=\"og:title\" content=\"Familia Gerkes (Grke\u0161) de Callao - Aspira Virtualni Muzej iseljeni\u0161tva Dalmacije\" \/>\n<meta property=\"og:description\" content=\"&nbsp; &nbsp; \u00a0 \u00a0 \u00a0 \u00a0 \u00a0 \u00a0 \u00a0 \u00a0 \u00a0 \u00a0 \u00a0 \u00a0 \u00a0 \u00a0 \u00a0 \u00a0 \u00a0 \u00a0 \u00a0 \u00a0 \u00a0 \u00a0 \u00a0 \u00a0 \u00a0 \u00a0 \u00a0 \u00a0 [&hellip;]\" \/>\n<meta property=\"og:url\" content=\"https:\/\/virtualnimuzej.aspira.hr\/es\/familia-gerkes-grkes-de-callao\/\" \/>\n<meta property=\"og:site_name\" content=\"Aspira Virtualni Muzej iseljeni\u0161tva Dalmacije\" \/>\n<meta property=\"article:published_time\" content=\"2022-09-09T16:54:27+00:00\" \/>\n<meta property=\"og:image\" content=\"https:\/\/virtualnimuzej.aspira.hr\/wp-content\/uploads\/2022\/09\/IMG_4352-1-300x241.jpg\" \/>\n<meta name=\"author\" content=\"VmuzejAspira\" \/>\n<meta name=\"twitter:card\" content=\"summary_large_image\" \/>\n<meta name=\"twitter:label1\" content=\"Escrito por\" \/>\n\t<meta name=\"twitter:data1\" content=\"VmuzejAspira\" \/>\n\t<meta name=\"twitter:label2\" content=\"Tiempo de lectura\" \/>\n\t<meta name=\"twitter:data2\" content=\"3 minutos\" \/>\n<script type=\"application\/ld+json\" class=\"yoast-schema-graph\">{\"@context\":\"https:\/\/schema.org\",\"@graph\":[{\"@type\":\"WebPage\",\"@id\":\"https:\/\/virtualnimuzej.aspira.hr\/es\/familia-gerkes-grkes-de-callao\/\",\"url\":\"https:\/\/virtualnimuzej.aspira.hr\/es\/familia-gerkes-grkes-de-callao\/\",\"name\":\"Familia Gerkes (Grke\u0161) de Callao - Aspira Virtualni Muzej iseljeni\u0161tva Dalmacije\",\"isPartOf\":{\"@id\":\"https:\/\/virtualnimuzej.aspira.hr\/#website\"},\"datePublished\":\"2022-09-09T16:54:27+00:00\",\"dateModified\":\"2022-09-09T16:54:27+00:00\",\"author\":{\"@id\":\"https:\/\/virtualnimuzej.aspira.hr\/#\/schema\/person\/8b28048370e78968988c04d6f1ba104d\"},\"breadcrumb\":{\"@id\":\"https:\/\/virtualnimuzej.aspira.hr\/es\/familia-gerkes-grkes-de-callao\/#breadcrumb\"},\"inLanguage\":\"es\",\"potentialAction\":[{\"@type\":\"ReadAction\",\"target\":[\"https:\/\/virtualnimuzej.aspira.hr\/es\/familia-gerkes-grkes-de-callao\/\"]}]},{\"@type\":\"BreadcrumbList\",\"@id\":\"https:\/\/virtualnimuzej.aspira.hr\/es\/familia-gerkes-grkes-de-callao\/#breadcrumb\",\"itemListElement\":[{\"@type\":\"ListItem\",\"position\":1,\"name\":\"Naslovna\",\"item\":\"https:\/\/virtualnimuzej.aspira.hr\/es\/\"},{\"@type\":\"ListItem\",\"position\":2,\"name\":\"Familia Gerkes (Grke\u0161) de Callao\"}]},{\"@type\":\"WebSite\",\"@id\":\"https:\/\/virtualnimuzej.aspira.hr\/#website\",\"url\":\"https:\/\/virtualnimuzej.aspira.hr\/\",\"name\":\"Aspira Virtualni Muzej iseljeni\u0161tva Dalmacije\",\"description\":\"Muzej iseljeni\u0161tva je zami\u0161ljen kao mjesto skupljanja i prezentacije gra\u0111e o hrvatskom iseljeni\u0161tvu i povijesti iseljavanja koja nikada nije bila dovoljno istra\u017eena.\",\"potentialAction\":[{\"@type\":\"SearchAction\",\"target\":{\"@type\":\"EntryPoint\",\"urlTemplate\":\"https:\/\/virtualnimuzej.aspira.hr\/?s={search_term_string}\"},\"query-input\":\"required name=search_term_string\"}],\"inLanguage\":\"es\"},{\"@type\":\"Person\",\"@id\":\"https:\/\/virtualnimuzej.aspira.hr\/#\/schema\/person\/8b28048370e78968988c04d6f1ba104d\",\"name\":\"VmuzejAspira\",\"image\":{\"@type\":\"ImageObject\",\"inLanguage\":\"es\",\"@id\":\"https:\/\/virtualnimuzej.aspira.hr\/#\/schema\/person\/image\/\",\"url\":\"https:\/\/secure.gravatar.com\/avatar\/cfa7124a34eec5233efffe1e8fb23c18bb83abdb6129e8f47c9144109613a228?s=96&d=mm&r=g\",\"contentUrl\":\"https:\/\/secure.gravatar.com\/avatar\/cfa7124a34eec5233efffe1e8fb23c18bb83abdb6129e8f47c9144109613a228?s=96&d=mm&r=g\",\"caption\":\"VmuzejAspira\"},\"sameAs\":[\"http:\/\/virtualnimuzej.aspira.hr\"],\"url\":\"https:\/\/virtualnimuzej.aspira.hr\/es\/author\/vmuzejaspira\/\"}]}<\/script>\n<!-- \/ Yoast SEO plugin. -->","yoast_head_json":{"title":"Familia Gerkes (Grke\u0161) de Callao - Aspira Virtualni Muzej iseljeni\u0161tva Dalmacije","robots":{"index":"index","follow":"follow","max-snippet":"max-snippet:-1","max-image-preview":"max-image-preview:large","max-video-preview":"max-video-preview:-1"},"canonical":"https:\/\/virtualnimuzej.aspira.hr\/es\/familia-gerkes-grkes-de-callao\/","og_locale":"es_ES","og_type":"article","og_title":"Familia Gerkes (Grke\u0161) de Callao - Aspira Virtualni Muzej iseljeni\u0161tva Dalmacije","og_description":"&nbsp; &nbsp; \u00a0 \u00a0 \u00a0 \u00a0 \u00a0 \u00a0 \u00a0 \u00a0 \u00a0 \u00a0 \u00a0 \u00a0 \u00a0 \u00a0 \u00a0 \u00a0 \u00a0 \u00a0 \u00a0 \u00a0 \u00a0 \u00a0 \u00a0 \u00a0 \u00a0 \u00a0 \u00a0 \u00a0 [&hellip;]","og_url":"https:\/\/virtualnimuzej.aspira.hr\/es\/familia-gerkes-grkes-de-callao\/","og_site_name":"Aspira Virtualni Muzej iseljeni\u0161tva Dalmacije","article_published_time":"2022-09-09T16:54:27+00:00","og_image":[{"url":"https:\/\/virtualnimuzej.aspira.hr\/wp-content\/uploads\/2022\/09\/IMG_4352-1-300x241.jpg"}],"author":"VmuzejAspira","twitter_card":"summary_large_image","twitter_misc":{"Escrito por":"VmuzejAspira","Tiempo de lectura":"3 minutos"},"schema":{"@context":"https:\/\/schema.org","@graph":[{"@type":"WebPage","@id":"https:\/\/virtualnimuzej.aspira.hr\/es\/familia-gerkes-grkes-de-callao\/","url":"https:\/\/virtualnimuzej.aspira.hr\/es\/familia-gerkes-grkes-de-callao\/","name":"Familia Gerkes (Grke\u0161) de Callao - Aspira Virtualni Muzej iseljeni\u0161tva Dalmacije","isPartOf":{"@id":"https:\/\/virtualnimuzej.aspira.hr\/#website"},"datePublished":"2022-09-09T16:54:27+00:00","dateModified":"2022-09-09T16:54:27+00:00","author":{"@id":"https:\/\/virtualnimuzej.aspira.hr\/#\/schema\/person\/8b28048370e78968988c04d6f1ba104d"},"breadcrumb":{"@id":"https:\/\/virtualnimuzej.aspira.hr\/es\/familia-gerkes-grkes-de-callao\/#breadcrumb"},"inLanguage":"es","potentialAction":[{"@type":"ReadAction","target":["https:\/\/virtualnimuzej.aspira.hr\/es\/familia-gerkes-grkes-de-callao\/"]}]},{"@type":"BreadcrumbList","@id":"https:\/\/virtualnimuzej.aspira.hr\/es\/familia-gerkes-grkes-de-callao\/#breadcrumb","itemListElement":[{"@type":"ListItem","position":1,"name":"Naslovna","item":"https:\/\/virtualnimuzej.aspira.hr\/es\/"},{"@type":"ListItem","position":2,"name":"Familia Gerkes (Grke\u0161) de Callao"}]},{"@type":"WebSite","@id":"https:\/\/virtualnimuzej.aspira.hr\/#website","url":"https:\/\/virtualnimuzej.aspira.hr\/","name":"Aspira Virtualni Muzej iseljeni\u0161tva Dalmacije","description":"Muzej iseljeni\u0161tva je zami\u0161ljen kao mjesto skupljanja i prezentacije gra\u0111e o hrvatskom iseljeni\u0161tvu i povijesti iseljavanja koja nikada nije bila dovoljno istra\u017eena.","potentialAction":[{"@type":"SearchAction","target":{"@type":"EntryPoint","urlTemplate":"https:\/\/virtualnimuzej.aspira.hr\/?s={search_term_string}"},"query-input":"required name=search_term_string"}],"inLanguage":"es"},{"@type":"Person","@id":"https:\/\/virtualnimuzej.aspira.hr\/#\/schema\/person\/8b28048370e78968988c04d6f1ba104d","name":"VmuzejAspira","image":{"@type":"ImageObject","inLanguage":"es","@id":"https:\/\/virtualnimuzej.aspira.hr\/#\/schema\/person\/image\/","url":"https:\/\/secure.gravatar.com\/avatar\/cfa7124a34eec5233efffe1e8fb23c18bb83abdb6129e8f47c9144109613a228?s=96&d=mm&r=g","contentUrl":"https:\/\/secure.gravatar.com\/avatar\/cfa7124a34eec5233efffe1e8fb23c18bb83abdb6129e8f47c9144109613a228?s=96&d=mm&r=g","caption":"VmuzejAspira"},"sameAs":["http:\/\/virtualnimuzej.aspira.hr"],"url":"https:\/\/virtualnimuzej.aspira.hr\/es\/author\/vmuzejaspira\/"}]}},"_links":{"self":[{"href":"https:\/\/virtualnimuzej.aspira.hr\/es\/wp-json\/wp\/v2\/posts\/3268","targetHints":{"allow":["GET"]}}],"collection":[{"href":"https:\/\/virtualnimuzej.aspira.hr\/es\/wp-json\/wp\/v2\/posts"}],"about":[{"href":"https:\/\/virtualnimuzej.aspira.hr\/es\/wp-json\/wp\/v2\/types\/post"}],"author":[{"embeddable":true,"href":"https:\/\/virtualnimuzej.aspira.hr\/es\/wp-json\/wp\/v2\/users\/1"}],"replies":[{"embeddable":true,"href":"https:\/\/virtualnimuzej.aspira.hr\/es\/wp-json\/wp\/v2\/comments?post=3268"}],"version-history":[{"count":1,"href":"https:\/\/virtualnimuzej.aspira.hr\/es\/wp-json\/wp\/v2\/posts\/3268\/revisions"}],"predecessor-version":[{"id":3272,"href":"https:\/\/virtualnimuzej.aspira.hr\/es\/wp-json\/wp\/v2\/posts\/3268\/revisions\/3272"}],"wp:attachment":[{"href":"https:\/\/virtualnimuzej.aspira.hr\/es\/wp-json\/wp\/v2\/media?parent=3268"}],"wp:term":[{"taxonomy":"category","embeddable":true,"href":"https:\/\/virtualnimuzej.aspira.hr\/es\/wp-json\/wp\/v2\/categories?post=3268"},{"taxonomy":"post_tag","embeddable":true,"href":"https:\/\/virtualnimuzej.aspira.hr\/es\/wp-json\/wp\/v2\/tags?post=3268"}],"curies":[{"name":"wp","href":"https:\/\/api.w.org\/{rel}","templated":true}]}}