{"id":3315,"date":"2022-09-10T16:20:35","date_gmt":"2022-09-10T14:20:35","guid":{"rendered":"https:\/\/virtualnimuzej.aspira.hr\/?p=3315"},"modified":"2025-01-30T12:36:32","modified_gmt":"2025-01-30T11:36:32","slug":"luis-aviles-uscocovich-de-guayaquil-ecuador","status":"publish","type":"post","link":"https:\/\/virtualnimuzej.aspira.hr\/es\/luis-aviles-uscocovich-de-guayaquil-ecuador\/","title":{"rendered":"Luis Aviles Uscocovich de Guayaquil, Ecuador"},"content":{"rendered":"<p>Luis Aviles Uscocovich fue nacido en Guayquil en 1967. El es abogado, fundador de la Sociedad ecuadoriana de cultura y negocio y presidente de Asociacion Croata. Sus origenes son de Mokosica cerca de Dubrovnik.<\/p>\n<p>&nbsp;<\/p>\n<p><img decoding=\"async\" class=\"alignnone size-medium wp-image-3319\" src=\"https:\/\/virtualnimuzej.aspira.hr\/wp-content\/uploads\/2022\/09\/Gregorio-Uskokovic-koji-je-dosao-iz-Mokosice-300x227.jpg\" alt=\"\" width=\"300\" height=\"227\" srcset=\"https:\/\/virtualnimuzej.aspira.hr\/wp-content\/uploads\/2022\/09\/Gregorio-Uskokovic-koji-je-dosao-iz-Mokosice-200x151.jpg 200w, https:\/\/virtualnimuzej.aspira.hr\/wp-content\/uploads\/2022\/09\/Gregorio-Uskokovic-koji-je-dosao-iz-Mokosice-300x227.jpg 300w, https:\/\/virtualnimuzej.aspira.hr\/wp-content\/uploads\/2022\/09\/Gregorio-Uskokovic-koji-je-dosao-iz-Mokosice-400x302.jpg 400w, https:\/\/virtualnimuzej.aspira.hr\/wp-content\/uploads\/2022\/09\/Gregorio-Uskokovic-koji-je-dosao-iz-Mokosice-600x453.jpg 600w, https:\/\/virtualnimuzej.aspira.hr\/wp-content\/uploads\/2022\/09\/Gregorio-Uskokovic-koji-je-dosao-iz-Mokosice-768x580.jpg 768w, https:\/\/virtualnimuzej.aspira.hr\/wp-content\/uploads\/2022\/09\/Gregorio-Uskokovic-koji-je-dosao-iz-Mokosice.jpg 800w\" sizes=\"(max-width: 300px) 100vw, 300px\" \/> Gregorio Uskokovi\u0107 que llego de Mokosica<\/p>\n<p>&nbsp;<\/p>\n<p><img decoding=\"async\" class=\"alignnone size-full wp-image-13264\" src=\"https:\/\/virtualnimuzej.aspira.hr\/wp-content\/uploads\/2022\/09\/Chone-Manabi-1894-G-u-sredini-u-prvom-redu.jpg\" alt=\"\" width=\"720\" height=\"504\" \/><\/p>\n<p>Chone, Manabi, 1894, Gregorio en la mitad de primera fila<\/p>\n<p>&nbsp;<\/p>\n<p><img decoding=\"async\" class=\"alignnone size-full wp-image-13268\" src=\"https:\/\/virtualnimuzej.aspira.hr\/wp-content\/uploads\/2022\/09\/prvi-s-lijeva.jpg\" alt=\"\" width=\"720\" height=\"464\" \/><\/p>\n<p>Chone, manabi, 1894, Gregorio es primero de la izquierda<\/p>\n<p>&nbsp;<\/p>\n<p>&nbsp;<\/p>\n<p><img decoding=\"async\" class=\"alignnone size-medium wp-image-3322\" src=\"https:\/\/virtualnimuzej.aspira.hr\/wp-content\/uploads\/2022\/09\/Luis-Aviles-Uscococvich-s-majkom-i-bracom-Fernandom-i-Leonardom-300x201.jpg\" alt=\"\" width=\"300\" height=\"201\" srcset=\"https:\/\/virtualnimuzej.aspira.hr\/wp-content\/uploads\/2022\/09\/Luis-Aviles-Uscococvich-s-majkom-i-bracom-Fernandom-i-Leonardom-200x134.jpg 200w, https:\/\/virtualnimuzej.aspira.hr\/wp-content\/uploads\/2022\/09\/Luis-Aviles-Uscococvich-s-majkom-i-bracom-Fernandom-i-Leonardom-300x201.jpg 300w, https:\/\/virtualnimuzej.aspira.hr\/wp-content\/uploads\/2022\/09\/Luis-Aviles-Uscococvich-s-majkom-i-bracom-Fernandom-i-Leonardom-400x269.jpg 400w, https:\/\/virtualnimuzej.aspira.hr\/wp-content\/uploads\/2022\/09\/Luis-Aviles-Uscococvich-s-majkom-i-bracom-Fernandom-i-Leonardom-600x403.jpg 600w, https:\/\/virtualnimuzej.aspira.hr\/wp-content\/uploads\/2022\/09\/Luis-Aviles-Uscococvich-s-majkom-i-bracom-Fernandom-i-Leonardom-768x516.jpg 768w, https:\/\/virtualnimuzej.aspira.hr\/wp-content\/uploads\/2022\/09\/Luis-Aviles-Uscococvich-s-majkom-i-bracom-Fernandom-i-Leonardom.jpg 800w\" sizes=\"(max-width: 300px) 100vw, 300px\" \/>\u00a0 Luis (segundo de la izquierda) con su madre y hermanos Fernando y Leonardo<\/p>\n<p>&nbsp;<\/p>\n<p><img decoding=\"async\" class=\"alignnone size-medium wp-image-3328\" src=\"https:\/\/virtualnimuzej.aspira.hr\/wp-content\/uploads\/2022\/09\/Luis-Aviles-s-predsjednikom-Mesicem-300x204.jpg\" alt=\"\" width=\"300\" height=\"204\" srcset=\"https:\/\/virtualnimuzej.aspira.hr\/wp-content\/uploads\/2022\/09\/Luis-Aviles-s-predsjednikom-Mesicem-200x136.jpg 200w, https:\/\/virtualnimuzej.aspira.hr\/wp-content\/uploads\/2022\/09\/Luis-Aviles-s-predsjednikom-Mesicem-300x204.jpg 300w, https:\/\/virtualnimuzej.aspira.hr\/wp-content\/uploads\/2022\/09\/Luis-Aviles-s-predsjednikom-Mesicem-400x272.jpg 400w, https:\/\/virtualnimuzej.aspira.hr\/wp-content\/uploads\/2022\/09\/Luis-Aviles-s-predsjednikom-Mesicem-600x408.jpg 600w, https:\/\/virtualnimuzej.aspira.hr\/wp-content\/uploads\/2022\/09\/Luis-Aviles-s-predsjednikom-Mesicem-768x522.jpg 768w, https:\/\/virtualnimuzej.aspira.hr\/wp-content\/uploads\/2022\/09\/Luis-Aviles-s-predsjednikom-Mesicem.jpg 800w\" sizes=\"(max-width: 300px) 100vw, 300px\" \/>\u00a0 \u00a0Luis con Stjepan Mesi\u0107 presidente de la Republica de Croacia<\/p>\n<p>&nbsp;<\/p>\n<p>Durante la ceremonia de inauguracion del XIV Foro Internacional del Banano, organizado por la Asociacion de Exportadores de Banano del Ecuador \u2013 AEBE \u2013 realizada el 2 de octubre en Guayaquil, el emprendedor ecuadoriano, Luis Aviles, recibio un reconocimiento por su propuesta de biomanto acolchado, elaborado a base de panca de arroz y fibra de raquis de banana, que recupera suelos aridos, absorbe siete veces el peso en agua y permite usar los fertilizantes de major manera.<\/p>\n<p>Este product es avalado por el Centro de Investigaciones Biotecnologicas de la ESPOL, CEEMP y forma parte de los proyectos ganadores del Banco de Ideas de la Senescyt.<\/p>\n<p>Aviles anuncia que esta previsto presenter este product a empresas extranjeras y buscar asociaciones que permitan adquirir la maquinaria y tecnologia suficientes para producer el biomanto es grandes cantidades.<\/p>\n<p>&nbsp;<\/p>\n<p><img decoding=\"async\" class=\"alignnone size-medium wp-image-3325\" src=\"https:\/\/virtualnimuzej.aspira.hr\/wp-content\/uploads\/2022\/09\/IMG-20180917-WA0004-20180923-073748577-300x221.jpg\" alt=\"\" width=\"300\" height=\"221\" srcset=\"https:\/\/virtualnimuzej.aspira.hr\/wp-content\/uploads\/2022\/09\/IMG-20180917-WA0004-20180923-073748577-200x147.jpg 200w, https:\/\/virtualnimuzej.aspira.hr\/wp-content\/uploads\/2022\/09\/IMG-20180917-WA0004-20180923-073748577-300x221.jpg 300w, https:\/\/virtualnimuzej.aspira.hr\/wp-content\/uploads\/2022\/09\/IMG-20180917-WA0004-20180923-073748577.jpg 400w\" sizes=\"(max-width: 300px) 100vw, 300px\" \/>\u00a0 \u00a0Premio para Luis<\/p>\n<p>&nbsp;<\/p>\n<p>Luis en vida privada adora deporte y su esposa Pilar:<\/p>\n<p>&nbsp;<\/p>\n<p><img decoding=\"async\" class=\"alignnone size-medium wp-image-3331\" src=\"https:\/\/virtualnimuzej.aspira.hr\/wp-content\/uploads\/2022\/09\/IMG-20180917-WA0001-20180923-07385390-253x300.jpg\" alt=\"\" width=\"253\" height=\"300\" srcset=\"https:\/\/virtualnimuzej.aspira.hr\/wp-content\/uploads\/2022\/09\/IMG-20180917-WA0001-20180923-07385390-200x237.jpg 200w, https:\/\/virtualnimuzej.aspira.hr\/wp-content\/uploads\/2022\/09\/IMG-20180917-WA0001-20180923-07385390-253x300.jpg 253w, https:\/\/virtualnimuzej.aspira.hr\/wp-content\/uploads\/2022\/09\/IMG-20180917-WA0001-20180923-07385390-400x474.jpg 400w, https:\/\/virtualnimuzej.aspira.hr\/wp-content\/uploads\/2022\/09\/IMG-20180917-WA0001-20180923-07385390.jpg 480w\" sizes=\"(max-width: 253px) 100vw, 253px\" \/>\u00a0 \u00a0 \u00a0 \u00a0 \u00a0<img decoding=\"async\" class=\"alignnone wp-image-3334\" src=\"https:\/\/virtualnimuzej.aspira.hr\/wp-content\/uploads\/2022\/09\/IMG_20181028_145038_BURST002-300x225.jpg\" alt=\"\" width=\"397\" height=\"298\" srcset=\"https:\/\/virtualnimuzej.aspira.hr\/wp-content\/uploads\/2022\/09\/IMG_20181028_145038_BURST002-200x150.jpg 200w, https:\/\/virtualnimuzej.aspira.hr\/wp-content\/uploads\/2022\/09\/IMG_20181028_145038_BURST002-300x225.jpg 300w, https:\/\/virtualnimuzej.aspira.hr\/wp-content\/uploads\/2022\/09\/IMG_20181028_145038_BURST002-400x300.jpg 400w, https:\/\/virtualnimuzej.aspira.hr\/wp-content\/uploads\/2022\/09\/IMG_20181028_145038_BURST002-600x450.jpg 600w, https:\/\/virtualnimuzej.aspira.hr\/wp-content\/uploads\/2022\/09\/IMG_20181028_145038_BURST002-768x576.jpg 768w, https:\/\/virtualnimuzej.aspira.hr\/wp-content\/uploads\/2022\/09\/IMG_20181028_145038_BURST002.jpg 800w\" sizes=\"(max-width: 397px) 100vw, 397px\" \/><\/p>\n<p>&nbsp;<\/p>\n<p><img decoding=\"async\" class=\"alignnone size-medium wp-image-3337\" src=\"https:\/\/virtualnimuzej.aspira.hr\/wp-content\/uploads\/2022\/09\/IMG_20181028_143825-225x300.jpg\" alt=\"\" width=\"225\" height=\"300\" srcset=\"https:\/\/virtualnimuzej.aspira.hr\/wp-content\/uploads\/2022\/09\/IMG_20181028_143825-200x267.jpg 200w, https:\/\/virtualnimuzej.aspira.hr\/wp-content\/uploads\/2022\/09\/IMG_20181028_143825-225x300.jpg 225w, https:\/\/virtualnimuzej.aspira.hr\/wp-content\/uploads\/2022\/09\/IMG_20181028_143825-400x533.jpg 400w, https:\/\/virtualnimuzej.aspira.hr\/wp-content\/uploads\/2022\/09\/IMG_20181028_143825.jpg 600w\" sizes=\"(max-width: 225px) 100vw, 225px\" \/>\u00a0 \u00a0 <img decoding=\"async\" class=\"alignnone size-medium wp-image-3341\" src=\"https:\/\/virtualnimuzej.aspira.hr\/wp-content\/uploads\/2022\/09\/facebook_1661688978565_6969628729555168354-206x300.jpg\" alt=\"\" width=\"206\" height=\"300\" srcset=\"https:\/\/virtualnimuzej.aspira.hr\/wp-content\/uploads\/2022\/09\/facebook_1661688978565_6969628729555168354-200x291.jpg 200w, https:\/\/virtualnimuzej.aspira.hr\/wp-content\/uploads\/2022\/09\/facebook_1661688978565_6969628729555168354-206x300.jpg 206w, https:\/\/virtualnimuzej.aspira.hr\/wp-content\/uploads\/2022\/09\/facebook_1661688978565_6969628729555168354-400x582.jpg 400w, https:\/\/virtualnimuzej.aspira.hr\/wp-content\/uploads\/2022\/09\/facebook_1661688978565_6969628729555168354.jpg 550w\" sizes=\"(max-width: 206px) 100vw, 206px\" \/>\u00a0 \u00a0 <img decoding=\"async\" class=\"alignnone size-medium wp-image-3344\" src=\"https:\/\/virtualnimuzej.aspira.hr\/wp-content\/uploads\/2022\/09\/IMG-20181025-WA0009-225x300.jpg\" alt=\"\" width=\"225\" height=\"300\" srcset=\"https:\/\/virtualnimuzej.aspira.hr\/wp-content\/uploads\/2022\/09\/IMG-20181025-WA0009-200x267.jpg 200w, https:\/\/virtualnimuzej.aspira.hr\/wp-content\/uploads\/2022\/09\/IMG-20181025-WA0009-225x300.jpg 225w, https:\/\/virtualnimuzej.aspira.hr\/wp-content\/uploads\/2022\/09\/IMG-20181025-WA0009-400x533.jpg 400w, https:\/\/virtualnimuzej.aspira.hr\/wp-content\/uploads\/2022\/09\/IMG-20181025-WA0009.jpg 600w\" sizes=\"(max-width: 225px) 100vw, 225px\" \/><\/p>\n<p>&nbsp;<\/p>\n<p>Por primera vez en la historia republicana de Croacia se establece en Ecuador con sede en Guayaquil el Consulado Croata. La Embajadora Mira Martinec y Domagoj Vicenzo Prosoli, Consejero diplomatico llegaron al pais a otorgar las credenciales y el nombremiento official de Diego Mileti\u0107 como el primer consul croata y Branka Vukadinovi\u0107 como secretaria general. Nuestro Consulado estara ubicado en el Edificio Nobis, septimo piso. Gratitud a todos quienes gestionaron y trabajaron por anos para lograrlo en especial al president de la Asociacion Croata Luis A. Uscocovic.<\/p>\n<p>&nbsp;<\/p>\n<p><img decoding=\"async\" class=\"alignnone size-medium wp-image-3349\" src=\"https:\/\/virtualnimuzej.aspira.hr\/wp-content\/uploads\/2022\/09\/IMG-20220804-WA0000-300x273.jpg\" alt=\"\" width=\"300\" height=\"273\" srcset=\"https:\/\/virtualnimuzej.aspira.hr\/wp-content\/uploads\/2022\/09\/IMG-20220804-WA0000-200x182.jpg 200w, https:\/\/virtualnimuzej.aspira.hr\/wp-content\/uploads\/2022\/09\/IMG-20220804-WA0000-300x273.jpg 300w, https:\/\/virtualnimuzej.aspira.hr\/wp-content\/uploads\/2022\/09\/IMG-20220804-WA0000-400x364.jpg 400w, https:\/\/virtualnimuzej.aspira.hr\/wp-content\/uploads\/2022\/09\/IMG-20220804-WA0000-600x547.jpg 600w, https:\/\/virtualnimuzej.aspira.hr\/wp-content\/uploads\/2022\/09\/IMG-20220804-WA0000.jpg 720w\" sizes=\"(max-width: 300px) 100vw, 300px\" \/>\u00a0 \u00a0 \u00a0 \u00a0 \u00a0 \u00a0 \u00a0 \u00a0 \u00a0 \u00a0 \u00a0 \u00a0 \u00a0 <img decoding=\"async\" class=\"alignnone size-medium wp-image-3352\" src=\"https:\/\/virtualnimuzej.aspira.hr\/wp-content\/uploads\/2022\/09\/IMG-20220804-WA0003-300x271.jpg\" alt=\"\" width=\"300\" height=\"271\" srcset=\"https:\/\/virtualnimuzej.aspira.hr\/wp-content\/uploads\/2022\/09\/IMG-20220804-WA0003-200x181.jpg 200w, https:\/\/virtualnimuzej.aspira.hr\/wp-content\/uploads\/2022\/09\/IMG-20220804-WA0003-300x271.jpg 300w, https:\/\/virtualnimuzej.aspira.hr\/wp-content\/uploads\/2022\/09\/IMG-20220804-WA0003-400x361.jpg 400w, https:\/\/virtualnimuzej.aspira.hr\/wp-content\/uploads\/2022\/09\/IMG-20220804-WA0003-600x542.jpg 600w, https:\/\/virtualnimuzej.aspira.hr\/wp-content\/uploads\/2022\/09\/IMG-20220804-WA0003.jpg 720w\" sizes=\"(max-width: 300px) 100vw, 300px\" \/><\/p>\n<p>&nbsp;<\/p>\n<p>Branka Bezi\u0107 Filipovi\u0107<\/p>\n<p>&nbsp;<\/p>\n<p>&nbsp;<\/p>\n","protected":false},"excerpt":{"rendered":"<p>Luis Aviles Uscocovich fue nacido en Guayquil en 1967. El es abogado, fundador de la Sociedad ecuadoriana de cultura y negocio y presidente de Asociacion Croata. Sus origenes son de [&hellip;]<\/p>\n","protected":false},"author":1,"featured_media":3316,"comment_status":"open","ping_status":"open","sticky":false,"template":"","format":"standard","meta":{"footnotes":""},"categories":[81],"tags":[],"class_list":["post-3315","post","type-post","status-publish","format-standard","has-post-thumbnail","hentry","category-ecuador-es"],"yoast_head":"<!-- This site is optimized with the Yoast SEO plugin v20.7 - https:\/\/yoast.com\/wordpress\/plugins\/seo\/ -->\n<title>Luis Aviles Uscocovich de Guayaquil, Ecuador - Aspira Virtualni Muzej iseljeni\u0161tva Dalmacije<\/title>\n<meta name=\"robots\" content=\"index, follow, max-snippet:-1, max-image-preview:large, max-video-preview:-1\" \/>\n<link rel=\"canonical\" href=\"https:\/\/virtualnimuzej.aspira.hr\/es\/luis-aviles-uscocovich-de-guayaquil-ecuador\/\" \/>\n<meta property=\"og:locale\" content=\"es_ES\" \/>\n<meta property=\"og:type\" content=\"article\" \/>\n<meta property=\"og:title\" content=\"Luis Aviles Uscocovich de Guayaquil, Ecuador - Aspira Virtualni Muzej iseljeni\u0161tva Dalmacije\" \/>\n<meta property=\"og:description\" content=\"Luis Aviles Uscocovich fue nacido en Guayquil en 1967. El es abogado, fundador de la Sociedad ecuadoriana de cultura y negocio y presidente de Asociacion Croata. Sus origenes son de [&hellip;]\" \/>\n<meta property=\"og:url\" content=\"https:\/\/virtualnimuzej.aspira.hr\/es\/luis-aviles-uscocovich-de-guayaquil-ecuador\/\" \/>\n<meta property=\"og:site_name\" content=\"Aspira Virtualni Muzej iseljeni\u0161tva Dalmacije\" \/>\n<meta property=\"article:published_time\" content=\"2022-09-10T14:20:35+00:00\" \/>\n<meta property=\"article:modified_time\" content=\"2025-01-30T11:36:32+00:00\" \/>\n<meta property=\"og:image\" content=\"https:\/\/virtualnimuzej.aspira.hr\/wp-content\/uploads\/2022\/09\/IMG_20181028_145547.jpg\" \/>\n\t<meta property=\"og:image:width\" content=\"800\" \/>\n\t<meta property=\"og:image:height\" content=\"600\" \/>\n\t<meta property=\"og:image:type\" content=\"image\/jpeg\" \/>\n<meta name=\"author\" content=\"VmuzejAspira\" \/>\n<meta name=\"twitter:card\" content=\"summary_large_image\" \/>\n<meta name=\"twitter:label1\" content=\"Escrito por\" \/>\n\t<meta name=\"twitter:data1\" content=\"VmuzejAspira\" \/>\n\t<meta name=\"twitter:label2\" content=\"Tiempo de lectura\" \/>\n\t<meta name=\"twitter:data2\" content=\"5 minutos\" \/>\n<script type=\"application\/ld+json\" class=\"yoast-schema-graph\">{\"@context\":\"https:\/\/schema.org\",\"@graph\":[{\"@type\":\"WebPage\",\"@id\":\"https:\/\/virtualnimuzej.aspira.hr\/es\/luis-aviles-uscocovich-de-guayaquil-ecuador\/\",\"url\":\"https:\/\/virtualnimuzej.aspira.hr\/es\/luis-aviles-uscocovich-de-guayaquil-ecuador\/\",\"name\":\"Luis Aviles Uscocovich de Guayaquil, Ecuador - Aspira Virtualni Muzej iseljeni\u0161tva Dalmacije\",\"isPartOf\":{\"@id\":\"https:\/\/virtualnimuzej.aspira.hr\/#website\"},\"datePublished\":\"2022-09-10T14:20:35+00:00\",\"dateModified\":\"2025-01-30T11:36:32+00:00\",\"author\":{\"@id\":\"https:\/\/virtualnimuzej.aspira.hr\/#\/schema\/person\/8b28048370e78968988c04d6f1ba104d\"},\"breadcrumb\":{\"@id\":\"https:\/\/virtualnimuzej.aspira.hr\/es\/luis-aviles-uscocovich-de-guayaquil-ecuador\/#breadcrumb\"},\"inLanguage\":\"es\",\"potentialAction\":[{\"@type\":\"ReadAction\",\"target\":[\"https:\/\/virtualnimuzej.aspira.hr\/es\/luis-aviles-uscocovich-de-guayaquil-ecuador\/\"]}]},{\"@type\":\"BreadcrumbList\",\"@id\":\"https:\/\/virtualnimuzej.aspira.hr\/es\/luis-aviles-uscocovich-de-guayaquil-ecuador\/#breadcrumb\",\"itemListElement\":[{\"@type\":\"ListItem\",\"position\":1,\"name\":\"Naslovna\",\"item\":\"https:\/\/virtualnimuzej.aspira.hr\/es\/\"},{\"@type\":\"ListItem\",\"position\":2,\"name\":\"Luis Aviles Uscocovich de Guayaquil, Ecuador\"}]},{\"@type\":\"WebSite\",\"@id\":\"https:\/\/virtualnimuzej.aspira.hr\/#website\",\"url\":\"https:\/\/virtualnimuzej.aspira.hr\/\",\"name\":\"Aspira Virtualni Muzej iseljeni\u0161tva Dalmacije\",\"description\":\"Muzej iseljeni\u0161tva je zami\u0161ljen kao mjesto skupljanja i prezentacije gra\u0111e o hrvatskom iseljeni\u0161tvu i povijesti iseljavanja koja nikada nije bila dovoljno istra\u017eena.\",\"potentialAction\":[{\"@type\":\"SearchAction\",\"target\":{\"@type\":\"EntryPoint\",\"urlTemplate\":\"https:\/\/virtualnimuzej.aspira.hr\/?s={search_term_string}\"},\"query-input\":\"required name=search_term_string\"}],\"inLanguage\":\"es\"},{\"@type\":\"Person\",\"@id\":\"https:\/\/virtualnimuzej.aspira.hr\/#\/schema\/person\/8b28048370e78968988c04d6f1ba104d\",\"name\":\"VmuzejAspira\",\"image\":{\"@type\":\"ImageObject\",\"inLanguage\":\"es\",\"@id\":\"https:\/\/virtualnimuzej.aspira.hr\/#\/schema\/person\/image\/\",\"url\":\"https:\/\/secure.gravatar.com\/avatar\/cfa7124a34eec5233efffe1e8fb23c18bb83abdb6129e8f47c9144109613a228?s=96&d=mm&r=g\",\"contentUrl\":\"https:\/\/secure.gravatar.com\/avatar\/cfa7124a34eec5233efffe1e8fb23c18bb83abdb6129e8f47c9144109613a228?s=96&d=mm&r=g\",\"caption\":\"VmuzejAspira\"},\"sameAs\":[\"http:\/\/virtualnimuzej.aspira.hr\"],\"url\":\"https:\/\/virtualnimuzej.aspira.hr\/es\/author\/vmuzejaspira\/\"}]}<\/script>\n<!-- \/ Yoast SEO plugin. -->","yoast_head_json":{"title":"Luis Aviles Uscocovich de Guayaquil, Ecuador - Aspira Virtualni Muzej iseljeni\u0161tva Dalmacije","robots":{"index":"index","follow":"follow","max-snippet":"max-snippet:-1","max-image-preview":"max-image-preview:large","max-video-preview":"max-video-preview:-1"},"canonical":"https:\/\/virtualnimuzej.aspira.hr\/es\/luis-aviles-uscocovich-de-guayaquil-ecuador\/","og_locale":"es_ES","og_type":"article","og_title":"Luis Aviles Uscocovich de Guayaquil, Ecuador - Aspira Virtualni Muzej iseljeni\u0161tva Dalmacije","og_description":"Luis Aviles Uscocovich fue nacido en Guayquil en 1967. El es abogado, fundador de la Sociedad ecuadoriana de cultura y negocio y presidente de Asociacion Croata. Sus origenes son de [&hellip;]","og_url":"https:\/\/virtualnimuzej.aspira.hr\/es\/luis-aviles-uscocovich-de-guayaquil-ecuador\/","og_site_name":"Aspira Virtualni Muzej iseljeni\u0161tva Dalmacije","article_published_time":"2022-09-10T14:20:35+00:00","article_modified_time":"2025-01-30T11:36:32+00:00","og_image":[{"width":800,"height":600,"url":"https:\/\/virtualnimuzej.aspira.hr\/wp-content\/uploads\/2022\/09\/IMG_20181028_145547.jpg","type":"image\/jpeg"}],"author":"VmuzejAspira","twitter_card":"summary_large_image","twitter_misc":{"Escrito por":"VmuzejAspira","Tiempo de lectura":"5 minutos"},"schema":{"@context":"https:\/\/schema.org","@graph":[{"@type":"WebPage","@id":"https:\/\/virtualnimuzej.aspira.hr\/es\/luis-aviles-uscocovich-de-guayaquil-ecuador\/","url":"https:\/\/virtualnimuzej.aspira.hr\/es\/luis-aviles-uscocovich-de-guayaquil-ecuador\/","name":"Luis Aviles Uscocovich de Guayaquil, Ecuador - Aspira Virtualni Muzej iseljeni\u0161tva Dalmacije","isPartOf":{"@id":"https:\/\/virtualnimuzej.aspira.hr\/#website"},"datePublished":"2022-09-10T14:20:35+00:00","dateModified":"2025-01-30T11:36:32+00:00","author":{"@id":"https:\/\/virtualnimuzej.aspira.hr\/#\/schema\/person\/8b28048370e78968988c04d6f1ba104d"},"breadcrumb":{"@id":"https:\/\/virtualnimuzej.aspira.hr\/es\/luis-aviles-uscocovich-de-guayaquil-ecuador\/#breadcrumb"},"inLanguage":"es","potentialAction":[{"@type":"ReadAction","target":["https:\/\/virtualnimuzej.aspira.hr\/es\/luis-aviles-uscocovich-de-guayaquil-ecuador\/"]}]},{"@type":"BreadcrumbList","@id":"https:\/\/virtualnimuzej.aspira.hr\/es\/luis-aviles-uscocovich-de-guayaquil-ecuador\/#breadcrumb","itemListElement":[{"@type":"ListItem","position":1,"name":"Naslovna","item":"https:\/\/virtualnimuzej.aspira.hr\/es\/"},{"@type":"ListItem","position":2,"name":"Luis Aviles Uscocovich de Guayaquil, Ecuador"}]},{"@type":"WebSite","@id":"https:\/\/virtualnimuzej.aspira.hr\/#website","url":"https:\/\/virtualnimuzej.aspira.hr\/","name":"Aspira Virtualni Muzej iseljeni\u0161tva Dalmacije","description":"Muzej iseljeni\u0161tva je zami\u0161ljen kao mjesto skupljanja i prezentacije gra\u0111e o hrvatskom iseljeni\u0161tvu i povijesti iseljavanja koja nikada nije bila dovoljno istra\u017eena.","potentialAction":[{"@type":"SearchAction","target":{"@type":"EntryPoint","urlTemplate":"https:\/\/virtualnimuzej.aspira.hr\/?s={search_term_string}"},"query-input":"required name=search_term_string"}],"inLanguage":"es"},{"@type":"Person","@id":"https:\/\/virtualnimuzej.aspira.hr\/#\/schema\/person\/8b28048370e78968988c04d6f1ba104d","name":"VmuzejAspira","image":{"@type":"ImageObject","inLanguage":"es","@id":"https:\/\/virtualnimuzej.aspira.hr\/#\/schema\/person\/image\/","url":"https:\/\/secure.gravatar.com\/avatar\/cfa7124a34eec5233efffe1e8fb23c18bb83abdb6129e8f47c9144109613a228?s=96&d=mm&r=g","contentUrl":"https:\/\/secure.gravatar.com\/avatar\/cfa7124a34eec5233efffe1e8fb23c18bb83abdb6129e8f47c9144109613a228?s=96&d=mm&r=g","caption":"VmuzejAspira"},"sameAs":["http:\/\/virtualnimuzej.aspira.hr"],"url":"https:\/\/virtualnimuzej.aspira.hr\/es\/author\/vmuzejaspira\/"}]}},"_links":{"self":[{"href":"https:\/\/virtualnimuzej.aspira.hr\/es\/wp-json\/wp\/v2\/posts\/3315","targetHints":{"allow":["GET"]}}],"collection":[{"href":"https:\/\/virtualnimuzej.aspira.hr\/es\/wp-json\/wp\/v2\/posts"}],"about":[{"href":"https:\/\/virtualnimuzej.aspira.hr\/es\/wp-json\/wp\/v2\/types\/post"}],"author":[{"embeddable":true,"href":"https:\/\/virtualnimuzej.aspira.hr\/es\/wp-json\/wp\/v2\/users\/1"}],"replies":[{"embeddable":true,"href":"https:\/\/virtualnimuzej.aspira.hr\/es\/wp-json\/wp\/v2\/comments?post=3315"}],"version-history":[{"count":6,"href":"https:\/\/virtualnimuzej.aspira.hr\/es\/wp-json\/wp\/v2\/posts\/3315\/revisions"}],"predecessor-version":[{"id":13270,"href":"https:\/\/virtualnimuzej.aspira.hr\/es\/wp-json\/wp\/v2\/posts\/3315\/revisions\/13270"}],"wp:featuredmedia":[{"embeddable":true,"href":"https:\/\/virtualnimuzej.aspira.hr\/es\/wp-json\/wp\/v2\/media\/3316"}],"wp:attachment":[{"href":"https:\/\/virtualnimuzej.aspira.hr\/es\/wp-json\/wp\/v2\/media?parent=3315"}],"wp:term":[{"taxonomy":"category","embeddable":true,"href":"https:\/\/virtualnimuzej.aspira.hr\/es\/wp-json\/wp\/v2\/categories?post=3315"},{"taxonomy":"post_tag","embeddable":true,"href":"https:\/\/virtualnimuzej.aspira.hr\/es\/wp-json\/wp\/v2\/tags?post=3315"}],"curies":[{"name":"wp","href":"https:\/\/api.w.org\/{rel}","templated":true}]}}