{"id":3648,"date":"2022-09-23T15:52:49","date_gmt":"2022-09-23T13:52:49","guid":{"rendered":"https:\/\/virtualnimuzej.aspira.hr\/?p=3648"},"modified":"2022-09-23T15:52:49","modified_gmt":"2022-09-23T13:52:49","slug":"arbol-de-amistad-en-split","status":"publish","type":"post","link":"https:\/\/virtualnimuzej.aspira.hr\/es\/arbol-de-amistad-en-split\/","title":{"rendered":"Arbol de amistad en Split"},"content":{"rendered":"<p>La calle Antofagasta recibi\u00f3 su nombre en honor al hermanamiento de Split y esa ciudad chilena. Desafortunadamente, la mayor\u00eda de sus residentes no saben que una de las comunidades croatas m\u00e1s antiguas y m\u00e1s grandes vive en Antofagasta, Chile. Adem\u00e1s de los clubes croatas, tambi\u00e9n est\u00e1 el club deportivo Sokol, que fue construido con cemento de Dalmacijacement, donde la piscina se llama Split. Numerosas calles de Antofagasta llevan nombres de croatas locales, y se erigi\u00f3 un monumento a Antonio Rendi\u0107 Ivanovi\u0107, poeta y m\u00e9dico que no cobraba a los pobres y por lo tanto est\u00e1 en proceso de beatificaci\u00f3n en el Vaticano.<br \/>\nMilivoj Bratin\u010devi\u0107, que tiene una oficina en esa calle y trabajaba en el Ministerio de Inmigraci\u00f3n y Retorno, se quej\u00f3 de que a menudo le llega correo dirigido a: Anto Fagasta y que deber\u00edan llamar la atenci\u00f3n sobre el hecho de que no se trata de el nombre y apellido. Pensamos que ser\u00eda bueno que nuestro alcalde (entonces Andro Krstulovi\u0107 Opara) y el embajador de la Rep\u00fablica de Chile (entonces Juan Luis Nilo) plantaran un olivo en esa calle. Ser\u00eda s\u00edmbolo de paz, de amistad, pero tambi\u00e9n s\u00edmbolo de los d\u00e1lmatas que fueron a Chile. Es por eso que fundamos el Comit\u00e9 de Iniciativa en 2019, que se supon\u00eda que deb\u00eda realizar esta idea, que consiste en:<br \/>\nJuroslav Buljubasic, C\u00f3nsul Honorario de la Rep\u00fablica de Chile en Split<br \/>\nBranka Bezi\u0107 Filipovi\u0107, en ese momento jefa de la Fundacion pala la emigracion croata, sucursal de Split<br \/>\nMilivoj Bratin\u010devi\u0107 del formero Ministerio de Inmigraci\u00f3n y Retorno, y ahora miembro de la Sociedad Hispanocroata<br \/>\nAlen Jerkunica, decano de la Universidad de Aspira, que lleva a\u00f1os impartiendo cursos de idioma croata para croatas de Am\u00e9rica del Sur.<br \/>\nDavor Bu\u010devi\u0107, director de la escuela primaria Bol, hermanada con la escuela Republika de Croacia de Punta Arenas<\/p>\n<p>El embajador de Chile, Juan Luis Nilo, acept\u00f3 la propuesta con satisfacci\u00f3n, y tambi\u00e9n hicimos acuerdos informales con la Ciudad y compramos un olivo. Tuvimos un peque\u00f1o problema para concertar una cita, as\u00ed que plantamos el olivo para que no fallara, y luego sigui\u00f3 la pandemia de Corona y todo se detuvo.<\/p>\n<p>El olivo ya creci\u00f3, por lo que consideramos que este a\u00f1o es una oportunidad especial para darle vida a la idea colocando una peque\u00f1a marca escrita en el espacio, ya que as\u00ed tendr\u00edamos un memorial permanente conmemorativo del 30 aniversario del establecimiento de relaciones diplom\u00e1ticas entre las Rep\u00fablicas de Croacia y Chile.<br \/>\nEs decir, Chile fue el primer pa\u00eds sudamericano en reconocer a la Rep\u00fablica de Croacia, lo que podemos agradecer por las ganas y la fuerza de nuestros emigrantes.<br \/>\nEsta es una peque\u00f1a forma de agradecerle por eso, pero tambi\u00e9n de concluir los programas que marcan este aniversario.<\/p>\n\n\t\t<style type=\"text\/css\">\n\t\t\t#gallery-1 {\n\t\t\t\tmargin: auto;\n\t\t\t}\n\t\t\t#gallery-1 .gallery-item {\n\t\t\t\tfloat: left;\n\t\t\t\tmargin-top: 10px;\n\t\t\t\ttext-align: center;\n\t\t\t\twidth: 33%;\n\t\t\t}\n\t\t\t#gallery-1 img {\n\t\t\t\tborder: 2px solid #cfcfcf;\n\t\t\t}\n\t\t\t#gallery-1 .gallery-caption {\n\t\t\t\tmargin-left: 0;\n\t\t\t}\n\t\t\t\/* see gallery_shortcode() in wp-includes\/media.php *\/\n\t\t<\/style>\n\t\t<div id='gallery-1' class='gallery galleryid-3648 gallery-columns-3 gallery-size-thumbnail'><dl class='gallery-item'>\n\t\t\t<dt class='gallery-icon portrait'>\n\t\t\t\t<a data-rel=\"iLightbox[postimages]\" data-title=\"IMG_9952\" data-caption=\"\" href='https:\/\/virtualnimuzej.aspira.hr\/es\/img_9952-2\/'><img decoding=\"async\" width=\"150\" height=\"150\" src=\"https:\/\/virtualnimuzej.aspira.hr\/wp-content\/uploads\/2022\/09\/IMG_9952-150x150.jpg\" class=\"attachment-thumbnail size-thumbnail\" alt=\"\" srcset=\"https:\/\/virtualnimuzej.aspira.hr\/wp-content\/uploads\/2022\/09\/IMG_9952-66x66.jpg 66w, https:\/\/virtualnimuzej.aspira.hr\/wp-content\/uploads\/2022\/09\/IMG_9952-150x150.jpg 150w\" sizes=\"(max-width: 150px) 100vw, 150px\" \/><\/a>\n\t\t\t<\/dt><\/dl><dl class='gallery-item'>\n\t\t\t<dt class='gallery-icon landscape'>\n\t\t\t\t<a data-rel=\"iLightbox[postimages]\" data-title=\"IMG_9950\" data-caption=\"\" href='https:\/\/virtualnimuzej.aspira.hr\/es\/img_9950-2\/'><img decoding=\"async\" width=\"150\" height=\"150\" src=\"https:\/\/virtualnimuzej.aspira.hr\/wp-content\/uploads\/2022\/09\/IMG_9950-150x150.jpg\" class=\"attachment-thumbnail size-thumbnail\" alt=\"\" srcset=\"https:\/\/virtualnimuzej.aspira.hr\/wp-content\/uploads\/2022\/09\/IMG_9950-66x66.jpg 66w, https:\/\/virtualnimuzej.aspira.hr\/wp-content\/uploads\/2022\/09\/IMG_9950-150x150.jpg 150w\" sizes=\"(max-width: 150px) 100vw, 150px\" \/><\/a>\n\t\t\t<\/dt><\/dl><dl class='gallery-item'>\n\t\t\t<dt class='gallery-icon landscape'>\n\t\t\t\t<a data-rel=\"iLightbox[postimages]\" data-title=\"IMG_9941\" data-caption=\"\" href='https:\/\/virtualnimuzej.aspira.hr\/es\/img_9941-2\/'><img decoding=\"async\" width=\"150\" height=\"150\" src=\"https:\/\/virtualnimuzej.aspira.hr\/wp-content\/uploads\/2022\/09\/IMG_9941-150x150.jpg\" class=\"attachment-thumbnail size-thumbnail\" alt=\"\" srcset=\"https:\/\/virtualnimuzej.aspira.hr\/wp-content\/uploads\/2022\/09\/IMG_9941-66x66.jpg 66w, https:\/\/virtualnimuzej.aspira.hr\/wp-content\/uploads\/2022\/09\/IMG_9941-150x150.jpg 150w\" sizes=\"(max-width: 150px) 100vw, 150px\" \/><\/a>\n\t\t\t<\/dt><\/dl><br style=\"clear: both\" \/><dl class='gallery-item'>\n\t\t\t<dt class='gallery-icon landscape'>\n\t\t\t\t<a data-rel=\"iLightbox[postimages]\" data-title=\"IMG_9917\" data-caption=\"\" href='https:\/\/virtualnimuzej.aspira.hr\/es\/img_9917-2\/'><img decoding=\"async\" width=\"150\" height=\"150\" src=\"https:\/\/virtualnimuzej.aspira.hr\/wp-content\/uploads\/2022\/09\/IMG_9917-150x150.jpg\" class=\"attachment-thumbnail size-thumbnail\" alt=\"\" srcset=\"https:\/\/virtualnimuzej.aspira.hr\/wp-content\/uploads\/2022\/09\/IMG_9917-66x66.jpg 66w, https:\/\/virtualnimuzej.aspira.hr\/wp-content\/uploads\/2022\/09\/IMG_9917-150x150.jpg 150w\" sizes=\"(max-width: 150px) 100vw, 150px\" \/><\/a>\n\t\t\t<\/dt><\/dl>\n\t\t\t<br style='clear: both' \/>\n\t\t<\/div>\n\n<p>Branka Bezi\u0107 Filipovi\u0107<\/p>\n","protected":false},"excerpt":{"rendered":"<p>La calle Antofagasta recibi\u00f3 su nombre en honor al hermanamiento de Split y esa ciudad chilena. Desafortunadamente, la mayor\u00eda de sus residentes no saben que una de las comunidades croatas [&hellip;]<\/p>\n","protected":false},"author":1,"featured_media":3633,"comment_status":"open","ping_status":"open","sticky":false,"template":"","format":"standard","meta":{"footnotes":""},"categories":[41],"tags":[],"class_list":["post-3648","post","type-post","status-publish","format-standard","has-post-thumbnail","hentry","category-noticias"],"yoast_head":"<!-- This site is optimized with the Yoast SEO plugin v20.7 - https:\/\/yoast.com\/wordpress\/plugins\/seo\/ -->\n<title>Arbol de amistad en Split - Aspira Virtualni Muzej iseljeni\u0161tva Dalmacije<\/title>\n<meta name=\"robots\" content=\"index, follow, max-snippet:-1, max-image-preview:large, max-video-preview:-1\" \/>\n<link rel=\"canonical\" href=\"https:\/\/virtualnimuzej.aspira.hr\/es\/arbol-de-amistad-en-split\/\" \/>\n<meta property=\"og:locale\" content=\"es_ES\" \/>\n<meta property=\"og:type\" content=\"article\" \/>\n<meta property=\"og:title\" content=\"Arbol de amistad en Split - Aspira Virtualni Muzej iseljeni\u0161tva Dalmacije\" \/>\n<meta property=\"og:description\" content=\"La calle Antofagasta recibi\u00f3 su nombre en honor al hermanamiento de Split y esa ciudad chilena. Desafortunadamente, la mayor\u00eda de sus residentes no saben que una de las comunidades croatas [&hellip;]\" \/>\n<meta property=\"og:url\" content=\"https:\/\/virtualnimuzej.aspira.hr\/es\/arbol-de-amistad-en-split\/\" \/>\n<meta property=\"og:site_name\" content=\"Aspira Virtualni Muzej iseljeni\u0161tva Dalmacije\" \/>\n<meta property=\"article:published_time\" content=\"2022-09-23T13:52:49+00:00\" \/>\n<meta property=\"og:image\" content=\"https:\/\/virtualnimuzej.aspira.hr\/wp-content\/uploads\/2022\/09\/IMG_9954-scaled.jpg\" \/>\n\t<meta property=\"og:image:width\" content=\"2560\" \/>\n\t<meta property=\"og:image:height\" content=\"1756\" \/>\n\t<meta property=\"og:image:type\" content=\"image\/jpeg\" \/>\n<meta name=\"author\" content=\"VmuzejAspira\" \/>\n<meta name=\"twitter:card\" content=\"summary_large_image\" \/>\n<meta name=\"twitter:label1\" content=\"Escrito por\" \/>\n\t<meta name=\"twitter:data1\" content=\"VmuzejAspira\" \/>\n\t<meta name=\"twitter:label2\" content=\"Tiempo de lectura\" \/>\n\t<meta name=\"twitter:data2\" content=\"3 minutos\" \/>\n<script type=\"application\/ld+json\" class=\"yoast-schema-graph\">{\"@context\":\"https:\/\/schema.org\",\"@graph\":[{\"@type\":\"WebPage\",\"@id\":\"https:\/\/virtualnimuzej.aspira.hr\/es\/arbol-de-amistad-en-split\/\",\"url\":\"https:\/\/virtualnimuzej.aspira.hr\/es\/arbol-de-amistad-en-split\/\",\"name\":\"Arbol de amistad en Split - Aspira Virtualni Muzej iseljeni\u0161tva Dalmacije\",\"isPartOf\":{\"@id\":\"https:\/\/virtualnimuzej.aspira.hr\/#website\"},\"datePublished\":\"2022-09-23T13:52:49+00:00\",\"dateModified\":\"2022-09-23T13:52:49+00:00\",\"author\":{\"@id\":\"https:\/\/virtualnimuzej.aspira.hr\/#\/schema\/person\/8b28048370e78968988c04d6f1ba104d\"},\"breadcrumb\":{\"@id\":\"https:\/\/virtualnimuzej.aspira.hr\/es\/arbol-de-amistad-en-split\/#breadcrumb\"},\"inLanguage\":\"es\",\"potentialAction\":[{\"@type\":\"ReadAction\",\"target\":[\"https:\/\/virtualnimuzej.aspira.hr\/es\/arbol-de-amistad-en-split\/\"]}]},{\"@type\":\"BreadcrumbList\",\"@id\":\"https:\/\/virtualnimuzej.aspira.hr\/es\/arbol-de-amistad-en-split\/#breadcrumb\",\"itemListElement\":[{\"@type\":\"ListItem\",\"position\":1,\"name\":\"Naslovna\",\"item\":\"https:\/\/virtualnimuzej.aspira.hr\/es\/\"},{\"@type\":\"ListItem\",\"position\":2,\"name\":\"Arbol de amistad en Split\"}]},{\"@type\":\"WebSite\",\"@id\":\"https:\/\/virtualnimuzej.aspira.hr\/#website\",\"url\":\"https:\/\/virtualnimuzej.aspira.hr\/\",\"name\":\"Aspira Virtualni Muzej iseljeni\u0161tva Dalmacije\",\"description\":\"Muzej iseljeni\u0161tva je zami\u0161ljen kao mjesto skupljanja i prezentacije gra\u0111e o hrvatskom iseljeni\u0161tvu i povijesti iseljavanja koja nikada nije bila dovoljno istra\u017eena.\",\"potentialAction\":[{\"@type\":\"SearchAction\",\"target\":{\"@type\":\"EntryPoint\",\"urlTemplate\":\"https:\/\/virtualnimuzej.aspira.hr\/?s={search_term_string}\"},\"query-input\":\"required name=search_term_string\"}],\"inLanguage\":\"es\"},{\"@type\":\"Person\",\"@id\":\"https:\/\/virtualnimuzej.aspira.hr\/#\/schema\/person\/8b28048370e78968988c04d6f1ba104d\",\"name\":\"VmuzejAspira\",\"image\":{\"@type\":\"ImageObject\",\"inLanguage\":\"es\",\"@id\":\"https:\/\/virtualnimuzej.aspira.hr\/#\/schema\/person\/image\/\",\"url\":\"https:\/\/secure.gravatar.com\/avatar\/cfa7124a34eec5233efffe1e8fb23c18bb83abdb6129e8f47c9144109613a228?s=96&d=mm&r=g\",\"contentUrl\":\"https:\/\/secure.gravatar.com\/avatar\/cfa7124a34eec5233efffe1e8fb23c18bb83abdb6129e8f47c9144109613a228?s=96&d=mm&r=g\",\"caption\":\"VmuzejAspira\"},\"sameAs\":[\"http:\/\/virtualnimuzej.aspira.hr\"],\"url\":\"https:\/\/virtualnimuzej.aspira.hr\/es\/author\/vmuzejaspira\/\"}]}<\/script>\n<!-- \/ Yoast SEO plugin. -->","yoast_head_json":{"title":"Arbol de amistad en Split - Aspira Virtualni Muzej iseljeni\u0161tva Dalmacije","robots":{"index":"index","follow":"follow","max-snippet":"max-snippet:-1","max-image-preview":"max-image-preview:large","max-video-preview":"max-video-preview:-1"},"canonical":"https:\/\/virtualnimuzej.aspira.hr\/es\/arbol-de-amistad-en-split\/","og_locale":"es_ES","og_type":"article","og_title":"Arbol de amistad en Split - Aspira Virtualni Muzej iseljeni\u0161tva Dalmacije","og_description":"La calle Antofagasta recibi\u00f3 su nombre en honor al hermanamiento de Split y esa ciudad chilena. Desafortunadamente, la mayor\u00eda de sus residentes no saben que una de las comunidades croatas [&hellip;]","og_url":"https:\/\/virtualnimuzej.aspira.hr\/es\/arbol-de-amistad-en-split\/","og_site_name":"Aspira Virtualni Muzej iseljeni\u0161tva Dalmacije","article_published_time":"2022-09-23T13:52:49+00:00","og_image":[{"width":2560,"height":1756,"url":"https:\/\/virtualnimuzej.aspira.hr\/wp-content\/uploads\/2022\/09\/IMG_9954-scaled.jpg","type":"image\/jpeg"}],"author":"VmuzejAspira","twitter_card":"summary_large_image","twitter_misc":{"Escrito por":"VmuzejAspira","Tiempo de lectura":"3 minutos"},"schema":{"@context":"https:\/\/schema.org","@graph":[{"@type":"WebPage","@id":"https:\/\/virtualnimuzej.aspira.hr\/es\/arbol-de-amistad-en-split\/","url":"https:\/\/virtualnimuzej.aspira.hr\/es\/arbol-de-amistad-en-split\/","name":"Arbol de amistad en Split - Aspira Virtualni Muzej iseljeni\u0161tva Dalmacije","isPartOf":{"@id":"https:\/\/virtualnimuzej.aspira.hr\/#website"},"datePublished":"2022-09-23T13:52:49+00:00","dateModified":"2022-09-23T13:52:49+00:00","author":{"@id":"https:\/\/virtualnimuzej.aspira.hr\/#\/schema\/person\/8b28048370e78968988c04d6f1ba104d"},"breadcrumb":{"@id":"https:\/\/virtualnimuzej.aspira.hr\/es\/arbol-de-amistad-en-split\/#breadcrumb"},"inLanguage":"es","potentialAction":[{"@type":"ReadAction","target":["https:\/\/virtualnimuzej.aspira.hr\/es\/arbol-de-amistad-en-split\/"]}]},{"@type":"BreadcrumbList","@id":"https:\/\/virtualnimuzej.aspira.hr\/es\/arbol-de-amistad-en-split\/#breadcrumb","itemListElement":[{"@type":"ListItem","position":1,"name":"Naslovna","item":"https:\/\/virtualnimuzej.aspira.hr\/es\/"},{"@type":"ListItem","position":2,"name":"Arbol de amistad en Split"}]},{"@type":"WebSite","@id":"https:\/\/virtualnimuzej.aspira.hr\/#website","url":"https:\/\/virtualnimuzej.aspira.hr\/","name":"Aspira Virtualni Muzej iseljeni\u0161tva Dalmacije","description":"Muzej iseljeni\u0161tva je zami\u0161ljen kao mjesto skupljanja i prezentacije gra\u0111e o hrvatskom iseljeni\u0161tvu i povijesti iseljavanja koja nikada nije bila dovoljno istra\u017eena.","potentialAction":[{"@type":"SearchAction","target":{"@type":"EntryPoint","urlTemplate":"https:\/\/virtualnimuzej.aspira.hr\/?s={search_term_string}"},"query-input":"required name=search_term_string"}],"inLanguage":"es"},{"@type":"Person","@id":"https:\/\/virtualnimuzej.aspira.hr\/#\/schema\/person\/8b28048370e78968988c04d6f1ba104d","name":"VmuzejAspira","image":{"@type":"ImageObject","inLanguage":"es","@id":"https:\/\/virtualnimuzej.aspira.hr\/#\/schema\/person\/image\/","url":"https:\/\/secure.gravatar.com\/avatar\/cfa7124a34eec5233efffe1e8fb23c18bb83abdb6129e8f47c9144109613a228?s=96&d=mm&r=g","contentUrl":"https:\/\/secure.gravatar.com\/avatar\/cfa7124a34eec5233efffe1e8fb23c18bb83abdb6129e8f47c9144109613a228?s=96&d=mm&r=g","caption":"VmuzejAspira"},"sameAs":["http:\/\/virtualnimuzej.aspira.hr"],"url":"https:\/\/virtualnimuzej.aspira.hr\/es\/author\/vmuzejaspira\/"}]}},"_links":{"self":[{"href":"https:\/\/virtualnimuzej.aspira.hr\/es\/wp-json\/wp\/v2\/posts\/3648","targetHints":{"allow":["GET"]}}],"collection":[{"href":"https:\/\/virtualnimuzej.aspira.hr\/es\/wp-json\/wp\/v2\/posts"}],"about":[{"href":"https:\/\/virtualnimuzej.aspira.hr\/es\/wp-json\/wp\/v2\/types\/post"}],"author":[{"embeddable":true,"href":"https:\/\/virtualnimuzej.aspira.hr\/es\/wp-json\/wp\/v2\/users\/1"}],"replies":[{"embeddable":true,"href":"https:\/\/virtualnimuzej.aspira.hr\/es\/wp-json\/wp\/v2\/comments?post=3648"}],"version-history":[{"count":1,"href":"https:\/\/virtualnimuzej.aspira.hr\/es\/wp-json\/wp\/v2\/posts\/3648\/revisions"}],"predecessor-version":[{"id":3649,"href":"https:\/\/virtualnimuzej.aspira.hr\/es\/wp-json\/wp\/v2\/posts\/3648\/revisions\/3649"}],"wp:featuredmedia":[{"embeddable":true,"href":"https:\/\/virtualnimuzej.aspira.hr\/es\/wp-json\/wp\/v2\/media\/3633"}],"wp:attachment":[{"href":"https:\/\/virtualnimuzej.aspira.hr\/es\/wp-json\/wp\/v2\/media?parent=3648"}],"wp:term":[{"taxonomy":"category","embeddable":true,"href":"https:\/\/virtualnimuzej.aspira.hr\/es\/wp-json\/wp\/v2\/categories?post=3648"},{"taxonomy":"post_tag","embeddable":true,"href":"https:\/\/virtualnimuzej.aspira.hr\/es\/wp-json\/wp\/v2\/tags?post=3648"}],"curies":[{"name":"wp","href":"https:\/\/api.w.org\/{rel}","templated":true}]}}