{"id":3951,"date":"2022-09-26T12:09:35","date_gmt":"2022-09-26T10:09:35","guid":{"rendered":"https:\/\/virtualnimuzej.aspira.hr\/?p=3951"},"modified":"2022-09-26T12:18:32","modified_gmt":"2022-09-26T10:18:32","slug":"encuentro-de-la-emigracion-croata-en-guayaquil","status":"publish","type":"post","link":"https:\/\/virtualnimuzej.aspira.hr\/es\/encuentro-de-la-emigracion-croata-en-guayaquil\/","title":{"rendered":"Encuentro de la emigracion Croata en Guayaquil"},"content":{"rendered":"<p style=\"text-align: center;\"><img decoding=\"async\" class=\"alignnone wp-image-3955\" src=\"https:\/\/virtualnimuzej.aspira.hr\/wp-content\/uploads\/2022\/09\/2-6-300x168.jpg\" alt=\"\" width=\"416\" height=\"233\" srcset=\"https:\/\/virtualnimuzej.aspira.hr\/wp-content\/uploads\/2022\/09\/2-6-200x112.jpg 200w, https:\/\/virtualnimuzej.aspira.hr\/wp-content\/uploads\/2022\/09\/2-6-300x168.jpg 300w, https:\/\/virtualnimuzej.aspira.hr\/wp-content\/uploads\/2022\/09\/2-6-400x224.jpg 400w, https:\/\/virtualnimuzej.aspira.hr\/wp-content\/uploads\/2022\/09\/2-6-600x336.jpg 600w, https:\/\/virtualnimuzej.aspira.hr\/wp-content\/uploads\/2022\/09\/2-6-768x430.jpg 768w, https:\/\/virtualnimuzej.aspira.hr\/wp-content\/uploads\/2022\/09\/2-6.jpg 800w\" sizes=\"(max-width: 416px) 100vw, 416px\" \/><\/p>\n<p>&nbsp;<\/p>\n<p>Se llev\u00f3 a cabo en Guayaquil el 4\u00b0 encuentro de Croatas de Sudam\u00e9rica, el cual inici\u00f3 con el registro de participantes el 26 de octubre de 2018. Seg\u00fan la pr\u00e1ctica actual, lo organiza cada a\u00f1o la comunidad croata de otro pa\u00eds. Las reuniones comenzaron por iniciativa de Franjo Kurtovi\u0107 de Lima, Per\u00fa, y Robert Jakubek de la ciudad boliviana de Santa Cruz de la Sierra. La primera reuni\u00f3n fue en Lima, la segunda en Santa Cruz y la tercera en Santiago de Chile.<\/p>\n<p>La comunidad croata en Guayaquil es muy activa y conectada. Existe una sociedad croata, la Asociaci\u00f3n de Croatas del Ecuador, y el presidente es Luis Aviles Uscocovich, cuya familia, por parte de madre, es originaria de Moko\u0161ica.<br \/>\nEl encuentro de los croatas de Am\u00e9rica del Sur, el cuarto consecutivo, fue organizado en cooperaci\u00f3n con la comunidad croata en Guayaquil y la Embajada de la Rep\u00fablica de Croacia en Santiago de Chile, bajo cuya jurisdicci\u00f3n se encuentran Per\u00fa y Bolivia adem\u00e1s de Ecuador.<\/p>\n<p>El evento comenz\u00f3 con la Semana de la Cocina Croata en el Hotel Sheraton, donde se desarroll\u00f3 todo el programa. Se presentaron platos croatas en el restaurante del hotel y se realiz\u00f3 un taller donde se aprendi\u00f3 a cocinar. El taller estuvo a cargo de Yasmin Saric de Guayaquil.<\/p>\n<p>El encuentro fue inaugurado en representaci\u00f3n de la comunidad croata de Ecuador por Tomislav Topic Granados, presidente de Telconet. Luego se dirigieron a la reuni\u00f3n Nives Malenica, la embajadora de la Rep\u00fablica de Croacia en Santiago de Chile, y el prof. Doctor. Vladimir Bermanec, acad\u00e9mico croata y vicepresidente del Consejo Nacional de Ciencia, Educaci\u00f3n Superior y Desarrollo Tecnol\u00f3gico de la Rep\u00fablica de Croacia. La presentadora fue Lurdes Delgado Pandzic, ecuatoriana casada con Simon Pandzic, croata, due\u00f1a de una plantaci\u00f3n de cacao y planta productora de chocolate, y mujer del a\u00f1o en su industria. Se realizaron dos foros: sobre econom\u00eda y sobre educaci\u00f3n.<br \/>\nEl foro econ\u00f3mico discuti\u00f3 el desarrollo de las relaciones comerciales entre los croatas de Am\u00e9rica del Sur y las empresas croatas. Alex Tudor de Chile, presidente de la C\u00e1mara de Comercio Chileno-Croata CROCHAM y miembro del Consejo del Gobierno de la Rep\u00fablica de Croacia para croatas fuera de la Rep\u00fablica de Croacia, habl\u00f3 sobre oportunidades de negocios con Croacia. Jorge Kulji\u0161 de la ciudad de Santa Cruz de la Sierra, presidente de la empresa \u201cSintesis S.A\u201d, habl\u00f3 sobre sus experiencias en Bolivia. Uno de los disertantes fue Josip Hrgetic de Venezuela, quien organiza el Meeting G2 en Zagreb. La segunda parte del encuentro vers\u00f3 sobre la identidad cultural y la aproximaci\u00f3n de la emigraci\u00f3n croata de Am\u00e9rica del Sur a la cultura croata. Patricio Rodr\u00edguez Glasinovic de Santiago de Chile, presidente de CPEAC (C\u00edrculo Profesionales Empresarios Ascendencia Croata) disert\u00f3 sobre este tema y present\u00f3 los proyectos futuros del Museo Virtual de Chile y el proyecto Archivo Hist\u00f3rico, que han sido financiados por la Oficina Estatal para los Croatas en el Exterior de la Rep\u00fablica de Croacia durante alg\u00fan tiempo. Branka Bezi\u0107 Filipovi\u0107 de la Fundacion para la emigracion croata de Split present\u00f3 el proyecto actual Museo Virtual de la Emigraci\u00f3n en Dalmacia y el Curso de idioma croata organizado a trav\u00e9s de un seminario web de Aspira Universidad en Split de forma gratuita para todos los estudiantes de Am\u00e9rica del Sur, gracias al apoyo financiero de Condado de Split y Dalmacia.<br \/>\nRobert Jakubek, c\u00f3nsul honorario de la Rep\u00fablica de Croacia en Santa Cruz de la Sierra en Bolivia y miembro del Consejo de Gobierno de la Rep\u00fablica de Croacia para los croatas fuera de la Rep\u00fablica de Croacia y Yovan Trkovic de la asociaci\u00f3n Estadio Croata en Santiago de Chile hablaron sobre sus experiencias. Jakubek propuso erigir un monumento a los croatas desalojados en Croacia y en todo el mundo. El acad\u00e9mico Bermanec acept\u00f3 con gusto la idea y propuso la creaci\u00f3n de una comisi\u00f3n para la creaci\u00f3n del monumento. Ana Mar\u00eda Kuljevan Peinovic, c\u00f3nsul honoraria de la Rep\u00fablica de Croacia en Lima, disert\u00f3 sobre el tema de la identidad cultural y present\u00f3 el proyecto en el que est\u00e1n trabajando, el cual est\u00e1 relacionado con la recolecci\u00f3n de materiales para escribir un libro sobre los inmigrantes en el Per\u00fa. El presentador de este foro fue Luis Avil\u00e9s Uscocovich.<br \/>\nAdem\u00e1s del pa\u00eds anfitri\u00f3n, en la reuni\u00f3n de este a\u00f1o estuvieron presentes representantes de las comunidades croatas de Paraguay, Chile, Per\u00fa, Bolivia y Venezuela. Los croatas de Argentina, que se espera que organicen el pr\u00f3ximo encuentro, no acudieron este a\u00f1o, aunque estaban anunciados.<\/p>\n<p>La parte musical del programa se dividi\u00f3 en dos partes. El primero se llev\u00f3 a cabo en el Teatro Centro de Arte, y los artistas de Rijeka fueron invitados. Esa parte del programa estuvo relacionada con la m\u00fasica cl\u00e1sica, en la que el pianista Javor Bra\u010di\u0107 interpret\u00f3 obras de Sorko\u010devi\u0107, Mozart, Chopin y Kunac. A continuaci\u00f3n actuaron las sopranos Olga y Karolina \u0160ober y el bajo-bar\u00edtono Bojan \u0160ober con el acompa\u00f1amiento pian\u00edstico de Filip Fak, y presentaron obras de cl\u00e1sicos europeos, as\u00ed como las de Zajac, Radi\u0107 y Kuntari\u0107.<br \/>\nLa parte de entretenimiento del programa estuvo a cargo del Trio Gu\u0161t de Split y Tri Sulara de Antofagasta, quienes tambi\u00e9n actuaron en la cena de gala.<\/p>\n<p>Como parte del encuentro se organiz\u00f3 una visita a la finca Victoria, donde se produce cacao por parte de la familia Charlie Garc\u00eda.<\/p>\n<p>&nbsp;<\/p>\n\n\t\t<style type=\"text\/css\">\n\t\t\t#gallery-1 {\n\t\t\t\tmargin: auto;\n\t\t\t}\n\t\t\t#gallery-1 .gallery-item {\n\t\t\t\tfloat: left;\n\t\t\t\tmargin-top: 10px;\n\t\t\t\ttext-align: center;\n\t\t\t\twidth: 33%;\n\t\t\t}\n\t\t\t#gallery-1 img {\n\t\t\t\tborder: 2px solid #cfcfcf;\n\t\t\t}\n\t\t\t#gallery-1 .gallery-caption {\n\t\t\t\tmargin-left: 0;\n\t\t\t}\n\t\t\t\/* see gallery_shortcode() in wp-includes\/media.php *\/\n\t\t<\/style>\n\t\t<div id='gallery-1' class='gallery galleryid-3951 gallery-columns-3 gallery-size-thumbnail'><dl class='gallery-item'>\n\t\t\t<dt class='gallery-icon portrait'>\n\t\t\t\t<a data-rel=\"iLightbox[postimages]\" data-title=\"IMG-20181027-WA0023\" data-caption=\"\" href='https:\/\/virtualnimuzej.aspira.hr\/es\/encuentro-de-la-emigracion-croata-en-guayaquil\/img-20181027-wa0023-3\/'><img decoding=\"async\" width=\"150\" height=\"150\" src=\"https:\/\/virtualnimuzej.aspira.hr\/wp-content\/uploads\/2022\/09\/IMG-20181027-WA0023-2-150x150.jpg\" class=\"attachment-thumbnail size-thumbnail\" alt=\"\" srcset=\"https:\/\/virtualnimuzej.aspira.hr\/wp-content\/uploads\/2022\/09\/IMG-20181027-WA0023-2-66x66.jpg 66w, https:\/\/virtualnimuzej.aspira.hr\/wp-content\/uploads\/2022\/09\/IMG-20181027-WA0023-2-150x150.jpg 150w\" sizes=\"(max-width: 150px) 100vw, 150px\" \/><\/a>\n\t\t\t<\/dt><\/dl><dl class='gallery-item'>\n\t\t\t<dt class='gallery-icon landscape'>\n\t\t\t\t<a data-rel=\"iLightbox[postimages]\" data-title=\"IMG_20181027_112312\" data-caption=\"\" href='https:\/\/virtualnimuzej.aspira.hr\/es\/encuentro-de-la-emigracion-croata-en-guayaquil\/img_20181027_112312-3\/'><img decoding=\"async\" width=\"150\" height=\"150\" src=\"https:\/\/virtualnimuzej.aspira.hr\/wp-content\/uploads\/2022\/09\/IMG_20181027_112312-2-150x150.jpg\" class=\"attachment-thumbnail size-thumbnail\" alt=\"\" srcset=\"https:\/\/virtualnimuzej.aspira.hr\/wp-content\/uploads\/2022\/09\/IMG_20181027_112312-2-66x66.jpg 66w, https:\/\/virtualnimuzej.aspira.hr\/wp-content\/uploads\/2022\/09\/IMG_20181027_112312-2-150x150.jpg 150w\" sizes=\"(max-width: 150px) 100vw, 150px\" \/><\/a>\n\t\t\t<\/dt><\/dl><dl class='gallery-item'>\n\t\t\t<dt class='gallery-icon portrait'>\n\t\t\t\t<a data-rel=\"iLightbox[postimages]\" data-title=\"IMG_20181027_112452\" data-caption=\"\" href='https:\/\/virtualnimuzej.aspira.hr\/es\/encuentro-de-la-emigracion-croata-en-guayaquil\/img_20181027_112452-3\/'><img decoding=\"async\" width=\"150\" height=\"150\" src=\"https:\/\/virtualnimuzej.aspira.hr\/wp-content\/uploads\/2022\/09\/IMG_20181027_112452-2-150x150.jpg\" class=\"attachment-thumbnail size-thumbnail\" alt=\"\" srcset=\"https:\/\/virtualnimuzej.aspira.hr\/wp-content\/uploads\/2022\/09\/IMG_20181027_112452-2-66x66.jpg 66w, https:\/\/virtualnimuzej.aspira.hr\/wp-content\/uploads\/2022\/09\/IMG_20181027_112452-2-150x150.jpg 150w\" sizes=\"(max-width: 150px) 100vw, 150px\" \/><\/a>\n\t\t\t<\/dt><\/dl><br style=\"clear: both\" \/><dl class='gallery-item'>\n\t\t\t<dt class='gallery-icon landscape'>\n\t\t\t\t<a data-rel=\"iLightbox[postimages]\" data-title=\"IMG_20181027_112902\" data-caption=\"\" href='https:\/\/virtualnimuzej.aspira.hr\/es\/encuentro-de-la-emigracion-croata-en-guayaquil\/img_20181027_112902-3\/'><img decoding=\"async\" width=\"150\" height=\"150\" src=\"https:\/\/virtualnimuzej.aspira.hr\/wp-content\/uploads\/2022\/09\/IMG_20181027_112902-2-150x150.jpg\" class=\"attachment-thumbnail size-thumbnail\" alt=\"\" srcset=\"https:\/\/virtualnimuzej.aspira.hr\/wp-content\/uploads\/2022\/09\/IMG_20181027_112902-2-66x66.jpg 66w, https:\/\/virtualnimuzej.aspira.hr\/wp-content\/uploads\/2022\/09\/IMG_20181027_112902-2-150x150.jpg 150w\" sizes=\"(max-width: 150px) 100vw, 150px\" \/><\/a>\n\t\t\t<\/dt><\/dl><dl class='gallery-item'>\n\t\t\t<dt class='gallery-icon landscape'>\n\t\t\t\t<a data-rel=\"iLightbox[postimages]\" data-title=\"IMG_20181027_115751_BURST001_COVER\" data-caption=\"\" href='https:\/\/virtualnimuzej.aspira.hr\/es\/encuentro-de-la-emigracion-croata-en-guayaquil\/img_20181027_115751_burst001_cover-3\/'><img decoding=\"async\" width=\"150\" height=\"150\" src=\"https:\/\/virtualnimuzej.aspira.hr\/wp-content\/uploads\/2022\/09\/IMG_20181027_115751_BURST001_COVER-2-150x150.jpg\" class=\"attachment-thumbnail size-thumbnail\" alt=\"\" srcset=\"https:\/\/virtualnimuzej.aspira.hr\/wp-content\/uploads\/2022\/09\/IMG_20181027_115751_BURST001_COVER-2-66x66.jpg 66w, https:\/\/virtualnimuzej.aspira.hr\/wp-content\/uploads\/2022\/09\/IMG_20181027_115751_BURST001_COVER-2-150x150.jpg 150w\" sizes=\"(max-width: 150px) 100vw, 150px\" \/><\/a>\n\t\t\t<\/dt><\/dl>\n\t\t\t<br style='clear: both' \/>\n\t\t<\/div>\n\n<p>&nbsp;<\/p>\n<p>Luego se nos uni\u00f3 el Vice Skra\u010di\u0107, Viceministro del Ministerio de Asuntos Exteriores y Europeos, quien ley\u00f3 una carta de bienvenida de la Ministra Marija Pej\u010dinovi\u0107-Buri\u0107 en la cena de gala. La embajadora de la Rep\u00fablica de Croacia en Santiago de Chile, Nives Malenica, se despidi\u00f3 de las comunidades croatas que estaban bajo su jurisdicci\u00f3n, pues su mandato ha expirado y se marcha a otro cargo.<\/p>\n<p>El encuentro termin\u00f3 con una Misa dominical de acci\u00f3n de gracias, que iba a ser presidida por Mons. Drago Balvanovi\u0107 de Lima, delegado de la Conferencia Episcopal Croata para pastores extranjeros en Am\u00e9rica Latina. Como no pudo venir por enfermedad, la misa fue presidida por un sacerdote local, y se le uni\u00f3 la hermana Klementina Bano\u017ei\u0107, que vino desde Quito para la ocasi\u00f3n. La misa finaliz\u00f3 con la actuaci\u00f3n de sus pupilos, que cantaron \u00abParadise Maiden, Queen of the Croats\u00bb, de Petar Perica.<\/p>\n<p>&nbsp;<\/p>\n\n\t\t<style type=\"text\/css\">\n\t\t\t#gallery-2 {\n\t\t\t\tmargin: auto;\n\t\t\t}\n\t\t\t#gallery-2 .gallery-item {\n\t\t\t\tfloat: left;\n\t\t\t\tmargin-top: 10px;\n\t\t\t\ttext-align: center;\n\t\t\t\twidth: 33%;\n\t\t\t}\n\t\t\t#gallery-2 img {\n\t\t\t\tborder: 2px solid #cfcfcf;\n\t\t\t}\n\t\t\t#gallery-2 .gallery-caption {\n\t\t\t\tmargin-left: 0;\n\t\t\t}\n\t\t\t\/* see gallery_shortcode() in wp-includes\/media.php *\/\n\t\t<\/style>\n\t\t<div id='gallery-2' class='gallery galleryid-3951 gallery-columns-3 gallery-size-thumbnail'><dl class='gallery-item'>\n\t\t\t<dt class='gallery-icon portrait'>\n\t\t\t\t<a data-rel=\"iLightbox[postimages]\" data-title=\"1\" data-caption=\"\" href='https:\/\/virtualnimuzej.aspira.hr\/es\/encuentro-de-la-emigracion-croata-en-guayaquil\/1-5\/'><img decoding=\"async\" width=\"150\" height=\"150\" src=\"https:\/\/virtualnimuzej.aspira.hr\/wp-content\/uploads\/2022\/09\/1-5-150x150.jpg\" class=\"attachment-thumbnail size-thumbnail\" alt=\"\" srcset=\"https:\/\/virtualnimuzej.aspira.hr\/wp-content\/uploads\/2022\/09\/1-5-66x66.jpg 66w, https:\/\/virtualnimuzej.aspira.hr\/wp-content\/uploads\/2022\/09\/1-5-150x150.jpg 150w\" sizes=\"(max-width: 150px) 100vw, 150px\" \/><\/a>\n\t\t\t<\/dt><\/dl><dl class='gallery-item'>\n\t\t\t<dt class='gallery-icon landscape'>\n\t\t\t\t<a data-rel=\"iLightbox[postimages]\" data-title=\"10\" data-caption=\"Yasmin Saric\" href='https:\/\/virtualnimuzej.aspira.hr\/es\/encuentro-de-la-emigracion-croata-en-guayaquil\/10-2\/'><img decoding=\"async\" width=\"150\" height=\"150\" src=\"https:\/\/virtualnimuzej.aspira.hr\/wp-content\/uploads\/2022\/09\/10-1-150x150.jpg\" class=\"attachment-thumbnail size-thumbnail\" alt=\"\" aria-describedby=\"gallery-2-3993\" srcset=\"https:\/\/virtualnimuzej.aspira.hr\/wp-content\/uploads\/2022\/09\/10-1-66x66.jpg 66w, https:\/\/virtualnimuzej.aspira.hr\/wp-content\/uploads\/2022\/09\/10-1-150x150.jpg 150w\" sizes=\"(max-width: 150px) 100vw, 150px\" \/><\/a>\n\t\t\t<\/dt>\n\t\t\t\t<dd class='wp-caption-text gallery-caption' id='gallery-2-3993'>\n\t\t\t\tYasmin Saric\n\t\t\t\t<\/dd><\/dl><dl class='gallery-item'>\n\t\t\t<dt class='gallery-icon landscape'>\n\t\t\t\t<a data-rel=\"iLightbox[postimages]\" data-title=\"11\" data-caption=\"Luis Aviles Uscocovich\" href='https:\/\/virtualnimuzej.aspira.hr\/es\/encuentro-de-la-emigracion-croata-en-guayaquil\/attachment\/11\/'><img decoding=\"async\" width=\"150\" height=\"150\" src=\"https:\/\/virtualnimuzej.aspira.hr\/wp-content\/uploads\/2022\/09\/11-1-150x150.jpg\" class=\"attachment-thumbnail size-thumbnail\" alt=\"\" aria-describedby=\"gallery-2-3996\" srcset=\"https:\/\/virtualnimuzej.aspira.hr\/wp-content\/uploads\/2022\/09\/11-1-66x66.jpg 66w, https:\/\/virtualnimuzej.aspira.hr\/wp-content\/uploads\/2022\/09\/11-1-150x150.jpg 150w\" sizes=\"(max-width: 150px) 100vw, 150px\" \/><\/a>\n\t\t\t<\/dt>\n\t\t\t\t<dd class='wp-caption-text gallery-caption' id='gallery-2-3996'>\n\t\t\t\tLuis Aviles Uscocovich\n\t\t\t\t<\/dd><\/dl><br style=\"clear: both\" \/><dl class='gallery-item'>\n\t\t\t<dt class='gallery-icon landscape'>\n\t\t\t\t<a data-rel=\"iLightbox[postimages]\" data-title=\"12\" data-caption=\"\" href='https:\/\/virtualnimuzej.aspira.hr\/es\/encuentro-de-la-emigracion-croata-en-guayaquil\/attachment\/12\/'><img decoding=\"async\" width=\"150\" height=\"150\" src=\"https:\/\/virtualnimuzej.aspira.hr\/wp-content\/uploads\/2022\/09\/12-1-150x150.jpg\" class=\"attachment-thumbnail size-thumbnail\" alt=\"\" srcset=\"https:\/\/virtualnimuzej.aspira.hr\/wp-content\/uploads\/2022\/09\/12-1-66x66.jpg 66w, https:\/\/virtualnimuzej.aspira.hr\/wp-content\/uploads\/2022\/09\/12-1-150x150.jpg 150w, https:\/\/virtualnimuzej.aspira.hr\/wp-content\/uploads\/2022\/09\/12-1-200x200.jpg 200w, https:\/\/virtualnimuzej.aspira.hr\/wp-content\/uploads\/2022\/09\/12-1-300x300.jpg 300w, https:\/\/virtualnimuzej.aspira.hr\/wp-content\/uploads\/2022\/09\/12-1-400x400.jpg 400w, https:\/\/virtualnimuzej.aspira.hr\/wp-content\/uploads\/2022\/09\/12-1-600x600.jpg 600w, https:\/\/virtualnimuzej.aspira.hr\/wp-content\/uploads\/2022\/09\/12-1-768x768.jpg 768w, https:\/\/virtualnimuzej.aspira.hr\/wp-content\/uploads\/2022\/09\/12-1.jpg 800w\" sizes=\"(max-width: 150px) 100vw, 150px\" \/><\/a>\n\t\t\t<\/dt><\/dl><dl class='gallery-item'>\n\t\t\t<dt class='gallery-icon portrait'>\n\t\t\t\t<a data-rel=\"iLightbox[postimages]\" data-title=\"13\" data-caption=\"\" href='https:\/\/virtualnimuzej.aspira.hr\/es\/encuentro-de-la-emigracion-croata-en-guayaquil\/attachment\/13\/'><img decoding=\"async\" width=\"150\" height=\"150\" src=\"https:\/\/virtualnimuzej.aspira.hr\/wp-content\/uploads\/2022\/09\/13-1-150x150.jpg\" class=\"attachment-thumbnail size-thumbnail\" alt=\"\" srcset=\"https:\/\/virtualnimuzej.aspira.hr\/wp-content\/uploads\/2022\/09\/13-1-66x66.jpg 66w, https:\/\/virtualnimuzej.aspira.hr\/wp-content\/uploads\/2022\/09\/13-1-150x150.jpg 150w\" sizes=\"(max-width: 150px) 100vw, 150px\" \/><\/a>\n\t\t\t<\/dt><\/dl><dl class='gallery-item'>\n\t\t\t<dt class='gallery-icon portrait'>\n\t\t\t\t<a data-rel=\"iLightbox[postimages]\" data-title=\"14\" data-caption=\"\" href='https:\/\/virtualnimuzej.aspira.hr\/es\/encuentro-de-la-emigracion-croata-en-guayaquil\/attachment\/14\/'><img decoding=\"async\" width=\"150\" height=\"150\" src=\"https:\/\/virtualnimuzej.aspira.hr\/wp-content\/uploads\/2022\/09\/14-1-150x150.jpg\" class=\"attachment-thumbnail size-thumbnail\" alt=\"\" srcset=\"https:\/\/virtualnimuzej.aspira.hr\/wp-content\/uploads\/2022\/09\/14-1-66x66.jpg 66w, https:\/\/virtualnimuzej.aspira.hr\/wp-content\/uploads\/2022\/09\/14-1-150x150.jpg 150w\" sizes=\"(max-width: 150px) 100vw, 150px\" \/><\/a>\n\t\t\t<\/dt><\/dl><br style=\"clear: both\" \/><dl class='gallery-item'>\n\t\t\t<dt class='gallery-icon portrait'>\n\t\t\t\t<a data-rel=\"iLightbox[postimages]\" data-title=\"15\" data-caption=\"Branka con la delegacion chilena\" href='https:\/\/virtualnimuzej.aspira.hr\/es\/encuentro-de-la-emigracion-croata-en-guayaquil\/attachment\/15\/'><img decoding=\"async\" width=\"150\" height=\"150\" src=\"https:\/\/virtualnimuzej.aspira.hr\/wp-content\/uploads\/2022\/09\/15-1-150x150.jpg\" class=\"attachment-thumbnail size-thumbnail\" alt=\"\" aria-describedby=\"gallery-2-4008\" srcset=\"https:\/\/virtualnimuzej.aspira.hr\/wp-content\/uploads\/2022\/09\/15-1-66x66.jpg 66w, https:\/\/virtualnimuzej.aspira.hr\/wp-content\/uploads\/2022\/09\/15-1-150x150.jpg 150w\" sizes=\"(max-width: 150px) 100vw, 150px\" \/><\/a>\n\t\t\t<\/dt>\n\t\t\t\t<dd class='wp-caption-text gallery-caption' id='gallery-2-4008'>\n\t\t\t\tBranka con la delegacion chilena\n\t\t\t\t<\/dd><\/dl><dl class='gallery-item'>\n\t\t\t<dt class='gallery-icon portrait'>\n\t\t\t\t<a data-rel=\"iLightbox[postimages]\" data-title=\"2\" data-caption=\"\" href='https:\/\/virtualnimuzej.aspira.hr\/es\/encuentro-de-la-emigracion-croata-en-guayaquil\/2-6\/'><img decoding=\"async\" width=\"150\" height=\"150\" src=\"https:\/\/virtualnimuzej.aspira.hr\/wp-content\/uploads\/2022\/09\/2-7-150x150.jpg\" class=\"attachment-thumbnail size-thumbnail\" alt=\"\" srcset=\"https:\/\/virtualnimuzej.aspira.hr\/wp-content\/uploads\/2022\/09\/2-7-66x66.jpg 66w, https:\/\/virtualnimuzej.aspira.hr\/wp-content\/uploads\/2022\/09\/2-7-150x150.jpg 150w\" sizes=\"(max-width: 150px) 100vw, 150px\" \/><\/a>\n\t\t\t<\/dt><\/dl><dl class='gallery-item'>\n\t\t\t<dt class='gallery-icon landscape'>\n\t\t\t\t<a data-rel=\"iLightbox[postimages]\" data-title=\"3\" data-caption=\"\" href='https:\/\/virtualnimuzej.aspira.hr\/es\/encuentro-de-la-emigracion-croata-en-guayaquil\/3-4\/'><img decoding=\"async\" width=\"150\" height=\"150\" src=\"https:\/\/virtualnimuzej.aspira.hr\/wp-content\/uploads\/2022\/09\/3-1-150x150.jpeg\" class=\"attachment-thumbnail size-thumbnail\" alt=\"\" srcset=\"https:\/\/virtualnimuzej.aspira.hr\/wp-content\/uploads\/2022\/09\/3-1-66x66.jpeg 66w, https:\/\/virtualnimuzej.aspira.hr\/wp-content\/uploads\/2022\/09\/3-1-150x150.jpeg 150w\" sizes=\"(max-width: 150px) 100vw, 150px\" \/><\/a>\n\t\t\t<\/dt><\/dl><br style=\"clear: both\" \/><dl class='gallery-item'>\n\t\t\t<dt class='gallery-icon portrait'>\n\t\t\t\t<a data-rel=\"iLightbox[postimages]\" data-title=\"4\" data-caption=\"\" href='https:\/\/virtualnimuzej.aspira.hr\/es\/encuentro-de-la-emigracion-croata-en-guayaquil\/4-6\/'><img decoding=\"async\" width=\"150\" height=\"150\" src=\"https:\/\/virtualnimuzej.aspira.hr\/wp-content\/uploads\/2022\/09\/4-1-150x150.jpeg\" class=\"attachment-thumbnail size-thumbnail\" alt=\"\" srcset=\"https:\/\/virtualnimuzej.aspira.hr\/wp-content\/uploads\/2022\/09\/4-1-66x66.jpeg 66w, https:\/\/virtualnimuzej.aspira.hr\/wp-content\/uploads\/2022\/09\/4-1-150x150.jpeg 150w\" sizes=\"(max-width: 150px) 100vw, 150px\" \/><\/a>\n\t\t\t<\/dt><\/dl><dl class='gallery-item'>\n\t\t\t<dt class='gallery-icon landscape'>\n\t\t\t\t<a data-rel=\"iLightbox[postimages]\" data-title=\"5\" data-caption=\"\" href='https:\/\/virtualnimuzej.aspira.hr\/es\/encuentro-de-la-emigracion-croata-en-guayaquil\/5-3\/'><img decoding=\"async\" width=\"150\" height=\"150\" src=\"https:\/\/virtualnimuzej.aspira.hr\/wp-content\/uploads\/2022\/09\/5-1-150x150.jpeg\" class=\"attachment-thumbnail size-thumbnail\" alt=\"\" srcset=\"https:\/\/virtualnimuzej.aspira.hr\/wp-content\/uploads\/2022\/09\/5-1-66x66.jpeg 66w, https:\/\/virtualnimuzej.aspira.hr\/wp-content\/uploads\/2022\/09\/5-1-150x150.jpeg 150w\" sizes=\"(max-width: 150px) 100vw, 150px\" \/><\/a>\n\t\t\t<\/dt><\/dl><dl class='gallery-item'>\n\t\t\t<dt class='gallery-icon portrait'>\n\t\t\t\t<a data-rel=\"iLightbox[postimages]\" data-title=\"7\" data-caption=\"\" href='https:\/\/virtualnimuzej.aspira.hr\/es\/encuentro-de-la-emigracion-croata-en-guayaquil\/7-3\/'><img decoding=\"async\" width=\"150\" height=\"150\" src=\"https:\/\/virtualnimuzej.aspira.hr\/wp-content\/uploads\/2022\/09\/7-1-150x150.jpeg\" class=\"attachment-thumbnail size-thumbnail\" alt=\"\" srcset=\"https:\/\/virtualnimuzej.aspira.hr\/wp-content\/uploads\/2022\/09\/7-1-66x66.jpeg 66w, https:\/\/virtualnimuzej.aspira.hr\/wp-content\/uploads\/2022\/09\/7-1-150x150.jpeg 150w\" sizes=\"(max-width: 150px) 100vw, 150px\" \/><\/a>\n\t\t\t<\/dt><\/dl><br style=\"clear: both\" \/><dl class='gallery-item'>\n\t\t\t<dt class='gallery-icon landscape'>\n\t\t\t\t<a data-rel=\"iLightbox[postimages]\" data-title=\"8\" data-caption=\"\" href='https:\/\/virtualnimuzej.aspira.hr\/es\/encuentro-de-la-emigracion-croata-en-guayaquil\/8-3\/'><img decoding=\"async\" width=\"150\" height=\"150\" src=\"https:\/\/virtualnimuzej.aspira.hr\/wp-content\/uploads\/2022\/09\/8-1-150x150.jpeg\" class=\"attachment-thumbnail size-thumbnail\" alt=\"\" srcset=\"https:\/\/virtualnimuzej.aspira.hr\/wp-content\/uploads\/2022\/09\/8-1-66x66.jpeg 66w, https:\/\/virtualnimuzej.aspira.hr\/wp-content\/uploads\/2022\/09\/8-1-150x150.jpeg 150w\" sizes=\"(max-width: 150px) 100vw, 150px\" \/><\/a>\n\t\t\t<\/dt><\/dl><dl class='gallery-item'>\n\t\t\t<dt class='gallery-icon landscape'>\n\t\t\t\t<a data-rel=\"iLightbox[postimages]\" data-title=\"9\" data-caption=\"\" href='https:\/\/virtualnimuzej.aspira.hr\/es\/encuentro-de-la-emigracion-croata-en-guayaquil\/9-3\/'><img decoding=\"async\" width=\"150\" height=\"150\" src=\"https:\/\/virtualnimuzej.aspira.hr\/wp-content\/uploads\/2022\/09\/9-1-150x150.jpeg\" class=\"attachment-thumbnail size-thumbnail\" alt=\"\" srcset=\"https:\/\/virtualnimuzej.aspira.hr\/wp-content\/uploads\/2022\/09\/9-1-66x66.jpeg 66w, https:\/\/virtualnimuzej.aspira.hr\/wp-content\/uploads\/2022\/09\/9-1-150x150.jpeg 150w\" sizes=\"(max-width: 150px) 100vw, 150px\" \/><\/a>\n\t\t\t<\/dt><\/dl>\n\t\t\t<br style='clear: both' \/>\n\t\t<\/div>\n\n<p>Texto: Branka Bezi\u0107 Filipovi\u0107<\/p>\n","protected":false},"excerpt":{"rendered":"<p>&nbsp; Se llev\u00f3 a cabo en Guayaquil el 4\u00b0 encuentro de Croatas de Sudam\u00e9rica, el cual inici\u00f3 con el registro de participantes el 26 de octubre de 2018. Seg\u00fan la [&hellip;]<\/p>\n","protected":false},"author":1,"featured_media":3952,"comment_status":"open","ping_status":"open","sticky":false,"template":"","format":"standard","meta":{"footnotes":""},"categories":[81],"tags":[],"class_list":["post-3951","post","type-post","status-publish","format-standard","has-post-thumbnail","hentry","category-ecuador-es"],"yoast_head":"<!-- This site is optimized with the Yoast SEO plugin v20.7 - https:\/\/yoast.com\/wordpress\/plugins\/seo\/ -->\n<title>Encuentro de la emigracion Croata en Guayaquil - Aspira Virtualni Muzej iseljeni\u0161tva Dalmacije<\/title>\n<meta name=\"robots\" content=\"index, follow, max-snippet:-1, max-image-preview:large, max-video-preview:-1\" \/>\n<link rel=\"canonical\" href=\"https:\/\/virtualnimuzej.aspira.hr\/es\/encuentro-de-la-emigracion-croata-en-guayaquil\/\" \/>\n<meta property=\"og:locale\" content=\"es_ES\" \/>\n<meta property=\"og:type\" content=\"article\" \/>\n<meta property=\"og:title\" content=\"Encuentro de la emigracion Croata en Guayaquil - Aspira Virtualni Muzej iseljeni\u0161tva Dalmacije\" \/>\n<meta property=\"og:description\" content=\"&nbsp; Se llev\u00f3 a cabo en Guayaquil el 4\u00b0 encuentro de Croatas de Sudam\u00e9rica, el cual inici\u00f3 con el registro de participantes el 26 de octubre de 2018. Seg\u00fan la [&hellip;]\" \/>\n<meta property=\"og:url\" content=\"https:\/\/virtualnimuzej.aspira.hr\/es\/encuentro-de-la-emigracion-croata-en-guayaquil\/\" \/>\n<meta property=\"og:site_name\" content=\"Aspira Virtualni Muzej iseljeni\u0161tva Dalmacije\" \/>\n<meta property=\"article:published_time\" content=\"2022-09-26T10:09:35+00:00\" \/>\n<meta property=\"article:modified_time\" content=\"2022-09-26T10:18:32+00:00\" \/>\n<meta property=\"og:image\" content=\"https:\/\/virtualnimuzej.aspira.hr\/wp-content\/uploads\/2022\/09\/IMG_20181025_144113-1.jpg\" \/>\n\t<meta property=\"og:image:width\" content=\"800\" \/>\n\t<meta property=\"og:image:height\" content=\"639\" \/>\n\t<meta property=\"og:image:type\" content=\"image\/jpeg\" \/>\n<meta name=\"author\" content=\"VmuzejAspira\" \/>\n<meta name=\"twitter:card\" content=\"summary_large_image\" \/>\n<meta name=\"twitter:label1\" content=\"Escrito por\" \/>\n\t<meta name=\"twitter:data1\" content=\"VmuzejAspira\" \/>\n\t<meta name=\"twitter:label2\" content=\"Tiempo de lectura\" \/>\n\t<meta name=\"twitter:data2\" content=\"6 minutos\" \/>\n<script type=\"application\/ld+json\" class=\"yoast-schema-graph\">{\"@context\":\"https:\/\/schema.org\",\"@graph\":[{\"@type\":\"WebPage\",\"@id\":\"https:\/\/virtualnimuzej.aspira.hr\/es\/encuentro-de-la-emigracion-croata-en-guayaquil\/\",\"url\":\"https:\/\/virtualnimuzej.aspira.hr\/es\/encuentro-de-la-emigracion-croata-en-guayaquil\/\",\"name\":\"Encuentro de la emigracion Croata en Guayaquil - Aspira Virtualni Muzej iseljeni\u0161tva Dalmacije\",\"isPartOf\":{\"@id\":\"https:\/\/virtualnimuzej.aspira.hr\/#website\"},\"datePublished\":\"2022-09-26T10:09:35+00:00\",\"dateModified\":\"2022-09-26T10:18:32+00:00\",\"author\":{\"@id\":\"https:\/\/virtualnimuzej.aspira.hr\/#\/schema\/person\/8b28048370e78968988c04d6f1ba104d\"},\"breadcrumb\":{\"@id\":\"https:\/\/virtualnimuzej.aspira.hr\/es\/encuentro-de-la-emigracion-croata-en-guayaquil\/#breadcrumb\"},\"inLanguage\":\"es\",\"potentialAction\":[{\"@type\":\"ReadAction\",\"target\":[\"https:\/\/virtualnimuzej.aspira.hr\/es\/encuentro-de-la-emigracion-croata-en-guayaquil\/\"]}]},{\"@type\":\"BreadcrumbList\",\"@id\":\"https:\/\/virtualnimuzej.aspira.hr\/es\/encuentro-de-la-emigracion-croata-en-guayaquil\/#breadcrumb\",\"itemListElement\":[{\"@type\":\"ListItem\",\"position\":1,\"name\":\"Naslovna\",\"item\":\"https:\/\/virtualnimuzej.aspira.hr\/es\/\"},{\"@type\":\"ListItem\",\"position\":2,\"name\":\"Encuentro de la emigracion Croata en Guayaquil\"}]},{\"@type\":\"WebSite\",\"@id\":\"https:\/\/virtualnimuzej.aspira.hr\/#website\",\"url\":\"https:\/\/virtualnimuzej.aspira.hr\/\",\"name\":\"Aspira Virtualni Muzej iseljeni\u0161tva Dalmacije\",\"description\":\"Muzej iseljeni\u0161tva je zami\u0161ljen kao mjesto skupljanja i prezentacije gra\u0111e o hrvatskom iseljeni\u0161tvu i povijesti iseljavanja koja nikada nije bila dovoljno istra\u017eena.\",\"potentialAction\":[{\"@type\":\"SearchAction\",\"target\":{\"@type\":\"EntryPoint\",\"urlTemplate\":\"https:\/\/virtualnimuzej.aspira.hr\/?s={search_term_string}\"},\"query-input\":\"required name=search_term_string\"}],\"inLanguage\":\"es\"},{\"@type\":\"Person\",\"@id\":\"https:\/\/virtualnimuzej.aspira.hr\/#\/schema\/person\/8b28048370e78968988c04d6f1ba104d\",\"name\":\"VmuzejAspira\",\"image\":{\"@type\":\"ImageObject\",\"inLanguage\":\"es\",\"@id\":\"https:\/\/virtualnimuzej.aspira.hr\/#\/schema\/person\/image\/\",\"url\":\"https:\/\/secure.gravatar.com\/avatar\/cfa7124a34eec5233efffe1e8fb23c18bb83abdb6129e8f47c9144109613a228?s=96&d=mm&r=g\",\"contentUrl\":\"https:\/\/secure.gravatar.com\/avatar\/cfa7124a34eec5233efffe1e8fb23c18bb83abdb6129e8f47c9144109613a228?s=96&d=mm&r=g\",\"caption\":\"VmuzejAspira\"},\"sameAs\":[\"http:\/\/virtualnimuzej.aspira.hr\"],\"url\":\"https:\/\/virtualnimuzej.aspira.hr\/es\/author\/vmuzejaspira\/\"}]}<\/script>\n<!-- \/ Yoast SEO plugin. -->","yoast_head_json":{"title":"Encuentro de la emigracion Croata en Guayaquil - Aspira Virtualni Muzej iseljeni\u0161tva Dalmacije","robots":{"index":"index","follow":"follow","max-snippet":"max-snippet:-1","max-image-preview":"max-image-preview:large","max-video-preview":"max-video-preview:-1"},"canonical":"https:\/\/virtualnimuzej.aspira.hr\/es\/encuentro-de-la-emigracion-croata-en-guayaquil\/","og_locale":"es_ES","og_type":"article","og_title":"Encuentro de la emigracion Croata en Guayaquil - Aspira Virtualni Muzej iseljeni\u0161tva Dalmacije","og_description":"&nbsp; Se llev\u00f3 a cabo en Guayaquil el 4\u00b0 encuentro de Croatas de Sudam\u00e9rica, el cual inici\u00f3 con el registro de participantes el 26 de octubre de 2018. Seg\u00fan la [&hellip;]","og_url":"https:\/\/virtualnimuzej.aspira.hr\/es\/encuentro-de-la-emigracion-croata-en-guayaquil\/","og_site_name":"Aspira Virtualni Muzej iseljeni\u0161tva Dalmacije","article_published_time":"2022-09-26T10:09:35+00:00","article_modified_time":"2022-09-26T10:18:32+00:00","og_image":[{"width":800,"height":639,"url":"https:\/\/virtualnimuzej.aspira.hr\/wp-content\/uploads\/2022\/09\/IMG_20181025_144113-1.jpg","type":"image\/jpeg"}],"author":"VmuzejAspira","twitter_card":"summary_large_image","twitter_misc":{"Escrito por":"VmuzejAspira","Tiempo de lectura":"6 minutos"},"schema":{"@context":"https:\/\/schema.org","@graph":[{"@type":"WebPage","@id":"https:\/\/virtualnimuzej.aspira.hr\/es\/encuentro-de-la-emigracion-croata-en-guayaquil\/","url":"https:\/\/virtualnimuzej.aspira.hr\/es\/encuentro-de-la-emigracion-croata-en-guayaquil\/","name":"Encuentro de la emigracion Croata en Guayaquil - Aspira Virtualni Muzej iseljeni\u0161tva Dalmacije","isPartOf":{"@id":"https:\/\/virtualnimuzej.aspira.hr\/#website"},"datePublished":"2022-09-26T10:09:35+00:00","dateModified":"2022-09-26T10:18:32+00:00","author":{"@id":"https:\/\/virtualnimuzej.aspira.hr\/#\/schema\/person\/8b28048370e78968988c04d6f1ba104d"},"breadcrumb":{"@id":"https:\/\/virtualnimuzej.aspira.hr\/es\/encuentro-de-la-emigracion-croata-en-guayaquil\/#breadcrumb"},"inLanguage":"es","potentialAction":[{"@type":"ReadAction","target":["https:\/\/virtualnimuzej.aspira.hr\/es\/encuentro-de-la-emigracion-croata-en-guayaquil\/"]}]},{"@type":"BreadcrumbList","@id":"https:\/\/virtualnimuzej.aspira.hr\/es\/encuentro-de-la-emigracion-croata-en-guayaquil\/#breadcrumb","itemListElement":[{"@type":"ListItem","position":1,"name":"Naslovna","item":"https:\/\/virtualnimuzej.aspira.hr\/es\/"},{"@type":"ListItem","position":2,"name":"Encuentro de la emigracion Croata en Guayaquil"}]},{"@type":"WebSite","@id":"https:\/\/virtualnimuzej.aspira.hr\/#website","url":"https:\/\/virtualnimuzej.aspira.hr\/","name":"Aspira Virtualni Muzej iseljeni\u0161tva Dalmacije","description":"Muzej iseljeni\u0161tva je zami\u0161ljen kao mjesto skupljanja i prezentacije gra\u0111e o hrvatskom iseljeni\u0161tvu i povijesti iseljavanja koja nikada nije bila dovoljno istra\u017eena.","potentialAction":[{"@type":"SearchAction","target":{"@type":"EntryPoint","urlTemplate":"https:\/\/virtualnimuzej.aspira.hr\/?s={search_term_string}"},"query-input":"required name=search_term_string"}],"inLanguage":"es"},{"@type":"Person","@id":"https:\/\/virtualnimuzej.aspira.hr\/#\/schema\/person\/8b28048370e78968988c04d6f1ba104d","name":"VmuzejAspira","image":{"@type":"ImageObject","inLanguage":"es","@id":"https:\/\/virtualnimuzej.aspira.hr\/#\/schema\/person\/image\/","url":"https:\/\/secure.gravatar.com\/avatar\/cfa7124a34eec5233efffe1e8fb23c18bb83abdb6129e8f47c9144109613a228?s=96&d=mm&r=g","contentUrl":"https:\/\/secure.gravatar.com\/avatar\/cfa7124a34eec5233efffe1e8fb23c18bb83abdb6129e8f47c9144109613a228?s=96&d=mm&r=g","caption":"VmuzejAspira"},"sameAs":["http:\/\/virtualnimuzej.aspira.hr"],"url":"https:\/\/virtualnimuzej.aspira.hr\/es\/author\/vmuzejaspira\/"}]}},"_links":{"self":[{"href":"https:\/\/virtualnimuzej.aspira.hr\/es\/wp-json\/wp\/v2\/posts\/3951","targetHints":{"allow":["GET"]}}],"collection":[{"href":"https:\/\/virtualnimuzej.aspira.hr\/es\/wp-json\/wp\/v2\/posts"}],"about":[{"href":"https:\/\/virtualnimuzej.aspira.hr\/es\/wp-json\/wp\/v2\/types\/post"}],"author":[{"embeddable":true,"href":"https:\/\/virtualnimuzej.aspira.hr\/es\/wp-json\/wp\/v2\/users\/1"}],"replies":[{"embeddable":true,"href":"https:\/\/virtualnimuzej.aspira.hr\/es\/wp-json\/wp\/v2\/comments?post=3951"}],"version-history":[{"count":4,"href":"https:\/\/virtualnimuzej.aspira.hr\/es\/wp-json\/wp\/v2\/posts\/3951\/revisions"}],"predecessor-version":[{"id":4039,"href":"https:\/\/virtualnimuzej.aspira.hr\/es\/wp-json\/wp\/v2\/posts\/3951\/revisions\/4039"}],"wp:featuredmedia":[{"embeddable":true,"href":"https:\/\/virtualnimuzej.aspira.hr\/es\/wp-json\/wp\/v2\/media\/3952"}],"wp:attachment":[{"href":"https:\/\/virtualnimuzej.aspira.hr\/es\/wp-json\/wp\/v2\/media?parent=3951"}],"wp:term":[{"taxonomy":"category","embeddable":true,"href":"https:\/\/virtualnimuzej.aspira.hr\/es\/wp-json\/wp\/v2\/categories?post=3951"},{"taxonomy":"post_tag","embeddable":true,"href":"https:\/\/virtualnimuzej.aspira.hr\/es\/wp-json\/wp\/v2\/tags?post=3951"}],"curies":[{"name":"wp","href":"https:\/\/api.w.org\/{rel}","templated":true}]}}