{"id":4578,"date":"2022-09-26T20:42:11","date_gmt":"2022-09-26T18:42:11","guid":{"rendered":"https:\/\/virtualnimuzej.aspira.hr\/?p=4578"},"modified":"2022-09-26T21:36:44","modified_gmt":"2022-09-26T19:36:44","slug":"misioneras-croatas-en-ecuador","status":"publish","type":"post","link":"https:\/\/virtualnimuzej.aspira.hr\/es\/misioneras-croatas-en-ecuador\/","title":{"rendered":"Misioneras croatas en Ecuador"},"content":{"rendered":"<p>&nbsp;<\/p>\n<p>En 2010, la provincia ecuatoriana del instituto Siervas de la Misericordia cumpli\u00f3 un cuarto de siglo de existencia, y siempre ha estado pintada con colores croatas: fue fundada, participa activamente y ha sido dirigida desde el principio por hermanas croatas. .<\/p>\n<p>La conmemoraci\u00f3n de los 25 a\u00f1os de actividad de las Hermanas de la Misericordia en el Ecuador concluy\u00f3 solemnemente con una gran celebraci\u00f3n de cinco d\u00edas en la estaci\u00f3n misionera de Palo Quemado y la ciudad capital de Quito. En un alegre esp\u00edritu misionero, con la participaci\u00f3n de numerosos creyentes, religiosas de todas las provincias (Italia, Croacia, Brasil, \u00c1frica y Ecuador) y laicos vinculados a la sociedad, el programa reuni\u00f3 preciosos recuerdos de los primeros pasos en Ecuador, un pasado fruct\u00edfero pero muchas veces arduo, y al mismo tiempo dio una muestra representativa de las actividades de las hermanas hoy, as\u00ed como de la vida y cultura de todas las partes de este pa\u00eds latinoamericano. Fueron d\u00edas de oraci\u00f3n conjunta de las misioneras y su pueblo, gracias al Se\u00f1or por cambiar la faz de la tierra, el d\u00eda a d\u00eda y la vida de los m\u00e1s necesitados, pero tambi\u00e9n una mirada de esperanza y fe hacia los a\u00f1os venideros.<\/p>\n<p>&nbsp;<\/p>\n\n\t\t<style type=\"text\/css\">\n\t\t\t#gallery-1 {\n\t\t\t\tmargin: auto;\n\t\t\t}\n\t\t\t#gallery-1 .gallery-item {\n\t\t\t\tfloat: left;\n\t\t\t\tmargin-top: 10px;\n\t\t\t\ttext-align: center;\n\t\t\t\twidth: 33%;\n\t\t\t}\n\t\t\t#gallery-1 img {\n\t\t\t\tborder: 2px solid #cfcfcf;\n\t\t\t}\n\t\t\t#gallery-1 .gallery-caption {\n\t\t\t\tmargin-left: 0;\n\t\t\t}\n\t\t\t\/* see gallery_shortcode() in wp-includes\/media.php *\/\n\t\t<\/style>\n\t\t<div id='gallery-1' class='gallery galleryid-4578 gallery-columns-3 gallery-size-thumbnail'><dl class='gallery-item'>\n\t\t\t<dt class='gallery-icon landscape'>\n\t\t\t\t<a data-rel=\"iLightbox[postimages]\" data-title=\"hrvatice\" data-caption=\"\" href='https:\/\/virtualnimuzej.aspira.hr\/es\/misioneras-croatas-en-ecuador\/hrvatice\/'><img decoding=\"async\" width=\"150\" height=\"150\" src=\"https:\/\/virtualnimuzej.aspira.hr\/wp-content\/uploads\/2022\/09\/hrvatice-3-150x150.jpg\" class=\"attachment-thumbnail size-thumbnail\" alt=\"\" srcset=\"https:\/\/virtualnimuzej.aspira.hr\/wp-content\/uploads\/2022\/09\/hrvatice-3-66x66.jpg 66w, https:\/\/virtualnimuzej.aspira.hr\/wp-content\/uploads\/2022\/09\/hrvatice-3-150x150.jpg 150w\" sizes=\"(max-width: 150px) 100vw, 150px\" \/><\/a>\n\t\t\t<\/dt><\/dl><dl class='gallery-item'>\n\t\t\t<dt class='gallery-icon landscape'>\n\t\t\t\t<a data-rel=\"iLightbox[postimages]\" data-title=\"DSC01776\" data-caption=\"\" href='https:\/\/virtualnimuzej.aspira.hr\/es\/misioneras-croatas-en-ecuador\/dsc01776\/'><img decoding=\"async\" width=\"150\" height=\"150\" src=\"https:\/\/virtualnimuzej.aspira.hr\/wp-content\/uploads\/2022\/09\/DSC01776-2-150x150.jpg\" class=\"attachment-thumbnail size-thumbnail\" alt=\"\" srcset=\"https:\/\/virtualnimuzej.aspira.hr\/wp-content\/uploads\/2022\/09\/DSC01776-2-66x66.jpg 66w, https:\/\/virtualnimuzej.aspira.hr\/wp-content\/uploads\/2022\/09\/DSC01776-2-150x150.jpg 150w\" sizes=\"(max-width: 150px) 100vw, 150px\" \/><\/a>\n\t\t\t<\/dt><\/dl>\n\t\t\t<br style='clear: both' \/>\n\t\t<\/div>\n\n<p>&nbsp;<\/p>\n<p>En Quito, se present\u00f3 un CD de m\u00fasica espiritual Caridad (Misericordia) y un documental sobre el trabajo de las Siervas de la Misericordia en Ecuador con un gran concierto frente a m\u00e1s de quinientas personas. Lanzamiento de un CD con 15 nuevas canciones para la celebraci\u00f3n de la Misa en honor a St. Marija Krucufiksa, la fundadora de Clerks of Mercy, fue posible gracias a donaciones, con la generosa participaci\u00f3n de croatas de Croacia y Ecuador. El programa continu\u00f3 luego en el pueblo de Palo Quemado, en las monta\u00f1as de la provincia de Cotopaxi, donde hace un cuarto de siglo tres mujeres croatas abrieron su primera casa e iniciaron su misi\u00f3n en el Ecuador. La Santa Misa solemne, que puso fin a la celebraci\u00f3n jubilar, se celebr\u00f3 en la iglesia local de St. Mar\u00eda de la Crucifixi\u00f3n el 18 de mayo, d\u00eda en que el Instituto de las Siervas de la Misericordia celebr\u00f3 su 170 aniversario en la casa madre de Brescia. Fue presidida por Mons. Victoriano Naranjo, obispo de la provincia de Cotopaxi, con la concelebraci\u00f3n de sus dos predecesores, Mons. Ra\u00fal L\u00f3pez y Mons. Mario Ruiz, y otros 11 sacerdotes, que han colaborado con los \u00c1ngeles a lo largo de los a\u00f1os. Tambi\u00e9n fue una oportunidad para presentar y bendecir los nuevos vitrales de la iglesia de Palo Quemada, completamente renovada. El vitral con la imagen del Cardenal Alojzije Stepinac fue bendecido por Mons. Drago Balvanovi\u0107 de Lima, Per\u00fa, delegado de HBK para pastores extranjeros en Am\u00e9rica Latina, quien deleit\u00f3 especialmente a los fieles con un regalo apropiado: las reliquias del santo croata. monse\u00f1or Por cierto, Balvanovi\u0107, como representante de la Iglesia croata, encabez\u00f3 varias celebraciones multitudinarias en Palo Quemado, as\u00ed como la adoraci\u00f3n eucar\u00edstica con la participaci\u00f3n de siete comunidades de la provincia de Cotopaxi.<\/p>\n<p>En el \u00faltimo cuarto de siglo, un total de 8 hermanas croatas y varios otros misioneros laicos han contribuido a las actividades de las Siervas de la Misericordia en Ecuador. Hoy, la comunidad est\u00e1 formada por hermanas de Ecuador, Italia y Croacia, y est\u00e1 dirigida por el P. Klementina Bano\u017ei\u0107, presente en la misi\u00f3n desde su fundaci\u00f3n hasta hoy. En un total de cuatro casas ubicadas en tres provincias, se pone especial \u00e9nfasis en la educaci\u00f3n integral de los ni\u00f1os y el trabajo sistem\u00e1tico con laicos comprometidos.<\/p>\n<p>&nbsp;<\/p>\n\n\t\t<style type=\"text\/css\">\n\t\t\t#gallery-2 {\n\t\t\t\tmargin: auto;\n\t\t\t}\n\t\t\t#gallery-2 .gallery-item {\n\t\t\t\tfloat: left;\n\t\t\t\tmargin-top: 10px;\n\t\t\t\ttext-align: center;\n\t\t\t\twidth: 33%;\n\t\t\t}\n\t\t\t#gallery-2 img {\n\t\t\t\tborder: 2px solid #cfcfcf;\n\t\t\t}\n\t\t\t#gallery-2 .gallery-caption {\n\t\t\t\tmargin-left: 0;\n\t\t\t}\n\t\t\t\/* see gallery_shortcode() in wp-includes\/media.php *\/\n\t\t<\/style>\n\t\t<div id='gallery-2' class='gallery galleryid-4578 gallery-columns-3 gallery-size-thumbnail'><dl class='gallery-item'>\n\t\t\t<dt class='gallery-icon portrait'>\n\t\t\t\t<a data-rel=\"iLightbox[postimages]\" data-title=\"CIMG5303\" data-caption=\"\" href='https:\/\/virtualnimuzej.aspira.hr\/es\/misioneras-croatas-en-ecuador\/cimg5303\/'><img decoding=\"async\" width=\"150\" height=\"150\" src=\"https:\/\/virtualnimuzej.aspira.hr\/wp-content\/uploads\/2022\/09\/CIMG5303-1-150x150.jpg\" class=\"attachment-thumbnail size-thumbnail\" alt=\"\" srcset=\"https:\/\/virtualnimuzej.aspira.hr\/wp-content\/uploads\/2022\/09\/CIMG5303-1-66x66.jpg 66w, https:\/\/virtualnimuzej.aspira.hr\/wp-content\/uploads\/2022\/09\/CIMG5303-1-150x150.jpg 150w\" sizes=\"(max-width: 150px) 100vw, 150px\" \/><\/a>\n\t\t\t<\/dt><\/dl><dl class='gallery-item'>\n\t\t\t<dt class='gallery-icon landscape'>\n\t\t\t\t<a data-rel=\"iLightbox[postimages]\" data-title=\"DSC01680\" data-caption=\"\" href='https:\/\/virtualnimuzej.aspira.hr\/es\/misioneras-croatas-en-ecuador\/dsc01680\/'><img decoding=\"async\" width=\"150\" height=\"150\" src=\"https:\/\/virtualnimuzej.aspira.hr\/wp-content\/uploads\/2022\/09\/DSC01680-2-150x150.jpg\" class=\"attachment-thumbnail size-thumbnail\" alt=\"\" srcset=\"https:\/\/virtualnimuzej.aspira.hr\/wp-content\/uploads\/2022\/09\/DSC01680-2-66x66.jpg 66w, https:\/\/virtualnimuzej.aspira.hr\/wp-content\/uploads\/2022\/09\/DSC01680-2-150x150.jpg 150w\" sizes=\"(max-width: 150px) 100vw, 150px\" \/><\/a>\n\t\t\t<\/dt><\/dl><dl class='gallery-item'>\n\t\t\t<dt class='gallery-icon landscape'>\n\t\t\t\t<a data-rel=\"iLightbox[postimages]\" data-title=\"DSC01685\" data-caption=\"\" href='https:\/\/virtualnimuzej.aspira.hr\/es\/misioneras-croatas-en-ecuador\/dsc01685\/'><img decoding=\"async\" width=\"150\" height=\"150\" src=\"https:\/\/virtualnimuzej.aspira.hr\/wp-content\/uploads\/2022\/09\/DSC01685-2-150x150.jpg\" class=\"attachment-thumbnail size-thumbnail\" alt=\"\" srcset=\"https:\/\/virtualnimuzej.aspira.hr\/wp-content\/uploads\/2022\/09\/DSC01685-2-66x66.jpg 66w, https:\/\/virtualnimuzej.aspira.hr\/wp-content\/uploads\/2022\/09\/DSC01685-2-150x150.jpg 150w\" sizes=\"(max-width: 150px) 100vw, 150px\" \/><\/a>\n\t\t\t<\/dt><\/dl><br style=\"clear: both\" \/><dl class='gallery-item'>\n\t\t\t<dt class='gallery-icon landscape'>\n\t\t\t\t<a data-rel=\"iLightbox[postimages]\" data-title=\"DSC01708\" data-caption=\"\" href='https:\/\/virtualnimuzej.aspira.hr\/es\/misioneras-croatas-en-ecuador\/dsc01708\/'><img decoding=\"async\" width=\"150\" height=\"150\" src=\"https:\/\/virtualnimuzej.aspira.hr\/wp-content\/uploads\/2022\/09\/DSC01708-2-150x150.jpg\" class=\"attachment-thumbnail size-thumbnail\" alt=\"\" srcset=\"https:\/\/virtualnimuzej.aspira.hr\/wp-content\/uploads\/2022\/09\/DSC01708-2-66x66.jpg 66w, https:\/\/virtualnimuzej.aspira.hr\/wp-content\/uploads\/2022\/09\/DSC01708-2-150x150.jpg 150w\" sizes=\"(max-width: 150px) 100vw, 150px\" \/><\/a>\n\t\t\t<\/dt><\/dl><dl class='gallery-item'>\n\t\t\t<dt class='gallery-icon landscape'>\n\t\t\t\t<a data-rel=\"iLightbox[postimages]\" data-title=\"DSC01711\" data-caption=\"\" href='https:\/\/virtualnimuzej.aspira.hr\/es\/misioneras-croatas-en-ecuador\/dsc01711\/'><img decoding=\"async\" width=\"150\" height=\"150\" src=\"https:\/\/virtualnimuzej.aspira.hr\/wp-content\/uploads\/2022\/09\/DSC01711-2-150x150.jpg\" class=\"attachment-thumbnail size-thumbnail\" alt=\"\" srcset=\"https:\/\/virtualnimuzej.aspira.hr\/wp-content\/uploads\/2022\/09\/DSC01711-2-66x66.jpg 66w, https:\/\/virtualnimuzej.aspira.hr\/wp-content\/uploads\/2022\/09\/DSC01711-2-150x150.jpg 150w\" sizes=\"(max-width: 150px) 100vw, 150px\" \/><\/a>\n\t\t\t<\/dt><\/dl><dl class='gallery-item'>\n\t\t\t<dt class='gallery-icon landscape'>\n\t\t\t\t<a data-rel=\"iLightbox[postimages]\" data-title=\"sa skolskom djecom\" data-caption=\"\" href='https:\/\/virtualnimuzej.aspira.hr\/es\/misioneras-croatas-en-ecuador\/sa-skolskom-djecom\/'><img decoding=\"async\" width=\"150\" height=\"150\" src=\"https:\/\/virtualnimuzej.aspira.hr\/wp-content\/uploads\/2022\/09\/sa-skolskom-djecom-2-150x150.jpg\" class=\"attachment-thumbnail size-thumbnail\" alt=\"\" srcset=\"https:\/\/virtualnimuzej.aspira.hr\/wp-content\/uploads\/2022\/09\/sa-skolskom-djecom-2-66x66.jpg 66w, https:\/\/virtualnimuzej.aspira.hr\/wp-content\/uploads\/2022\/09\/sa-skolskom-djecom-2-150x150.jpg 150w\" sizes=\"(max-width: 150px) 100vw, 150px\" \/><\/a>\n\t\t\t<\/dt><\/dl><br style=\"clear: both\" \/>\n\t\t<\/div>\n\n<p>&nbsp;<\/p>\n<p>En el marco de CEIPAR (Centro de Educaci\u00f3n Integral Paolo di Rosa), que funciona en dos localidades de Quito, un total de 300 ni\u00f1os de escasos recursos son incluidos en el programa de ayuda en el aprendizaje y redacci\u00f3n de tareas. El programa tambi\u00e9n incluye una introducci\u00f3n a los valores cristianos, pero tambi\u00e9n asistencia material en libros y material escolar, y una comida al d\u00eda durante la estancia en el centro. Los medios materiales para ayudar a los ni\u00f1os en edad escolar pobres en Ecuador son proporcionados por los benefactores, incluidas numerosas familias, instituciones y personas de Croacia. Adem\u00e1s de los ni\u00f1os, tambi\u00e9n se educa a los adultos, para quienes se organizan cursos de lectura y escritura, con el fin de reducir el analfabetismo de la poblaci\u00f3n, especialmente de las mujeres.<\/p>\n<p>En la capital tambi\u00e9n existe un centro m\u00e9dico \u00abJes\u00fas de Nazareth\u00bb que brinda servicios gratuitos de medicina general, odontolog\u00eda, ginecolog\u00eda y asistencia psicol\u00f3gica.<\/p>\n<p>&nbsp;<\/p>\n\n\t\t<style type=\"text\/css\">\n\t\t\t#gallery-3 {\n\t\t\t\tmargin: auto;\n\t\t\t}\n\t\t\t#gallery-3 .gallery-item {\n\t\t\t\tfloat: left;\n\t\t\t\tmargin-top: 10px;\n\t\t\t\ttext-align: center;\n\t\t\t\twidth: 33%;\n\t\t\t}\n\t\t\t#gallery-3 img {\n\t\t\t\tborder: 2px solid #cfcfcf;\n\t\t\t}\n\t\t\t#gallery-3 .gallery-caption {\n\t\t\t\tmargin-left: 0;\n\t\t\t}\n\t\t\t\/* see gallery_shortcode() in wp-includes\/media.php *\/\n\t\t<\/style>\n\t\t<div id='gallery-3' class='gallery galleryid-4578 gallery-columns-3 gallery-size-thumbnail'><dl class='gallery-item'>\n\t\t\t<dt class='gallery-icon landscape'>\n\t\t\t\t<a data-rel=\"iLightbox[postimages]\" data-title=\"DSCN5323\" data-caption=\"\" href='https:\/\/virtualnimuzej.aspira.hr\/es\/misioneras-croatas-en-ecuador\/dscn5323\/'><img decoding=\"async\" width=\"150\" height=\"150\" src=\"https:\/\/virtualnimuzej.aspira.hr\/wp-content\/uploads\/2022\/09\/DSCN5323-2-150x150.jpg\" class=\"attachment-thumbnail size-thumbnail\" alt=\"\" srcset=\"https:\/\/virtualnimuzej.aspira.hr\/wp-content\/uploads\/2022\/09\/DSCN5323-2-66x66.jpg 66w, https:\/\/virtualnimuzej.aspira.hr\/wp-content\/uploads\/2022\/09\/DSCN5323-2-150x150.jpg 150w\" sizes=\"(max-width: 150px) 100vw, 150px\" \/><\/a>\n\t\t\t<\/dt><\/dl><dl class='gallery-item'>\n\t\t\t<dt class='gallery-icon landscape'>\n\t\t\t\t<a data-rel=\"iLightbox[postimages]\" data-title=\"DSCN5334\" data-caption=\"\" href='https:\/\/virtualnimuzej.aspira.hr\/es\/misioneras-croatas-en-ecuador\/dscn5334\/'><img decoding=\"async\" width=\"150\" height=\"150\" src=\"https:\/\/virtualnimuzej.aspira.hr\/wp-content\/uploads\/2022\/09\/DSCN5334-4-150x150.jpg\" class=\"attachment-thumbnail size-thumbnail\" alt=\"\" srcset=\"https:\/\/virtualnimuzej.aspira.hr\/wp-content\/uploads\/2022\/09\/DSCN5334-4-66x66.jpg 66w, https:\/\/virtualnimuzej.aspira.hr\/wp-content\/uploads\/2022\/09\/DSCN5334-4-150x150.jpg 150w\" sizes=\"(max-width: 150px) 100vw, 150px\" \/><\/a>\n\t\t\t<\/dt><\/dl>\n\t\t\t<br style='clear: both' \/>\n\t\t<\/div>\n\n<p>&nbsp;<\/p>\n<p>En la costa de Esmeraldas, que est\u00e1 habitada predominantemente por una poblaci\u00f3n negra, es decir, inmigrantes de \u00c1frica, An\u010dele dirige un jard\u00edn de infancia para 80 ni\u00f1os, as\u00ed como un centro educativo donde las mujeres aprenden sastrer\u00eda y costura de forma gratuita. Despu\u00e9s de completar los cursos, los participantes m\u00e1s pobres, especialmente las madres solteras, tienen la oportunidad de conseguir un trabajo en un taller de sastrer\u00eda y as\u00ed alimentar a familias numerosas. En Palo Quemado, la comunidad fund\u00f3 la primera escuela secundaria de la zona (asisten 70 ni\u00f1os) y diez ni\u00f1as necesitadas de lugares lejanos viven en el internado. La Familia Misionera ocupa ciertamente un cap\u00edtulo especial del carisma de la Sierva de la Misericordia. Un grupo de unos 50 laicos comprometidos, que han pasado o est\u00e1n pasando por una formaci\u00f3n de cuatro a\u00f1os, est\u00e1n involucrados en el trabajo activo de la parroquia y la construcci\u00f3n del reino de Cristo. Seg\u00fan sus afinidades y posibilidades, ayudan en el cuidado de ancianos y enfermos (con autorizaci\u00f3n diocesana llevan la sagrada comuni\u00f3n a los inm\u00f3viles), trabajo con padres y familias, animaci\u00f3n y compa\u00f1\u00eda de jubilados, o educaci\u00f3n de enfermos diab\u00e9ticos.<\/p>\n<p>Hermana Klementina:<\/p>\n\n\t\t<style type=\"text\/css\">\n\t\t\t#gallery-4 {\n\t\t\t\tmargin: auto;\n\t\t\t}\n\t\t\t#gallery-4 .gallery-item {\n\t\t\t\tfloat: left;\n\t\t\t\tmargin-top: 10px;\n\t\t\t\ttext-align: center;\n\t\t\t\twidth: 33%;\n\t\t\t}\n\t\t\t#gallery-4 img {\n\t\t\t\tborder: 2px solid #cfcfcf;\n\t\t\t}\n\t\t\t#gallery-4 .gallery-caption {\n\t\t\t\tmargin-left: 0;\n\t\t\t}\n\t\t\t\/* see gallery_shortcode() in wp-includes\/media.php *\/\n\t\t<\/style>\n\t\t<div id='gallery-4' class='gallery galleryid-4578 gallery-columns-3 gallery-size-thumbnail'><dl class='gallery-item'>\n\t\t\t<dt class='gallery-icon landscape'>\n\t\t\t\t<a data-rel=\"iLightbox[postimages]\" data-title=\"DSCN5248\" data-caption=\"\" href='https:\/\/virtualnimuzej.aspira.hr\/es\/misioneras-croatas-en-ecuador\/dscn5248\/'><img decoding=\"async\" width=\"150\" height=\"150\" src=\"https:\/\/virtualnimuzej.aspira.hr\/wp-content\/uploads\/2022\/09\/DSCN5248-4-150x150.jpg\" class=\"attachment-thumbnail size-thumbnail\" alt=\"\" srcset=\"https:\/\/virtualnimuzej.aspira.hr\/wp-content\/uploads\/2022\/09\/DSCN5248-4-66x66.jpg 66w, https:\/\/virtualnimuzej.aspira.hr\/wp-content\/uploads\/2022\/09\/DSCN5248-4-150x150.jpg 150w\" sizes=\"(max-width: 150px) 100vw, 150px\" \/><\/a>\n\t\t\t<\/dt><\/dl><dl class='gallery-item'>\n\t\t\t<dt class='gallery-icon portrait'>\n\t\t\t\t<a data-rel=\"iLightbox[postimages]\" data-title=\"IMG_20181028_105510\" data-caption=\"\" href='https:\/\/virtualnimuzej.aspira.hr\/es\/misioneras-croatas-en-ecuador\/img_20181028_105510-4\/'><img decoding=\"async\" width=\"150\" height=\"150\" src=\"https:\/\/virtualnimuzej.aspira.hr\/wp-content\/uploads\/2022\/09\/IMG_20181028_105510-5-150x150.jpg\" class=\"attachment-thumbnail size-thumbnail\" alt=\"\" srcset=\"https:\/\/virtualnimuzej.aspira.hr\/wp-content\/uploads\/2022\/09\/IMG_20181028_105510-5-66x66.jpg 66w, https:\/\/virtualnimuzej.aspira.hr\/wp-content\/uploads\/2022\/09\/IMG_20181028_105510-5-150x150.jpg 150w\" sizes=\"(max-width: 150px) 100vw, 150px\" \/><\/a>\n\t\t\t<\/dt><\/dl><dl class='gallery-item'>\n\t\t\t<dt class='gallery-icon landscape'>\n\t\t\t\t<a data-rel=\"iLightbox[postimages]\" data-title=\"IMG_20181028_105521\" data-caption=\"\" href='https:\/\/virtualnimuzej.aspira.hr\/es\/misioneras-croatas-en-ecuador\/img_20181028_105521-4\/'><img decoding=\"async\" width=\"150\" height=\"150\" src=\"https:\/\/virtualnimuzej.aspira.hr\/wp-content\/uploads\/2022\/09\/IMG_20181028_105521-5-150x150.jpg\" class=\"attachment-thumbnail size-thumbnail\" alt=\"\" srcset=\"https:\/\/virtualnimuzej.aspira.hr\/wp-content\/uploads\/2022\/09\/IMG_20181028_105521-5-66x66.jpg 66w, https:\/\/virtualnimuzej.aspira.hr\/wp-content\/uploads\/2022\/09\/IMG_20181028_105521-5-150x150.jpg 150w\" sizes=\"(max-width: 150px) 100vw, 150px\" \/><\/a>\n\t\t\t<\/dt><\/dl><br style=\"clear: both\" \/><dl class='gallery-item'>\n\t\t\t<dt class='gallery-icon landscape'>\n\t\t\t\t<a data-rel=\"iLightbox[postimages]\" data-title=\"sl. 33 misionarka\" data-caption=\"\" href='https:\/\/virtualnimuzej.aspira.hr\/es\/misioneras-croatas-en-ecuador\/sl-33-misionarka-4\/'><img decoding=\"async\" width=\"150\" height=\"150\" src=\"https:\/\/virtualnimuzej.aspira.hr\/wp-content\/uploads\/2022\/09\/sl.-33-misionarka-5-150x150.jpg\" class=\"attachment-thumbnail size-thumbnail\" alt=\"\" srcset=\"https:\/\/virtualnimuzej.aspira.hr\/wp-content\/uploads\/2022\/09\/sl.-33-misionarka-5-66x66.jpg 66w, https:\/\/virtualnimuzej.aspira.hr\/wp-content\/uploads\/2022\/09\/sl.-33-misionarka-5-150x150.jpg 150w\" sizes=\"(max-width: 150px) 100vw, 150px\" \/><\/a>\n\t\t\t<\/dt><\/dl><dl class='gallery-item'>\n\t\t\t<dt class='gallery-icon landscape'>\n\t\t\t\t<a data-rel=\"iLightbox[postimages]\" data-title=\"DSC00726\" data-caption=\"\" href='https:\/\/virtualnimuzej.aspira.hr\/es\/misioneras-croatas-en-ecuador\/dsc00726\/'><img decoding=\"async\" width=\"150\" height=\"150\" src=\"https:\/\/virtualnimuzej.aspira.hr\/wp-content\/uploads\/2022\/09\/DSC00726-2-150x150.jpg\" class=\"attachment-thumbnail size-thumbnail\" alt=\"\" srcset=\"https:\/\/virtualnimuzej.aspira.hr\/wp-content\/uploads\/2022\/09\/DSC00726-2-66x66.jpg 66w, https:\/\/virtualnimuzej.aspira.hr\/wp-content\/uploads\/2022\/09\/DSC00726-2-150x150.jpg 150w\" sizes=\"(max-width: 150px) 100vw, 150px\" \/><\/a>\n\t\t\t<\/dt><\/dl><dl class='gallery-item'>\n\t\t\t<dt class='gallery-icon portrait'>\n\t\t\t\t<a data-rel=\"iLightbox[postimages]\" data-title=\"DSCN5138\" data-caption=\"Branka Bezi\u0107 Filipovi\u0107 con hermana Klementina\" href='https:\/\/virtualnimuzej.aspira.hr\/es\/misioneras-croatas-en-ecuador\/dscn5138\/'><img decoding=\"async\" width=\"150\" height=\"150\" src=\"https:\/\/virtualnimuzej.aspira.hr\/wp-content\/uploads\/2022\/09\/DSCN5138-4-150x150.jpg\" class=\"attachment-thumbnail size-thumbnail\" alt=\"\" aria-describedby=\"gallery-4-4824\" srcset=\"https:\/\/virtualnimuzej.aspira.hr\/wp-content\/uploads\/2022\/09\/DSCN5138-4-66x66.jpg 66w, https:\/\/virtualnimuzej.aspira.hr\/wp-content\/uploads\/2022\/09\/DSCN5138-4-150x150.jpg 150w\" sizes=\"(max-width: 150px) 100vw, 150px\" \/><\/a>\n\t\t\t<\/dt>\n\t\t\t\t<dd class='wp-caption-text gallery-caption' id='gallery-4-4824'>\n\t\t\t\tBranka Bezi\u0107 Filipovi\u0107 con hermana Klementina\n\t\t\t\t<\/dd><\/dl><br style=\"clear: both\" \/>\n\t\t<\/div>\n\n<p>Despu\u00e9s de haber cambiado ellos mismos y sus propias vidas con la ayuda de hermanas misioneras en la fe y el compa\u00f1erismo, participando en reuniones semanales o en renovaciones espirituales y psicol\u00f3gicas de varios d\u00edas, quieren llevar la luz de Cristo a los m\u00e1s necesitados de su entorno.<\/p>\n<p>En todas las parroquias donde trabajan, las hermanas son responsables de la atenci\u00f3n pastoral, es decir, de la formaci\u00f3n de los maestros religiosos laicos, la preparaci\u00f3n para los sacramentos, el trabajo con los j\u00f3venes, los grupos b\u00edblicos, etc. Y finalmente, permaneciendo fieles a su misi\u00f3n misionera y Inspirados por Dios que los condujo hace 25 a\u00f1os al lejano Ecuador, van junto a los laicos para visitas de varios d\u00edas y evangelizaci\u00f3n en los remotos pueblos de la cordillera de los Andes y la costa del Oc\u00e9ano Pac\u00edfico, donde por el aislamiento geogr\u00e1fico hay Todav\u00eda no hay sacerdotes permanentes ni comunidades religiosas.<\/p>\n<p>Palo Quemado:<\/p>\n\n\t\t<style type=\"text\/css\">\n\t\t\t#gallery-5 {\n\t\t\t\tmargin: auto;\n\t\t\t}\n\t\t\t#gallery-5 .gallery-item {\n\t\t\t\tfloat: left;\n\t\t\t\tmargin-top: 10px;\n\t\t\t\ttext-align: center;\n\t\t\t\twidth: 33%;\n\t\t\t}\n\t\t\t#gallery-5 img {\n\t\t\t\tborder: 2px solid #cfcfcf;\n\t\t\t}\n\t\t\t#gallery-5 .gallery-caption {\n\t\t\t\tmargin-left: 0;\n\t\t\t}\n\t\t\t\/* see gallery_shortcode() in wp-includes\/media.php *\/\n\t\t<\/style>\n\t\t<div id='gallery-5' class='gallery galleryid-4578 gallery-columns-3 gallery-size-thumbnail'><dl class='gallery-item'>\n\t\t\t<dt class='gallery-icon landscape'>\n\t\t\t\t<a data-rel=\"iLightbox[postimages]\" data-title=\"DSC00736\" data-caption=\"\" href='https:\/\/virtualnimuzej.aspira.hr\/es\/misioneras-croatas-en-ecuador\/dsc00736-4\/'><img decoding=\"async\" width=\"150\" height=\"150\" src=\"https:\/\/virtualnimuzej.aspira.hr\/wp-content\/uploads\/2022\/09\/DSC00736-4-150x150.jpg\" class=\"attachment-thumbnail size-thumbnail\" alt=\"\" srcset=\"https:\/\/virtualnimuzej.aspira.hr\/wp-content\/uploads\/2022\/09\/DSC00736-4-66x66.jpg 66w, https:\/\/virtualnimuzej.aspira.hr\/wp-content\/uploads\/2022\/09\/DSC00736-4-150x150.jpg 150w\" sizes=\"(max-width: 150px) 100vw, 150px\" \/><\/a>\n\t\t\t<\/dt><\/dl><dl class='gallery-item'>\n\t\t\t<dt class='gallery-icon landscape'>\n\t\t\t\t<a data-rel=\"iLightbox[postimages]\" data-title=\"DSC00741\" data-caption=\"\" href='https:\/\/virtualnimuzej.aspira.hr\/es\/misioneras-croatas-en-ecuador\/dsc00741-4\/'><img decoding=\"async\" width=\"150\" height=\"150\" src=\"https:\/\/virtualnimuzej.aspira.hr\/wp-content\/uploads\/2022\/09\/DSC00741-4-150x150.jpg\" class=\"attachment-thumbnail size-thumbnail\" alt=\"\" srcset=\"https:\/\/virtualnimuzej.aspira.hr\/wp-content\/uploads\/2022\/09\/DSC00741-4-66x66.jpg 66w, https:\/\/virtualnimuzej.aspira.hr\/wp-content\/uploads\/2022\/09\/DSC00741-4-150x150.jpg 150w\" sizes=\"(max-width: 150px) 100vw, 150px\" \/><\/a>\n\t\t\t<\/dt><\/dl><dl class='gallery-item'>\n\t\t\t<dt class='gallery-icon landscape'>\n\t\t\t\t<a data-rel=\"iLightbox[postimages]\" data-title=\"DSCN2774\" data-caption=\"\" href='https:\/\/virtualnimuzej.aspira.hr\/es\/misioneras-croatas-en-ecuador\/dscn2774-4\/'><img decoding=\"async\" width=\"150\" height=\"150\" src=\"https:\/\/virtualnimuzej.aspira.hr\/wp-content\/uploads\/2022\/09\/DSCN2774-4-150x150.jpg\" class=\"attachment-thumbnail size-thumbnail\" alt=\"\" srcset=\"https:\/\/virtualnimuzej.aspira.hr\/wp-content\/uploads\/2022\/09\/DSCN2774-4-66x66.jpg 66w, https:\/\/virtualnimuzej.aspira.hr\/wp-content\/uploads\/2022\/09\/DSCN2774-4-150x150.jpg 150w\" sizes=\"(max-width: 150px) 100vw, 150px\" \/><\/a>\n\t\t\t<\/dt><\/dl><br style=\"clear: both\" \/><dl class='gallery-item'>\n\t\t\t<dt class='gallery-icon landscape'>\n\t\t\t\t<a data-rel=\"iLightbox[postimages]\" data-title=\"CIMG5351\" data-caption=\"\" href='https:\/\/virtualnimuzej.aspira.hr\/es\/misioneras-croatas-en-ecuador\/cimg5351\/'><img decoding=\"async\" width=\"150\" height=\"150\" src=\"https:\/\/virtualnimuzej.aspira.hr\/wp-content\/uploads\/2022\/09\/CIMG5351-2-150x150.jpg\" class=\"attachment-thumbnail size-thumbnail\" alt=\"\" srcset=\"https:\/\/virtualnimuzej.aspira.hr\/wp-content\/uploads\/2022\/09\/CIMG5351-2-66x66.jpg 66w, https:\/\/virtualnimuzej.aspira.hr\/wp-content\/uploads\/2022\/09\/CIMG5351-2-150x150.jpg 150w\" sizes=\"(max-width: 150px) 100vw, 150px\" \/><\/a>\n\t\t\t<\/dt><\/dl><dl class='gallery-item'>\n\t\t\t<dt class='gallery-icon portrait'>\n\t\t\t\t<a data-rel=\"iLightbox[postimages]\" data-title=\"CIMG5259\" data-caption=\"\" href='https:\/\/virtualnimuzej.aspira.hr\/es\/misioneras-croatas-en-ecuador\/cimg5259\/'><img decoding=\"async\" width=\"150\" height=\"150\" src=\"https:\/\/virtualnimuzej.aspira.hr\/wp-content\/uploads\/2022\/09\/CIMG5259-2-150x150.jpg\" class=\"attachment-thumbnail size-thumbnail\" alt=\"\" srcset=\"https:\/\/virtualnimuzej.aspira.hr\/wp-content\/uploads\/2022\/09\/CIMG5259-2-66x66.jpg 66w, https:\/\/virtualnimuzej.aspira.hr\/wp-content\/uploads\/2022\/09\/CIMG5259-2-150x150.jpg 150w\" sizes=\"(max-width: 150px) 100vw, 150px\" \/><\/a>\n\t\t\t<\/dt><\/dl><dl class='gallery-item'>\n\t\t\t<dt class='gallery-icon landscape'>\n\t\t\t\t<a data-rel=\"iLightbox[postimages]\" data-title=\"CIMG5402\" data-caption=\"\" href='https:\/\/virtualnimuzej.aspira.hr\/es\/misioneras-croatas-en-ecuador\/cimg5402-3\/'><img decoding=\"async\" width=\"150\" height=\"150\" src=\"https:\/\/virtualnimuzej.aspira.hr\/wp-content\/uploads\/2022\/09\/CIMG5402-2-150x150.jpg\" class=\"attachment-thumbnail size-thumbnail\" alt=\"\" srcset=\"https:\/\/virtualnimuzej.aspira.hr\/wp-content\/uploads\/2022\/09\/CIMG5402-2-66x66.jpg 66w, https:\/\/virtualnimuzej.aspira.hr\/wp-content\/uploads\/2022\/09\/CIMG5402-2-150x150.jpg 150w\" sizes=\"(max-width: 150px) 100vw, 150px\" \/><\/a>\n\t\t\t<\/dt><\/dl><br style=\"clear: both\" \/>\n\t\t<\/div>\n\n<p>&nbsp;<\/p>\n","protected":false},"excerpt":{"rendered":"<p>&nbsp; En 2010, la provincia ecuatoriana del instituto Siervas de la Misericordia cumpli\u00f3 un cuarto de siglo de existencia, y siempre ha estado pintada con colores croatas: fue fundada, participa [&hellip;]<\/p>\n","protected":false},"author":1,"featured_media":4579,"comment_status":"open","ping_status":"open","sticky":false,"template":"","format":"standard","meta":{"footnotes":""},"categories":[81],"tags":[],"class_list":["post-4578","post","type-post","status-publish","format-standard","has-post-thumbnail","hentry","category-ecuador-es"],"yoast_head":"<!-- This site is optimized with the Yoast SEO plugin v20.7 - https:\/\/yoast.com\/wordpress\/plugins\/seo\/ -->\n<title>Misioneras croatas en Ecuador - Aspira Virtualni Muzej iseljeni\u0161tva Dalmacije<\/title>\n<meta name=\"robots\" content=\"index, follow, max-snippet:-1, max-image-preview:large, max-video-preview:-1\" \/>\n<link rel=\"canonical\" href=\"https:\/\/virtualnimuzej.aspira.hr\/es\/misioneras-croatas-en-ecuador\/\" \/>\n<meta property=\"og:locale\" content=\"es_ES\" \/>\n<meta property=\"og:type\" content=\"article\" \/>\n<meta property=\"og:title\" content=\"Misioneras croatas en Ecuador - Aspira Virtualni Muzej iseljeni\u0161tva Dalmacije\" \/>\n<meta property=\"og:description\" content=\"&nbsp; En 2010, la provincia ecuatoriana del instituto Siervas de la Misericordia cumpli\u00f3 un cuarto de siglo de existencia, y siempre ha estado pintada con colores croatas: fue fundada, participa [&hellip;]\" \/>\n<meta property=\"og:url\" content=\"https:\/\/virtualnimuzej.aspira.hr\/es\/misioneras-croatas-en-ecuador\/\" \/>\n<meta property=\"og:site_name\" content=\"Aspira Virtualni Muzej iseljeni\u0161tva Dalmacije\" \/>\n<meta property=\"article:published_time\" content=\"2022-09-26T18:42:11+00:00\" \/>\n<meta property=\"article:modified_time\" content=\"2022-09-26T19:36:44+00:00\" \/>\n<meta property=\"og:image\" content=\"https:\/\/virtualnimuzej.aspira.hr\/wp-content\/uploads\/2022\/09\/DSCN2654-1-scaled.jpg\" \/>\n\t<meta property=\"og:image:width\" content=\"1920\" \/>\n\t<meta property=\"og:image:height\" content=\"2560\" \/>\n\t<meta property=\"og:image:type\" content=\"image\/jpeg\" \/>\n<meta name=\"author\" content=\"VmuzejAspira\" \/>\n<meta name=\"twitter:card\" content=\"summary_large_image\" \/>\n<meta name=\"twitter:label1\" content=\"Escrito por\" \/>\n\t<meta name=\"twitter:data1\" content=\"VmuzejAspira\" \/>\n\t<meta name=\"twitter:label2\" content=\"Tiempo de lectura\" \/>\n\t<meta name=\"twitter:data2\" content=\"6 minutos\" \/>\n<script type=\"application\/ld+json\" class=\"yoast-schema-graph\">{\"@context\":\"https:\/\/schema.org\",\"@graph\":[{\"@type\":\"WebPage\",\"@id\":\"https:\/\/virtualnimuzej.aspira.hr\/es\/misioneras-croatas-en-ecuador\/\",\"url\":\"https:\/\/virtualnimuzej.aspira.hr\/es\/misioneras-croatas-en-ecuador\/\",\"name\":\"Misioneras croatas en Ecuador - Aspira Virtualni Muzej iseljeni\u0161tva Dalmacije\",\"isPartOf\":{\"@id\":\"https:\/\/virtualnimuzej.aspira.hr\/#website\"},\"datePublished\":\"2022-09-26T18:42:11+00:00\",\"dateModified\":\"2022-09-26T19:36:44+00:00\",\"author\":{\"@id\":\"https:\/\/virtualnimuzej.aspira.hr\/#\/schema\/person\/8b28048370e78968988c04d6f1ba104d\"},\"breadcrumb\":{\"@id\":\"https:\/\/virtualnimuzej.aspira.hr\/es\/misioneras-croatas-en-ecuador\/#breadcrumb\"},\"inLanguage\":\"es\",\"potentialAction\":[{\"@type\":\"ReadAction\",\"target\":[\"https:\/\/virtualnimuzej.aspira.hr\/es\/misioneras-croatas-en-ecuador\/\"]}]},{\"@type\":\"BreadcrumbList\",\"@id\":\"https:\/\/virtualnimuzej.aspira.hr\/es\/misioneras-croatas-en-ecuador\/#breadcrumb\",\"itemListElement\":[{\"@type\":\"ListItem\",\"position\":1,\"name\":\"Naslovna\",\"item\":\"https:\/\/virtualnimuzej.aspira.hr\/es\/\"},{\"@type\":\"ListItem\",\"position\":2,\"name\":\"Misioneras croatas en Ecuador\"}]},{\"@type\":\"WebSite\",\"@id\":\"https:\/\/virtualnimuzej.aspira.hr\/#website\",\"url\":\"https:\/\/virtualnimuzej.aspira.hr\/\",\"name\":\"Aspira Virtualni Muzej iseljeni\u0161tva Dalmacije\",\"description\":\"Muzej iseljeni\u0161tva je zami\u0161ljen kao mjesto skupljanja i prezentacije gra\u0111e o hrvatskom iseljeni\u0161tvu i povijesti iseljavanja koja nikada nije bila dovoljno istra\u017eena.\",\"potentialAction\":[{\"@type\":\"SearchAction\",\"target\":{\"@type\":\"EntryPoint\",\"urlTemplate\":\"https:\/\/virtualnimuzej.aspira.hr\/?s={search_term_string}\"},\"query-input\":\"required name=search_term_string\"}],\"inLanguage\":\"es\"},{\"@type\":\"Person\",\"@id\":\"https:\/\/virtualnimuzej.aspira.hr\/#\/schema\/person\/8b28048370e78968988c04d6f1ba104d\",\"name\":\"VmuzejAspira\",\"image\":{\"@type\":\"ImageObject\",\"inLanguage\":\"es\",\"@id\":\"https:\/\/virtualnimuzej.aspira.hr\/#\/schema\/person\/image\/\",\"url\":\"https:\/\/secure.gravatar.com\/avatar\/cfa7124a34eec5233efffe1e8fb23c18bb83abdb6129e8f47c9144109613a228?s=96&d=mm&r=g\",\"contentUrl\":\"https:\/\/secure.gravatar.com\/avatar\/cfa7124a34eec5233efffe1e8fb23c18bb83abdb6129e8f47c9144109613a228?s=96&d=mm&r=g\",\"caption\":\"VmuzejAspira\"},\"sameAs\":[\"http:\/\/virtualnimuzej.aspira.hr\"],\"url\":\"https:\/\/virtualnimuzej.aspira.hr\/es\/author\/vmuzejaspira\/\"}]}<\/script>\n<!-- \/ Yoast SEO plugin. -->","yoast_head_json":{"title":"Misioneras croatas en Ecuador - Aspira Virtualni Muzej iseljeni\u0161tva Dalmacije","robots":{"index":"index","follow":"follow","max-snippet":"max-snippet:-1","max-image-preview":"max-image-preview:large","max-video-preview":"max-video-preview:-1"},"canonical":"https:\/\/virtualnimuzej.aspira.hr\/es\/misioneras-croatas-en-ecuador\/","og_locale":"es_ES","og_type":"article","og_title":"Misioneras croatas en Ecuador - Aspira Virtualni Muzej iseljeni\u0161tva Dalmacije","og_description":"&nbsp; En 2010, la provincia ecuatoriana del instituto Siervas de la Misericordia cumpli\u00f3 un cuarto de siglo de existencia, y siempre ha estado pintada con colores croatas: fue fundada, participa [&hellip;]","og_url":"https:\/\/virtualnimuzej.aspira.hr\/es\/misioneras-croatas-en-ecuador\/","og_site_name":"Aspira Virtualni Muzej iseljeni\u0161tva Dalmacije","article_published_time":"2022-09-26T18:42:11+00:00","article_modified_time":"2022-09-26T19:36:44+00:00","og_image":[{"width":1920,"height":2560,"url":"https:\/\/virtualnimuzej.aspira.hr\/wp-content\/uploads\/2022\/09\/DSCN2654-1-scaled.jpg","type":"image\/jpeg"}],"author":"VmuzejAspira","twitter_card":"summary_large_image","twitter_misc":{"Escrito por":"VmuzejAspira","Tiempo de lectura":"6 minutos"},"schema":{"@context":"https:\/\/schema.org","@graph":[{"@type":"WebPage","@id":"https:\/\/virtualnimuzej.aspira.hr\/es\/misioneras-croatas-en-ecuador\/","url":"https:\/\/virtualnimuzej.aspira.hr\/es\/misioneras-croatas-en-ecuador\/","name":"Misioneras croatas en Ecuador - Aspira Virtualni Muzej iseljeni\u0161tva Dalmacije","isPartOf":{"@id":"https:\/\/virtualnimuzej.aspira.hr\/#website"},"datePublished":"2022-09-26T18:42:11+00:00","dateModified":"2022-09-26T19:36:44+00:00","author":{"@id":"https:\/\/virtualnimuzej.aspira.hr\/#\/schema\/person\/8b28048370e78968988c04d6f1ba104d"},"breadcrumb":{"@id":"https:\/\/virtualnimuzej.aspira.hr\/es\/misioneras-croatas-en-ecuador\/#breadcrumb"},"inLanguage":"es","potentialAction":[{"@type":"ReadAction","target":["https:\/\/virtualnimuzej.aspira.hr\/es\/misioneras-croatas-en-ecuador\/"]}]},{"@type":"BreadcrumbList","@id":"https:\/\/virtualnimuzej.aspira.hr\/es\/misioneras-croatas-en-ecuador\/#breadcrumb","itemListElement":[{"@type":"ListItem","position":1,"name":"Naslovna","item":"https:\/\/virtualnimuzej.aspira.hr\/es\/"},{"@type":"ListItem","position":2,"name":"Misioneras croatas en Ecuador"}]},{"@type":"WebSite","@id":"https:\/\/virtualnimuzej.aspira.hr\/#website","url":"https:\/\/virtualnimuzej.aspira.hr\/","name":"Aspira Virtualni Muzej iseljeni\u0161tva Dalmacije","description":"Muzej iseljeni\u0161tva je zami\u0161ljen kao mjesto skupljanja i prezentacije gra\u0111e o hrvatskom iseljeni\u0161tvu i povijesti iseljavanja koja nikada nije bila dovoljno istra\u017eena.","potentialAction":[{"@type":"SearchAction","target":{"@type":"EntryPoint","urlTemplate":"https:\/\/virtualnimuzej.aspira.hr\/?s={search_term_string}"},"query-input":"required name=search_term_string"}],"inLanguage":"es"},{"@type":"Person","@id":"https:\/\/virtualnimuzej.aspira.hr\/#\/schema\/person\/8b28048370e78968988c04d6f1ba104d","name":"VmuzejAspira","image":{"@type":"ImageObject","inLanguage":"es","@id":"https:\/\/virtualnimuzej.aspira.hr\/#\/schema\/person\/image\/","url":"https:\/\/secure.gravatar.com\/avatar\/cfa7124a34eec5233efffe1e8fb23c18bb83abdb6129e8f47c9144109613a228?s=96&d=mm&r=g","contentUrl":"https:\/\/secure.gravatar.com\/avatar\/cfa7124a34eec5233efffe1e8fb23c18bb83abdb6129e8f47c9144109613a228?s=96&d=mm&r=g","caption":"VmuzejAspira"},"sameAs":["http:\/\/virtualnimuzej.aspira.hr"],"url":"https:\/\/virtualnimuzej.aspira.hr\/es\/author\/vmuzejaspira\/"}]}},"_links":{"self":[{"href":"https:\/\/virtualnimuzej.aspira.hr\/es\/wp-json\/wp\/v2\/posts\/4578","targetHints":{"allow":["GET"]}}],"collection":[{"href":"https:\/\/virtualnimuzej.aspira.hr\/es\/wp-json\/wp\/v2\/posts"}],"about":[{"href":"https:\/\/virtualnimuzej.aspira.hr\/es\/wp-json\/wp\/v2\/types\/post"}],"author":[{"embeddable":true,"href":"https:\/\/virtualnimuzej.aspira.hr\/es\/wp-json\/wp\/v2\/users\/1"}],"replies":[{"embeddable":true,"href":"https:\/\/virtualnimuzej.aspira.hr\/es\/wp-json\/wp\/v2\/comments?post=4578"}],"version-history":[{"count":3,"href":"https:\/\/virtualnimuzej.aspira.hr\/es\/wp-json\/wp\/v2\/posts\/4578\/revisions"}],"predecessor-version":[{"id":4854,"href":"https:\/\/virtualnimuzej.aspira.hr\/es\/wp-json\/wp\/v2\/posts\/4578\/revisions\/4854"}],"wp:featuredmedia":[{"embeddable":true,"href":"https:\/\/virtualnimuzej.aspira.hr\/es\/wp-json\/wp\/v2\/media\/4579"}],"wp:attachment":[{"href":"https:\/\/virtualnimuzej.aspira.hr\/es\/wp-json\/wp\/v2\/media?parent=4578"}],"wp:term":[{"taxonomy":"category","embeddable":true,"href":"https:\/\/virtualnimuzej.aspira.hr\/es\/wp-json\/wp\/v2\/categories?post=4578"},{"taxonomy":"post_tag","embeddable":true,"href":"https:\/\/virtualnimuzej.aspira.hr\/es\/wp-json\/wp\/v2\/tags?post=4578"}],"curies":[{"name":"wp","href":"https:\/\/api.w.org\/{rel}","templated":true}]}}