{"id":5487,"date":"2022-10-17T19:08:44","date_gmt":"2022-10-17T17:08:44","guid":{"rendered":"https:\/\/virtualnimuzej.aspira.hr\/?p=5487"},"modified":"2022-10-17T19:08:44","modified_gmt":"2022-10-17T17:08:44","slug":"los-zaput-de-lima","status":"publish","type":"post","link":"https:\/\/virtualnimuzej.aspira.hr\/es\/los-zaput-de-lima\/","title":{"rendered":"Los Zaput de Lima"},"content":{"rendered":"<p>&nbsp;<\/p>\n<p>Mi nombre es Antonio Ernesto Marcelo Echeverr\u00eda Zaput, hijo de Antonio Jos\u00e9 Echeverr\u00eda Salcedo y Madre Mar\u00eda Antonieta Zaput, nac\u00ed en Per\u00fa- Lima, Miraflores el 9 de abril de 1957.<\/p>\n<p>&nbsp;<\/p>\n<p><img decoding=\"async\" class=\"alignnone size-medium wp-image-5491\" src=\"https:\/\/virtualnimuzej.aspira.hr\/wp-content\/uploads\/2022\/10\/Maria-Antonieta-Caput-2-190x300.jpg\" alt=\"\" width=\"190\" height=\"300\" srcset=\"https:\/\/virtualnimuzej.aspira.hr\/wp-content\/uploads\/2022\/10\/Maria-Antonieta-Caput-2-190x300.jpg 190w, https:\/\/virtualnimuzej.aspira.hr\/wp-content\/uploads\/2022\/10\/Maria-Antonieta-Caput-2-200x316.jpg 200w, https:\/\/virtualnimuzej.aspira.hr\/wp-content\/uploads\/2022\/10\/Maria-Antonieta-Caput-2-400x632.jpg 400w, https:\/\/virtualnimuzej.aspira.hr\/wp-content\/uploads\/2022\/10\/Maria-Antonieta-Caput-2.jpg 506w\" sizes=\"(max-width: 190px) 100vw, 190px\" \/>\u00a0 Maria Antonieta Zaput<\/p>\n<p>&nbsp;<\/p>\n<p>Trabajo de forma independiente en el Negocio Inmobiliario.<\/p>\n<p>Actualmente me encuentro en Lima-Per\u00fa, y el los a\u00f1os 2019 y 2020 estuve residiendo eMalaga y Madrid- Espa\u00f1a, donde vine a hacer un MBA en Real Estate \u00a0(Finalizado) para ampliar mis conocimientos en el sector Inmobiliario y tur\u00edstico \u00a0en el Mercado Europeo.<\/p>\n<p>Mi bisabuelo Mateo Zaput (Mate Caput) naci\u00f3 en Dubrovnik (Ragusa) el 22.09.1860, hijo de Nikola Zaput y Paula Perovic.<\/p>\n<p>El emigr\u00f3 a Am\u00e9rica en su juventud, atra\u00eddo como muchos otros, por las bondades que le ofrec\u00eda Am\u00e9rica y por los problemas que padec\u00eda Europa en esos a\u00f1os y se dedic\u00f3 a la Exportaci\u00f3n de Aceite de Ballena para Europa y, tambi\u00e9n, a la miner\u00eda, adquiriendo varias Minas en el Norte del Per\u00fa, logrando junto a su hermana Ana Zaput, quien luego vino a apoyarlo en 1882, una magn\u00edfica posici\u00f3n econ\u00f3mica.<\/p>\n<p>&nbsp;<\/p>\n<p><img decoding=\"async\" class=\"alignnone size-medium wp-image-5465\" src=\"https:\/\/virtualnimuzej.aspira.hr\/wp-content\/uploads\/2022\/10\/Mateo-Caput-1-209x300.jpg\" alt=\"\" width=\"209\" height=\"300\" srcset=\"https:\/\/virtualnimuzej.aspira.hr\/wp-content\/uploads\/2022\/10\/Mateo-Caput-1-200x286.jpg 200w, https:\/\/virtualnimuzej.aspira.hr\/wp-content\/uploads\/2022\/10\/Mateo-Caput-1-209x300.jpg 209w, https:\/\/virtualnimuzej.aspira.hr\/wp-content\/uploads\/2022\/10\/Mateo-Caput-1-400x573.jpg 400w, https:\/\/virtualnimuzej.aspira.hr\/wp-content\/uploads\/2022\/10\/Mateo-Caput-1.jpg 544w\" sizes=\"(max-width: 209px) 100vw, 209px\" \/>\u00a0 <img decoding=\"async\" class=\"alignnone size-medium wp-image-5468\" src=\"https:\/\/virtualnimuzej.aspira.hr\/wp-content\/uploads\/2022\/10\/ca5cf886-30e8-4cff-badc-477e3bd94efe-1-215x300.jpg\" alt=\"\" width=\"215\" height=\"300\" srcset=\"https:\/\/virtualnimuzej.aspira.hr\/wp-content\/uploads\/2022\/10\/ca5cf886-30e8-4cff-badc-477e3bd94efe-1-200x279.jpg 200w, https:\/\/virtualnimuzej.aspira.hr\/wp-content\/uploads\/2022\/10\/ca5cf886-30e8-4cff-badc-477e3bd94efe-1-215x300.jpg 215w, https:\/\/virtualnimuzej.aspira.hr\/wp-content\/uploads\/2022\/10\/ca5cf886-30e8-4cff-badc-477e3bd94efe-1-400x558.jpg 400w, https:\/\/virtualnimuzej.aspira.hr\/wp-content\/uploads\/2022\/10\/ca5cf886-30e8-4cff-badc-477e3bd94efe-1.jpg 573w\" sizes=\"(max-width: 215px) 100vw, 215px\" \/>\u00a0 <img decoding=\"async\" class=\"alignnone size-medium wp-image-5483\" src=\"https:\/\/virtualnimuzej.aspira.hr\/wp-content\/uploads\/2022\/10\/Screenshot_2018-06-25-15-29-43-1-201x300.png\" alt=\"\" width=\"201\" height=\"300\" srcset=\"https:\/\/virtualnimuzej.aspira.hr\/wp-content\/uploads\/2022\/10\/Screenshot_2018-06-25-15-29-43-1-200x298.png 200w, https:\/\/virtualnimuzej.aspira.hr\/wp-content\/uploads\/2022\/10\/Screenshot_2018-06-25-15-29-43-1-201x300.png 201w, https:\/\/virtualnimuzej.aspira.hr\/wp-content\/uploads\/2022\/10\/Screenshot_2018-06-25-15-29-43-1-400x596.png 400w, https:\/\/virtualnimuzej.aspira.hr\/wp-content\/uploads\/2022\/10\/Screenshot_2018-06-25-15-29-43-1.png 528w\" sizes=\"(max-width: 201px) 100vw, 201px\" \/><\/p>\n<p>Mateo Zaput (Mate Caput) su certificado de nacimiento y casa donde fue nacido en Dubrovnik<\/p>\n<p>&nbsp;<\/p>\n<p><img decoding=\"async\" class=\"alignnone size-medium wp-image-5471\" src=\"https:\/\/virtualnimuzej.aspira.hr\/wp-content\/uploads\/2022\/10\/Nicolas-Ernesto-Caput-1-218x300.jpg\" alt=\"\" width=\"218\" height=\"300\" srcset=\"https:\/\/virtualnimuzej.aspira.hr\/wp-content\/uploads\/2022\/10\/Nicolas-Ernesto-Caput-1-200x276.jpg 200w, https:\/\/virtualnimuzej.aspira.hr\/wp-content\/uploads\/2022\/10\/Nicolas-Ernesto-Caput-1-218x300.jpg 218w, https:\/\/virtualnimuzej.aspira.hr\/wp-content\/uploads\/2022\/10\/Nicolas-Ernesto-Caput-1-400x552.jpg 400w, https:\/\/virtualnimuzej.aspira.hr\/wp-content\/uploads\/2022\/10\/Nicolas-Ernesto-Caput-1.jpg 575w\" sizes=\"(max-width: 218px) 100vw, 218px\" \/> Nicolas Ernesto Zaput<\/p>\n<p>&nbsp;<\/p>\n<p>Mi bisabuelo tuvo dos hijos, mi abuelo Nicol\u00e1s Ernesto Zaput Rivera y Pedro Zaput.<\/p>\n<p>Siempre quisieron volver a Dubrovnik, pero su deseo no se hizo realidad.<\/p>\n<p>Logr\u00e9 cumplir el sue\u00f1o de mi Bisabuelo y Abuelo ya que he viajado tres veces a Dubrovnik, y residir en Split en Marzo 2021 a Marzo del 2022, desde que adquir\u00ed la Nacionalidad Croata, de la cual me siento muy orgulloso y feliz. Amo mis ra\u00edces, y ahora mi patria.<\/p>\n<p>&nbsp;<\/p>\n<p><img decoding=\"async\" class=\"alignnone size-medium wp-image-5474\" src=\"https:\/\/virtualnimuzej.aspira.hr\/wp-content\/uploads\/2022\/10\/Screenshot_2018-11-27-23-38-38-21-1-219x300.png\" alt=\"\" width=\"219\" height=\"300\" srcset=\"https:\/\/virtualnimuzej.aspira.hr\/wp-content\/uploads\/2022\/10\/Screenshot_2018-11-27-23-38-38-21-1-200x274.png 200w, https:\/\/virtualnimuzej.aspira.hr\/wp-content\/uploads\/2022\/10\/Screenshot_2018-11-27-23-38-38-21-1-219x300.png 219w, https:\/\/virtualnimuzej.aspira.hr\/wp-content\/uploads\/2022\/10\/Screenshot_2018-11-27-23-38-38-21-1-400x547.png 400w, https:\/\/virtualnimuzej.aspira.hr\/wp-content\/uploads\/2022\/10\/Screenshot_2018-11-27-23-38-38-21-1.png 585w\" sizes=\"(max-width: 219px) 100vw, 219px\" \/>\u00a0 <img decoding=\"async\" class=\"alignnone size-medium wp-image-5477\" src=\"https:\/\/virtualnimuzej.aspira.hr\/wp-content\/uploads\/2022\/10\/20180812_201835-1-177x300.jpg\" alt=\"\" width=\"177\" height=\"300\" srcset=\"https:\/\/virtualnimuzej.aspira.hr\/wp-content\/uploads\/2022\/10\/20180812_201835-1-177x300.jpg 177w, https:\/\/virtualnimuzej.aspira.hr\/wp-content\/uploads\/2022\/10\/20180812_201835-1-200x339.jpg 200w, https:\/\/virtualnimuzej.aspira.hr\/wp-content\/uploads\/2022\/10\/20180812_201835-1-400x678.jpg 400w, https:\/\/virtualnimuzej.aspira.hr\/wp-content\/uploads\/2022\/10\/20180812_201835-1.jpg 472w\" sizes=\"(max-width: 177px) 100vw, 177px\" \/><\/p>\n<p>Me motiva mucho aprender el idioma croata, y seguir un Profesion en la Universidad\u00a0 Aspira de Split ya que mi intenci\u00f3n es residir pronto en Split- Croacia, y poder desenvolverme en nuestro idioma,\u00a0 con la posibilidad de emprender un negocio, por eso que estoy aplicando a la Beca\u00a0 de la Universidad de Aspira en Split<\/p>\n<p><strong>Escrito por: Antonio Ernesto Marcelo Echeverria Zaput<\/strong><\/p>\n<p><strong>\u00a0<\/strong><\/p>\n","protected":false},"excerpt":{"rendered":"<p>&nbsp; Mi nombre es Antonio Ernesto Marcelo Echeverr\u00eda Zaput, hijo de Antonio Jos\u00e9 Echeverr\u00eda Salcedo y Madre Mar\u00eda Antonieta Zaput, nac\u00ed en Per\u00fa- Lima, Miraflores el 9 de abril de [&hellip;]<\/p>\n","protected":false},"author":1,"featured_media":5488,"comment_status":"open","ping_status":"open","sticky":false,"template":"","format":"standard","meta":{"footnotes":""},"categories":[84],"tags":[],"class_list":["post-5487","post","type-post","status-publish","format-standard","has-post-thumbnail","hentry","category-peru-es"],"yoast_head":"<!-- This site is optimized with the Yoast SEO plugin v20.7 - https:\/\/yoast.com\/wordpress\/plugins\/seo\/ -->\n<title>Los Zaput de Lima - Aspira Virtualni Muzej iseljeni\u0161tva Dalmacije<\/title>\n<meta name=\"robots\" content=\"index, follow, max-snippet:-1, max-image-preview:large, max-video-preview:-1\" \/>\n<link rel=\"canonical\" href=\"https:\/\/virtualnimuzej.aspira.hr\/es\/los-zaput-de-lima\/\" \/>\n<meta property=\"og:locale\" content=\"es_ES\" \/>\n<meta property=\"og:type\" content=\"article\" \/>\n<meta property=\"og:title\" content=\"Los Zaput de Lima - Aspira Virtualni Muzej iseljeni\u0161tva Dalmacije\" \/>\n<meta property=\"og:description\" content=\"&nbsp; Mi nombre es Antonio Ernesto Marcelo Echeverr\u00eda Zaput, hijo de Antonio Jos\u00e9 Echeverr\u00eda Salcedo y Madre Mar\u00eda Antonieta Zaput, nac\u00ed en Per\u00fa- Lima, Miraflores el 9 de abril de [&hellip;]\" \/>\n<meta property=\"og:url\" content=\"https:\/\/virtualnimuzej.aspira.hr\/es\/los-zaput-de-lima\/\" \/>\n<meta property=\"og:site_name\" content=\"Aspira Virtualni Muzej iseljeni\u0161tva Dalmacije\" \/>\n<meta property=\"article:published_time\" content=\"2022-10-17T17:08:44+00:00\" \/>\n<meta property=\"og:image\" content=\"https:\/\/virtualnimuzej.aspira.hr\/wp-content\/uploads\/2022\/10\/DSCN9491-2.jpg\" \/>\n\t<meta property=\"og:image:width\" content=\"800\" \/>\n\t<meta property=\"og:image:height\" content=\"600\" \/>\n\t<meta property=\"og:image:type\" content=\"image\/jpeg\" \/>\n<meta name=\"author\" content=\"VmuzejAspira\" \/>\n<meta name=\"twitter:card\" content=\"summary_large_image\" \/>\n<meta name=\"twitter:label1\" content=\"Escrito por\" \/>\n\t<meta name=\"twitter:data1\" content=\"VmuzejAspira\" \/>\n\t<meta name=\"twitter:label2\" content=\"Tiempo de lectura\" \/>\n\t<meta name=\"twitter:data2\" content=\"4 minutos\" \/>\n<script type=\"application\/ld+json\" class=\"yoast-schema-graph\">{\"@context\":\"https:\/\/schema.org\",\"@graph\":[{\"@type\":\"WebPage\",\"@id\":\"https:\/\/virtualnimuzej.aspira.hr\/es\/los-zaput-de-lima\/\",\"url\":\"https:\/\/virtualnimuzej.aspira.hr\/es\/los-zaput-de-lima\/\",\"name\":\"Los Zaput de Lima - Aspira Virtualni Muzej iseljeni\u0161tva Dalmacije\",\"isPartOf\":{\"@id\":\"https:\/\/virtualnimuzej.aspira.hr\/#website\"},\"datePublished\":\"2022-10-17T17:08:44+00:00\",\"dateModified\":\"2022-10-17T17:08:44+00:00\",\"author\":{\"@id\":\"https:\/\/virtualnimuzej.aspira.hr\/#\/schema\/person\/8b28048370e78968988c04d6f1ba104d\"},\"breadcrumb\":{\"@id\":\"https:\/\/virtualnimuzej.aspira.hr\/es\/los-zaput-de-lima\/#breadcrumb\"},\"inLanguage\":\"es\",\"potentialAction\":[{\"@type\":\"ReadAction\",\"target\":[\"https:\/\/virtualnimuzej.aspira.hr\/es\/los-zaput-de-lima\/\"]}]},{\"@type\":\"BreadcrumbList\",\"@id\":\"https:\/\/virtualnimuzej.aspira.hr\/es\/los-zaput-de-lima\/#breadcrumb\",\"itemListElement\":[{\"@type\":\"ListItem\",\"position\":1,\"name\":\"Naslovna\",\"item\":\"https:\/\/virtualnimuzej.aspira.hr\/es\/\"},{\"@type\":\"ListItem\",\"position\":2,\"name\":\"Los Zaput de Lima\"}]},{\"@type\":\"WebSite\",\"@id\":\"https:\/\/virtualnimuzej.aspira.hr\/#website\",\"url\":\"https:\/\/virtualnimuzej.aspira.hr\/\",\"name\":\"Aspira Virtualni Muzej iseljeni\u0161tva Dalmacije\",\"description\":\"Muzej iseljeni\u0161tva je zami\u0161ljen kao mjesto skupljanja i prezentacije gra\u0111e o hrvatskom iseljeni\u0161tvu i povijesti iseljavanja koja nikada nije bila dovoljno istra\u017eena.\",\"potentialAction\":[{\"@type\":\"SearchAction\",\"target\":{\"@type\":\"EntryPoint\",\"urlTemplate\":\"https:\/\/virtualnimuzej.aspira.hr\/?s={search_term_string}\"},\"query-input\":\"required name=search_term_string\"}],\"inLanguage\":\"es\"},{\"@type\":\"Person\",\"@id\":\"https:\/\/virtualnimuzej.aspira.hr\/#\/schema\/person\/8b28048370e78968988c04d6f1ba104d\",\"name\":\"VmuzejAspira\",\"image\":{\"@type\":\"ImageObject\",\"inLanguage\":\"es\",\"@id\":\"https:\/\/virtualnimuzej.aspira.hr\/#\/schema\/person\/image\/\",\"url\":\"https:\/\/secure.gravatar.com\/avatar\/cfa7124a34eec5233efffe1e8fb23c18bb83abdb6129e8f47c9144109613a228?s=96&d=mm&r=g\",\"contentUrl\":\"https:\/\/secure.gravatar.com\/avatar\/cfa7124a34eec5233efffe1e8fb23c18bb83abdb6129e8f47c9144109613a228?s=96&d=mm&r=g\",\"caption\":\"VmuzejAspira\"},\"sameAs\":[\"http:\/\/virtualnimuzej.aspira.hr\"],\"url\":\"https:\/\/virtualnimuzej.aspira.hr\/es\/author\/vmuzejaspira\/\"}]}<\/script>\n<!-- \/ Yoast SEO plugin. -->","yoast_head_json":{"title":"Los Zaput de Lima - Aspira Virtualni Muzej iseljeni\u0161tva Dalmacije","robots":{"index":"index","follow":"follow","max-snippet":"max-snippet:-1","max-image-preview":"max-image-preview:large","max-video-preview":"max-video-preview:-1"},"canonical":"https:\/\/virtualnimuzej.aspira.hr\/es\/los-zaput-de-lima\/","og_locale":"es_ES","og_type":"article","og_title":"Los Zaput de Lima - Aspira Virtualni Muzej iseljeni\u0161tva Dalmacije","og_description":"&nbsp; Mi nombre es Antonio Ernesto Marcelo Echeverr\u00eda Zaput, hijo de Antonio Jos\u00e9 Echeverr\u00eda Salcedo y Madre Mar\u00eda Antonieta Zaput, nac\u00ed en Per\u00fa- Lima, Miraflores el 9 de abril de [&hellip;]","og_url":"https:\/\/virtualnimuzej.aspira.hr\/es\/los-zaput-de-lima\/","og_site_name":"Aspira Virtualni Muzej iseljeni\u0161tva Dalmacije","article_published_time":"2022-10-17T17:08:44+00:00","og_image":[{"width":800,"height":600,"url":"https:\/\/virtualnimuzej.aspira.hr\/wp-content\/uploads\/2022\/10\/DSCN9491-2.jpg","type":"image\/jpeg"}],"author":"VmuzejAspira","twitter_card":"summary_large_image","twitter_misc":{"Escrito por":"VmuzejAspira","Tiempo de lectura":"4 minutos"},"schema":{"@context":"https:\/\/schema.org","@graph":[{"@type":"WebPage","@id":"https:\/\/virtualnimuzej.aspira.hr\/es\/los-zaput-de-lima\/","url":"https:\/\/virtualnimuzej.aspira.hr\/es\/los-zaput-de-lima\/","name":"Los Zaput de Lima - Aspira Virtualni Muzej iseljeni\u0161tva Dalmacije","isPartOf":{"@id":"https:\/\/virtualnimuzej.aspira.hr\/#website"},"datePublished":"2022-10-17T17:08:44+00:00","dateModified":"2022-10-17T17:08:44+00:00","author":{"@id":"https:\/\/virtualnimuzej.aspira.hr\/#\/schema\/person\/8b28048370e78968988c04d6f1ba104d"},"breadcrumb":{"@id":"https:\/\/virtualnimuzej.aspira.hr\/es\/los-zaput-de-lima\/#breadcrumb"},"inLanguage":"es","potentialAction":[{"@type":"ReadAction","target":["https:\/\/virtualnimuzej.aspira.hr\/es\/los-zaput-de-lima\/"]}]},{"@type":"BreadcrumbList","@id":"https:\/\/virtualnimuzej.aspira.hr\/es\/los-zaput-de-lima\/#breadcrumb","itemListElement":[{"@type":"ListItem","position":1,"name":"Naslovna","item":"https:\/\/virtualnimuzej.aspira.hr\/es\/"},{"@type":"ListItem","position":2,"name":"Los Zaput de Lima"}]},{"@type":"WebSite","@id":"https:\/\/virtualnimuzej.aspira.hr\/#website","url":"https:\/\/virtualnimuzej.aspira.hr\/","name":"Aspira Virtualni Muzej iseljeni\u0161tva Dalmacije","description":"Muzej iseljeni\u0161tva je zami\u0161ljen kao mjesto skupljanja i prezentacije gra\u0111e o hrvatskom iseljeni\u0161tvu i povijesti iseljavanja koja nikada nije bila dovoljno istra\u017eena.","potentialAction":[{"@type":"SearchAction","target":{"@type":"EntryPoint","urlTemplate":"https:\/\/virtualnimuzej.aspira.hr\/?s={search_term_string}"},"query-input":"required name=search_term_string"}],"inLanguage":"es"},{"@type":"Person","@id":"https:\/\/virtualnimuzej.aspira.hr\/#\/schema\/person\/8b28048370e78968988c04d6f1ba104d","name":"VmuzejAspira","image":{"@type":"ImageObject","inLanguage":"es","@id":"https:\/\/virtualnimuzej.aspira.hr\/#\/schema\/person\/image\/","url":"https:\/\/secure.gravatar.com\/avatar\/cfa7124a34eec5233efffe1e8fb23c18bb83abdb6129e8f47c9144109613a228?s=96&d=mm&r=g","contentUrl":"https:\/\/secure.gravatar.com\/avatar\/cfa7124a34eec5233efffe1e8fb23c18bb83abdb6129e8f47c9144109613a228?s=96&d=mm&r=g","caption":"VmuzejAspira"},"sameAs":["http:\/\/virtualnimuzej.aspira.hr"],"url":"https:\/\/virtualnimuzej.aspira.hr\/es\/author\/vmuzejaspira\/"}]}},"_links":{"self":[{"href":"https:\/\/virtualnimuzej.aspira.hr\/es\/wp-json\/wp\/v2\/posts\/5487","targetHints":{"allow":["GET"]}}],"collection":[{"href":"https:\/\/virtualnimuzej.aspira.hr\/es\/wp-json\/wp\/v2\/posts"}],"about":[{"href":"https:\/\/virtualnimuzej.aspira.hr\/es\/wp-json\/wp\/v2\/types\/post"}],"author":[{"embeddable":true,"href":"https:\/\/virtualnimuzej.aspira.hr\/es\/wp-json\/wp\/v2\/users\/1"}],"replies":[{"embeddable":true,"href":"https:\/\/virtualnimuzej.aspira.hr\/es\/wp-json\/wp\/v2\/comments?post=5487"}],"version-history":[{"count":1,"href":"https:\/\/virtualnimuzej.aspira.hr\/es\/wp-json\/wp\/v2\/posts\/5487\/revisions"}],"predecessor-version":[{"id":5494,"href":"https:\/\/virtualnimuzej.aspira.hr\/es\/wp-json\/wp\/v2\/posts\/5487\/revisions\/5494"}],"wp:featuredmedia":[{"embeddable":true,"href":"https:\/\/virtualnimuzej.aspira.hr\/es\/wp-json\/wp\/v2\/media\/5488"}],"wp:attachment":[{"href":"https:\/\/virtualnimuzej.aspira.hr\/es\/wp-json\/wp\/v2\/media?parent=5487"}],"wp:term":[{"taxonomy":"category","embeddable":true,"href":"https:\/\/virtualnimuzej.aspira.hr\/es\/wp-json\/wp\/v2\/categories?post=5487"},{"taxonomy":"post_tag","embeddable":true,"href":"https:\/\/virtualnimuzej.aspira.hr\/es\/wp-json\/wp\/v2\/tags?post=5487"}],"curies":[{"name":"wp","href":"https:\/\/api.w.org\/{rel}","templated":true}]}}