{"id":5588,"date":"2022-10-19T15:47:20","date_gmt":"2022-10-19T13:47:20","guid":{"rendered":"https:\/\/virtualnimuzej.aspira.hr\/?p=5588"},"modified":"2022-10-19T15:47:20","modified_gmt":"2022-10-19T13:47:20","slug":"tapiz-de-la-familia-kegalj","status":"publish","type":"post","link":"https:\/\/virtualnimuzej.aspira.hr\/es\/tapiz-de-la-familia-kegalj\/","title":{"rendered":"Tapiz de la familia Kegalj"},"content":{"rendered":"<p>&nbsp;<\/p>\n<p>Historia de la familia Kegalj de palabras de Laura Kegalj Rebich profesora de Maria Teresa, Santa Fe<\/p>\n<p>Y as\u00ed fue quedando entre puntadas un paisaje del otro lado del mar. Esa casa que mi abuela Catalina Ramic (Kata Rami\u0107) habit\u00f3 so\u00f1ando con viajar a la Argentina para reencontrarse con su marido Jos\u00e9 Kegalj (Jozo Kegalj) y seguir hilando la familia\u2026<\/p>\n<p>&nbsp;<\/p>\n<p><img decoding=\"async\" class=\"alignnone size-medium wp-image-5592\" src=\"https:\/\/virtualnimuzej.aspira.hr\/wp-content\/uploads\/2022\/10\/BABA-KATA-2-200x300.jpeg\" alt=\"\" width=\"200\" height=\"300\" srcset=\"https:\/\/virtualnimuzej.aspira.hr\/wp-content\/uploads\/2022\/10\/BABA-KATA-2-200x300.jpeg 200w, https:\/\/virtualnimuzej.aspira.hr\/wp-content\/uploads\/2022\/10\/BABA-KATA-2-400x600.jpeg 400w, https:\/\/virtualnimuzej.aspira.hr\/wp-content\/uploads\/2022\/10\/BABA-KATA-2.jpeg 533w\" sizes=\"(max-width: 200px) 100vw, 200px\" \/>\u00a0 Abuela Catalina (baba Kata)<\/p>\n<p>&nbsp;<\/p>\n<p>Creo que tambi\u00e9n quedaron, hilv\u00e1n a hilv\u00e1n, sus l\u00e1grimas y a\u00f1oranzas de la patria croata que dejaba atr\u00e1s para aventurarse a seguir su destino, pero que nunca olvidar\u00eda y compartir\u00eda con nosotros mediante palabras, recetas de cocina y muchas an\u00e9cdotas que hoy vuelven a mi mente.<\/p>\n<p>No falt\u00f3 lugar en este tapiz de mi historia, para el lago maravilloso y la casa de mi abuelo paterno Miho Rebic (Mijo Rebi\u0107) que junto a \u00e9l observaba la majestuosidad azul de sus aguas. Parte significativa del paisaje de mi vida, que al cerrar los ojos parece que lo veo a trav\u00e9s de su voz pausada y c\u00e1lida.<\/p>\n<p>&nbsp;<\/p>\n<p><img decoding=\"async\" class=\"alignnone  wp-image-5595\" src=\"https:\/\/virtualnimuzej.aspira.hr\/wp-content\/uploads\/2022\/10\/DJED-MIHO-2-200x300.jpeg\" alt=\"\" width=\"174\" height=\"262\" srcset=\"https:\/\/virtualnimuzej.aspira.hr\/wp-content\/uploads\/2022\/10\/DJED-MIHO-2-200x300.jpeg 200w, https:\/\/virtualnimuzej.aspira.hr\/wp-content\/uploads\/2022\/10\/DJED-MIHO-2-400x600.jpeg 400w, https:\/\/virtualnimuzej.aspira.hr\/wp-content\/uploads\/2022\/10\/DJED-MIHO-2.jpeg 533w\" sizes=\"(max-width: 174px) 100vw, 174px\" \/>\u00a0 \u00a0 \u00a0<img decoding=\"async\" class=\"alignnone  wp-image-5598\" src=\"https:\/\/virtualnimuzej.aspira.hr\/wp-content\/uploads\/2022\/10\/DJED-MIHO-EN-ARG-2-263x300.jpeg\" alt=\"\" width=\"228\" height=\"260\" srcset=\"https:\/\/virtualnimuzej.aspira.hr\/wp-content\/uploads\/2022\/10\/DJED-MIHO-EN-ARG-2-200x228.jpeg 200w, https:\/\/virtualnimuzej.aspira.hr\/wp-content\/uploads\/2022\/10\/DJED-MIHO-EN-ARG-2-263x300.jpeg 263w, https:\/\/virtualnimuzej.aspira.hr\/wp-content\/uploads\/2022\/10\/DJED-MIHO-EN-ARG-2-400x456.jpeg 400w, https:\/\/virtualnimuzej.aspira.hr\/wp-content\/uploads\/2022\/10\/DJED-MIHO-EN-ARG-2-600x683.jpeg 600w, https:\/\/virtualnimuzej.aspira.hr\/wp-content\/uploads\/2022\/10\/DJED-MIHO-EN-ARG-2-768x875.jpeg 768w, https:\/\/virtualnimuzej.aspira.hr\/wp-content\/uploads\/2022\/10\/DJED-MIHO-EN-ARG-2.jpeg 800w\" sizes=\"(max-width: 228px) 100vw, 228px\" \/>\u00a0 \u00a0 \u00a0<img decoding=\"async\" class=\"alignnone  wp-image-5601\" src=\"https:\/\/virtualnimuzej.aspira.hr\/wp-content\/uploads\/2022\/10\/DETALLE-DE-BORDADO-2-225x300.jpeg\" alt=\"\" width=\"195\" height=\"260\" srcset=\"https:\/\/virtualnimuzej.aspira.hr\/wp-content\/uploads\/2022\/10\/DETALLE-DE-BORDADO-2-200x267.jpeg 200w, https:\/\/virtualnimuzej.aspira.hr\/wp-content\/uploads\/2022\/10\/DETALLE-DE-BORDADO-2-225x300.jpeg 225w, https:\/\/virtualnimuzej.aspira.hr\/wp-content\/uploads\/2022\/10\/DETALLE-DE-BORDADO-2-400x533.jpeg 400w, https:\/\/virtualnimuzej.aspira.hr\/wp-content\/uploads\/2022\/10\/DETALLE-DE-BORDADO-2.jpeg 600w\" sizes=\"(max-width: 195px) 100vw, 195px\" \/><\/p>\n<p>Abuelo Miho\u00a0 \u00a0 \u00a0 \u00a0 \u00a0 \u00a0 \u00a0 \u00a0 \u00a0 \u00a0 \u00a0 \u00a0 \u00a0 \u00a0 \u00a0 \u00a0 \u00a0 \u00a0 \u00a0 \u00a0Miho en Argentina\u00a0 \u00a0 \u00a0 \u00a0 \u00a0 \u00a0 \u00a0 \u00a0 \u00a0 \u00a0 \u00a0 \u00a0 \u00a0 \u00a0 \u00a0 \u00a0 \u00a0 \u00a0 \u00a0 \u00a0 \u00a0 \u00a0 \u00a0 \u00a0 \u00a0 \u00a0 \u00a0 Detalle<\/p>\n<p>&nbsp;<\/p>\n<p>Y por supuesto, al centro, la casa en la Argentina, donde crec\u00ed amando a estos seres inmensos que me dieron tanto, desde el coraz\u00f3n forjado en dos pa\u00edses.<\/p>\n<p>Aqu\u00ed estoy yo, en este trozo de tela bordado tarde a tarde, robando tiempo a mi rutina. Recordando esas palabras tan sabias del abuelo: \u201cLa sangre no es agua\u201d \u2026 claro que es as\u00ed. Y esa destreza de mi abuela Catalina est\u00e1 en m\u00ed, lo siento y se me llena el pecho de felicidad. El hilo de la memoria va haciendo su recorrido en la tela, lenta y amorosamente.<\/p>\n<p>&nbsp;<\/p>\n<p><img decoding=\"async\" class=\"alignnone size-medium wp-image-5604\" src=\"https:\/\/virtualnimuzej.aspira.hr\/wp-content\/uploads\/2022\/10\/ESCENARIO-GENERAL-2-300x200.jpeg\" alt=\"\" width=\"300\" height=\"200\" srcset=\"https:\/\/virtualnimuzej.aspira.hr\/wp-content\/uploads\/2022\/10\/ESCENARIO-GENERAL-2-200x133.jpeg 200w, https:\/\/virtualnimuzej.aspira.hr\/wp-content\/uploads\/2022\/10\/ESCENARIO-GENERAL-2-300x200.jpeg 300w, https:\/\/virtualnimuzej.aspira.hr\/wp-content\/uploads\/2022\/10\/ESCENARIO-GENERAL-2-400x267.jpeg 400w, https:\/\/virtualnimuzej.aspira.hr\/wp-content\/uploads\/2022\/10\/ESCENARIO-GENERAL-2-600x400.jpeg 600w, https:\/\/virtualnimuzej.aspira.hr\/wp-content\/uploads\/2022\/10\/ESCENARIO-GENERAL-2-768x512.jpeg 768w, https:\/\/virtualnimuzej.aspira.hr\/wp-content\/uploads\/2022\/10\/ESCENARIO-GENERAL-2.jpeg 800w\" sizes=\"(max-width: 300px) 100vw, 300px\" \/><\/p>\n<p><img decoding=\"async\" class=\"alignnone size-medium wp-image-5607\" src=\"https:\/\/virtualnimuzej.aspira.hr\/wp-content\/uploads\/2022\/10\/REPLICA-DE-IMOTSKI-2-200x300.jpeg\" alt=\"\" width=\"200\" height=\"300\" srcset=\"https:\/\/virtualnimuzej.aspira.hr\/wp-content\/uploads\/2022\/10\/REPLICA-DE-IMOTSKI-2-200x300.jpeg 200w, https:\/\/virtualnimuzej.aspira.hr\/wp-content\/uploads\/2022\/10\/REPLICA-DE-IMOTSKI-2-400x600.jpeg 400w, https:\/\/virtualnimuzej.aspira.hr\/wp-content\/uploads\/2022\/10\/REPLICA-DE-IMOTSKI-2.jpeg 533w\" sizes=\"(max-width: 200px) 100vw, 200px\" \/>\u00a0 <img decoding=\"async\" class=\"alignnone size-medium wp-image-5610\" src=\"https:\/\/virtualnimuzej.aspira.hr\/wp-content\/uploads\/2022\/10\/REPLICA-KEGALJ-2-200x300.jpeg\" alt=\"\" width=\"200\" height=\"300\" srcset=\"https:\/\/virtualnimuzej.aspira.hr\/wp-content\/uploads\/2022\/10\/REPLICA-KEGALJ-2-200x300.jpeg 200w, https:\/\/virtualnimuzej.aspira.hr\/wp-content\/uploads\/2022\/10\/REPLICA-KEGALJ-2-400x600.jpeg 400w, https:\/\/virtualnimuzej.aspira.hr\/wp-content\/uploads\/2022\/10\/REPLICA-KEGALJ-2.jpeg 533w\" sizes=\"(max-width: 200px) 100vw, 200px\" \/><\/p>\n<p>&nbsp;<\/p>\n<p>Ahora yo soy abuela\u2026 pasar\u00e9 este legado a mi nieto que me mira desde su cochecito y sonr\u00ede.<\/p>\n<p>Tarareo una nana querida y nos conecta el amor. Nada m\u00e1s hace falta.<\/p>\n<p>&nbsp;<\/p>\n<p><img decoding=\"async\" class=\"alignnone  wp-image-5613\" src=\"https:\/\/virtualnimuzej.aspira.hr\/wp-content\/uploads\/2022\/10\/PAGINA-0-2-300x114.jpeg\" alt=\"\" width=\"342\" height=\"130\" srcset=\"https:\/\/virtualnimuzej.aspira.hr\/wp-content\/uploads\/2022\/10\/PAGINA-0-2-200x76.jpeg 200w, https:\/\/virtualnimuzej.aspira.hr\/wp-content\/uploads\/2022\/10\/PAGINA-0-2-300x114.jpeg 300w, https:\/\/virtualnimuzej.aspira.hr\/wp-content\/uploads\/2022\/10\/PAGINA-0-2-400x153.jpeg 400w, https:\/\/virtualnimuzej.aspira.hr\/wp-content\/uploads\/2022\/10\/PAGINA-0-2-600x229.jpeg 600w, https:\/\/virtualnimuzej.aspira.hr\/wp-content\/uploads\/2022\/10\/PAGINA-0-2-768x293.jpeg 768w, https:\/\/virtualnimuzej.aspira.hr\/wp-content\/uploads\/2022\/10\/PAGINA-0-2.jpeg 800w\" sizes=\"(max-width: 342px) 100vw, 342px\" \/>\u00a0 <img decoding=\"async\" class=\"alignnone size-medium wp-image-5616\" src=\"https:\/\/virtualnimuzej.aspira.hr\/wp-content\/uploads\/2022\/10\/PAGINA-1-2-300x132.jpeg\" alt=\"\" width=\"300\" height=\"132\" srcset=\"https:\/\/virtualnimuzej.aspira.hr\/wp-content\/uploads\/2022\/10\/PAGINA-1-2-200x88.jpeg 200w, https:\/\/virtualnimuzej.aspira.hr\/wp-content\/uploads\/2022\/10\/PAGINA-1-2-300x132.jpeg 300w, https:\/\/virtualnimuzej.aspira.hr\/wp-content\/uploads\/2022\/10\/PAGINA-1-2-400x176.jpeg 400w, https:\/\/virtualnimuzej.aspira.hr\/wp-content\/uploads\/2022\/10\/PAGINA-1-2-600x263.jpeg 600w, https:\/\/virtualnimuzej.aspira.hr\/wp-content\/uploads\/2022\/10\/PAGINA-1-2-768x337.jpeg 768w, https:\/\/virtualnimuzej.aspira.hr\/wp-content\/uploads\/2022\/10\/PAGINA-1-2.jpeg 800w\" sizes=\"(max-width: 300px) 100vw, 300px\" \/><\/p>\n<p><img decoding=\"async\" class=\"alignnone size-medium wp-image-5619\" src=\"https:\/\/virtualnimuzej.aspira.hr\/wp-content\/uploads\/2022\/10\/PAGINA-2-2-300x150.jpeg\" alt=\"\" width=\"300\" height=\"150\" srcset=\"https:\/\/virtualnimuzej.aspira.hr\/wp-content\/uploads\/2022\/10\/PAGINA-2-2-200x100.jpeg 200w, https:\/\/virtualnimuzej.aspira.hr\/wp-content\/uploads\/2022\/10\/PAGINA-2-2-300x150.jpeg 300w, https:\/\/virtualnimuzej.aspira.hr\/wp-content\/uploads\/2022\/10\/PAGINA-2-2-400x200.jpeg 400w, https:\/\/virtualnimuzej.aspira.hr\/wp-content\/uploads\/2022\/10\/PAGINA-2-2-540x272.jpeg 540w, https:\/\/virtualnimuzej.aspira.hr\/wp-content\/uploads\/2022\/10\/PAGINA-2-2-600x300.jpeg 600w, https:\/\/virtualnimuzej.aspira.hr\/wp-content\/uploads\/2022\/10\/PAGINA-2-2-768x384.jpeg 768w, https:\/\/virtualnimuzej.aspira.hr\/wp-content\/uploads\/2022\/10\/PAGINA-2-2.jpeg 800w\" sizes=\"(max-width: 300px) 100vw, 300px\" \/>\u00a0 \u00a0 \u00a0 \u00a0 \u00a0 \u00a0 \u00a0<img decoding=\"async\" class=\"alignnone size-medium wp-image-5622\" src=\"https:\/\/virtualnimuzej.aspira.hr\/wp-content\/uploads\/2022\/10\/PAGINA-3-3-300x151.jpeg\" alt=\"\" width=\"300\" height=\"151\" srcset=\"https:\/\/virtualnimuzej.aspira.hr\/wp-content\/uploads\/2022\/10\/PAGINA-3-3-200x101.jpeg 200w, https:\/\/virtualnimuzej.aspira.hr\/wp-content\/uploads\/2022\/10\/PAGINA-3-3-300x151.jpeg 300w, https:\/\/virtualnimuzej.aspira.hr\/wp-content\/uploads\/2022\/10\/PAGINA-3-3-400x201.jpeg 400w, https:\/\/virtualnimuzej.aspira.hr\/wp-content\/uploads\/2022\/10\/PAGINA-3-3-540x272.jpeg 540w, https:\/\/virtualnimuzej.aspira.hr\/wp-content\/uploads\/2022\/10\/PAGINA-3-3-600x302.jpeg 600w, https:\/\/virtualnimuzej.aspira.hr\/wp-content\/uploads\/2022\/10\/PAGINA-3-3-768x386.jpeg 768w, https:\/\/virtualnimuzej.aspira.hr\/wp-content\/uploads\/2022\/10\/PAGINA-3-3.jpeg 800w\" sizes=\"(max-width: 300px) 100vw, 300px\" \/><\/p>\n<p><img decoding=\"async\" class=\"alignnone size-medium wp-image-5625\" src=\"https:\/\/virtualnimuzej.aspira.hr\/wp-content\/uploads\/2022\/10\/PAGINA-4-2-300x137.jpeg\" alt=\"\" width=\"300\" height=\"137\" srcset=\"https:\/\/virtualnimuzej.aspira.hr\/wp-content\/uploads\/2022\/10\/PAGINA-4-2-200x91.jpeg 200w, https:\/\/virtualnimuzej.aspira.hr\/wp-content\/uploads\/2022\/10\/PAGINA-4-2-300x137.jpeg 300w, https:\/\/virtualnimuzej.aspira.hr\/wp-content\/uploads\/2022\/10\/PAGINA-4-2-400x182.jpeg 400w, https:\/\/virtualnimuzej.aspira.hr\/wp-content\/uploads\/2022\/10\/PAGINA-4-2-600x273.jpeg 600w, https:\/\/virtualnimuzej.aspira.hr\/wp-content\/uploads\/2022\/10\/PAGINA-4-2-768x349.jpeg 768w, https:\/\/virtualnimuzej.aspira.hr\/wp-content\/uploads\/2022\/10\/PAGINA-4-2.jpeg 800w\" sizes=\"(max-width: 300px) 100vw, 300px\" \/>\u00a0 \u00a0 \u00a0 \u00a0 \u00a0 \u00a0<img decoding=\"async\" class=\"alignnone  wp-image-5628\" src=\"https:\/\/virtualnimuzej.aspira.hr\/wp-content\/uploads\/2022\/10\/PAGINA-5-2-300x133.jpeg\" alt=\"\" width=\"309\" height=\"137\" srcset=\"https:\/\/virtualnimuzej.aspira.hr\/wp-content\/uploads\/2022\/10\/PAGINA-5-2-200x89.jpeg 200w, https:\/\/virtualnimuzej.aspira.hr\/wp-content\/uploads\/2022\/10\/PAGINA-5-2-300x133.jpeg 300w, https:\/\/virtualnimuzej.aspira.hr\/wp-content\/uploads\/2022\/10\/PAGINA-5-2-400x178.jpeg 400w, https:\/\/virtualnimuzej.aspira.hr\/wp-content\/uploads\/2022\/10\/PAGINA-5-2-600x266.jpeg 600w, https:\/\/virtualnimuzej.aspira.hr\/wp-content\/uploads\/2022\/10\/PAGINA-5-2-768x341.jpeg 768w, https:\/\/virtualnimuzej.aspira.hr\/wp-content\/uploads\/2022\/10\/PAGINA-5-2.jpeg 800w\" sizes=\"(max-width: 309px) 100vw, 309px\" \/><\/p>\n<p>&nbsp;<\/p>\n<p><u>NARRACI\u00d3N ORAL Y TEXTIL<\/u>\u00a0 \u00a0Autora: Mar\u00eda Gabriela Sanchez.<\/p>\n<p><u>LAURA KEGALJ REBICh:<\/u> Rinc\u00f3n de los Sauces. Neuqu\u00e9n.<\/p>\n<p>Octubre de 2021.<\/p>\n<p><strong>.<\/strong><\/p>\n<p>&nbsp;<\/p>\n","protected":false},"excerpt":{"rendered":"<p>&nbsp; Historia de la familia Kegalj de palabras de Laura Kegalj Rebich profesora de Maria Teresa, Santa Fe Y as\u00ed fue quedando entre puntadas un paisaje del otro lado del [&hellip;]<\/p>\n","protected":false},"author":1,"featured_media":5589,"comment_status":"open","ping_status":"open","sticky":false,"template":"","format":"standard","meta":{"footnotes":""},"categories":[75],"tags":[],"class_list":["post-5588","post","type-post","status-publish","format-standard","has-post-thumbnail","hentry","category-argentina-es"],"yoast_head":"<!-- This site is optimized with the Yoast SEO plugin v20.7 - https:\/\/yoast.com\/wordpress\/plugins\/seo\/ -->\n<title>Tapiz de la familia Kegalj - Aspira Virtualni Muzej iseljeni\u0161tva Dalmacije<\/title>\n<meta name=\"robots\" content=\"index, follow, max-snippet:-1, max-image-preview:large, max-video-preview:-1\" \/>\n<link rel=\"canonical\" href=\"https:\/\/virtualnimuzej.aspira.hr\/es\/tapiz-de-la-familia-kegalj\/\" \/>\n<meta property=\"og:locale\" content=\"es_ES\" \/>\n<meta property=\"og:type\" content=\"article\" \/>\n<meta property=\"og:title\" content=\"Tapiz de la familia Kegalj - Aspira Virtualni Muzej iseljeni\u0161tva Dalmacije\" \/>\n<meta property=\"og:description\" content=\"&nbsp; Historia de la familia Kegalj de palabras de Laura Kegalj Rebich profesora de Maria Teresa, Santa Fe Y as\u00ed fue quedando entre puntadas un paisaje del otro lado del [&hellip;]\" \/>\n<meta property=\"og:url\" content=\"https:\/\/virtualnimuzej.aspira.hr\/es\/tapiz-de-la-familia-kegalj\/\" \/>\n<meta property=\"og:site_name\" content=\"Aspira Virtualni Muzej iseljeni\u0161tva Dalmacije\" \/>\n<meta property=\"article:published_time\" content=\"2022-10-19T13:47:20+00:00\" \/>\n<meta property=\"og:image\" content=\"https:\/\/virtualnimuzej.aspira.hr\/wp-content\/uploads\/2022\/10\/Maria-Teresa-2.jpg\" \/>\n\t<meta property=\"og:image:width\" content=\"640\" \/>\n\t<meta property=\"og:image:height\" content=\"223\" \/>\n\t<meta property=\"og:image:type\" content=\"image\/jpeg\" \/>\n<meta name=\"author\" content=\"VmuzejAspira\" \/>\n<meta name=\"twitter:card\" content=\"summary_large_image\" \/>\n<meta name=\"twitter:label1\" content=\"Escrito por\" \/>\n\t<meta name=\"twitter:data1\" content=\"VmuzejAspira\" \/>\n\t<meta name=\"twitter:label2\" content=\"Tiempo de lectura\" \/>\n\t<meta name=\"twitter:data2\" content=\"5 minutos\" \/>\n<script type=\"application\/ld+json\" class=\"yoast-schema-graph\">{\"@context\":\"https:\/\/schema.org\",\"@graph\":[{\"@type\":\"WebPage\",\"@id\":\"https:\/\/virtualnimuzej.aspira.hr\/es\/tapiz-de-la-familia-kegalj\/\",\"url\":\"https:\/\/virtualnimuzej.aspira.hr\/es\/tapiz-de-la-familia-kegalj\/\",\"name\":\"Tapiz de la familia Kegalj - Aspira Virtualni Muzej iseljeni\u0161tva Dalmacije\",\"isPartOf\":{\"@id\":\"https:\/\/virtualnimuzej.aspira.hr\/#website\"},\"datePublished\":\"2022-10-19T13:47:20+00:00\",\"dateModified\":\"2022-10-19T13:47:20+00:00\",\"author\":{\"@id\":\"https:\/\/virtualnimuzej.aspira.hr\/#\/schema\/person\/8b28048370e78968988c04d6f1ba104d\"},\"breadcrumb\":{\"@id\":\"https:\/\/virtualnimuzej.aspira.hr\/es\/tapiz-de-la-familia-kegalj\/#breadcrumb\"},\"inLanguage\":\"es\",\"potentialAction\":[{\"@type\":\"ReadAction\",\"target\":[\"https:\/\/virtualnimuzej.aspira.hr\/es\/tapiz-de-la-familia-kegalj\/\"]}]},{\"@type\":\"BreadcrumbList\",\"@id\":\"https:\/\/virtualnimuzej.aspira.hr\/es\/tapiz-de-la-familia-kegalj\/#breadcrumb\",\"itemListElement\":[{\"@type\":\"ListItem\",\"position\":1,\"name\":\"Naslovna\",\"item\":\"https:\/\/virtualnimuzej.aspira.hr\/es\/\"},{\"@type\":\"ListItem\",\"position\":2,\"name\":\"Tapiz de la familia Kegalj\"}]},{\"@type\":\"WebSite\",\"@id\":\"https:\/\/virtualnimuzej.aspira.hr\/#website\",\"url\":\"https:\/\/virtualnimuzej.aspira.hr\/\",\"name\":\"Aspira Virtualni Muzej iseljeni\u0161tva Dalmacije\",\"description\":\"Muzej iseljeni\u0161tva je zami\u0161ljen kao mjesto skupljanja i prezentacije gra\u0111e o hrvatskom iseljeni\u0161tvu i povijesti iseljavanja koja nikada nije bila dovoljno istra\u017eena.\",\"potentialAction\":[{\"@type\":\"SearchAction\",\"target\":{\"@type\":\"EntryPoint\",\"urlTemplate\":\"https:\/\/virtualnimuzej.aspira.hr\/?s={search_term_string}\"},\"query-input\":\"required name=search_term_string\"}],\"inLanguage\":\"es\"},{\"@type\":\"Person\",\"@id\":\"https:\/\/virtualnimuzej.aspira.hr\/#\/schema\/person\/8b28048370e78968988c04d6f1ba104d\",\"name\":\"VmuzejAspira\",\"image\":{\"@type\":\"ImageObject\",\"inLanguage\":\"es\",\"@id\":\"https:\/\/virtualnimuzej.aspira.hr\/#\/schema\/person\/image\/\",\"url\":\"https:\/\/secure.gravatar.com\/avatar\/cfa7124a34eec5233efffe1e8fb23c18bb83abdb6129e8f47c9144109613a228?s=96&d=mm&r=g\",\"contentUrl\":\"https:\/\/secure.gravatar.com\/avatar\/cfa7124a34eec5233efffe1e8fb23c18bb83abdb6129e8f47c9144109613a228?s=96&d=mm&r=g\",\"caption\":\"VmuzejAspira\"},\"sameAs\":[\"http:\/\/virtualnimuzej.aspira.hr\"],\"url\":\"https:\/\/virtualnimuzej.aspira.hr\/es\/author\/vmuzejaspira\/\"}]}<\/script>\n<!-- \/ Yoast SEO plugin. -->","yoast_head_json":{"title":"Tapiz de la familia Kegalj - Aspira Virtualni Muzej iseljeni\u0161tva Dalmacije","robots":{"index":"index","follow":"follow","max-snippet":"max-snippet:-1","max-image-preview":"max-image-preview:large","max-video-preview":"max-video-preview:-1"},"canonical":"https:\/\/virtualnimuzej.aspira.hr\/es\/tapiz-de-la-familia-kegalj\/","og_locale":"es_ES","og_type":"article","og_title":"Tapiz de la familia Kegalj - Aspira Virtualni Muzej iseljeni\u0161tva Dalmacije","og_description":"&nbsp; Historia de la familia Kegalj de palabras de Laura Kegalj Rebich profesora de Maria Teresa, Santa Fe Y as\u00ed fue quedando entre puntadas un paisaje del otro lado del [&hellip;]","og_url":"https:\/\/virtualnimuzej.aspira.hr\/es\/tapiz-de-la-familia-kegalj\/","og_site_name":"Aspira Virtualni Muzej iseljeni\u0161tva Dalmacije","article_published_time":"2022-10-19T13:47:20+00:00","og_image":[{"width":640,"height":223,"url":"https:\/\/virtualnimuzej.aspira.hr\/wp-content\/uploads\/2022\/10\/Maria-Teresa-2.jpg","type":"image\/jpeg"}],"author":"VmuzejAspira","twitter_card":"summary_large_image","twitter_misc":{"Escrito por":"VmuzejAspira","Tiempo de lectura":"5 minutos"},"schema":{"@context":"https:\/\/schema.org","@graph":[{"@type":"WebPage","@id":"https:\/\/virtualnimuzej.aspira.hr\/es\/tapiz-de-la-familia-kegalj\/","url":"https:\/\/virtualnimuzej.aspira.hr\/es\/tapiz-de-la-familia-kegalj\/","name":"Tapiz de la familia Kegalj - Aspira Virtualni Muzej iseljeni\u0161tva Dalmacije","isPartOf":{"@id":"https:\/\/virtualnimuzej.aspira.hr\/#website"},"datePublished":"2022-10-19T13:47:20+00:00","dateModified":"2022-10-19T13:47:20+00:00","author":{"@id":"https:\/\/virtualnimuzej.aspira.hr\/#\/schema\/person\/8b28048370e78968988c04d6f1ba104d"},"breadcrumb":{"@id":"https:\/\/virtualnimuzej.aspira.hr\/es\/tapiz-de-la-familia-kegalj\/#breadcrumb"},"inLanguage":"es","potentialAction":[{"@type":"ReadAction","target":["https:\/\/virtualnimuzej.aspira.hr\/es\/tapiz-de-la-familia-kegalj\/"]}]},{"@type":"BreadcrumbList","@id":"https:\/\/virtualnimuzej.aspira.hr\/es\/tapiz-de-la-familia-kegalj\/#breadcrumb","itemListElement":[{"@type":"ListItem","position":1,"name":"Naslovna","item":"https:\/\/virtualnimuzej.aspira.hr\/es\/"},{"@type":"ListItem","position":2,"name":"Tapiz de la familia Kegalj"}]},{"@type":"WebSite","@id":"https:\/\/virtualnimuzej.aspira.hr\/#website","url":"https:\/\/virtualnimuzej.aspira.hr\/","name":"Aspira Virtualni Muzej iseljeni\u0161tva Dalmacije","description":"Muzej iseljeni\u0161tva je zami\u0161ljen kao mjesto skupljanja i prezentacije gra\u0111e o hrvatskom iseljeni\u0161tvu i povijesti iseljavanja koja nikada nije bila dovoljno istra\u017eena.","potentialAction":[{"@type":"SearchAction","target":{"@type":"EntryPoint","urlTemplate":"https:\/\/virtualnimuzej.aspira.hr\/?s={search_term_string}"},"query-input":"required name=search_term_string"}],"inLanguage":"es"},{"@type":"Person","@id":"https:\/\/virtualnimuzej.aspira.hr\/#\/schema\/person\/8b28048370e78968988c04d6f1ba104d","name":"VmuzejAspira","image":{"@type":"ImageObject","inLanguage":"es","@id":"https:\/\/virtualnimuzej.aspira.hr\/#\/schema\/person\/image\/","url":"https:\/\/secure.gravatar.com\/avatar\/cfa7124a34eec5233efffe1e8fb23c18bb83abdb6129e8f47c9144109613a228?s=96&d=mm&r=g","contentUrl":"https:\/\/secure.gravatar.com\/avatar\/cfa7124a34eec5233efffe1e8fb23c18bb83abdb6129e8f47c9144109613a228?s=96&d=mm&r=g","caption":"VmuzejAspira"},"sameAs":["http:\/\/virtualnimuzej.aspira.hr"],"url":"https:\/\/virtualnimuzej.aspira.hr\/es\/author\/vmuzejaspira\/"}]}},"_links":{"self":[{"href":"https:\/\/virtualnimuzej.aspira.hr\/es\/wp-json\/wp\/v2\/posts\/5588","targetHints":{"allow":["GET"]}}],"collection":[{"href":"https:\/\/virtualnimuzej.aspira.hr\/es\/wp-json\/wp\/v2\/posts"}],"about":[{"href":"https:\/\/virtualnimuzej.aspira.hr\/es\/wp-json\/wp\/v2\/types\/post"}],"author":[{"embeddable":true,"href":"https:\/\/virtualnimuzej.aspira.hr\/es\/wp-json\/wp\/v2\/users\/1"}],"replies":[{"embeddable":true,"href":"https:\/\/virtualnimuzej.aspira.hr\/es\/wp-json\/wp\/v2\/comments?post=5588"}],"version-history":[{"count":1,"href":"https:\/\/virtualnimuzej.aspira.hr\/es\/wp-json\/wp\/v2\/posts\/5588\/revisions"}],"predecessor-version":[{"id":5631,"href":"https:\/\/virtualnimuzej.aspira.hr\/es\/wp-json\/wp\/v2\/posts\/5588\/revisions\/5631"}],"wp:featuredmedia":[{"embeddable":true,"href":"https:\/\/virtualnimuzej.aspira.hr\/es\/wp-json\/wp\/v2\/media\/5589"}],"wp:attachment":[{"href":"https:\/\/virtualnimuzej.aspira.hr\/es\/wp-json\/wp\/v2\/media?parent=5588"}],"wp:term":[{"taxonomy":"category","embeddable":true,"href":"https:\/\/virtualnimuzej.aspira.hr\/es\/wp-json\/wp\/v2\/categories?post=5588"},{"taxonomy":"post_tag","embeddable":true,"href":"https:\/\/virtualnimuzej.aspira.hr\/es\/wp-json\/wp\/v2\/tags?post=5588"}],"curies":[{"name":"wp","href":"https:\/\/api.w.org\/{rel}","templated":true}]}}