{"id":5889,"date":"2022-10-24T17:01:27","date_gmt":"2022-10-24T15:01:27","guid":{"rendered":"https:\/\/virtualnimuzej.aspira.hr\/?p=5889"},"modified":"2025-06-12T16:23:41","modified_gmt":"2025-06-12T14:23:41","slug":"glavinic-pangrazio-una-historia-de-idas-y-de-vueltas","status":"publish","type":"post","link":"https:\/\/virtualnimuzej.aspira.hr\/es\/glavinic-pangrazio-una-historia-de-idas-y-de-vueltas\/","title":{"rendered":"GLAVINI\u0106 PANGRAZIO, una historia de idas y de vueltas"},"content":{"rendered":"<p>&nbsp;<\/p>\n<p>Mi nombre es Mariana Glavinich Luraschi, nac\u00ed en Asunci\u00f3n, capital del Paraguay, tengo 31 a\u00f1os y soy arquitecta. Mis padres se llaman Gustavo y Laura, con quienes comparto profesi\u00f3n. Adem\u00e1s, tengo un hermano menor llamado Gustavo Jos\u00e9 y una perra llamada Mila.<\/p>\n<p>Desde muy chiquita sent\u00ed curiosidad por las migraciones y la historia de las personas que ten\u00edan que dejar su pa\u00eds de origen, sus familias y sus seres queridos (en su gran mayor\u00eda sabiendo que un reencuentro ser\u00eda imposible), ya que todos mis bisabuelos emigraron a Paraguay desde alg\u00fan pa\u00eds europeo <em>&#8211; Croacia, Italia o Espa\u00f1a<\/em>-.<\/p>\n<p>Ambos padres de mi abuelo paterno, Fortunato V\u00edctor Glavinich Pangrazio, fueron croatas que emigraron a Paraguay. Su padre Sre\u0107ko, a quien en Paraguay le cambiaron el nombre por <em>Fortunato<\/em>, naci\u00f3 en la ciudad de Makarska, en 1872. Era el primer y \u00fanico hijo var\u00f3n de Josip (Jos\u00e9 Glavini\u0107) y File (Filomena Rafanelli). Josip se dedicaba a la construcci\u00f3n en piedra. El campanario de la Iglesia de Igrane, muy cerca de Makarska, fue construida por \u00e9l. Sre\u0107ko solo pudo ir a la escuela hasta el segundo grado. Sus d\u00edas en Makarska se los pasaba construyendo barcos de madera con sus amigos, y lanzand\u00f3se al mar, ese mar azul turquesa que ba\u00f1a las costas de la Riviera Makarska. Tanto que ya a los 10 a\u00f1os sufri\u00f3 su primer naufragio.<\/p>\n<p>&nbsp;<\/p>\n<p><img decoding=\"async\" class=\"alignnone size-medium wp-image-5893\" src=\"https:\/\/virtualnimuzej.aspira.hr\/wp-content\/uploads\/2022\/10\/Srecko-prvi-u-Paragvaju-1-300x66.png\" alt=\"\" width=\"300\" height=\"66\" srcset=\"https:\/\/virtualnimuzej.aspira.hr\/wp-content\/uploads\/2022\/10\/Srecko-prvi-u-Paragvaju-1-200x44.png 200w, https:\/\/virtualnimuzej.aspira.hr\/wp-content\/uploads\/2022\/10\/Srecko-prvi-u-Paragvaju-1-300x66.png 300w, https:\/\/virtualnimuzej.aspira.hr\/wp-content\/uploads\/2022\/10\/Srecko-prvi-u-Paragvaju-1-400x88.png 400w, https:\/\/virtualnimuzej.aspira.hr\/wp-content\/uploads\/2022\/10\/Srecko-prvi-u-Paragvaju-1-600x132.png 600w, https:\/\/virtualnimuzej.aspira.hr\/wp-content\/uploads\/2022\/10\/Srecko-prvi-u-Paragvaju-1-768x169.png 768w, https:\/\/virtualnimuzej.aspira.hr\/wp-content\/uploads\/2022\/10\/Srecko-prvi-u-Paragvaju-1.png 800w\" sizes=\"(max-width: 300px) 100vw, 300px\" \/><\/p>\n<p>Acta de nacimiento de Sre\u0107ko<\/p>\n<p>&nbsp;<\/p>\n<p>Sre\u0107ko emigr\u00f3 a Paraguay hacia finales de 1890 en busca de trabajo, para poder ayudar a sus padres y sus 3 hermanas. Cuando comparti\u00f3 en su casa la idea de emigrar, su familia no estuvo de acuerdo. Ante la negativa de sus padres, sin contar con el dinero necesario para comprar un boleto, Sre\u0107ko se escabull\u00f3 entre la gente y, sin despedirse, abord\u00f3 el barco de polizonte. Por supuesto, m\u00e1s tarde durante el viaje fue descubierto y lo pusieron a trabajar como ayudante de maquinista del barco. Todo lo que aprendi\u00f3 en ese viaje le sirvi\u00f3 para m\u00e1s adelante trabajar como ingeniero marino en la compa\u00f1\u00eda naviera del tambi\u00e9n croata <em>Nikola Mihanovi<\/em><em>\u0107<\/em>.<\/p>\n<p>En tanto, mi bisabuela <strong><u>Paulina<\/u><\/strong> naci\u00f3 en Cavtat en 1887. Hacia finales de 1800 es bien conocido que una plaga que atacaba los vi\u00f1edos de la zona caus\u00f3 estragos en la poblaci\u00f3n, que se dedicaba a la producci\u00f3n de vino. Ante el infortunio de esos d\u00edas, mis tatarabuelos <strong><u>Antonio Pangrazio y Amalia Filippi<\/u><\/strong>, croata nacida en la zona de Boka Kotorska, decidieron emigrar a Am\u00e9rica del Sur junto con sus dos peque\u00f1as hijas, <u>Paulina y Mar\u00eda Amalia<\/u>. Con ellos tambi\u00e9n emigr\u00f3 el hermano de Antonio, <strong><u>Natalio<\/u><\/strong> y su esposa <strong><u>Nikoleta Vragolov<\/u><\/strong> con sus peque\u00f1os hijos. Amalia se llev\u00f3 con ellos a sus dos hermanos menores, <strong><u>Eugenia y Jos\u00e9<\/u><\/strong>, para cuidarlos. Los <strong>Pangrazio Filippi<\/strong> y los <strong>Pangrazio Vragolov <\/strong>fueron una familia muy numerosa y unida. Se asentaron en el centro de Asunci\u00f3n.<\/p>\n<p>Buscando documentos de la familia he podido recolectar informaci\u00f3n sobre las familias croatas de aquella \u00e9poca. Es muy frecuente encontrar actas de bautismo de los hijos donde otros migrantes croatas, amigos seguramente, actuaban de padrinos de los ni\u00f1os.<\/p>\n<p>&nbsp;<\/p>\n<p><img decoding=\"async\" class=\"alignnone size-medium wp-image-5896\" src=\"https:\/\/virtualnimuzej.aspira.hr\/wp-content\/uploads\/2022\/10\/AN-Paulina-1-300x68.png\" alt=\"\" width=\"300\" height=\"68\" srcset=\"https:\/\/virtualnimuzej.aspira.hr\/wp-content\/uploads\/2022\/10\/AN-Paulina-1-200x45.png 200w, https:\/\/virtualnimuzej.aspira.hr\/wp-content\/uploads\/2022\/10\/AN-Paulina-1-300x68.png 300w, https:\/\/virtualnimuzej.aspira.hr\/wp-content\/uploads\/2022\/10\/AN-Paulina-1-400x90.png 400w, https:\/\/virtualnimuzej.aspira.hr\/wp-content\/uploads\/2022\/10\/AN-Paulina-1-600x135.png 600w, https:\/\/virtualnimuzej.aspira.hr\/wp-content\/uploads\/2022\/10\/AN-Paulina-1-768x173.png 768w, https:\/\/virtualnimuzej.aspira.hr\/wp-content\/uploads\/2022\/10\/AN-Paulina-1.png 800w\" sizes=\"(max-width: 300px) 100vw, 300px\" \/><\/p>\n<p>Acta de nacimiento de Paulina<\/p>\n<p>&nbsp;<\/p>\n<p><strong>Paulina y Sre\u0107ko<\/strong> se conocieron en Paraguay y se casaron en 1917, en Asunci\u00f3n. Al poco tiempo tuvieron que ir al Chaco Paraguayo, a Puerto Pinasco, donde Fortunato trabaj\u00f3 en la f\u00e1brica de tanino. All\u00ed tuvieron a su primer hijo, Jos\u00e9. Luego volvieron a Asunci\u00f3n, donde nacieron Marcos, Antonio y Fortunato, mi abuelo.<\/p>\n<p>&nbsp;<\/p>\n<p><img decoding=\"async\" class=\"alignnone wp-image-5899\" src=\"https:\/\/virtualnimuzej.aspira.hr\/wp-content\/uploads\/2022\/10\/acta-matrimonio-1-300x211.jpg\" alt=\"\" width=\"397\" height=\"279\" srcset=\"https:\/\/virtualnimuzej.aspira.hr\/wp-content\/uploads\/2022\/10\/acta-matrimonio-1-200x141.jpg 200w, https:\/\/virtualnimuzej.aspira.hr\/wp-content\/uploads\/2022\/10\/acta-matrimonio-1-300x211.jpg 300w, https:\/\/virtualnimuzej.aspira.hr\/wp-content\/uploads\/2022\/10\/acta-matrimonio-1-400x281.jpg 400w, https:\/\/virtualnimuzej.aspira.hr\/wp-content\/uploads\/2022\/10\/acta-matrimonio-1-600x422.jpg 600w, https:\/\/virtualnimuzej.aspira.hr\/wp-content\/uploads\/2022\/10\/acta-matrimonio-1.jpg 747w\" sizes=\"(max-width: 397px) 100vw, 397px\" \/>\u00a0 \u00a0 \u00a0 <img decoding=\"async\" class=\"alignnone wp-image-5902\" src=\"https:\/\/virtualnimuzej.aspira.hr\/wp-content\/uploads\/2022\/10\/Familia-Glavinich-Pangrazio-1-222x300.jpg\" alt=\"\" width=\"208\" height=\"281\" srcset=\"https:\/\/virtualnimuzej.aspira.hr\/wp-content\/uploads\/2022\/10\/Familia-Glavinich-Pangrazio-1-200x270.jpg 200w, https:\/\/virtualnimuzej.aspira.hr\/wp-content\/uploads\/2022\/10\/Familia-Glavinich-Pangrazio-1-222x300.jpg 222w, https:\/\/virtualnimuzej.aspira.hr\/wp-content\/uploads\/2022\/10\/Familia-Glavinich-Pangrazio-1-400x541.jpg 400w, https:\/\/virtualnimuzej.aspira.hr\/wp-content\/uploads\/2022\/10\/Familia-Glavinich-Pangrazio-1.jpg 571w\" sizes=\"(max-width: 208px) 100vw, 208px\" \/><\/p>\n<p>Acta de matrimonio de Sre\u0107ko y Paulina y su foto matrimonial<\/p>\n<p>&nbsp;<\/p>\n<p>Aunque Sre\u0107ko contaba con una educaci\u00f3n escolar muy b\u00e1sica, ten\u00eda una f\u00e9rrea disciplina heredada de sus antepasados croatas, lo que le vali\u00f3 para ser u hombre muy trabajador que siempre tuvo presente a su familia que qued\u00f3 en Makarska, a quienes sol\u00eda enviar ayuda econ\u00f3mica. Por otra parte, sus hermanas tambi\u00e9n se encargaban de acortar distancia, enviando cartas y fotos de la familia para que \u00e9l pueda conocerlos y mantenerse al tanto de c\u00f3mo iban creciendo los sobrinos y agrand\u00e1ndose la familia. Adem\u00e1s de trabajar en la f\u00e1brica de tanino y como ingeniero naval en la compa\u00f1\u00eda Mihanovi\u0107, Sre\u0107ko tuvo su propio comercio, un almac\u00e9n de ramos generales, ubicado en el centro de Asunci\u00f3n. Fue propietario de varios inmuebles en el centro de Asunci\u00f3n, e incluso viaj\u00f3 a Split, Croacia, donde tambi\u00e9n adquiri\u00f3 una casa para dejar en herencia a sus hijos.<\/p>\n<p>&nbsp;<\/p>\n<p><img decoding=\"async\" class=\"alignnone size-medium wp-image-5905\" src=\"https:\/\/virtualnimuzej.aspira.hr\/wp-content\/uploads\/2022\/10\/Fortunato-Glavinich-2-1-227x300.jpg\" alt=\"\" width=\"227\" height=\"300\" srcset=\"https:\/\/virtualnimuzej.aspira.hr\/wp-content\/uploads\/2022\/10\/Fortunato-Glavinich-2-1-200x265.jpg 200w, https:\/\/virtualnimuzej.aspira.hr\/wp-content\/uploads\/2022\/10\/Fortunato-Glavinich-2-1-227x300.jpg 227w, https:\/\/virtualnimuzej.aspira.hr\/wp-content\/uploads\/2022\/10\/Fortunato-Glavinich-2-1-400x530.jpg 400w, https:\/\/virtualnimuzej.aspira.hr\/wp-content\/uploads\/2022\/10\/Fortunato-Glavinich-2-1-600x795.jpg 600w, https:\/\/virtualnimuzej.aspira.hr\/wp-content\/uploads\/2022\/10\/Fortunato-Glavinich-2-1.jpg 604w\" sizes=\"(max-width: 227px) 100vw, 227px\" \/>\u00a0 <img decoding=\"async\" class=\"alignnone size-medium wp-image-5908\" src=\"https:\/\/virtualnimuzej.aspira.hr\/wp-content\/uploads\/2022\/10\/Fortunato-Glavinich_casa-FOTO-EUROPEA-1-210x300.jpg\" alt=\"\" width=\"210\" height=\"300\" srcset=\"https:\/\/virtualnimuzej.aspira.hr\/wp-content\/uploads\/2022\/10\/Fortunato-Glavinich_casa-FOTO-EUROPEA-1-200x286.jpg 200w, https:\/\/virtualnimuzej.aspira.hr\/wp-content\/uploads\/2022\/10\/Fortunato-Glavinich_casa-FOTO-EUROPEA-1-210x300.jpg 210w, https:\/\/virtualnimuzej.aspira.hr\/wp-content\/uploads\/2022\/10\/Fortunato-Glavinich_casa-FOTO-EUROPEA-1-400x572.jpg 400w, https:\/\/virtualnimuzej.aspira.hr\/wp-content\/uploads\/2022\/10\/Fortunato-Glavinich_casa-FOTO-EUROPEA-1.jpg 559w\" sizes=\"(max-width: 210px) 100vw, 210px\" \/> \u00a0<img decoding=\"async\" class=\"alignnone size-medium wp-image-5911\" src=\"https:\/\/virtualnimuzej.aspira.hr\/wp-content\/uploads\/2022\/10\/Fortunato-Glavinich_memoria-publicacion-periodico-1-115x300.jpg\" alt=\"\" width=\"115\" height=\"300\" srcset=\"https:\/\/virtualnimuzej.aspira.hr\/wp-content\/uploads\/2022\/10\/Fortunato-Glavinich_memoria-publicacion-periodico-1-115x300.jpg 115w, https:\/\/virtualnimuzej.aspira.hr\/wp-content\/uploads\/2022\/10\/Fortunato-Glavinich_memoria-publicacion-periodico-1-200x523.jpg 200w, https:\/\/virtualnimuzej.aspira.hr\/wp-content\/uploads\/2022\/10\/Fortunato-Glavinich_memoria-publicacion-periodico-1.jpg 306w\" sizes=\"(max-width: 115px) 100vw, 115px\" \/><\/p>\n<p>Sre\u0107ko en las fotos y publicaci\u00f3n realizada por sus amigos en su memoria al cumplirse 2 a\u00f1os de su fallecimiento<\/p>\n<p>&nbsp;<\/p>\n<p>Sre\u0107ko falleci\u00f3 tras padecer una larga y dolorosa enfermedad en 1946, diez a\u00f1os antes de que naciera mi padre. Despu\u00e9s de eso la comunicaci\u00f3n con la familia en Croacia se fue perdiendo. Sin embargo, Paulina nunca olvid\u00f3 el idioma croata. Visitaba frecuentemente la Congregaci\u00f3n de las Hermanas Vicentinas de Zagreb, donde pasaba largas horas hablando en croata con la Hermana Slava Vedrina.\u00a0 Abuela Paulina no festejaba su cumplea\u00f1os, festejaba su <em>\u201cimendan\u201d<\/em>, el d\u00eda de su Santo, como es costumbre en Croacia. Le gustaba el dulce de membrilo, o <em>dunja<\/em> en croata, y la <em>castradina<\/em>. Mi pap\u00e1 me dice repetidas veces que desde peque\u00f1a .\u00a0 Desde peque\u00f1a mi pap\u00e1 me dijo que tengo el mismo car\u00e1cter que su abuela: fuerte, dura, pero de coraz\u00f3n noble, orgullosa de su familia y dispuesta a ayudar a sus seres queridos.<\/p>\n<p>&nbsp;<\/p>\n<p><img decoding=\"async\" class=\"alignnone wp-image-5914\" src=\"https:\/\/virtualnimuzej.aspira.hr\/wp-content\/uploads\/2022\/10\/Fortunato-Glavinich-y-Chuchin-1-300x210.jpg\" alt=\"\" width=\"393\" height=\"275\" srcset=\"https:\/\/virtualnimuzej.aspira.hr\/wp-content\/uploads\/2022\/10\/Fortunato-Glavinich-y-Chuchin-1-200x140.jpg 200w, https:\/\/virtualnimuzej.aspira.hr\/wp-content\/uploads\/2022\/10\/Fortunato-Glavinich-y-Chuchin-1-300x210.jpg 300w, https:\/\/virtualnimuzej.aspira.hr\/wp-content\/uploads\/2022\/10\/Fortunato-Glavinich-y-Chuchin-1-400x281.jpg 400w, https:\/\/virtualnimuzej.aspira.hr\/wp-content\/uploads\/2022\/10\/Fortunato-Glavinich-y-Chuchin-1-600x421.jpg 600w, https:\/\/virtualnimuzej.aspira.hr\/wp-content\/uploads\/2022\/10\/Fortunato-Glavinich-y-Chuchin-1-768x539.jpg 768w, https:\/\/virtualnimuzej.aspira.hr\/wp-content\/uploads\/2022\/10\/Fortunato-Glavinich-y-Chuchin-1.jpg 800w\" sizes=\"(max-width: 393px) 100vw, 393px\" \/>\u00a0 \u00a0 <img decoding=\"async\" class=\"alignnone wp-image-5917\" src=\"https:\/\/virtualnimuzej.aspira.hr\/wp-content\/uploads\/2022\/10\/Victor-Glavinich_Chuchin_foto-BUGA-Bs-As-1-200x300.jpg\" alt=\"\" width=\"183\" height=\"275\" srcset=\"https:\/\/virtualnimuzej.aspira.hr\/wp-content\/uploads\/2022\/10\/Victor-Glavinich_Chuchin_foto-BUGA-Bs-As-1-200x300.jpg 200w, https:\/\/virtualnimuzej.aspira.hr\/wp-content\/uploads\/2022\/10\/Victor-Glavinich_Chuchin_foto-BUGA-Bs-As-1-400x600.jpg 400w, https:\/\/virtualnimuzej.aspira.hr\/wp-content\/uploads\/2022\/10\/Victor-Glavinich_Chuchin_foto-BUGA-Bs-As-1.jpg 533w\" sizes=\"(max-width: 183px) 100vw, 183px\" \/><\/p>\n<p>Sre\u0107ko y mi abuelo en el \u201cAlmac\u00e9n Glavinich\u201d\u00a0 \u00a0 \u00a0 \u00a0 Abuelo Fortunato como joven<\/p>\n<p>&nbsp;<\/p>\n<p>&nbsp;<\/p>\n<p>En el a\u00f1o 1998 mi pap\u00e1 fue parte de la C\u00e1mara de Comercio Paraguayo &#8211; Croata. Quer\u00edan iniciar lazos comerciales y culturales entre Paraguay y Croacia y as\u00ed unir a ambos pa\u00edses. Es as\u00ed como tuvo la oportunidad de visitar Croacia, que hasta ese momento era un sue\u00f1o para nosotros. Recuerdo que le ped\u00ed a pap\u00e1 que me lleve con \u00e9l, pero por supuesto que no pod\u00eda. Llor\u00e9 mucho en el aeropuerto y le dije que alg\u00fan d\u00eda me ir\u00eda a vivir a Croacia. Pap\u00e1 fue a Makarska a preguntar si quedaban familiares pero le dijeron que no y volvi\u00f3 a Paraguay muy triste, porque ten\u00eda un gran anhelo y expectativa por el reencuentro.<\/p>\n<p>Ese a\u00f1o se disput\u00f3 el Mundial de Francia &#8217;98 y pap\u00e1 nos trajo camisetas de la selecci\u00f3n nacional de Croacia. La m\u00eda era la n\u00famero 3, de \u0160imi\u0107, y la de mi hermano era, por supuesto, la 9 de Davor \u0160uker. Todav\u00eda recuerdo que mi hermano y yo ve\u00edamos los partidos con la camiseta puesta. Hasta que lleg\u00f3 el partido contra Alemania, y ten\u00edamos un vecino alem\u00e1n. Cuando Croacia le gan\u00f3 a Alemania, mi hermano y yo salimos a la calle a celebrarlo, con camisetas y la bandera.<\/p>\n<p>En casa siempre estuvo presente nuestro legado croata. Los tradicionales <em>fritule <\/em>eran preparados por abuela Paulina y su hermana, Elena. El perro de la familia se llamaba <em>Vuk<\/em>. Durante los encuentros familiares los brindis hasta hoy en d\u00eda se hacen al grito un\u00edsono de <em>\u201c<\/em><em>\u017divjeli!\u201c<\/em>, tal y como lo hac\u00edan abuela Paulina y t\u00eda Elena. Abuela Paulina festejaba la Navidad con un almuerzo, como es la costumbre croata, al contrario que en Paraguay, donde se festeja con una gran cena en la Nochebuena. Por supuesto, yo crec\u00ed con <em>\u201cSlatka mala Marijana\u201d<\/em> como m\u00fasica de fondo en cuantas reuniones de descendientes de croatas a las que asist\u00edamos con pap\u00e1. A los 6 a\u00f1os mi hermano se enter\u00f3 que nuestro apellido fue cambiado, y decidi\u00f3 que \u00e9l firmar\u00eda sus ex\u00e1menes en el colegio seg\u00fan la gram\u00e1tica original: Glavini\u0107.<\/p>\n<p>Motivada por esta curiosidad m\u00eda desde chiquita, deseando aprender el idioma y la cultura de mis or\u00edgenes, me postul\u00e9 y en el a\u00f1o 2018 fui seleccionada para las becas del <em>Croaticum<\/em> en Croacia. Decid\u00ed estudiar en Split porque mis bisabuelos eran d\u00e1lmatas. Ese semestre en Croacia fue maravilloso, aprend\u00ed much\u00edsimo sobre historia y costumbres croatas, viaj\u00e9 por el pa\u00eds y conoc\u00ed lugares preciosos. Pero al igual que mi pap\u00e1 en 1998, no pod\u00eda encontrar a nuestra familia, y eso me entristec\u00eda mucho.<\/p>\n<p>Apenas 20 d\u00edas antes de tener que regresar a Paraguay, una persona que hace genealog\u00edas en Makarska me ayud\u00f3 y me di\u00f3 el n\u00famero de mi primo Mario. Habl\u00e9 con \u00e9l y le dije que estaba en Croacia y que \u00e9ramos familiares. A las pocas horas recib\u00ed llamadas de diferentes n\u00fameros, eran mis t\u00edos queriendo conocerme y hablar conmigo. Despu\u00e9s de tantos a\u00f1os tuvimos la oportunidad de reencontrarnos! Esos d\u00edas fueron tan emocionantes para m\u00ed! Mi familia me recibi\u00f3 como si nunca nos hubi\u00e9ramos separado. Y en cierto modo, fue una forma de \u201ccerrar el c\u00edrculo\u201d. Estoy segura que Sre\u0107ko volvi\u00f3 a Makarska conmigo y tambi\u00e9n estuvo presente en cada abrazo que recib\u00ed, que de alguna forma era tambi\u00e9n el reencuentro de \u00e9l con su familia. Mi familia se alegr\u00f3 mucho cuando supieron que quer\u00eda vivir en Croacia. Adem\u00e1s del gran cari\u00f1o con el que me recibieron, siempre recuerdo las palabras de mi t\u00edo Marko: <em>\u00abten\u00e9s los mismos ojos, la misma mirada que mi abuela Lui\u0111a <\/em>(hermana de mi bisabuelo Sre\u0107ko)<em> y el mismo cabello. Cuando me miras, la veo a ella de nuevo mir\u00e1ndome como cuando yo era ni\u00f1o\u00bb<\/em>.<\/p>\n<p>Volv\u00ed a Croacia en el 2019 para seguir con los cursos de idioma y cultura, y oficialmente decid\u00ed mudarme a Split un a\u00f1o despu\u00e9s. Trabajo en una oficina de arquitectura en Split. Y, movida por ese amor a este pa\u00eds, y en homenaje a Sre\u0107ko y Paulina que me dejaron la incalculable herencia de ser parte de \u00e9l, solicit\u00e9 la ciudadan\u00eda croata, y hoy puedo decir tambi\u00e9n que soy orgullosamente croata.<\/p>\n<p>&nbsp;<\/p>\n<p>Autora: Mariana Glavini\u0107 Luraschi<\/p>\n","protected":false},"excerpt":{"rendered":"<p>&nbsp; Mi nombre es Mariana Glavinich Luraschi, nac\u00ed en Asunci\u00f3n, capital del Paraguay, tengo 31 a\u00f1os y soy arquitecta. Mis padres se llaman Gustavo y Laura, con quienes comparto profesi\u00f3n. [&hellip;]<\/p>\n","protected":false},"author":1,"featured_media":5890,"comment_status":"open","ping_status":"open","sticky":false,"template":"","format":"standard","meta":{"footnotes":""},"categories":[83],"tags":[],"class_list":["post-5889","post","type-post","status-publish","format-standard","has-post-thumbnail","hentry","category-paraguay-es"],"yoast_head":"<!-- This site is optimized with the Yoast SEO plugin v20.7 - https:\/\/yoast.com\/wordpress\/plugins\/seo\/ -->\n<title>GLAVINI\u0106 PANGRAZIO, una historia de idas y de vueltas - Aspira Virtualni Muzej iseljeni\u0161tva Dalmacije<\/title>\n<meta name=\"robots\" content=\"index, follow, max-snippet:-1, max-image-preview:large, max-video-preview:-1\" \/>\n<link rel=\"canonical\" href=\"https:\/\/virtualnimuzej.aspira.hr\/es\/glavinic-pangrazio-una-historia-de-idas-y-de-vueltas\/\" \/>\n<meta property=\"og:locale\" content=\"es_ES\" \/>\n<meta property=\"og:type\" content=\"article\" \/>\n<meta property=\"og:title\" content=\"GLAVINI\u0106 PANGRAZIO, una historia de idas y de vueltas - Aspira Virtualni Muzej iseljeni\u0161tva Dalmacije\" \/>\n<meta property=\"og:description\" content=\"&nbsp; Mi nombre es Mariana Glavinich Luraschi, nac\u00ed en Asunci\u00f3n, capital del Paraguay, tengo 31 a\u00f1os y soy arquitecta. Mis padres se llaman Gustavo y Laura, con quienes comparto profesi\u00f3n. [&hellip;]\" \/>\n<meta property=\"og:url\" content=\"https:\/\/virtualnimuzej.aspira.hr\/es\/glavinic-pangrazio-una-historia-de-idas-y-de-vueltas\/\" \/>\n<meta property=\"og:site_name\" content=\"Aspira Virtualni Muzej iseljeni\u0161tva Dalmacije\" \/>\n<meta property=\"article:published_time\" content=\"2022-10-24T15:01:27+00:00\" \/>\n<meta property=\"article:modified_time\" content=\"2025-06-12T14:23:41+00:00\" \/>\n<meta property=\"og:image\" content=\"https:\/\/virtualnimuzej.aspira.hr\/wp-content\/uploads\/2022\/10\/national-pantheon-of-the-heroes-in-asuncion-paraguay-1292773521-ef5230597ebb491e992348e80c82201d-1.jpg\" \/>\n\t<meta property=\"og:image:width\" content=\"800\" \/>\n\t<meta property=\"og:image:height\" content=\"519\" \/>\n\t<meta property=\"og:image:type\" content=\"image\/jpeg\" \/>\n<meta name=\"author\" content=\"VmuzejAspira\" \/>\n<meta name=\"twitter:card\" content=\"summary_large_image\" \/>\n<meta name=\"twitter:label1\" content=\"Escrito por\" \/>\n\t<meta name=\"twitter:data1\" content=\"VmuzejAspira\" \/>\n\t<meta name=\"twitter:label2\" content=\"Tiempo de lectura\" \/>\n\t<meta name=\"twitter:data2\" content=\"11 minutos\" \/>\n<script type=\"application\/ld+json\" class=\"yoast-schema-graph\">{\"@context\":\"https:\/\/schema.org\",\"@graph\":[{\"@type\":\"WebPage\",\"@id\":\"https:\/\/virtualnimuzej.aspira.hr\/es\/glavinic-pangrazio-una-historia-de-idas-y-de-vueltas\/\",\"url\":\"https:\/\/virtualnimuzej.aspira.hr\/es\/glavinic-pangrazio-una-historia-de-idas-y-de-vueltas\/\",\"name\":\"GLAVINI\u0106 PANGRAZIO, una historia de idas y de vueltas - Aspira Virtualni Muzej iseljeni\u0161tva Dalmacije\",\"isPartOf\":{\"@id\":\"https:\/\/virtualnimuzej.aspira.hr\/#website\"},\"datePublished\":\"2022-10-24T15:01:27+00:00\",\"dateModified\":\"2025-06-12T14:23:41+00:00\",\"author\":{\"@id\":\"https:\/\/virtualnimuzej.aspira.hr\/#\/schema\/person\/8b28048370e78968988c04d6f1ba104d\"},\"breadcrumb\":{\"@id\":\"https:\/\/virtualnimuzej.aspira.hr\/es\/glavinic-pangrazio-una-historia-de-idas-y-de-vueltas\/#breadcrumb\"},\"inLanguage\":\"es\",\"potentialAction\":[{\"@type\":\"ReadAction\",\"target\":[\"https:\/\/virtualnimuzej.aspira.hr\/es\/glavinic-pangrazio-una-historia-de-idas-y-de-vueltas\/\"]}]},{\"@type\":\"BreadcrumbList\",\"@id\":\"https:\/\/virtualnimuzej.aspira.hr\/es\/glavinic-pangrazio-una-historia-de-idas-y-de-vueltas\/#breadcrumb\",\"itemListElement\":[{\"@type\":\"ListItem\",\"position\":1,\"name\":\"Naslovna\",\"item\":\"https:\/\/virtualnimuzej.aspira.hr\/es\/\"},{\"@type\":\"ListItem\",\"position\":2,\"name\":\"GLAVINI\u0106 PANGRAZIO, una historia de idas y de vueltas\"}]},{\"@type\":\"WebSite\",\"@id\":\"https:\/\/virtualnimuzej.aspira.hr\/#website\",\"url\":\"https:\/\/virtualnimuzej.aspira.hr\/\",\"name\":\"Aspira Virtualni Muzej iseljeni\u0161tva Dalmacije\",\"description\":\"Muzej iseljeni\u0161tva je zami\u0161ljen kao mjesto skupljanja i prezentacije gra\u0111e o hrvatskom iseljeni\u0161tvu i povijesti iseljavanja koja nikada nije bila dovoljno istra\u017eena.\",\"potentialAction\":[{\"@type\":\"SearchAction\",\"target\":{\"@type\":\"EntryPoint\",\"urlTemplate\":\"https:\/\/virtualnimuzej.aspira.hr\/?s={search_term_string}\"},\"query-input\":\"required name=search_term_string\"}],\"inLanguage\":\"es\"},{\"@type\":\"Person\",\"@id\":\"https:\/\/virtualnimuzej.aspira.hr\/#\/schema\/person\/8b28048370e78968988c04d6f1ba104d\",\"name\":\"VmuzejAspira\",\"image\":{\"@type\":\"ImageObject\",\"inLanguage\":\"es\",\"@id\":\"https:\/\/virtualnimuzej.aspira.hr\/#\/schema\/person\/image\/\",\"url\":\"https:\/\/secure.gravatar.com\/avatar\/cfa7124a34eec5233efffe1e8fb23c18bb83abdb6129e8f47c9144109613a228?s=96&d=mm&r=g\",\"contentUrl\":\"https:\/\/secure.gravatar.com\/avatar\/cfa7124a34eec5233efffe1e8fb23c18bb83abdb6129e8f47c9144109613a228?s=96&d=mm&r=g\",\"caption\":\"VmuzejAspira\"},\"sameAs\":[\"http:\/\/virtualnimuzej.aspira.hr\"],\"url\":\"https:\/\/virtualnimuzej.aspira.hr\/es\/author\/vmuzejaspira\/\"}]}<\/script>\n<!-- \/ Yoast SEO plugin. -->","yoast_head_json":{"title":"GLAVINI\u0106 PANGRAZIO, una historia de idas y de vueltas - Aspira Virtualni Muzej iseljeni\u0161tva Dalmacije","robots":{"index":"index","follow":"follow","max-snippet":"max-snippet:-1","max-image-preview":"max-image-preview:large","max-video-preview":"max-video-preview:-1"},"canonical":"https:\/\/virtualnimuzej.aspira.hr\/es\/glavinic-pangrazio-una-historia-de-idas-y-de-vueltas\/","og_locale":"es_ES","og_type":"article","og_title":"GLAVINI\u0106 PANGRAZIO, una historia de idas y de vueltas - Aspira Virtualni Muzej iseljeni\u0161tva Dalmacije","og_description":"&nbsp; Mi nombre es Mariana Glavinich Luraschi, nac\u00ed en Asunci\u00f3n, capital del Paraguay, tengo 31 a\u00f1os y soy arquitecta. Mis padres se llaman Gustavo y Laura, con quienes comparto profesi\u00f3n. [&hellip;]","og_url":"https:\/\/virtualnimuzej.aspira.hr\/es\/glavinic-pangrazio-una-historia-de-idas-y-de-vueltas\/","og_site_name":"Aspira Virtualni Muzej iseljeni\u0161tva Dalmacije","article_published_time":"2022-10-24T15:01:27+00:00","article_modified_time":"2025-06-12T14:23:41+00:00","og_image":[{"width":800,"height":519,"url":"https:\/\/virtualnimuzej.aspira.hr\/wp-content\/uploads\/2022\/10\/national-pantheon-of-the-heroes-in-asuncion-paraguay-1292773521-ef5230597ebb491e992348e80c82201d-1.jpg","type":"image\/jpeg"}],"author":"VmuzejAspira","twitter_card":"summary_large_image","twitter_misc":{"Escrito por":"VmuzejAspira","Tiempo de lectura":"11 minutos"},"schema":{"@context":"https:\/\/schema.org","@graph":[{"@type":"WebPage","@id":"https:\/\/virtualnimuzej.aspira.hr\/es\/glavinic-pangrazio-una-historia-de-idas-y-de-vueltas\/","url":"https:\/\/virtualnimuzej.aspira.hr\/es\/glavinic-pangrazio-una-historia-de-idas-y-de-vueltas\/","name":"GLAVINI\u0106 PANGRAZIO, una historia de idas y de vueltas - Aspira Virtualni Muzej iseljeni\u0161tva Dalmacije","isPartOf":{"@id":"https:\/\/virtualnimuzej.aspira.hr\/#website"},"datePublished":"2022-10-24T15:01:27+00:00","dateModified":"2025-06-12T14:23:41+00:00","author":{"@id":"https:\/\/virtualnimuzej.aspira.hr\/#\/schema\/person\/8b28048370e78968988c04d6f1ba104d"},"breadcrumb":{"@id":"https:\/\/virtualnimuzej.aspira.hr\/es\/glavinic-pangrazio-una-historia-de-idas-y-de-vueltas\/#breadcrumb"},"inLanguage":"es","potentialAction":[{"@type":"ReadAction","target":["https:\/\/virtualnimuzej.aspira.hr\/es\/glavinic-pangrazio-una-historia-de-idas-y-de-vueltas\/"]}]},{"@type":"BreadcrumbList","@id":"https:\/\/virtualnimuzej.aspira.hr\/es\/glavinic-pangrazio-una-historia-de-idas-y-de-vueltas\/#breadcrumb","itemListElement":[{"@type":"ListItem","position":1,"name":"Naslovna","item":"https:\/\/virtualnimuzej.aspira.hr\/es\/"},{"@type":"ListItem","position":2,"name":"GLAVINI\u0106 PANGRAZIO, una historia de idas y de vueltas"}]},{"@type":"WebSite","@id":"https:\/\/virtualnimuzej.aspira.hr\/#website","url":"https:\/\/virtualnimuzej.aspira.hr\/","name":"Aspira Virtualni Muzej iseljeni\u0161tva Dalmacije","description":"Muzej iseljeni\u0161tva je zami\u0161ljen kao mjesto skupljanja i prezentacije gra\u0111e o hrvatskom iseljeni\u0161tvu i povijesti iseljavanja koja nikada nije bila dovoljno istra\u017eena.","potentialAction":[{"@type":"SearchAction","target":{"@type":"EntryPoint","urlTemplate":"https:\/\/virtualnimuzej.aspira.hr\/?s={search_term_string}"},"query-input":"required name=search_term_string"}],"inLanguage":"es"},{"@type":"Person","@id":"https:\/\/virtualnimuzej.aspira.hr\/#\/schema\/person\/8b28048370e78968988c04d6f1ba104d","name":"VmuzejAspira","image":{"@type":"ImageObject","inLanguage":"es","@id":"https:\/\/virtualnimuzej.aspira.hr\/#\/schema\/person\/image\/","url":"https:\/\/secure.gravatar.com\/avatar\/cfa7124a34eec5233efffe1e8fb23c18bb83abdb6129e8f47c9144109613a228?s=96&d=mm&r=g","contentUrl":"https:\/\/secure.gravatar.com\/avatar\/cfa7124a34eec5233efffe1e8fb23c18bb83abdb6129e8f47c9144109613a228?s=96&d=mm&r=g","caption":"VmuzejAspira"},"sameAs":["http:\/\/virtualnimuzej.aspira.hr"],"url":"https:\/\/virtualnimuzej.aspira.hr\/es\/author\/vmuzejaspira\/"}]}},"_links":{"self":[{"href":"https:\/\/virtualnimuzej.aspira.hr\/es\/wp-json\/wp\/v2\/posts\/5889","targetHints":{"allow":["GET"]}}],"collection":[{"href":"https:\/\/virtualnimuzej.aspira.hr\/es\/wp-json\/wp\/v2\/posts"}],"about":[{"href":"https:\/\/virtualnimuzej.aspira.hr\/es\/wp-json\/wp\/v2\/types\/post"}],"author":[{"embeddable":true,"href":"https:\/\/virtualnimuzej.aspira.hr\/es\/wp-json\/wp\/v2\/users\/1"}],"replies":[{"embeddable":true,"href":"https:\/\/virtualnimuzej.aspira.hr\/es\/wp-json\/wp\/v2\/comments?post=5889"}],"version-history":[{"count":3,"href":"https:\/\/virtualnimuzej.aspira.hr\/es\/wp-json\/wp\/v2\/posts\/5889\/revisions"}],"predecessor-version":[{"id":14008,"href":"https:\/\/virtualnimuzej.aspira.hr\/es\/wp-json\/wp\/v2\/posts\/5889\/revisions\/14008"}],"wp:featuredmedia":[{"embeddable":true,"href":"https:\/\/virtualnimuzej.aspira.hr\/es\/wp-json\/wp\/v2\/media\/5890"}],"wp:attachment":[{"href":"https:\/\/virtualnimuzej.aspira.hr\/es\/wp-json\/wp\/v2\/media?parent=5889"}],"wp:term":[{"taxonomy":"category","embeddable":true,"href":"https:\/\/virtualnimuzej.aspira.hr\/es\/wp-json\/wp\/v2\/categories?post=5889"},{"taxonomy":"post_tag","embeddable":true,"href":"https:\/\/virtualnimuzej.aspira.hr\/es\/wp-json\/wp\/v2\/tags?post=5889"}],"curies":[{"name":"wp","href":"https:\/\/api.w.org\/{rel}","templated":true}]}}