{"id":6242,"date":"2022-10-25T17:34:57","date_gmt":"2022-10-25T15:34:57","guid":{"rendered":"https:\/\/virtualnimuzej.aspira.hr\/?p=6242"},"modified":"2022-10-25T17:34:57","modified_gmt":"2022-10-25T15:34:57","slug":"familia-bojanic-dujmovic","status":"publish","type":"post","link":"https:\/\/virtualnimuzej.aspira.hr\/es\/familia-bojanic-dujmovic\/","title":{"rendered":"Familia Bojani\u0107 \/ Dujmovi\u0107"},"content":{"rendered":"<p>&nbsp;<\/p>\n<p>Esta historia comienza a fines del siglo 19 cuando nacieron nuestros abuelos en la isla de Hvar, actual Croacia, en ese momento bajo el imperio Austroh\u00fangaro. Por ello llegaron con pasaporte otorgado por el Imperio y que gracias a conservarlos nos permiti\u00f3\u00a0tramitar la ciudadan\u00eda croata.<\/p>\n<p>&nbsp;<\/p>\n<p><img decoding=\"async\" class=\"alignnone size-medium wp-image-6243\" src=\"https:\/\/virtualnimuzej.aspira.hr\/wp-content\/uploads\/2022\/10\/1-9-300x134.jpg\" alt=\"\" width=\"300\" height=\"134\" srcset=\"https:\/\/virtualnimuzej.aspira.hr\/wp-content\/uploads\/2022\/10\/1-9-200x89.jpg 200w, https:\/\/virtualnimuzej.aspira.hr\/wp-content\/uploads\/2022\/10\/1-9-300x134.jpg 300w, https:\/\/virtualnimuzej.aspira.hr\/wp-content\/uploads\/2022\/10\/1-9-400x178.jpg 400w, https:\/\/virtualnimuzej.aspira.hr\/wp-content\/uploads\/2022\/10\/1-9-600x268.jpg 600w, https:\/\/virtualnimuzej.aspira.hr\/wp-content\/uploads\/2022\/10\/1-9-768x343.jpg 768w, https:\/\/virtualnimuzej.aspira.hr\/wp-content\/uploads\/2022\/10\/1-9-800x357.jpg 800w, https:\/\/virtualnimuzej.aspira.hr\/wp-content\/uploads\/2022\/10\/1-9.jpg 816w\" sizes=\"(max-width: 300px) 100vw, 300px\" \/>\u00a0 \u00a0 <img decoding=\"async\" class=\"alignnone size-medium wp-image-6246\" src=\"https:\/\/virtualnimuzej.aspira.hr\/wp-content\/uploads\/2022\/10\/2-9-300x238.jpg\" alt=\"\" width=\"300\" height=\"238\" srcset=\"https:\/\/virtualnimuzej.aspira.hr\/wp-content\/uploads\/2022\/10\/2-9-200x159.jpg 200w, https:\/\/virtualnimuzej.aspira.hr\/wp-content\/uploads\/2022\/10\/2-9-300x238.jpg 300w, https:\/\/virtualnimuzej.aspira.hr\/wp-content\/uploads\/2022\/10\/2-9-400x317.jpg 400w, https:\/\/virtualnimuzej.aspira.hr\/wp-content\/uploads\/2022\/10\/2-9-600x476.jpg 600w, https:\/\/virtualnimuzej.aspira.hr\/wp-content\/uploads\/2022\/10\/2-9.jpg 639w\" sizes=\"(max-width: 300px) 100vw, 300px\" \/><\/p>\n<p>&nbsp;<\/p>\n<p>Esteban Bojani\u0107 naci\u00f3 en Vrisnik y Geronima Dujmovi\u0107 en Stari Grad.<\/p>\n<p>A principios del siglo 20 se conocieron en Argentina, contrajeron enlace y se radicaron en Bigand, al sur de la provincia de Santa Fe, zona de muchos inmigrantes d\u00e1lmatas.<\/p>\n<p>&nbsp;<\/p>\n<p><img decoding=\"async\" class=\"alignnone  wp-image-6249\" src=\"https:\/\/virtualnimuzej.aspira.hr\/wp-content\/uploads\/2022\/10\/3-6-200x300.jpg\" alt=\"\" width=\"182\" height=\"273\" srcset=\"https:\/\/virtualnimuzej.aspira.hr\/wp-content\/uploads\/2022\/10\/3-6-200x300.jpg 200w, https:\/\/virtualnimuzej.aspira.hr\/wp-content\/uploads\/2022\/10\/3-6.jpg 251w\" sizes=\"(max-width: 182px) 100vw, 182px\" \/>\u00a0 \u00a0 \u00a0<img decoding=\"async\" class=\"alignnone  wp-image-6252\" src=\"https:\/\/virtualnimuzej.aspira.hr\/wp-content\/uploads\/2022\/10\/4-9-300x198.jpg\" alt=\"\" width=\"413\" height=\"272\" srcset=\"https:\/\/virtualnimuzej.aspira.hr\/wp-content\/uploads\/2022\/10\/4-9-200x132.jpg 200w, https:\/\/virtualnimuzej.aspira.hr\/wp-content\/uploads\/2022\/10\/4-9-300x198.jpg 300w, https:\/\/virtualnimuzej.aspira.hr\/wp-content\/uploads\/2022\/10\/4-9-400x264.jpg 400w, https:\/\/virtualnimuzej.aspira.hr\/wp-content\/uploads\/2022\/10\/4-9.jpg 415w\" sizes=\"(max-width: 413px) 100vw, 413px\" \/><\/p>\n<p>&nbsp;<\/p>\n<p>De su uni\u00f3n\u00a0nacieron Juan. Jorge, Magdalena, Bartolo y Dominga. Solo dos de ellos contrajeron enlace Juan Bojani\u0107 con Rosa Parga y Magdalena Bojani\u0107 con Felix Gilli. De Juan desciende Zulma Bojani\u0107 y de Magdalena descienden Susana Gilli Bojani\u0107 y Alicia Gilli Bojani\u0107.<\/p>\n<p>&nbsp;<\/p>\n<p><img decoding=\"async\" class=\"alignnone size-medium wp-image-6255\" src=\"https:\/\/virtualnimuzej.aspira.hr\/wp-content\/uploads\/2022\/10\/5-4-300x300.jpg\" alt=\"\" width=\"300\" height=\"300\" srcset=\"https:\/\/virtualnimuzej.aspira.hr\/wp-content\/uploads\/2022\/10\/5-4-66x66.jpg 66w, https:\/\/virtualnimuzej.aspira.hr\/wp-content\/uploads\/2022\/10\/5-4-150x150.jpg 150w, https:\/\/virtualnimuzej.aspira.hr\/wp-content\/uploads\/2022\/10\/5-4-200x200.jpg 200w, https:\/\/virtualnimuzej.aspira.hr\/wp-content\/uploads\/2022\/10\/5-4-300x300.jpg 300w, https:\/\/virtualnimuzej.aspira.hr\/wp-content\/uploads\/2022\/10\/5-4-400x399.jpg 400w, https:\/\/virtualnimuzej.aspira.hr\/wp-content\/uploads\/2022\/10\/5-4.jpg 482w\" sizes=\"(max-width: 300px) 100vw, 300px\" \/>\u00a0 <img decoding=\"async\" class=\"alignnone size-medium wp-image-6258\" src=\"https:\/\/virtualnimuzej.aspira.hr\/wp-content\/uploads\/2022\/10\/6-6-300x300.jpg\" alt=\"\" width=\"300\" height=\"300\" srcset=\"https:\/\/virtualnimuzej.aspira.hr\/wp-content\/uploads\/2022\/10\/6-6-66x66.jpg 66w, https:\/\/virtualnimuzej.aspira.hr\/wp-content\/uploads\/2022\/10\/6-6-150x150.jpg 150w, https:\/\/virtualnimuzej.aspira.hr\/wp-content\/uploads\/2022\/10\/6-6-200x201.jpg 200w, https:\/\/virtualnimuzej.aspira.hr\/wp-content\/uploads\/2022\/10\/6-6-300x300.jpg 300w, https:\/\/virtualnimuzej.aspira.hr\/wp-content\/uploads\/2022\/10\/6-6.jpg 318w\" sizes=\"(max-width: 300px) 100vw, 300px\" \/><\/p>\n<p>&nbsp;<\/p>\n<p><img decoding=\"async\" class=\"alignnone size-medium wp-image-6261\" src=\"https:\/\/virtualnimuzej.aspira.hr\/wp-content\/uploads\/2022\/10\/7-3-300x184.jpg\" alt=\"\" width=\"300\" height=\"184\" srcset=\"https:\/\/virtualnimuzej.aspira.hr\/wp-content\/uploads\/2022\/10\/7-3-200x123.jpg 200w, https:\/\/virtualnimuzej.aspira.hr\/wp-content\/uploads\/2022\/10\/7-3-300x184.jpg 300w, https:\/\/virtualnimuzej.aspira.hr\/wp-content\/uploads\/2022\/10\/7-3-400x245.jpg 400w, https:\/\/virtualnimuzej.aspira.hr\/wp-content\/uploads\/2022\/10\/7-3-600x368.jpg 600w, https:\/\/virtualnimuzej.aspira.hr\/wp-content\/uploads\/2022\/10\/7-3.jpg 620w\" sizes=\"(max-width: 300px) 100vw, 300px\" \/>\u00a0 <img decoding=\"async\" class=\"alignnone size-medium wp-image-6264\" src=\"https:\/\/virtualnimuzej.aspira.hr\/wp-content\/uploads\/2022\/10\/8-3-300x227.jpg\" alt=\"\" width=\"300\" height=\"227\" srcset=\"https:\/\/virtualnimuzej.aspira.hr\/wp-content\/uploads\/2022\/10\/8-3-200x151.jpg 200w, https:\/\/virtualnimuzej.aspira.hr\/wp-content\/uploads\/2022\/10\/8-3-300x227.jpg 300w, https:\/\/virtualnimuzej.aspira.hr\/wp-content\/uploads\/2022\/10\/8-3-400x303.jpg 400w, https:\/\/virtualnimuzej.aspira.hr\/wp-content\/uploads\/2022\/10\/8-3.jpg 600w\" sizes=\"(max-width: 300px) 100vw, 300px\" \/><\/p>\n<p>&nbsp;<\/p>\n<p><img decoding=\"async\" class=\" wp-image-6267 aligncenter\" src=\"https:\/\/virtualnimuzej.aspira.hr\/wp-content\/uploads\/2022\/10\/9-3-300x136.jpg\" alt=\"\" width=\"477\" height=\"216\" srcset=\"https:\/\/virtualnimuzej.aspira.hr\/wp-content\/uploads\/2022\/10\/9-3-200x91.jpg 200w, https:\/\/virtualnimuzej.aspira.hr\/wp-content\/uploads\/2022\/10\/9-3-300x136.jpg 300w, https:\/\/virtualnimuzej.aspira.hr\/wp-content\/uploads\/2022\/10\/9-3-400x182.jpg 400w, https:\/\/virtualnimuzej.aspira.hr\/wp-content\/uploads\/2022\/10\/9-3-600x272.jpg 600w, https:\/\/virtualnimuzej.aspira.hr\/wp-content\/uploads\/2022\/10\/9-3-768x349.jpg 768w, https:\/\/virtualnimuzej.aspira.hr\/wp-content\/uploads\/2022\/10\/9-3-800x363.jpg 800w, https:\/\/virtualnimuzej.aspira.hr\/wp-content\/uploads\/2022\/10\/9-3-1024x465.jpg 1024w, https:\/\/virtualnimuzej.aspira.hr\/wp-content\/uploads\/2022\/10\/9-3-1200x545.jpg 1200w, https:\/\/virtualnimuzej.aspira.hr\/wp-content\/uploads\/2022\/10\/9-3.jpg 1282w\" sizes=\"(max-width: 477px) 100vw, 477px\" \/><\/p>\n<p>&nbsp;<\/p>\n<p>Las tres crecimos muy cerca de la familia croata\u00a0por lo cual asimilamos desde muy peque\u00f1as\u00a0sus tradiciones, costumbres y comidas t\u00edpicas\u00a0como el pescado en buriet\u00a0(brudet), pr\u0161ulate (pr\u0161urate) y\u00a0\u00a0hrstule\u00a0(hrostule).<\/p>\n<p>El idioma lo escuchamos antes que el castellano por lo que nuestros o\u00eddos\u00a0est\u00e1n familiarizados con \u00e9l.<\/p>\n<p>Nos quedaron nuestros recuerdos como el misal que us\u00f3 la abuela para su comuni\u00f3n, el rosario volvi\u00f3 a Stari Grad en el primer viaje y el reloj del abuelo.<\/p>\n<p>Aprendimos algunas canciones como \u00bbki\u0161a pada\u00bb nos relataron sus historias de vida, el porqu\u00e9\u00a0tuvieron que emigrar debido a una plaga que afect\u00f3\u00a0los vi\u00f1edos; ac\u00e1 trabajaron en el campo y elaboraci\u00f3n\u00a0de vinos con uvas de la zona argentina de Mendoza.<\/p>\n<p>Zulma Bojani\u0107 casada con Roberto Reschini tuvo cinco hijos. Dos ya no est\u00e1n\u00a0Mauro y Franco; Damian tiene dos hijas Selene y \u00c1mbar; Bruno tiene dos hijos Galo y Julia; Ciro no tiene hijos aun.<\/p>\n<p>Alicia Gilli Bojani\u0107 se cas\u00f3 con Carlos Vitale y no tiene hijos.<\/p>\n<p>Susana Gilli Bojani\u0107 no se cas\u00f3.<\/p>\n<p>Alicia y Susana tuvieron la oportunidad de viajar a Croacia, conocer los lugares donde nacieron y vivieron nuestros abuelos.<\/p>\n<p>Tambi\u00e9n\u00a0pudimos llegar a la isla de Hvar y a la Bahia\u00a0Bojani\u0107, nombre dado en honor a nuestra familia (navegantes), donde reside nuestro primo Ivo Bojani\u0107 y su esposa Katija.<\/p>\n<p>&nbsp;<\/p>\n<p>Escrito por Susana Gilli Bojani\u0107<\/p>\n<p>&nbsp;<\/p>\n<p>&nbsp;<\/p>\n<p>&nbsp;<\/p>\n<p>&nbsp;<\/p>\n","protected":false},"excerpt":{"rendered":"<p>&nbsp; Esta historia comienza a fines del siglo 19 cuando nacieron nuestros abuelos en la isla de Hvar, actual Croacia, en ese momento bajo el imperio Austroh\u00fangaro. Por ello llegaron [&hellip;]<\/p>\n","protected":false},"author":1,"featured_media":6213,"comment_status":"open","ping_status":"open","sticky":false,"template":"","format":"standard","meta":{"footnotes":""},"categories":[75],"tags":[],"class_list":["post-6242","post","type-post","status-publish","format-standard","has-post-thumbnail","hentry","category-argentina-es"],"yoast_head":"<!-- This site is optimized with the Yoast SEO plugin v20.7 - https:\/\/yoast.com\/wordpress\/plugins\/seo\/ -->\n<title>Familia Bojani\u0107 \/ Dujmovi\u0107 - Aspira Virtualni Muzej iseljeni\u0161tva Dalmacije<\/title>\n<meta name=\"robots\" content=\"index, follow, max-snippet:-1, max-image-preview:large, max-video-preview:-1\" \/>\n<link rel=\"canonical\" href=\"https:\/\/virtualnimuzej.aspira.hr\/es\/familia-bojanic-dujmovic\/\" \/>\n<meta property=\"og:locale\" content=\"es_ES\" \/>\n<meta property=\"og:type\" content=\"article\" \/>\n<meta property=\"og:title\" content=\"Familia Bojani\u0107 \/ Dujmovi\u0107 - Aspira Virtualni Muzej iseljeni\u0161tva Dalmacije\" \/>\n<meta property=\"og:description\" content=\"&nbsp; Esta historia comienza a fines del siglo 19 cuando nacieron nuestros abuelos en la isla de Hvar, actual Croacia, en ese momento bajo el imperio Austroh\u00fangaro. Por ello llegaron [&hellip;]\" \/>\n<meta property=\"og:url\" content=\"https:\/\/virtualnimuzej.aspira.hr\/es\/familia-bojanic-dujmovic\/\" \/>\n<meta property=\"og:site_name\" content=\"Aspira Virtualni Muzej iseljeni\u0161tva Dalmacije\" \/>\n<meta property=\"article:published_time\" content=\"2022-10-25T15:34:57+00:00\" \/>\n<meta property=\"og:image\" content=\"https:\/\/virtualnimuzej.aspira.hr\/wp-content\/uploads\/2022\/10\/Estacion_Bigand-2.jpg\" \/>\n\t<meta property=\"og:image:width\" content=\"800\" \/>\n\t<meta property=\"og:image:height\" content=\"600\" \/>\n\t<meta property=\"og:image:type\" content=\"image\/jpeg\" \/>\n<meta name=\"author\" content=\"VmuzejAspira\" \/>\n<meta name=\"twitter:card\" content=\"summary_large_image\" \/>\n<meta name=\"twitter:label1\" content=\"Escrito por\" \/>\n\t<meta name=\"twitter:data1\" content=\"VmuzejAspira\" \/>\n\t<meta name=\"twitter:label2\" content=\"Tiempo de lectura\" \/>\n\t<meta name=\"twitter:data2\" content=\"4 minutos\" \/>\n<script type=\"application\/ld+json\" class=\"yoast-schema-graph\">{\"@context\":\"https:\/\/schema.org\",\"@graph\":[{\"@type\":\"WebPage\",\"@id\":\"https:\/\/virtualnimuzej.aspira.hr\/es\/familia-bojanic-dujmovic\/\",\"url\":\"https:\/\/virtualnimuzej.aspira.hr\/es\/familia-bojanic-dujmovic\/\",\"name\":\"Familia Bojani\u0107 \/ Dujmovi\u0107 - Aspira Virtualni Muzej iseljeni\u0161tva Dalmacije\",\"isPartOf\":{\"@id\":\"https:\/\/virtualnimuzej.aspira.hr\/#website\"},\"datePublished\":\"2022-10-25T15:34:57+00:00\",\"dateModified\":\"2022-10-25T15:34:57+00:00\",\"author\":{\"@id\":\"https:\/\/virtualnimuzej.aspira.hr\/#\/schema\/person\/8b28048370e78968988c04d6f1ba104d\"},\"breadcrumb\":{\"@id\":\"https:\/\/virtualnimuzej.aspira.hr\/es\/familia-bojanic-dujmovic\/#breadcrumb\"},\"inLanguage\":\"es\",\"potentialAction\":[{\"@type\":\"ReadAction\",\"target\":[\"https:\/\/virtualnimuzej.aspira.hr\/es\/familia-bojanic-dujmovic\/\"]}]},{\"@type\":\"BreadcrumbList\",\"@id\":\"https:\/\/virtualnimuzej.aspira.hr\/es\/familia-bojanic-dujmovic\/#breadcrumb\",\"itemListElement\":[{\"@type\":\"ListItem\",\"position\":1,\"name\":\"Naslovna\",\"item\":\"https:\/\/virtualnimuzej.aspira.hr\/es\/\"},{\"@type\":\"ListItem\",\"position\":2,\"name\":\"Familia Bojani\u0107 \/ Dujmovi\u0107\"}]},{\"@type\":\"WebSite\",\"@id\":\"https:\/\/virtualnimuzej.aspira.hr\/#website\",\"url\":\"https:\/\/virtualnimuzej.aspira.hr\/\",\"name\":\"Aspira Virtualni Muzej iseljeni\u0161tva Dalmacije\",\"description\":\"Muzej iseljeni\u0161tva je zami\u0161ljen kao mjesto skupljanja i prezentacije gra\u0111e o hrvatskom iseljeni\u0161tvu i povijesti iseljavanja koja nikada nije bila dovoljno istra\u017eena.\",\"potentialAction\":[{\"@type\":\"SearchAction\",\"target\":{\"@type\":\"EntryPoint\",\"urlTemplate\":\"https:\/\/virtualnimuzej.aspira.hr\/?s={search_term_string}\"},\"query-input\":\"required name=search_term_string\"}],\"inLanguage\":\"es\"},{\"@type\":\"Person\",\"@id\":\"https:\/\/virtualnimuzej.aspira.hr\/#\/schema\/person\/8b28048370e78968988c04d6f1ba104d\",\"name\":\"VmuzejAspira\",\"image\":{\"@type\":\"ImageObject\",\"inLanguage\":\"es\",\"@id\":\"https:\/\/virtualnimuzej.aspira.hr\/#\/schema\/person\/image\/\",\"url\":\"https:\/\/secure.gravatar.com\/avatar\/cfa7124a34eec5233efffe1e8fb23c18bb83abdb6129e8f47c9144109613a228?s=96&d=mm&r=g\",\"contentUrl\":\"https:\/\/secure.gravatar.com\/avatar\/cfa7124a34eec5233efffe1e8fb23c18bb83abdb6129e8f47c9144109613a228?s=96&d=mm&r=g\",\"caption\":\"VmuzejAspira\"},\"sameAs\":[\"http:\/\/virtualnimuzej.aspira.hr\"],\"url\":\"https:\/\/virtualnimuzej.aspira.hr\/es\/author\/vmuzejaspira\/\"}]}<\/script>\n<!-- \/ Yoast SEO plugin. -->","yoast_head_json":{"title":"Familia Bojani\u0107 \/ Dujmovi\u0107 - Aspira Virtualni Muzej iseljeni\u0161tva Dalmacije","robots":{"index":"index","follow":"follow","max-snippet":"max-snippet:-1","max-image-preview":"max-image-preview:large","max-video-preview":"max-video-preview:-1"},"canonical":"https:\/\/virtualnimuzej.aspira.hr\/es\/familia-bojanic-dujmovic\/","og_locale":"es_ES","og_type":"article","og_title":"Familia Bojani\u0107 \/ Dujmovi\u0107 - Aspira Virtualni Muzej iseljeni\u0161tva Dalmacije","og_description":"&nbsp; Esta historia comienza a fines del siglo 19 cuando nacieron nuestros abuelos en la isla de Hvar, actual Croacia, en ese momento bajo el imperio Austroh\u00fangaro. Por ello llegaron [&hellip;]","og_url":"https:\/\/virtualnimuzej.aspira.hr\/es\/familia-bojanic-dujmovic\/","og_site_name":"Aspira Virtualni Muzej iseljeni\u0161tva Dalmacije","article_published_time":"2022-10-25T15:34:57+00:00","og_image":[{"width":800,"height":600,"url":"https:\/\/virtualnimuzej.aspira.hr\/wp-content\/uploads\/2022\/10\/Estacion_Bigand-2.jpg","type":"image\/jpeg"}],"author":"VmuzejAspira","twitter_card":"summary_large_image","twitter_misc":{"Escrito por":"VmuzejAspira","Tiempo de lectura":"4 minutos"},"schema":{"@context":"https:\/\/schema.org","@graph":[{"@type":"WebPage","@id":"https:\/\/virtualnimuzej.aspira.hr\/es\/familia-bojanic-dujmovic\/","url":"https:\/\/virtualnimuzej.aspira.hr\/es\/familia-bojanic-dujmovic\/","name":"Familia Bojani\u0107 \/ Dujmovi\u0107 - Aspira Virtualni Muzej iseljeni\u0161tva Dalmacije","isPartOf":{"@id":"https:\/\/virtualnimuzej.aspira.hr\/#website"},"datePublished":"2022-10-25T15:34:57+00:00","dateModified":"2022-10-25T15:34:57+00:00","author":{"@id":"https:\/\/virtualnimuzej.aspira.hr\/#\/schema\/person\/8b28048370e78968988c04d6f1ba104d"},"breadcrumb":{"@id":"https:\/\/virtualnimuzej.aspira.hr\/es\/familia-bojanic-dujmovic\/#breadcrumb"},"inLanguage":"es","potentialAction":[{"@type":"ReadAction","target":["https:\/\/virtualnimuzej.aspira.hr\/es\/familia-bojanic-dujmovic\/"]}]},{"@type":"BreadcrumbList","@id":"https:\/\/virtualnimuzej.aspira.hr\/es\/familia-bojanic-dujmovic\/#breadcrumb","itemListElement":[{"@type":"ListItem","position":1,"name":"Naslovna","item":"https:\/\/virtualnimuzej.aspira.hr\/es\/"},{"@type":"ListItem","position":2,"name":"Familia Bojani\u0107 \/ Dujmovi\u0107"}]},{"@type":"WebSite","@id":"https:\/\/virtualnimuzej.aspira.hr\/#website","url":"https:\/\/virtualnimuzej.aspira.hr\/","name":"Aspira Virtualni Muzej iseljeni\u0161tva Dalmacije","description":"Muzej iseljeni\u0161tva je zami\u0161ljen kao mjesto skupljanja i prezentacije gra\u0111e o hrvatskom iseljeni\u0161tvu i povijesti iseljavanja koja nikada nije bila dovoljno istra\u017eena.","potentialAction":[{"@type":"SearchAction","target":{"@type":"EntryPoint","urlTemplate":"https:\/\/virtualnimuzej.aspira.hr\/?s={search_term_string}"},"query-input":"required name=search_term_string"}],"inLanguage":"es"},{"@type":"Person","@id":"https:\/\/virtualnimuzej.aspira.hr\/#\/schema\/person\/8b28048370e78968988c04d6f1ba104d","name":"VmuzejAspira","image":{"@type":"ImageObject","inLanguage":"es","@id":"https:\/\/virtualnimuzej.aspira.hr\/#\/schema\/person\/image\/","url":"https:\/\/secure.gravatar.com\/avatar\/cfa7124a34eec5233efffe1e8fb23c18bb83abdb6129e8f47c9144109613a228?s=96&d=mm&r=g","contentUrl":"https:\/\/secure.gravatar.com\/avatar\/cfa7124a34eec5233efffe1e8fb23c18bb83abdb6129e8f47c9144109613a228?s=96&d=mm&r=g","caption":"VmuzejAspira"},"sameAs":["http:\/\/virtualnimuzej.aspira.hr"],"url":"https:\/\/virtualnimuzej.aspira.hr\/es\/author\/vmuzejaspira\/"}]}},"_links":{"self":[{"href":"https:\/\/virtualnimuzej.aspira.hr\/es\/wp-json\/wp\/v2\/posts\/6242","targetHints":{"allow":["GET"]}}],"collection":[{"href":"https:\/\/virtualnimuzej.aspira.hr\/es\/wp-json\/wp\/v2\/posts"}],"about":[{"href":"https:\/\/virtualnimuzej.aspira.hr\/es\/wp-json\/wp\/v2\/types\/post"}],"author":[{"embeddable":true,"href":"https:\/\/virtualnimuzej.aspira.hr\/es\/wp-json\/wp\/v2\/users\/1"}],"replies":[{"embeddable":true,"href":"https:\/\/virtualnimuzej.aspira.hr\/es\/wp-json\/wp\/v2\/comments?post=6242"}],"version-history":[{"count":1,"href":"https:\/\/virtualnimuzej.aspira.hr\/es\/wp-json\/wp\/v2\/posts\/6242\/revisions"}],"predecessor-version":[{"id":6270,"href":"https:\/\/virtualnimuzej.aspira.hr\/es\/wp-json\/wp\/v2\/posts\/6242\/revisions\/6270"}],"wp:featuredmedia":[{"embeddable":true,"href":"https:\/\/virtualnimuzej.aspira.hr\/es\/wp-json\/wp\/v2\/media\/6213"}],"wp:attachment":[{"href":"https:\/\/virtualnimuzej.aspira.hr\/es\/wp-json\/wp\/v2\/media?parent=6242"}],"wp:term":[{"taxonomy":"category","embeddable":true,"href":"https:\/\/virtualnimuzej.aspira.hr\/es\/wp-json\/wp\/v2\/categories?post=6242"},{"taxonomy":"post_tag","embeddable":true,"href":"https:\/\/virtualnimuzej.aspira.hr\/es\/wp-json\/wp\/v2\/tags?post=6242"}],"curies":[{"name":"wp","href":"https:\/\/api.w.org\/{rel}","templated":true}]}}